{"id":217208,"date":"2025-01-24T07:35:00","date_gmt":"2025-01-24T10:35:00","guid":{"rendered":"https:\/\/www.gaveanews.com\/?p=217208"},"modified":"2025-01-24T02:03:14","modified_gmt":"2025-01-24T05:03:14","slug":"declaracao-de-mario-bittencourt-recado-para-jhon-arias-e-os-meias-centrais-mais-valiosos-as-ultimas-noticias-do-fluminense","status":"publish","type":"post","link":"https:\/\/www.gaveanews.com\/index.php\/2025\/01\/24\/declaracao-de-mario-bittencourt-recado-para-jhon-arias-e-os-meias-centrais-mais-valiosos-as-ultimas-noticias-do-fluminense\/","title":{"rendered":"Declara\u00e7\u00e3o de M\u00e1rio Bittencourt\u00a0, recado para Jhon Arias e os meias centrais mais valiosos: as \u00faltimas not\u00edcias do Fluminense"},"content":{"rendered":"\n<p>Nas \u00faltimas horas, o foco das not\u00edcias sobre o Fluminense se concentram nos bastidores do clube, com destaques do dia a dia do time.<\/p>\n\n\n\n<p>Por conta deste contexto, leia abaixo um resumo preparado pela equipe do portal G\u00e1vea News para lhe manter muito bem informado!<\/p>\n\n\n\n<h2 class=\"wp-block-heading\" id=\"h-os-meias-centrais-mais-valiosos\">Os meias centrais mais valiosos<\/h2>\n\n\n\n<p>Com a janela de transfer\u00eancias aberta, os meias centrais do futebol brasileiro atraem aten\u00e7\u00e3o pelo alto valor de mercado e qualidade t\u00e9cnica. Gerson, do Flamengo, lidera a lista como o mais valioso, avaliado em 20 milh\u00f5es de euros (R$ 125,6 milh\u00f5es). Nicol\u00e1s De La Cruz, tamb\u00e9m do Flamengo, ocupa a segunda posi\u00e7\u00e3o, com valor de 18 milh\u00f5es de euros (R$ 113 milh\u00f5es). Carlos Alcaraz completa o top-3 com 14 milh\u00f5es de euros (R$ 87,9 milh\u00f5es), refor\u00e7ando a for\u00e7a do meio-campo rubro-negro <strong><a href=\"https:\/\/www.gaveanews.com\/index.php\/2025\/01\/22\/gerson-de-la-cruz-carlos-alcaraz-richard-rios-martinelli-jean-lucas-rodrigo-nestor-breno-bidon-matheus-henrique-e-christian-os-meias-centrais-mais-valiosos-do-brasil\/\">(leia a mat\u00e9ria completa).<\/a><\/strong><\/p>\n\n\n\n<figure class=\"wp-block-image size-full\"><img loading=\"lazy\" decoding=\"async\" width=\"888\" height=\"592\" src=\"http:\/\/www.gaveanews.com\/wp-content\/uploads\/Martinelli-pelo-Fluminense.webp\" alt=\"\" class=\"wp-image-169796\" srcset=\"https:\/\/www.gaveanews.com\/wp-content\/uploads\/Martinelli-pelo-Fluminense.webp 888w, https:\/\/www.gaveanews.com\/wp-content\/uploads\/Martinelli-pelo-Fluminense-300x200.webp 300w, https:\/\/www.gaveanews.com\/wp-content\/uploads\/Martinelli-pelo-Fluminense-768x512.webp 768w, https:\/\/www.gaveanews.com\/wp-content\/uploads\/Martinelli-pelo-Fluminense-630x420.webp 630w, https:\/\/www.gaveanews.com\/wp-content\/uploads\/Martinelli-pelo-Fluminense-640x427.webp 640w, https:\/\/www.gaveanews.com\/wp-content\/uploads\/Martinelli-pelo-Fluminense-681x454.webp 681w, https:\/\/www.gaveanews.com\/wp-content\/uploads\/Martinelli-pelo-Fluminense-100x67.webp 100w\" sizes=\"auto, (max-width: 888px) 100vw, 888px\" \/><figcaption class=\"wp-element-caption\">Martinelli pelo Fluminense (Foto: Marcelo Gon\u00e7alves\/Fluminense)<\/figcaption><\/figure>\n\n\n\n<p>Entre os outros destaques est\u00e3o Richard R\u00edos, do Palmeiras, igualmente avaliado em 14 milh\u00f5es de euros, e Martinelli, do Fluminense, que aparece em quinto lugar com 9 milh\u00f5es de euros (R$ 56,5 milh\u00f5es). Jogadores como Rodrigo Nestor, do Bahia, e Breno Bidon, do Corinthians, ambos avaliados em 8 milh\u00f5es de euros (R$ 50,2 milh\u00f5es), tamb\u00e9m chamam aten\u00e7\u00e3o, representando a nova gera\u00e7\u00e3o de talentos do futebol nacional.<\/p>\n\n\n\n<p>Os valores elevados refletem o prest\u00edgio dos jogadores e a competitividade do mercado brasileiro. Atletas como Jean Lucas, Matheus Henrique e Christian completam a lista, consolidando o Brasil como um celeiro de meio-campistas de qualidade, essenciais tanto para os clubes quanto para o fortalecimento da sele\u00e7\u00e3o nacional.<\/p>\n\n\n\n<h2 class=\"wp-block-heading\" id=\"h-recado-para-jhon-arias\">Recado para Jhon Arias<\/h2>\n\n\n\n<p>O presidente do Fluminense, M\u00e1rio Bittencourt, afirmou que o clube fez uma proposta atrativa para renovar o contrato de Jhon Arias, incluindo um v\u00ednculo de quatro anos com sal\u00e1rio elevado e luvas. No entanto, o colombiano recusou, deixando claro que seu maior desejo \u00e9 jogar na Europa. Apesar da recusa, Arias tem contrato com o Tricolor at\u00e9 2026, e o clube est\u00e1 disposto a negoci\u00e1-lo somente por valores justos. O Zenit, da R\u00fassia, chegou a apresentar uma oferta envolvendo dinheiro e o empr\u00e9stimo de Claudinho, mas o jogador tamb\u00e9m rejeitou a transfer\u00eancia para o futebol russo <strong><a href=\"https:\/\/www.gaveanews.com\/index.php\/2025\/01\/18\/presidente-do-fluminense-manda-recado-para-jhon-arias\/\">(leia a mat\u00e9ria completa).<\/a><\/strong><\/p>\n\n\n\n<figure class=\"wp-block-image size-full\"><img loading=\"lazy\" decoding=\"async\" width=\"872\" height=\"589\" src=\"http:\/\/www.gaveanews.com\/wp-content\/uploads\/Jhon-Arias-com-a-camisa-do-Fluminense-em-2023.webp\" alt=\"\" class=\"wp-image-154696\" srcset=\"https:\/\/www.gaveanews.com\/wp-content\/uploads\/Jhon-Arias-com-a-camisa-do-Fluminense-em-2023.webp 872w, https:\/\/www.gaveanews.com\/wp-content\/uploads\/Jhon-Arias-com-a-camisa-do-Fluminense-em-2023-300x203.webp 300w, https:\/\/www.gaveanews.com\/wp-content\/uploads\/Jhon-Arias-com-a-camisa-do-Fluminense-em-2023-768x519.webp 768w, https:\/\/www.gaveanews.com\/wp-content\/uploads\/Jhon-Arias-com-a-camisa-do-Fluminense-em-2023-622x420.webp 622w, https:\/\/www.gaveanews.com\/wp-content\/uploads\/Jhon-Arias-com-a-camisa-do-Fluminense-em-2023-640x432.webp 640w, https:\/\/www.gaveanews.com\/wp-content\/uploads\/Jhon-Arias-com-a-camisa-do-Fluminense-em-2023-681x460.webp 681w, https:\/\/www.gaveanews.com\/wp-content\/uploads\/Jhon-Arias-com-a-camisa-do-Fluminense-em-2023-100x68.webp 100w\" sizes=\"auto, (max-width: 872px) 100vw, 872px\" \/><figcaption class=\"wp-element-caption\">Jhon Arias com a camisa do Fluminense em 2023 (Foto: Reprodu\u00e7\u00e3o\/Instagram)<\/figcaption><\/figure>\n\n\n\n<p>Bittencourt destacou que a decis\u00e3o de Arias n\u00e3o \u00e9 financeira, mas sim motivada por sua ambi\u00e7\u00e3o profissional, algo que o clube respeita. <\/p>\n\n\n\n<p>Al\u00e9m disso, o Fluminense segue trabalhando para refor\u00e7ar seu elenco, com negocia\u00e7\u00f5es em andamento para trazer Rony, do Palmeiras. A diretoria j\u00e1 possui uma proposta aceita pelo clube paulista e aguarda a resposta do jogador para concretizar a contrata\u00e7\u00e3o.<\/p>\n\n\n\n<p>O Fluminense tamb\u00e9m busca renovar contratos de pe\u00e7as-chave, como Ganso e Guga. Enquanto o meia ainda avalia a proposta de extens\u00e3o at\u00e9 2026, o lateral-direito est\u00e1 pr\u00f3ximo de renovar por mais um ano. O Tricolor refor\u00e7a seu compromisso em manter uma base s\u00f3lida para alcan\u00e7ar seus objetivos em 2025.<\/p>\n\n\n\n<h2 class=\"wp-block-heading\" id=\"h-declaracao-de-mario-bittencourt\">Declara\u00e7\u00e3o de M\u00e1rio Bittencourt\u00a0<\/h2>\n\n\n\n<p>Durante uma coletiva de imprensa, o presidente do Fluminense, M\u00e1rio Bittencourt, revelou detalhes das negocia\u00e7\u00f5es envolvendo Jhon Arias e o Zenit, da R\u00fassia. O clube russo apresentou uma proposta pelo colombiano, mas o jogador recusou a transfer\u00eancia, demonstrando desinteresse em atuar no futebol russo. Para viabilizar o neg\u00f3cio, o Fluminense sugeriu incluir Claudinho como parte da negocia\u00e7\u00e3o, com o meia brasileiro sendo emprestado por um ano e parte dos sal\u00e1rios pagos pelo Zenit. Apesar do acordo entre os clubes, a resist\u00eancia de Arias inviabilizou a transa\u00e7\u00e3o. <a href=\"https:\/\/www.gaveanews.com\/index.php\/2025\/01\/18\/a-declaracao-de-mario-bittencourt-sobre-a-chegada-de-claudinho-ao-fluminense\/\">(leia a mat\u00e9ria completa)<\/a><\/p>\n\n\n\n<figure class=\"wp-block-image size-full\"><img loading=\"lazy\" decoding=\"async\" width=\"800\" height=\"450\" src=\"http:\/\/www.gaveanews.com\/wp-content\/uploads\/Mario-Bittencourt-durante-coletiva-de-imprensa-no-CT-Carlos-Castilho.webp\" alt=\"\" class=\"wp-image-153088\" srcset=\"https:\/\/www.gaveanews.com\/wp-content\/uploads\/Mario-Bittencourt-durante-coletiva-de-imprensa-no-CT-Carlos-Castilho.webp 800w, https:\/\/www.gaveanews.com\/wp-content\/uploads\/Mario-Bittencourt-durante-coletiva-de-imprensa-no-CT-Carlos-Castilho-300x169.webp 300w, https:\/\/www.gaveanews.com\/wp-content\/uploads\/Mario-Bittencourt-durante-coletiva-de-imprensa-no-CT-Carlos-Castilho-768x432.webp 768w, https:\/\/www.gaveanews.com\/wp-content\/uploads\/Mario-Bittencourt-durante-coletiva-de-imprensa-no-CT-Carlos-Castilho-747x420.webp 747w, https:\/\/www.gaveanews.com\/wp-content\/uploads\/Mario-Bittencourt-durante-coletiva-de-imprensa-no-CT-Carlos-Castilho-640x360.webp 640w, https:\/\/www.gaveanews.com\/wp-content\/uploads\/Mario-Bittencourt-durante-coletiva-de-imprensa-no-CT-Carlos-Castilho-681x383.webp 681w, https:\/\/www.gaveanews.com\/wp-content\/uploads\/Mario-Bittencourt-durante-coletiva-de-imprensa-no-CT-Carlos-Castilho-100x56.webp 100w\" sizes=\"auto, (max-width: 800px) 100vw, 800px\" \/><figcaption class=\"wp-element-caption\">M\u00e1rio Bittencourt durante coletiva de imprensa no CT Carlos Castilho (Foto: Reprodu\u00e7\u00e3o\/Fluminense)<\/figcaption><\/figure>\n\n\n\n<p>Jhon Arias \u00e9 uma pe\u00e7a fundamental no elenco tricolor, mas seu futuro no clube ainda \u00e9 incerto. Ele sonha em jogar na Europa, mas, at\u00e9 o momento, a \u00fanica proposta concreta veio do Zenit, o que n\u00e3o o atrai. Enquanto isso, o Fluminense continua buscando renovar o contrato do atleta por mais quatro anos, enquanto ele se recupera de um desconforto f\u00edsico.<\/p>\n\n\n\n<p>Bittencourt destacou que o Fluminense respeita a decis\u00e3o do jogador e mant\u00e9m as portas abertas para uma poss\u00edvel extens\u00e3o de seu v\u00ednculo. Enquanto isso, o clube segue focado no in\u00edcio do Campeonato Carioca e na prepara\u00e7\u00e3o para as competi\u00e7\u00f5es mais importantes da temporada, confiando na perman\u00eancia de Arias como uma das lideran\u00e7as do time.<\/p>\n","protected":false},"excerpt":{"rendered":"<p>Nas \u00faltimas horas, o foco das not\u00edcias sobre o Fluminense se concentram nos bastidores do clube, com destaques do dia a dia do time. Por conta deste contexto, leia abaixo um resumo preparado pela equipe do portal G\u00e1vea News para lhe manter muito bem informado! Os meias centrais mais valiosos Com a janela de transfer\u00eancias [&hellip;]<\/p>\n","protected":false},"author":27,"featured_media":144992,"comment_status":"open","ping_status":"closed","sticky":false,"template":"","format":"standard","meta":{"footnotes":""},"categories":[145],"tags":[],"class_list":["post-217208","post","type-post","status-publish","format-standard","has-post-thumbnail","hentry","category-fluminense"],"yoast_head":"<!-- This site is optimized with the Yoast SEO Premium plugin v24.2 (Yoast SEO v26.9) - https:\/\/yoast.com\/product\/yoast-seo-premium-wordpress\/ -->\n<title>Declara\u00e7\u00e3o de M\u00e1rio Bittencourt\u00a0, recado para Jhon Arias e os meias centrais mais valiosos: as \u00faltimas not\u00edcias do Fluminense<\/title>\n<meta name=\"robots\" content=\"index, follow, max-snippet:-1, max-image-preview:large, max-video-preview:-1\" \/>\n<link rel=\"canonical\" href=\"https:\/\/www.gaveanews.com\/index.php\/2025\/01\/24\/declaracao-de-mario-bittencourt-recado-para-jhon-arias-e-os-meias-centrais-mais-valiosos-as-ultimas-noticias-do-fluminense\/\" \/>\n<meta property=\"og:locale\" content=\"pt_BR\" \/>\n<meta property=\"og:type\" content=\"article\" \/>\n<meta property=\"og:title\" content=\"Declara\u00e7\u00e3o de M\u00e1rio Bittencourt\u00a0, recado para Jhon Arias e os meias centrais mais valiosos: as \u00faltimas not\u00edcias do Fluminense\" \/>\n<meta property=\"og:description\" content=\"Nas \u00faltimas horas, o foco das not\u00edcias sobre o Fluminense se concentram nos bastidores do clube, com destaques do dia a dia do time. Por conta deste contexto, leia abaixo um resumo preparado pela equipe do portal G\u00e1vea News para lhe manter muito bem informado! Os meias centrais mais valiosos Com a janela de transfer\u00eancias [&hellip;]\" \/>\n<meta property=\"og:url\" content=\"https:\/\/www.gaveanews.com\/index.php\/2025\/01\/24\/declaracao-de-mario-bittencourt-recado-para-jhon-arias-e-os-meias-centrais-mais-valiosos-as-ultimas-noticias-do-fluminense\/\" \/>\n<meta property=\"og:site_name\" content=\"G\u00e1vea News\" \/>\n<meta property=\"article:publisher\" content=\"https:\/\/facebook.com\/gaveaNews\/\" \/>\n<meta property=\"article:published_time\" content=\"2025-01-24T10:35:00+00:00\" \/>\n<meta property=\"og:image\" content=\"https:\/\/www.gaveanews.com\/wp-content\/uploads\/Escudo-do-Fluminense.webp\" \/>\n\t<meta property=\"og:image:width\" content=\"1000\" \/>\n\t<meta property=\"og:image:height\" content=\"667\" \/>\n\t<meta property=\"og:image:type\" content=\"image\/webp\" \/>\n<meta name=\"author\" content=\"Matheus Felipe\" \/>\n<meta name=\"twitter:card\" content=\"summary_large_image\" \/>\n<meta name=\"twitter:label1\" content=\"Escrito por\" \/>\n\t<meta name=\"twitter:data1\" content=\"Matheus Felipe\" \/>\n\t<meta name=\"twitter:label2\" content=\"Est. tempo de leitura\" \/>\n\t<meta name=\"twitter:data2\" content=\"5 minutos\" \/>\n<script type=\"application\/ld+json\" class=\"yoast-schema-graph\">{\"@context\":\"https:\/\/schema.org\",\"@graph\":[{\"@type\":\"NewsArticle\",\"@id\":\"https:\/\/www.gaveanews.com\/index.php\/2025\/01\/24\/declaracao-de-mario-bittencourt-recado-para-jhon-arias-e-os-meias-centrais-mais-valiosos-as-ultimas-noticias-do-fluminense\/#article\",\"isPartOf\":{\"@id\":\"https:\/\/www.gaveanews.com\/index.php\/2025\/01\/24\/declaracao-de-mario-bittencourt-recado-para-jhon-arias-e-os-meias-centrais-mais-valiosos-as-ultimas-noticias-do-fluminense\/\"},\"author\":{\"name\":\"Matheus Felipe\",\"@id\":\"https:\/\/www.gaveanews.com\/#\/schema\/person\/8207cd4627f56151707418bfc835b2fb\"},\"headline\":\"Declara\u00e7\u00e3o de M\u00e1rio Bittencourt\u00a0, recado para Jhon Arias e os meias centrais mais valiosos: as \u00faltimas not\u00edcias do Fluminense\",\"datePublished\":\"2025-01-24T10:35:00+00:00\",\"mainEntityOfPage\":{\"@id\":\"https:\/\/www.gaveanews.com\/index.php\/2025\/01\/24\/declaracao-de-mario-bittencourt-recado-para-jhon-arias-e-os-meias-centrais-mais-valiosos-as-ultimas-noticias-do-fluminense\/\"},\"wordCount\":788,\"commentCount\":0,\"image\":{\"@id\":\"https:\/\/www.gaveanews.com\/index.php\/2025\/01\/24\/declaracao-de-mario-bittencourt-recado-para-jhon-arias-e-os-meias-centrais-mais-valiosos-as-ultimas-noticias-do-fluminense\/#primaryimage\"},\"thumbnailUrl\":\"https:\/\/www.gaveanews.com\/wp-content\/uploads\/Escudo-do-Fluminense.webp\",\"articleSection\":[\"Fluminense\"],\"inLanguage\":\"pt-BR\",\"potentialAction\":[{\"@type\":\"CommentAction\",\"name\":\"Comment\",\"target\":[\"https:\/\/www.gaveanews.com\/index.php\/2025\/01\/24\/declaracao-de-mario-bittencourt-recado-para-jhon-arias-e-os-meias-centrais-mais-valiosos-as-ultimas-noticias-do-fluminense\/#respond\"]}],\"copyrightYear\":\"2025\",\"copyrightHolder\":{\"@id\":\"https:\/\/www.gaveanews.com\/#organization\"}},{\"@type\":\"WebPage\",\"@id\":\"https:\/\/www.gaveanews.com\/index.php\/2025\/01\/24\/declaracao-de-mario-bittencourt-recado-para-jhon-arias-e-os-meias-centrais-mais-valiosos-as-ultimas-noticias-do-fluminense\/\",\"url\":\"https:\/\/www.gaveanews.com\/index.php\/2025\/01\/24\/declaracao-de-mario-bittencourt-recado-para-jhon-arias-e-os-meias-centrais-mais-valiosos-as-ultimas-noticias-do-fluminense\/\",\"name\":\"Declara\u00e7\u00e3o de M\u00e1rio Bittencourt\u00a0, recado para Jhon Arias e os meias centrais mais valiosos: as \u00faltimas not\u00edcias do Fluminense\",\"isPartOf\":{\"@id\":\"https:\/\/www.gaveanews.com\/#website\"},\"primaryImageOfPage\":{\"@id\":\"https:\/\/www.gaveanews.com\/index.php\/2025\/01\/24\/declaracao-de-mario-bittencourt-recado-para-jhon-arias-e-os-meias-centrais-mais-valiosos-as-ultimas-noticias-do-fluminense\/#primaryimage\"},\"image\":{\"@id\":\"https:\/\/www.gaveanews.com\/index.php\/2025\/01\/24\/declaracao-de-mario-bittencourt-recado-para-jhon-arias-e-os-meias-centrais-mais-valiosos-as-ultimas-noticias-do-fluminense\/#primaryimage\"},\"thumbnailUrl\":\"https:\/\/www.gaveanews.com\/wp-content\/uploads\/Escudo-do-Fluminense.webp\",\"datePublished\":\"2025-01-24T10:35:00+00:00\",\"author\":{\"@id\":\"https:\/\/www.gaveanews.com\/#\/schema\/person\/8207cd4627f56151707418bfc835b2fb\"},\"breadcrumb\":{\"@id\":\"https:\/\/www.gaveanews.com\/index.php\/2025\/01\/24\/declaracao-de-mario-bittencourt-recado-para-jhon-arias-e-os-meias-centrais-mais-valiosos-as-ultimas-noticias-do-fluminense\/#breadcrumb\"},\"inLanguage\":\"pt-BR\",\"potentialAction\":[{\"@type\":\"ReadAction\",\"target\":[\"https:\/\/www.gaveanews.com\/index.php\/2025\/01\/24\/declaracao-de-mario-bittencourt-recado-para-jhon-arias-e-os-meias-centrais-mais-valiosos-as-ultimas-noticias-do-fluminense\/\"]}]},{\"@type\":\"ImageObject\",\"inLanguage\":\"pt-BR\",\"@id\":\"https:\/\/www.gaveanews.com\/index.php\/2025\/01\/24\/declaracao-de-mario-bittencourt-recado-para-jhon-arias-e-os-meias-centrais-mais-valiosos-as-ultimas-noticias-do-fluminense\/#primaryimage\",\"url\":\"https:\/\/www.gaveanews.com\/wp-content\/uploads\/Escudo-do-Fluminense.webp\",\"contentUrl\":\"https:\/\/www.gaveanews.com\/wp-content\/uploads\/Escudo-do-Fluminense.webp\",\"width\":1000,\"height\":667,\"caption\":\"Escudo do Fluminense (Foto Reprodu\u00e7\u00e3o\/Instagram)\"},{\"@type\":\"BreadcrumbList\",\"@id\":\"https:\/\/www.gaveanews.com\/index.php\/2025\/01\/24\/declaracao-de-mario-bittencourt-recado-para-jhon-arias-e-os-meias-centrais-mais-valiosos-as-ultimas-noticias-do-fluminense\/#breadcrumb\",\"itemListElement\":[{\"@type\":\"ListItem\",\"position\":1,\"name\":\"Home\",\"item\":\"https:\/\/www.gaveanews.com\/\"},{\"@type\":\"ListItem\",\"position\":2,\"name\":\"Declara\u00e7\u00e3o de M\u00e1rio Bittencourt\u00a0, recado para Jhon Arias e os meias centrais mais valiosos: as \u00faltimas not\u00edcias do Fluminense\"}]},{\"@type\":\"WebSite\",\"@id\":\"https:\/\/www.gaveanews.com\/#website\",\"url\":\"https:\/\/www.gaveanews.com\/\",\"name\":\"G\u00e1vea News\",\"description\":\"Veja todas as not\u00edcias sobre o Flamengo: Contrata\u00e7\u00f5es, categorias de base, resultados das partidas, tabela de classifica\u00e7\u00e3o, pr\u00f3ximos jogos!\",\"potentialAction\":[{\"@type\":\"SearchAction\",\"target\":{\"@type\":\"EntryPoint\",\"urlTemplate\":\"https:\/\/www.gaveanews.com\/?s={search_term_string}\"},\"query-input\":{\"@type\":\"PropertyValueSpecification\",\"valueRequired\":true,\"valueName\":\"search_term_string\"}}],\"inLanguage\":\"pt-BR\"},{\"@type\":\"Person\",\"@id\":\"https:\/\/www.gaveanews.com\/#\/schema\/person\/8207cd4627f56151707418bfc835b2fb\",\"name\":\"Matheus Felipe\",\"image\":{\"@type\":\"ImageObject\",\"inLanguage\":\"pt-BR\",\"@id\":\"https:\/\/www.gaveanews.com\/#\/schema\/person\/image\/\",\"url\":\"https:\/\/secure.gravatar.com\/avatar\/a452ffbed9130f726358b298bb3a99ce4bd3c5338411f8440e87e14d74c7c087?s=96&d=mm&r=g\",\"contentUrl\":\"https:\/\/secure.gravatar.com\/avatar\/a452ffbed9130f726358b298bb3a99ce4bd3c5338411f8440e87e14d74c7c087?s=96&d=mm&r=g\",\"caption\":\"Matheus Felipe\"}}]}<\/script>\n<!-- \/ Yoast SEO Premium plugin. -->","yoast_head_json":{"title":"Declara\u00e7\u00e3o de M\u00e1rio Bittencourt\u00a0, recado para Jhon Arias e os meias centrais mais valiosos: as \u00faltimas not\u00edcias do Fluminense","robots":{"index":"index","follow":"follow","max-snippet":"max-snippet:-1","max-image-preview":"max-image-preview:large","max-video-preview":"max-video-preview:-1"},"canonical":"https:\/\/www.gaveanews.com\/index.php\/2025\/01\/24\/declaracao-de-mario-bittencourt-recado-para-jhon-arias-e-os-meias-centrais-mais-valiosos-as-ultimas-noticias-do-fluminense\/","og_locale":"pt_BR","og_type":"article","og_title":"Declara\u00e7\u00e3o de M\u00e1rio Bittencourt\u00a0, recado para Jhon Arias e os meias centrais mais valiosos: as \u00faltimas not\u00edcias do Fluminense","og_description":"Nas \u00faltimas horas, o foco das not\u00edcias sobre o Fluminense se concentram nos bastidores do clube, com destaques do dia a dia do time. Por conta deste contexto, leia abaixo um resumo preparado pela equipe do portal G\u00e1vea News para lhe manter muito bem informado! Os meias centrais mais valiosos Com a janela de transfer\u00eancias [&hellip;]","og_url":"https:\/\/www.gaveanews.com\/index.php\/2025\/01\/24\/declaracao-de-mario-bittencourt-recado-para-jhon-arias-e-os-meias-centrais-mais-valiosos-as-ultimas-noticias-do-fluminense\/","og_site_name":"G\u00e1vea News","article_publisher":"https:\/\/facebook.com\/gaveaNews\/","article_published_time":"2025-01-24T10:35:00+00:00","og_image":[{"width":1000,"height":667,"url":"https:\/\/www.gaveanews.com\/wp-content\/uploads\/Escudo-do-Fluminense.webp","type":"image\/webp"}],"author":"Matheus Felipe","twitter_card":"summary_large_image","twitter_misc":{"Escrito por":"Matheus Felipe","Est. tempo de leitura":"5 minutos"},"schema":{"@context":"https:\/\/schema.org","@graph":[{"@type":"NewsArticle","@id":"https:\/\/www.gaveanews.com\/index.php\/2025\/01\/24\/declaracao-de-mario-bittencourt-recado-para-jhon-arias-e-os-meias-centrais-mais-valiosos-as-ultimas-noticias-do-fluminense\/#article","isPartOf":{"@id":"https:\/\/www.gaveanews.com\/index.php\/2025\/01\/24\/declaracao-de-mario-bittencourt-recado-para-jhon-arias-e-os-meias-centrais-mais-valiosos-as-ultimas-noticias-do-fluminense\/"},"author":{"name":"Matheus Felipe","@id":"https:\/\/www.gaveanews.com\/#\/schema\/person\/8207cd4627f56151707418bfc835b2fb"},"headline":"Declara\u00e7\u00e3o de M\u00e1rio Bittencourt\u00a0, recado para Jhon Arias e os meias centrais mais valiosos: as \u00faltimas not\u00edcias do Fluminense","datePublished":"2025-01-24T10:35:00+00:00","mainEntityOfPage":{"@id":"https:\/\/www.gaveanews.com\/index.php\/2025\/01\/24\/declaracao-de-mario-bittencourt-recado-para-jhon-arias-e-os-meias-centrais-mais-valiosos-as-ultimas-noticias-do-fluminense\/"},"wordCount":788,"commentCount":0,"image":{"@id":"https:\/\/www.gaveanews.com\/index.php\/2025\/01\/24\/declaracao-de-mario-bittencourt-recado-para-jhon-arias-e-os-meias-centrais-mais-valiosos-as-ultimas-noticias-do-fluminense\/#primaryimage"},"thumbnailUrl":"https:\/\/www.gaveanews.com\/wp-content\/uploads\/Escudo-do-Fluminense.webp","articleSection":["Fluminense"],"inLanguage":"pt-BR","potentialAction":[{"@type":"CommentAction","name":"Comment","target":["https:\/\/www.gaveanews.com\/index.php\/2025\/01\/24\/declaracao-de-mario-bittencourt-recado-para-jhon-arias-e-os-meias-centrais-mais-valiosos-as-ultimas-noticias-do-fluminense\/#respond"]}],"copyrightYear":"2025","copyrightHolder":{"@id":"https:\/\/www.gaveanews.com\/#organization"}},{"@type":"WebPage","@id":"https:\/\/www.gaveanews.com\/index.php\/2025\/01\/24\/declaracao-de-mario-bittencourt-recado-para-jhon-arias-e-os-meias-centrais-mais-valiosos-as-ultimas-noticias-do-fluminense\/","url":"https:\/\/www.gaveanews.com\/index.php\/2025\/01\/24\/declaracao-de-mario-bittencourt-recado-para-jhon-arias-e-os-meias-centrais-mais-valiosos-as-ultimas-noticias-do-fluminense\/","name":"Declara\u00e7\u00e3o de M\u00e1rio Bittencourt\u00a0, recado para Jhon Arias e os meias centrais mais valiosos: as \u00faltimas not\u00edcias do Fluminense","isPartOf":{"@id":"https:\/\/www.gaveanews.com\/#website"},"primaryImageOfPage":{"@id":"https:\/\/www.gaveanews.com\/index.php\/2025\/01\/24\/declaracao-de-mario-bittencourt-recado-para-jhon-arias-e-os-meias-centrais-mais-valiosos-as-ultimas-noticias-do-fluminense\/#primaryimage"},"image":{"@id":"https:\/\/www.gaveanews.com\/index.php\/2025\/01\/24\/declaracao-de-mario-bittencourt-recado-para-jhon-arias-e-os-meias-centrais-mais-valiosos-as-ultimas-noticias-do-fluminense\/#primaryimage"},"thumbnailUrl":"https:\/\/www.gaveanews.com\/wp-content\/uploads\/Escudo-do-Fluminense.webp","datePublished":"2025-01-24T10:35:00+00:00","author":{"@id":"https:\/\/www.gaveanews.com\/#\/schema\/person\/8207cd4627f56151707418bfc835b2fb"},"breadcrumb":{"@id":"https:\/\/www.gaveanews.com\/index.php\/2025\/01\/24\/declaracao-de-mario-bittencourt-recado-para-jhon-arias-e-os-meias-centrais-mais-valiosos-as-ultimas-noticias-do-fluminense\/#breadcrumb"},"inLanguage":"pt-BR","potentialAction":[{"@type":"ReadAction","target":["https:\/\/www.gaveanews.com\/index.php\/2025\/01\/24\/declaracao-de-mario-bittencourt-recado-para-jhon-arias-e-os-meias-centrais-mais-valiosos-as-ultimas-noticias-do-fluminense\/"]}]},{"@type":"ImageObject","inLanguage":"pt-BR","@id":"https:\/\/www.gaveanews.com\/index.php\/2025\/01\/24\/declaracao-de-mario-bittencourt-recado-para-jhon-arias-e-os-meias-centrais-mais-valiosos-as-ultimas-noticias-do-fluminense\/#primaryimage","url":"https:\/\/www.gaveanews.com\/wp-content\/uploads\/Escudo-do-Fluminense.webp","contentUrl":"https:\/\/www.gaveanews.com\/wp-content\/uploads\/Escudo-do-Fluminense.webp","width":1000,"height":667,"caption":"Escudo do Fluminense (Foto Reprodu\u00e7\u00e3o\/Instagram)"},{"@type":"BreadcrumbList","@id":"https:\/\/www.gaveanews.com\/index.php\/2025\/01\/24\/declaracao-de-mario-bittencourt-recado-para-jhon-arias-e-os-meias-centrais-mais-valiosos-as-ultimas-noticias-do-fluminense\/#breadcrumb","itemListElement":[{"@type":"ListItem","position":1,"name":"Home","item":"https:\/\/www.gaveanews.com\/"},{"@type":"ListItem","position":2,"name":"Declara\u00e7\u00e3o de M\u00e1rio Bittencourt\u00a0, recado para Jhon Arias e os meias centrais mais valiosos: as \u00faltimas not\u00edcias do Fluminense"}]},{"@type":"WebSite","@id":"https:\/\/www.gaveanews.com\/#website","url":"https:\/\/www.gaveanews.com\/","name":"G\u00e1vea News","description":"Veja todas as not\u00edcias sobre o Flamengo: Contrata\u00e7\u00f5es, categorias de base, resultados das partidas, tabela de classifica\u00e7\u00e3o, pr\u00f3ximos jogos!","potentialAction":[{"@type":"SearchAction","target":{"@type":"EntryPoint","urlTemplate":"https:\/\/www.gaveanews.com\/?s={search_term_string}"},"query-input":{"@type":"PropertyValueSpecification","valueRequired":true,"valueName":"search_term_string"}}],"inLanguage":"pt-BR"},{"@type":"Person","@id":"https:\/\/www.gaveanews.com\/#\/schema\/person\/8207cd4627f56151707418bfc835b2fb","name":"Matheus Felipe","image":{"@type":"ImageObject","inLanguage":"pt-BR","@id":"https:\/\/www.gaveanews.com\/#\/schema\/person\/image\/","url":"https:\/\/secure.gravatar.com\/avatar\/a452ffbed9130f726358b298bb3a99ce4bd3c5338411f8440e87e14d74c7c087?s=96&d=mm&r=g","contentUrl":"https:\/\/secure.gravatar.com\/avatar\/a452ffbed9130f726358b298bb3a99ce4bd3c5338411f8440e87e14d74c7c087?s=96&d=mm&r=g","caption":"Matheus Felipe"}}]}},"_links":{"self":[{"href":"https:\/\/www.gaveanews.com\/index.php\/wp-json\/wp\/v2\/posts\/217208","targetHints":{"allow":["GET"]}}],"collection":[{"href":"https:\/\/www.gaveanews.com\/index.php\/wp-json\/wp\/v2\/posts"}],"about":[{"href":"https:\/\/www.gaveanews.com\/index.php\/wp-json\/wp\/v2\/types\/post"}],"author":[{"embeddable":true,"href":"https:\/\/www.gaveanews.com\/index.php\/wp-json\/wp\/v2\/users\/27"}],"replies":[{"embeddable":true,"href":"https:\/\/www.gaveanews.com\/index.php\/wp-json\/wp\/v2\/comments?post=217208"}],"version-history":[{"count":1,"href":"https:\/\/www.gaveanews.com\/index.php\/wp-json\/wp\/v2\/posts\/217208\/revisions"}],"predecessor-version":[{"id":217218,"href":"https:\/\/www.gaveanews.com\/index.php\/wp-json\/wp\/v2\/posts\/217208\/revisions\/217218"}],"wp:featuredmedia":[{"embeddable":true,"href":"https:\/\/www.gaveanews.com\/index.php\/wp-json\/wp\/v2\/media\/144992"}],"wp:attachment":[{"href":"https:\/\/www.gaveanews.com\/index.php\/wp-json\/wp\/v2\/media?parent=217208"}],"wp:term":[{"taxonomy":"category","embeddable":true,"href":"https:\/\/www.gaveanews.com\/index.php\/wp-json\/wp\/v2\/categories?post=217208"},{"taxonomy":"post_tag","embeddable":true,"href":"https:\/\/www.gaveanews.com\/index.php\/wp-json\/wp\/v2\/tags?post=217208"}],"curies":[{"name":"wp","href":"https:\/\/api.w.org\/{rel}","templated":true}]}}