{"id":217219,"date":"2025-01-24T07:40:00","date_gmt":"2025-01-24T10:40:00","guid":{"rendered":"https:\/\/www.gaveanews.com\/?p=217219"},"modified":"2025-01-24T02:24:12","modified_gmt":"2025-01-24T05:24:12","slug":"zaga-ideal-chegada-de-uribe-e-ma-noticia-as-ultimas-noticias-do-vasco","status":"publish","type":"post","link":"https:\/\/www.gaveanews.com\/index.php\/2025\/01\/24\/zaga-ideal-chegada-de-uribe-e-ma-noticia-as-ultimas-noticias-do-vasco\/","title":{"rendered":"Zaga ideal, chegada de Uribe e m\u00e1 not\u00edcia: as \u00faltimas not\u00edcias do Vasco"},"content":{"rendered":"\n<p>Nas \u00faltimas horas, o foco das not\u00edcias sobre o Vasco se concentram nos bastidores do clube, com destaques do dia a dia do time.<\/p>\n\n\n\n<p>Por conta deste contexto, leia abaixo um resumo preparado pela equipe do portal G\u00e1vea News para lhe manter muito bem informado!<\/p>\n\n\n\n<h2 class=\"wp-block-heading\" id=\"h-ma-noticia\">M\u00e1 not\u00edcia<\/h2>\n\n\n\n<p>O t\u00e9cnico F\u00e1bio Carille recebeu uma m\u00e1 not\u00edcia no Vasco logo no in\u00edcio da temporada. O goleiro Pablo, formado nas categorias de base do clube, sofreu um trauma no dedo durante os treinos e est\u00e1 fora dos pr\u00f3ximos jogos. Pablo havia sido titular na estreia do Campeonato Carioca, no empate em 1 a 1 contra o Nova Igua\u00e7u, mas perdeu as partidas seguintes contra Bangu e Boavista. Seu substituto foi Daniel Fuzato, rec\u00e9m-contratado do Eibar, da Espanha <strong><a href=\"https:\/\/www.gaveanews.com\/index.php\/2025\/01\/20\/fabio-carille-recebe-ma-noticia-durante-treino-do-vasco\/\">(leia a mat\u00e9ria completa).<\/a><\/strong><\/p>\n\n\n\n<figure class=\"wp-block-image size-large\"><img loading=\"lazy\" decoding=\"async\" width=\"1024\" height=\"675\" src=\"http:\/\/www.gaveanews.com\/wp-content\/uploads\/Fabio-Carille-treinando-o-Santos-1024x675.webp\" alt=\"\" class=\"wp-image-153906\" srcset=\"https:\/\/www.gaveanews.com\/wp-content\/uploads\/Fabio-Carille-treinando-o-Santos-1024x675.webp 1024w, https:\/\/www.gaveanews.com\/wp-content\/uploads\/Fabio-Carille-treinando-o-Santos-300x198.webp 300w, https:\/\/www.gaveanews.com\/wp-content\/uploads\/Fabio-Carille-treinando-o-Santos-768x506.webp 768w, https:\/\/www.gaveanews.com\/wp-content\/uploads\/Fabio-Carille-treinando-o-Santos-1536x1012.webp 1536w, https:\/\/www.gaveanews.com\/wp-content\/uploads\/Fabio-Carille-treinando-o-Santos-638x420.webp 638w, https:\/\/www.gaveanews.com\/wp-content\/uploads\/Fabio-Carille-treinando-o-Santos-1275x840.webp 1275w, https:\/\/www.gaveanews.com\/wp-content\/uploads\/Fabio-Carille-treinando-o-Santos-640x422.webp 640w, https:\/\/www.gaveanews.com\/wp-content\/uploads\/Fabio-Carille-treinando-o-Santos-1280x843.webp 1280w, https:\/\/www.gaveanews.com\/wp-content\/uploads\/Fabio-Carille-treinando-o-Santos-681x449.webp 681w, https:\/\/www.gaveanews.com\/wp-content\/uploads\/Fabio-Carille-treinando-o-Santos-1362x897.webp 1362w, https:\/\/www.gaveanews.com\/wp-content\/uploads\/Fabio-Carille-treinando-o-Santos-100x66.webp 100w, https:\/\/www.gaveanews.com\/wp-content\/uploads\/Fabio-Carille-treinando-o-Santos.webp 1600w\" sizes=\"auto, (max-width: 1024px) 100vw, 1024px\" \/><figcaption class=\"wp-element-caption\">F\u00e1bio Carille treinando o Santos (Foto: Reprodu\u00e7\u00e3o\/Santos)<\/figcaption><\/figure>\n\n\n\n<p>Com o per\u00edodo de testes no elenco pr\u00f3ximo do fim, a expectativa \u00e9 que L\u00e9o Jardim reassuma a titularidade na pr\u00f3xima partida, marcada para quinta-feira (23). <\/p>\n\n\n\n<p>Apesar de j\u00e1 estar \u00e0 disposi\u00e7\u00e3o, L\u00e9o e outros jogadores-chave foram poupados nos jogos iniciais do estadual. Alguns, como Mateus Carvalho e Hugo Moura, j\u00e1 participaram das partidas recentes, indicando o fim da fase de rota\u00e7\u00e3o do elenco.<\/p>\n\n\n\n<p>A les\u00e3o de Pablo e as mudan\u00e7as no gol refletem o momento de ajustes no time de Carille. Com o estadual em andamento e atletas importantes voltando ao time, o Vasco busca ganhar ritmo e consist\u00eancia para enfrentar os desafios da temporada, com foco em melhores resultados no Campeonato Carioca.<\/p>\n\n\n\n<h2 class=\"wp-block-heading\" id=\"h-chegada-de-uribe\">Chegada de Uribe<\/h2>\n\n\n\n<p>O Vasco da Gama esteve muito pr\u00f3ximo de contratar o meio-campista colombiano Matheus Uribe, ex-Porto, mas o neg\u00f3cio foi inviabilizado por quest\u00f5es financeiras. Apesar de as bases salariais estarem acertadas e o jogador demonstrar interesse em atuar no Brasil para aumentar suas chances na sele\u00e7\u00e3o colombiana, o Vasco n\u00e3o conseguiu liberar espa\u00e7o na folha salarial para viabilizar a chegada do atleta. Uribe, ent\u00e3o, optou por retornar ao Atl\u00e9tico Nacional, seu clube formador<strong><a href=\"https:\/\/www.gaveanews.com\/index.php\/2025\/01\/20\/vasco-atualizacao-sobre-a-chegada-de-uribe\/\"> (leia a mat\u00e9ria completa).<\/a><\/strong><\/p>\n\n\n\n<figure class=\"wp-block-image size-full\"><img loading=\"lazy\" decoding=\"async\" width=\"774\" height=\"493\" src=\"http:\/\/www.gaveanews.com\/wp-content\/uploads\/Mateus-Uribe-em-acao-pela-Colombia.webp\" alt=\"\" class=\"wp-image-95432\" srcset=\"https:\/\/www.gaveanews.com\/wp-content\/uploads\/Mateus-Uribe-em-acao-pela-Colombia.webp 774w, https:\/\/www.gaveanews.com\/wp-content\/uploads\/Mateus-Uribe-em-acao-pela-Colombia-300x191.webp 300w, https:\/\/www.gaveanews.com\/wp-content\/uploads\/Mateus-Uribe-em-acao-pela-Colombia-768x489.webp 768w, https:\/\/www.gaveanews.com\/wp-content\/uploads\/Mateus-Uribe-em-acao-pela-Colombia-659x420.webp 659w, https:\/\/www.gaveanews.com\/wp-content\/uploads\/Mateus-Uribe-em-acao-pela-Colombia-640x408.webp 640w, https:\/\/www.gaveanews.com\/wp-content\/uploads\/Mateus-Uribe-em-acao-pela-Colombia-681x434.webp 681w, https:\/\/www.gaveanews.com\/wp-content\/uploads\/Mateus-Uribe-em-acao-pela-Colombia-100x64.webp 100w\" sizes=\"auto, (max-width: 774px) 100vw, 774px\" \/><figcaption class=\"wp-element-caption\">Mateus Uribe em a\u00e7\u00e3o pela Col\u00f4mbia (Foto: Christian Hartmann\/Reuters)<\/figcaption><\/figure>\n\n\n\n<p>Segundo o jornalista Fl\u00e1vio Dias, a pol\u00edtica de n\u00e3o endividamento do Vasco foi um dos fatores que impediram a contrata\u00e7\u00e3o. O clube precisava negociar a sa\u00edda de um jogador do meio-campo para abrir espa\u00e7o financeiro, mas a demora nas negocia\u00e7\u00f5es fez com que o jogador e seus representantes perdessem a paci\u00eancia.<\/p>\n\n\n\n<p>Com 33 anos e uma carreira de destaque no Porto, Uribe era visto como uma pe\u00e7a importante para o Vasco em 2025. Apesar da frustra\u00e7\u00e3o, a diretoria mant\u00e9m o foco na reestrutura\u00e7\u00e3o financeira e na forma\u00e7\u00e3o de um elenco competitivo dentro de suas possibilidades econ\u00f4micas.<\/p>\n\n\n\n<h2 class=\"wp-block-heading\" id=\"h-zaga-ideal\">Zaga ideal<\/h2>\n\n\n\n<p>O jornalista Lucas Pedrosa destacou a nova dupla de zaga do Vasco, formada por Jo\u00e3o Victor e Maur\u00edcio Lemos, como um marco na evolu\u00e7\u00e3o defensiva do clube. Em sua an\u00e1lise, ele afirmou que essa combina\u00e7\u00e3o eleva o n\u00edvel do setor em compara\u00e7\u00e3o \u00e0 temporada passada, gerando expectativas positivas entre os torcedores. A mudan\u00e7a na defesa reflete um esfor\u00e7o estrat\u00e9gico da gest\u00e3o para resolver um dos principais pontos fracos do time em 2024. <strong><a href=\"https:\/\/www.gaveanews.com\/index.php\/2025\/01\/17\/video-lucas-pedrosa-aponta-nova-zaga-ideal-para-o-vasco\/\">(leia a mat\u00e9ria completa)<\/a><\/strong><\/p>\n\n\n\n<figure class=\"wp-block-image size-full\"><img loading=\"lazy\" decoding=\"async\" width=\"984\" height=\"656\" src=\"http:\/\/www.gaveanews.com\/wp-content\/uploads\/Vasco-e-777-Partners.webp\" alt=\"\" class=\"wp-image-117696\" srcset=\"https:\/\/www.gaveanews.com\/wp-content\/uploads\/Vasco-e-777-Partners.webp 984w, https:\/\/www.gaveanews.com\/wp-content\/uploads\/Vasco-e-777-Partners-300x200.webp 300w, https:\/\/www.gaveanews.com\/wp-content\/uploads\/Vasco-e-777-Partners-768x512.webp 768w, https:\/\/www.gaveanews.com\/wp-content\/uploads\/Vasco-e-777-Partners-630x420.webp 630w, https:\/\/www.gaveanews.com\/wp-content\/uploads\/Vasco-e-777-Partners-640x427.webp 640w, https:\/\/www.gaveanews.com\/wp-content\/uploads\/Vasco-e-777-Partners-681x454.webp 681w, https:\/\/www.gaveanews.com\/wp-content\/uploads\/Vasco-e-777-Partners-100x67.webp 100w\" sizes=\"auto, (max-width: 984px) 100vw, 984px\" \/><figcaption class=\"wp-element-caption\">Vasco-777 \u2014 Foto: Divulga\u00e7\u00e3o<\/figcaption><\/figure>\n\n\n\n<p>Jo\u00e3o Victor, contratado como um dos refor\u00e7os mais caros da 777 Partners, enfrentou dificuldades no in\u00edcio, mas se consolidou como titular ap\u00f3s a chegada de Rafael Paiva. Sua evolu\u00e7\u00e3o no final da temporada passada comprovou o potencial esperado desde sua contrata\u00e7\u00e3o. J\u00e1 Maur\u00edcio Lemos, anunciado recentemente, chega com experi\u00eancia ap\u00f3s passagem pelo Atl\u00e9tico-MG, assinando contrato at\u00e9 2025, com possibilidade de extens\u00e3o. A expectativa \u00e9 que sua qualidade t\u00e9cnica complemente a juventude de Jo\u00e3o Victor, criando um equil\u00edbrio no setor defensivo.<\/p>\n\n\n\n<p>Com essa nova configura\u00e7\u00e3o, o Vasco inicia 2025 com uma defesa mais s\u00f3lida e bem estruturada. A combina\u00e7\u00e3o de experi\u00eancia e potencial jovem promete fortalecer o desempenho do time, oferecendo uma base confi\u00e1vel para enfrentar os desafios da temporada e se manter competitivo em alto n\u00edvel.<\/p>\n","protected":false},"excerpt":{"rendered":"<p>Nas \u00faltimas horas, o foco das not\u00edcias sobre o Vasco se concentram nos bastidores do clube, com destaques do dia a dia do time. Por conta deste contexto, leia abaixo um resumo preparado pela equipe do portal G\u00e1vea News para lhe manter muito bem informado! M\u00e1 not\u00edcia O t\u00e9cnico F\u00e1bio Carille recebeu uma m\u00e1 not\u00edcia [&hellip;]<\/p>\n","protected":false},"author":27,"featured_media":152090,"comment_status":"open","ping_status":"closed","sticky":false,"template":"","format":"standard","meta":{"footnotes":""},"categories":[152],"tags":[],"class_list":["post-217219","post","type-post","status-publish","format-standard","has-post-thumbnail","hentry","category-vasco"],"yoast_head":"<!-- This site is optimized with the Yoast SEO Premium plugin v24.2 (Yoast SEO v26.9) - https:\/\/yoast.com\/product\/yoast-seo-premium-wordpress\/ -->\n<title>Zaga ideal, chegada de Uribe e m\u00e1 not\u00edcia: as \u00faltimas not\u00edcias do Vasco<\/title>\n<meta name=\"robots\" content=\"index, follow, max-snippet:-1, max-image-preview:large, max-video-preview:-1\" \/>\n<link rel=\"canonical\" href=\"https:\/\/www.gaveanews.com\/index.php\/2025\/01\/24\/zaga-ideal-chegada-de-uribe-e-ma-noticia-as-ultimas-noticias-do-vasco\/\" \/>\n<meta property=\"og:locale\" content=\"pt_BR\" \/>\n<meta property=\"og:type\" content=\"article\" \/>\n<meta property=\"og:title\" content=\"Zaga ideal, chegada de Uribe e m\u00e1 not\u00edcia: as \u00faltimas not\u00edcias do Vasco\" \/>\n<meta property=\"og:description\" content=\"Nas \u00faltimas horas, o foco das not\u00edcias sobre o Vasco se concentram nos bastidores do clube, com destaques do dia a dia do time. Por conta deste contexto, leia abaixo um resumo preparado pela equipe do portal G\u00e1vea News para lhe manter muito bem informado! M\u00e1 not\u00edcia O t\u00e9cnico F\u00e1bio Carille recebeu uma m\u00e1 not\u00edcia [&hellip;]\" \/>\n<meta property=\"og:url\" content=\"https:\/\/www.gaveanews.com\/index.php\/2025\/01\/24\/zaga-ideal-chegada-de-uribe-e-ma-noticia-as-ultimas-noticias-do-vasco\/\" \/>\n<meta property=\"og:site_name\" content=\"G\u00e1vea News\" \/>\n<meta property=\"article:publisher\" content=\"https:\/\/facebook.com\/gaveaNews\/\" \/>\n<meta property=\"article:published_time\" content=\"2025-01-24T10:40:00+00:00\" \/>\n<meta property=\"og:image\" content=\"https:\/\/www.gaveanews.com\/wp-content\/uploads\/Bandeira-do-Vasco-da-Gama.webp\" \/>\n\t<meta property=\"og:image:width\" content=\"1159\" \/>\n\t<meta property=\"og:image:height\" content=\"772\" \/>\n\t<meta property=\"og:image:type\" content=\"image\/webp\" \/>\n<meta name=\"author\" content=\"Matheus Felipe\" \/>\n<meta name=\"twitter:card\" content=\"summary_large_image\" \/>\n<meta name=\"twitter:label1\" content=\"Escrito por\" \/>\n\t<meta name=\"twitter:data1\" content=\"Matheus Felipe\" \/>\n\t<meta name=\"twitter:label2\" content=\"Est. tempo de leitura\" \/>\n\t<meta name=\"twitter:data2\" content=\"5 minutos\" \/>\n<script type=\"application\/ld+json\" class=\"yoast-schema-graph\">{\"@context\":\"https:\/\/schema.org\",\"@graph\":[{\"@type\":\"NewsArticle\",\"@id\":\"https:\/\/www.gaveanews.com\/index.php\/2025\/01\/24\/zaga-ideal-chegada-de-uribe-e-ma-noticia-as-ultimas-noticias-do-vasco\/#article\",\"isPartOf\":{\"@id\":\"https:\/\/www.gaveanews.com\/index.php\/2025\/01\/24\/zaga-ideal-chegada-de-uribe-e-ma-noticia-as-ultimas-noticias-do-vasco\/\"},\"author\":{\"name\":\"Matheus Felipe\",\"@id\":\"https:\/\/www.gaveanews.com\/#\/schema\/person\/8207cd4627f56151707418bfc835b2fb\"},\"headline\":\"Zaga ideal, chegada de Uribe e m\u00e1 not\u00edcia: as \u00faltimas not\u00edcias do Vasco\",\"datePublished\":\"2025-01-24T10:40:00+00:00\",\"mainEntityOfPage\":{\"@id\":\"https:\/\/www.gaveanews.com\/index.php\/2025\/01\/24\/zaga-ideal-chegada-de-uribe-e-ma-noticia-as-ultimas-noticias-do-vasco\/\"},\"wordCount\":725,\"commentCount\":0,\"image\":{\"@id\":\"https:\/\/www.gaveanews.com\/index.php\/2025\/01\/24\/zaga-ideal-chegada-de-uribe-e-ma-noticia-as-ultimas-noticias-do-vasco\/#primaryimage\"},\"thumbnailUrl\":\"https:\/\/www.gaveanews.com\/wp-content\/uploads\/Bandeira-do-Vasco-da-Gama.webp\",\"articleSection\":[\"Vasco\"],\"inLanguage\":\"pt-BR\",\"potentialAction\":[{\"@type\":\"CommentAction\",\"name\":\"Comment\",\"target\":[\"https:\/\/www.gaveanews.com\/index.php\/2025\/01\/24\/zaga-ideal-chegada-de-uribe-e-ma-noticia-as-ultimas-noticias-do-vasco\/#respond\"]}],\"copyrightYear\":\"2025\",\"copyrightHolder\":{\"@id\":\"https:\/\/www.gaveanews.com\/#organization\"}},{\"@type\":\"WebPage\",\"@id\":\"https:\/\/www.gaveanews.com\/index.php\/2025\/01\/24\/zaga-ideal-chegada-de-uribe-e-ma-noticia-as-ultimas-noticias-do-vasco\/\",\"url\":\"https:\/\/www.gaveanews.com\/index.php\/2025\/01\/24\/zaga-ideal-chegada-de-uribe-e-ma-noticia-as-ultimas-noticias-do-vasco\/\",\"name\":\"Zaga ideal, chegada de Uribe e m\u00e1 not\u00edcia: as \u00faltimas not\u00edcias do Vasco\",\"isPartOf\":{\"@id\":\"https:\/\/www.gaveanews.com\/#website\"},\"primaryImageOfPage\":{\"@id\":\"https:\/\/www.gaveanews.com\/index.php\/2025\/01\/24\/zaga-ideal-chegada-de-uribe-e-ma-noticia-as-ultimas-noticias-do-vasco\/#primaryimage\"},\"image\":{\"@id\":\"https:\/\/www.gaveanews.com\/index.php\/2025\/01\/24\/zaga-ideal-chegada-de-uribe-e-ma-noticia-as-ultimas-noticias-do-vasco\/#primaryimage\"},\"thumbnailUrl\":\"https:\/\/www.gaveanews.com\/wp-content\/uploads\/Bandeira-do-Vasco-da-Gama.webp\",\"datePublished\":\"2025-01-24T10:40:00+00:00\",\"author\":{\"@id\":\"https:\/\/www.gaveanews.com\/#\/schema\/person\/8207cd4627f56151707418bfc835b2fb\"},\"breadcrumb\":{\"@id\":\"https:\/\/www.gaveanews.com\/index.php\/2025\/01\/24\/zaga-ideal-chegada-de-uribe-e-ma-noticia-as-ultimas-noticias-do-vasco\/#breadcrumb\"},\"inLanguage\":\"pt-BR\",\"potentialAction\":[{\"@type\":\"ReadAction\",\"target\":[\"https:\/\/www.gaveanews.com\/index.php\/2025\/01\/24\/zaga-ideal-chegada-de-uribe-e-ma-noticia-as-ultimas-noticias-do-vasco\/\"]}]},{\"@type\":\"ImageObject\",\"inLanguage\":\"pt-BR\",\"@id\":\"https:\/\/www.gaveanews.com\/index.php\/2025\/01\/24\/zaga-ideal-chegada-de-uribe-e-ma-noticia-as-ultimas-noticias-do-vasco\/#primaryimage\",\"url\":\"https:\/\/www.gaveanews.com\/wp-content\/uploads\/Bandeira-do-Vasco-da-Gama.webp\",\"contentUrl\":\"https:\/\/www.gaveanews.com\/wp-content\/uploads\/Bandeira-do-Vasco-da-Gama.webp\",\"width\":1159,\"height\":772,\"caption\":\"Bandeira do Vasco da Gama (Foto: Reprodu\u00e7\u00e3o\/Vasco)\"},{\"@type\":\"BreadcrumbList\",\"@id\":\"https:\/\/www.gaveanews.com\/index.php\/2025\/01\/24\/zaga-ideal-chegada-de-uribe-e-ma-noticia-as-ultimas-noticias-do-vasco\/#breadcrumb\",\"itemListElement\":[{\"@type\":\"ListItem\",\"position\":1,\"name\":\"Home\",\"item\":\"https:\/\/www.gaveanews.com\/\"},{\"@type\":\"ListItem\",\"position\":2,\"name\":\"Zaga ideal, chegada de Uribe e m\u00e1 not\u00edcia: as \u00faltimas not\u00edcias do Vasco\"}]},{\"@type\":\"WebSite\",\"@id\":\"https:\/\/www.gaveanews.com\/#website\",\"url\":\"https:\/\/www.gaveanews.com\/\",\"name\":\"G\u00e1vea News\",\"description\":\"Veja todas as not\u00edcias sobre o Flamengo: Contrata\u00e7\u00f5es, categorias de base, resultados das partidas, tabela de classifica\u00e7\u00e3o, pr\u00f3ximos jogos!\",\"potentialAction\":[{\"@type\":\"SearchAction\",\"target\":{\"@type\":\"EntryPoint\",\"urlTemplate\":\"https:\/\/www.gaveanews.com\/?s={search_term_string}\"},\"query-input\":{\"@type\":\"PropertyValueSpecification\",\"valueRequired\":true,\"valueName\":\"search_term_string\"}}],\"inLanguage\":\"pt-BR\"},{\"@type\":\"Person\",\"@id\":\"https:\/\/www.gaveanews.com\/#\/schema\/person\/8207cd4627f56151707418bfc835b2fb\",\"name\":\"Matheus Felipe\",\"image\":{\"@type\":\"ImageObject\",\"inLanguage\":\"pt-BR\",\"@id\":\"https:\/\/www.gaveanews.com\/#\/schema\/person\/image\/\",\"url\":\"https:\/\/secure.gravatar.com\/avatar\/a452ffbed9130f726358b298bb3a99ce4bd3c5338411f8440e87e14d74c7c087?s=96&d=mm&r=g\",\"contentUrl\":\"https:\/\/secure.gravatar.com\/avatar\/a452ffbed9130f726358b298bb3a99ce4bd3c5338411f8440e87e14d74c7c087?s=96&d=mm&r=g\",\"caption\":\"Matheus Felipe\"}}]}<\/script>\n<!-- \/ Yoast SEO Premium plugin. -->","yoast_head_json":{"title":"Zaga ideal, chegada de Uribe e m\u00e1 not\u00edcia: as \u00faltimas not\u00edcias do Vasco","robots":{"index":"index","follow":"follow","max-snippet":"max-snippet:-1","max-image-preview":"max-image-preview:large","max-video-preview":"max-video-preview:-1"},"canonical":"https:\/\/www.gaveanews.com\/index.php\/2025\/01\/24\/zaga-ideal-chegada-de-uribe-e-ma-noticia-as-ultimas-noticias-do-vasco\/","og_locale":"pt_BR","og_type":"article","og_title":"Zaga ideal, chegada de Uribe e m\u00e1 not\u00edcia: as \u00faltimas not\u00edcias do Vasco","og_description":"Nas \u00faltimas horas, o foco das not\u00edcias sobre o Vasco se concentram nos bastidores do clube, com destaques do dia a dia do time. Por conta deste contexto, leia abaixo um resumo preparado pela equipe do portal G\u00e1vea News para lhe manter muito bem informado! M\u00e1 not\u00edcia O t\u00e9cnico F\u00e1bio Carille recebeu uma m\u00e1 not\u00edcia [&hellip;]","og_url":"https:\/\/www.gaveanews.com\/index.php\/2025\/01\/24\/zaga-ideal-chegada-de-uribe-e-ma-noticia-as-ultimas-noticias-do-vasco\/","og_site_name":"G\u00e1vea News","article_publisher":"https:\/\/facebook.com\/gaveaNews\/","article_published_time":"2025-01-24T10:40:00+00:00","og_image":[{"width":1159,"height":772,"url":"https:\/\/www.gaveanews.com\/wp-content\/uploads\/Bandeira-do-Vasco-da-Gama.webp","type":"image\/webp"}],"author":"Matheus Felipe","twitter_card":"summary_large_image","twitter_misc":{"Escrito por":"Matheus Felipe","Est. tempo de leitura":"5 minutos"},"schema":{"@context":"https:\/\/schema.org","@graph":[{"@type":"NewsArticle","@id":"https:\/\/www.gaveanews.com\/index.php\/2025\/01\/24\/zaga-ideal-chegada-de-uribe-e-ma-noticia-as-ultimas-noticias-do-vasco\/#article","isPartOf":{"@id":"https:\/\/www.gaveanews.com\/index.php\/2025\/01\/24\/zaga-ideal-chegada-de-uribe-e-ma-noticia-as-ultimas-noticias-do-vasco\/"},"author":{"name":"Matheus Felipe","@id":"https:\/\/www.gaveanews.com\/#\/schema\/person\/8207cd4627f56151707418bfc835b2fb"},"headline":"Zaga ideal, chegada de Uribe e m\u00e1 not\u00edcia: as \u00faltimas not\u00edcias do Vasco","datePublished":"2025-01-24T10:40:00+00:00","mainEntityOfPage":{"@id":"https:\/\/www.gaveanews.com\/index.php\/2025\/01\/24\/zaga-ideal-chegada-de-uribe-e-ma-noticia-as-ultimas-noticias-do-vasco\/"},"wordCount":725,"commentCount":0,"image":{"@id":"https:\/\/www.gaveanews.com\/index.php\/2025\/01\/24\/zaga-ideal-chegada-de-uribe-e-ma-noticia-as-ultimas-noticias-do-vasco\/#primaryimage"},"thumbnailUrl":"https:\/\/www.gaveanews.com\/wp-content\/uploads\/Bandeira-do-Vasco-da-Gama.webp","articleSection":["Vasco"],"inLanguage":"pt-BR","potentialAction":[{"@type":"CommentAction","name":"Comment","target":["https:\/\/www.gaveanews.com\/index.php\/2025\/01\/24\/zaga-ideal-chegada-de-uribe-e-ma-noticia-as-ultimas-noticias-do-vasco\/#respond"]}],"copyrightYear":"2025","copyrightHolder":{"@id":"https:\/\/www.gaveanews.com\/#organization"}},{"@type":"WebPage","@id":"https:\/\/www.gaveanews.com\/index.php\/2025\/01\/24\/zaga-ideal-chegada-de-uribe-e-ma-noticia-as-ultimas-noticias-do-vasco\/","url":"https:\/\/www.gaveanews.com\/index.php\/2025\/01\/24\/zaga-ideal-chegada-de-uribe-e-ma-noticia-as-ultimas-noticias-do-vasco\/","name":"Zaga ideal, chegada de Uribe e m\u00e1 not\u00edcia: as \u00faltimas not\u00edcias do Vasco","isPartOf":{"@id":"https:\/\/www.gaveanews.com\/#website"},"primaryImageOfPage":{"@id":"https:\/\/www.gaveanews.com\/index.php\/2025\/01\/24\/zaga-ideal-chegada-de-uribe-e-ma-noticia-as-ultimas-noticias-do-vasco\/#primaryimage"},"image":{"@id":"https:\/\/www.gaveanews.com\/index.php\/2025\/01\/24\/zaga-ideal-chegada-de-uribe-e-ma-noticia-as-ultimas-noticias-do-vasco\/#primaryimage"},"thumbnailUrl":"https:\/\/www.gaveanews.com\/wp-content\/uploads\/Bandeira-do-Vasco-da-Gama.webp","datePublished":"2025-01-24T10:40:00+00:00","author":{"@id":"https:\/\/www.gaveanews.com\/#\/schema\/person\/8207cd4627f56151707418bfc835b2fb"},"breadcrumb":{"@id":"https:\/\/www.gaveanews.com\/index.php\/2025\/01\/24\/zaga-ideal-chegada-de-uribe-e-ma-noticia-as-ultimas-noticias-do-vasco\/#breadcrumb"},"inLanguage":"pt-BR","potentialAction":[{"@type":"ReadAction","target":["https:\/\/www.gaveanews.com\/index.php\/2025\/01\/24\/zaga-ideal-chegada-de-uribe-e-ma-noticia-as-ultimas-noticias-do-vasco\/"]}]},{"@type":"ImageObject","inLanguage":"pt-BR","@id":"https:\/\/www.gaveanews.com\/index.php\/2025\/01\/24\/zaga-ideal-chegada-de-uribe-e-ma-noticia-as-ultimas-noticias-do-vasco\/#primaryimage","url":"https:\/\/www.gaveanews.com\/wp-content\/uploads\/Bandeira-do-Vasco-da-Gama.webp","contentUrl":"https:\/\/www.gaveanews.com\/wp-content\/uploads\/Bandeira-do-Vasco-da-Gama.webp","width":1159,"height":772,"caption":"Bandeira do Vasco da Gama (Foto: Reprodu\u00e7\u00e3o\/Vasco)"},{"@type":"BreadcrumbList","@id":"https:\/\/www.gaveanews.com\/index.php\/2025\/01\/24\/zaga-ideal-chegada-de-uribe-e-ma-noticia-as-ultimas-noticias-do-vasco\/#breadcrumb","itemListElement":[{"@type":"ListItem","position":1,"name":"Home","item":"https:\/\/www.gaveanews.com\/"},{"@type":"ListItem","position":2,"name":"Zaga ideal, chegada de Uribe e m\u00e1 not\u00edcia: as \u00faltimas not\u00edcias do Vasco"}]},{"@type":"WebSite","@id":"https:\/\/www.gaveanews.com\/#website","url":"https:\/\/www.gaveanews.com\/","name":"G\u00e1vea News","description":"Veja todas as not\u00edcias sobre o Flamengo: Contrata\u00e7\u00f5es, categorias de base, resultados das partidas, tabela de classifica\u00e7\u00e3o, pr\u00f3ximos jogos!","potentialAction":[{"@type":"SearchAction","target":{"@type":"EntryPoint","urlTemplate":"https:\/\/www.gaveanews.com\/?s={search_term_string}"},"query-input":{"@type":"PropertyValueSpecification","valueRequired":true,"valueName":"search_term_string"}}],"inLanguage":"pt-BR"},{"@type":"Person","@id":"https:\/\/www.gaveanews.com\/#\/schema\/person\/8207cd4627f56151707418bfc835b2fb","name":"Matheus Felipe","image":{"@type":"ImageObject","inLanguage":"pt-BR","@id":"https:\/\/www.gaveanews.com\/#\/schema\/person\/image\/","url":"https:\/\/secure.gravatar.com\/avatar\/a452ffbed9130f726358b298bb3a99ce4bd3c5338411f8440e87e14d74c7c087?s=96&d=mm&r=g","contentUrl":"https:\/\/secure.gravatar.com\/avatar\/a452ffbed9130f726358b298bb3a99ce4bd3c5338411f8440e87e14d74c7c087?s=96&d=mm&r=g","caption":"Matheus Felipe"}}]}},"_links":{"self":[{"href":"https:\/\/www.gaveanews.com\/index.php\/wp-json\/wp\/v2\/posts\/217219","targetHints":{"allow":["GET"]}}],"collection":[{"href":"https:\/\/www.gaveanews.com\/index.php\/wp-json\/wp\/v2\/posts"}],"about":[{"href":"https:\/\/www.gaveanews.com\/index.php\/wp-json\/wp\/v2\/types\/post"}],"author":[{"embeddable":true,"href":"https:\/\/www.gaveanews.com\/index.php\/wp-json\/wp\/v2\/users\/27"}],"replies":[{"embeddable":true,"href":"https:\/\/www.gaveanews.com\/index.php\/wp-json\/wp\/v2\/comments?post=217219"}],"version-history":[{"count":1,"href":"https:\/\/www.gaveanews.com\/index.php\/wp-json\/wp\/v2\/posts\/217219\/revisions"}],"predecessor-version":[{"id":217227,"href":"https:\/\/www.gaveanews.com\/index.php\/wp-json\/wp\/v2\/posts\/217219\/revisions\/217227"}],"wp:featuredmedia":[{"embeddable":true,"href":"https:\/\/www.gaveanews.com\/index.php\/wp-json\/wp\/v2\/media\/152090"}],"wp:attachment":[{"href":"https:\/\/www.gaveanews.com\/index.php\/wp-json\/wp\/v2\/media?parent=217219"}],"wp:term":[{"taxonomy":"category","embeddable":true,"href":"https:\/\/www.gaveanews.com\/index.php\/wp-json\/wp\/v2\/categories?post=217219"},{"taxonomy":"post_tag","embeddable":true,"href":"https:\/\/www.gaveanews.com\/index.php\/wp-json\/wp\/v2\/tags?post=217219"}],"curies":[{"name":"wp","href":"https:\/\/api.w.org\/{rel}","templated":true}]}}