{"id":217311,"date":"2025-01-24T11:55:08","date_gmt":"2025-01-24T14:55:08","guid":{"rendered":"https:\/\/www.gaveanews.com\/?p=217311"},"modified":"2025-01-24T11:19:24","modified_gmt":"2025-01-24T14:19:24","slug":"palmeiras-a-declaracao-de-ana-thais-matos-direcionada-a-rony","status":"publish","type":"post","link":"https:\/\/www.gaveanews.com\/index.php\/2025\/01\/24\/palmeiras-a-declaracao-de-ana-thais-matos-direcionada-a-rony\/","title":{"rendered":"Palmeiras: a declara\u00e7\u00e3o de Ana Tha\u00eds Matos direcionada a Rony"},"content":{"rendered":"\n<p>O Palmeiras tem procurado um novo destino para Rony. O atacante est\u00e1 fora dos planos da comiss\u00e3o t\u00e9cnica, mas o alto sal\u00e1rio que recebe do Alviverde tem atrapalhado nas tratativas com outras equipes. Para a jornalista Ana Tha\u00eds Matos, essa situa\u00e7\u00e3o \u00e9 culpa do pr\u00f3prio clube paulista, que supervalorizou os vencimentos dele.<\/p>\n\n\n\n<ul class=\"wp-block-list\">\n<li><a href=\"https:\/\/www.gaveanews.com\/index.php\/2025\/01\/24\/a-declaracao-de-casagrande-sobre-claudinho-alvo-do-palmeiras\/\">A declara\u00e7\u00e3o de Casagrande sobre Claudinho, alvo do Palmeiras<\/a><\/li>\n\n\n\n<li><a href=\"https:\/\/www.gaveanews.com\/index.php\/2025\/01\/24\/flavio-prado-e-sincero-ao-falar-sobre-thalys-do-palmeiras\/\">Fl\u00e1vio Prado \u00e9 sincero ao falar sobre Thalys, do Palmeiras<\/a><\/li>\n<\/ul>\n\n\n\n<p>Desde que a temporada passada terminou, Rony foi informado que estava livre para procurar outro time, n\u00e3o importando qual, desde que a proposta agradasse o Alviverde. Houveram sondagens de clubes do M\u00e9xico e do Santos, no Brasil, mas em nenhum dos casos avan\u00e7aram.<\/p>\n\n\n\n<p>O Fluminense passou de mero interessado, ele fez uma proposta oficial para contar com o jogador. O Palmeiras deu sinal verde, por\u00e9m, o Tricolor das Laranjeiras n\u00e3o chegou a um acordo com Rony.&nbsp;<\/p>\n\n\n\n<p>Segundo as informa\u00e7\u00f5es veiculadas na imprensa, o atleta fez uma pedida salarial muito alta e os cariocas recuaram na negocia\u00e7\u00e3o. Esse \u00e9 o principal fator que tem impedido o camisa 10 palestrino de um destino longe do Allianz Parque.<\/p>\n\n\n\n<p>Para a jornalista Ana Tha\u00eds Matos, a responsabilidade por toda essa quest\u00e3o \u00e9 inteiramente do Palmeiras, que supervalorizou os ganhos dele.<\/p>\n\n\n\n<p>\u201cN\u00e3o quero ser leviana na frase, mas tem um erro de diretoria nessa quest\u00e3o do sal\u00e1rio. Porque, se voc\u00ea supervalorizou o sal\u00e1rio de um atleta que tem n\u00fameros e gols importantes, a culpa \u00e9 sua. Voc\u00ea quer se livrar agora de um \u2018problema\u2019 que voc\u00ea criou\u201d, destacou Ana Tha\u00eds.<\/p>\n\n\n\n<p>Sem conquistar grandes t\u00edtulos na temporada passada, o Palmeiras decidiu reformular o setor ofensivo e de meio de campo. L\u00e1zaro foi devolvido ao Almer\u00eda, da Espanha, Dudu teve o contrato rescindido e rumou ao Cruzeiro, Est\u00eav\u00e3o est\u00e1 vendido e vai para o Chelsea no meio do ano. J\u00e1 Rony n\u00e3o faz parte dos planos de Abel Ferreira.<\/p>\n\n\n\n<p>Assim, o clube foi atr\u00e1s de Paulinho, ex-Atl\u00e9tico-MG, e pagou 115 milh\u00f5es de reais mais os meio-campistas Patrick e Gabriel Menino. Outro homem de frente que chegou foi Facundo Torres, que teve os direitos econ\u00f4micos adquiridos por 85 milh\u00f5es de reais.&nbsp;<\/p>\n\n\n\n<p>Para o meio de campo, o clube tentou o ex-Flamengo Andreas Pereira, hoje no Fulham, da Inglaterra, e Claudinho, que estava no Zenit, da R\u00fassia, e foi para o Al-Saad, dos Emirados \u00c1rabes.&nbsp;<\/p>\n","protected":false},"excerpt":{"rendered":"<p>O Palmeiras tem procurado um novo destino para Rony. O atacante est\u00e1 fora dos planos da comiss\u00e3o t\u00e9cnica, mas o alto sal\u00e1rio que recebe do Alviverde tem atrapalhado nas tratativas com outras equipes. Para a jornalista Ana Tha\u00eds Matos, essa situa\u00e7\u00e3o \u00e9 culpa do pr\u00f3prio clube paulista, que supervalorizou os vencimentos dele. Desde que a [&hellip;]<\/p>\n","protected":false},"author":29,"featured_media":143006,"comment_status":"open","ping_status":"closed","sticky":false,"template":"","format":"standard","meta":{"footnotes":""},"categories":[150],"tags":[],"class_list":["post-217311","post","type-post","status-publish","format-standard","has-post-thumbnail","hentry","category-palmeiras"],"yoast_head":"<!-- This site is optimized with the Yoast SEO Premium plugin v24.2 (Yoast SEO v26.9) - https:\/\/yoast.com\/product\/yoast-seo-premium-wordpress\/ -->\n<title>Palmeiras: a declara\u00e7\u00e3o de Ana Tha\u00eds Matos direcionada a Rony<\/title>\n<meta name=\"robots\" content=\"index, follow, max-snippet:-1, max-image-preview:large, max-video-preview:-1\" \/>\n<link rel=\"canonical\" href=\"https:\/\/www.gaveanews.com\/index.php\/2025\/01\/24\/palmeiras-a-declaracao-de-ana-thais-matos-direcionada-a-rony\/\" \/>\n<meta property=\"og:locale\" content=\"pt_BR\" \/>\n<meta property=\"og:type\" content=\"article\" \/>\n<meta property=\"og:title\" content=\"Palmeiras: a declara\u00e7\u00e3o de Ana Tha\u00eds Matos direcionada a Rony\" \/>\n<meta property=\"og:description\" content=\"O Palmeiras tem procurado um novo destino para Rony. O atacante est\u00e1 fora dos planos da comiss\u00e3o t\u00e9cnica, mas o alto sal\u00e1rio que recebe do Alviverde tem atrapalhado nas tratativas com outras equipes. Para a jornalista Ana Tha\u00eds Matos, essa situa\u00e7\u00e3o \u00e9 culpa do pr\u00f3prio clube paulista, que supervalorizou os vencimentos dele. Desde que a [&hellip;]\" \/>\n<meta property=\"og:url\" content=\"https:\/\/www.gaveanews.com\/index.php\/2025\/01\/24\/palmeiras-a-declaracao-de-ana-thais-matos-direcionada-a-rony\/\" \/>\n<meta property=\"og:site_name\" content=\"G\u00e1vea News\" \/>\n<meta property=\"article:publisher\" content=\"https:\/\/facebook.com\/gaveaNews\/\" \/>\n<meta property=\"article:published_time\" content=\"2025-01-24T14:55:08+00:00\" \/>\n<meta property=\"og:image\" content=\"https:\/\/www.gaveanews.com\/wp-content\/uploads\/rony-no-palmeiras-729x400-1.webp\" \/>\n\t<meta property=\"og:image:width\" content=\"729\" \/>\n\t<meta property=\"og:image:height\" content=\"400\" \/>\n\t<meta property=\"og:image:type\" content=\"image\/jpeg\" \/>\n<meta name=\"author\" content=\"Marco Menezes\" \/>\n<meta name=\"twitter:card\" content=\"summary_large_image\" \/>\n<meta name=\"twitter:label1\" content=\"Escrito por\" \/>\n\t<meta name=\"twitter:data1\" content=\"Marco Menezes\" \/>\n\t<meta name=\"twitter:label2\" content=\"Est. tempo de leitura\" \/>\n\t<meta name=\"twitter:data2\" content=\"3 minutos\" \/>\n<script type=\"application\/ld+json\" class=\"yoast-schema-graph\">{\"@context\":\"https:\/\/schema.org\",\"@graph\":[{\"@type\":\"NewsArticle\",\"@id\":\"https:\/\/www.gaveanews.com\/index.php\/2025\/01\/24\/palmeiras-a-declaracao-de-ana-thais-matos-direcionada-a-rony\/#article\",\"isPartOf\":{\"@id\":\"https:\/\/www.gaveanews.com\/index.php\/2025\/01\/24\/palmeiras-a-declaracao-de-ana-thais-matos-direcionada-a-rony\/\"},\"author\":{\"name\":\"Marco Menezes\",\"@id\":\"https:\/\/www.gaveanews.com\/#\/schema\/person\/a9f62fe75380c6bada1b2fc49bc23d69\"},\"headline\":\"Palmeiras: a declara\u00e7\u00e3o de Ana Tha\u00eds Matos direcionada a Rony\",\"datePublished\":\"2025-01-24T14:55:08+00:00\",\"mainEntityOfPage\":{\"@id\":\"https:\/\/www.gaveanews.com\/index.php\/2025\/01\/24\/palmeiras-a-declaracao-de-ana-thais-matos-direcionada-a-rony\/\"},\"wordCount\":429,\"commentCount\":0,\"image\":{\"@id\":\"https:\/\/www.gaveanews.com\/index.php\/2025\/01\/24\/palmeiras-a-declaracao-de-ana-thais-matos-direcionada-a-rony\/#primaryimage\"},\"thumbnailUrl\":\"https:\/\/www.gaveanews.com\/wp-content\/uploads\/rony-no-palmeiras-729x400-1.webp\",\"articleSection\":[\"Palmeiras\"],\"inLanguage\":\"pt-BR\",\"potentialAction\":[{\"@type\":\"CommentAction\",\"name\":\"Comment\",\"target\":[\"https:\/\/www.gaveanews.com\/index.php\/2025\/01\/24\/palmeiras-a-declaracao-de-ana-thais-matos-direcionada-a-rony\/#respond\"]}],\"copyrightYear\":\"2025\",\"copyrightHolder\":{\"@id\":\"https:\/\/www.gaveanews.com\/#organization\"}},{\"@type\":\"WebPage\",\"@id\":\"https:\/\/www.gaveanews.com\/index.php\/2025\/01\/24\/palmeiras-a-declaracao-de-ana-thais-matos-direcionada-a-rony\/\",\"url\":\"https:\/\/www.gaveanews.com\/index.php\/2025\/01\/24\/palmeiras-a-declaracao-de-ana-thais-matos-direcionada-a-rony\/\",\"name\":\"Palmeiras: a declara\u00e7\u00e3o de Ana Tha\u00eds Matos direcionada a Rony\",\"isPartOf\":{\"@id\":\"https:\/\/www.gaveanews.com\/#website\"},\"primaryImageOfPage\":{\"@id\":\"https:\/\/www.gaveanews.com\/index.php\/2025\/01\/24\/palmeiras-a-declaracao-de-ana-thais-matos-direcionada-a-rony\/#primaryimage\"},\"image\":{\"@id\":\"https:\/\/www.gaveanews.com\/index.php\/2025\/01\/24\/palmeiras-a-declaracao-de-ana-thais-matos-direcionada-a-rony\/#primaryimage\"},\"thumbnailUrl\":\"https:\/\/www.gaveanews.com\/wp-content\/uploads\/rony-no-palmeiras-729x400-1.webp\",\"datePublished\":\"2025-01-24T14:55:08+00:00\",\"author\":{\"@id\":\"https:\/\/www.gaveanews.com\/#\/schema\/person\/a9f62fe75380c6bada1b2fc49bc23d69\"},\"breadcrumb\":{\"@id\":\"https:\/\/www.gaveanews.com\/index.php\/2025\/01\/24\/palmeiras-a-declaracao-de-ana-thais-matos-direcionada-a-rony\/#breadcrumb\"},\"inLanguage\":\"pt-BR\",\"potentialAction\":[{\"@type\":\"ReadAction\",\"target\":[\"https:\/\/www.gaveanews.com\/index.php\/2025\/01\/24\/palmeiras-a-declaracao-de-ana-thais-matos-direcionada-a-rony\/\"]}]},{\"@type\":\"ImageObject\",\"inLanguage\":\"pt-BR\",\"@id\":\"https:\/\/www.gaveanews.com\/index.php\/2025\/01\/24\/palmeiras-a-declaracao-de-ana-thais-matos-direcionada-a-rony\/#primaryimage\",\"url\":\"https:\/\/www.gaveanews.com\/wp-content\/uploads\/rony-no-palmeiras-729x400-1.webp\",\"contentUrl\":\"https:\/\/www.gaveanews.com\/wp-content\/uploads\/rony-no-palmeiras-729x400-1.webp\",\"width\":729,\"height\":400},{\"@type\":\"BreadcrumbList\",\"@id\":\"https:\/\/www.gaveanews.com\/index.php\/2025\/01\/24\/palmeiras-a-declaracao-de-ana-thais-matos-direcionada-a-rony\/#breadcrumb\",\"itemListElement\":[{\"@type\":\"ListItem\",\"position\":1,\"name\":\"Home\",\"item\":\"https:\/\/www.gaveanews.com\/\"},{\"@type\":\"ListItem\",\"position\":2,\"name\":\"Palmeiras: a declara\u00e7\u00e3o de Ana Tha\u00eds Matos direcionada a Rony\"}]},{\"@type\":\"WebSite\",\"@id\":\"https:\/\/www.gaveanews.com\/#website\",\"url\":\"https:\/\/www.gaveanews.com\/\",\"name\":\"G\u00e1vea News\",\"description\":\"Veja todas as not\u00edcias sobre o Flamengo: Contrata\u00e7\u00f5es, categorias de base, resultados das partidas, tabela de classifica\u00e7\u00e3o, pr\u00f3ximos jogos!\",\"potentialAction\":[{\"@type\":\"SearchAction\",\"target\":{\"@type\":\"EntryPoint\",\"urlTemplate\":\"https:\/\/www.gaveanews.com\/?s={search_term_string}\"},\"query-input\":{\"@type\":\"PropertyValueSpecification\",\"valueRequired\":true,\"valueName\":\"search_term_string\"}}],\"inLanguage\":\"pt-BR\"},{\"@type\":\"Person\",\"@id\":\"https:\/\/www.gaveanews.com\/#\/schema\/person\/a9f62fe75380c6bada1b2fc49bc23d69\",\"name\":\"Marco Menezes\",\"image\":{\"@type\":\"ImageObject\",\"inLanguage\":\"pt-BR\",\"@id\":\"https:\/\/www.gaveanews.com\/#\/schema\/person\/image\/\",\"url\":\"https:\/\/secure.gravatar.com\/avatar\/a1d148ae17fc8bfc5dbccffd07979e8bd2c9ba494221779de86ec2c7907b71ec?s=96&d=mm&r=g\",\"contentUrl\":\"https:\/\/secure.gravatar.com\/avatar\/a1d148ae17fc8bfc5dbccffd07979e8bd2c9ba494221779de86ec2c7907b71ec?s=96&d=mm&r=g\",\"caption\":\"Marco Menezes\"}}]}<\/script>\n<!-- \/ Yoast SEO Premium plugin. -->","yoast_head_json":{"title":"Palmeiras: a declara\u00e7\u00e3o de Ana Tha\u00eds Matos direcionada a Rony","robots":{"index":"index","follow":"follow","max-snippet":"max-snippet:-1","max-image-preview":"max-image-preview:large","max-video-preview":"max-video-preview:-1"},"canonical":"https:\/\/www.gaveanews.com\/index.php\/2025\/01\/24\/palmeiras-a-declaracao-de-ana-thais-matos-direcionada-a-rony\/","og_locale":"pt_BR","og_type":"article","og_title":"Palmeiras: a declara\u00e7\u00e3o de Ana Tha\u00eds Matos direcionada a Rony","og_description":"O Palmeiras tem procurado um novo destino para Rony. O atacante est\u00e1 fora dos planos da comiss\u00e3o t\u00e9cnica, mas o alto sal\u00e1rio que recebe do Alviverde tem atrapalhado nas tratativas com outras equipes. Para a jornalista Ana Tha\u00eds Matos, essa situa\u00e7\u00e3o \u00e9 culpa do pr\u00f3prio clube paulista, que supervalorizou os vencimentos dele. Desde que a [&hellip;]","og_url":"https:\/\/www.gaveanews.com\/index.php\/2025\/01\/24\/palmeiras-a-declaracao-de-ana-thais-matos-direcionada-a-rony\/","og_site_name":"G\u00e1vea News","article_publisher":"https:\/\/facebook.com\/gaveaNews\/","article_published_time":"2025-01-24T14:55:08+00:00","og_image":[{"width":729,"height":400,"url":"https:\/\/www.gaveanews.com\/wp-content\/uploads\/rony-no-palmeiras-729x400-1.webp","type":"image\/jpeg"}],"author":"Marco Menezes","twitter_card":"summary_large_image","twitter_misc":{"Escrito por":"Marco Menezes","Est. tempo de leitura":"3 minutos"},"schema":{"@context":"https:\/\/schema.org","@graph":[{"@type":"NewsArticle","@id":"https:\/\/www.gaveanews.com\/index.php\/2025\/01\/24\/palmeiras-a-declaracao-de-ana-thais-matos-direcionada-a-rony\/#article","isPartOf":{"@id":"https:\/\/www.gaveanews.com\/index.php\/2025\/01\/24\/palmeiras-a-declaracao-de-ana-thais-matos-direcionada-a-rony\/"},"author":{"name":"Marco Menezes","@id":"https:\/\/www.gaveanews.com\/#\/schema\/person\/a9f62fe75380c6bada1b2fc49bc23d69"},"headline":"Palmeiras: a declara\u00e7\u00e3o de Ana Tha\u00eds Matos direcionada a Rony","datePublished":"2025-01-24T14:55:08+00:00","mainEntityOfPage":{"@id":"https:\/\/www.gaveanews.com\/index.php\/2025\/01\/24\/palmeiras-a-declaracao-de-ana-thais-matos-direcionada-a-rony\/"},"wordCount":429,"commentCount":0,"image":{"@id":"https:\/\/www.gaveanews.com\/index.php\/2025\/01\/24\/palmeiras-a-declaracao-de-ana-thais-matos-direcionada-a-rony\/#primaryimage"},"thumbnailUrl":"https:\/\/www.gaveanews.com\/wp-content\/uploads\/rony-no-palmeiras-729x400-1.webp","articleSection":["Palmeiras"],"inLanguage":"pt-BR","potentialAction":[{"@type":"CommentAction","name":"Comment","target":["https:\/\/www.gaveanews.com\/index.php\/2025\/01\/24\/palmeiras-a-declaracao-de-ana-thais-matos-direcionada-a-rony\/#respond"]}],"copyrightYear":"2025","copyrightHolder":{"@id":"https:\/\/www.gaveanews.com\/#organization"}},{"@type":"WebPage","@id":"https:\/\/www.gaveanews.com\/index.php\/2025\/01\/24\/palmeiras-a-declaracao-de-ana-thais-matos-direcionada-a-rony\/","url":"https:\/\/www.gaveanews.com\/index.php\/2025\/01\/24\/palmeiras-a-declaracao-de-ana-thais-matos-direcionada-a-rony\/","name":"Palmeiras: a declara\u00e7\u00e3o de Ana Tha\u00eds Matos direcionada a Rony","isPartOf":{"@id":"https:\/\/www.gaveanews.com\/#website"},"primaryImageOfPage":{"@id":"https:\/\/www.gaveanews.com\/index.php\/2025\/01\/24\/palmeiras-a-declaracao-de-ana-thais-matos-direcionada-a-rony\/#primaryimage"},"image":{"@id":"https:\/\/www.gaveanews.com\/index.php\/2025\/01\/24\/palmeiras-a-declaracao-de-ana-thais-matos-direcionada-a-rony\/#primaryimage"},"thumbnailUrl":"https:\/\/www.gaveanews.com\/wp-content\/uploads\/rony-no-palmeiras-729x400-1.webp","datePublished":"2025-01-24T14:55:08+00:00","author":{"@id":"https:\/\/www.gaveanews.com\/#\/schema\/person\/a9f62fe75380c6bada1b2fc49bc23d69"},"breadcrumb":{"@id":"https:\/\/www.gaveanews.com\/index.php\/2025\/01\/24\/palmeiras-a-declaracao-de-ana-thais-matos-direcionada-a-rony\/#breadcrumb"},"inLanguage":"pt-BR","potentialAction":[{"@type":"ReadAction","target":["https:\/\/www.gaveanews.com\/index.php\/2025\/01\/24\/palmeiras-a-declaracao-de-ana-thais-matos-direcionada-a-rony\/"]}]},{"@type":"ImageObject","inLanguage":"pt-BR","@id":"https:\/\/www.gaveanews.com\/index.php\/2025\/01\/24\/palmeiras-a-declaracao-de-ana-thais-matos-direcionada-a-rony\/#primaryimage","url":"https:\/\/www.gaveanews.com\/wp-content\/uploads\/rony-no-palmeiras-729x400-1.webp","contentUrl":"https:\/\/www.gaveanews.com\/wp-content\/uploads\/rony-no-palmeiras-729x400-1.webp","width":729,"height":400},{"@type":"BreadcrumbList","@id":"https:\/\/www.gaveanews.com\/index.php\/2025\/01\/24\/palmeiras-a-declaracao-de-ana-thais-matos-direcionada-a-rony\/#breadcrumb","itemListElement":[{"@type":"ListItem","position":1,"name":"Home","item":"https:\/\/www.gaveanews.com\/"},{"@type":"ListItem","position":2,"name":"Palmeiras: a declara\u00e7\u00e3o de Ana Tha\u00eds Matos direcionada a Rony"}]},{"@type":"WebSite","@id":"https:\/\/www.gaveanews.com\/#website","url":"https:\/\/www.gaveanews.com\/","name":"G\u00e1vea News","description":"Veja todas as not\u00edcias sobre o Flamengo: Contrata\u00e7\u00f5es, categorias de base, resultados das partidas, tabela de classifica\u00e7\u00e3o, pr\u00f3ximos jogos!","potentialAction":[{"@type":"SearchAction","target":{"@type":"EntryPoint","urlTemplate":"https:\/\/www.gaveanews.com\/?s={search_term_string}"},"query-input":{"@type":"PropertyValueSpecification","valueRequired":true,"valueName":"search_term_string"}}],"inLanguage":"pt-BR"},{"@type":"Person","@id":"https:\/\/www.gaveanews.com\/#\/schema\/person\/a9f62fe75380c6bada1b2fc49bc23d69","name":"Marco Menezes","image":{"@type":"ImageObject","inLanguage":"pt-BR","@id":"https:\/\/www.gaveanews.com\/#\/schema\/person\/image\/","url":"https:\/\/secure.gravatar.com\/avatar\/a1d148ae17fc8bfc5dbccffd07979e8bd2c9ba494221779de86ec2c7907b71ec?s=96&d=mm&r=g","contentUrl":"https:\/\/secure.gravatar.com\/avatar\/a1d148ae17fc8bfc5dbccffd07979e8bd2c9ba494221779de86ec2c7907b71ec?s=96&d=mm&r=g","caption":"Marco Menezes"}}]}},"_links":{"self":[{"href":"https:\/\/www.gaveanews.com\/index.php\/wp-json\/wp\/v2\/posts\/217311","targetHints":{"allow":["GET"]}}],"collection":[{"href":"https:\/\/www.gaveanews.com\/index.php\/wp-json\/wp\/v2\/posts"}],"about":[{"href":"https:\/\/www.gaveanews.com\/index.php\/wp-json\/wp\/v2\/types\/post"}],"author":[{"embeddable":true,"href":"https:\/\/www.gaveanews.com\/index.php\/wp-json\/wp\/v2\/users\/29"}],"replies":[{"embeddable":true,"href":"https:\/\/www.gaveanews.com\/index.php\/wp-json\/wp\/v2\/comments?post=217311"}],"version-history":[{"count":1,"href":"https:\/\/www.gaveanews.com\/index.php\/wp-json\/wp\/v2\/posts\/217311\/revisions"}],"predecessor-version":[{"id":217312,"href":"https:\/\/www.gaveanews.com\/index.php\/wp-json\/wp\/v2\/posts\/217311\/revisions\/217312"}],"wp:featuredmedia":[{"embeddable":true,"href":"https:\/\/www.gaveanews.com\/index.php\/wp-json\/wp\/v2\/media\/143006"}],"wp:attachment":[{"href":"https:\/\/www.gaveanews.com\/index.php\/wp-json\/wp\/v2\/media?parent=217311"}],"wp:term":[{"taxonomy":"category","embeddable":true,"href":"https:\/\/www.gaveanews.com\/index.php\/wp-json\/wp\/v2\/categories?post=217311"},{"taxonomy":"post_tag","embeddable":true,"href":"https:\/\/www.gaveanews.com\/index.php\/wp-json\/wp\/v2\/tags?post=217311"}],"curies":[{"name":"wp","href":"https:\/\/api.w.org\/{rel}","templated":true}]}}