{"id":217363,"date":"2025-01-24T14:00:00","date_gmt":"2025-01-24T17:00:00","guid":{"rendered":"https:\/\/www.gaveanews.com\/?p=217363"},"modified":"2025-01-24T12:26:55","modified_gmt":"2025-01-24T15:26:55","slug":"city-isso-foi-o-que-disse-guardiola-sobre-a-estreia-de-vitor-reis-ex-palmeiras","status":"publish","type":"post","link":"https:\/\/www.gaveanews.com\/index.php\/2025\/01\/24\/city-isso-foi-o-que-disse-guardiola-sobre-a-estreia-de-vitor-reis-ex-palmeiras\/","title":{"rendered":"City: isso foi o que disse Guardiola sobre a estreia de Vitor Reis, ex-Palmeiras"},"content":{"rendered":"\n<p>Guardiola abriu o jogo sobre a previs\u00e3o de estreia do zagueiro Vitor Reis, ex-Palmeiras, contratado na semana passada pelo clube ingl\u00eas.<\/p>\n\n\n\n<p>Com 18 anos de idade, ele se tornou a transa\u00e7\u00e3o de um zagueiro mais cara da hist\u00f3ria do futebol brasileiro, e pode ajudar o City a remontar ap\u00f3s a m\u00e1 fase desse ano.<\/p>\n\n\n\n<ul class=\"wp-block-list\">\n<li><a href=\"https:\/\/www.gaveanews.com\/index.php\/2025\/01\/11\/palmeira-a-declaracao-de-casagrande-direcionada-a-vitor-reis\/\">Palmeira: a declara\u00e7\u00e3o de Casagrande direcionada a Vitor Reis<\/a><\/li>\n\n\n\n<li><a href=\"https:\/\/www.gaveanews.com\/index.php\/2025\/01\/14\/palmeiras-a-declaracao-de-leila-pereira-sobre-vender-vitor-reis-ao-real-madrid-video\/\">Palmeiras: a declara\u00e7\u00e3o de Leila Pereira sobre vender Vitor Reis ao Real Madrid; v\u00eddeo<\/a><\/li>\n<\/ul>\n\n\n\n<p>Guardiola comentou sobre a possibilidade do Vitor Reis e de Omar Marmoush estrearem j\u00e1 neste s\u00e1bado contra a equipe do Chelsea pela Premier League. <\/p>\n\n\n\n<p>Apesar do mist\u00e9rio, Guardiola confirmou que eles estar\u00e3o no elenco que vai para a partida, e disse que n\u00e3o tem jogadores dispon\u00edveis:<\/p>\n\n\n\n<p>&#8220;Sim, eles estar\u00e3o com o elenco (na partida contra o Chelsea), at\u00e9 porque n\u00e3o temos jogadores (dispon\u00edveis)&#8221;, justificou.<\/p>\n\n\n\n<p>&#8220;N\u00e3o conseguimos treinar muito porque tivemos que viajar (a Paris para jogo da\u00a0Champions League). Acho que eles [refor\u00e7os] n\u00e3o treinaram uma vez sequer com o restante do elenco. O Omar treinou ontem, e os outros s\u00f3 um pouco, mas n\u00e3o junto com os outros&#8221;, apontou.<\/p>\n\n\n\n<p>&#8220;O Vitor \u00e9 jovem, mas tem uma personalidade enorme&#8221;, exaltou o espanhol.<\/p>\n\n\n\n<p>&#8220;O Khusanov j\u00e1 est\u00e1 mais acostumado (ao futebol europeu). Ele vinha jogando no\u00a0Campeonato Franc\u00eas\u00a0e enfrentou muitos atletas r\u00e1pidos. E o Omar, pelo que vimos em seu primeiro treino, vai se adaptar r\u00e1pido&#8221;, assegurou.<\/p>\n\n\n\n<h2 class=\"wp-block-heading\" id=\"h-qual-a-proxima-partida-do-manchester-city\">Qual a pr\u00f3xima partida do Manchester City?<\/h2>\n\n\n\n<p>Neste s\u00e1bado (25), Manchester City e Chelsea se enfrentam em partida v\u00e1lida pela 23\u00aa rodada da Premier League, \u00e0s 14h30 (hor\u00e1rio de Bras\u00edlia), no Etihad Stadium.<\/p>\n\n\n\n<p>Os clubes est\u00e3o separados por apenas dois pontos na tabela de classifica\u00e7\u00e3o, ent\u00e3o quem vencer o confronto ficar\u00e1 no G4 da competi\u00e7\u00e3o.<\/p>\n\n\n\n<p>As equipes j\u00e1 enfrentaram 179 vezes, com 71 vit\u00f3rias do Chelsea, 66 do City e 42 empates.<\/p>\n","protected":false},"excerpt":{"rendered":"<p>Guardiola abriu o jogo sobre a previs\u00e3o de estreia do zagueiro Vitor Reis, ex-Palmeiras, contratado na semana passada pelo clube ingl\u00eas. Com 18 anos de idade, ele se tornou a transa\u00e7\u00e3o de um zagueiro mais cara da hist\u00f3ria do futebol brasileiro, e pode ajudar o City a remontar ap\u00f3s a m\u00e1 fase desse ano. Guardiola [&hellip;]<\/p>\n","protected":false},"author":19,"featured_media":150227,"comment_status":"open","ping_status":"closed","sticky":false,"template":"","format":"standard","meta":{"footnotes":""},"categories":[84,150],"tags":[],"class_list":["post-217363","post","type-post","status-publish","format-standard","has-post-thumbnail","hentry","category-manchester-city","category-palmeiras"],"yoast_head":"<!-- This site is optimized with the Yoast SEO Premium plugin v24.2 (Yoast SEO v26.9) - https:\/\/yoast.com\/product\/yoast-seo-premium-wordpress\/ -->\n<title>City: isso foi o que disse Guardiola sobre a estreia de Vitor Reis, ex-Palmeiras<\/title>\n<meta name=\"robots\" content=\"index, follow, max-snippet:-1, max-image-preview:large, max-video-preview:-1\" \/>\n<link rel=\"canonical\" href=\"https:\/\/www.gaveanews.com\/index.php\/2025\/01\/24\/city-isso-foi-o-que-disse-guardiola-sobre-a-estreia-de-vitor-reis-ex-palmeiras\/\" \/>\n<meta property=\"og:locale\" content=\"pt_BR\" \/>\n<meta property=\"og:type\" content=\"article\" \/>\n<meta property=\"og:title\" content=\"City: isso foi o que disse Guardiola sobre a estreia de Vitor Reis, ex-Palmeiras\" \/>\n<meta property=\"og:description\" content=\"Guardiola abriu o jogo sobre a previs\u00e3o de estreia do zagueiro Vitor Reis, ex-Palmeiras, contratado na semana passada pelo clube ingl\u00eas. Com 18 anos de idade, ele se tornou a transa\u00e7\u00e3o de um zagueiro mais cara da hist\u00f3ria do futebol brasileiro, e pode ajudar o City a remontar ap\u00f3s a m\u00e1 fase desse ano. Guardiola [&hellip;]\" \/>\n<meta property=\"og:url\" content=\"https:\/\/www.gaveanews.com\/index.php\/2025\/01\/24\/city-isso-foi-o-que-disse-guardiola-sobre-a-estreia-de-vitor-reis-ex-palmeiras\/\" \/>\n<meta property=\"og:site_name\" content=\"G\u00e1vea News\" \/>\n<meta property=\"article:publisher\" content=\"https:\/\/facebook.com\/gaveaNews\/\" \/>\n<meta property=\"article:published_time\" content=\"2025-01-24T17:00:00+00:00\" \/>\n<meta property=\"og:image\" content=\"https:\/\/www.gaveanews.com\/wp-content\/uploads\/Vitor-Reis-em-acao-pelo-Palmeiras.webp\" \/>\n\t<meta property=\"og:image:width\" content=\"1080\" \/>\n\t<meta property=\"og:image:height\" content=\"1300\" \/>\n\t<meta property=\"og:image:type\" content=\"image\/jpeg\" \/>\n<meta name=\"author\" content=\"Bruno Zanchetta\" \/>\n<meta name=\"twitter:card\" content=\"summary_large_image\" \/>\n<meta name=\"twitter:label1\" content=\"Escrito por\" \/>\n\t<meta name=\"twitter:data1\" content=\"Bruno Zanchetta\" \/>\n\t<meta name=\"twitter:label2\" content=\"Est. tempo de leitura\" \/>\n\t<meta name=\"twitter:data2\" content=\"2 minutos\" \/>\n<script type=\"application\/ld+json\" class=\"yoast-schema-graph\">{\"@context\":\"https:\/\/schema.org\",\"@graph\":[{\"@type\":\"NewsArticle\",\"@id\":\"https:\/\/www.gaveanews.com\/index.php\/2025\/01\/24\/city-isso-foi-o-que-disse-guardiola-sobre-a-estreia-de-vitor-reis-ex-palmeiras\/#article\",\"isPartOf\":{\"@id\":\"https:\/\/www.gaveanews.com\/index.php\/2025\/01\/24\/city-isso-foi-o-que-disse-guardiola-sobre-a-estreia-de-vitor-reis-ex-palmeiras\/\"},\"author\":{\"name\":\"Bruno Zanchetta\",\"@id\":\"https:\/\/www.gaveanews.com\/#\/schema\/person\/32fddefab25b466689f181be346cd98c\"},\"headline\":\"City: isso foi o que disse Guardiola sobre a estreia de Vitor Reis, ex-Palmeiras\",\"datePublished\":\"2025-01-24T17:00:00+00:00\",\"mainEntityOfPage\":{\"@id\":\"https:\/\/www.gaveanews.com\/index.php\/2025\/01\/24\/city-isso-foi-o-que-disse-guardiola-sobre-a-estreia-de-vitor-reis-ex-palmeiras\/\"},\"wordCount\":345,\"commentCount\":0,\"image\":{\"@id\":\"https:\/\/www.gaveanews.com\/index.php\/2025\/01\/24\/city-isso-foi-o-que-disse-guardiola-sobre-a-estreia-de-vitor-reis-ex-palmeiras\/#primaryimage\"},\"thumbnailUrl\":\"https:\/\/www.gaveanews.com\/wp-content\/uploads\/Vitor-Reis-em-acao-pelo-Palmeiras.webp\",\"articleSection\":[\"Manchester City\",\"Palmeiras\"],\"inLanguage\":\"pt-BR\",\"potentialAction\":[{\"@type\":\"CommentAction\",\"name\":\"Comment\",\"target\":[\"https:\/\/www.gaveanews.com\/index.php\/2025\/01\/24\/city-isso-foi-o-que-disse-guardiola-sobre-a-estreia-de-vitor-reis-ex-palmeiras\/#respond\"]}],\"copyrightYear\":\"2025\",\"copyrightHolder\":{\"@id\":\"https:\/\/www.gaveanews.com\/#organization\"}},{\"@type\":\"WebPage\",\"@id\":\"https:\/\/www.gaveanews.com\/index.php\/2025\/01\/24\/city-isso-foi-o-que-disse-guardiola-sobre-a-estreia-de-vitor-reis-ex-palmeiras\/\",\"url\":\"https:\/\/www.gaveanews.com\/index.php\/2025\/01\/24\/city-isso-foi-o-que-disse-guardiola-sobre-a-estreia-de-vitor-reis-ex-palmeiras\/\",\"name\":\"City: isso foi o que disse Guardiola sobre a estreia de Vitor Reis, ex-Palmeiras\",\"isPartOf\":{\"@id\":\"https:\/\/www.gaveanews.com\/#website\"},\"primaryImageOfPage\":{\"@id\":\"https:\/\/www.gaveanews.com\/index.php\/2025\/01\/24\/city-isso-foi-o-que-disse-guardiola-sobre-a-estreia-de-vitor-reis-ex-palmeiras\/#primaryimage\"},\"image\":{\"@id\":\"https:\/\/www.gaveanews.com\/index.php\/2025\/01\/24\/city-isso-foi-o-que-disse-guardiola-sobre-a-estreia-de-vitor-reis-ex-palmeiras\/#primaryimage\"},\"thumbnailUrl\":\"https:\/\/www.gaveanews.com\/wp-content\/uploads\/Vitor-Reis-em-acao-pelo-Palmeiras.webp\",\"datePublished\":\"2025-01-24T17:00:00+00:00\",\"author\":{\"@id\":\"https:\/\/www.gaveanews.com\/#\/schema\/person\/32fddefab25b466689f181be346cd98c\"},\"breadcrumb\":{\"@id\":\"https:\/\/www.gaveanews.com\/index.php\/2025\/01\/24\/city-isso-foi-o-que-disse-guardiola-sobre-a-estreia-de-vitor-reis-ex-palmeiras\/#breadcrumb\"},\"inLanguage\":\"pt-BR\",\"potentialAction\":[{\"@type\":\"ReadAction\",\"target\":[\"https:\/\/www.gaveanews.com\/index.php\/2025\/01\/24\/city-isso-foi-o-que-disse-guardiola-sobre-a-estreia-de-vitor-reis-ex-palmeiras\/\"]}]},{\"@type\":\"ImageObject\",\"inLanguage\":\"pt-BR\",\"@id\":\"https:\/\/www.gaveanews.com\/index.php\/2025\/01\/24\/city-isso-foi-o-que-disse-guardiola-sobre-a-estreia-de-vitor-reis-ex-palmeiras\/#primaryimage\",\"url\":\"https:\/\/www.gaveanews.com\/wp-content\/uploads\/Vitor-Reis-em-acao-pelo-Palmeiras.webp\",\"contentUrl\":\"https:\/\/www.gaveanews.com\/wp-content\/uploads\/Vitor-Reis-em-acao-pelo-Palmeiras.webp\",\"width\":1080,\"height\":1300,\"caption\":\"Vitor Reis em a\u00e7\u00e3o pelo Palmeiras (Foto: Reprodu\u00e7\u00e3o\/Instagram)\"},{\"@type\":\"BreadcrumbList\",\"@id\":\"https:\/\/www.gaveanews.com\/index.php\/2025\/01\/24\/city-isso-foi-o-que-disse-guardiola-sobre-a-estreia-de-vitor-reis-ex-palmeiras\/#breadcrumb\",\"itemListElement\":[{\"@type\":\"ListItem\",\"position\":1,\"name\":\"Home\",\"item\":\"https:\/\/www.gaveanews.com\/\"},{\"@type\":\"ListItem\",\"position\":2,\"name\":\"City: isso foi o que disse Guardiola sobre a estreia de Vitor Reis, ex-Palmeiras\"}]},{\"@type\":\"WebSite\",\"@id\":\"https:\/\/www.gaveanews.com\/#website\",\"url\":\"https:\/\/www.gaveanews.com\/\",\"name\":\"G\u00e1vea News\",\"description\":\"Veja todas as not\u00edcias sobre o Flamengo: Contrata\u00e7\u00f5es, categorias de base, resultados das partidas, tabela de classifica\u00e7\u00e3o, pr\u00f3ximos jogos!\",\"potentialAction\":[{\"@type\":\"SearchAction\",\"target\":{\"@type\":\"EntryPoint\",\"urlTemplate\":\"https:\/\/www.gaveanews.com\/?s={search_term_string}\"},\"query-input\":{\"@type\":\"PropertyValueSpecification\",\"valueRequired\":true,\"valueName\":\"search_term_string\"}}],\"inLanguage\":\"pt-BR\"},{\"@type\":\"Person\",\"@id\":\"https:\/\/www.gaveanews.com\/#\/schema\/person\/32fddefab25b466689f181be346cd98c\",\"name\":\"Bruno Zanchetta\",\"image\":{\"@type\":\"ImageObject\",\"inLanguage\":\"pt-BR\",\"@id\":\"https:\/\/www.gaveanews.com\/#\/schema\/person\/image\/\",\"url\":\"https:\/\/secure.gravatar.com\/avatar\/3ba2d39f8a912ad65276975a996d6ad8d9e3dd13448684be8dc4d7c17099d2ee?s=96&d=mm&r=g\",\"contentUrl\":\"https:\/\/secure.gravatar.com\/avatar\/3ba2d39f8a912ad65276975a996d6ad8d9e3dd13448684be8dc4d7c17099d2ee?s=96&d=mm&r=g\",\"caption\":\"Bruno Zanchetta\"}}]}<\/script>\n<!-- \/ Yoast SEO Premium plugin. -->","yoast_head_json":{"title":"City: isso foi o que disse Guardiola sobre a estreia de Vitor Reis, ex-Palmeiras","robots":{"index":"index","follow":"follow","max-snippet":"max-snippet:-1","max-image-preview":"max-image-preview:large","max-video-preview":"max-video-preview:-1"},"canonical":"https:\/\/www.gaveanews.com\/index.php\/2025\/01\/24\/city-isso-foi-o-que-disse-guardiola-sobre-a-estreia-de-vitor-reis-ex-palmeiras\/","og_locale":"pt_BR","og_type":"article","og_title":"City: isso foi o que disse Guardiola sobre a estreia de Vitor Reis, ex-Palmeiras","og_description":"Guardiola abriu o jogo sobre a previs\u00e3o de estreia do zagueiro Vitor Reis, ex-Palmeiras, contratado na semana passada pelo clube ingl\u00eas. Com 18 anos de idade, ele se tornou a transa\u00e7\u00e3o de um zagueiro mais cara da hist\u00f3ria do futebol brasileiro, e pode ajudar o City a remontar ap\u00f3s a m\u00e1 fase desse ano. Guardiola [&hellip;]","og_url":"https:\/\/www.gaveanews.com\/index.php\/2025\/01\/24\/city-isso-foi-o-que-disse-guardiola-sobre-a-estreia-de-vitor-reis-ex-palmeiras\/","og_site_name":"G\u00e1vea News","article_publisher":"https:\/\/facebook.com\/gaveaNews\/","article_published_time":"2025-01-24T17:00:00+00:00","og_image":[{"width":1080,"height":1300,"url":"https:\/\/www.gaveanews.com\/wp-content\/uploads\/Vitor-Reis-em-acao-pelo-Palmeiras.webp","type":"image\/jpeg"}],"author":"Bruno Zanchetta","twitter_card":"summary_large_image","twitter_misc":{"Escrito por":"Bruno Zanchetta","Est. tempo de leitura":"2 minutos"},"schema":{"@context":"https:\/\/schema.org","@graph":[{"@type":"NewsArticle","@id":"https:\/\/www.gaveanews.com\/index.php\/2025\/01\/24\/city-isso-foi-o-que-disse-guardiola-sobre-a-estreia-de-vitor-reis-ex-palmeiras\/#article","isPartOf":{"@id":"https:\/\/www.gaveanews.com\/index.php\/2025\/01\/24\/city-isso-foi-o-que-disse-guardiola-sobre-a-estreia-de-vitor-reis-ex-palmeiras\/"},"author":{"name":"Bruno Zanchetta","@id":"https:\/\/www.gaveanews.com\/#\/schema\/person\/32fddefab25b466689f181be346cd98c"},"headline":"City: isso foi o que disse Guardiola sobre a estreia de Vitor Reis, ex-Palmeiras","datePublished":"2025-01-24T17:00:00+00:00","mainEntityOfPage":{"@id":"https:\/\/www.gaveanews.com\/index.php\/2025\/01\/24\/city-isso-foi-o-que-disse-guardiola-sobre-a-estreia-de-vitor-reis-ex-palmeiras\/"},"wordCount":345,"commentCount":0,"image":{"@id":"https:\/\/www.gaveanews.com\/index.php\/2025\/01\/24\/city-isso-foi-o-que-disse-guardiola-sobre-a-estreia-de-vitor-reis-ex-palmeiras\/#primaryimage"},"thumbnailUrl":"https:\/\/www.gaveanews.com\/wp-content\/uploads\/Vitor-Reis-em-acao-pelo-Palmeiras.webp","articleSection":["Manchester City","Palmeiras"],"inLanguage":"pt-BR","potentialAction":[{"@type":"CommentAction","name":"Comment","target":["https:\/\/www.gaveanews.com\/index.php\/2025\/01\/24\/city-isso-foi-o-que-disse-guardiola-sobre-a-estreia-de-vitor-reis-ex-palmeiras\/#respond"]}],"copyrightYear":"2025","copyrightHolder":{"@id":"https:\/\/www.gaveanews.com\/#organization"}},{"@type":"WebPage","@id":"https:\/\/www.gaveanews.com\/index.php\/2025\/01\/24\/city-isso-foi-o-que-disse-guardiola-sobre-a-estreia-de-vitor-reis-ex-palmeiras\/","url":"https:\/\/www.gaveanews.com\/index.php\/2025\/01\/24\/city-isso-foi-o-que-disse-guardiola-sobre-a-estreia-de-vitor-reis-ex-palmeiras\/","name":"City: isso foi o que disse Guardiola sobre a estreia de Vitor Reis, ex-Palmeiras","isPartOf":{"@id":"https:\/\/www.gaveanews.com\/#website"},"primaryImageOfPage":{"@id":"https:\/\/www.gaveanews.com\/index.php\/2025\/01\/24\/city-isso-foi-o-que-disse-guardiola-sobre-a-estreia-de-vitor-reis-ex-palmeiras\/#primaryimage"},"image":{"@id":"https:\/\/www.gaveanews.com\/index.php\/2025\/01\/24\/city-isso-foi-o-que-disse-guardiola-sobre-a-estreia-de-vitor-reis-ex-palmeiras\/#primaryimage"},"thumbnailUrl":"https:\/\/www.gaveanews.com\/wp-content\/uploads\/Vitor-Reis-em-acao-pelo-Palmeiras.webp","datePublished":"2025-01-24T17:00:00+00:00","author":{"@id":"https:\/\/www.gaveanews.com\/#\/schema\/person\/32fddefab25b466689f181be346cd98c"},"breadcrumb":{"@id":"https:\/\/www.gaveanews.com\/index.php\/2025\/01\/24\/city-isso-foi-o-que-disse-guardiola-sobre-a-estreia-de-vitor-reis-ex-palmeiras\/#breadcrumb"},"inLanguage":"pt-BR","potentialAction":[{"@type":"ReadAction","target":["https:\/\/www.gaveanews.com\/index.php\/2025\/01\/24\/city-isso-foi-o-que-disse-guardiola-sobre-a-estreia-de-vitor-reis-ex-palmeiras\/"]}]},{"@type":"ImageObject","inLanguage":"pt-BR","@id":"https:\/\/www.gaveanews.com\/index.php\/2025\/01\/24\/city-isso-foi-o-que-disse-guardiola-sobre-a-estreia-de-vitor-reis-ex-palmeiras\/#primaryimage","url":"https:\/\/www.gaveanews.com\/wp-content\/uploads\/Vitor-Reis-em-acao-pelo-Palmeiras.webp","contentUrl":"https:\/\/www.gaveanews.com\/wp-content\/uploads\/Vitor-Reis-em-acao-pelo-Palmeiras.webp","width":1080,"height":1300,"caption":"Vitor Reis em a\u00e7\u00e3o pelo Palmeiras (Foto: Reprodu\u00e7\u00e3o\/Instagram)"},{"@type":"BreadcrumbList","@id":"https:\/\/www.gaveanews.com\/index.php\/2025\/01\/24\/city-isso-foi-o-que-disse-guardiola-sobre-a-estreia-de-vitor-reis-ex-palmeiras\/#breadcrumb","itemListElement":[{"@type":"ListItem","position":1,"name":"Home","item":"https:\/\/www.gaveanews.com\/"},{"@type":"ListItem","position":2,"name":"City: isso foi o que disse Guardiola sobre a estreia de Vitor Reis, ex-Palmeiras"}]},{"@type":"WebSite","@id":"https:\/\/www.gaveanews.com\/#website","url":"https:\/\/www.gaveanews.com\/","name":"G\u00e1vea News","description":"Veja todas as not\u00edcias sobre o Flamengo: Contrata\u00e7\u00f5es, categorias de base, resultados das partidas, tabela de classifica\u00e7\u00e3o, pr\u00f3ximos jogos!","potentialAction":[{"@type":"SearchAction","target":{"@type":"EntryPoint","urlTemplate":"https:\/\/www.gaveanews.com\/?s={search_term_string}"},"query-input":{"@type":"PropertyValueSpecification","valueRequired":true,"valueName":"search_term_string"}}],"inLanguage":"pt-BR"},{"@type":"Person","@id":"https:\/\/www.gaveanews.com\/#\/schema\/person\/32fddefab25b466689f181be346cd98c","name":"Bruno Zanchetta","image":{"@type":"ImageObject","inLanguage":"pt-BR","@id":"https:\/\/www.gaveanews.com\/#\/schema\/person\/image\/","url":"https:\/\/secure.gravatar.com\/avatar\/3ba2d39f8a912ad65276975a996d6ad8d9e3dd13448684be8dc4d7c17099d2ee?s=96&d=mm&r=g","contentUrl":"https:\/\/secure.gravatar.com\/avatar\/3ba2d39f8a912ad65276975a996d6ad8d9e3dd13448684be8dc4d7c17099d2ee?s=96&d=mm&r=g","caption":"Bruno Zanchetta"}}]}},"_links":{"self":[{"href":"https:\/\/www.gaveanews.com\/index.php\/wp-json\/wp\/v2\/posts\/217363","targetHints":{"allow":["GET"]}}],"collection":[{"href":"https:\/\/www.gaveanews.com\/index.php\/wp-json\/wp\/v2\/posts"}],"about":[{"href":"https:\/\/www.gaveanews.com\/index.php\/wp-json\/wp\/v2\/types\/post"}],"author":[{"embeddable":true,"href":"https:\/\/www.gaveanews.com\/index.php\/wp-json\/wp\/v2\/users\/19"}],"replies":[{"embeddable":true,"href":"https:\/\/www.gaveanews.com\/index.php\/wp-json\/wp\/v2\/comments?post=217363"}],"version-history":[{"count":1,"href":"https:\/\/www.gaveanews.com\/index.php\/wp-json\/wp\/v2\/posts\/217363\/revisions"}],"predecessor-version":[{"id":217389,"href":"https:\/\/www.gaveanews.com\/index.php\/wp-json\/wp\/v2\/posts\/217363\/revisions\/217389"}],"wp:featuredmedia":[{"embeddable":true,"href":"https:\/\/www.gaveanews.com\/index.php\/wp-json\/wp\/v2\/media\/150227"}],"wp:attachment":[{"href":"https:\/\/www.gaveanews.com\/index.php\/wp-json\/wp\/v2\/media?parent=217363"}],"wp:term":[{"taxonomy":"category","embeddable":true,"href":"https:\/\/www.gaveanews.com\/index.php\/wp-json\/wp\/v2\/categories?post=217363"},{"taxonomy":"post_tag","embeddable":true,"href":"https:\/\/www.gaveanews.com\/index.php\/wp-json\/wp\/v2\/tags?post=217363"}],"curies":[{"name":"wp","href":"https:\/\/api.w.org\/{rel}","templated":true}]}}