{"id":217390,"date":"2025-01-24T18:20:00","date_gmt":"2025-01-24T21:20:00","guid":{"rendered":"https:\/\/www.gaveanews.com\/?p=217390"},"modified":"2025-01-24T17:40:45","modified_gmt":"2025-01-24T20:40:45","slug":"a-declaracao-de-cafu-direcionada-ao-sao-paulo","status":"publish","type":"post","link":"https:\/\/www.gaveanews.com\/index.php\/2025\/01\/24\/a-declaracao-de-cafu-direcionada-ao-sao-paulo\/","title":{"rendered":"A declara\u00e7\u00e3o de Cafu direcionada ao S\u00e3o Paulo"},"content":{"rendered":"\n<p>Cafu \u00e9 um dos maiores \u00eddolos da hist\u00f3ria do S\u00e3o Paulo, e em entrevista ao GE, enfatizou o carinho que tem pelo clube que o revelou para o mundo do futebol.<\/p>\n\n\n\n<ul class=\"wp-block-list\">\n<li><a href=\"https:\/\/www.gaveanews.com\/index.php\/2020\/05\/05\/pentacampeao-mundial-cafu-reprova-possivel-retorno-do-futebol-brasileiro-temos-que-esperar\/\">Pentacampe\u00e3o mundial, Cafu reprova poss\u00edvel retorno do futebol brasileiro: \u201ctemos que esperar\u201d<\/a><\/li>\n\n\n\n<li><a href=\"https:\/\/www.gaveanews.com\/index.php\/2022\/10\/29\/david-luiz-do-flamengo-faz-historia-e-entra-para-grupo-seleto-com-dida-cafu-tevez-ronaldinho-gaucho-neymar-e-rafinha\/\">David Luiz, do Flamengo, faz hist\u00f3ria e entra para grupo seleto com Dida, Cafu, T\u00e9vez, Ronaldinho Ga\u00facho, Neymar e Rafinha<\/a><\/li>\n<\/ul>\n\n\n\n<p>Para Cafu, o in\u00edcio da trajet\u00f3ria foi um dos maiores momentos de sua carreira. Segundo o bicampe\u00e3o mundial pela Sele\u00e7\u00e3o Brasileira, foi o momento que ele teve para se projetar para o mundo do futebol.<\/p>\n\n\n\n<p>Mas, Cafu tamb\u00e9m ressaltou como foi importante a trajet\u00f3ria no elenco do Milan, no final de sua carreira, aos 33 anos de idade. Para ele, vivia seu auge f\u00edsico e t\u00e9cnico quando jogou no clube italiano. Mesmo com a idade avan\u00e7ada, tinha propostas de renova\u00e7\u00e3o com a equipe.<\/p>\n\n\n\n<p>Entretanto, Cafu destaca que ele n\u00e3o renovou com o Milan pelo desejo de retornar para a casa e ficar mais pr\u00f3ximo dos pais:<\/p>\n\n\n\n<p>&#8220;O come\u00e7o no S\u00e3o Paulo, sem d\u00favida nenhuma, 92, 93, foi um momento que eu estava me projetando para o mundo. Eu tinha uma carreira internacional. Mas eu falo do Milan porque eu cheguei no Milan com 33 anos. Eu falei, p\u00f4, voc\u00ea me quer com 33 anos no Milan? \u00c9 isso mesmo, a gente quer voc\u00ea mesmo com 33 anos. Fiquei cinco anos no Milan, de 2003 a 2007, eu voava. Com 36 anos, ent\u00e3o, o finalzinho foi incr\u00edvel. O f\u00edsico estava \u00f3timo, por incr\u00edvel que pare\u00e7a. Eu sa\u00ed do Milan porque eu quis. Eles me chamaram para renovar em 2008, falei que eu queria voltar para casa para ficar com meus pais. E voltei em 2006, eu estava com o f\u00edsico voando, dava para jogar tranquilo, quis voltar para casa&#8221;<\/p>\n\n\n\n<h2 class=\"wp-block-heading\" id=\"h-qual-a-proxima-partida-do-sao-paulo\">Qual a pr\u00f3xima partida do S\u00e3o Paulo?<\/h2>\n\n\n\n<p>S\u00e3o Paulo e Corinthians se enfrentam neste domingo (26), \u00e0s 18h30, no Morumbis, em S\u00e3o Paulo. A partida \u00e9 v\u00e1lida pela quarta rodada do Campeonato Paulista e ser\u00e1 o primeiro cl\u00e1ssico das equipes nesta edi\u00e7\u00e3o do estadual.<\/p>\n\n\n\n<p>O jogo deste domingo, \u00e0s 18h30, entre S\u00e3o Paulo e Corinthians ter\u00e1 transmiss\u00e3o ao vivo na RecorTV, na TV aberta.<\/p>\n","protected":false},"excerpt":{"rendered":"<p>Cafu \u00e9 um dos maiores \u00eddolos da hist\u00f3ria do S\u00e3o Paulo, e em entrevista ao GE, enfatizou o carinho que tem pelo clube que o revelou para o mundo do futebol. Para Cafu, o in\u00edcio da trajet\u00f3ria foi um dos maiores momentos de sua carreira. Segundo o bicampe\u00e3o mundial pela Sele\u00e7\u00e3o Brasileira, foi o momento [&hellip;]<\/p>\n","protected":false},"author":19,"featured_media":107693,"comment_status":"open","ping_status":"closed","sticky":false,"template":"","format":"standard","meta":{"footnotes":""},"categories":[151],"tags":[],"class_list":["post-217390","post","type-post","status-publish","format-standard","has-post-thumbnail","hentry","category-sao-paulo"],"yoast_head":"<!-- This site is optimized with the Yoast SEO Premium plugin v24.2 (Yoast SEO v26.9) - https:\/\/yoast.com\/product\/yoast-seo-premium-wordpress\/ -->\n<title>A declara\u00e7\u00e3o de Cafu direcionada ao S\u00e3o Paulo<\/title>\n<meta name=\"robots\" content=\"index, follow, max-snippet:-1, max-image-preview:large, max-video-preview:-1\" \/>\n<link rel=\"canonical\" href=\"https:\/\/www.gaveanews.com\/index.php\/2025\/01\/24\/a-declaracao-de-cafu-direcionada-ao-sao-paulo\/\" \/>\n<meta property=\"og:locale\" content=\"pt_BR\" \/>\n<meta property=\"og:type\" content=\"article\" \/>\n<meta property=\"og:title\" content=\"A declara\u00e7\u00e3o de Cafu direcionada ao S\u00e3o Paulo\" \/>\n<meta property=\"og:description\" content=\"Cafu \u00e9 um dos maiores \u00eddolos da hist\u00f3ria do S\u00e3o Paulo, e em entrevista ao GE, enfatizou o carinho que tem pelo clube que o revelou para o mundo do futebol. Para Cafu, o in\u00edcio da trajet\u00f3ria foi um dos maiores momentos de sua carreira. Segundo o bicampe\u00e3o mundial pela Sele\u00e7\u00e3o Brasileira, foi o momento [&hellip;]\" \/>\n<meta property=\"og:url\" content=\"https:\/\/www.gaveanews.com\/index.php\/2025\/01\/24\/a-declaracao-de-cafu-direcionada-ao-sao-paulo\/\" \/>\n<meta property=\"og:site_name\" content=\"G\u00e1vea News\" \/>\n<meta property=\"article:publisher\" content=\"https:\/\/facebook.com\/gaveaNews\/\" \/>\n<meta property=\"article:published_time\" content=\"2025-01-24T21:20:00+00:00\" \/>\n<meta property=\"og:image\" content=\"https:\/\/www.gaveanews.com\/wp-content\/uploads\/cafu-ex-jogador.webp\" \/>\n\t<meta property=\"og:image:width\" content=\"900\" \/>\n\t<meta property=\"og:image:height\" content=\"599\" \/>\n\t<meta property=\"og:image:type\" content=\"image\/jpeg\" \/>\n<meta name=\"author\" content=\"Bruno Zanchetta\" \/>\n<meta name=\"twitter:card\" content=\"summary_large_image\" \/>\n<meta name=\"twitter:label1\" content=\"Escrito por\" \/>\n\t<meta name=\"twitter:data1\" content=\"Bruno Zanchetta\" \/>\n\t<meta name=\"twitter:label2\" content=\"Est. tempo de leitura\" \/>\n\t<meta name=\"twitter:data2\" content=\"3 minutos\" \/>\n<script type=\"application\/ld+json\" class=\"yoast-schema-graph\">{\"@context\":\"https:\/\/schema.org\",\"@graph\":[{\"@type\":\"NewsArticle\",\"@id\":\"https:\/\/www.gaveanews.com\/index.php\/2025\/01\/24\/a-declaracao-de-cafu-direcionada-ao-sao-paulo\/#article\",\"isPartOf\":{\"@id\":\"https:\/\/www.gaveanews.com\/index.php\/2025\/01\/24\/a-declaracao-de-cafu-direcionada-ao-sao-paulo\/\"},\"author\":{\"name\":\"Bruno Zanchetta\",\"@id\":\"https:\/\/www.gaveanews.com\/#\/schema\/person\/32fddefab25b466689f181be346cd98c\"},\"headline\":\"A declara\u00e7\u00e3o de Cafu direcionada ao S\u00e3o Paulo\",\"datePublished\":\"2025-01-24T21:20:00+00:00\",\"mainEntityOfPage\":{\"@id\":\"https:\/\/www.gaveanews.com\/index.php\/2025\/01\/24\/a-declaracao-de-cafu-direcionada-ao-sao-paulo\/\"},\"wordCount\":397,\"commentCount\":0,\"image\":{\"@id\":\"https:\/\/www.gaveanews.com\/index.php\/2025\/01\/24\/a-declaracao-de-cafu-direcionada-ao-sao-paulo\/#primaryimage\"},\"thumbnailUrl\":\"https:\/\/www.gaveanews.com\/wp-content\/uploads\/cafu-ex-jogador.webp\",\"articleSection\":[\"S\u00e3o Paulo\"],\"inLanguage\":\"pt-BR\",\"potentialAction\":[{\"@type\":\"CommentAction\",\"name\":\"Comment\",\"target\":[\"https:\/\/www.gaveanews.com\/index.php\/2025\/01\/24\/a-declaracao-de-cafu-direcionada-ao-sao-paulo\/#respond\"]}],\"copyrightYear\":\"2025\",\"copyrightHolder\":{\"@id\":\"https:\/\/www.gaveanews.com\/#organization\"}},{\"@type\":\"WebPage\",\"@id\":\"https:\/\/www.gaveanews.com\/index.php\/2025\/01\/24\/a-declaracao-de-cafu-direcionada-ao-sao-paulo\/\",\"url\":\"https:\/\/www.gaveanews.com\/index.php\/2025\/01\/24\/a-declaracao-de-cafu-direcionada-ao-sao-paulo\/\",\"name\":\"A declara\u00e7\u00e3o de Cafu direcionada ao S\u00e3o Paulo\",\"isPartOf\":{\"@id\":\"https:\/\/www.gaveanews.com\/#website\"},\"primaryImageOfPage\":{\"@id\":\"https:\/\/www.gaveanews.com\/index.php\/2025\/01\/24\/a-declaracao-de-cafu-direcionada-ao-sao-paulo\/#primaryimage\"},\"image\":{\"@id\":\"https:\/\/www.gaveanews.com\/index.php\/2025\/01\/24\/a-declaracao-de-cafu-direcionada-ao-sao-paulo\/#primaryimage\"},\"thumbnailUrl\":\"https:\/\/www.gaveanews.com\/wp-content\/uploads\/cafu-ex-jogador.webp\",\"datePublished\":\"2025-01-24T21:20:00+00:00\",\"author\":{\"@id\":\"https:\/\/www.gaveanews.com\/#\/schema\/person\/32fddefab25b466689f181be346cd98c\"},\"breadcrumb\":{\"@id\":\"https:\/\/www.gaveanews.com\/index.php\/2025\/01\/24\/a-declaracao-de-cafu-direcionada-ao-sao-paulo\/#breadcrumb\"},\"inLanguage\":\"pt-BR\",\"potentialAction\":[{\"@type\":\"ReadAction\",\"target\":[\"https:\/\/www.gaveanews.com\/index.php\/2025\/01\/24\/a-declaracao-de-cafu-direcionada-ao-sao-paulo\/\"]}]},{\"@type\":\"ImageObject\",\"inLanguage\":\"pt-BR\",\"@id\":\"https:\/\/www.gaveanews.com\/index.php\/2025\/01\/24\/a-declaracao-de-cafu-direcionada-ao-sao-paulo\/#primaryimage\",\"url\":\"https:\/\/www.gaveanews.com\/wp-content\/uploads\/cafu-ex-jogador.webp\",\"contentUrl\":\"https:\/\/www.gaveanews.com\/wp-content\/uploads\/cafu-ex-jogador.webp\",\"width\":900,\"height\":599,\"caption\":\"Ex-jogador Cafu (Foto: Reprodu\u00e7\u00e3o)\"},{\"@type\":\"BreadcrumbList\",\"@id\":\"https:\/\/www.gaveanews.com\/index.php\/2025\/01\/24\/a-declaracao-de-cafu-direcionada-ao-sao-paulo\/#breadcrumb\",\"itemListElement\":[{\"@type\":\"ListItem\",\"position\":1,\"name\":\"Home\",\"item\":\"https:\/\/www.gaveanews.com\/\"},{\"@type\":\"ListItem\",\"position\":2,\"name\":\"A declara\u00e7\u00e3o de Cafu direcionada ao S\u00e3o Paulo\"}]},{\"@type\":\"WebSite\",\"@id\":\"https:\/\/www.gaveanews.com\/#website\",\"url\":\"https:\/\/www.gaveanews.com\/\",\"name\":\"G\u00e1vea News\",\"description\":\"Veja todas as not\u00edcias sobre o Flamengo: Contrata\u00e7\u00f5es, categorias de base, resultados das partidas, tabela de classifica\u00e7\u00e3o, pr\u00f3ximos jogos!\",\"potentialAction\":[{\"@type\":\"SearchAction\",\"target\":{\"@type\":\"EntryPoint\",\"urlTemplate\":\"https:\/\/www.gaveanews.com\/?s={search_term_string}\"},\"query-input\":{\"@type\":\"PropertyValueSpecification\",\"valueRequired\":true,\"valueName\":\"search_term_string\"}}],\"inLanguage\":\"pt-BR\"},{\"@type\":\"Person\",\"@id\":\"https:\/\/www.gaveanews.com\/#\/schema\/person\/32fddefab25b466689f181be346cd98c\",\"name\":\"Bruno Zanchetta\",\"image\":{\"@type\":\"ImageObject\",\"inLanguage\":\"pt-BR\",\"@id\":\"https:\/\/www.gaveanews.com\/#\/schema\/person\/image\/\",\"url\":\"https:\/\/secure.gravatar.com\/avatar\/3ba2d39f8a912ad65276975a996d6ad8d9e3dd13448684be8dc4d7c17099d2ee?s=96&d=mm&r=g\",\"contentUrl\":\"https:\/\/secure.gravatar.com\/avatar\/3ba2d39f8a912ad65276975a996d6ad8d9e3dd13448684be8dc4d7c17099d2ee?s=96&d=mm&r=g\",\"caption\":\"Bruno Zanchetta\"}}]}<\/script>\n<!-- \/ Yoast SEO Premium plugin. -->","yoast_head_json":{"title":"A declara\u00e7\u00e3o de Cafu direcionada ao S\u00e3o Paulo","robots":{"index":"index","follow":"follow","max-snippet":"max-snippet:-1","max-image-preview":"max-image-preview:large","max-video-preview":"max-video-preview:-1"},"canonical":"https:\/\/www.gaveanews.com\/index.php\/2025\/01\/24\/a-declaracao-de-cafu-direcionada-ao-sao-paulo\/","og_locale":"pt_BR","og_type":"article","og_title":"A declara\u00e7\u00e3o de Cafu direcionada ao S\u00e3o Paulo","og_description":"Cafu \u00e9 um dos maiores \u00eddolos da hist\u00f3ria do S\u00e3o Paulo, e em entrevista ao GE, enfatizou o carinho que tem pelo clube que o revelou para o mundo do futebol. Para Cafu, o in\u00edcio da trajet\u00f3ria foi um dos maiores momentos de sua carreira. Segundo o bicampe\u00e3o mundial pela Sele\u00e7\u00e3o Brasileira, foi o momento [&hellip;]","og_url":"https:\/\/www.gaveanews.com\/index.php\/2025\/01\/24\/a-declaracao-de-cafu-direcionada-ao-sao-paulo\/","og_site_name":"G\u00e1vea News","article_publisher":"https:\/\/facebook.com\/gaveaNews\/","article_published_time":"2025-01-24T21:20:00+00:00","og_image":[{"width":900,"height":599,"url":"https:\/\/www.gaveanews.com\/wp-content\/uploads\/cafu-ex-jogador.webp","type":"image\/jpeg"}],"author":"Bruno Zanchetta","twitter_card":"summary_large_image","twitter_misc":{"Escrito por":"Bruno Zanchetta","Est. tempo de leitura":"3 minutos"},"schema":{"@context":"https:\/\/schema.org","@graph":[{"@type":"NewsArticle","@id":"https:\/\/www.gaveanews.com\/index.php\/2025\/01\/24\/a-declaracao-de-cafu-direcionada-ao-sao-paulo\/#article","isPartOf":{"@id":"https:\/\/www.gaveanews.com\/index.php\/2025\/01\/24\/a-declaracao-de-cafu-direcionada-ao-sao-paulo\/"},"author":{"name":"Bruno Zanchetta","@id":"https:\/\/www.gaveanews.com\/#\/schema\/person\/32fddefab25b466689f181be346cd98c"},"headline":"A declara\u00e7\u00e3o de Cafu direcionada ao S\u00e3o Paulo","datePublished":"2025-01-24T21:20:00+00:00","mainEntityOfPage":{"@id":"https:\/\/www.gaveanews.com\/index.php\/2025\/01\/24\/a-declaracao-de-cafu-direcionada-ao-sao-paulo\/"},"wordCount":397,"commentCount":0,"image":{"@id":"https:\/\/www.gaveanews.com\/index.php\/2025\/01\/24\/a-declaracao-de-cafu-direcionada-ao-sao-paulo\/#primaryimage"},"thumbnailUrl":"https:\/\/www.gaveanews.com\/wp-content\/uploads\/cafu-ex-jogador.webp","articleSection":["S\u00e3o Paulo"],"inLanguage":"pt-BR","potentialAction":[{"@type":"CommentAction","name":"Comment","target":["https:\/\/www.gaveanews.com\/index.php\/2025\/01\/24\/a-declaracao-de-cafu-direcionada-ao-sao-paulo\/#respond"]}],"copyrightYear":"2025","copyrightHolder":{"@id":"https:\/\/www.gaveanews.com\/#organization"}},{"@type":"WebPage","@id":"https:\/\/www.gaveanews.com\/index.php\/2025\/01\/24\/a-declaracao-de-cafu-direcionada-ao-sao-paulo\/","url":"https:\/\/www.gaveanews.com\/index.php\/2025\/01\/24\/a-declaracao-de-cafu-direcionada-ao-sao-paulo\/","name":"A declara\u00e7\u00e3o de Cafu direcionada ao S\u00e3o Paulo","isPartOf":{"@id":"https:\/\/www.gaveanews.com\/#website"},"primaryImageOfPage":{"@id":"https:\/\/www.gaveanews.com\/index.php\/2025\/01\/24\/a-declaracao-de-cafu-direcionada-ao-sao-paulo\/#primaryimage"},"image":{"@id":"https:\/\/www.gaveanews.com\/index.php\/2025\/01\/24\/a-declaracao-de-cafu-direcionada-ao-sao-paulo\/#primaryimage"},"thumbnailUrl":"https:\/\/www.gaveanews.com\/wp-content\/uploads\/cafu-ex-jogador.webp","datePublished":"2025-01-24T21:20:00+00:00","author":{"@id":"https:\/\/www.gaveanews.com\/#\/schema\/person\/32fddefab25b466689f181be346cd98c"},"breadcrumb":{"@id":"https:\/\/www.gaveanews.com\/index.php\/2025\/01\/24\/a-declaracao-de-cafu-direcionada-ao-sao-paulo\/#breadcrumb"},"inLanguage":"pt-BR","potentialAction":[{"@type":"ReadAction","target":["https:\/\/www.gaveanews.com\/index.php\/2025\/01\/24\/a-declaracao-de-cafu-direcionada-ao-sao-paulo\/"]}]},{"@type":"ImageObject","inLanguage":"pt-BR","@id":"https:\/\/www.gaveanews.com\/index.php\/2025\/01\/24\/a-declaracao-de-cafu-direcionada-ao-sao-paulo\/#primaryimage","url":"https:\/\/www.gaveanews.com\/wp-content\/uploads\/cafu-ex-jogador.webp","contentUrl":"https:\/\/www.gaveanews.com\/wp-content\/uploads\/cafu-ex-jogador.webp","width":900,"height":599,"caption":"Ex-jogador Cafu (Foto: Reprodu\u00e7\u00e3o)"},{"@type":"BreadcrumbList","@id":"https:\/\/www.gaveanews.com\/index.php\/2025\/01\/24\/a-declaracao-de-cafu-direcionada-ao-sao-paulo\/#breadcrumb","itemListElement":[{"@type":"ListItem","position":1,"name":"Home","item":"https:\/\/www.gaveanews.com\/"},{"@type":"ListItem","position":2,"name":"A declara\u00e7\u00e3o de Cafu direcionada ao S\u00e3o Paulo"}]},{"@type":"WebSite","@id":"https:\/\/www.gaveanews.com\/#website","url":"https:\/\/www.gaveanews.com\/","name":"G\u00e1vea News","description":"Veja todas as not\u00edcias sobre o Flamengo: Contrata\u00e7\u00f5es, categorias de base, resultados das partidas, tabela de classifica\u00e7\u00e3o, pr\u00f3ximos jogos!","potentialAction":[{"@type":"SearchAction","target":{"@type":"EntryPoint","urlTemplate":"https:\/\/www.gaveanews.com\/?s={search_term_string}"},"query-input":{"@type":"PropertyValueSpecification","valueRequired":true,"valueName":"search_term_string"}}],"inLanguage":"pt-BR"},{"@type":"Person","@id":"https:\/\/www.gaveanews.com\/#\/schema\/person\/32fddefab25b466689f181be346cd98c","name":"Bruno Zanchetta","image":{"@type":"ImageObject","inLanguage":"pt-BR","@id":"https:\/\/www.gaveanews.com\/#\/schema\/person\/image\/","url":"https:\/\/secure.gravatar.com\/avatar\/3ba2d39f8a912ad65276975a996d6ad8d9e3dd13448684be8dc4d7c17099d2ee?s=96&d=mm&r=g","contentUrl":"https:\/\/secure.gravatar.com\/avatar\/3ba2d39f8a912ad65276975a996d6ad8d9e3dd13448684be8dc4d7c17099d2ee?s=96&d=mm&r=g","caption":"Bruno Zanchetta"}}]}},"_links":{"self":[{"href":"https:\/\/www.gaveanews.com\/index.php\/wp-json\/wp\/v2\/posts\/217390","targetHints":{"allow":["GET"]}}],"collection":[{"href":"https:\/\/www.gaveanews.com\/index.php\/wp-json\/wp\/v2\/posts"}],"about":[{"href":"https:\/\/www.gaveanews.com\/index.php\/wp-json\/wp\/v2\/types\/post"}],"author":[{"embeddable":true,"href":"https:\/\/www.gaveanews.com\/index.php\/wp-json\/wp\/v2\/users\/19"}],"replies":[{"embeddable":true,"href":"https:\/\/www.gaveanews.com\/index.php\/wp-json\/wp\/v2\/comments?post=217390"}],"version-history":[{"count":2,"href":"https:\/\/www.gaveanews.com\/index.php\/wp-json\/wp\/v2\/posts\/217390\/revisions"}],"predecessor-version":[{"id":217577,"href":"https:\/\/www.gaveanews.com\/index.php\/wp-json\/wp\/v2\/posts\/217390\/revisions\/217577"}],"wp:featuredmedia":[{"embeddable":true,"href":"https:\/\/www.gaveanews.com\/index.php\/wp-json\/wp\/v2\/media\/107693"}],"wp:attachment":[{"href":"https:\/\/www.gaveanews.com\/index.php\/wp-json\/wp\/v2\/media?parent=217390"}],"wp:term":[{"taxonomy":"category","embeddable":true,"href":"https:\/\/www.gaveanews.com\/index.php\/wp-json\/wp\/v2\/categories?post=217390"},{"taxonomy":"post_tag","embeddable":true,"href":"https:\/\/www.gaveanews.com\/index.php\/wp-json\/wp\/v2\/tags?post=217390"}],"curies":[{"name":"wp","href":"https:\/\/api.w.org\/{rel}","templated":true}]}}