{"id":217445,"date":"2025-01-24T14:06:44","date_gmt":"2025-01-24T17:06:44","guid":{"rendered":"https:\/\/www.gaveanews.com\/?p=217445"},"modified":"2025-01-24T14:06:49","modified_gmt":"2025-01-24T17:06:49","slug":"cafu-da-declaracao-ousada-sobre-fernando-diniz-na-selecao-brasileira","status":"publish","type":"post","link":"https:\/\/www.gaveanews.com\/index.php\/2025\/01\/24\/cafu-da-declaracao-ousada-sobre-fernando-diniz-na-selecao-brasileira\/","title":{"rendered":"Cafu d\u00e1 declara\u00e7\u00e3o ousada sobre Fernando Diniz na Sele\u00e7\u00e3o Brasileira"},"content":{"rendered":"\n<p>Fernando Diniz, atual treinador do Cruzeiro, viveu um momento dif\u00edcil \u00e0 frente da Sele\u00e7\u00e3o Brasileira. Contratado no final de julho de 2023, ele foi demitido em janeiro de 2024 ap\u00f3s uma s\u00e9rie de resultados negativos. Cafu, capit\u00e3o da sele\u00e7\u00e3o e campe\u00e3o mundial em 2002, declarou que, se estivesse no comando, n\u00e3o teria demitido Diniz.<\/p>\n\n\n\n<ul class=\"wp-block-list\">\n<li><a href=\"https:\/\/www.gaveanews.com\/index.php\/2024\/12\/17\/declaracao-de-cafu-recado-de-flavio-prado-e-futuro-de-luciano-as-ultimas-noticias-do-sao-paulo\/\">Declara\u00e7\u00e3o de Cafu, recado de Fl\u00e1vio Prado e futuro de Luciano: as \u00faltimas not\u00edcias do S\u00e3o Paulo<\/a><\/li>\n\n\n\n<li><a href=\"https:\/\/www.gaveanews.com\/index.php\/2022\/10\/29\/david-luiz-do-flamengo-faz-historia-e-entra-para-grupo-seleto-com-dida-cafu-tevez-ronaldinho-gaucho-neymar-e-rafinha\/\">David Luiz, do Flamengo, faz hist\u00f3ria e entra para grupo seleto com Dida, Cafu, T\u00e9vez, Ronaldinho Ga\u00facho, Neymar e Rafinha<\/a><\/li>\n<\/ul>\n\n\n\n<p>\u201cA troca eu n\u00e3o teria feito. Mas como trocou, como torceu para o nosso treinador, eu n\u00e3o teria feito. Eu teria deixado o Diniz. Foi o que eu falei l\u00e1 no come\u00e7o. N\u00f3s passamos por quatro treinadores quase. Em menos de quatro anos para uma Copa do Mundo\u201d, disse em entrevista ao GE (Globo Esporte), divulgada hoje, sexta-feira (24).<\/p>\n\n\n\n<p>\u201cComo \u00e9 que voc\u00ea entrosa o time? Voc\u00ea n\u00e3o entrosa, vem de um padr\u00e3o de jogo do Diniz que \u00e9 completamente diferente do padr\u00e3o de jogo do Dorival, que \u00e9 completamente diferente do padr\u00e3o de jogo do Tite\u201d, completou. Dorival J\u00fanior foi o escolhido para substituir Fernando Diniz no comando da Sele\u00e7\u00e3o Brasileira. Ex-treinador de clubes como S\u00e3o Paulo e Flamengo, ele foi oficialmente anunciado no dia 10 de janeiro. At\u00e9 o momento, Dorival acumula seis vit\u00f3rias, sete empates e uma derrota \u00e0 frente da equipe.<\/p>\n\n\n\n<h2 class=\"wp-block-heading\" id=\"h-cafu-falou-tambem-sobre-o-comando-de-tite\">Cafu falou tamb\u00e9m sobre o comando de Tite<\/h2>\n\n\n\n<p>\u201cLembra que depois de 70, n\u00f3s ficamos 24 anos sem conquistar t\u00edtulo. E passamos com grandes jogadores na sele\u00e7\u00e3o brasileira tamb\u00e9m, com grandes treinadores que repetiram algumas Copas. Eu sempre costumo falar, sempre que existe uma derrota dentro de uma sele\u00e7\u00e3o brasileira, o maior culpado somos n\u00f3s, os jogadores. O treinador, ele tem o esquema t\u00e1tico, ele tem o seu percentual de culpa, mas a maioria das vezes o culpado somos n\u00f3s, porque somos n\u00f3s que entramos dentro de campo. Voc\u00ea falou bem, o Tite ficou seis anos, n\u00e3o conseguiu um t\u00edtulo, outros treinadores ficaram tamb\u00e9m oito anos e n\u00e3o conquistaram o t\u00edtulo.\u201d<\/p>\n\n\n\n<h2 class=\"wp-block-heading\" id=\"h-comando-de-fernando-diniz\">Comando de Fernando Diniz<\/h2>\n\n\n\n<p>Fernando Diniz foi contratado no final de julho de 2023 com a miss\u00e3o de comandar a Sele\u00e7\u00e3o Brasileira at\u00e9 junho de 2024, per\u00edodo em que Ednaldo Rodrigues acreditava que o t\u00e9cnico italiano Carlo Ancelotti assumiria o cargo para o ciclo at\u00e9 2026. Durante esse tempo, Diniz continuou \u00e0 frente do Fluminense, acumulando as duas fun\u00e7\u00f5es.<\/p>\n\n\n\n<p>No entanto, Ancelotti renovou seu contrato com o Real Madrid, o que fez com que Ednaldo Rodrigues reconsiderasse a perman\u00eancia de Diniz no cargo. Em seis jogos \u00e0 frente da Sele\u00e7\u00e3o Brasileira, Diniz conquistou apenas duas vit\u00f3rias, com um empate e tr\u00eas derrotas. O time terminou o ano na sexta coloca\u00e7\u00e3o das Eliminat\u00f3rias, estando no limite da classifica\u00e7\u00e3o para a Copa do Mundo de 2026.<\/p>\n","protected":false},"excerpt":{"rendered":"<p>Fernando Diniz, atual treinador do Cruzeiro, viveu um momento dif\u00edcil \u00e0 frente da Sele\u00e7\u00e3o Brasileira. Contratado no final de julho de 2023, ele foi demitido em janeiro de 2024 ap\u00f3s uma s\u00e9rie de resultados negativos. Cafu, capit\u00e3o da sele\u00e7\u00e3o e campe\u00e3o mundial em 2002, declarou que, se estivesse no comando, n\u00e3o teria demitido Diniz. \u201cA [&hellip;]<\/p>\n","protected":false},"author":31,"featured_media":107693,"comment_status":"open","ping_status":"closed","sticky":false,"template":"","format":"standard","meta":{"footnotes":""},"categories":[478],"tags":[],"class_list":["post-217445","post","type-post","status-publish","format-standard","has-post-thumbnail","hentry","category-brasil"],"yoast_head":"<!-- This site is optimized with the Yoast SEO Premium plugin v24.2 (Yoast SEO v26.9) - https:\/\/yoast.com\/product\/yoast-seo-premium-wordpress\/ -->\n<title>Cafu d\u00e1 declara\u00e7\u00e3o ousada sobre Fernando Diniz na Sele\u00e7\u00e3o Brasileira<\/title>\n<meta name=\"robots\" content=\"index, follow, max-snippet:-1, max-image-preview:large, max-video-preview:-1\" \/>\n<link rel=\"canonical\" href=\"https:\/\/www.gaveanews.com\/index.php\/2025\/01\/24\/cafu-da-declaracao-ousada-sobre-fernando-diniz-na-selecao-brasileira\/\" \/>\n<meta property=\"og:locale\" content=\"pt_BR\" \/>\n<meta property=\"og:type\" content=\"article\" \/>\n<meta property=\"og:title\" content=\"Cafu d\u00e1 declara\u00e7\u00e3o ousada sobre Fernando Diniz na Sele\u00e7\u00e3o Brasileira\" \/>\n<meta property=\"og:description\" content=\"Fernando Diniz, atual treinador do Cruzeiro, viveu um momento dif\u00edcil \u00e0 frente da Sele\u00e7\u00e3o Brasileira. Contratado no final de julho de 2023, ele foi demitido em janeiro de 2024 ap\u00f3s uma s\u00e9rie de resultados negativos. Cafu, capit\u00e3o da sele\u00e7\u00e3o e campe\u00e3o mundial em 2002, declarou que, se estivesse no comando, n\u00e3o teria demitido Diniz. \u201cA [&hellip;]\" \/>\n<meta property=\"og:url\" content=\"https:\/\/www.gaveanews.com\/index.php\/2025\/01\/24\/cafu-da-declaracao-ousada-sobre-fernando-diniz-na-selecao-brasileira\/\" \/>\n<meta property=\"og:site_name\" content=\"G\u00e1vea News\" \/>\n<meta property=\"article:publisher\" content=\"https:\/\/facebook.com\/gaveaNews\/\" \/>\n<meta property=\"article:published_time\" content=\"2025-01-24T17:06:44+00:00\" \/>\n<meta property=\"article:modified_time\" content=\"2025-01-24T17:06:49+00:00\" \/>\n<meta property=\"og:image\" content=\"http:\/\/www.gaveanews.com\/wp-content\/uploads\/cafu-ex-jogador.webp\" \/>\n\t<meta property=\"og:image:width\" content=\"900\" \/>\n\t<meta property=\"og:image:height\" content=\"599\" \/>\n\t<meta property=\"og:image:type\" content=\"image\/jpeg\" \/>\n<meta name=\"author\" content=\"Michel Camargo\" \/>\n<meta name=\"twitter:card\" content=\"summary_large_image\" \/>\n<meta name=\"twitter:label1\" content=\"Escrito por\" \/>\n\t<meta name=\"twitter:data1\" content=\"Michel Camargo\" \/>\n\t<meta name=\"twitter:label2\" content=\"Est. tempo de leitura\" \/>\n\t<meta name=\"twitter:data2\" content=\"3 minutos\" \/>\n<script type=\"application\/ld+json\" class=\"yoast-schema-graph\">{\"@context\":\"https:\/\/schema.org\",\"@graph\":[{\"@type\":\"NewsArticle\",\"@id\":\"https:\/\/www.gaveanews.com\/index.php\/2025\/01\/24\/cafu-da-declaracao-ousada-sobre-fernando-diniz-na-selecao-brasileira\/#article\",\"isPartOf\":{\"@id\":\"https:\/\/www.gaveanews.com\/index.php\/2025\/01\/24\/cafu-da-declaracao-ousada-sobre-fernando-diniz-na-selecao-brasileira\/\"},\"author\":{\"name\":\"Michel Camargo\",\"@id\":\"https:\/\/www.gaveanews.com\/#\/schema\/person\/6f5583f09aa4bcc9866a7360b5604486\"},\"headline\":\"Cafu d\u00e1 declara\u00e7\u00e3o ousada sobre Fernando Diniz na Sele\u00e7\u00e3o Brasileira\",\"datePublished\":\"2025-01-24T17:06:44+00:00\",\"dateModified\":\"2025-01-24T17:06:49+00:00\",\"mainEntityOfPage\":{\"@id\":\"https:\/\/www.gaveanews.com\/index.php\/2025\/01\/24\/cafu-da-declaracao-ousada-sobre-fernando-diniz-na-selecao-brasileira\/\"},\"wordCount\":519,\"commentCount\":0,\"image\":{\"@id\":\"https:\/\/www.gaveanews.com\/index.php\/2025\/01\/24\/cafu-da-declaracao-ousada-sobre-fernando-diniz-na-selecao-brasileira\/#primaryimage\"},\"thumbnailUrl\":\"https:\/\/www.gaveanews.com\/wp-content\/uploads\/cafu-ex-jogador.webp\",\"articleSection\":[\"Brasil\"],\"inLanguage\":\"pt-BR\",\"potentialAction\":[{\"@type\":\"CommentAction\",\"name\":\"Comment\",\"target\":[\"https:\/\/www.gaveanews.com\/index.php\/2025\/01\/24\/cafu-da-declaracao-ousada-sobre-fernando-diniz-na-selecao-brasileira\/#respond\"]}],\"copyrightYear\":\"2025\",\"copyrightHolder\":{\"@id\":\"https:\/\/www.gaveanews.com\/#organization\"}},{\"@type\":\"WebPage\",\"@id\":\"https:\/\/www.gaveanews.com\/index.php\/2025\/01\/24\/cafu-da-declaracao-ousada-sobre-fernando-diniz-na-selecao-brasileira\/\",\"url\":\"https:\/\/www.gaveanews.com\/index.php\/2025\/01\/24\/cafu-da-declaracao-ousada-sobre-fernando-diniz-na-selecao-brasileira\/\",\"name\":\"Cafu d\u00e1 declara\u00e7\u00e3o ousada sobre Fernando Diniz na Sele\u00e7\u00e3o Brasileira\",\"isPartOf\":{\"@id\":\"https:\/\/www.gaveanews.com\/#website\"},\"primaryImageOfPage\":{\"@id\":\"https:\/\/www.gaveanews.com\/index.php\/2025\/01\/24\/cafu-da-declaracao-ousada-sobre-fernando-diniz-na-selecao-brasileira\/#primaryimage\"},\"image\":{\"@id\":\"https:\/\/www.gaveanews.com\/index.php\/2025\/01\/24\/cafu-da-declaracao-ousada-sobre-fernando-diniz-na-selecao-brasileira\/#primaryimage\"},\"thumbnailUrl\":\"https:\/\/www.gaveanews.com\/wp-content\/uploads\/cafu-ex-jogador.webp\",\"datePublished\":\"2025-01-24T17:06:44+00:00\",\"dateModified\":\"2025-01-24T17:06:49+00:00\",\"author\":{\"@id\":\"https:\/\/www.gaveanews.com\/#\/schema\/person\/6f5583f09aa4bcc9866a7360b5604486\"},\"breadcrumb\":{\"@id\":\"https:\/\/www.gaveanews.com\/index.php\/2025\/01\/24\/cafu-da-declaracao-ousada-sobre-fernando-diniz-na-selecao-brasileira\/#breadcrumb\"},\"inLanguage\":\"pt-BR\",\"potentialAction\":[{\"@type\":\"ReadAction\",\"target\":[\"https:\/\/www.gaveanews.com\/index.php\/2025\/01\/24\/cafu-da-declaracao-ousada-sobre-fernando-diniz-na-selecao-brasileira\/\"]}]},{\"@type\":\"ImageObject\",\"inLanguage\":\"pt-BR\",\"@id\":\"https:\/\/www.gaveanews.com\/index.php\/2025\/01\/24\/cafu-da-declaracao-ousada-sobre-fernando-diniz-na-selecao-brasileira\/#primaryimage\",\"url\":\"https:\/\/www.gaveanews.com\/wp-content\/uploads\/cafu-ex-jogador.webp\",\"contentUrl\":\"https:\/\/www.gaveanews.com\/wp-content\/uploads\/cafu-ex-jogador.webp\",\"width\":900,\"height\":599,\"caption\":\"Ex-jogador Cafu (Foto: Reprodu\u00e7\u00e3o)\"},{\"@type\":\"BreadcrumbList\",\"@id\":\"https:\/\/www.gaveanews.com\/index.php\/2025\/01\/24\/cafu-da-declaracao-ousada-sobre-fernando-diniz-na-selecao-brasileira\/#breadcrumb\",\"itemListElement\":[{\"@type\":\"ListItem\",\"position\":1,\"name\":\"Home\",\"item\":\"https:\/\/www.gaveanews.com\/\"},{\"@type\":\"ListItem\",\"position\":2,\"name\":\"Cafu d\u00e1 declara\u00e7\u00e3o ousada sobre Fernando Diniz na Sele\u00e7\u00e3o Brasileira\"}]},{\"@type\":\"WebSite\",\"@id\":\"https:\/\/www.gaveanews.com\/#website\",\"url\":\"https:\/\/www.gaveanews.com\/\",\"name\":\"G\u00e1vea News\",\"description\":\"Veja todas as not\u00edcias sobre o Flamengo: Contrata\u00e7\u00f5es, categorias de base, resultados das partidas, tabela de classifica\u00e7\u00e3o, pr\u00f3ximos jogos!\",\"potentialAction\":[{\"@type\":\"SearchAction\",\"target\":{\"@type\":\"EntryPoint\",\"urlTemplate\":\"https:\/\/www.gaveanews.com\/?s={search_term_string}\"},\"query-input\":{\"@type\":\"PropertyValueSpecification\",\"valueRequired\":true,\"valueName\":\"search_term_string\"}}],\"inLanguage\":\"pt-BR\"},{\"@type\":\"Person\",\"@id\":\"https:\/\/www.gaveanews.com\/#\/schema\/person\/6f5583f09aa4bcc9866a7360b5604486\",\"name\":\"Michel Camargo\",\"image\":{\"@type\":\"ImageObject\",\"inLanguage\":\"pt-BR\",\"@id\":\"https:\/\/www.gaveanews.com\/#\/schema\/person\/image\/\",\"url\":\"https:\/\/secure.gravatar.com\/avatar\/59285e68c26a1d55b30461b1bb1cc6534e5c51ef836b39890a73916a1db2d486?s=96&d=mm&r=g\",\"contentUrl\":\"https:\/\/secure.gravatar.com\/avatar\/59285e68c26a1d55b30461b1bb1cc6534e5c51ef836b39890a73916a1db2d486?s=96&d=mm&r=g\",\"caption\":\"Michel Camargo\"}}]}<\/script>\n<!-- \/ Yoast SEO Premium plugin. -->","yoast_head_json":{"title":"Cafu d\u00e1 declara\u00e7\u00e3o ousada sobre Fernando Diniz na Sele\u00e7\u00e3o Brasileira","robots":{"index":"index","follow":"follow","max-snippet":"max-snippet:-1","max-image-preview":"max-image-preview:large","max-video-preview":"max-video-preview:-1"},"canonical":"https:\/\/www.gaveanews.com\/index.php\/2025\/01\/24\/cafu-da-declaracao-ousada-sobre-fernando-diniz-na-selecao-brasileira\/","og_locale":"pt_BR","og_type":"article","og_title":"Cafu d\u00e1 declara\u00e7\u00e3o ousada sobre Fernando Diniz na Sele\u00e7\u00e3o Brasileira","og_description":"Fernando Diniz, atual treinador do Cruzeiro, viveu um momento dif\u00edcil \u00e0 frente da Sele\u00e7\u00e3o Brasileira. Contratado no final de julho de 2023, ele foi demitido em janeiro de 2024 ap\u00f3s uma s\u00e9rie de resultados negativos. Cafu, capit\u00e3o da sele\u00e7\u00e3o e campe\u00e3o mundial em 2002, declarou que, se estivesse no comando, n\u00e3o teria demitido Diniz. \u201cA [&hellip;]","og_url":"https:\/\/www.gaveanews.com\/index.php\/2025\/01\/24\/cafu-da-declaracao-ousada-sobre-fernando-diniz-na-selecao-brasileira\/","og_site_name":"G\u00e1vea News","article_publisher":"https:\/\/facebook.com\/gaveaNews\/","article_published_time":"2025-01-24T17:06:44+00:00","article_modified_time":"2025-01-24T17:06:49+00:00","og_image":[{"width":900,"height":599,"url":"http:\/\/www.gaveanews.com\/wp-content\/uploads\/cafu-ex-jogador.webp","type":"image\/jpeg"}],"author":"Michel Camargo","twitter_card":"summary_large_image","twitter_misc":{"Escrito por":"Michel Camargo","Est. tempo de leitura":"3 minutos"},"schema":{"@context":"https:\/\/schema.org","@graph":[{"@type":"NewsArticle","@id":"https:\/\/www.gaveanews.com\/index.php\/2025\/01\/24\/cafu-da-declaracao-ousada-sobre-fernando-diniz-na-selecao-brasileira\/#article","isPartOf":{"@id":"https:\/\/www.gaveanews.com\/index.php\/2025\/01\/24\/cafu-da-declaracao-ousada-sobre-fernando-diniz-na-selecao-brasileira\/"},"author":{"name":"Michel Camargo","@id":"https:\/\/www.gaveanews.com\/#\/schema\/person\/6f5583f09aa4bcc9866a7360b5604486"},"headline":"Cafu d\u00e1 declara\u00e7\u00e3o ousada sobre Fernando Diniz na Sele\u00e7\u00e3o Brasileira","datePublished":"2025-01-24T17:06:44+00:00","dateModified":"2025-01-24T17:06:49+00:00","mainEntityOfPage":{"@id":"https:\/\/www.gaveanews.com\/index.php\/2025\/01\/24\/cafu-da-declaracao-ousada-sobre-fernando-diniz-na-selecao-brasileira\/"},"wordCount":519,"commentCount":0,"image":{"@id":"https:\/\/www.gaveanews.com\/index.php\/2025\/01\/24\/cafu-da-declaracao-ousada-sobre-fernando-diniz-na-selecao-brasileira\/#primaryimage"},"thumbnailUrl":"https:\/\/www.gaveanews.com\/wp-content\/uploads\/cafu-ex-jogador.webp","articleSection":["Brasil"],"inLanguage":"pt-BR","potentialAction":[{"@type":"CommentAction","name":"Comment","target":["https:\/\/www.gaveanews.com\/index.php\/2025\/01\/24\/cafu-da-declaracao-ousada-sobre-fernando-diniz-na-selecao-brasileira\/#respond"]}],"copyrightYear":"2025","copyrightHolder":{"@id":"https:\/\/www.gaveanews.com\/#organization"}},{"@type":"WebPage","@id":"https:\/\/www.gaveanews.com\/index.php\/2025\/01\/24\/cafu-da-declaracao-ousada-sobre-fernando-diniz-na-selecao-brasileira\/","url":"https:\/\/www.gaveanews.com\/index.php\/2025\/01\/24\/cafu-da-declaracao-ousada-sobre-fernando-diniz-na-selecao-brasileira\/","name":"Cafu d\u00e1 declara\u00e7\u00e3o ousada sobre Fernando Diniz na Sele\u00e7\u00e3o Brasileira","isPartOf":{"@id":"https:\/\/www.gaveanews.com\/#website"},"primaryImageOfPage":{"@id":"https:\/\/www.gaveanews.com\/index.php\/2025\/01\/24\/cafu-da-declaracao-ousada-sobre-fernando-diniz-na-selecao-brasileira\/#primaryimage"},"image":{"@id":"https:\/\/www.gaveanews.com\/index.php\/2025\/01\/24\/cafu-da-declaracao-ousada-sobre-fernando-diniz-na-selecao-brasileira\/#primaryimage"},"thumbnailUrl":"https:\/\/www.gaveanews.com\/wp-content\/uploads\/cafu-ex-jogador.webp","datePublished":"2025-01-24T17:06:44+00:00","dateModified":"2025-01-24T17:06:49+00:00","author":{"@id":"https:\/\/www.gaveanews.com\/#\/schema\/person\/6f5583f09aa4bcc9866a7360b5604486"},"breadcrumb":{"@id":"https:\/\/www.gaveanews.com\/index.php\/2025\/01\/24\/cafu-da-declaracao-ousada-sobre-fernando-diniz-na-selecao-brasileira\/#breadcrumb"},"inLanguage":"pt-BR","potentialAction":[{"@type":"ReadAction","target":["https:\/\/www.gaveanews.com\/index.php\/2025\/01\/24\/cafu-da-declaracao-ousada-sobre-fernando-diniz-na-selecao-brasileira\/"]}]},{"@type":"ImageObject","inLanguage":"pt-BR","@id":"https:\/\/www.gaveanews.com\/index.php\/2025\/01\/24\/cafu-da-declaracao-ousada-sobre-fernando-diniz-na-selecao-brasileira\/#primaryimage","url":"https:\/\/www.gaveanews.com\/wp-content\/uploads\/cafu-ex-jogador.webp","contentUrl":"https:\/\/www.gaveanews.com\/wp-content\/uploads\/cafu-ex-jogador.webp","width":900,"height":599,"caption":"Ex-jogador Cafu (Foto: Reprodu\u00e7\u00e3o)"},{"@type":"BreadcrumbList","@id":"https:\/\/www.gaveanews.com\/index.php\/2025\/01\/24\/cafu-da-declaracao-ousada-sobre-fernando-diniz-na-selecao-brasileira\/#breadcrumb","itemListElement":[{"@type":"ListItem","position":1,"name":"Home","item":"https:\/\/www.gaveanews.com\/"},{"@type":"ListItem","position":2,"name":"Cafu d\u00e1 declara\u00e7\u00e3o ousada sobre Fernando Diniz na Sele\u00e7\u00e3o Brasileira"}]},{"@type":"WebSite","@id":"https:\/\/www.gaveanews.com\/#website","url":"https:\/\/www.gaveanews.com\/","name":"G\u00e1vea News","description":"Veja todas as not\u00edcias sobre o Flamengo: Contrata\u00e7\u00f5es, categorias de base, resultados das partidas, tabela de classifica\u00e7\u00e3o, pr\u00f3ximos jogos!","potentialAction":[{"@type":"SearchAction","target":{"@type":"EntryPoint","urlTemplate":"https:\/\/www.gaveanews.com\/?s={search_term_string}"},"query-input":{"@type":"PropertyValueSpecification","valueRequired":true,"valueName":"search_term_string"}}],"inLanguage":"pt-BR"},{"@type":"Person","@id":"https:\/\/www.gaveanews.com\/#\/schema\/person\/6f5583f09aa4bcc9866a7360b5604486","name":"Michel Camargo","image":{"@type":"ImageObject","inLanguage":"pt-BR","@id":"https:\/\/www.gaveanews.com\/#\/schema\/person\/image\/","url":"https:\/\/secure.gravatar.com\/avatar\/59285e68c26a1d55b30461b1bb1cc6534e5c51ef836b39890a73916a1db2d486?s=96&d=mm&r=g","contentUrl":"https:\/\/secure.gravatar.com\/avatar\/59285e68c26a1d55b30461b1bb1cc6534e5c51ef836b39890a73916a1db2d486?s=96&d=mm&r=g","caption":"Michel Camargo"}}]}},"_links":{"self":[{"href":"https:\/\/www.gaveanews.com\/index.php\/wp-json\/wp\/v2\/posts\/217445","targetHints":{"allow":["GET"]}}],"collection":[{"href":"https:\/\/www.gaveanews.com\/index.php\/wp-json\/wp\/v2\/posts"}],"about":[{"href":"https:\/\/www.gaveanews.com\/index.php\/wp-json\/wp\/v2\/types\/post"}],"author":[{"embeddable":true,"href":"https:\/\/www.gaveanews.com\/index.php\/wp-json\/wp\/v2\/users\/31"}],"replies":[{"embeddable":true,"href":"https:\/\/www.gaveanews.com\/index.php\/wp-json\/wp\/v2\/comments?post=217445"}],"version-history":[{"count":1,"href":"https:\/\/www.gaveanews.com\/index.php\/wp-json\/wp\/v2\/posts\/217445\/revisions"}],"predecessor-version":[{"id":217449,"href":"https:\/\/www.gaveanews.com\/index.php\/wp-json\/wp\/v2\/posts\/217445\/revisions\/217449"}],"wp:featuredmedia":[{"embeddable":true,"href":"https:\/\/www.gaveanews.com\/index.php\/wp-json\/wp\/v2\/media\/107693"}],"wp:attachment":[{"href":"https:\/\/www.gaveanews.com\/index.php\/wp-json\/wp\/v2\/media?parent=217445"}],"wp:term":[{"taxonomy":"category","embeddable":true,"href":"https:\/\/www.gaveanews.com\/index.php\/wp-json\/wp\/v2\/categories?post=217445"},{"taxonomy":"post_tag","embeddable":true,"href":"https:\/\/www.gaveanews.com\/index.php\/wp-json\/wp\/v2\/tags?post=217445"}],"curies":[{"name":"wp","href":"https:\/\/api.w.org\/{rel}","templated":true}]}}