{"id":217512,"date":"2025-01-24T16:30:00","date_gmt":"2025-01-24T19:30:00","guid":{"rendered":"https:\/\/www.gaveanews.com\/?p=217512"},"modified":"2025-01-24T16:01:59","modified_gmt":"2025-01-24T19:01:59","slug":"declaracao-de-zinho-chegada-de-wendell-e-recado-de-muller-as-ultimas-noticias-do-sao-paulo","status":"publish","type":"post","link":"https:\/\/www.gaveanews.com\/index.php\/2025\/01\/24\/declaracao-de-zinho-chegada-de-wendell-e-recado-de-muller-as-ultimas-noticias-do-sao-paulo\/","title":{"rendered":"Declara\u00e7\u00e3o de Zinho, chegada de Wendell e recado de Muller: as \u00faltimas not\u00edcias do S\u00e3o Paulo"},"content":{"rendered":"\n<p>Nas \u00faltimas horas, o foco das not\u00edcias sobre o S\u00e3o Paulo se concentram nos bastidores do clube, com destaques do dia a dia do time.<\/p>\n\n\n\n<p>Por conta deste contexto, leia abaixo um resumo preparado pela equipe do portal G\u00e1vea News para lhe manter muito bem informado!<\/p>\n\n\n\n<h2 class=\"wp-block-heading\" id=\"h-recado-de-muller\">Recado de Muller<\/h2>\n\n\n\n<p>O ex-jogador e comentarista Muller criticou a falta de refor\u00e7os no S\u00e3o Paulo para a temporada, destacando que, no esquema do t\u00e9cnico Luis Zubeld\u00eda, dificilmente jogadores da base ter\u00e3o chances. Para Muller, o Tricolor precisa de novas contrata\u00e7\u00f5es para posi\u00e7\u00f5es espec\u00edficas, como lateral-direito, meia e atacante, especialmente devido ao calend\u00e1rio desgastante. Ele ainda ressaltou que o elenco atual est\u00e1 abaixo dos rivais, o que pode dificultar a disputa em competi\u00e7\u00f5es como Libertadores, Copa do Brasil e Brasileir\u00e3o <strong><a href=\"https:\/\/www.gaveanews.com\/index.php\/2025\/01\/17\/sao-paulo-a-declaracao-de-muller-direcionada-a-zulbedia-sobre-reforcos\/\">(leia a mat\u00e9ria completa).<\/a><\/strong><\/p>\n\n\n\n<figure class=\"wp-block-image size-full\"><img loading=\"lazy\" decoding=\"async\" width=\"750\" height=\"472\" src=\"http:\/\/www.gaveanews.com\/wp-content\/uploads\/muller-idolo-do-sao-paulo.webp\" alt=\"\" class=\"wp-image-205863\" srcset=\"https:\/\/www.gaveanews.com\/wp-content\/uploads\/muller-idolo-do-sao-paulo.webp 750w, https:\/\/www.gaveanews.com\/wp-content\/uploads\/muller-idolo-do-sao-paulo-300x189.webp 300w, https:\/\/www.gaveanews.com\/wp-content\/uploads\/muller-idolo-do-sao-paulo-667x420.webp 667w, https:\/\/www.gaveanews.com\/wp-content\/uploads\/muller-idolo-do-sao-paulo-640x403.webp 640w, https:\/\/www.gaveanews.com\/wp-content\/uploads\/muller-idolo-do-sao-paulo-681x429.webp 681w, https:\/\/www.gaveanews.com\/wp-content\/uploads\/muller-idolo-do-sao-paulo-100x63.webp 100w\" sizes=\"auto, (max-width: 750px) 100vw, 750px\" \/><figcaption class=\"wp-element-caption\">Muller \u00eddolo do s\u00e3o Paulo (Foto: Reprodu\u00e7\u00e3o\/Instagram)<\/figcaption><\/figure>\n\n\n\n<p>Zubeld\u00eda foi elogiado por sua abordagem em rodar o elenco, mas Muller refor\u00e7ou que as op\u00e7\u00f5es s\u00e3o insuficientes para enfrentar a competitividade dos torneios.<\/p>\n\n\n\n<p>O comentarista tamb\u00e9m opinou que Oscar, refor\u00e7o contratado pelo S\u00e3o Paulo, n\u00e3o \u00e9 suficiente para suprir as necessidades do time. Apesar disso, o t\u00e9cnico argentino segue explorando estrat\u00e9gias para maximizar o desempenho do elenco curto.<\/p>\n\n\n\n<p>O S\u00e3o Paulo iniciou a temporada empatando com o Cruzeiro por 1 a 1 no FC Series, torneio disputado nos Estados Unidos. O pr\u00f3ximo desafio do Tricolor ser\u00e1 contra o Flamengo, no domingo (19\/01), em Fort Lauderdale. Com um calend\u00e1rio exigente pela frente, o clube precisa equilibrar as expectativas enquanto busca poss\u00edveis refor\u00e7os no mercado.<\/p>\n\n\n\n<h2 class=\"wp-block-heading\" id=\"h-chegada-de-wendell\">Chegada de Wendell<\/h2>\n\n\n\n<p>A negocia\u00e7\u00e3o para a chegada de Wendell ao S\u00e3o Paulo est\u00e1 gerando expectativa entre os torcedores e tamb\u00e9m desafios nos bastidores. O presidente Julio Casares afirmou que espera que o Porto, clube atual do lateral-esquerdo, facilite sua libera\u00e7\u00e3o ainda em janeiro. Ap\u00f3s as sa\u00eddas de Welington para o Southampton e Jamal Lewis, que voltou ao Newcastle, a lateral-esquerda tornou-se uma lacuna importante no elenco tricolor. Wendell, cujo contrato com o Porto termina em junho, j\u00e1 assinou um pr\u00e9-contrato com o S\u00e3o Paulo e estar\u00e1 dispon\u00edvel no meio do ano caso n\u00e3o haja acordo para antecipar sua transfer\u00eancia <strong><a href=\"https:\/\/www.gaveanews.com\/index.php\/2025\/01\/17\/sao-paulo-casares-e-sincero-ao-falar-sobre-chegada-de-wendell\/\">(leia a mat\u00e9ria completa).<\/a><\/strong><\/p>\n\n\n\n<figure class=\"wp-block-image size-full\"><img loading=\"lazy\" decoding=\"async\" width=\"900\" height=\"475\" src=\"http:\/\/www.gaveanews.com\/wp-content\/uploads\/Casares-durante-entrevista-para-a-ESPN.webp\" alt=\"\" class=\"wp-image-148896\" srcset=\"https:\/\/www.gaveanews.com\/wp-content\/uploads\/Casares-durante-entrevista-para-a-ESPN.webp 900w, https:\/\/www.gaveanews.com\/wp-content\/uploads\/Casares-durante-entrevista-para-a-ESPN-300x158.webp 300w, https:\/\/www.gaveanews.com\/wp-content\/uploads\/Casares-durante-entrevista-para-a-ESPN-768x405.webp 768w, https:\/\/www.gaveanews.com\/wp-content\/uploads\/Casares-durante-entrevista-para-a-ESPN-796x420.webp 796w, https:\/\/www.gaveanews.com\/wp-content\/uploads\/Casares-durante-entrevista-para-a-ESPN-640x338.webp 640w, https:\/\/www.gaveanews.com\/wp-content\/uploads\/Casares-durante-entrevista-para-a-ESPN-681x359.webp 681w, https:\/\/www.gaveanews.com\/wp-content\/uploads\/Casares-durante-entrevista-para-a-ESPN-100x53.webp 100w\" sizes=\"auto, (max-width: 900px) 100vw, 900px\" \/><figcaption class=\"wp-element-caption\">Casares durante entrevista para a ESPN (Foto: Reprodu\u00e7\u00e3o\/ESPN)<\/figcaption><\/figure>\n\n\n\n<p>Casares destacou que Wendell \u00e9 um desejo antigo do clube, mencionado desde a Copa Am\u00e9rica. O atleta e seus representantes t\u00eam demonstrado interesse na transfer\u00eancia, mas a diretoria do Porto, insatisfeita com os movimentos do S\u00e3o Paulo, exige compensa\u00e7\u00e3o financeira para liber\u00e1-lo antes do prazo. Apesar disso, o presidente s\u00e3o-paulino mant\u00e9m a cautela, refor\u00e7ando que o clube trabalha com responsabilidade or\u00e7ament\u00e1ria e espera contar com o bom senso da equipe portuguesa.<\/p>\n\n\n\n<p>O S\u00e3o Paulo segue monitorando o mercado para refor\u00e7ar seu elenco e atender \u00e0s demandas do t\u00e9cnico Zubeld\u00eda. A lateral-esquerda, em especial, \u00e9 uma prioridade para manter a competitividade em 2025. Enquanto isso, Wendell permanece como uma grande esperan\u00e7a para a posi\u00e7\u00e3o, seja em janeiro ou no segundo semestre, dependendo das negocia\u00e7\u00f5es. O clube busca equilibrar refor\u00e7os com sustentabilidade financeira para alcan\u00e7ar seus objetivos na temporada.<\/p>\n\n\n\n<h2 class=\"wp-block-heading\" id=\"h-declaracao-de-zinho\">Declara\u00e7\u00e3o de Zinho<\/h2>\n\n\n\n<p>O comentarista Zinho, ex-jogador e atual comentarista da ESPN, destacou a import\u00e2ncia de Luciano, camisa 10 do S\u00e3o Paulo, no elenco comandado por Zubeld\u00eda. Ele comparou o atacante ao ex-meia do Flamengo, Everton Ribeiro, que sempre precisou provar seu valor mesmo com a chegada de novos refor\u00e7os. Segundo Zinho, Luciano \u00e9 pe\u00e7a-chave para o Tricolor e essencial para manter o time competitivo, mesmo com a chegada de Oscar, que assume um papel de destaque na equipe paulista<strong><a href=\"https:\/\/www.gaveanews.com\/index.php\/2025\/01\/17\/a-declaracao-de-zinho-direcionada-a-luciano-do-sao-paulo\/\"> (leia a mat\u00e9ria completa).<\/a><\/strong><\/p>\n\n\n\n<figure class=\"wp-block-image size-full\"><img loading=\"lazy\" decoding=\"async\" width=\"800\" height=\"450\" src=\"http:\/\/www.gaveanews.com\/wp-content\/uploads\/Zinho-ex-jogador-e-comentarista-esportivo.webp\" alt=\"\" class=\"wp-image-128167\" srcset=\"https:\/\/www.gaveanews.com\/wp-content\/uploads\/Zinho-ex-jogador-e-comentarista-esportivo.webp 800w, https:\/\/www.gaveanews.com\/wp-content\/uploads\/Zinho-ex-jogador-e-comentarista-esportivo-300x169.webp 300w, https:\/\/www.gaveanews.com\/wp-content\/uploads\/Zinho-ex-jogador-e-comentarista-esportivo-768x432.webp 768w, https:\/\/www.gaveanews.com\/wp-content\/uploads\/Zinho-ex-jogador-e-comentarista-esportivo-747x420.webp 747w, https:\/\/www.gaveanews.com\/wp-content\/uploads\/Zinho-ex-jogador-e-comentarista-esportivo-640x360.webp 640w, https:\/\/www.gaveanews.com\/wp-content\/uploads\/Zinho-ex-jogador-e-comentarista-esportivo-681x383.webp 681w, https:\/\/www.gaveanews.com\/wp-content\/uploads\/Zinho-ex-jogador-e-comentarista-esportivo-100x56.webp 100w\" sizes=\"auto, (max-width: 800px) 100vw, 800px\" \/><figcaption class=\"wp-element-caption\">Zinho ex-jogador e comentarista esportivo &#8211; Foto: Divulga\u00e7\u00e3o<\/figcaption><\/figure>\n\n\n\n<p>Luciano demonstrou comprometimento em permanecer no S\u00e3o Paulo, apesar de ter recebido propostas, incluindo uma oficial. Em entrevista coletiva, o atacante afirmou que decidiu continuar ap\u00f3s conversar com o t\u00e9cnico Zubeld\u00eda e sua fam\u00edlia, enfatizando seu desejo de construir uma hist\u00f3ria s\u00f3lida no clube. Na estreia do S\u00e3o Paulo na pr\u00e9-temporada contra o Cruzeiro, ele marcou o gol de empate, reafirmando sua relev\u00e2ncia em campo.<\/p>\n\n\n\n<p>Com uma proje\u00e7\u00e3o de jogo em que Luciano, Lucas Moura e Calleri podem atuar juntos, Zinho ressaltou a versatilidade do atacante, classificando-o como um segundo atacante de movimenta\u00e7\u00e3o. O pr\u00f3ximo desafio do S\u00e3o Paulo ser\u00e1 contra o Flamengo, pelo FC Series, em Fort Lauderdale. Luciano ter\u00e1 mais uma oportunidade de mostrar seu valor e justificar sua escolha de permanecer no clube para uma temporada que promete ser desafiadora.<\/p>\n","protected":false},"excerpt":{"rendered":"<p>Nas \u00faltimas horas, o foco das not\u00edcias sobre o S\u00e3o Paulo se concentram nos bastidores do clube, com destaques do dia a dia do time. Por conta deste contexto, leia abaixo um resumo preparado pela equipe do portal G\u00e1vea News para lhe manter muito bem informado! Recado de Muller O ex-jogador e comentarista Muller criticou [&hellip;]<\/p>\n","protected":false},"author":27,"featured_media":157734,"comment_status":"open","ping_status":"closed","sticky":false,"template":"","format":"standard","meta":{"footnotes":""},"categories":[151],"tags":[],"class_list":["post-217512","post","type-post","status-publish","format-standard","has-post-thumbnail","hentry","category-sao-paulo"],"yoast_head":"<!-- This site is optimized with the Yoast SEO Premium plugin v24.2 (Yoast SEO v26.9) - https:\/\/yoast.com\/product\/yoast-seo-premium-wordpress\/ -->\n<title>Declara\u00e7\u00e3o de Zinho, chegada de Wendell e recado de Muller: as \u00faltimas not\u00edcias do S\u00e3o Paulo<\/title>\n<meta name=\"robots\" content=\"index, follow, max-snippet:-1, max-image-preview:large, max-video-preview:-1\" \/>\n<link rel=\"canonical\" href=\"https:\/\/www.gaveanews.com\/index.php\/2025\/01\/24\/declaracao-de-zinho-chegada-de-wendell-e-recado-de-muller-as-ultimas-noticias-do-sao-paulo\/\" \/>\n<meta property=\"og:locale\" content=\"pt_BR\" \/>\n<meta property=\"og:type\" content=\"article\" \/>\n<meta property=\"og:title\" content=\"Declara\u00e7\u00e3o de Zinho, chegada de Wendell e recado de Muller: as \u00faltimas not\u00edcias do S\u00e3o Paulo\" \/>\n<meta property=\"og:description\" content=\"Nas \u00faltimas horas, o foco das not\u00edcias sobre o S\u00e3o Paulo se concentram nos bastidores do clube, com destaques do dia a dia do time. Por conta deste contexto, leia abaixo um resumo preparado pela equipe do portal G\u00e1vea News para lhe manter muito bem informado! Recado de Muller O ex-jogador e comentarista Muller criticou [&hellip;]\" \/>\n<meta property=\"og:url\" content=\"https:\/\/www.gaveanews.com\/index.php\/2025\/01\/24\/declaracao-de-zinho-chegada-de-wendell-e-recado-de-muller-as-ultimas-noticias-do-sao-paulo\/\" \/>\n<meta property=\"og:site_name\" content=\"G\u00e1vea News\" \/>\n<meta property=\"article:publisher\" content=\"https:\/\/facebook.com\/gaveaNews\/\" \/>\n<meta property=\"article:published_time\" content=\"2025-01-24T19:30:00+00:00\" \/>\n<meta property=\"og:image\" content=\"https:\/\/www.gaveanews.com\/wp-content\/uploads\/Elenco-do-Sao-Paulo.webp\" \/>\n\t<meta property=\"og:image:width\" content=\"1242\" \/>\n\t<meta property=\"og:image:height\" content=\"1235\" \/>\n\t<meta property=\"og:image:type\" content=\"image\/jpeg\" \/>\n<meta name=\"author\" content=\"Matheus Felipe\" \/>\n<meta name=\"twitter:card\" content=\"summary_large_image\" \/>\n<meta name=\"twitter:label1\" content=\"Escrito por\" \/>\n\t<meta name=\"twitter:data1\" content=\"Matheus Felipe\" \/>\n\t<meta name=\"twitter:label2\" content=\"Est. tempo de leitura\" \/>\n\t<meta name=\"twitter:data2\" content=\"5 minutos\" \/>\n<script type=\"application\/ld+json\" class=\"yoast-schema-graph\">{\"@context\":\"https:\/\/schema.org\",\"@graph\":[{\"@type\":\"NewsArticle\",\"@id\":\"https:\/\/www.gaveanews.com\/index.php\/2025\/01\/24\/declaracao-de-zinho-chegada-de-wendell-e-recado-de-muller-as-ultimas-noticias-do-sao-paulo\/#article\",\"isPartOf\":{\"@id\":\"https:\/\/www.gaveanews.com\/index.php\/2025\/01\/24\/declaracao-de-zinho-chegada-de-wendell-e-recado-de-muller-as-ultimas-noticias-do-sao-paulo\/\"},\"author\":{\"name\":\"Matheus Felipe\",\"@id\":\"https:\/\/www.gaveanews.com\/#\/schema\/person\/8207cd4627f56151707418bfc835b2fb\"},\"headline\":\"Declara\u00e7\u00e3o de Zinho, chegada de Wendell e recado de Muller: as \u00faltimas not\u00edcias do S\u00e3o Paulo\",\"datePublished\":\"2025-01-24T19:30:00+00:00\",\"mainEntityOfPage\":{\"@id\":\"https:\/\/www.gaveanews.com\/index.php\/2025\/01\/24\/declaracao-de-zinho-chegada-de-wendell-e-recado-de-muller-as-ultimas-noticias-do-sao-paulo\/\"},\"wordCount\":824,\"commentCount\":0,\"image\":{\"@id\":\"https:\/\/www.gaveanews.com\/index.php\/2025\/01\/24\/declaracao-de-zinho-chegada-de-wendell-e-recado-de-muller-as-ultimas-noticias-do-sao-paulo\/#primaryimage\"},\"thumbnailUrl\":\"https:\/\/www.gaveanews.com\/wp-content\/uploads\/Elenco-do-Sao-Paulo.webp\",\"articleSection\":[\"S\u00e3o Paulo\"],\"inLanguage\":\"pt-BR\",\"potentialAction\":[{\"@type\":\"CommentAction\",\"name\":\"Comment\",\"target\":[\"https:\/\/www.gaveanews.com\/index.php\/2025\/01\/24\/declaracao-de-zinho-chegada-de-wendell-e-recado-de-muller-as-ultimas-noticias-do-sao-paulo\/#respond\"]}],\"copyrightYear\":\"2025\",\"copyrightHolder\":{\"@id\":\"https:\/\/www.gaveanews.com\/#organization\"}},{\"@type\":\"WebPage\",\"@id\":\"https:\/\/www.gaveanews.com\/index.php\/2025\/01\/24\/declaracao-de-zinho-chegada-de-wendell-e-recado-de-muller-as-ultimas-noticias-do-sao-paulo\/\",\"url\":\"https:\/\/www.gaveanews.com\/index.php\/2025\/01\/24\/declaracao-de-zinho-chegada-de-wendell-e-recado-de-muller-as-ultimas-noticias-do-sao-paulo\/\",\"name\":\"Declara\u00e7\u00e3o de Zinho, chegada de Wendell e recado de Muller: as \u00faltimas not\u00edcias do S\u00e3o Paulo\",\"isPartOf\":{\"@id\":\"https:\/\/www.gaveanews.com\/#website\"},\"primaryImageOfPage\":{\"@id\":\"https:\/\/www.gaveanews.com\/index.php\/2025\/01\/24\/declaracao-de-zinho-chegada-de-wendell-e-recado-de-muller-as-ultimas-noticias-do-sao-paulo\/#primaryimage\"},\"image\":{\"@id\":\"https:\/\/www.gaveanews.com\/index.php\/2025\/01\/24\/declaracao-de-zinho-chegada-de-wendell-e-recado-de-muller-as-ultimas-noticias-do-sao-paulo\/#primaryimage\"},\"thumbnailUrl\":\"https:\/\/www.gaveanews.com\/wp-content\/uploads\/Elenco-do-Sao-Paulo.webp\",\"datePublished\":\"2025-01-24T19:30:00+00:00\",\"author\":{\"@id\":\"https:\/\/www.gaveanews.com\/#\/schema\/person\/8207cd4627f56151707418bfc835b2fb\"},\"breadcrumb\":{\"@id\":\"https:\/\/www.gaveanews.com\/index.php\/2025\/01\/24\/declaracao-de-zinho-chegada-de-wendell-e-recado-de-muller-as-ultimas-noticias-do-sao-paulo\/#breadcrumb\"},\"inLanguage\":\"pt-BR\",\"potentialAction\":[{\"@type\":\"ReadAction\",\"target\":[\"https:\/\/www.gaveanews.com\/index.php\/2025\/01\/24\/declaracao-de-zinho-chegada-de-wendell-e-recado-de-muller-as-ultimas-noticias-do-sao-paulo\/\"]}]},{\"@type\":\"ImageObject\",\"inLanguage\":\"pt-BR\",\"@id\":\"https:\/\/www.gaveanews.com\/index.php\/2025\/01\/24\/declaracao-de-zinho-chegada-de-wendell-e-recado-de-muller-as-ultimas-noticias-do-sao-paulo\/#primaryimage\",\"url\":\"https:\/\/www.gaveanews.com\/wp-content\/uploads\/Elenco-do-Sao-Paulo.webp\",\"contentUrl\":\"https:\/\/www.gaveanews.com\/wp-content\/uploads\/Elenco-do-Sao-Paulo.webp\",\"width\":1242,\"height\":1235,\"caption\":\"Elenco do S\u00e3o Paulo (Foto: Reprodu\u00e7\u00e3o\/Instagram)\"},{\"@type\":\"BreadcrumbList\",\"@id\":\"https:\/\/www.gaveanews.com\/index.php\/2025\/01\/24\/declaracao-de-zinho-chegada-de-wendell-e-recado-de-muller-as-ultimas-noticias-do-sao-paulo\/#breadcrumb\",\"itemListElement\":[{\"@type\":\"ListItem\",\"position\":1,\"name\":\"Home\",\"item\":\"https:\/\/www.gaveanews.com\/\"},{\"@type\":\"ListItem\",\"position\":2,\"name\":\"Declara\u00e7\u00e3o de Zinho, chegada de Wendell e recado de Muller: as \u00faltimas not\u00edcias do S\u00e3o Paulo\"}]},{\"@type\":\"WebSite\",\"@id\":\"https:\/\/www.gaveanews.com\/#website\",\"url\":\"https:\/\/www.gaveanews.com\/\",\"name\":\"G\u00e1vea News\",\"description\":\"Veja todas as not\u00edcias sobre o Flamengo: Contrata\u00e7\u00f5es, categorias de base, resultados das partidas, tabela de classifica\u00e7\u00e3o, pr\u00f3ximos jogos!\",\"potentialAction\":[{\"@type\":\"SearchAction\",\"target\":{\"@type\":\"EntryPoint\",\"urlTemplate\":\"https:\/\/www.gaveanews.com\/?s={search_term_string}\"},\"query-input\":{\"@type\":\"PropertyValueSpecification\",\"valueRequired\":true,\"valueName\":\"search_term_string\"}}],\"inLanguage\":\"pt-BR\"},{\"@type\":\"Person\",\"@id\":\"https:\/\/www.gaveanews.com\/#\/schema\/person\/8207cd4627f56151707418bfc835b2fb\",\"name\":\"Matheus Felipe\",\"image\":{\"@type\":\"ImageObject\",\"inLanguage\":\"pt-BR\",\"@id\":\"https:\/\/www.gaveanews.com\/#\/schema\/person\/image\/\",\"url\":\"https:\/\/secure.gravatar.com\/avatar\/a452ffbed9130f726358b298bb3a99ce4bd3c5338411f8440e87e14d74c7c087?s=96&d=mm&r=g\",\"contentUrl\":\"https:\/\/secure.gravatar.com\/avatar\/a452ffbed9130f726358b298bb3a99ce4bd3c5338411f8440e87e14d74c7c087?s=96&d=mm&r=g\",\"caption\":\"Matheus Felipe\"}}]}<\/script>\n<!-- \/ Yoast SEO Premium plugin. -->","yoast_head_json":{"title":"Declara\u00e7\u00e3o de Zinho, chegada de Wendell e recado de Muller: as \u00faltimas not\u00edcias do S\u00e3o Paulo","robots":{"index":"index","follow":"follow","max-snippet":"max-snippet:-1","max-image-preview":"max-image-preview:large","max-video-preview":"max-video-preview:-1"},"canonical":"https:\/\/www.gaveanews.com\/index.php\/2025\/01\/24\/declaracao-de-zinho-chegada-de-wendell-e-recado-de-muller-as-ultimas-noticias-do-sao-paulo\/","og_locale":"pt_BR","og_type":"article","og_title":"Declara\u00e7\u00e3o de Zinho, chegada de Wendell e recado de Muller: as \u00faltimas not\u00edcias do S\u00e3o Paulo","og_description":"Nas \u00faltimas horas, o foco das not\u00edcias sobre o S\u00e3o Paulo se concentram nos bastidores do clube, com destaques do dia a dia do time. Por conta deste contexto, leia abaixo um resumo preparado pela equipe do portal G\u00e1vea News para lhe manter muito bem informado! Recado de Muller O ex-jogador e comentarista Muller criticou [&hellip;]","og_url":"https:\/\/www.gaveanews.com\/index.php\/2025\/01\/24\/declaracao-de-zinho-chegada-de-wendell-e-recado-de-muller-as-ultimas-noticias-do-sao-paulo\/","og_site_name":"G\u00e1vea News","article_publisher":"https:\/\/facebook.com\/gaveaNews\/","article_published_time":"2025-01-24T19:30:00+00:00","og_image":[{"width":1242,"height":1235,"url":"https:\/\/www.gaveanews.com\/wp-content\/uploads\/Elenco-do-Sao-Paulo.webp","type":"image\/jpeg"}],"author":"Matheus Felipe","twitter_card":"summary_large_image","twitter_misc":{"Escrito por":"Matheus Felipe","Est. tempo de leitura":"5 minutos"},"schema":{"@context":"https:\/\/schema.org","@graph":[{"@type":"NewsArticle","@id":"https:\/\/www.gaveanews.com\/index.php\/2025\/01\/24\/declaracao-de-zinho-chegada-de-wendell-e-recado-de-muller-as-ultimas-noticias-do-sao-paulo\/#article","isPartOf":{"@id":"https:\/\/www.gaveanews.com\/index.php\/2025\/01\/24\/declaracao-de-zinho-chegada-de-wendell-e-recado-de-muller-as-ultimas-noticias-do-sao-paulo\/"},"author":{"name":"Matheus Felipe","@id":"https:\/\/www.gaveanews.com\/#\/schema\/person\/8207cd4627f56151707418bfc835b2fb"},"headline":"Declara\u00e7\u00e3o de Zinho, chegada de Wendell e recado de Muller: as \u00faltimas not\u00edcias do S\u00e3o Paulo","datePublished":"2025-01-24T19:30:00+00:00","mainEntityOfPage":{"@id":"https:\/\/www.gaveanews.com\/index.php\/2025\/01\/24\/declaracao-de-zinho-chegada-de-wendell-e-recado-de-muller-as-ultimas-noticias-do-sao-paulo\/"},"wordCount":824,"commentCount":0,"image":{"@id":"https:\/\/www.gaveanews.com\/index.php\/2025\/01\/24\/declaracao-de-zinho-chegada-de-wendell-e-recado-de-muller-as-ultimas-noticias-do-sao-paulo\/#primaryimage"},"thumbnailUrl":"https:\/\/www.gaveanews.com\/wp-content\/uploads\/Elenco-do-Sao-Paulo.webp","articleSection":["S\u00e3o Paulo"],"inLanguage":"pt-BR","potentialAction":[{"@type":"CommentAction","name":"Comment","target":["https:\/\/www.gaveanews.com\/index.php\/2025\/01\/24\/declaracao-de-zinho-chegada-de-wendell-e-recado-de-muller-as-ultimas-noticias-do-sao-paulo\/#respond"]}],"copyrightYear":"2025","copyrightHolder":{"@id":"https:\/\/www.gaveanews.com\/#organization"}},{"@type":"WebPage","@id":"https:\/\/www.gaveanews.com\/index.php\/2025\/01\/24\/declaracao-de-zinho-chegada-de-wendell-e-recado-de-muller-as-ultimas-noticias-do-sao-paulo\/","url":"https:\/\/www.gaveanews.com\/index.php\/2025\/01\/24\/declaracao-de-zinho-chegada-de-wendell-e-recado-de-muller-as-ultimas-noticias-do-sao-paulo\/","name":"Declara\u00e7\u00e3o de Zinho, chegada de Wendell e recado de Muller: as \u00faltimas not\u00edcias do S\u00e3o Paulo","isPartOf":{"@id":"https:\/\/www.gaveanews.com\/#website"},"primaryImageOfPage":{"@id":"https:\/\/www.gaveanews.com\/index.php\/2025\/01\/24\/declaracao-de-zinho-chegada-de-wendell-e-recado-de-muller-as-ultimas-noticias-do-sao-paulo\/#primaryimage"},"image":{"@id":"https:\/\/www.gaveanews.com\/index.php\/2025\/01\/24\/declaracao-de-zinho-chegada-de-wendell-e-recado-de-muller-as-ultimas-noticias-do-sao-paulo\/#primaryimage"},"thumbnailUrl":"https:\/\/www.gaveanews.com\/wp-content\/uploads\/Elenco-do-Sao-Paulo.webp","datePublished":"2025-01-24T19:30:00+00:00","author":{"@id":"https:\/\/www.gaveanews.com\/#\/schema\/person\/8207cd4627f56151707418bfc835b2fb"},"breadcrumb":{"@id":"https:\/\/www.gaveanews.com\/index.php\/2025\/01\/24\/declaracao-de-zinho-chegada-de-wendell-e-recado-de-muller-as-ultimas-noticias-do-sao-paulo\/#breadcrumb"},"inLanguage":"pt-BR","potentialAction":[{"@type":"ReadAction","target":["https:\/\/www.gaveanews.com\/index.php\/2025\/01\/24\/declaracao-de-zinho-chegada-de-wendell-e-recado-de-muller-as-ultimas-noticias-do-sao-paulo\/"]}]},{"@type":"ImageObject","inLanguage":"pt-BR","@id":"https:\/\/www.gaveanews.com\/index.php\/2025\/01\/24\/declaracao-de-zinho-chegada-de-wendell-e-recado-de-muller-as-ultimas-noticias-do-sao-paulo\/#primaryimage","url":"https:\/\/www.gaveanews.com\/wp-content\/uploads\/Elenco-do-Sao-Paulo.webp","contentUrl":"https:\/\/www.gaveanews.com\/wp-content\/uploads\/Elenco-do-Sao-Paulo.webp","width":1242,"height":1235,"caption":"Elenco do S\u00e3o Paulo (Foto: Reprodu\u00e7\u00e3o\/Instagram)"},{"@type":"BreadcrumbList","@id":"https:\/\/www.gaveanews.com\/index.php\/2025\/01\/24\/declaracao-de-zinho-chegada-de-wendell-e-recado-de-muller-as-ultimas-noticias-do-sao-paulo\/#breadcrumb","itemListElement":[{"@type":"ListItem","position":1,"name":"Home","item":"https:\/\/www.gaveanews.com\/"},{"@type":"ListItem","position":2,"name":"Declara\u00e7\u00e3o de Zinho, chegada de Wendell e recado de Muller: as \u00faltimas not\u00edcias do S\u00e3o Paulo"}]},{"@type":"WebSite","@id":"https:\/\/www.gaveanews.com\/#website","url":"https:\/\/www.gaveanews.com\/","name":"G\u00e1vea News","description":"Veja todas as not\u00edcias sobre o Flamengo: Contrata\u00e7\u00f5es, categorias de base, resultados das partidas, tabela de classifica\u00e7\u00e3o, pr\u00f3ximos jogos!","potentialAction":[{"@type":"SearchAction","target":{"@type":"EntryPoint","urlTemplate":"https:\/\/www.gaveanews.com\/?s={search_term_string}"},"query-input":{"@type":"PropertyValueSpecification","valueRequired":true,"valueName":"search_term_string"}}],"inLanguage":"pt-BR"},{"@type":"Person","@id":"https:\/\/www.gaveanews.com\/#\/schema\/person\/8207cd4627f56151707418bfc835b2fb","name":"Matheus Felipe","image":{"@type":"ImageObject","inLanguage":"pt-BR","@id":"https:\/\/www.gaveanews.com\/#\/schema\/person\/image\/","url":"https:\/\/secure.gravatar.com\/avatar\/a452ffbed9130f726358b298bb3a99ce4bd3c5338411f8440e87e14d74c7c087?s=96&d=mm&r=g","contentUrl":"https:\/\/secure.gravatar.com\/avatar\/a452ffbed9130f726358b298bb3a99ce4bd3c5338411f8440e87e14d74c7c087?s=96&d=mm&r=g","caption":"Matheus Felipe"}}]}},"_links":{"self":[{"href":"https:\/\/www.gaveanews.com\/index.php\/wp-json\/wp\/v2\/posts\/217512","targetHints":{"allow":["GET"]}}],"collection":[{"href":"https:\/\/www.gaveanews.com\/index.php\/wp-json\/wp\/v2\/posts"}],"about":[{"href":"https:\/\/www.gaveanews.com\/index.php\/wp-json\/wp\/v2\/types\/post"}],"author":[{"embeddable":true,"href":"https:\/\/www.gaveanews.com\/index.php\/wp-json\/wp\/v2\/users\/27"}],"replies":[{"embeddable":true,"href":"https:\/\/www.gaveanews.com\/index.php\/wp-json\/wp\/v2\/comments?post=217512"}],"version-history":[{"count":1,"href":"https:\/\/www.gaveanews.com\/index.php\/wp-json\/wp\/v2\/posts\/217512\/revisions"}],"predecessor-version":[{"id":217524,"href":"https:\/\/www.gaveanews.com\/index.php\/wp-json\/wp\/v2\/posts\/217512\/revisions\/217524"}],"wp:featuredmedia":[{"embeddable":true,"href":"https:\/\/www.gaveanews.com\/index.php\/wp-json\/wp\/v2\/media\/157734"}],"wp:attachment":[{"href":"https:\/\/www.gaveanews.com\/index.php\/wp-json\/wp\/v2\/media?parent=217512"}],"wp:term":[{"taxonomy":"category","embeddable":true,"href":"https:\/\/www.gaveanews.com\/index.php\/wp-json\/wp\/v2\/categories?post=217512"},{"taxonomy":"post_tag","embeddable":true,"href":"https:\/\/www.gaveanews.com\/index.php\/wp-json\/wp\/v2\/tags?post=217512"}],"curies":[{"name":"wp","href":"https:\/\/api.w.org\/{rel}","templated":true}]}}