{"id":217527,"date":"2025-01-24T16:45:00","date_gmt":"2025-01-24T19:45:00","guid":{"rendered":"https:\/\/www.gaveanews.com\/?p=217527"},"modified":"2025-01-24T16:32:01","modified_gmt":"2025-01-24T19:32:01","slug":"declaracao-de-deco-recado-de-messi-e-craques-que-estao-sem-clube-as-ultimas-noticias-do-barcelona","status":"publish","type":"post","link":"https:\/\/www.gaveanews.com\/index.php\/2025\/01\/24\/declaracao-de-deco-recado-de-messi-e-craques-que-estao-sem-clube-as-ultimas-noticias-do-barcelona\/","title":{"rendered":"Declara\u00e7\u00e3o de Deco, recado de Messi e craques que est\u00e3o sem clube: as \u00faltimas not\u00edcias do Barcelona"},"content":{"rendered":"\n<p>Nas \u00faltimas horas, o foco das not\u00edcias sobre o Barcelona se concentram nos bastidores do clube, com destaques do dia a dia do time.<\/p>\n\n\n\n<p>Por conta deste contexto, leia abaixo um resumo preparado pela equipe do portal G\u00e1vea News para lhe manter muito bem informado!<\/p>\n\n\n\n<h2 class=\"wp-block-heading\" id=\"h-craques-que-estao-sem-clube\">Craques que est\u00e3o sem clube<\/h2>\n\n\n\n<p>Com a temporada de 2025 prestes a come\u00e7ar, diversos jogadores renomados est\u00e3o livres no mercado, aguardando propostas para assinar com novos clubes. Entre os destaques est\u00e1 Keylor Navas, goleiro tricampe\u00e3o da Champions League pelo Real Madrid, que deixou o PSG ap\u00f3s cinco temporadas. Outro grande nome \u00e9 Sergio Ramos, lenda do Real Madrid, que recentemente encerrou sua passagem pelo Sevilla e foi especulado no Atl\u00e9tico-MG. Dele Alli, ex-Tottenham, tamb\u00e9m busca um novo destino ap\u00f3s passagens pelo Everton e Besiktas <strong><a href=\"https:\/\/www.gaveanews.com\/index.php\/2025\/01\/16\/keylor-navas-sergio-ramos-dele-alli-rafinha-alcantara-oscar-romero-eduardo-vargas-diego-costa-craques-que-estao-sem-clube\/\">(leia a mat\u00e9ria completa).<\/a><\/strong><\/p>\n\n\n\n<figure class=\"wp-block-image size-large\"><img loading=\"lazy\" decoding=\"async\" width=\"1024\" height=\"685\" src=\"http:\/\/www.gaveanews.com\/wp-content\/uploads\/Keilor-Antonio-Keylor-Navas-Gamboa-goleiro-costa-riquenho-1024x685.webp\" alt=\"\" class=\"wp-image-155432\" srcset=\"https:\/\/www.gaveanews.com\/wp-content\/uploads\/Keilor-Antonio-Keylor-Navas-Gamboa-goleiro-costa-riquenho-1024x685.webp 1024w, https:\/\/www.gaveanews.com\/wp-content\/uploads\/Keilor-Antonio-Keylor-Navas-Gamboa-goleiro-costa-riquenho-300x201.webp 300w, https:\/\/www.gaveanews.com\/wp-content\/uploads\/Keilor-Antonio-Keylor-Navas-Gamboa-goleiro-costa-riquenho-768x514.webp 768w, https:\/\/www.gaveanews.com\/wp-content\/uploads\/Keilor-Antonio-Keylor-Navas-Gamboa-goleiro-costa-riquenho-628x420.webp 628w, https:\/\/www.gaveanews.com\/wp-content\/uploads\/Keilor-Antonio-Keylor-Navas-Gamboa-goleiro-costa-riquenho-1256x840.webp 1256w, https:\/\/www.gaveanews.com\/wp-content\/uploads\/Keilor-Antonio-Keylor-Navas-Gamboa-goleiro-costa-riquenho-537x360.webp 537w, https:\/\/www.gaveanews.com\/wp-content\/uploads\/Keilor-Antonio-Keylor-Navas-Gamboa-goleiro-costa-riquenho-1074x720.webp 1074w, https:\/\/www.gaveanews.com\/wp-content\/uploads\/Keilor-Antonio-Keylor-Navas-Gamboa-goleiro-costa-riquenho-640x428.webp 640w, https:\/\/www.gaveanews.com\/wp-content\/uploads\/Keilor-Antonio-Keylor-Navas-Gamboa-goleiro-costa-riquenho-1280x856.webp 1280w, https:\/\/www.gaveanews.com\/wp-content\/uploads\/Keilor-Antonio-Keylor-Navas-Gamboa-goleiro-costa-riquenho-681x455.webp 681w, https:\/\/www.gaveanews.com\/wp-content\/uploads\/Keilor-Antonio-Keylor-Navas-Gamboa-goleiro-costa-riquenho-1362x911.webp 1362w, https:\/\/www.gaveanews.com\/wp-content\/uploads\/Keilor-Antonio-Keylor-Navas-Gamboa-goleiro-costa-riquenho-100x67.webp 100w, https:\/\/www.gaveanews.com\/wp-content\/uploads\/Keilor-Antonio-Keylor-Navas-Gamboa-goleiro-costa-riquenho.webp 1440w\" sizes=\"auto, (max-width: 1024px) 100vw, 1024px\" \/><figcaption class=\"wp-element-caption\">Keilor Antonio Keylor Navas Gamboa, goleiro costa-riquenho (Foto: Reprodu\u00e7\u00e3o\/Instagram)<\/figcaption><\/figure>\n\n\n\n<p>No meio-campo, Rafinha Alc\u00e2ntara, formado na base do Barcelona, deixou o Al-Arabi e est\u00e1 dispon\u00edvel, assim como \u00d3scar Romero, que fez parte da hist\u00f3rica campanha do Botafogo na Libertadores e no Brasileir\u00e3o em 2024, mas n\u00e3o renovou contrato. <\/p>\n\n\n\n<p>No ataque, Eduardo Vargas, ex-Atl\u00e9tico-MG, e Diego Costa, que deixou o Gr\u00eamio ap\u00f3s uma temporada com 8 gols e 5 assist\u00eancias, est\u00e3o entre os nomes mais procurados.<\/p>\n\n\n\n<p>Esses craques, com trajet\u00f3rias marcantes em grandes clubes, representam boas oportunidades para equipes que desejam refor\u00e7ar seus elencos sem custos de transfer\u00eancia. Com a abertura das janelas de negocia\u00e7\u00e3o, a agilidade ser\u00e1 fundamental para garantir a contrata\u00e7\u00e3o de atletas experientes e de alto n\u00edvel.<\/p>\n\n\n\n<h2 class=\"wp-block-heading\" id=\"h-recado-de-messi\">Recado de Messi<\/h2>\n\n\n\n<p>Lionel Messi, atualmente jogador do Inter Miami, relembrou com carinho sua parceria com Ronaldinho Ga\u00facho durante os primeiros anos de sua carreira no Barcelona. Em entrevista sobre os 125 anos do clube catal\u00e3o, o astro argentino destacou a import\u00e2ncia de Ronaldinho como mentor e companheiro, reconhecendo sua influ\u00eancia no in\u00edcio de sua trajet\u00f3ria no time principal. Messi ressaltou como o \u201cBruxo\u201d o acolheu de forma especial, ajudando-o a se integrar e a crescer no elenco estrelado, marcando profundamente sua forma\u00e7\u00e3o como jogador <strong><a href=\"https:\/\/www.gaveanews.com\/index.php\/2024\/12\/06\/a-declaracao-de-messi-direcionada-a-ronaldinho-gaucho\/\">(leia a mat\u00e9ria completa).<\/a><\/strong><\/p>\n\n\n\n<figure class=\"wp-block-image size-large\"><img loading=\"lazy\" decoding=\"async\" width=\"1024\" height=\"576\" src=\"http:\/\/www.gaveanews.com\/wp-content\/uploads\/messi-gol-inter-miami-1024x576.webp\" alt=\"\" class=\"wp-image-104008\" srcset=\"https:\/\/www.gaveanews.com\/wp-content\/uploads\/messi-gol-inter-miami-1024x576.webp 1024w, https:\/\/www.gaveanews.com\/wp-content\/uploads\/messi-gol-inter-miami-300x169.webp 300w, https:\/\/www.gaveanews.com\/wp-content\/uploads\/messi-gol-inter-miami-768x432.webp 768w, https:\/\/www.gaveanews.com\/wp-content\/uploads\/messi-gol-inter-miami-1536x864.webp 1536w, https:\/\/www.gaveanews.com\/wp-content\/uploads\/messi-gol-inter-miami-747x420.webp 747w, https:\/\/www.gaveanews.com\/wp-content\/uploads\/messi-gol-inter-miami-1493x840.webp 1493w, https:\/\/www.gaveanews.com\/wp-content\/uploads\/messi-gol-inter-miami-640x360.webp 640w, https:\/\/www.gaveanews.com\/wp-content\/uploads\/messi-gol-inter-miami-1280x720.webp 1280w, https:\/\/www.gaveanews.com\/wp-content\/uploads\/messi-gol-inter-miami-681x383.webp 681w, https:\/\/www.gaveanews.com\/wp-content\/uploads\/messi-gol-inter-miami-1362x766.webp 1362w, https:\/\/www.gaveanews.com\/wp-content\/uploads\/messi-gol-inter-miami-100x56.webp 100w, https:\/\/www.gaveanews.com\/wp-content\/uploads\/messi-gol-inter-miami.webp 1600w\" sizes=\"auto, (max-width: 1024px) 100vw, 1024px\" \/><figcaption class=\"wp-element-caption\">Messi comemora gol marcado pelo Inter Miami (Foto: Stacy Revere\/Getty Images)<\/figcaption><\/figure>\n\n\n\n<p>A dupla atuou junta entre 2004 e 2008, per\u00edodo em que o Barcelona conquistou t\u00edtulos marcantes e se consolidou como uma das maiores pot\u00eancias do futebol mundial. Ronaldinho, j\u00e1 um \u00eddolo do clube na \u00e9poca, foi fundamental para o desenvolvimento de Messi, criando um ambiente de aprendizado e inspira\u00e7\u00e3o. A qu\u00edmica em campo, somada \u00e0 habilidade e \u00e0 alegria de Ronaldinho, resultou em uma fase hist\u00f3rica para o clube e ajudou a moldar Messi como o craque que viria a dominar o futebol por anos.<\/p>\n\n\n\n<p>Essa parceria n\u00e3o foi apenas esportiva, mas tamb\u00e9m pessoal, com Messi destacando o respeito e a admira\u00e7\u00e3o m\u00fatuos. Ronaldinho n\u00e3o s\u00f3 ajudou a abrir portas para o jovem talento argentino como tamb\u00e9m deixou um legado que ser\u00e1 sempre lembrado no Camp Nou. A rela\u00e7\u00e3o entre os dois \u00e9 um reflexo de uma era de ouro no futebol, marcada por amizade, conquistas e momentos inesquec\u00edveis.<\/p>\n\n\n\n<h2 class=\"wp-block-heading\" id=\"h-declaracao-de-deco\">Declara\u00e7\u00e3o de Deco<\/h2>\n\n\n\n<p>O diretor de futebol do Barcelona, Deco, exaltou o atacante Raphinha, afirmando que ele est\u00e1 entre os melhores jogadores do mundo na atualidade. Deco, que foi agente do jogador antes de assumir seu cargo no clube catal\u00e3o, destacou a evolu\u00e7\u00e3o de Raphinha desde sua chegada ao Bar\u00e7a e elogiou sua adapta\u00e7\u00e3o e maturidade nesta temporada. O atacante tem sido um dos pilares do time comandado por Hansi Flick, que vem apresentando desempenho crescente ap\u00f3s um per\u00edodo turbulento <strong><a href=\"https:\/\/www.gaveanews.com\/index.php\/2025\/01\/17\/barcelona-a-declaracao-de-deco-direcionada-a-raphinha\/\">(leia a mat\u00e9ria completa).<\/a><\/strong><\/p>\n\n\n\n<figure class=\"wp-block-image size-large\"><img loading=\"lazy\" decoding=\"async\" width=\"820\" height=\"1024\" src=\"http:\/\/www.gaveanews.com\/wp-content\/uploads\/Raphinha-em-acao-pelo-Barcelona-820x1024.webp\" alt=\"\" class=\"wp-image-172534\" srcset=\"https:\/\/www.gaveanews.com\/wp-content\/uploads\/Raphinha-em-acao-pelo-Barcelona-820x1024.webp 820w, https:\/\/www.gaveanews.com\/wp-content\/uploads\/Raphinha-em-acao-pelo-Barcelona-240x300.webp 240w, https:\/\/www.gaveanews.com\/wp-content\/uploads\/Raphinha-em-acao-pelo-Barcelona-768x959.webp 768w, https:\/\/www.gaveanews.com\/wp-content\/uploads\/Raphinha-em-acao-pelo-Barcelona-1229x1536.webp 1229w, https:\/\/www.gaveanews.com\/wp-content\/uploads\/Raphinha-em-acao-pelo-Barcelona-336x420.webp 336w, https:\/\/www.gaveanews.com\/wp-content\/uploads\/Raphinha-em-acao-pelo-Barcelona-672x840.webp 672w, https:\/\/www.gaveanews.com\/wp-content\/uploads\/Raphinha-em-acao-pelo-Barcelona-640x800.webp 640w, https:\/\/www.gaveanews.com\/wp-content\/uploads\/Raphinha-em-acao-pelo-Barcelona-1280x1599.webp 1280w, https:\/\/www.gaveanews.com\/wp-content\/uploads\/Raphinha-em-acao-pelo-Barcelona-681x851.webp 681w, https:\/\/www.gaveanews.com\/wp-content\/uploads\/Raphinha-em-acao-pelo-Barcelona-1362x1702.webp 1362w, https:\/\/www.gaveanews.com\/wp-content\/uploads\/Raphinha-em-acao-pelo-Barcelona-100x125.webp 100w, https:\/\/www.gaveanews.com\/wp-content\/uploads\/Raphinha-em-acao-pelo-Barcelona.webp 1440w\" sizes=\"auto, (max-width: 820px) 100vw, 820px\" \/><figcaption class=\"wp-element-caption\">Raphinha em a\u00e7\u00e3o pelo Barcelona (Foto: Reprodu\u00e7\u00e3o\/Barcelona)<\/figcaption><\/figure>\n\n\n\n<p>Deco tamb\u00e9m comentou sobre os desafios que enfrentou como dirigente, especialmente em meio \u00e0 crise financeira do clube. Ele enfatizou a import\u00e2ncia de equilibrar a folha salarial, planejar a longo prazo e manter o Barcelona competitivo no cen\u00e1rio global. O dirigente teve papel decisivo na reformula\u00e7\u00e3o do clube, incluindo a demiss\u00e3o de Xavi e a contrata\u00e7\u00e3o de Hansi Flick, que j\u00e1 rendeu frutos com a conquista da Supercopa da Espanha em uma vit\u00f3ria expressiva sobre o Real Madrid por 5 a 2.<\/p>\n\n\n\n<p>Ap\u00f3s o t\u00edtulo, Deco celebrou o desempenho do elenco, elogiando a uni\u00e3o e dedica\u00e7\u00e3o dos jogadores. No entanto, refor\u00e7ou que o foco do clube est\u00e1 nas pr\u00f3ximas competi\u00e7\u00f5es da temporada, j\u00e1 que o Barcelona busca manter o alto n\u00edvel e retomar a hegemonia no futebol europeu. Segundo Deco, a conquista da Supercopa \u00e9 apenas o in\u00edcio de uma nova fase promissora para o clube catal\u00e3o.<\/p>\n","protected":false},"excerpt":{"rendered":"<p>Nas \u00faltimas horas, o foco das not\u00edcias sobre o Barcelona se concentram nos bastidores do clube, com destaques do dia a dia do time. Por conta deste contexto, leia abaixo um resumo preparado pela equipe do portal G\u00e1vea News para lhe manter muito bem informado! Craques que est\u00e3o sem clube Com a temporada de 2025 [&hellip;]<\/p>\n","protected":false},"author":27,"featured_media":122108,"comment_status":"open","ping_status":"closed","sticky":false,"template":"","format":"standard","meta":{"footnotes":""},"categories":[87],"tags":[],"class_list":["post-217527","post","type-post","status-publish","format-standard","has-post-thumbnail","hentry","category-barcelona"],"yoast_head":"<!-- This site is optimized with the Yoast SEO Premium plugin v24.2 (Yoast SEO v26.9) - https:\/\/yoast.com\/product\/yoast-seo-premium-wordpress\/ -->\n<title>Declara\u00e7\u00e3o de Deco, recado de Messi e craques que est\u00e3o sem clube: as \u00faltimas not\u00edcias do Barcelona<\/title>\n<meta name=\"robots\" content=\"index, follow, max-snippet:-1, max-image-preview:large, max-video-preview:-1\" \/>\n<link rel=\"canonical\" href=\"https:\/\/www.gaveanews.com\/index.php\/2025\/01\/24\/declaracao-de-deco-recado-de-messi-e-craques-que-estao-sem-clube-as-ultimas-noticias-do-barcelona\/\" \/>\n<meta property=\"og:locale\" content=\"pt_BR\" \/>\n<meta property=\"og:type\" content=\"article\" \/>\n<meta property=\"og:title\" content=\"Declara\u00e7\u00e3o de Deco, recado de Messi e craques que est\u00e3o sem clube: as \u00faltimas not\u00edcias do Barcelona\" \/>\n<meta property=\"og:description\" content=\"Nas \u00faltimas horas, o foco das not\u00edcias sobre o Barcelona se concentram nos bastidores do clube, com destaques do dia a dia do time. Por conta deste contexto, leia abaixo um resumo preparado pela equipe do portal G\u00e1vea News para lhe manter muito bem informado! Craques que est\u00e3o sem clube Com a temporada de 2025 [&hellip;]\" \/>\n<meta property=\"og:url\" content=\"https:\/\/www.gaveanews.com\/index.php\/2025\/01\/24\/declaracao-de-deco-recado-de-messi-e-craques-que-estao-sem-clube-as-ultimas-noticias-do-barcelona\/\" \/>\n<meta property=\"og:site_name\" content=\"G\u00e1vea News\" \/>\n<meta property=\"article:publisher\" content=\"https:\/\/facebook.com\/gaveaNews\/\" \/>\n<meta property=\"article:published_time\" content=\"2025-01-24T19:45:00+00:00\" \/>\n<meta property=\"og:image\" content=\"https:\/\/www.gaveanews.com\/wp-content\/uploads\/barca.webp\" \/>\n\t<meta property=\"og:image:width\" content=\"1000\" \/>\n\t<meta property=\"og:image:height\" content=\"658\" \/>\n\t<meta property=\"og:image:type\" content=\"image\/webp\" \/>\n<meta name=\"author\" content=\"Matheus Felipe\" \/>\n<meta name=\"twitter:card\" content=\"summary_large_image\" \/>\n<meta name=\"twitter:label1\" content=\"Escrito por\" \/>\n\t<meta name=\"twitter:data1\" content=\"Matheus Felipe\" \/>\n\t<meta name=\"twitter:label2\" content=\"Est. tempo de leitura\" \/>\n\t<meta name=\"twitter:data2\" content=\"5 minutos\" \/>\n<script type=\"application\/ld+json\" class=\"yoast-schema-graph\">{\"@context\":\"https:\/\/schema.org\",\"@graph\":[{\"@type\":\"NewsArticle\",\"@id\":\"https:\/\/www.gaveanews.com\/index.php\/2025\/01\/24\/declaracao-de-deco-recado-de-messi-e-craques-que-estao-sem-clube-as-ultimas-noticias-do-barcelona\/#article\",\"isPartOf\":{\"@id\":\"https:\/\/www.gaveanews.com\/index.php\/2025\/01\/24\/declaracao-de-deco-recado-de-messi-e-craques-que-estao-sem-clube-as-ultimas-noticias-do-barcelona\/\"},\"author\":{\"name\":\"Matheus Felipe\",\"@id\":\"https:\/\/www.gaveanews.com\/#\/schema\/person\/8207cd4627f56151707418bfc835b2fb\"},\"headline\":\"Declara\u00e7\u00e3o de Deco, recado de Messi e craques que est\u00e3o sem clube: as \u00faltimas not\u00edcias do Barcelona\",\"datePublished\":\"2025-01-24T19:45:00+00:00\",\"mainEntityOfPage\":{\"@id\":\"https:\/\/www.gaveanews.com\/index.php\/2025\/01\/24\/declaracao-de-deco-recado-de-messi-e-craques-que-estao-sem-clube-as-ultimas-noticias-do-barcelona\/\"},\"wordCount\":823,\"commentCount\":0,\"image\":{\"@id\":\"https:\/\/www.gaveanews.com\/index.php\/2025\/01\/24\/declaracao-de-deco-recado-de-messi-e-craques-que-estao-sem-clube-as-ultimas-noticias-do-barcelona\/#primaryimage\"},\"thumbnailUrl\":\"https:\/\/www.gaveanews.com\/wp-content\/uploads\/barca.webp\",\"articleSection\":[\"Barcelona\"],\"inLanguage\":\"pt-BR\",\"potentialAction\":[{\"@type\":\"CommentAction\",\"name\":\"Comment\",\"target\":[\"https:\/\/www.gaveanews.com\/index.php\/2025\/01\/24\/declaracao-de-deco-recado-de-messi-e-craques-que-estao-sem-clube-as-ultimas-noticias-do-barcelona\/#respond\"]}],\"copyrightYear\":\"2025\",\"copyrightHolder\":{\"@id\":\"https:\/\/www.gaveanews.com\/#organization\"}},{\"@type\":\"WebPage\",\"@id\":\"https:\/\/www.gaveanews.com\/index.php\/2025\/01\/24\/declaracao-de-deco-recado-de-messi-e-craques-que-estao-sem-clube-as-ultimas-noticias-do-barcelona\/\",\"url\":\"https:\/\/www.gaveanews.com\/index.php\/2025\/01\/24\/declaracao-de-deco-recado-de-messi-e-craques-que-estao-sem-clube-as-ultimas-noticias-do-barcelona\/\",\"name\":\"Declara\u00e7\u00e3o de Deco, recado de Messi e craques que est\u00e3o sem clube: as \u00faltimas not\u00edcias do Barcelona\",\"isPartOf\":{\"@id\":\"https:\/\/www.gaveanews.com\/#website\"},\"primaryImageOfPage\":{\"@id\":\"https:\/\/www.gaveanews.com\/index.php\/2025\/01\/24\/declaracao-de-deco-recado-de-messi-e-craques-que-estao-sem-clube-as-ultimas-noticias-do-barcelona\/#primaryimage\"},\"image\":{\"@id\":\"https:\/\/www.gaveanews.com\/index.php\/2025\/01\/24\/declaracao-de-deco-recado-de-messi-e-craques-que-estao-sem-clube-as-ultimas-noticias-do-barcelona\/#primaryimage\"},\"thumbnailUrl\":\"https:\/\/www.gaveanews.com\/wp-content\/uploads\/barca.webp\",\"datePublished\":\"2025-01-24T19:45:00+00:00\",\"author\":{\"@id\":\"https:\/\/www.gaveanews.com\/#\/schema\/person\/8207cd4627f56151707418bfc835b2fb\"},\"breadcrumb\":{\"@id\":\"https:\/\/www.gaveanews.com\/index.php\/2025\/01\/24\/declaracao-de-deco-recado-de-messi-e-craques-que-estao-sem-clube-as-ultimas-noticias-do-barcelona\/#breadcrumb\"},\"inLanguage\":\"pt-BR\",\"potentialAction\":[{\"@type\":\"ReadAction\",\"target\":[\"https:\/\/www.gaveanews.com\/index.php\/2025\/01\/24\/declaracao-de-deco-recado-de-messi-e-craques-que-estao-sem-clube-as-ultimas-noticias-do-barcelona\/\"]}]},{\"@type\":\"ImageObject\",\"inLanguage\":\"pt-BR\",\"@id\":\"https:\/\/www.gaveanews.com\/index.php\/2025\/01\/24\/declaracao-de-deco-recado-de-messi-e-craques-que-estao-sem-clube-as-ultimas-noticias-do-barcelona\/#primaryimage\",\"url\":\"https:\/\/www.gaveanews.com\/wp-content\/uploads\/barca.webp\",\"contentUrl\":\"https:\/\/www.gaveanews.com\/wp-content\/uploads\/barca.webp\",\"width\":1000,\"height\":658,\"caption\":\"Escudo do Barcelona (Foto: Reprodu\u00e7\u00e3o)\"},{\"@type\":\"BreadcrumbList\",\"@id\":\"https:\/\/www.gaveanews.com\/index.php\/2025\/01\/24\/declaracao-de-deco-recado-de-messi-e-craques-que-estao-sem-clube-as-ultimas-noticias-do-barcelona\/#breadcrumb\",\"itemListElement\":[{\"@type\":\"ListItem\",\"position\":1,\"name\":\"Home\",\"item\":\"https:\/\/www.gaveanews.com\/\"},{\"@type\":\"ListItem\",\"position\":2,\"name\":\"Declara\u00e7\u00e3o de Deco, recado de Messi e craques que est\u00e3o sem clube: as \u00faltimas not\u00edcias do Barcelona\"}]},{\"@type\":\"WebSite\",\"@id\":\"https:\/\/www.gaveanews.com\/#website\",\"url\":\"https:\/\/www.gaveanews.com\/\",\"name\":\"G\u00e1vea News\",\"description\":\"Veja todas as not\u00edcias sobre o Flamengo: Contrata\u00e7\u00f5es, categorias de base, resultados das partidas, tabela de classifica\u00e7\u00e3o, pr\u00f3ximos jogos!\",\"potentialAction\":[{\"@type\":\"SearchAction\",\"target\":{\"@type\":\"EntryPoint\",\"urlTemplate\":\"https:\/\/www.gaveanews.com\/?s={search_term_string}\"},\"query-input\":{\"@type\":\"PropertyValueSpecification\",\"valueRequired\":true,\"valueName\":\"search_term_string\"}}],\"inLanguage\":\"pt-BR\"},{\"@type\":\"Person\",\"@id\":\"https:\/\/www.gaveanews.com\/#\/schema\/person\/8207cd4627f56151707418bfc835b2fb\",\"name\":\"Matheus Felipe\",\"image\":{\"@type\":\"ImageObject\",\"inLanguage\":\"pt-BR\",\"@id\":\"https:\/\/www.gaveanews.com\/#\/schema\/person\/image\/\",\"url\":\"https:\/\/secure.gravatar.com\/avatar\/a452ffbed9130f726358b298bb3a99ce4bd3c5338411f8440e87e14d74c7c087?s=96&d=mm&r=g\",\"contentUrl\":\"https:\/\/secure.gravatar.com\/avatar\/a452ffbed9130f726358b298bb3a99ce4bd3c5338411f8440e87e14d74c7c087?s=96&d=mm&r=g\",\"caption\":\"Matheus Felipe\"}}]}<\/script>\n<!-- \/ Yoast SEO Premium plugin. -->","yoast_head_json":{"title":"Declara\u00e7\u00e3o de Deco, recado de Messi e craques que est\u00e3o sem clube: as \u00faltimas not\u00edcias do Barcelona","robots":{"index":"index","follow":"follow","max-snippet":"max-snippet:-1","max-image-preview":"max-image-preview:large","max-video-preview":"max-video-preview:-1"},"canonical":"https:\/\/www.gaveanews.com\/index.php\/2025\/01\/24\/declaracao-de-deco-recado-de-messi-e-craques-que-estao-sem-clube-as-ultimas-noticias-do-barcelona\/","og_locale":"pt_BR","og_type":"article","og_title":"Declara\u00e7\u00e3o de Deco, recado de Messi e craques que est\u00e3o sem clube: as \u00faltimas not\u00edcias do Barcelona","og_description":"Nas \u00faltimas horas, o foco das not\u00edcias sobre o Barcelona se concentram nos bastidores do clube, com destaques do dia a dia do time. Por conta deste contexto, leia abaixo um resumo preparado pela equipe do portal G\u00e1vea News para lhe manter muito bem informado! Craques que est\u00e3o sem clube Com a temporada de 2025 [&hellip;]","og_url":"https:\/\/www.gaveanews.com\/index.php\/2025\/01\/24\/declaracao-de-deco-recado-de-messi-e-craques-que-estao-sem-clube-as-ultimas-noticias-do-barcelona\/","og_site_name":"G\u00e1vea News","article_publisher":"https:\/\/facebook.com\/gaveaNews\/","article_published_time":"2025-01-24T19:45:00+00:00","og_image":[{"width":1000,"height":658,"url":"https:\/\/www.gaveanews.com\/wp-content\/uploads\/barca.webp","type":"image\/webp"}],"author":"Matheus Felipe","twitter_card":"summary_large_image","twitter_misc":{"Escrito por":"Matheus Felipe","Est. tempo de leitura":"5 minutos"},"schema":{"@context":"https:\/\/schema.org","@graph":[{"@type":"NewsArticle","@id":"https:\/\/www.gaveanews.com\/index.php\/2025\/01\/24\/declaracao-de-deco-recado-de-messi-e-craques-que-estao-sem-clube-as-ultimas-noticias-do-barcelona\/#article","isPartOf":{"@id":"https:\/\/www.gaveanews.com\/index.php\/2025\/01\/24\/declaracao-de-deco-recado-de-messi-e-craques-que-estao-sem-clube-as-ultimas-noticias-do-barcelona\/"},"author":{"name":"Matheus Felipe","@id":"https:\/\/www.gaveanews.com\/#\/schema\/person\/8207cd4627f56151707418bfc835b2fb"},"headline":"Declara\u00e7\u00e3o de Deco, recado de Messi e craques que est\u00e3o sem clube: as \u00faltimas not\u00edcias do Barcelona","datePublished":"2025-01-24T19:45:00+00:00","mainEntityOfPage":{"@id":"https:\/\/www.gaveanews.com\/index.php\/2025\/01\/24\/declaracao-de-deco-recado-de-messi-e-craques-que-estao-sem-clube-as-ultimas-noticias-do-barcelona\/"},"wordCount":823,"commentCount":0,"image":{"@id":"https:\/\/www.gaveanews.com\/index.php\/2025\/01\/24\/declaracao-de-deco-recado-de-messi-e-craques-que-estao-sem-clube-as-ultimas-noticias-do-barcelona\/#primaryimage"},"thumbnailUrl":"https:\/\/www.gaveanews.com\/wp-content\/uploads\/barca.webp","articleSection":["Barcelona"],"inLanguage":"pt-BR","potentialAction":[{"@type":"CommentAction","name":"Comment","target":["https:\/\/www.gaveanews.com\/index.php\/2025\/01\/24\/declaracao-de-deco-recado-de-messi-e-craques-que-estao-sem-clube-as-ultimas-noticias-do-barcelona\/#respond"]}],"copyrightYear":"2025","copyrightHolder":{"@id":"https:\/\/www.gaveanews.com\/#organization"}},{"@type":"WebPage","@id":"https:\/\/www.gaveanews.com\/index.php\/2025\/01\/24\/declaracao-de-deco-recado-de-messi-e-craques-que-estao-sem-clube-as-ultimas-noticias-do-barcelona\/","url":"https:\/\/www.gaveanews.com\/index.php\/2025\/01\/24\/declaracao-de-deco-recado-de-messi-e-craques-que-estao-sem-clube-as-ultimas-noticias-do-barcelona\/","name":"Declara\u00e7\u00e3o de Deco, recado de Messi e craques que est\u00e3o sem clube: as \u00faltimas not\u00edcias do Barcelona","isPartOf":{"@id":"https:\/\/www.gaveanews.com\/#website"},"primaryImageOfPage":{"@id":"https:\/\/www.gaveanews.com\/index.php\/2025\/01\/24\/declaracao-de-deco-recado-de-messi-e-craques-que-estao-sem-clube-as-ultimas-noticias-do-barcelona\/#primaryimage"},"image":{"@id":"https:\/\/www.gaveanews.com\/index.php\/2025\/01\/24\/declaracao-de-deco-recado-de-messi-e-craques-que-estao-sem-clube-as-ultimas-noticias-do-barcelona\/#primaryimage"},"thumbnailUrl":"https:\/\/www.gaveanews.com\/wp-content\/uploads\/barca.webp","datePublished":"2025-01-24T19:45:00+00:00","author":{"@id":"https:\/\/www.gaveanews.com\/#\/schema\/person\/8207cd4627f56151707418bfc835b2fb"},"breadcrumb":{"@id":"https:\/\/www.gaveanews.com\/index.php\/2025\/01\/24\/declaracao-de-deco-recado-de-messi-e-craques-que-estao-sem-clube-as-ultimas-noticias-do-barcelona\/#breadcrumb"},"inLanguage":"pt-BR","potentialAction":[{"@type":"ReadAction","target":["https:\/\/www.gaveanews.com\/index.php\/2025\/01\/24\/declaracao-de-deco-recado-de-messi-e-craques-que-estao-sem-clube-as-ultimas-noticias-do-barcelona\/"]}]},{"@type":"ImageObject","inLanguage":"pt-BR","@id":"https:\/\/www.gaveanews.com\/index.php\/2025\/01\/24\/declaracao-de-deco-recado-de-messi-e-craques-que-estao-sem-clube-as-ultimas-noticias-do-barcelona\/#primaryimage","url":"https:\/\/www.gaveanews.com\/wp-content\/uploads\/barca.webp","contentUrl":"https:\/\/www.gaveanews.com\/wp-content\/uploads\/barca.webp","width":1000,"height":658,"caption":"Escudo do Barcelona (Foto: Reprodu\u00e7\u00e3o)"},{"@type":"BreadcrumbList","@id":"https:\/\/www.gaveanews.com\/index.php\/2025\/01\/24\/declaracao-de-deco-recado-de-messi-e-craques-que-estao-sem-clube-as-ultimas-noticias-do-barcelona\/#breadcrumb","itemListElement":[{"@type":"ListItem","position":1,"name":"Home","item":"https:\/\/www.gaveanews.com\/"},{"@type":"ListItem","position":2,"name":"Declara\u00e7\u00e3o de Deco, recado de Messi e craques que est\u00e3o sem clube: as \u00faltimas not\u00edcias do Barcelona"}]},{"@type":"WebSite","@id":"https:\/\/www.gaveanews.com\/#website","url":"https:\/\/www.gaveanews.com\/","name":"G\u00e1vea News","description":"Veja todas as not\u00edcias sobre o Flamengo: Contrata\u00e7\u00f5es, categorias de base, resultados das partidas, tabela de classifica\u00e7\u00e3o, pr\u00f3ximos jogos!","potentialAction":[{"@type":"SearchAction","target":{"@type":"EntryPoint","urlTemplate":"https:\/\/www.gaveanews.com\/?s={search_term_string}"},"query-input":{"@type":"PropertyValueSpecification","valueRequired":true,"valueName":"search_term_string"}}],"inLanguage":"pt-BR"},{"@type":"Person","@id":"https:\/\/www.gaveanews.com\/#\/schema\/person\/8207cd4627f56151707418bfc835b2fb","name":"Matheus Felipe","image":{"@type":"ImageObject","inLanguage":"pt-BR","@id":"https:\/\/www.gaveanews.com\/#\/schema\/person\/image\/","url":"https:\/\/secure.gravatar.com\/avatar\/a452ffbed9130f726358b298bb3a99ce4bd3c5338411f8440e87e14d74c7c087?s=96&d=mm&r=g","contentUrl":"https:\/\/secure.gravatar.com\/avatar\/a452ffbed9130f726358b298bb3a99ce4bd3c5338411f8440e87e14d74c7c087?s=96&d=mm&r=g","caption":"Matheus Felipe"}}]}},"_links":{"self":[{"href":"https:\/\/www.gaveanews.com\/index.php\/wp-json\/wp\/v2\/posts\/217527","targetHints":{"allow":["GET"]}}],"collection":[{"href":"https:\/\/www.gaveanews.com\/index.php\/wp-json\/wp\/v2\/posts"}],"about":[{"href":"https:\/\/www.gaveanews.com\/index.php\/wp-json\/wp\/v2\/types\/post"}],"author":[{"embeddable":true,"href":"https:\/\/www.gaveanews.com\/index.php\/wp-json\/wp\/v2\/users\/27"}],"replies":[{"embeddable":true,"href":"https:\/\/www.gaveanews.com\/index.php\/wp-json\/wp\/v2\/comments?post=217527"}],"version-history":[{"count":1,"href":"https:\/\/www.gaveanews.com\/index.php\/wp-json\/wp\/v2\/posts\/217527\/revisions"}],"predecessor-version":[{"id":217537,"href":"https:\/\/www.gaveanews.com\/index.php\/wp-json\/wp\/v2\/posts\/217527\/revisions\/217537"}],"wp:featuredmedia":[{"embeddable":true,"href":"https:\/\/www.gaveanews.com\/index.php\/wp-json\/wp\/v2\/media\/122108"}],"wp:attachment":[{"href":"https:\/\/www.gaveanews.com\/index.php\/wp-json\/wp\/v2\/media?parent=217527"}],"wp:term":[{"taxonomy":"category","embeddable":true,"href":"https:\/\/www.gaveanews.com\/index.php\/wp-json\/wp\/v2\/categories?post=217527"},{"taxonomy":"post_tag","embeddable":true,"href":"https:\/\/www.gaveanews.com\/index.php\/wp-json\/wp\/v2\/tags?post=217527"}],"curies":[{"name":"wp","href":"https:\/\/api.w.org\/{rel}","templated":true}]}}