{"id":217673,"date":"2025-01-25T02:00:00","date_gmt":"2025-01-25T05:00:00","guid":{"rendered":"https:\/\/www.gaveanews.com\/?p=217673"},"modified":"2025-01-24T23:09:20","modified_gmt":"2025-01-25T02:09:20","slug":"a-declaracao-de-cafu-direcionada-a-neymar-2","status":"publish","type":"post","link":"https:\/\/www.gaveanews.com\/index.php\/2025\/01\/25\/a-declaracao-de-cafu-direcionada-a-neymar-2\/","title":{"rendered":"A declara\u00e7\u00e3o de Cafu direcionada a Neymar"},"content":{"rendered":"\n<p>Experiente no assunto Sele\u00e7\u00e3o Brasileira, o capit\u00e3o do penta abriu o jogo em rela\u00e7\u00e3o aos problemas da Canarinho sob seu prisma. E apesar de n\u00e3o considerar a aus\u00eancia de talento uma das adversidades que contribuem para o hiato sem t\u00edtulo mundial, Cafu entende que a &#8220;Neymardepend\u00eancia&#8221; \u00e9 uma quest\u00e3o a ser solucionada prontamente.<\/p>\n\n\n\n<ul class=\"wp-block-list\">\n<li><a href=\"https:\/\/www.gaveanews.com\/index.php\/2025\/01\/24\/dorival-junior-manda-recado-para-a-selecao-brasileira\/\">Dorival J\u00fanior manda recado para a Sele\u00e7\u00e3o Brasileira<\/a><\/li>\n\n\n\n<li><a href=\"https:\/\/www.gaveanews.com\/index.php\/2025\/01\/24\/cafu-da-declaracao-ousada-sobre-fernando-diniz-na-selecao-brasileira\/\">Cafu d\u00e1 declara\u00e7\u00e3o ousada sobre Fernando Diniz na Sele\u00e7\u00e3o Brasileira<\/a><\/li>\n<\/ul>\n\n\n\n<p>Cafu v\u00ea a press\u00e3o em torno de Neymar como algo prejudicial n\u00e3o s\u00f3 para ele, mas principalmente para Sele\u00e7\u00e3o. Diante de sua perspectiva, a concentra\u00e7\u00e3o de expectativa no camisa 10 prejudicou a forma\u00e7\u00e3o e o desenvolvimento de outros talentos capazes de potencializar a import\u00e2ncia do craque dentro de um esquema na Canarinho.<\/p>\n\n\n\n<p>Apesar disso, como mencionado, o capit\u00e3o do penta desconsidera a falta de talento como um problema atual na Sele\u00e7\u00e3o. Muito pelo contr\u00e1rio, Cafu aposta na capacidade da nova gera\u00e7\u00e3o em reerguer e Canarinho e lev\u00e1-la ao lugar que merece.<\/p>\n\n\n\n<p>&#8220;N\u00f3s ficamos durante quase 14 anos dependentes de um \u00fanico jogador, do Neymar. Nosso maior jogador, nosso maior \u00eddolo, o jogador que n\u00f3s sabemos que a qualquer momento poderia resolver o nosso problema. Me fala, qual que \u00e9 o \u00eddolo nacional hoje, depois do Neymar, no absoluto, mundial? Depois do Neymar n\u00f3s n\u00e3o tivemos um \u00eddolo&#8221;, iniciou.<\/p>\n\n\n\n<p>&#8220;O Neymar foi o nosso \u00faltimo \u00eddolo. E durante 14 anos n\u00f3s ficamos dependentes do que o Neymar fazia. E a gente sabe que se voc\u00ea ficar dependente de um \u00fanico jogador, voc\u00ea n\u00e3o vai ganhar uma Copa do Mundo. \u00c9 imposs\u00edvel. Voc\u00ea n\u00e3o ganha a Copa do Mundo dependendo de um \u00fanico jogador&#8221;, opinou Cafu.<\/p>\n\n\n\n<h2 class=\"wp-block-heading\" id=\"h-treinadores-estrangeiros\">Treinadores estrangeiros<\/h2>\n\n\n\n<p>Cafu \u00e9 um entusiasta do DNA brasileiro. O capit\u00e3o do penta &#8211; e \u00fanico jogador a disputar tr\u00eas finais de Copa &#8211; torce potencialmente para o Brasil conquistar o hexacampeonato com o um brasileiro \u00e0 frente da comiss\u00e3o t\u00e9cnica.<\/p>\n\n\n\n<p>&#8220;Eu sigo o racioc\u00ednio de que precisa ser um treinador brasileiro. Nada contra os treinadores estrangeiros, pelo amor de Deus. Mas eu acho que o Brasil merece ganhar uma outra Copa do Mundo novamente com um treinador brasileiro. N\u00f3s sempre tivemos refer\u00eancias com treinadores brasileiros&#8221;, declarou ao &#8220;Abre Aspas&#8221;, do ge.<\/p>\n\n\n\n<p>&#8220;O trabalho do Dorival \u00e9 \u00f3timo. Vai ser excelente quando o Brasil estiver decretado. Realmente classificado para a Copa do Mundo de 2026. E vai para a Copa do Mundo. Voc\u00eas podem ficar tranquilos. O Brasil vai para a Copa. Vai classificar. Vai ganhar. Vai perder. Vai empatar. Vai jogar bem. Vai jogar mal. Mas vai para a Copa do Mundo. Chegou na Copa do Mundo \u00e9 um outro discurso. (\u2026) Mas o trabalho do Dorival \u00e9 um \u00f3timo trabalho. Ele pegou uma Sele\u00e7\u00e3o completamente desestruturada&#8221;.<\/p>\n","protected":false},"excerpt":{"rendered":"<p>Experiente no assunto Sele\u00e7\u00e3o Brasileira, o capit\u00e3o do penta abriu o jogo em rela\u00e7\u00e3o aos problemas da Canarinho sob seu prisma. E apesar de n\u00e3o considerar a aus\u00eancia de talento uma das adversidades que contribuem para o hiato sem t\u00edtulo mundial, Cafu entende que a &#8220;Neymardepend\u00eancia&#8221; \u00e9 uma quest\u00e3o a ser solucionada prontamente. Cafu v\u00ea [&hellip;]<\/p>\n","protected":false},"author":30,"featured_media":147894,"comment_status":"open","ping_status":"closed","sticky":false,"template":"","format":"standard","meta":{"footnotes":""},"categories":[478,477],"tags":[],"class_list":["post-217673","post","type-post","status-publish","format-standard","has-post-thumbnail","hentry","category-brasil","category-selecoes"],"yoast_head":"<!-- This site is optimized with the Yoast SEO Premium plugin v24.2 (Yoast SEO v26.9) - https:\/\/yoast.com\/product\/yoast-seo-premium-wordpress\/ -->\n<title>A declara\u00e7\u00e3o de Cafu direcionada a Neymar<\/title>\n<meta name=\"robots\" content=\"index, follow, max-snippet:-1, max-image-preview:large, max-video-preview:-1\" \/>\n<link rel=\"canonical\" href=\"https:\/\/www.gaveanews.com\/index.php\/2025\/01\/25\/a-declaracao-de-cafu-direcionada-a-neymar-2\/\" \/>\n<meta property=\"og:locale\" content=\"pt_BR\" \/>\n<meta property=\"og:type\" content=\"article\" \/>\n<meta property=\"og:title\" content=\"A declara\u00e7\u00e3o de Cafu direcionada a Neymar\" \/>\n<meta property=\"og:description\" content=\"Experiente no assunto Sele\u00e7\u00e3o Brasileira, o capit\u00e3o do penta abriu o jogo em rela\u00e7\u00e3o aos problemas da Canarinho sob seu prisma. E apesar de n\u00e3o considerar a aus\u00eancia de talento uma das adversidades que contribuem para o hiato sem t\u00edtulo mundial, Cafu entende que a &#8220;Neymardepend\u00eancia&#8221; \u00e9 uma quest\u00e3o a ser solucionada prontamente. Cafu v\u00ea [&hellip;]\" \/>\n<meta property=\"og:url\" content=\"https:\/\/www.gaveanews.com\/index.php\/2025\/01\/25\/a-declaracao-de-cafu-direcionada-a-neymar-2\/\" \/>\n<meta property=\"og:site_name\" content=\"G\u00e1vea News\" \/>\n<meta property=\"article:publisher\" content=\"https:\/\/facebook.com\/gaveaNews\/\" \/>\n<meta property=\"article:published_time\" content=\"2025-01-25T05:00:00+00:00\" \/>\n<meta property=\"og:image\" content=\"https:\/\/www.gaveanews.com\/wp-content\/uploads\/Neymar-em-acao-pelo-Selecao-Brasileira.webp\" \/>\n\t<meta property=\"og:image:width\" content=\"1295\" \/>\n\t<meta property=\"og:image:height\" content=\"863\" \/>\n\t<meta property=\"og:image:type\" content=\"image\/webp\" \/>\n<meta name=\"author\" content=\"Ana Teixeira\" \/>\n<meta name=\"twitter:card\" content=\"summary_large_image\" \/>\n<meta name=\"twitter:label1\" content=\"Escrito por\" \/>\n\t<meta name=\"twitter:data1\" content=\"Ana Teixeira\" \/>\n\t<meta name=\"twitter:label2\" content=\"Est. tempo de leitura\" \/>\n\t<meta name=\"twitter:data2\" content=\"3 minutos\" \/>\n<script type=\"application\/ld+json\" class=\"yoast-schema-graph\">{\"@context\":\"https:\/\/schema.org\",\"@graph\":[{\"@type\":\"NewsArticle\",\"@id\":\"https:\/\/www.gaveanews.com\/index.php\/2025\/01\/25\/a-declaracao-de-cafu-direcionada-a-neymar-2\/#article\",\"isPartOf\":{\"@id\":\"https:\/\/www.gaveanews.com\/index.php\/2025\/01\/25\/a-declaracao-de-cafu-direcionada-a-neymar-2\/\"},\"author\":{\"name\":\"Ana Teixeira\",\"@id\":\"https:\/\/www.gaveanews.com\/#\/schema\/person\/3b19f7288b0ce20372991275e4f2e6c2\"},\"headline\":\"A declara\u00e7\u00e3o de Cafu direcionada a Neymar\",\"datePublished\":\"2025-01-25T05:00:00+00:00\",\"mainEntityOfPage\":{\"@id\":\"https:\/\/www.gaveanews.com\/index.php\/2025\/01\/25\/a-declaracao-de-cafu-direcionada-a-neymar-2\/\"},\"wordCount\":488,\"commentCount\":0,\"image\":{\"@id\":\"https:\/\/www.gaveanews.com\/index.php\/2025\/01\/25\/a-declaracao-de-cafu-direcionada-a-neymar-2\/#primaryimage\"},\"thumbnailUrl\":\"https:\/\/www.gaveanews.com\/wp-content\/uploads\/Neymar-em-acao-pelo-Selecao-Brasileira.webp\",\"articleSection\":[\"Brasil\",\"Sele\u00e7\u00f5es\"],\"inLanguage\":\"pt-BR\",\"potentialAction\":[{\"@type\":\"CommentAction\",\"name\":\"Comment\",\"target\":[\"https:\/\/www.gaveanews.com\/index.php\/2025\/01\/25\/a-declaracao-de-cafu-direcionada-a-neymar-2\/#respond\"]}],\"copyrightYear\":\"2025\",\"copyrightHolder\":{\"@id\":\"https:\/\/www.gaveanews.com\/#organization\"}},{\"@type\":\"WebPage\",\"@id\":\"https:\/\/www.gaveanews.com\/index.php\/2025\/01\/25\/a-declaracao-de-cafu-direcionada-a-neymar-2\/\",\"url\":\"https:\/\/www.gaveanews.com\/index.php\/2025\/01\/25\/a-declaracao-de-cafu-direcionada-a-neymar-2\/\",\"name\":\"A declara\u00e7\u00e3o de Cafu direcionada a Neymar\",\"isPartOf\":{\"@id\":\"https:\/\/www.gaveanews.com\/#website\"},\"primaryImageOfPage\":{\"@id\":\"https:\/\/www.gaveanews.com\/index.php\/2025\/01\/25\/a-declaracao-de-cafu-direcionada-a-neymar-2\/#primaryimage\"},\"image\":{\"@id\":\"https:\/\/www.gaveanews.com\/index.php\/2025\/01\/25\/a-declaracao-de-cafu-direcionada-a-neymar-2\/#primaryimage\"},\"thumbnailUrl\":\"https:\/\/www.gaveanews.com\/wp-content\/uploads\/Neymar-em-acao-pelo-Selecao-Brasileira.webp\",\"datePublished\":\"2025-01-25T05:00:00+00:00\",\"author\":{\"@id\":\"https:\/\/www.gaveanews.com\/#\/schema\/person\/3b19f7288b0ce20372991275e4f2e6c2\"},\"breadcrumb\":{\"@id\":\"https:\/\/www.gaveanews.com\/index.php\/2025\/01\/25\/a-declaracao-de-cafu-direcionada-a-neymar-2\/#breadcrumb\"},\"inLanguage\":\"pt-BR\",\"potentialAction\":[{\"@type\":\"ReadAction\",\"target\":[\"https:\/\/www.gaveanews.com\/index.php\/2025\/01\/25\/a-declaracao-de-cafu-direcionada-a-neymar-2\/\"]}]},{\"@type\":\"ImageObject\",\"inLanguage\":\"pt-BR\",\"@id\":\"https:\/\/www.gaveanews.com\/index.php\/2025\/01\/25\/a-declaracao-de-cafu-direcionada-a-neymar-2\/#primaryimage\",\"url\":\"https:\/\/www.gaveanews.com\/wp-content\/uploads\/Neymar-em-acao-pelo-Selecao-Brasileira.webp\",\"contentUrl\":\"https:\/\/www.gaveanews.com\/wp-content\/uploads\/Neymar-em-acao-pelo-Selecao-Brasileira.webp\",\"width\":1295,\"height\":863,\"caption\":\"Neymar em a\u00e7\u00e3o pelo Sele\u00e7\u00e3o Brasileira (Foto: Reprodu\u00e7\u00e3o\/Instagram)\"},{\"@type\":\"BreadcrumbList\",\"@id\":\"https:\/\/www.gaveanews.com\/index.php\/2025\/01\/25\/a-declaracao-de-cafu-direcionada-a-neymar-2\/#breadcrumb\",\"itemListElement\":[{\"@type\":\"ListItem\",\"position\":1,\"name\":\"Home\",\"item\":\"https:\/\/www.gaveanews.com\/\"},{\"@type\":\"ListItem\",\"position\":2,\"name\":\"A declara\u00e7\u00e3o de Cafu direcionada a Neymar\"}]},{\"@type\":\"WebSite\",\"@id\":\"https:\/\/www.gaveanews.com\/#website\",\"url\":\"https:\/\/www.gaveanews.com\/\",\"name\":\"G\u00e1vea News\",\"description\":\"Veja todas as not\u00edcias sobre o Flamengo: Contrata\u00e7\u00f5es, categorias de base, resultados das partidas, tabela de classifica\u00e7\u00e3o, pr\u00f3ximos jogos!\",\"potentialAction\":[{\"@type\":\"SearchAction\",\"target\":{\"@type\":\"EntryPoint\",\"urlTemplate\":\"https:\/\/www.gaveanews.com\/?s={search_term_string}\"},\"query-input\":{\"@type\":\"PropertyValueSpecification\",\"valueRequired\":true,\"valueName\":\"search_term_string\"}}],\"inLanguage\":\"pt-BR\"},{\"@type\":\"Person\",\"@id\":\"https:\/\/www.gaveanews.com\/#\/schema\/person\/3b19f7288b0ce20372991275e4f2e6c2\",\"name\":\"Ana Teixeira\",\"image\":{\"@type\":\"ImageObject\",\"inLanguage\":\"pt-BR\",\"@id\":\"https:\/\/www.gaveanews.com\/#\/schema\/person\/image\/\",\"url\":\"https:\/\/secure.gravatar.com\/avatar\/0a73f5a5258f3fed37fc2fa641892f3f7a4748456d4d4792f9bc550e6c19e06c?s=96&d=mm&r=g\",\"contentUrl\":\"https:\/\/secure.gravatar.com\/avatar\/0a73f5a5258f3fed37fc2fa641892f3f7a4748456d4d4792f9bc550e6c19e06c?s=96&d=mm&r=g\",\"caption\":\"Ana Teixeira\"}}]}<\/script>\n<!-- \/ Yoast SEO Premium plugin. -->","yoast_head_json":{"title":"A declara\u00e7\u00e3o de Cafu direcionada a Neymar","robots":{"index":"index","follow":"follow","max-snippet":"max-snippet:-1","max-image-preview":"max-image-preview:large","max-video-preview":"max-video-preview:-1"},"canonical":"https:\/\/www.gaveanews.com\/index.php\/2025\/01\/25\/a-declaracao-de-cafu-direcionada-a-neymar-2\/","og_locale":"pt_BR","og_type":"article","og_title":"A declara\u00e7\u00e3o de Cafu direcionada a Neymar","og_description":"Experiente no assunto Sele\u00e7\u00e3o Brasileira, o capit\u00e3o do penta abriu o jogo em rela\u00e7\u00e3o aos problemas da Canarinho sob seu prisma. E apesar de n\u00e3o considerar a aus\u00eancia de talento uma das adversidades que contribuem para o hiato sem t\u00edtulo mundial, Cafu entende que a &#8220;Neymardepend\u00eancia&#8221; \u00e9 uma quest\u00e3o a ser solucionada prontamente. Cafu v\u00ea [&hellip;]","og_url":"https:\/\/www.gaveanews.com\/index.php\/2025\/01\/25\/a-declaracao-de-cafu-direcionada-a-neymar-2\/","og_site_name":"G\u00e1vea News","article_publisher":"https:\/\/facebook.com\/gaveaNews\/","article_published_time":"2025-01-25T05:00:00+00:00","og_image":[{"width":1295,"height":863,"url":"https:\/\/www.gaveanews.com\/wp-content\/uploads\/Neymar-em-acao-pelo-Selecao-Brasileira.webp","type":"image\/webp"}],"author":"Ana Teixeira","twitter_card":"summary_large_image","twitter_misc":{"Escrito por":"Ana Teixeira","Est. tempo de leitura":"3 minutos"},"schema":{"@context":"https:\/\/schema.org","@graph":[{"@type":"NewsArticle","@id":"https:\/\/www.gaveanews.com\/index.php\/2025\/01\/25\/a-declaracao-de-cafu-direcionada-a-neymar-2\/#article","isPartOf":{"@id":"https:\/\/www.gaveanews.com\/index.php\/2025\/01\/25\/a-declaracao-de-cafu-direcionada-a-neymar-2\/"},"author":{"name":"Ana Teixeira","@id":"https:\/\/www.gaveanews.com\/#\/schema\/person\/3b19f7288b0ce20372991275e4f2e6c2"},"headline":"A declara\u00e7\u00e3o de Cafu direcionada a Neymar","datePublished":"2025-01-25T05:00:00+00:00","mainEntityOfPage":{"@id":"https:\/\/www.gaveanews.com\/index.php\/2025\/01\/25\/a-declaracao-de-cafu-direcionada-a-neymar-2\/"},"wordCount":488,"commentCount":0,"image":{"@id":"https:\/\/www.gaveanews.com\/index.php\/2025\/01\/25\/a-declaracao-de-cafu-direcionada-a-neymar-2\/#primaryimage"},"thumbnailUrl":"https:\/\/www.gaveanews.com\/wp-content\/uploads\/Neymar-em-acao-pelo-Selecao-Brasileira.webp","articleSection":["Brasil","Sele\u00e7\u00f5es"],"inLanguage":"pt-BR","potentialAction":[{"@type":"CommentAction","name":"Comment","target":["https:\/\/www.gaveanews.com\/index.php\/2025\/01\/25\/a-declaracao-de-cafu-direcionada-a-neymar-2\/#respond"]}],"copyrightYear":"2025","copyrightHolder":{"@id":"https:\/\/www.gaveanews.com\/#organization"}},{"@type":"WebPage","@id":"https:\/\/www.gaveanews.com\/index.php\/2025\/01\/25\/a-declaracao-de-cafu-direcionada-a-neymar-2\/","url":"https:\/\/www.gaveanews.com\/index.php\/2025\/01\/25\/a-declaracao-de-cafu-direcionada-a-neymar-2\/","name":"A declara\u00e7\u00e3o de Cafu direcionada a Neymar","isPartOf":{"@id":"https:\/\/www.gaveanews.com\/#website"},"primaryImageOfPage":{"@id":"https:\/\/www.gaveanews.com\/index.php\/2025\/01\/25\/a-declaracao-de-cafu-direcionada-a-neymar-2\/#primaryimage"},"image":{"@id":"https:\/\/www.gaveanews.com\/index.php\/2025\/01\/25\/a-declaracao-de-cafu-direcionada-a-neymar-2\/#primaryimage"},"thumbnailUrl":"https:\/\/www.gaveanews.com\/wp-content\/uploads\/Neymar-em-acao-pelo-Selecao-Brasileira.webp","datePublished":"2025-01-25T05:00:00+00:00","author":{"@id":"https:\/\/www.gaveanews.com\/#\/schema\/person\/3b19f7288b0ce20372991275e4f2e6c2"},"breadcrumb":{"@id":"https:\/\/www.gaveanews.com\/index.php\/2025\/01\/25\/a-declaracao-de-cafu-direcionada-a-neymar-2\/#breadcrumb"},"inLanguage":"pt-BR","potentialAction":[{"@type":"ReadAction","target":["https:\/\/www.gaveanews.com\/index.php\/2025\/01\/25\/a-declaracao-de-cafu-direcionada-a-neymar-2\/"]}]},{"@type":"ImageObject","inLanguage":"pt-BR","@id":"https:\/\/www.gaveanews.com\/index.php\/2025\/01\/25\/a-declaracao-de-cafu-direcionada-a-neymar-2\/#primaryimage","url":"https:\/\/www.gaveanews.com\/wp-content\/uploads\/Neymar-em-acao-pelo-Selecao-Brasileira.webp","contentUrl":"https:\/\/www.gaveanews.com\/wp-content\/uploads\/Neymar-em-acao-pelo-Selecao-Brasileira.webp","width":1295,"height":863,"caption":"Neymar em a\u00e7\u00e3o pelo Sele\u00e7\u00e3o Brasileira (Foto: Reprodu\u00e7\u00e3o\/Instagram)"},{"@type":"BreadcrumbList","@id":"https:\/\/www.gaveanews.com\/index.php\/2025\/01\/25\/a-declaracao-de-cafu-direcionada-a-neymar-2\/#breadcrumb","itemListElement":[{"@type":"ListItem","position":1,"name":"Home","item":"https:\/\/www.gaveanews.com\/"},{"@type":"ListItem","position":2,"name":"A declara\u00e7\u00e3o de Cafu direcionada a Neymar"}]},{"@type":"WebSite","@id":"https:\/\/www.gaveanews.com\/#website","url":"https:\/\/www.gaveanews.com\/","name":"G\u00e1vea News","description":"Veja todas as not\u00edcias sobre o Flamengo: Contrata\u00e7\u00f5es, categorias de base, resultados das partidas, tabela de classifica\u00e7\u00e3o, pr\u00f3ximos jogos!","potentialAction":[{"@type":"SearchAction","target":{"@type":"EntryPoint","urlTemplate":"https:\/\/www.gaveanews.com\/?s={search_term_string}"},"query-input":{"@type":"PropertyValueSpecification","valueRequired":true,"valueName":"search_term_string"}}],"inLanguage":"pt-BR"},{"@type":"Person","@id":"https:\/\/www.gaveanews.com\/#\/schema\/person\/3b19f7288b0ce20372991275e4f2e6c2","name":"Ana Teixeira","image":{"@type":"ImageObject","inLanguage":"pt-BR","@id":"https:\/\/www.gaveanews.com\/#\/schema\/person\/image\/","url":"https:\/\/secure.gravatar.com\/avatar\/0a73f5a5258f3fed37fc2fa641892f3f7a4748456d4d4792f9bc550e6c19e06c?s=96&d=mm&r=g","contentUrl":"https:\/\/secure.gravatar.com\/avatar\/0a73f5a5258f3fed37fc2fa641892f3f7a4748456d4d4792f9bc550e6c19e06c?s=96&d=mm&r=g","caption":"Ana Teixeira"}}]}},"_links":{"self":[{"href":"https:\/\/www.gaveanews.com\/index.php\/wp-json\/wp\/v2\/posts\/217673","targetHints":{"allow":["GET"]}}],"collection":[{"href":"https:\/\/www.gaveanews.com\/index.php\/wp-json\/wp\/v2\/posts"}],"about":[{"href":"https:\/\/www.gaveanews.com\/index.php\/wp-json\/wp\/v2\/types\/post"}],"author":[{"embeddable":true,"href":"https:\/\/www.gaveanews.com\/index.php\/wp-json\/wp\/v2\/users\/30"}],"replies":[{"embeddable":true,"href":"https:\/\/www.gaveanews.com\/index.php\/wp-json\/wp\/v2\/comments?post=217673"}],"version-history":[{"count":1,"href":"https:\/\/www.gaveanews.com\/index.php\/wp-json\/wp\/v2\/posts\/217673\/revisions"}],"predecessor-version":[{"id":217675,"href":"https:\/\/www.gaveanews.com\/index.php\/wp-json\/wp\/v2\/posts\/217673\/revisions\/217675"}],"wp:featuredmedia":[{"embeddable":true,"href":"https:\/\/www.gaveanews.com\/index.php\/wp-json\/wp\/v2\/media\/147894"}],"wp:attachment":[{"href":"https:\/\/www.gaveanews.com\/index.php\/wp-json\/wp\/v2\/media?parent=217673"}],"wp:term":[{"taxonomy":"category","embeddable":true,"href":"https:\/\/www.gaveanews.com\/index.php\/wp-json\/wp\/v2\/categories?post=217673"},{"taxonomy":"post_tag","embeddable":true,"href":"https:\/\/www.gaveanews.com\/index.php\/wp-json\/wp\/v2\/tags?post=217673"}],"curies":[{"name":"wp","href":"https:\/\/api.w.org\/{rel}","templated":true}]}}