{"id":217719,"date":"2025-01-25T03:05:00","date_gmt":"2025-01-25T06:05:00","guid":{"rendered":"https:\/\/www.gaveanews.com\/?p=217719"},"modified":"2025-01-24T23:25:08","modified_gmt":"2025-01-25T02:25:08","slug":"palmeiras-anuncia-contratacao-de-novo-jogador","status":"publish","type":"post","link":"https:\/\/www.gaveanews.com\/index.php\/2025\/01\/25\/palmeiras-anuncia-contratacao-de-novo-jogador\/","title":{"rendered":"Palmeiras anuncia contrata\u00e7\u00e3o de novo jogador"},"content":{"rendered":"\n<p>Neste in\u00edcio de temporada, os clubes se movimentam no mercado em busca de refor\u00e7os para potencializar o elenco. O Palmeiras est\u00e1 atento \u00e0s oportunidades e, nesta sexta-feira (24), anunciou a contrata\u00e7\u00e3o de mais um jogador: Emiliano Mart\u00ednez.<\/p>\n\n\n\n<ul class=\"wp-block-list\">\n<li><a href=\"https:\/\/www.gaveanews.com\/index.php\/2025\/01\/24\/palmeiras-x-novorizontino-vidente-preve-resultado\/\">Palmeiras x Novorizontino: vidente prev\u00ea resultado<\/a><\/li>\n\n\n\n<li><a href=\"https:\/\/www.gaveanews.com\/index.php\/2025\/01\/24\/palmeiras-felippe-facincani-detona-atitude-de-abel-ferreira\/\">Palmeiras: Felippe Facincani detona atitude de Abel Ferreira<\/a><\/li>\n<\/ul>\n\n\n\n<p>Atrav\u00e9s das redes sociais, o Palmeiras divulgou um v\u00eddeo sobre a chegada do jogador e legendou: &#8220;Conhe\u00e7a sua nova casa, Mart\u00ednez! O novo refor\u00e7o do #MaiorCampe\u00e3oDoBrasil foi anunciado e visitou as instala\u00e7\u00f5es da Academia de Futebol! Assista completo na TV Palmeiras Sportingbet&#8221;.  <\/p>\n\n\n\n<blockquote class=\"twitter-tweet\"><p lang=\"pt\" dir=\"ltr\">Conhe\u00e7a sua nova casa, Mart\u00ednez! \ud83e\udd1d<br><br>O novo refor\u00e7o do <a href=\"https:\/\/twitter.com\/hashtag\/MaiorCampe%C3%A3oDoBrasil?src=hash&amp;ref_src=twsrc%5Etfw\">#MaiorCampe\u00e3oDoBrasil<\/a> foi anunciado e visitou as instala\u00e7\u00f5es da Academia de Futebol! Assista completo na TV Palmeiras Sportingbet \u27a4 <a href=\"https:\/\/t.co\/cKxwNP3JTC\">https:\/\/t.co\/cKxwNP3JTC<\/a> <a href=\"https:\/\/t.co\/wujCT7ZDoK\">pic.twitter.com\/wujCT7ZDoK<\/a><\/p>&mdash; SE Palmeiras (@Palmeiras) <a href=\"https:\/\/twitter.com\/Palmeiras\/status\/1882921320062783747?ref_src=twsrc%5Etfw\">January 24, 2025<\/a><\/blockquote> <script async src=\"https:\/\/platform.twitter.com\/widgets.js\" charset=\"utf-8\"><\/script>\n\n\n\n<p>Mart\u00ednez \u00e9 uruguaio, atua como volante e chega ao Palmeiras para substituir Gabriel Menino, que se transferiu para o Atl\u00e9tico-MG, envolvido na negocia\u00e7\u00e3o por Paulinho. Apesar da contrata\u00e7\u00e3o do atleta, o Alviverde n\u00e3o desistiu da contrata\u00e7\u00e3o de Andreas Pereira.<\/p>\n\n\n\n<p>Emiliano Mart\u00ednez tem 25 anos e j\u00e1 atuou em solo brasileiro, quando defendeu o Red Bull Bragantino. De l\u00e1, se transferiu para o Midtjylland, clube onde estava antes de acertar com o Palmeiras. O volante se formou nas categorias de base do Nacional, do Uruguai, e \u00e9 figurinha carimbada na sele\u00e7\u00e3o comandada por Marcelo Bielsa. <\/p>\n\n\n\n<p>O departamento de futebol do Palmeiras entende que Emiliano Mart\u00ednez \u00e9 um jogador vers\u00e1til e pode atuar em mais de uma posi\u00e7\u00e3o: como primeiro volante, segundo volante ou meia-armador, tal qual An\u00edbal Moreno. A informa\u00e7\u00e3o \u00e9 do &#8216;ge&#8217;. <\/p>\n\n\n\n<h2 class=\"wp-block-heading\" id=\"h-outras-contratacoes-do-palmeiras\">Outras contrata\u00e7\u00f5es do Palmeiras<\/h2>\n\n\n\n<p>Para a temporada 2025, o Palmeiras adotou uma estrat\u00e9gia diferente da utilizada no ano passado, quando foi mais t\u00edmido na janela. Neste ano, Leila Pereira resolveu investir pesado e j\u00e1 gastou quase R$ 200 milh\u00f5es em apenas dois refor\u00e7os. <\/p>\n\n\n\n<p>Facundo Torres foi a primeira contrata\u00e7\u00e3o do Palmeiras neste 2025. O atacante, tamb\u00e9m uruguaio, tem 24 anos e estava no Orlando City, dos Estados Unidos. Esta ser\u00e1 a primeira passagem de Facundo pelo futebol brasileiro, e o contrato foi assinado por cinco temporadas. Para ter o jogador, o Alviverde investiu 12 milh\u00f5es de d\u00f3lares, cerca de R$ 73 milh\u00f5es.<\/p>\n\n\n\n<p>Paulinho foi a segunda contrata\u00e7\u00e3o do Palmeiras, e deixou o Atl\u00e9tico-MG para assinar com o clube paulista. Pelo atacante, o Alviverde pagou 8 milh\u00f5es de euros, cerca de R$ 115 milh\u00f5es. <\/p>\n\n\n\n<p><\/p>\n","protected":false},"excerpt":{"rendered":"<p>Neste in\u00edcio de temporada, os clubes se movimentam no mercado em busca de refor\u00e7os para potencializar o elenco. O Palmeiras est\u00e1 atento \u00e0s oportunidades e, nesta sexta-feira (24), anunciou a contrata\u00e7\u00e3o de mais um jogador: Emiliano Mart\u00ednez. Atrav\u00e9s das redes sociais, o Palmeiras divulgou um v\u00eddeo sobre a chegada do jogador e legendou: &#8220;Conhe\u00e7a sua [&hellip;]<\/p>\n","protected":false},"author":18,"featured_media":152159,"comment_status":"open","ping_status":"closed","sticky":false,"template":"","format":"standard","meta":{"footnotes":""},"categories":[150],"tags":[],"class_list":["post-217719","post","type-post","status-publish","format-standard","has-post-thumbnail","hentry","category-palmeiras"],"yoast_head":"<!-- This site is optimized with the Yoast SEO Premium plugin v24.2 (Yoast SEO v26.9) - https:\/\/yoast.com\/product\/yoast-seo-premium-wordpress\/ -->\n<title>Palmeiras anuncia contrata\u00e7\u00e3o de novo jogador<\/title>\n<meta name=\"robots\" content=\"index, follow, max-snippet:-1, max-image-preview:large, max-video-preview:-1\" \/>\n<link rel=\"canonical\" href=\"https:\/\/www.gaveanews.com\/index.php\/2025\/01\/25\/palmeiras-anuncia-contratacao-de-novo-jogador\/\" \/>\n<meta property=\"og:locale\" content=\"pt_BR\" \/>\n<meta property=\"og:type\" content=\"article\" \/>\n<meta property=\"og:title\" content=\"Palmeiras anuncia contrata\u00e7\u00e3o de novo jogador\" \/>\n<meta property=\"og:description\" content=\"Neste in\u00edcio de temporada, os clubes se movimentam no mercado em busca de refor\u00e7os para potencializar o elenco. O Palmeiras est\u00e1 atento \u00e0s oportunidades e, nesta sexta-feira (24), anunciou a contrata\u00e7\u00e3o de mais um jogador: Emiliano Mart\u00ednez. Atrav\u00e9s das redes sociais, o Palmeiras divulgou um v\u00eddeo sobre a chegada do jogador e legendou: &#8220;Conhe\u00e7a sua [&hellip;]\" \/>\n<meta property=\"og:url\" content=\"https:\/\/www.gaveanews.com\/index.php\/2025\/01\/25\/palmeiras-anuncia-contratacao-de-novo-jogador\/\" \/>\n<meta property=\"og:site_name\" content=\"G\u00e1vea News\" \/>\n<meta property=\"article:publisher\" content=\"https:\/\/facebook.com\/gaveaNews\/\" \/>\n<meta property=\"article:published_time\" content=\"2025-01-25T06:05:00+00:00\" \/>\n<meta property=\"og:image\" content=\"https:\/\/www.gaveanews.com\/wp-content\/uploads\/Escudo-do-Palmeiras.webp\" \/>\n\t<meta property=\"og:image:width\" content=\"1000\" \/>\n\t<meta property=\"og:image:height\" content=\"667\" \/>\n\t<meta property=\"og:image:type\" content=\"image\/webp\" \/>\n<meta name=\"author\" content=\"Paula Silva\" \/>\n<meta name=\"twitter:card\" content=\"summary_large_image\" \/>\n<meta name=\"twitter:label1\" content=\"Escrito por\" \/>\n\t<meta name=\"twitter:data1\" content=\"Paula Silva\" \/>\n\t<meta name=\"twitter:label2\" content=\"Est. tempo de leitura\" \/>\n\t<meta name=\"twitter:data2\" content=\"3 minutos\" \/>\n<script type=\"application\/ld+json\" class=\"yoast-schema-graph\">{\"@context\":\"https:\/\/schema.org\",\"@graph\":[{\"@type\":\"NewsArticle\",\"@id\":\"https:\/\/www.gaveanews.com\/index.php\/2025\/01\/25\/palmeiras-anuncia-contratacao-de-novo-jogador\/#article\",\"isPartOf\":{\"@id\":\"https:\/\/www.gaveanews.com\/index.php\/2025\/01\/25\/palmeiras-anuncia-contratacao-de-novo-jogador\/\"},\"author\":{\"name\":\"Paula Silva\",\"@id\":\"https:\/\/www.gaveanews.com\/#\/schema\/person\/daf63eec72e1164eb13dc35096c2b8da\"},\"headline\":\"Palmeiras anuncia contrata\u00e7\u00e3o de novo jogador\",\"datePublished\":\"2025-01-25T06:05:00+00:00\",\"mainEntityOfPage\":{\"@id\":\"https:\/\/www.gaveanews.com\/index.php\/2025\/01\/25\/palmeiras-anuncia-contratacao-de-novo-jogador\/\"},\"wordCount\":435,\"commentCount\":0,\"image\":{\"@id\":\"https:\/\/www.gaveanews.com\/index.php\/2025\/01\/25\/palmeiras-anuncia-contratacao-de-novo-jogador\/#primaryimage\"},\"thumbnailUrl\":\"https:\/\/www.gaveanews.com\/wp-content\/uploads\/Escudo-do-Palmeiras.webp\",\"articleSection\":[\"Palmeiras\"],\"inLanguage\":\"pt-BR\",\"potentialAction\":[{\"@type\":\"CommentAction\",\"name\":\"Comment\",\"target\":[\"https:\/\/www.gaveanews.com\/index.php\/2025\/01\/25\/palmeiras-anuncia-contratacao-de-novo-jogador\/#respond\"]}],\"copyrightYear\":\"2025\",\"copyrightHolder\":{\"@id\":\"https:\/\/www.gaveanews.com\/#organization\"}},{\"@type\":\"WebPage\",\"@id\":\"https:\/\/www.gaveanews.com\/index.php\/2025\/01\/25\/palmeiras-anuncia-contratacao-de-novo-jogador\/\",\"url\":\"https:\/\/www.gaveanews.com\/index.php\/2025\/01\/25\/palmeiras-anuncia-contratacao-de-novo-jogador\/\",\"name\":\"Palmeiras anuncia contrata\u00e7\u00e3o de novo jogador\",\"isPartOf\":{\"@id\":\"https:\/\/www.gaveanews.com\/#website\"},\"primaryImageOfPage\":{\"@id\":\"https:\/\/www.gaveanews.com\/index.php\/2025\/01\/25\/palmeiras-anuncia-contratacao-de-novo-jogador\/#primaryimage\"},\"image\":{\"@id\":\"https:\/\/www.gaveanews.com\/index.php\/2025\/01\/25\/palmeiras-anuncia-contratacao-de-novo-jogador\/#primaryimage\"},\"thumbnailUrl\":\"https:\/\/www.gaveanews.com\/wp-content\/uploads\/Escudo-do-Palmeiras.webp\",\"datePublished\":\"2025-01-25T06:05:00+00:00\",\"author\":{\"@id\":\"https:\/\/www.gaveanews.com\/#\/schema\/person\/daf63eec72e1164eb13dc35096c2b8da\"},\"breadcrumb\":{\"@id\":\"https:\/\/www.gaveanews.com\/index.php\/2025\/01\/25\/palmeiras-anuncia-contratacao-de-novo-jogador\/#breadcrumb\"},\"inLanguage\":\"pt-BR\",\"potentialAction\":[{\"@type\":\"ReadAction\",\"target\":[\"https:\/\/www.gaveanews.com\/index.php\/2025\/01\/25\/palmeiras-anuncia-contratacao-de-novo-jogador\/\"]}]},{\"@type\":\"ImageObject\",\"inLanguage\":\"pt-BR\",\"@id\":\"https:\/\/www.gaveanews.com\/index.php\/2025\/01\/25\/palmeiras-anuncia-contratacao-de-novo-jogador\/#primaryimage\",\"url\":\"https:\/\/www.gaveanews.com\/wp-content\/uploads\/Escudo-do-Palmeiras.webp\",\"contentUrl\":\"https:\/\/www.gaveanews.com\/wp-content\/uploads\/Escudo-do-Palmeiras.webp\",\"width\":1000,\"height\":667,\"caption\":\"Escudo do Palmeiras (Foto Reprodu\u00e7\u00e3o\/Instagram)\"},{\"@type\":\"BreadcrumbList\",\"@id\":\"https:\/\/www.gaveanews.com\/index.php\/2025\/01\/25\/palmeiras-anuncia-contratacao-de-novo-jogador\/#breadcrumb\",\"itemListElement\":[{\"@type\":\"ListItem\",\"position\":1,\"name\":\"Home\",\"item\":\"https:\/\/www.gaveanews.com\/\"},{\"@type\":\"ListItem\",\"position\":2,\"name\":\"Palmeiras anuncia contrata\u00e7\u00e3o de novo jogador\"}]},{\"@type\":\"WebSite\",\"@id\":\"https:\/\/www.gaveanews.com\/#website\",\"url\":\"https:\/\/www.gaveanews.com\/\",\"name\":\"G\u00e1vea News\",\"description\":\"Veja todas as not\u00edcias sobre o Flamengo: Contrata\u00e7\u00f5es, categorias de base, resultados das partidas, tabela de classifica\u00e7\u00e3o, pr\u00f3ximos jogos!\",\"potentialAction\":[{\"@type\":\"SearchAction\",\"target\":{\"@type\":\"EntryPoint\",\"urlTemplate\":\"https:\/\/www.gaveanews.com\/?s={search_term_string}\"},\"query-input\":{\"@type\":\"PropertyValueSpecification\",\"valueRequired\":true,\"valueName\":\"search_term_string\"}}],\"inLanguage\":\"pt-BR\"},{\"@type\":\"Person\",\"@id\":\"https:\/\/www.gaveanews.com\/#\/schema\/person\/daf63eec72e1164eb13dc35096c2b8da\",\"name\":\"Paula Silva\",\"image\":{\"@type\":\"ImageObject\",\"inLanguage\":\"pt-BR\",\"@id\":\"https:\/\/www.gaveanews.com\/#\/schema\/person\/image\/\",\"url\":\"https:\/\/secure.gravatar.com\/avatar\/eda381c845527cc5d64c13b901833cda29d97500ba040d3e6461f76f51d163bb?s=96&d=mm&r=g\",\"contentUrl\":\"https:\/\/secure.gravatar.com\/avatar\/eda381c845527cc5d64c13b901833cda29d97500ba040d3e6461f76f51d163bb?s=96&d=mm&r=g\",\"caption\":\"Paula Silva\"}}]}<\/script>\n<!-- \/ Yoast SEO Premium plugin. -->","yoast_head_json":{"title":"Palmeiras anuncia contrata\u00e7\u00e3o de novo jogador","robots":{"index":"index","follow":"follow","max-snippet":"max-snippet:-1","max-image-preview":"max-image-preview:large","max-video-preview":"max-video-preview:-1"},"canonical":"https:\/\/www.gaveanews.com\/index.php\/2025\/01\/25\/palmeiras-anuncia-contratacao-de-novo-jogador\/","og_locale":"pt_BR","og_type":"article","og_title":"Palmeiras anuncia contrata\u00e7\u00e3o de novo jogador","og_description":"Neste in\u00edcio de temporada, os clubes se movimentam no mercado em busca de refor\u00e7os para potencializar o elenco. O Palmeiras est\u00e1 atento \u00e0s oportunidades e, nesta sexta-feira (24), anunciou a contrata\u00e7\u00e3o de mais um jogador: Emiliano Mart\u00ednez. Atrav\u00e9s das redes sociais, o Palmeiras divulgou um v\u00eddeo sobre a chegada do jogador e legendou: &#8220;Conhe\u00e7a sua [&hellip;]","og_url":"https:\/\/www.gaveanews.com\/index.php\/2025\/01\/25\/palmeiras-anuncia-contratacao-de-novo-jogador\/","og_site_name":"G\u00e1vea News","article_publisher":"https:\/\/facebook.com\/gaveaNews\/","article_published_time":"2025-01-25T06:05:00+00:00","og_image":[{"width":1000,"height":667,"url":"https:\/\/www.gaveanews.com\/wp-content\/uploads\/Escudo-do-Palmeiras.webp","type":"image\/webp"}],"author":"Paula Silva","twitter_card":"summary_large_image","twitter_misc":{"Escrito por":"Paula Silva","Est. tempo de leitura":"3 minutos"},"schema":{"@context":"https:\/\/schema.org","@graph":[{"@type":"NewsArticle","@id":"https:\/\/www.gaveanews.com\/index.php\/2025\/01\/25\/palmeiras-anuncia-contratacao-de-novo-jogador\/#article","isPartOf":{"@id":"https:\/\/www.gaveanews.com\/index.php\/2025\/01\/25\/palmeiras-anuncia-contratacao-de-novo-jogador\/"},"author":{"name":"Paula Silva","@id":"https:\/\/www.gaveanews.com\/#\/schema\/person\/daf63eec72e1164eb13dc35096c2b8da"},"headline":"Palmeiras anuncia contrata\u00e7\u00e3o de novo jogador","datePublished":"2025-01-25T06:05:00+00:00","mainEntityOfPage":{"@id":"https:\/\/www.gaveanews.com\/index.php\/2025\/01\/25\/palmeiras-anuncia-contratacao-de-novo-jogador\/"},"wordCount":435,"commentCount":0,"image":{"@id":"https:\/\/www.gaveanews.com\/index.php\/2025\/01\/25\/palmeiras-anuncia-contratacao-de-novo-jogador\/#primaryimage"},"thumbnailUrl":"https:\/\/www.gaveanews.com\/wp-content\/uploads\/Escudo-do-Palmeiras.webp","articleSection":["Palmeiras"],"inLanguage":"pt-BR","potentialAction":[{"@type":"CommentAction","name":"Comment","target":["https:\/\/www.gaveanews.com\/index.php\/2025\/01\/25\/palmeiras-anuncia-contratacao-de-novo-jogador\/#respond"]}],"copyrightYear":"2025","copyrightHolder":{"@id":"https:\/\/www.gaveanews.com\/#organization"}},{"@type":"WebPage","@id":"https:\/\/www.gaveanews.com\/index.php\/2025\/01\/25\/palmeiras-anuncia-contratacao-de-novo-jogador\/","url":"https:\/\/www.gaveanews.com\/index.php\/2025\/01\/25\/palmeiras-anuncia-contratacao-de-novo-jogador\/","name":"Palmeiras anuncia contrata\u00e7\u00e3o de novo jogador","isPartOf":{"@id":"https:\/\/www.gaveanews.com\/#website"},"primaryImageOfPage":{"@id":"https:\/\/www.gaveanews.com\/index.php\/2025\/01\/25\/palmeiras-anuncia-contratacao-de-novo-jogador\/#primaryimage"},"image":{"@id":"https:\/\/www.gaveanews.com\/index.php\/2025\/01\/25\/palmeiras-anuncia-contratacao-de-novo-jogador\/#primaryimage"},"thumbnailUrl":"https:\/\/www.gaveanews.com\/wp-content\/uploads\/Escudo-do-Palmeiras.webp","datePublished":"2025-01-25T06:05:00+00:00","author":{"@id":"https:\/\/www.gaveanews.com\/#\/schema\/person\/daf63eec72e1164eb13dc35096c2b8da"},"breadcrumb":{"@id":"https:\/\/www.gaveanews.com\/index.php\/2025\/01\/25\/palmeiras-anuncia-contratacao-de-novo-jogador\/#breadcrumb"},"inLanguage":"pt-BR","potentialAction":[{"@type":"ReadAction","target":["https:\/\/www.gaveanews.com\/index.php\/2025\/01\/25\/palmeiras-anuncia-contratacao-de-novo-jogador\/"]}]},{"@type":"ImageObject","inLanguage":"pt-BR","@id":"https:\/\/www.gaveanews.com\/index.php\/2025\/01\/25\/palmeiras-anuncia-contratacao-de-novo-jogador\/#primaryimage","url":"https:\/\/www.gaveanews.com\/wp-content\/uploads\/Escudo-do-Palmeiras.webp","contentUrl":"https:\/\/www.gaveanews.com\/wp-content\/uploads\/Escudo-do-Palmeiras.webp","width":1000,"height":667,"caption":"Escudo do Palmeiras (Foto Reprodu\u00e7\u00e3o\/Instagram)"},{"@type":"BreadcrumbList","@id":"https:\/\/www.gaveanews.com\/index.php\/2025\/01\/25\/palmeiras-anuncia-contratacao-de-novo-jogador\/#breadcrumb","itemListElement":[{"@type":"ListItem","position":1,"name":"Home","item":"https:\/\/www.gaveanews.com\/"},{"@type":"ListItem","position":2,"name":"Palmeiras anuncia contrata\u00e7\u00e3o de novo jogador"}]},{"@type":"WebSite","@id":"https:\/\/www.gaveanews.com\/#website","url":"https:\/\/www.gaveanews.com\/","name":"G\u00e1vea News","description":"Veja todas as not\u00edcias sobre o Flamengo: Contrata\u00e7\u00f5es, categorias de base, resultados das partidas, tabela de classifica\u00e7\u00e3o, pr\u00f3ximos jogos!","potentialAction":[{"@type":"SearchAction","target":{"@type":"EntryPoint","urlTemplate":"https:\/\/www.gaveanews.com\/?s={search_term_string}"},"query-input":{"@type":"PropertyValueSpecification","valueRequired":true,"valueName":"search_term_string"}}],"inLanguage":"pt-BR"},{"@type":"Person","@id":"https:\/\/www.gaveanews.com\/#\/schema\/person\/daf63eec72e1164eb13dc35096c2b8da","name":"Paula Silva","image":{"@type":"ImageObject","inLanguage":"pt-BR","@id":"https:\/\/www.gaveanews.com\/#\/schema\/person\/image\/","url":"https:\/\/secure.gravatar.com\/avatar\/eda381c845527cc5d64c13b901833cda29d97500ba040d3e6461f76f51d163bb?s=96&d=mm&r=g","contentUrl":"https:\/\/secure.gravatar.com\/avatar\/eda381c845527cc5d64c13b901833cda29d97500ba040d3e6461f76f51d163bb?s=96&d=mm&r=g","caption":"Paula Silva"}}]}},"_links":{"self":[{"href":"https:\/\/www.gaveanews.com\/index.php\/wp-json\/wp\/v2\/posts\/217719","targetHints":{"allow":["GET"]}}],"collection":[{"href":"https:\/\/www.gaveanews.com\/index.php\/wp-json\/wp\/v2\/posts"}],"about":[{"href":"https:\/\/www.gaveanews.com\/index.php\/wp-json\/wp\/v2\/types\/post"}],"author":[{"embeddable":true,"href":"https:\/\/www.gaveanews.com\/index.php\/wp-json\/wp\/v2\/users\/18"}],"replies":[{"embeddable":true,"href":"https:\/\/www.gaveanews.com\/index.php\/wp-json\/wp\/v2\/comments?post=217719"}],"version-history":[{"count":1,"href":"https:\/\/www.gaveanews.com\/index.php\/wp-json\/wp\/v2\/posts\/217719\/revisions"}],"predecessor-version":[{"id":217750,"href":"https:\/\/www.gaveanews.com\/index.php\/wp-json\/wp\/v2\/posts\/217719\/revisions\/217750"}],"wp:featuredmedia":[{"embeddable":true,"href":"https:\/\/www.gaveanews.com\/index.php\/wp-json\/wp\/v2\/media\/152159"}],"wp:attachment":[{"href":"https:\/\/www.gaveanews.com\/index.php\/wp-json\/wp\/v2\/media?parent=217719"}],"wp:term":[{"taxonomy":"category","embeddable":true,"href":"https:\/\/www.gaveanews.com\/index.php\/wp-json\/wp\/v2\/categories?post=217719"},{"taxonomy":"post_tag","embeddable":true,"href":"https:\/\/www.gaveanews.com\/index.php\/wp-json\/wp\/v2\/tags?post=217719"}],"curies":[{"name":"wp","href":"https:\/\/api.w.org\/{rel}","templated":true}]}}