{"id":217853,"date":"2025-01-25T16:02:15","date_gmt":"2025-01-25T19:02:15","guid":{"rendered":"https:\/\/www.gaveanews.com\/?p=217853"},"modified":"2025-01-25T16:02:17","modified_gmt":"2025-01-25T19:02:17","slug":"sao-paulo-x-guarani-a-declaracao-de-velloso","status":"publish","type":"post","link":"https:\/\/www.gaveanews.com\/index.php\/2025\/01\/25\/sao-paulo-x-guarani-a-declaracao-de-velloso\/","title":{"rendered":"S\u00e3o Paulo x Guarani: a declara\u00e7\u00e3o de Velloso"},"content":{"rendered":"\n<p>O S\u00e3o Paulo estreou no Campeonato Paulista de 2025 com uma vit\u00f3ria magra de 1 a 0 sobre o Guarani. Assim sendo, o desempenho do quarteto ofensivo escalado inicialmente gerou coment\u00e1rios por parte do ex-goleiro e comentarista Velloso. Apesar do resultado positivo, o ex-atleta salientou a necessidade de ajustes no elenco principal para os pr\u00f3ximos desafios.<\/p>\n\n\n\n<p>Conforme Velloso, a forma\u00e7\u00e3o ofensiva composta por Lucas Moura, Oscar, Luciano e Calleri apresentou car\u00eancia de velocidade. Essa caracter\u00edstica, segundo o comentarista, pode prejudicar o rendimento da equipe em confrontos futuros. <\/p>\n\n\n\n<p>Devido a essa observa\u00e7\u00e3o, o ex-jogador sugeriu a inclus\u00e3o de Ferreirinha como uma alternativa para equilibrar o ataque tricolor. Al\u00e9m disso, Velloso indicou a possibilidade de Calleri ou Luciano perderem a titularidade, uma vez que Ferreirinha demonstra atributos relevantes para o esquema t\u00e1tico.<\/p>\n\n\n\n<p>\u201cS\u00e3o Paulo, para o primeiro jogo (com os titulares no Paulist\u00e3o), mostrou a cara do time. Valeu para ver o Oscar jogando ali com o Lucas, mas eu acho que o Ferreirinha tem que entrar nesse time a\u00ed. O time fica muito lento com Lucas, Oscar, Luciano e Calleri. Esses quatro juntos eu n\u00e3o sei, vai ter que dar uma mexida\u201d, alertou. <\/p>\n\n\n\n<h2 class=\"wp-block-heading\" id=\"h-retorno-de-oscar-ao-sao-paulo-gera-expectativas-e-observacoes\">Retorno de Oscar ao S\u00e3o Paulo gera expectativas e observa\u00e7\u00f5es<\/h2>\n\n\n\n<p>A contrata\u00e7\u00e3o de Oscar pelo S\u00e3o Paulo despertou diferentes rea\u00e7\u00f5es, inclusive questionamentos por parte de Velloso. O comentarista classificou a vinda do meio-campista como uma aposta arriscada. Velloso levantou d\u00favidas sobre o impacto de Oscar em seu retorno ao futebol brasileiro, ap\u00f3s um per\u00edodo atuando no futebol chin\u00eas. <\/p>\n\n\n\n<p>Assim, o per\u00edodo em que Oscar atuou no futebol chin\u00eas levanta questionamentos sobre sua adapta\u00e7\u00e3o ao ritmo e \u00e0 intensidade do futebol brasileiro. Apesar do otimismo inicial com a chegada do jogador, Velloso ressaltou que o investimento realizado pelo S\u00e3o Paulo envolve incertezas quanto ao retorno t\u00e9cnico do atleta. <\/p>\n\n\n\n<p>\u201c\u00c9 mais uma aposta do S\u00e3o Paulo com muito risco. O Oscar ficou muito tempo fora, ficou muito tempo no futebol chin\u00eas. \u00c9 um futebol pouco competitivo. Eu acho que o S\u00e3o Paulo est\u00e1 investindo pesado em um jogador que pode ter alguma dificuldade. Vamos ver o que ele pode render\u201d, disparou Velloso.<\/p>\n\n\n\n<figure class=\"wp-block-image size-full is-resized\"><img loading=\"lazy\" decoding=\"async\" width=\"762\" height=\"530\" src=\"http:\/\/www.gaveanews.com\/wp-content\/uploads\/Oscar-pelo-Sao-Paulo.webp\" alt=\"\" class=\"wp-image-213569\" style=\"width:840px;height:auto\" srcset=\"https:\/\/www.gaveanews.com\/wp-content\/uploads\/Oscar-pelo-Sao-Paulo.webp 762w, https:\/\/www.gaveanews.com\/wp-content\/uploads\/Oscar-pelo-Sao-Paulo-300x209.webp 300w, https:\/\/www.gaveanews.com\/wp-content\/uploads\/Oscar-pelo-Sao-Paulo-604x420.webp 604w, https:\/\/www.gaveanews.com\/wp-content\/uploads\/Oscar-pelo-Sao-Paulo-640x445.webp 640w, https:\/\/www.gaveanews.com\/wp-content\/uploads\/Oscar-pelo-Sao-Paulo-681x474.webp 681w, https:\/\/www.gaveanews.com\/wp-content\/uploads\/Oscar-pelo-Sao-Paulo-100x70.webp 100w\" sizes=\"auto, (max-width: 762px) 100vw, 762px\" \/><figcaption class=\"wp-element-caption\">Oscar pelo S\u00e3o Paulo (Cr\u00e9dito: Rubens Chiri \/ S\u00e3o Paulo FC)<\/figcaption><\/figure>\n\n\n\n<h2 class=\"wp-block-heading\" id=\"h-classico-entre-sao-paulo-e-corinthians\">Cl\u00e1ssico entre S\u00e3o Paulo e Corinthians<\/h2>\n\n\n\n<p>O pr\u00f3ximo desafio do S\u00e3o Paulo no Campeonato Paulista ser\u00e1 um cl\u00e1ssico contra o Corinthians. O confronto ocorrer\u00e1 no domingo, 26 de [inserir m\u00eas], \u00e0s 18h30, no est\u00e1dio MorumBIS. A partida, v\u00e1lida pela quarta rodada do Paulist\u00e3o 2025, gera grande expectativa entre os torcedores. O cl\u00e1ssico marca o in\u00edcio dos confrontos mais desafiadores para o S\u00e3o Paulo na temporada.<\/p>\n","protected":false},"excerpt":{"rendered":"<p>O S\u00e3o Paulo estreou no Campeonato Paulista de 2025 com uma vit\u00f3ria magra de 1 a 0 sobre o Guarani. Assim sendo, o desempenho do quarteto ofensivo escalado inicialmente gerou coment\u00e1rios por parte do ex-goleiro e comentarista Velloso. Apesar do resultado positivo, o ex-atleta salientou a necessidade de ajustes no elenco principal para os pr\u00f3ximos [&hellip;]<\/p>\n","protected":false},"author":28,"featured_media":211044,"comment_status":"open","ping_status":"closed","sticky":false,"template":"","format":"standard","meta":{"footnotes":""},"categories":[151],"tags":[],"class_list":["post-217853","post","type-post","status-publish","format-standard","has-post-thumbnail","hentry","category-sao-paulo"],"yoast_head":"<!-- This site is optimized with the Yoast SEO Premium plugin v24.2 (Yoast SEO v26.9) - https:\/\/yoast.com\/product\/yoast-seo-premium-wordpress\/ -->\n<title>S\u00e3o Paulo x Guarani: a declara\u00e7\u00e3o de Velloso<\/title>\n<meta name=\"robots\" content=\"index, follow, max-snippet:-1, max-image-preview:large, max-video-preview:-1\" \/>\n<link rel=\"canonical\" href=\"https:\/\/www.gaveanews.com\/index.php\/2025\/01\/25\/sao-paulo-x-guarani-a-declaracao-de-velloso\/\" \/>\n<meta property=\"og:locale\" content=\"pt_BR\" \/>\n<meta property=\"og:type\" content=\"article\" \/>\n<meta property=\"og:title\" content=\"S\u00e3o Paulo x Guarani: a declara\u00e7\u00e3o de Velloso\" \/>\n<meta property=\"og:description\" content=\"O S\u00e3o Paulo estreou no Campeonato Paulista de 2025 com uma vit\u00f3ria magra de 1 a 0 sobre o Guarani. Assim sendo, o desempenho do quarteto ofensivo escalado inicialmente gerou coment\u00e1rios por parte do ex-goleiro e comentarista Velloso. Apesar do resultado positivo, o ex-atleta salientou a necessidade de ajustes no elenco principal para os pr\u00f3ximos [&hellip;]\" \/>\n<meta property=\"og:url\" content=\"https:\/\/www.gaveanews.com\/index.php\/2025\/01\/25\/sao-paulo-x-guarani-a-declaracao-de-velloso\/\" \/>\n<meta property=\"og:site_name\" content=\"G\u00e1vea News\" \/>\n<meta property=\"article:publisher\" content=\"https:\/\/facebook.com\/gaveaNews\/\" \/>\n<meta property=\"article:published_time\" content=\"2025-01-25T19:02:15+00:00\" \/>\n<meta property=\"article:modified_time\" content=\"2025-01-25T19:02:17+00:00\" \/>\n<meta property=\"og:image\" content=\"http:\/\/www.gaveanews.com\/wp-content\/uploads\/Velloso-ex-goleiro.webp\" \/>\n\t<meta property=\"og:image:width\" content=\"661\" \/>\n\t<meta property=\"og:image:height\" content=\"454\" \/>\n\t<meta property=\"og:image:type\" content=\"image\/jpeg\" \/>\n<meta name=\"author\" content=\"Hudson Pereira\" \/>\n<meta name=\"twitter:card\" content=\"summary_large_image\" \/>\n<meta name=\"twitter:label1\" content=\"Escrito por\" \/>\n\t<meta name=\"twitter:data1\" content=\"Hudson Pereira\" \/>\n\t<meta name=\"twitter:label2\" content=\"Est. tempo de leitura\" \/>\n\t<meta name=\"twitter:data2\" content=\"3 minutos\" \/>\n<script type=\"application\/ld+json\" class=\"yoast-schema-graph\">{\"@context\":\"https:\/\/schema.org\",\"@graph\":[{\"@type\":\"NewsArticle\",\"@id\":\"https:\/\/www.gaveanews.com\/index.php\/2025\/01\/25\/sao-paulo-x-guarani-a-declaracao-de-velloso\/#article\",\"isPartOf\":{\"@id\":\"https:\/\/www.gaveanews.com\/index.php\/2025\/01\/25\/sao-paulo-x-guarani-a-declaracao-de-velloso\/\"},\"author\":{\"name\":\"Hudson Pereira\",\"@id\":\"https:\/\/www.gaveanews.com\/#\/schema\/person\/bd08f00534b403119b92741a6d469ef0\"},\"headline\":\"S\u00e3o Paulo x Guarani: a declara\u00e7\u00e3o de Velloso\",\"datePublished\":\"2025-01-25T19:02:15+00:00\",\"dateModified\":\"2025-01-25T19:02:17+00:00\",\"mainEntityOfPage\":{\"@id\":\"https:\/\/www.gaveanews.com\/index.php\/2025\/01\/25\/sao-paulo-x-guarani-a-declaracao-de-velloso\/\"},\"wordCount\":475,\"commentCount\":0,\"image\":{\"@id\":\"https:\/\/www.gaveanews.com\/index.php\/2025\/01\/25\/sao-paulo-x-guarani-a-declaracao-de-velloso\/#primaryimage\"},\"thumbnailUrl\":\"https:\/\/www.gaveanews.com\/wp-content\/uploads\/Velloso-ex-goleiro.webp\",\"articleSection\":[\"S\u00e3o Paulo\"],\"inLanguage\":\"pt-BR\",\"potentialAction\":[{\"@type\":\"CommentAction\",\"name\":\"Comment\",\"target\":[\"https:\/\/www.gaveanews.com\/index.php\/2025\/01\/25\/sao-paulo-x-guarani-a-declaracao-de-velloso\/#respond\"]}],\"copyrightYear\":\"2025\",\"copyrightHolder\":{\"@id\":\"https:\/\/www.gaveanews.com\/#organization\"}},{\"@type\":\"WebPage\",\"@id\":\"https:\/\/www.gaveanews.com\/index.php\/2025\/01\/25\/sao-paulo-x-guarani-a-declaracao-de-velloso\/\",\"url\":\"https:\/\/www.gaveanews.com\/index.php\/2025\/01\/25\/sao-paulo-x-guarani-a-declaracao-de-velloso\/\",\"name\":\"S\u00e3o Paulo x Guarani: a declara\u00e7\u00e3o de Velloso\",\"isPartOf\":{\"@id\":\"https:\/\/www.gaveanews.com\/#website\"},\"primaryImageOfPage\":{\"@id\":\"https:\/\/www.gaveanews.com\/index.php\/2025\/01\/25\/sao-paulo-x-guarani-a-declaracao-de-velloso\/#primaryimage\"},\"image\":{\"@id\":\"https:\/\/www.gaveanews.com\/index.php\/2025\/01\/25\/sao-paulo-x-guarani-a-declaracao-de-velloso\/#primaryimage\"},\"thumbnailUrl\":\"https:\/\/www.gaveanews.com\/wp-content\/uploads\/Velloso-ex-goleiro.webp\",\"datePublished\":\"2025-01-25T19:02:15+00:00\",\"dateModified\":\"2025-01-25T19:02:17+00:00\",\"author\":{\"@id\":\"https:\/\/www.gaveanews.com\/#\/schema\/person\/bd08f00534b403119b92741a6d469ef0\"},\"breadcrumb\":{\"@id\":\"https:\/\/www.gaveanews.com\/index.php\/2025\/01\/25\/sao-paulo-x-guarani-a-declaracao-de-velloso\/#breadcrumb\"},\"inLanguage\":\"pt-BR\",\"potentialAction\":[{\"@type\":\"ReadAction\",\"target\":[\"https:\/\/www.gaveanews.com\/index.php\/2025\/01\/25\/sao-paulo-x-guarani-a-declaracao-de-velloso\/\"]}]},{\"@type\":\"ImageObject\",\"inLanguage\":\"pt-BR\",\"@id\":\"https:\/\/www.gaveanews.com\/index.php\/2025\/01\/25\/sao-paulo-x-guarani-a-declaracao-de-velloso\/#primaryimage\",\"url\":\"https:\/\/www.gaveanews.com\/wp-content\/uploads\/Velloso-ex-goleiro.webp\",\"contentUrl\":\"https:\/\/www.gaveanews.com\/wp-content\/uploads\/Velloso-ex-goleiro.webp\",\"width\":661,\"height\":454,\"caption\":\"Velloso ex-goleiro (Foto: Reprodu\u00e7\u00e3o\/Band)\"},{\"@type\":\"BreadcrumbList\",\"@id\":\"https:\/\/www.gaveanews.com\/index.php\/2025\/01\/25\/sao-paulo-x-guarani-a-declaracao-de-velloso\/#breadcrumb\",\"itemListElement\":[{\"@type\":\"ListItem\",\"position\":1,\"name\":\"Home\",\"item\":\"https:\/\/www.gaveanews.com\/\"},{\"@type\":\"ListItem\",\"position\":2,\"name\":\"S\u00e3o Paulo x Guarani: a declara\u00e7\u00e3o de Velloso\"}]},{\"@type\":\"WebSite\",\"@id\":\"https:\/\/www.gaveanews.com\/#website\",\"url\":\"https:\/\/www.gaveanews.com\/\",\"name\":\"G\u00e1vea News\",\"description\":\"Veja todas as not\u00edcias sobre o Flamengo: Contrata\u00e7\u00f5es, categorias de base, resultados das partidas, tabela de classifica\u00e7\u00e3o, pr\u00f3ximos jogos!\",\"potentialAction\":[{\"@type\":\"SearchAction\",\"target\":{\"@type\":\"EntryPoint\",\"urlTemplate\":\"https:\/\/www.gaveanews.com\/?s={search_term_string}\"},\"query-input\":{\"@type\":\"PropertyValueSpecification\",\"valueRequired\":true,\"valueName\":\"search_term_string\"}}],\"inLanguage\":\"pt-BR\"},{\"@type\":\"Person\",\"@id\":\"https:\/\/www.gaveanews.com\/#\/schema\/person\/bd08f00534b403119b92741a6d469ef0\",\"name\":\"Hudson Pereira\",\"image\":{\"@type\":\"ImageObject\",\"inLanguage\":\"pt-BR\",\"@id\":\"https:\/\/www.gaveanews.com\/#\/schema\/person\/image\/\",\"url\":\"https:\/\/secure.gravatar.com\/avatar\/ecc491b489e454e510efffc9b23c1052ce5fb4f2e05555768ba65819cd55f03e?s=96&d=mm&r=g\",\"contentUrl\":\"https:\/\/secure.gravatar.com\/avatar\/ecc491b489e454e510efffc9b23c1052ce5fb4f2e05555768ba65819cd55f03e?s=96&d=mm&r=g\",\"caption\":\"Hudson Pereira\"}}]}<\/script>\n<!-- \/ Yoast SEO Premium plugin. -->","yoast_head_json":{"title":"S\u00e3o Paulo x Guarani: a declara\u00e7\u00e3o de Velloso","robots":{"index":"index","follow":"follow","max-snippet":"max-snippet:-1","max-image-preview":"max-image-preview:large","max-video-preview":"max-video-preview:-1"},"canonical":"https:\/\/www.gaveanews.com\/index.php\/2025\/01\/25\/sao-paulo-x-guarani-a-declaracao-de-velloso\/","og_locale":"pt_BR","og_type":"article","og_title":"S\u00e3o Paulo x Guarani: a declara\u00e7\u00e3o de Velloso","og_description":"O S\u00e3o Paulo estreou no Campeonato Paulista de 2025 com uma vit\u00f3ria magra de 1 a 0 sobre o Guarani. Assim sendo, o desempenho do quarteto ofensivo escalado inicialmente gerou coment\u00e1rios por parte do ex-goleiro e comentarista Velloso. Apesar do resultado positivo, o ex-atleta salientou a necessidade de ajustes no elenco principal para os pr\u00f3ximos [&hellip;]","og_url":"https:\/\/www.gaveanews.com\/index.php\/2025\/01\/25\/sao-paulo-x-guarani-a-declaracao-de-velloso\/","og_site_name":"G\u00e1vea News","article_publisher":"https:\/\/facebook.com\/gaveaNews\/","article_published_time":"2025-01-25T19:02:15+00:00","article_modified_time":"2025-01-25T19:02:17+00:00","og_image":[{"width":661,"height":454,"url":"http:\/\/www.gaveanews.com\/wp-content\/uploads\/Velloso-ex-goleiro.webp","type":"image\/jpeg"}],"author":"Hudson Pereira","twitter_card":"summary_large_image","twitter_misc":{"Escrito por":"Hudson Pereira","Est. tempo de leitura":"3 minutos"},"schema":{"@context":"https:\/\/schema.org","@graph":[{"@type":"NewsArticle","@id":"https:\/\/www.gaveanews.com\/index.php\/2025\/01\/25\/sao-paulo-x-guarani-a-declaracao-de-velloso\/#article","isPartOf":{"@id":"https:\/\/www.gaveanews.com\/index.php\/2025\/01\/25\/sao-paulo-x-guarani-a-declaracao-de-velloso\/"},"author":{"name":"Hudson Pereira","@id":"https:\/\/www.gaveanews.com\/#\/schema\/person\/bd08f00534b403119b92741a6d469ef0"},"headline":"S\u00e3o Paulo x Guarani: a declara\u00e7\u00e3o de Velloso","datePublished":"2025-01-25T19:02:15+00:00","dateModified":"2025-01-25T19:02:17+00:00","mainEntityOfPage":{"@id":"https:\/\/www.gaveanews.com\/index.php\/2025\/01\/25\/sao-paulo-x-guarani-a-declaracao-de-velloso\/"},"wordCount":475,"commentCount":0,"image":{"@id":"https:\/\/www.gaveanews.com\/index.php\/2025\/01\/25\/sao-paulo-x-guarani-a-declaracao-de-velloso\/#primaryimage"},"thumbnailUrl":"https:\/\/www.gaveanews.com\/wp-content\/uploads\/Velloso-ex-goleiro.webp","articleSection":["S\u00e3o Paulo"],"inLanguage":"pt-BR","potentialAction":[{"@type":"CommentAction","name":"Comment","target":["https:\/\/www.gaveanews.com\/index.php\/2025\/01\/25\/sao-paulo-x-guarani-a-declaracao-de-velloso\/#respond"]}],"copyrightYear":"2025","copyrightHolder":{"@id":"https:\/\/www.gaveanews.com\/#organization"}},{"@type":"WebPage","@id":"https:\/\/www.gaveanews.com\/index.php\/2025\/01\/25\/sao-paulo-x-guarani-a-declaracao-de-velloso\/","url":"https:\/\/www.gaveanews.com\/index.php\/2025\/01\/25\/sao-paulo-x-guarani-a-declaracao-de-velloso\/","name":"S\u00e3o Paulo x Guarani: a declara\u00e7\u00e3o de Velloso","isPartOf":{"@id":"https:\/\/www.gaveanews.com\/#website"},"primaryImageOfPage":{"@id":"https:\/\/www.gaveanews.com\/index.php\/2025\/01\/25\/sao-paulo-x-guarani-a-declaracao-de-velloso\/#primaryimage"},"image":{"@id":"https:\/\/www.gaveanews.com\/index.php\/2025\/01\/25\/sao-paulo-x-guarani-a-declaracao-de-velloso\/#primaryimage"},"thumbnailUrl":"https:\/\/www.gaveanews.com\/wp-content\/uploads\/Velloso-ex-goleiro.webp","datePublished":"2025-01-25T19:02:15+00:00","dateModified":"2025-01-25T19:02:17+00:00","author":{"@id":"https:\/\/www.gaveanews.com\/#\/schema\/person\/bd08f00534b403119b92741a6d469ef0"},"breadcrumb":{"@id":"https:\/\/www.gaveanews.com\/index.php\/2025\/01\/25\/sao-paulo-x-guarani-a-declaracao-de-velloso\/#breadcrumb"},"inLanguage":"pt-BR","potentialAction":[{"@type":"ReadAction","target":["https:\/\/www.gaveanews.com\/index.php\/2025\/01\/25\/sao-paulo-x-guarani-a-declaracao-de-velloso\/"]}]},{"@type":"ImageObject","inLanguage":"pt-BR","@id":"https:\/\/www.gaveanews.com\/index.php\/2025\/01\/25\/sao-paulo-x-guarani-a-declaracao-de-velloso\/#primaryimage","url":"https:\/\/www.gaveanews.com\/wp-content\/uploads\/Velloso-ex-goleiro.webp","contentUrl":"https:\/\/www.gaveanews.com\/wp-content\/uploads\/Velloso-ex-goleiro.webp","width":661,"height":454,"caption":"Velloso ex-goleiro (Foto: Reprodu\u00e7\u00e3o\/Band)"},{"@type":"BreadcrumbList","@id":"https:\/\/www.gaveanews.com\/index.php\/2025\/01\/25\/sao-paulo-x-guarani-a-declaracao-de-velloso\/#breadcrumb","itemListElement":[{"@type":"ListItem","position":1,"name":"Home","item":"https:\/\/www.gaveanews.com\/"},{"@type":"ListItem","position":2,"name":"S\u00e3o Paulo x Guarani: a declara\u00e7\u00e3o de Velloso"}]},{"@type":"WebSite","@id":"https:\/\/www.gaveanews.com\/#website","url":"https:\/\/www.gaveanews.com\/","name":"G\u00e1vea News","description":"Veja todas as not\u00edcias sobre o Flamengo: Contrata\u00e7\u00f5es, categorias de base, resultados das partidas, tabela de classifica\u00e7\u00e3o, pr\u00f3ximos jogos!","potentialAction":[{"@type":"SearchAction","target":{"@type":"EntryPoint","urlTemplate":"https:\/\/www.gaveanews.com\/?s={search_term_string}"},"query-input":{"@type":"PropertyValueSpecification","valueRequired":true,"valueName":"search_term_string"}}],"inLanguage":"pt-BR"},{"@type":"Person","@id":"https:\/\/www.gaveanews.com\/#\/schema\/person\/bd08f00534b403119b92741a6d469ef0","name":"Hudson Pereira","image":{"@type":"ImageObject","inLanguage":"pt-BR","@id":"https:\/\/www.gaveanews.com\/#\/schema\/person\/image\/","url":"https:\/\/secure.gravatar.com\/avatar\/ecc491b489e454e510efffc9b23c1052ce5fb4f2e05555768ba65819cd55f03e?s=96&d=mm&r=g","contentUrl":"https:\/\/secure.gravatar.com\/avatar\/ecc491b489e454e510efffc9b23c1052ce5fb4f2e05555768ba65819cd55f03e?s=96&d=mm&r=g","caption":"Hudson Pereira"}}]}},"_links":{"self":[{"href":"https:\/\/www.gaveanews.com\/index.php\/wp-json\/wp\/v2\/posts\/217853","targetHints":{"allow":["GET"]}}],"collection":[{"href":"https:\/\/www.gaveanews.com\/index.php\/wp-json\/wp\/v2\/posts"}],"about":[{"href":"https:\/\/www.gaveanews.com\/index.php\/wp-json\/wp\/v2\/types\/post"}],"author":[{"embeddable":true,"href":"https:\/\/www.gaveanews.com\/index.php\/wp-json\/wp\/v2\/users\/28"}],"replies":[{"embeddable":true,"href":"https:\/\/www.gaveanews.com\/index.php\/wp-json\/wp\/v2\/comments?post=217853"}],"version-history":[{"count":1,"href":"https:\/\/www.gaveanews.com\/index.php\/wp-json\/wp\/v2\/posts\/217853\/revisions"}],"predecessor-version":[{"id":217855,"href":"https:\/\/www.gaveanews.com\/index.php\/wp-json\/wp\/v2\/posts\/217853\/revisions\/217855"}],"wp:featuredmedia":[{"embeddable":true,"href":"https:\/\/www.gaveanews.com\/index.php\/wp-json\/wp\/v2\/media\/211044"}],"wp:attachment":[{"href":"https:\/\/www.gaveanews.com\/index.php\/wp-json\/wp\/v2\/media?parent=217853"}],"wp:term":[{"taxonomy":"category","embeddable":true,"href":"https:\/\/www.gaveanews.com\/index.php\/wp-json\/wp\/v2\/categories?post=217853"},{"taxonomy":"post_tag","embeddable":true,"href":"https:\/\/www.gaveanews.com\/index.php\/wp-json\/wp\/v2\/tags?post=217853"}],"curies":[{"name":"wp","href":"https:\/\/api.w.org\/{rel}","templated":true}]}}