{"id":217912,"date":"2025-01-25T19:20:00","date_gmt":"2025-01-25T22:20:00","guid":{"rendered":"https:\/\/www.gaveanews.com\/?p=217912"},"modified":"2025-01-25T18:00:53","modified_gmt":"2025-01-25T21:00:53","slug":"sao-paulo-pode-perder-mais-um-jogador-para-o-exterior","status":"publish","type":"post","link":"https:\/\/www.gaveanews.com\/index.php\/2025\/01\/25\/sao-paulo-pode-perder-mais-um-jogador-para-o-exterior\/","title":{"rendered":"S\u00e3o Paulo pode perder mais um jogador para o exterior"},"content":{"rendered":"\n<p>O S\u00e3o Paulo se prepara para enfrentar o Corinthians no pr\u00f3ximo domingo (26), no Morumbi, em um cl\u00e1ssico que promete agitar o futebol paulista. Ap\u00f3s a vit\u00f3ria dos garotos na Copinha, o time principal busca replicar o sucesso e conquistar os tr\u00eas pontos neste primeiro Majestoso da temporada.&nbsp;<\/p>\n\n\n\n<p>No entanto, fora das quatro linhas, uma quest\u00e3o importante est\u00e1 surgindo: o futuro de Nahuel Ferraresi, um dos pilares da defesa tricolor.<\/p>\n\n\n\n<h2 class=\"wp-block-heading\" id=\"h-ferraresi-pode-deixar-o-sao-paulo-rumo-ao-talleres\">Ferraresi pode deixar o S\u00e3o Paulo rumo ao Talleres<\/h2>\n\n\n\n<figure class=\"wp-block-image size-large\"><img loading=\"lazy\" decoding=\"async\" width=\"1024\" height=\"785\" src=\"http:\/\/www.gaveanews.com\/wp-content\/uploads\/Nahuel-Ferraresi-pelo-Sao-Paulo-1024x785.webp\" alt=\"\" class=\"wp-image-175722\" srcset=\"https:\/\/www.gaveanews.com\/wp-content\/uploads\/Nahuel-Ferraresi-pelo-Sao-Paulo-1024x785.webp 1024w, https:\/\/www.gaveanews.com\/wp-content\/uploads\/Nahuel-Ferraresi-pelo-Sao-Paulo-300x230.webp 300w, https:\/\/www.gaveanews.com\/wp-content\/uploads\/Nahuel-Ferraresi-pelo-Sao-Paulo-768x589.webp 768w, https:\/\/www.gaveanews.com\/wp-content\/uploads\/Nahuel-Ferraresi-pelo-Sao-Paulo-548x420.webp 548w, https:\/\/www.gaveanews.com\/wp-content\/uploads\/Nahuel-Ferraresi-pelo-Sao-Paulo-1096x840.webp 1096w, https:\/\/www.gaveanews.com\/wp-content\/uploads\/Nahuel-Ferraresi-pelo-Sao-Paulo-80x60.webp 80w, https:\/\/www.gaveanews.com\/wp-content\/uploads\/Nahuel-Ferraresi-pelo-Sao-Paulo-640x491.webp 640w, https:\/\/www.gaveanews.com\/wp-content\/uploads\/Nahuel-Ferraresi-pelo-Sao-Paulo-1280x981.webp 1280w, https:\/\/www.gaveanews.com\/wp-content\/uploads\/Nahuel-Ferraresi-pelo-Sao-Paulo-681x522.webp 681w, https:\/\/www.gaveanews.com\/wp-content\/uploads\/Nahuel-Ferraresi-pelo-Sao-Paulo-100x77.webp 100w, https:\/\/www.gaveanews.com\/wp-content\/uploads\/Nahuel-Ferraresi-pelo-Sao-Paulo.webp 1299w\" sizes=\"auto, (max-width: 1024px) 100vw, 1024px\" \/><figcaption class=\"wp-element-caption\">Nahuel Ferraresi pelo S\u00e3o Paulo (Foto: Rubens Chiri\/Saopaulofc.net)<\/figcaption><\/figure>\n\n\n\n<p>Enquanto o time principal se prepara para o cl\u00e1ssico, o futuro de Nahuel Ferraresi est\u00e1 em jogo. O zagueiro venezuelano, que chegou ao Tricolor em 2022 e foi comprado definitivamente no come\u00e7o de 2024, pode estar de sa\u00edda.&nbsp;<\/p>\n\n\n\n<p>De acordo com informa\u00e7\u00f5es do jornalista Wilson Pimentel, do RTI Esportes, o S\u00e3o Paulo recebeu uma proposta vinda do Talleres, da Argentina, um dos concorrentes do clube na Copa Libertadores da Am\u00e9rica de 2025.<\/p>\n\n\n\n<p>A proposta seria por empr\u00e9stimo, com uma op\u00e7\u00e3o de compra que ultrapassaria os 4,3 milh\u00f5es de euros (aproximadamente R$ 26,6 milh\u00f5es). Com isso, o Tricolor ter\u00e1 que avaliar se aceita ou n\u00e3o a venda do defensor.&nbsp;<\/p>\n\n\n\n<p>A decis\u00e3o, segundo fontes, cabe exclusivamente ao presidente J\u00falio Casares, que est\u00e1 analisando a proposta e deve tomar uma posi\u00e7\u00e3o nos pr\u00f3ximos dias.<\/p>\n\n\n\n<h2 class=\"wp-block-heading\" id=\"h-impacto-no-elenco-e-nas-expectativas-do-time\">Impacto no elenco e nas expectativas do time<\/h2>\n\n\n\n<p>Vale destacar que o S\u00e3o Paulo vive um momento de alta, especialmente ap\u00f3s a conquista da Copa do Brasil de 2023 e da Supercopa do Rei no ano passado, com Ferraresi sendo parte importante dessas vit\u00f3rias.&nbsp;<\/p>\n\n\n\n<p>Desde sua chegada, ele disputou 40 partidas, marcando um gol e anotando duas assist\u00eancias. Dessa maneira, a poss\u00edvel sa\u00edda de um jogador t\u00e3o relevante pode impactar a estrutura da defesa tricolor.<\/p>\n\n\n\n<h2 class=\"wp-block-heading\" id=\"h-o-dilema-de-zubeldia-e-a-continuidade-no-time-titular\">O dilema de Zubeld\u00eda e a continuidade no time titular<\/h2>\n\n\n\n<p>Al\u00e9m disso, a situa\u00e7\u00e3o de Ferraresi surge em meio \u00e0 avalia\u00e7\u00e3o do treinador Luis Zubeld\u00eda sobre a melhor forma\u00e7\u00e3o para enfrentar o Corinthians. Apesar de ter sido titular contra o Guarani, o atacante Luciano pode ser barrado, e a negocia\u00e7\u00e3o envolvendo o zagueiro tamb\u00e9m exige uma tomada de decis\u00e3o r\u00e1pida.&nbsp;<\/p>\n\n\n\n<p>Por isso, o S\u00e3o Paulo se encontra em uma encruzilhada, j\u00e1 que a partida contra o rival alvinegro pode ser marcada n\u00e3o apenas pelo futebol em campo, mas por decis\u00f5es internas de grande impacto.<\/p>\n\n\n\n<p>Com isso, a torcida do S\u00e3o Paulo segue atenta, aguardando os desdobramentos desta poss\u00edvel negocia\u00e7\u00e3o que, caso se concretize, pode resultar na perda de um dos principais jogadores da defesa neste in\u00edcio de temporada<\/p>\n","protected":false},"excerpt":{"rendered":"<p>O S\u00e3o Paulo se prepara para enfrentar o Corinthians no pr\u00f3ximo domingo (26), no Morumbi, em um cl\u00e1ssico que promete agitar o futebol paulista. Ap\u00f3s a vit\u00f3ria dos garotos na Copinha, o time principal busca replicar o sucesso e conquistar os tr\u00eas pontos neste primeiro Majestoso da temporada.&nbsp; No entanto, fora das quatro linhas, uma [&hellip;]<\/p>\n","protected":false},"author":25,"featured_media":154249,"comment_status":"open","ping_status":"closed","sticky":false,"template":"","format":"standard","meta":{"footnotes":""},"categories":[151],"tags":[],"class_list":["post-217912","post","type-post","status-publish","format-standard","has-post-thumbnail","hentry","category-sao-paulo"],"yoast_head":"<!-- This site is optimized with the Yoast SEO Premium plugin v24.2 (Yoast SEO v26.9) - https:\/\/yoast.com\/product\/yoast-seo-premium-wordpress\/ -->\n<title>S\u00e3o Paulo pode perder mais um jogador para o exterior<\/title>\n<meta name=\"robots\" content=\"index, follow, max-snippet:-1, max-image-preview:large, max-video-preview:-1\" \/>\n<link rel=\"canonical\" href=\"https:\/\/www.gaveanews.com\/index.php\/2025\/01\/25\/sao-paulo-pode-perder-mais-um-jogador-para-o-exterior\/\" \/>\n<meta property=\"og:locale\" content=\"pt_BR\" \/>\n<meta property=\"og:type\" content=\"article\" \/>\n<meta property=\"og:title\" content=\"S\u00e3o Paulo pode perder mais um jogador para o exterior\" \/>\n<meta property=\"og:description\" content=\"O S\u00e3o Paulo se prepara para enfrentar o Corinthians no pr\u00f3ximo domingo (26), no Morumbi, em um cl\u00e1ssico que promete agitar o futebol paulista. Ap\u00f3s a vit\u00f3ria dos garotos na Copinha, o time principal busca replicar o sucesso e conquistar os tr\u00eas pontos neste primeiro Majestoso da temporada.&nbsp; No entanto, fora das quatro linhas, uma [&hellip;]\" \/>\n<meta property=\"og:url\" content=\"https:\/\/www.gaveanews.com\/index.php\/2025\/01\/25\/sao-paulo-pode-perder-mais-um-jogador-para-o-exterior\/\" \/>\n<meta property=\"og:site_name\" content=\"G\u00e1vea News\" \/>\n<meta property=\"article:publisher\" content=\"https:\/\/facebook.com\/gaveaNews\/\" \/>\n<meta property=\"article:published_time\" content=\"2025-01-25T22:20:00+00:00\" \/>\n<meta property=\"og:image\" content=\"https:\/\/www.gaveanews.com\/wp-content\/uploads\/Bandeira-do-Sao-Paulo-no-Morumbis-em-2024.webp\" \/>\n\t<meta property=\"og:image:width\" content=\"1000\" \/>\n\t<meta property=\"og:image:height\" content=\"667\" \/>\n\t<meta property=\"og:image:type\" content=\"image\/webp\" \/>\n<meta name=\"author\" content=\"Rafaela Ladeira\" \/>\n<meta name=\"twitter:card\" content=\"summary_large_image\" \/>\n<meta name=\"twitter:label1\" content=\"Escrito por\" \/>\n\t<meta name=\"twitter:data1\" content=\"Rafaela Ladeira\" \/>\n\t<meta name=\"twitter:label2\" content=\"Est. tempo de leitura\" \/>\n\t<meta name=\"twitter:data2\" content=\"3 minutos\" \/>\n<script type=\"application\/ld+json\" class=\"yoast-schema-graph\">{\"@context\":\"https:\/\/schema.org\",\"@graph\":[{\"@type\":\"NewsArticle\",\"@id\":\"https:\/\/www.gaveanews.com\/index.php\/2025\/01\/25\/sao-paulo-pode-perder-mais-um-jogador-para-o-exterior\/#article\",\"isPartOf\":{\"@id\":\"https:\/\/www.gaveanews.com\/index.php\/2025\/01\/25\/sao-paulo-pode-perder-mais-um-jogador-para-o-exterior\/\"},\"author\":{\"name\":\"Rafaela Ladeira\",\"@id\":\"https:\/\/www.gaveanews.com\/#\/schema\/person\/0eb3e3fe1754f0205218538adbe8f5ed\"},\"headline\":\"S\u00e3o Paulo pode perder mais um jogador para o exterior\",\"datePublished\":\"2025-01-25T22:20:00+00:00\",\"mainEntityOfPage\":{\"@id\":\"https:\/\/www.gaveanews.com\/index.php\/2025\/01\/25\/sao-paulo-pode-perder-mais-um-jogador-para-o-exterior\/\"},\"wordCount\":478,\"commentCount\":0,\"image\":{\"@id\":\"https:\/\/www.gaveanews.com\/index.php\/2025\/01\/25\/sao-paulo-pode-perder-mais-um-jogador-para-o-exterior\/#primaryimage\"},\"thumbnailUrl\":\"https:\/\/www.gaveanews.com\/wp-content\/uploads\/Bandeira-do-Sao-Paulo-no-Morumbis-em-2024.webp\",\"articleSection\":[\"S\u00e3o Paulo\"],\"inLanguage\":\"pt-BR\",\"potentialAction\":[{\"@type\":\"CommentAction\",\"name\":\"Comment\",\"target\":[\"https:\/\/www.gaveanews.com\/index.php\/2025\/01\/25\/sao-paulo-pode-perder-mais-um-jogador-para-o-exterior\/#respond\"]}],\"copyrightYear\":\"2025\",\"copyrightHolder\":{\"@id\":\"https:\/\/www.gaveanews.com\/#organization\"}},{\"@type\":\"WebPage\",\"@id\":\"https:\/\/www.gaveanews.com\/index.php\/2025\/01\/25\/sao-paulo-pode-perder-mais-um-jogador-para-o-exterior\/\",\"url\":\"https:\/\/www.gaveanews.com\/index.php\/2025\/01\/25\/sao-paulo-pode-perder-mais-um-jogador-para-o-exterior\/\",\"name\":\"S\u00e3o Paulo pode perder mais um jogador para o exterior\",\"isPartOf\":{\"@id\":\"https:\/\/www.gaveanews.com\/#website\"},\"primaryImageOfPage\":{\"@id\":\"https:\/\/www.gaveanews.com\/index.php\/2025\/01\/25\/sao-paulo-pode-perder-mais-um-jogador-para-o-exterior\/#primaryimage\"},\"image\":{\"@id\":\"https:\/\/www.gaveanews.com\/index.php\/2025\/01\/25\/sao-paulo-pode-perder-mais-um-jogador-para-o-exterior\/#primaryimage\"},\"thumbnailUrl\":\"https:\/\/www.gaveanews.com\/wp-content\/uploads\/Bandeira-do-Sao-Paulo-no-Morumbis-em-2024.webp\",\"datePublished\":\"2025-01-25T22:20:00+00:00\",\"author\":{\"@id\":\"https:\/\/www.gaveanews.com\/#\/schema\/person\/0eb3e3fe1754f0205218538adbe8f5ed\"},\"breadcrumb\":{\"@id\":\"https:\/\/www.gaveanews.com\/index.php\/2025\/01\/25\/sao-paulo-pode-perder-mais-um-jogador-para-o-exterior\/#breadcrumb\"},\"inLanguage\":\"pt-BR\",\"potentialAction\":[{\"@type\":\"ReadAction\",\"target\":[\"https:\/\/www.gaveanews.com\/index.php\/2025\/01\/25\/sao-paulo-pode-perder-mais-um-jogador-para-o-exterior\/\"]}]},{\"@type\":\"ImageObject\",\"inLanguage\":\"pt-BR\",\"@id\":\"https:\/\/www.gaveanews.com\/index.php\/2025\/01\/25\/sao-paulo-pode-perder-mais-um-jogador-para-o-exterior\/#primaryimage\",\"url\":\"https:\/\/www.gaveanews.com\/wp-content\/uploads\/Bandeira-do-Sao-Paulo-no-Morumbis-em-2024.webp\",\"contentUrl\":\"https:\/\/www.gaveanews.com\/wp-content\/uploads\/Bandeira-do-Sao-Paulo-no-Morumbis-em-2024.webp\",\"width\":1000,\"height\":667,\"caption\":\"Bandeira do S\u00e3o Paulo no Morumbis em 2024 (Foto: Reprodu\u00e7\u00e3o\/S\u00e3o Paulo)\"},{\"@type\":\"BreadcrumbList\",\"@id\":\"https:\/\/www.gaveanews.com\/index.php\/2025\/01\/25\/sao-paulo-pode-perder-mais-um-jogador-para-o-exterior\/#breadcrumb\",\"itemListElement\":[{\"@type\":\"ListItem\",\"position\":1,\"name\":\"Home\",\"item\":\"https:\/\/www.gaveanews.com\/\"},{\"@type\":\"ListItem\",\"position\":2,\"name\":\"S\u00e3o Paulo pode perder mais um jogador para o exterior\"}]},{\"@type\":\"WebSite\",\"@id\":\"https:\/\/www.gaveanews.com\/#website\",\"url\":\"https:\/\/www.gaveanews.com\/\",\"name\":\"G\u00e1vea News\",\"description\":\"Veja todas as not\u00edcias sobre o Flamengo: Contrata\u00e7\u00f5es, categorias de base, resultados das partidas, tabela de classifica\u00e7\u00e3o, pr\u00f3ximos jogos!\",\"potentialAction\":[{\"@type\":\"SearchAction\",\"target\":{\"@type\":\"EntryPoint\",\"urlTemplate\":\"https:\/\/www.gaveanews.com\/?s={search_term_string}\"},\"query-input\":{\"@type\":\"PropertyValueSpecification\",\"valueRequired\":true,\"valueName\":\"search_term_string\"}}],\"inLanguage\":\"pt-BR\"},{\"@type\":\"Person\",\"@id\":\"https:\/\/www.gaveanews.com\/#\/schema\/person\/0eb3e3fe1754f0205218538adbe8f5ed\",\"name\":\"Rafaela Ladeira\",\"image\":{\"@type\":\"ImageObject\",\"inLanguage\":\"pt-BR\",\"@id\":\"https:\/\/www.gaveanews.com\/#\/schema\/person\/image\/\",\"url\":\"https:\/\/secure.gravatar.com\/avatar\/c31f513acffd85eacab5730cbdfdbbf59f21ba5aeada8cd890acea879fbb2455?s=96&d=mm&r=g\",\"contentUrl\":\"https:\/\/secure.gravatar.com\/avatar\/c31f513acffd85eacab5730cbdfdbbf59f21ba5aeada8cd890acea879fbb2455?s=96&d=mm&r=g\",\"caption\":\"Rafaela Ladeira\"}}]}<\/script>\n<!-- \/ Yoast SEO Premium plugin. -->","yoast_head_json":{"title":"S\u00e3o Paulo pode perder mais um jogador para o exterior","robots":{"index":"index","follow":"follow","max-snippet":"max-snippet:-1","max-image-preview":"max-image-preview:large","max-video-preview":"max-video-preview:-1"},"canonical":"https:\/\/www.gaveanews.com\/index.php\/2025\/01\/25\/sao-paulo-pode-perder-mais-um-jogador-para-o-exterior\/","og_locale":"pt_BR","og_type":"article","og_title":"S\u00e3o Paulo pode perder mais um jogador para o exterior","og_description":"O S\u00e3o Paulo se prepara para enfrentar o Corinthians no pr\u00f3ximo domingo (26), no Morumbi, em um cl\u00e1ssico que promete agitar o futebol paulista. Ap\u00f3s a vit\u00f3ria dos garotos na Copinha, o time principal busca replicar o sucesso e conquistar os tr\u00eas pontos neste primeiro Majestoso da temporada.&nbsp; No entanto, fora das quatro linhas, uma [&hellip;]","og_url":"https:\/\/www.gaveanews.com\/index.php\/2025\/01\/25\/sao-paulo-pode-perder-mais-um-jogador-para-o-exterior\/","og_site_name":"G\u00e1vea News","article_publisher":"https:\/\/facebook.com\/gaveaNews\/","article_published_time":"2025-01-25T22:20:00+00:00","og_image":[{"width":1000,"height":667,"url":"https:\/\/www.gaveanews.com\/wp-content\/uploads\/Bandeira-do-Sao-Paulo-no-Morumbis-em-2024.webp","type":"image\/webp"}],"author":"Rafaela Ladeira","twitter_card":"summary_large_image","twitter_misc":{"Escrito por":"Rafaela Ladeira","Est. tempo de leitura":"3 minutos"},"schema":{"@context":"https:\/\/schema.org","@graph":[{"@type":"NewsArticle","@id":"https:\/\/www.gaveanews.com\/index.php\/2025\/01\/25\/sao-paulo-pode-perder-mais-um-jogador-para-o-exterior\/#article","isPartOf":{"@id":"https:\/\/www.gaveanews.com\/index.php\/2025\/01\/25\/sao-paulo-pode-perder-mais-um-jogador-para-o-exterior\/"},"author":{"name":"Rafaela Ladeira","@id":"https:\/\/www.gaveanews.com\/#\/schema\/person\/0eb3e3fe1754f0205218538adbe8f5ed"},"headline":"S\u00e3o Paulo pode perder mais um jogador para o exterior","datePublished":"2025-01-25T22:20:00+00:00","mainEntityOfPage":{"@id":"https:\/\/www.gaveanews.com\/index.php\/2025\/01\/25\/sao-paulo-pode-perder-mais-um-jogador-para-o-exterior\/"},"wordCount":478,"commentCount":0,"image":{"@id":"https:\/\/www.gaveanews.com\/index.php\/2025\/01\/25\/sao-paulo-pode-perder-mais-um-jogador-para-o-exterior\/#primaryimage"},"thumbnailUrl":"https:\/\/www.gaveanews.com\/wp-content\/uploads\/Bandeira-do-Sao-Paulo-no-Morumbis-em-2024.webp","articleSection":["S\u00e3o Paulo"],"inLanguage":"pt-BR","potentialAction":[{"@type":"CommentAction","name":"Comment","target":["https:\/\/www.gaveanews.com\/index.php\/2025\/01\/25\/sao-paulo-pode-perder-mais-um-jogador-para-o-exterior\/#respond"]}],"copyrightYear":"2025","copyrightHolder":{"@id":"https:\/\/www.gaveanews.com\/#organization"}},{"@type":"WebPage","@id":"https:\/\/www.gaveanews.com\/index.php\/2025\/01\/25\/sao-paulo-pode-perder-mais-um-jogador-para-o-exterior\/","url":"https:\/\/www.gaveanews.com\/index.php\/2025\/01\/25\/sao-paulo-pode-perder-mais-um-jogador-para-o-exterior\/","name":"S\u00e3o Paulo pode perder mais um jogador para o exterior","isPartOf":{"@id":"https:\/\/www.gaveanews.com\/#website"},"primaryImageOfPage":{"@id":"https:\/\/www.gaveanews.com\/index.php\/2025\/01\/25\/sao-paulo-pode-perder-mais-um-jogador-para-o-exterior\/#primaryimage"},"image":{"@id":"https:\/\/www.gaveanews.com\/index.php\/2025\/01\/25\/sao-paulo-pode-perder-mais-um-jogador-para-o-exterior\/#primaryimage"},"thumbnailUrl":"https:\/\/www.gaveanews.com\/wp-content\/uploads\/Bandeira-do-Sao-Paulo-no-Morumbis-em-2024.webp","datePublished":"2025-01-25T22:20:00+00:00","author":{"@id":"https:\/\/www.gaveanews.com\/#\/schema\/person\/0eb3e3fe1754f0205218538adbe8f5ed"},"breadcrumb":{"@id":"https:\/\/www.gaveanews.com\/index.php\/2025\/01\/25\/sao-paulo-pode-perder-mais-um-jogador-para-o-exterior\/#breadcrumb"},"inLanguage":"pt-BR","potentialAction":[{"@type":"ReadAction","target":["https:\/\/www.gaveanews.com\/index.php\/2025\/01\/25\/sao-paulo-pode-perder-mais-um-jogador-para-o-exterior\/"]}]},{"@type":"ImageObject","inLanguage":"pt-BR","@id":"https:\/\/www.gaveanews.com\/index.php\/2025\/01\/25\/sao-paulo-pode-perder-mais-um-jogador-para-o-exterior\/#primaryimage","url":"https:\/\/www.gaveanews.com\/wp-content\/uploads\/Bandeira-do-Sao-Paulo-no-Morumbis-em-2024.webp","contentUrl":"https:\/\/www.gaveanews.com\/wp-content\/uploads\/Bandeira-do-Sao-Paulo-no-Morumbis-em-2024.webp","width":1000,"height":667,"caption":"Bandeira do S\u00e3o Paulo no Morumbis em 2024 (Foto: Reprodu\u00e7\u00e3o\/S\u00e3o Paulo)"},{"@type":"BreadcrumbList","@id":"https:\/\/www.gaveanews.com\/index.php\/2025\/01\/25\/sao-paulo-pode-perder-mais-um-jogador-para-o-exterior\/#breadcrumb","itemListElement":[{"@type":"ListItem","position":1,"name":"Home","item":"https:\/\/www.gaveanews.com\/"},{"@type":"ListItem","position":2,"name":"S\u00e3o Paulo pode perder mais um jogador para o exterior"}]},{"@type":"WebSite","@id":"https:\/\/www.gaveanews.com\/#website","url":"https:\/\/www.gaveanews.com\/","name":"G\u00e1vea News","description":"Veja todas as not\u00edcias sobre o Flamengo: Contrata\u00e7\u00f5es, categorias de base, resultados das partidas, tabela de classifica\u00e7\u00e3o, pr\u00f3ximos jogos!","potentialAction":[{"@type":"SearchAction","target":{"@type":"EntryPoint","urlTemplate":"https:\/\/www.gaveanews.com\/?s={search_term_string}"},"query-input":{"@type":"PropertyValueSpecification","valueRequired":true,"valueName":"search_term_string"}}],"inLanguage":"pt-BR"},{"@type":"Person","@id":"https:\/\/www.gaveanews.com\/#\/schema\/person\/0eb3e3fe1754f0205218538adbe8f5ed","name":"Rafaela Ladeira","image":{"@type":"ImageObject","inLanguage":"pt-BR","@id":"https:\/\/www.gaveanews.com\/#\/schema\/person\/image\/","url":"https:\/\/secure.gravatar.com\/avatar\/c31f513acffd85eacab5730cbdfdbbf59f21ba5aeada8cd890acea879fbb2455?s=96&d=mm&r=g","contentUrl":"https:\/\/secure.gravatar.com\/avatar\/c31f513acffd85eacab5730cbdfdbbf59f21ba5aeada8cd890acea879fbb2455?s=96&d=mm&r=g","caption":"Rafaela Ladeira"}}]}},"_links":{"self":[{"href":"https:\/\/www.gaveanews.com\/index.php\/wp-json\/wp\/v2\/posts\/217912","targetHints":{"allow":["GET"]}}],"collection":[{"href":"https:\/\/www.gaveanews.com\/index.php\/wp-json\/wp\/v2\/posts"}],"about":[{"href":"https:\/\/www.gaveanews.com\/index.php\/wp-json\/wp\/v2\/types\/post"}],"author":[{"embeddable":true,"href":"https:\/\/www.gaveanews.com\/index.php\/wp-json\/wp\/v2\/users\/25"}],"replies":[{"embeddable":true,"href":"https:\/\/www.gaveanews.com\/index.php\/wp-json\/wp\/v2\/comments?post=217912"}],"version-history":[{"count":1,"href":"https:\/\/www.gaveanews.com\/index.php\/wp-json\/wp\/v2\/posts\/217912\/revisions"}],"predecessor-version":[{"id":217914,"href":"https:\/\/www.gaveanews.com\/index.php\/wp-json\/wp\/v2\/posts\/217912\/revisions\/217914"}],"wp:featuredmedia":[{"embeddable":true,"href":"https:\/\/www.gaveanews.com\/index.php\/wp-json\/wp\/v2\/media\/154249"}],"wp:attachment":[{"href":"https:\/\/www.gaveanews.com\/index.php\/wp-json\/wp\/v2\/media?parent=217912"}],"wp:term":[{"taxonomy":"category","embeddable":true,"href":"https:\/\/www.gaveanews.com\/index.php\/wp-json\/wp\/v2\/categories?post=217912"},{"taxonomy":"post_tag","embeddable":true,"href":"https:\/\/www.gaveanews.com\/index.php\/wp-json\/wp\/v2\/tags?post=217912"}],"curies":[{"name":"wp","href":"https:\/\/api.w.org\/{rel}","templated":true}]}}