{"id":217937,"date":"2025-01-25T20:20:00","date_gmt":"2025-01-25T23:20:00","guid":{"rendered":"https:\/\/www.gaveanews.com\/?p=217937"},"modified":"2025-01-25T18:07:48","modified_gmt":"2025-01-25T21:07:48","slug":"sao-paulo-manifesta-interesse-em-ex-jogador-do-arsenal","status":"publish","type":"post","link":"https:\/\/www.gaveanews.com\/index.php\/2025\/01\/25\/sao-paulo-manifesta-interesse-em-ex-jogador-do-arsenal\/","title":{"rendered":"S\u00e3o Paulo manifesta interesse em ex-jogador do Arsenal"},"content":{"rendered":"\n<p>O S\u00e3o Paulo est\u00e1 atento ao mercado em busca de refor\u00e7os e, agora, mira no lateral-direito C\u00e9dric Soares, ex-Arsenal. O jogador de 33 anos, que se encontra livre no mercado, treina no CT da Barra Funda para recuperar o condicionamento f\u00edsico ap\u00f3s um longo per\u00edodo sem atuar.&nbsp;<\/p>\n\n\n\n<p>O Tricolor paulista estuda a possibilidade de oferecer um contrato curto, de tr\u00eas meses, como uma forma de avaliar o potencial do atleta.<\/p>\n\n\n\n<h2 class=\"wp-block-heading\" id=\"h-a-situacao-de-cedric-soares-e-o-interesse-do-sao-paulo\">A situa\u00e7\u00e3o de C\u00e9dric Soares e o interesse do S\u00e3o Paulo<\/h2>\n\n\n\n<figure class=\"wp-block-image size-large\"><img loading=\"lazy\" decoding=\"async\" width=\"1024\" height=\"683\" src=\"http:\/\/www.gaveanews.com\/wp-content\/uploads\/cedricsoares41_1705506113488-edited-1024x683.webp\" alt=\"\" class=\"wp-image-122024\" srcset=\"https:\/\/www.gaveanews.com\/wp-content\/uploads\/cedricsoares41_1705506113488-edited-1024x683.webp 1024w, https:\/\/www.gaveanews.com\/wp-content\/uploads\/cedricsoares41_1705506113488-edited-300x200.webp 300w, https:\/\/www.gaveanews.com\/wp-content\/uploads\/cedricsoares41_1705506113488-edited-768x512.webp 768w, https:\/\/www.gaveanews.com\/wp-content\/uploads\/cedricsoares41_1705506113488-edited-630x420.webp 630w, https:\/\/www.gaveanews.com\/wp-content\/uploads\/cedricsoares41_1705506113488-edited-640x427.webp 640w, https:\/\/www.gaveanews.com\/wp-content\/uploads\/cedricsoares41_1705506113488-edited-681x454.webp 681w, https:\/\/www.gaveanews.com\/wp-content\/uploads\/cedricsoares41_1705506113488-edited-100x67.webp 100w, https:\/\/www.gaveanews.com\/wp-content\/uploads\/cedricsoares41_1705506113488-edited.webp 1080w\" sizes=\"auto, (max-width: 1024px) 100vw, 1024px\" \/><figcaption class=\"wp-element-caption\">Cedric Soares pela sele\u00e7\u00e3o de Portugal (Foto: Reprodu\u00e7\u00e3o\/Instagram)<\/figcaption><\/figure>\n\n\n\n<p>C\u00e9dric Soares, que deixou o Arsenal ao fim da temporada europeia passada, n\u00e3o entra em campo desde mar\u00e7o de 2024, quando jogou 25 minutos em uma vit\u00f3ria por 6 a 0 sobre o Sheffield United.&nbsp;<\/p>\n\n\n\n<p>Essa falta de ritmo de jogo gera preocupa\u00e7\u00e3o no S\u00e3o Paulo, mas, por outro lado, o clube acredita que o risco \u00e9 baixo ao oferecer um contrato de curto prazo para o lateral.&nbsp;<\/p>\n\n\n\n<p>Al\u00e9m disso, o t\u00e9cnico Luis Zubeld\u00eda aprovou a ideia de dar uma chance ao jogador, que pode ser testado durante esse per\u00edodo.<\/p>\n\n\n\n<h2 class=\"wp-block-heading\" id=\"h-estrategia-do-sao-paulo\">Estrat\u00e9gia do S\u00e3o Paulo<\/h2>\n\n\n\n<p>O S\u00e3o Paulo tem adotado uma estrat\u00e9gia semelhante no passado, como foi o caso do zagueiro Sabino, ex-Sport, que tamb\u00e9m assinou um contrato de curta dura\u00e7\u00e3o e, posteriormente, renovou ap\u00f3s apresentar bons resultados.&nbsp;<\/p>\n\n\n\n<p>Sendo assim, o clube acredita que essa f\u00f3rmula pode ser eficaz novamente, caso C\u00e9dric Soares aceite a proposta. Isso porque, al\u00e9m de sua experi\u00eancia, o lateral tem potencial para fortalecer a posi\u00e7\u00e3o, que est\u00e1 em aberto ap\u00f3s a sa\u00edda de Rafinha para o Coritiba.<\/p>\n\n\n\n<h2 class=\"wp-block-heading\" id=\"h-necessidade-de-reforcos-na-lateral-direita\">Necessidade de refor\u00e7os na lateral-direita<\/h2>\n\n\n\n<p>O Tricolor paulista, desde o final da \u00faltima temporada, busca um lateral-direito para disputar posi\u00e7\u00e3o com Igor Vin\u00edcius e Moreira. A sa\u00edda de Rafinha deixou uma lacuna que precisa ser preenchida, e C\u00e9dric Soares surge como uma op\u00e7\u00e3o para suprir essa demanda.&nbsp;<\/p>\n\n\n\n<p>Vale destacar que, apesar da aus\u00eancia em campo, o lateral tem experi\u00eancia internacional e poderia agregar ao elenco, com isso, possibilitando mais alternativas para o t\u00e9cnico Zubeld\u00eda.<\/p>\n\n\n\n<p>Com esse movimento, o S\u00e3o Paulo visa fortalecer sua lateral-direita e buscar novas op\u00e7\u00f5es para a temporada de 2025.<\/p>\n","protected":false},"excerpt":{"rendered":"<p>O S\u00e3o Paulo est\u00e1 atento ao mercado em busca de refor\u00e7os e, agora, mira no lateral-direito C\u00e9dric Soares, ex-Arsenal. O jogador de 33 anos, que se encontra livre no mercado, treina no CT da Barra Funda para recuperar o condicionamento f\u00edsico ap\u00f3s um longo per\u00edodo sem atuar.&nbsp; O Tricolor paulista estuda a possibilidade de oferecer [&hellip;]<\/p>\n","protected":false},"author":25,"featured_media":154249,"comment_status":"open","ping_status":"closed","sticky":false,"template":"","format":"standard","meta":{"footnotes":""},"categories":[151],"tags":[],"class_list":["post-217937","post","type-post","status-publish","format-standard","has-post-thumbnail","hentry","category-sao-paulo"],"yoast_head":"<!-- This site is optimized with the Yoast SEO Premium plugin v24.2 (Yoast SEO v26.9) - https:\/\/yoast.com\/product\/yoast-seo-premium-wordpress\/ -->\n<title>S\u00e3o Paulo manifesta interesse em ex-jogador do Arsenal<\/title>\n<meta name=\"robots\" content=\"index, follow, max-snippet:-1, max-image-preview:large, max-video-preview:-1\" \/>\n<link rel=\"canonical\" href=\"https:\/\/www.gaveanews.com\/index.php\/2025\/01\/25\/sao-paulo-manifesta-interesse-em-ex-jogador-do-arsenal\/\" \/>\n<meta property=\"og:locale\" content=\"pt_BR\" \/>\n<meta property=\"og:type\" content=\"article\" \/>\n<meta property=\"og:title\" content=\"S\u00e3o Paulo manifesta interesse em ex-jogador do Arsenal\" \/>\n<meta property=\"og:description\" content=\"O S\u00e3o Paulo est\u00e1 atento ao mercado em busca de refor\u00e7os e, agora, mira no lateral-direito C\u00e9dric Soares, ex-Arsenal. O jogador de 33 anos, que se encontra livre no mercado, treina no CT da Barra Funda para recuperar o condicionamento f\u00edsico ap\u00f3s um longo per\u00edodo sem atuar.&nbsp; O Tricolor paulista estuda a possibilidade de oferecer [&hellip;]\" \/>\n<meta property=\"og:url\" content=\"https:\/\/www.gaveanews.com\/index.php\/2025\/01\/25\/sao-paulo-manifesta-interesse-em-ex-jogador-do-arsenal\/\" \/>\n<meta property=\"og:site_name\" content=\"G\u00e1vea News\" \/>\n<meta property=\"article:publisher\" content=\"https:\/\/facebook.com\/gaveaNews\/\" \/>\n<meta property=\"article:published_time\" content=\"2025-01-25T23:20:00+00:00\" \/>\n<meta property=\"og:image\" content=\"https:\/\/www.gaveanews.com\/wp-content\/uploads\/Bandeira-do-Sao-Paulo-no-Morumbis-em-2024.webp\" \/>\n\t<meta property=\"og:image:width\" content=\"1000\" \/>\n\t<meta property=\"og:image:height\" content=\"667\" \/>\n\t<meta property=\"og:image:type\" content=\"image\/webp\" \/>\n<meta name=\"author\" content=\"Rafaela Ladeira\" \/>\n<meta name=\"twitter:card\" content=\"summary_large_image\" \/>\n<meta name=\"twitter:label1\" content=\"Escrito por\" \/>\n\t<meta name=\"twitter:data1\" content=\"Rafaela Ladeira\" \/>\n\t<meta name=\"twitter:label2\" content=\"Est. tempo de leitura\" \/>\n\t<meta name=\"twitter:data2\" content=\"3 minutos\" \/>\n<script type=\"application\/ld+json\" class=\"yoast-schema-graph\">{\"@context\":\"https:\/\/schema.org\",\"@graph\":[{\"@type\":\"NewsArticle\",\"@id\":\"https:\/\/www.gaveanews.com\/index.php\/2025\/01\/25\/sao-paulo-manifesta-interesse-em-ex-jogador-do-arsenal\/#article\",\"isPartOf\":{\"@id\":\"https:\/\/www.gaveanews.com\/index.php\/2025\/01\/25\/sao-paulo-manifesta-interesse-em-ex-jogador-do-arsenal\/\"},\"author\":{\"name\":\"Rafaela Ladeira\",\"@id\":\"https:\/\/www.gaveanews.com\/#\/schema\/person\/0eb3e3fe1754f0205218538adbe8f5ed\"},\"headline\":\"S\u00e3o Paulo manifesta interesse em ex-jogador do Arsenal\",\"datePublished\":\"2025-01-25T23:20:00+00:00\",\"mainEntityOfPage\":{\"@id\":\"https:\/\/www.gaveanews.com\/index.php\/2025\/01\/25\/sao-paulo-manifesta-interesse-em-ex-jogador-do-arsenal\/\"},\"wordCount\":409,\"commentCount\":0,\"image\":{\"@id\":\"https:\/\/www.gaveanews.com\/index.php\/2025\/01\/25\/sao-paulo-manifesta-interesse-em-ex-jogador-do-arsenal\/#primaryimage\"},\"thumbnailUrl\":\"https:\/\/www.gaveanews.com\/wp-content\/uploads\/Bandeira-do-Sao-Paulo-no-Morumbis-em-2024.webp\",\"articleSection\":[\"S\u00e3o Paulo\"],\"inLanguage\":\"pt-BR\",\"potentialAction\":[{\"@type\":\"CommentAction\",\"name\":\"Comment\",\"target\":[\"https:\/\/www.gaveanews.com\/index.php\/2025\/01\/25\/sao-paulo-manifesta-interesse-em-ex-jogador-do-arsenal\/#respond\"]}],\"copyrightYear\":\"2025\",\"copyrightHolder\":{\"@id\":\"https:\/\/www.gaveanews.com\/#organization\"}},{\"@type\":\"WebPage\",\"@id\":\"https:\/\/www.gaveanews.com\/index.php\/2025\/01\/25\/sao-paulo-manifesta-interesse-em-ex-jogador-do-arsenal\/\",\"url\":\"https:\/\/www.gaveanews.com\/index.php\/2025\/01\/25\/sao-paulo-manifesta-interesse-em-ex-jogador-do-arsenal\/\",\"name\":\"S\u00e3o Paulo manifesta interesse em ex-jogador do Arsenal\",\"isPartOf\":{\"@id\":\"https:\/\/www.gaveanews.com\/#website\"},\"primaryImageOfPage\":{\"@id\":\"https:\/\/www.gaveanews.com\/index.php\/2025\/01\/25\/sao-paulo-manifesta-interesse-em-ex-jogador-do-arsenal\/#primaryimage\"},\"image\":{\"@id\":\"https:\/\/www.gaveanews.com\/index.php\/2025\/01\/25\/sao-paulo-manifesta-interesse-em-ex-jogador-do-arsenal\/#primaryimage\"},\"thumbnailUrl\":\"https:\/\/www.gaveanews.com\/wp-content\/uploads\/Bandeira-do-Sao-Paulo-no-Morumbis-em-2024.webp\",\"datePublished\":\"2025-01-25T23:20:00+00:00\",\"author\":{\"@id\":\"https:\/\/www.gaveanews.com\/#\/schema\/person\/0eb3e3fe1754f0205218538adbe8f5ed\"},\"breadcrumb\":{\"@id\":\"https:\/\/www.gaveanews.com\/index.php\/2025\/01\/25\/sao-paulo-manifesta-interesse-em-ex-jogador-do-arsenal\/#breadcrumb\"},\"inLanguage\":\"pt-BR\",\"potentialAction\":[{\"@type\":\"ReadAction\",\"target\":[\"https:\/\/www.gaveanews.com\/index.php\/2025\/01\/25\/sao-paulo-manifesta-interesse-em-ex-jogador-do-arsenal\/\"]}]},{\"@type\":\"ImageObject\",\"inLanguage\":\"pt-BR\",\"@id\":\"https:\/\/www.gaveanews.com\/index.php\/2025\/01\/25\/sao-paulo-manifesta-interesse-em-ex-jogador-do-arsenal\/#primaryimage\",\"url\":\"https:\/\/www.gaveanews.com\/wp-content\/uploads\/Bandeira-do-Sao-Paulo-no-Morumbis-em-2024.webp\",\"contentUrl\":\"https:\/\/www.gaveanews.com\/wp-content\/uploads\/Bandeira-do-Sao-Paulo-no-Morumbis-em-2024.webp\",\"width\":1000,\"height\":667,\"caption\":\"Bandeira do S\u00e3o Paulo no Morumbis em 2024 (Foto: Reprodu\u00e7\u00e3o\/S\u00e3o Paulo)\"},{\"@type\":\"BreadcrumbList\",\"@id\":\"https:\/\/www.gaveanews.com\/index.php\/2025\/01\/25\/sao-paulo-manifesta-interesse-em-ex-jogador-do-arsenal\/#breadcrumb\",\"itemListElement\":[{\"@type\":\"ListItem\",\"position\":1,\"name\":\"Home\",\"item\":\"https:\/\/www.gaveanews.com\/\"},{\"@type\":\"ListItem\",\"position\":2,\"name\":\"S\u00e3o Paulo manifesta interesse em ex-jogador do Arsenal\"}]},{\"@type\":\"WebSite\",\"@id\":\"https:\/\/www.gaveanews.com\/#website\",\"url\":\"https:\/\/www.gaveanews.com\/\",\"name\":\"G\u00e1vea News\",\"description\":\"Veja todas as not\u00edcias sobre o Flamengo: Contrata\u00e7\u00f5es, categorias de base, resultados das partidas, tabela de classifica\u00e7\u00e3o, pr\u00f3ximos jogos!\",\"potentialAction\":[{\"@type\":\"SearchAction\",\"target\":{\"@type\":\"EntryPoint\",\"urlTemplate\":\"https:\/\/www.gaveanews.com\/?s={search_term_string}\"},\"query-input\":{\"@type\":\"PropertyValueSpecification\",\"valueRequired\":true,\"valueName\":\"search_term_string\"}}],\"inLanguage\":\"pt-BR\"},{\"@type\":\"Person\",\"@id\":\"https:\/\/www.gaveanews.com\/#\/schema\/person\/0eb3e3fe1754f0205218538adbe8f5ed\",\"name\":\"Rafaela Ladeira\",\"image\":{\"@type\":\"ImageObject\",\"inLanguage\":\"pt-BR\",\"@id\":\"https:\/\/www.gaveanews.com\/#\/schema\/person\/image\/\",\"url\":\"https:\/\/secure.gravatar.com\/avatar\/c31f513acffd85eacab5730cbdfdbbf59f21ba5aeada8cd890acea879fbb2455?s=96&d=mm&r=g\",\"contentUrl\":\"https:\/\/secure.gravatar.com\/avatar\/c31f513acffd85eacab5730cbdfdbbf59f21ba5aeada8cd890acea879fbb2455?s=96&d=mm&r=g\",\"caption\":\"Rafaela Ladeira\"}}]}<\/script>\n<!-- \/ Yoast SEO Premium plugin. -->","yoast_head_json":{"title":"S\u00e3o Paulo manifesta interesse em ex-jogador do Arsenal","robots":{"index":"index","follow":"follow","max-snippet":"max-snippet:-1","max-image-preview":"max-image-preview:large","max-video-preview":"max-video-preview:-1"},"canonical":"https:\/\/www.gaveanews.com\/index.php\/2025\/01\/25\/sao-paulo-manifesta-interesse-em-ex-jogador-do-arsenal\/","og_locale":"pt_BR","og_type":"article","og_title":"S\u00e3o Paulo manifesta interesse em ex-jogador do Arsenal","og_description":"O S\u00e3o Paulo est\u00e1 atento ao mercado em busca de refor\u00e7os e, agora, mira no lateral-direito C\u00e9dric Soares, ex-Arsenal. O jogador de 33 anos, que se encontra livre no mercado, treina no CT da Barra Funda para recuperar o condicionamento f\u00edsico ap\u00f3s um longo per\u00edodo sem atuar.&nbsp; O Tricolor paulista estuda a possibilidade de oferecer [&hellip;]","og_url":"https:\/\/www.gaveanews.com\/index.php\/2025\/01\/25\/sao-paulo-manifesta-interesse-em-ex-jogador-do-arsenal\/","og_site_name":"G\u00e1vea News","article_publisher":"https:\/\/facebook.com\/gaveaNews\/","article_published_time":"2025-01-25T23:20:00+00:00","og_image":[{"width":1000,"height":667,"url":"https:\/\/www.gaveanews.com\/wp-content\/uploads\/Bandeira-do-Sao-Paulo-no-Morumbis-em-2024.webp","type":"image\/webp"}],"author":"Rafaela Ladeira","twitter_card":"summary_large_image","twitter_misc":{"Escrito por":"Rafaela Ladeira","Est. tempo de leitura":"3 minutos"},"schema":{"@context":"https:\/\/schema.org","@graph":[{"@type":"NewsArticle","@id":"https:\/\/www.gaveanews.com\/index.php\/2025\/01\/25\/sao-paulo-manifesta-interesse-em-ex-jogador-do-arsenal\/#article","isPartOf":{"@id":"https:\/\/www.gaveanews.com\/index.php\/2025\/01\/25\/sao-paulo-manifesta-interesse-em-ex-jogador-do-arsenal\/"},"author":{"name":"Rafaela Ladeira","@id":"https:\/\/www.gaveanews.com\/#\/schema\/person\/0eb3e3fe1754f0205218538adbe8f5ed"},"headline":"S\u00e3o Paulo manifesta interesse em ex-jogador do Arsenal","datePublished":"2025-01-25T23:20:00+00:00","mainEntityOfPage":{"@id":"https:\/\/www.gaveanews.com\/index.php\/2025\/01\/25\/sao-paulo-manifesta-interesse-em-ex-jogador-do-arsenal\/"},"wordCount":409,"commentCount":0,"image":{"@id":"https:\/\/www.gaveanews.com\/index.php\/2025\/01\/25\/sao-paulo-manifesta-interesse-em-ex-jogador-do-arsenal\/#primaryimage"},"thumbnailUrl":"https:\/\/www.gaveanews.com\/wp-content\/uploads\/Bandeira-do-Sao-Paulo-no-Morumbis-em-2024.webp","articleSection":["S\u00e3o Paulo"],"inLanguage":"pt-BR","potentialAction":[{"@type":"CommentAction","name":"Comment","target":["https:\/\/www.gaveanews.com\/index.php\/2025\/01\/25\/sao-paulo-manifesta-interesse-em-ex-jogador-do-arsenal\/#respond"]}],"copyrightYear":"2025","copyrightHolder":{"@id":"https:\/\/www.gaveanews.com\/#organization"}},{"@type":"WebPage","@id":"https:\/\/www.gaveanews.com\/index.php\/2025\/01\/25\/sao-paulo-manifesta-interesse-em-ex-jogador-do-arsenal\/","url":"https:\/\/www.gaveanews.com\/index.php\/2025\/01\/25\/sao-paulo-manifesta-interesse-em-ex-jogador-do-arsenal\/","name":"S\u00e3o Paulo manifesta interesse em ex-jogador do Arsenal","isPartOf":{"@id":"https:\/\/www.gaveanews.com\/#website"},"primaryImageOfPage":{"@id":"https:\/\/www.gaveanews.com\/index.php\/2025\/01\/25\/sao-paulo-manifesta-interesse-em-ex-jogador-do-arsenal\/#primaryimage"},"image":{"@id":"https:\/\/www.gaveanews.com\/index.php\/2025\/01\/25\/sao-paulo-manifesta-interesse-em-ex-jogador-do-arsenal\/#primaryimage"},"thumbnailUrl":"https:\/\/www.gaveanews.com\/wp-content\/uploads\/Bandeira-do-Sao-Paulo-no-Morumbis-em-2024.webp","datePublished":"2025-01-25T23:20:00+00:00","author":{"@id":"https:\/\/www.gaveanews.com\/#\/schema\/person\/0eb3e3fe1754f0205218538adbe8f5ed"},"breadcrumb":{"@id":"https:\/\/www.gaveanews.com\/index.php\/2025\/01\/25\/sao-paulo-manifesta-interesse-em-ex-jogador-do-arsenal\/#breadcrumb"},"inLanguage":"pt-BR","potentialAction":[{"@type":"ReadAction","target":["https:\/\/www.gaveanews.com\/index.php\/2025\/01\/25\/sao-paulo-manifesta-interesse-em-ex-jogador-do-arsenal\/"]}]},{"@type":"ImageObject","inLanguage":"pt-BR","@id":"https:\/\/www.gaveanews.com\/index.php\/2025\/01\/25\/sao-paulo-manifesta-interesse-em-ex-jogador-do-arsenal\/#primaryimage","url":"https:\/\/www.gaveanews.com\/wp-content\/uploads\/Bandeira-do-Sao-Paulo-no-Morumbis-em-2024.webp","contentUrl":"https:\/\/www.gaveanews.com\/wp-content\/uploads\/Bandeira-do-Sao-Paulo-no-Morumbis-em-2024.webp","width":1000,"height":667,"caption":"Bandeira do S\u00e3o Paulo no Morumbis em 2024 (Foto: Reprodu\u00e7\u00e3o\/S\u00e3o Paulo)"},{"@type":"BreadcrumbList","@id":"https:\/\/www.gaveanews.com\/index.php\/2025\/01\/25\/sao-paulo-manifesta-interesse-em-ex-jogador-do-arsenal\/#breadcrumb","itemListElement":[{"@type":"ListItem","position":1,"name":"Home","item":"https:\/\/www.gaveanews.com\/"},{"@type":"ListItem","position":2,"name":"S\u00e3o Paulo manifesta interesse em ex-jogador do Arsenal"}]},{"@type":"WebSite","@id":"https:\/\/www.gaveanews.com\/#website","url":"https:\/\/www.gaveanews.com\/","name":"G\u00e1vea News","description":"Veja todas as not\u00edcias sobre o Flamengo: Contrata\u00e7\u00f5es, categorias de base, resultados das partidas, tabela de classifica\u00e7\u00e3o, pr\u00f3ximos jogos!","potentialAction":[{"@type":"SearchAction","target":{"@type":"EntryPoint","urlTemplate":"https:\/\/www.gaveanews.com\/?s={search_term_string}"},"query-input":{"@type":"PropertyValueSpecification","valueRequired":true,"valueName":"search_term_string"}}],"inLanguage":"pt-BR"},{"@type":"Person","@id":"https:\/\/www.gaveanews.com\/#\/schema\/person\/0eb3e3fe1754f0205218538adbe8f5ed","name":"Rafaela Ladeira","image":{"@type":"ImageObject","inLanguage":"pt-BR","@id":"https:\/\/www.gaveanews.com\/#\/schema\/person\/image\/","url":"https:\/\/secure.gravatar.com\/avatar\/c31f513acffd85eacab5730cbdfdbbf59f21ba5aeada8cd890acea879fbb2455?s=96&d=mm&r=g","contentUrl":"https:\/\/secure.gravatar.com\/avatar\/c31f513acffd85eacab5730cbdfdbbf59f21ba5aeada8cd890acea879fbb2455?s=96&d=mm&r=g","caption":"Rafaela Ladeira"}}]}},"_links":{"self":[{"href":"https:\/\/www.gaveanews.com\/index.php\/wp-json\/wp\/v2\/posts\/217937","targetHints":{"allow":["GET"]}}],"collection":[{"href":"https:\/\/www.gaveanews.com\/index.php\/wp-json\/wp\/v2\/posts"}],"about":[{"href":"https:\/\/www.gaveanews.com\/index.php\/wp-json\/wp\/v2\/types\/post"}],"author":[{"embeddable":true,"href":"https:\/\/www.gaveanews.com\/index.php\/wp-json\/wp\/v2\/users\/25"}],"replies":[{"embeddable":true,"href":"https:\/\/www.gaveanews.com\/index.php\/wp-json\/wp\/v2\/comments?post=217937"}],"version-history":[{"count":1,"href":"https:\/\/www.gaveanews.com\/index.php\/wp-json\/wp\/v2\/posts\/217937\/revisions"}],"predecessor-version":[{"id":217939,"href":"https:\/\/www.gaveanews.com\/index.php\/wp-json\/wp\/v2\/posts\/217937\/revisions\/217939"}],"wp:featuredmedia":[{"embeddable":true,"href":"https:\/\/www.gaveanews.com\/index.php\/wp-json\/wp\/v2\/media\/154249"}],"wp:attachment":[{"href":"https:\/\/www.gaveanews.com\/index.php\/wp-json\/wp\/v2\/media?parent=217937"}],"wp:term":[{"taxonomy":"category","embeddable":true,"href":"https:\/\/www.gaveanews.com\/index.php\/wp-json\/wp\/v2\/categories?post=217937"},{"taxonomy":"post_tag","embeddable":true,"href":"https:\/\/www.gaveanews.com\/index.php\/wp-json\/wp\/v2\/tags?post=217937"}],"curies":[{"name":"wp","href":"https:\/\/api.w.org\/{rel}","templated":true}]}}