{"id":217965,"date":"2025-01-25T20:50:00","date_gmt":"2025-01-25T23:50:00","guid":{"rendered":"https:\/\/www.gaveanews.com\/?p=217965"},"modified":"2025-01-25T18:10:20","modified_gmt":"2025-01-25T21:10:20","slug":"sao-paulo-x-corinthians-hugo-souza-vai-jogar-2","status":"publish","type":"post","link":"https:\/\/www.gaveanews.com\/index.php\/2025\/01\/25\/sao-paulo-x-corinthians-hugo-souza-vai-jogar-2\/","title":{"rendered":"S\u00e3o Paulo x Corinthians: Hugo Souza vai jogar?"},"content":{"rendered":"\n<p>A espera chegou ao fim para a torcida do Corinthians, e Hugo Souza est\u00e1 pronto para retornar ao gol do Tim\u00e3o. Recuperado de uma amigdalite que adiou sua estreia na temporada 2025, o goleiro titular deve ser confirmado no cl\u00e1ssico contra o S\u00e3o Paulo, marcado para este domingo, \u00e0s 18h30, no Morumbi, pelo Paulist\u00e3o. Al\u00e9m disso, a recupera\u00e7\u00e3o de Hugo animou a comiss\u00e3o t\u00e9cnica, que conta com ele no primeiro grande desafio do ano.<\/p>\n\n\n\n<h2 class=\"wp-block-heading\" id=\"h-a-recuperacao-de-hugo-souza-e-a-expectativa-para-o-classico\">A recupera\u00e7\u00e3o de Hugo Souza e a expectativa para o cl\u00e1ssico<\/h2>\n\n\n\n<p>Vale destacar que o goleiro trabalhou normalmente durante toda a semana e n\u00e3o sentiu nenhuma limita\u00e7\u00e3o. Com isso, a expectativa interna \u00e9 de que ele reassuma a titularidade do time. Hugo Souza foi preservado do duelo contra o \u00c1gua Santa, na \u00faltima quarta-feira, quando o Corinthians venceu por 2 a 1. Naquela partida, Matheus Donelli foi o titular, mas, sendo assim, \u00e9 Hugo quem estar\u00e1 no gol no cl\u00e1ssico.<\/p>\n\n\n\n<p>Matheus Donelli teve uma boa atua\u00e7\u00e3o nas partidas anteriores, destacando-se especialmente nas vit\u00f3rias sobre o Red Bull Bragantino e Velo Clube. O treinador Ram\u00f3n D\u00edaz n\u00e3o poupou elogios ao goleiro substituto, destacando a prepara\u00e7\u00e3o mental e a dedica\u00e7\u00e3o do jovem jogador. <\/p>\n\n\n\n<figure class=\"wp-block-image size-full\"><img loading=\"lazy\" decoding=\"async\" width=\"768\" height=\"458\" src=\"http:\/\/www.gaveanews.com\/wp-content\/uploads\/IMG_0346-768x458-1.webp\" alt=\"\" class=\"wp-image-155879\" srcset=\"https:\/\/www.gaveanews.com\/wp-content\/uploads\/IMG_0346-768x458-1.webp 768w, https:\/\/www.gaveanews.com\/wp-content\/uploads\/IMG_0346-768x458-1-300x179.webp 300w, https:\/\/www.gaveanews.com\/wp-content\/uploads\/IMG_0346-768x458-1-704x420.webp 704w, https:\/\/www.gaveanews.com\/wp-content\/uploads\/IMG_0346-768x458-1-640x382.webp 640w, https:\/\/www.gaveanews.com\/wp-content\/uploads\/IMG_0346-768x458-1-681x406.webp 681w, https:\/\/www.gaveanews.com\/wp-content\/uploads\/IMG_0346-768x458-1-100x60.webp 100w\" sizes=\"auto, (max-width: 768px) 100vw, 768px\" \/><figcaption class=\"wp-element-caption\">Hugo Souza, goleiro do Corinthians, vive grande in\u00edcio &#8211; Instagram \/ @hugosouza\n<\/figcaption><\/figure>\n\n\n\n<p>\u201cO Donelli esteve muito bem. Preparamos ele mentalmente, com o trabalho, e ele vem crescendo\u201d, afirmou o treinador. No entanto, agora \u00e9 a vez de Hugo Souza reassumir sua posi\u00e7\u00e3o. Isso porque, apesar da boa fase de Donelli, o cl\u00e1ssico exige a experi\u00eancia e a lideran\u00e7a de Hugo no gol.<\/p>\n\n\n\n<h2 class=\"wp-block-heading\" id=\"h-o-retorno-de-hugo-souza-no-primeiro-grande-teste-de-2025\">O retorno de Hugo Souza no primeiro grande teste de 2025<\/h2>\n\n\n\n<p>Com a volta de Hugo Souza, o Corinthians busca manter a boa sequ\u00eancia de vit\u00f3rias. O time segue firme na busca pela 11\u00aa vit\u00f3ria consecutiva, um feito que seria hist\u00f3rico para o clube. Dessa maneira, com Hugo de volta, a forma\u00e7\u00e3o mais pr\u00f3xima daquela que encantou os torcedores na reta final do Brasileir\u00e3o dever\u00e1 ser escalada. <\/p>\n\n\n\n<p>Portanto, o cl\u00e1ssico contra o S\u00e3o Paulo promete ser o palco ideal para o retorno do goleiro, que est\u00e1 pronto para liderar a defesa corintiana em busca de mais uma vit\u00f3ria.<\/p>\n","protected":false},"excerpt":{"rendered":"<p>A espera chegou ao fim para a torcida do Corinthians, e Hugo Souza est\u00e1 pronto para retornar ao gol do Tim\u00e3o. Recuperado de uma amigdalite que adiou sua estreia na temporada 2025, o goleiro titular deve ser confirmado no cl\u00e1ssico contra o S\u00e3o Paulo, marcado para este domingo, \u00e0s 18h30, no Morumbi, pelo Paulist\u00e3o. Al\u00e9m [&hellip;]<\/p>\n","protected":false},"author":24,"featured_media":160023,"comment_status":"open","ping_status":"closed","sticky":false,"template":"","format":"standard","meta":{"footnotes":""},"categories":[141,151],"tags":[],"class_list":["post-217965","post","type-post","status-publish","format-standard","has-post-thumbnail","hentry","category-corinthians","category-sao-paulo"],"yoast_head":"<!-- This site is optimized with the Yoast SEO Premium plugin v24.2 (Yoast SEO v26.9) - https:\/\/yoast.com\/product\/yoast-seo-premium-wordpress\/ -->\n<title>S\u00e3o Paulo x Corinthians: Hugo Souza vai jogar?<\/title>\n<meta name=\"robots\" content=\"index, follow, max-snippet:-1, max-image-preview:large, max-video-preview:-1\" \/>\n<link rel=\"canonical\" href=\"https:\/\/www.gaveanews.com\/index.php\/2025\/01\/25\/sao-paulo-x-corinthians-hugo-souza-vai-jogar-2\/\" \/>\n<meta property=\"og:locale\" content=\"pt_BR\" \/>\n<meta property=\"og:type\" content=\"article\" \/>\n<meta property=\"og:title\" content=\"S\u00e3o Paulo x Corinthians: Hugo Souza vai jogar?\" \/>\n<meta property=\"og:description\" content=\"A espera chegou ao fim para a torcida do Corinthians, e Hugo Souza est\u00e1 pronto para retornar ao gol do Tim\u00e3o. Recuperado de uma amigdalite que adiou sua estreia na temporada 2025, o goleiro titular deve ser confirmado no cl\u00e1ssico contra o S\u00e3o Paulo, marcado para este domingo, \u00e0s 18h30, no Morumbi, pelo Paulist\u00e3o. Al\u00e9m [&hellip;]\" \/>\n<meta property=\"og:url\" content=\"https:\/\/www.gaveanews.com\/index.php\/2025\/01\/25\/sao-paulo-x-corinthians-hugo-souza-vai-jogar-2\/\" \/>\n<meta property=\"og:site_name\" content=\"G\u00e1vea News\" \/>\n<meta property=\"article:publisher\" content=\"https:\/\/facebook.com\/gaveaNews\/\" \/>\n<meta property=\"article:published_time\" content=\"2025-01-25T23:50:00+00:00\" \/>\n<meta property=\"og:image\" content=\"https:\/\/www.gaveanews.com\/wp-content\/uploads\/image-2024-08-21T141722.256.webp\" \/>\n\t<meta property=\"og:image:width\" content=\"740\" \/>\n\t<meta property=\"og:image:height\" content=\"416\" \/>\n\t<meta property=\"og:image:type\" content=\"image\/webp\" \/>\n<meta name=\"author\" content=\"Leandro Cardoso\" \/>\n<meta name=\"twitter:card\" content=\"summary_large_image\" \/>\n<meta name=\"twitter:label1\" content=\"Escrito por\" \/>\n\t<meta name=\"twitter:data1\" content=\"Leandro Cardoso\" \/>\n\t<meta name=\"twitter:label2\" content=\"Est. tempo de leitura\" \/>\n\t<meta name=\"twitter:data2\" content=\"3 minutos\" \/>\n<script type=\"application\/ld+json\" class=\"yoast-schema-graph\">{\"@context\":\"https:\/\/schema.org\",\"@graph\":[{\"@type\":\"NewsArticle\",\"@id\":\"https:\/\/www.gaveanews.com\/index.php\/2025\/01\/25\/sao-paulo-x-corinthians-hugo-souza-vai-jogar-2\/#article\",\"isPartOf\":{\"@id\":\"https:\/\/www.gaveanews.com\/index.php\/2025\/01\/25\/sao-paulo-x-corinthians-hugo-souza-vai-jogar-2\/\"},\"author\":{\"name\":\"Leandro Cardoso\",\"@id\":\"https:\/\/www.gaveanews.com\/#\/schema\/person\/2424ec6409bc3f068411fc5e4e9b6168\"},\"headline\":\"S\u00e3o Paulo x Corinthians: Hugo Souza vai jogar?\",\"datePublished\":\"2025-01-25T23:50:00+00:00\",\"mainEntityOfPage\":{\"@id\":\"https:\/\/www.gaveanews.com\/index.php\/2025\/01\/25\/sao-paulo-x-corinthians-hugo-souza-vai-jogar-2\/\"},\"wordCount\":390,\"commentCount\":0,\"image\":{\"@id\":\"https:\/\/www.gaveanews.com\/index.php\/2025\/01\/25\/sao-paulo-x-corinthians-hugo-souza-vai-jogar-2\/#primaryimage\"},\"thumbnailUrl\":\"https:\/\/www.gaveanews.com\/wp-content\/uploads\/image-2024-08-21T141722.256.webp\",\"articleSection\":[\"Corinthians\",\"S\u00e3o Paulo\"],\"inLanguage\":\"pt-BR\",\"potentialAction\":[{\"@type\":\"CommentAction\",\"name\":\"Comment\",\"target\":[\"https:\/\/www.gaveanews.com\/index.php\/2025\/01\/25\/sao-paulo-x-corinthians-hugo-souza-vai-jogar-2\/#respond\"]}],\"copyrightYear\":\"2025\",\"copyrightHolder\":{\"@id\":\"https:\/\/www.gaveanews.com\/#organization\"}},{\"@type\":\"WebPage\",\"@id\":\"https:\/\/www.gaveanews.com\/index.php\/2025\/01\/25\/sao-paulo-x-corinthians-hugo-souza-vai-jogar-2\/\",\"url\":\"https:\/\/www.gaveanews.com\/index.php\/2025\/01\/25\/sao-paulo-x-corinthians-hugo-souza-vai-jogar-2\/\",\"name\":\"S\u00e3o Paulo x Corinthians: Hugo Souza vai jogar?\",\"isPartOf\":{\"@id\":\"https:\/\/www.gaveanews.com\/#website\"},\"primaryImageOfPage\":{\"@id\":\"https:\/\/www.gaveanews.com\/index.php\/2025\/01\/25\/sao-paulo-x-corinthians-hugo-souza-vai-jogar-2\/#primaryimage\"},\"image\":{\"@id\":\"https:\/\/www.gaveanews.com\/index.php\/2025\/01\/25\/sao-paulo-x-corinthians-hugo-souza-vai-jogar-2\/#primaryimage\"},\"thumbnailUrl\":\"https:\/\/www.gaveanews.com\/wp-content\/uploads\/image-2024-08-21T141722.256.webp\",\"datePublished\":\"2025-01-25T23:50:00+00:00\",\"author\":{\"@id\":\"https:\/\/www.gaveanews.com\/#\/schema\/person\/2424ec6409bc3f068411fc5e4e9b6168\"},\"breadcrumb\":{\"@id\":\"https:\/\/www.gaveanews.com\/index.php\/2025\/01\/25\/sao-paulo-x-corinthians-hugo-souza-vai-jogar-2\/#breadcrumb\"},\"inLanguage\":\"pt-BR\",\"potentialAction\":[{\"@type\":\"ReadAction\",\"target\":[\"https:\/\/www.gaveanews.com\/index.php\/2025\/01\/25\/sao-paulo-x-corinthians-hugo-souza-vai-jogar-2\/\"]}]},{\"@type\":\"ImageObject\",\"inLanguage\":\"pt-BR\",\"@id\":\"https:\/\/www.gaveanews.com\/index.php\/2025\/01\/25\/sao-paulo-x-corinthians-hugo-souza-vai-jogar-2\/#primaryimage\",\"url\":\"https:\/\/www.gaveanews.com\/wp-content\/uploads\/image-2024-08-21T141722.256.webp\",\"contentUrl\":\"https:\/\/www.gaveanews.com\/wp-content\/uploads\/image-2024-08-21T141722.256.webp\",\"width\":740,\"height\":416,\"caption\":\"Foto: Jhony Pinho\/AGIF Hugo Souza falou sobre o Mengo\"},{\"@type\":\"BreadcrumbList\",\"@id\":\"https:\/\/www.gaveanews.com\/index.php\/2025\/01\/25\/sao-paulo-x-corinthians-hugo-souza-vai-jogar-2\/#breadcrumb\",\"itemListElement\":[{\"@type\":\"ListItem\",\"position\":1,\"name\":\"Home\",\"item\":\"https:\/\/www.gaveanews.com\/\"},{\"@type\":\"ListItem\",\"position\":2,\"name\":\"S\u00e3o Paulo x Corinthians: Hugo Souza vai jogar?\"}]},{\"@type\":\"WebSite\",\"@id\":\"https:\/\/www.gaveanews.com\/#website\",\"url\":\"https:\/\/www.gaveanews.com\/\",\"name\":\"G\u00e1vea News\",\"description\":\"Veja todas as not\u00edcias sobre o Flamengo: Contrata\u00e7\u00f5es, categorias de base, resultados das partidas, tabela de classifica\u00e7\u00e3o, pr\u00f3ximos jogos!\",\"potentialAction\":[{\"@type\":\"SearchAction\",\"target\":{\"@type\":\"EntryPoint\",\"urlTemplate\":\"https:\/\/www.gaveanews.com\/?s={search_term_string}\"},\"query-input\":{\"@type\":\"PropertyValueSpecification\",\"valueRequired\":true,\"valueName\":\"search_term_string\"}}],\"inLanguage\":\"pt-BR\"},{\"@type\":\"Person\",\"@id\":\"https:\/\/www.gaveanews.com\/#\/schema\/person\/2424ec6409bc3f068411fc5e4e9b6168\",\"name\":\"Leandro Cardoso\",\"image\":{\"@type\":\"ImageObject\",\"inLanguage\":\"pt-BR\",\"@id\":\"https:\/\/www.gaveanews.com\/#\/schema\/person\/image\/\",\"url\":\"https:\/\/secure.gravatar.com\/avatar\/8ca179f9b55eefe9f376f5493ef25475bfa59fbc28ce937f6076ce20e523098f?s=96&d=mm&r=g\",\"contentUrl\":\"https:\/\/secure.gravatar.com\/avatar\/8ca179f9b55eefe9f376f5493ef25475bfa59fbc28ce937f6076ce20e523098f?s=96&d=mm&r=g\",\"caption\":\"Leandro Cardoso\"}}]}<\/script>\n<!-- \/ Yoast SEO Premium plugin. -->","yoast_head_json":{"title":"S\u00e3o Paulo x Corinthians: Hugo Souza vai jogar?","robots":{"index":"index","follow":"follow","max-snippet":"max-snippet:-1","max-image-preview":"max-image-preview:large","max-video-preview":"max-video-preview:-1"},"canonical":"https:\/\/www.gaveanews.com\/index.php\/2025\/01\/25\/sao-paulo-x-corinthians-hugo-souza-vai-jogar-2\/","og_locale":"pt_BR","og_type":"article","og_title":"S\u00e3o Paulo x Corinthians: Hugo Souza vai jogar?","og_description":"A espera chegou ao fim para a torcida do Corinthians, e Hugo Souza est\u00e1 pronto para retornar ao gol do Tim\u00e3o. Recuperado de uma amigdalite que adiou sua estreia na temporada 2025, o goleiro titular deve ser confirmado no cl\u00e1ssico contra o S\u00e3o Paulo, marcado para este domingo, \u00e0s 18h30, no Morumbi, pelo Paulist\u00e3o. Al\u00e9m [&hellip;]","og_url":"https:\/\/www.gaveanews.com\/index.php\/2025\/01\/25\/sao-paulo-x-corinthians-hugo-souza-vai-jogar-2\/","og_site_name":"G\u00e1vea News","article_publisher":"https:\/\/facebook.com\/gaveaNews\/","article_published_time":"2025-01-25T23:50:00+00:00","og_image":[{"width":740,"height":416,"url":"https:\/\/www.gaveanews.com\/wp-content\/uploads\/image-2024-08-21T141722.256.webp","type":"image\/webp"}],"author":"Leandro Cardoso","twitter_card":"summary_large_image","twitter_misc":{"Escrito por":"Leandro Cardoso","Est. tempo de leitura":"3 minutos"},"schema":{"@context":"https:\/\/schema.org","@graph":[{"@type":"NewsArticle","@id":"https:\/\/www.gaveanews.com\/index.php\/2025\/01\/25\/sao-paulo-x-corinthians-hugo-souza-vai-jogar-2\/#article","isPartOf":{"@id":"https:\/\/www.gaveanews.com\/index.php\/2025\/01\/25\/sao-paulo-x-corinthians-hugo-souza-vai-jogar-2\/"},"author":{"name":"Leandro Cardoso","@id":"https:\/\/www.gaveanews.com\/#\/schema\/person\/2424ec6409bc3f068411fc5e4e9b6168"},"headline":"S\u00e3o Paulo x Corinthians: Hugo Souza vai jogar?","datePublished":"2025-01-25T23:50:00+00:00","mainEntityOfPage":{"@id":"https:\/\/www.gaveanews.com\/index.php\/2025\/01\/25\/sao-paulo-x-corinthians-hugo-souza-vai-jogar-2\/"},"wordCount":390,"commentCount":0,"image":{"@id":"https:\/\/www.gaveanews.com\/index.php\/2025\/01\/25\/sao-paulo-x-corinthians-hugo-souza-vai-jogar-2\/#primaryimage"},"thumbnailUrl":"https:\/\/www.gaveanews.com\/wp-content\/uploads\/image-2024-08-21T141722.256.webp","articleSection":["Corinthians","S\u00e3o Paulo"],"inLanguage":"pt-BR","potentialAction":[{"@type":"CommentAction","name":"Comment","target":["https:\/\/www.gaveanews.com\/index.php\/2025\/01\/25\/sao-paulo-x-corinthians-hugo-souza-vai-jogar-2\/#respond"]}],"copyrightYear":"2025","copyrightHolder":{"@id":"https:\/\/www.gaveanews.com\/#organization"}},{"@type":"WebPage","@id":"https:\/\/www.gaveanews.com\/index.php\/2025\/01\/25\/sao-paulo-x-corinthians-hugo-souza-vai-jogar-2\/","url":"https:\/\/www.gaveanews.com\/index.php\/2025\/01\/25\/sao-paulo-x-corinthians-hugo-souza-vai-jogar-2\/","name":"S\u00e3o Paulo x Corinthians: Hugo Souza vai jogar?","isPartOf":{"@id":"https:\/\/www.gaveanews.com\/#website"},"primaryImageOfPage":{"@id":"https:\/\/www.gaveanews.com\/index.php\/2025\/01\/25\/sao-paulo-x-corinthians-hugo-souza-vai-jogar-2\/#primaryimage"},"image":{"@id":"https:\/\/www.gaveanews.com\/index.php\/2025\/01\/25\/sao-paulo-x-corinthians-hugo-souza-vai-jogar-2\/#primaryimage"},"thumbnailUrl":"https:\/\/www.gaveanews.com\/wp-content\/uploads\/image-2024-08-21T141722.256.webp","datePublished":"2025-01-25T23:50:00+00:00","author":{"@id":"https:\/\/www.gaveanews.com\/#\/schema\/person\/2424ec6409bc3f068411fc5e4e9b6168"},"breadcrumb":{"@id":"https:\/\/www.gaveanews.com\/index.php\/2025\/01\/25\/sao-paulo-x-corinthians-hugo-souza-vai-jogar-2\/#breadcrumb"},"inLanguage":"pt-BR","potentialAction":[{"@type":"ReadAction","target":["https:\/\/www.gaveanews.com\/index.php\/2025\/01\/25\/sao-paulo-x-corinthians-hugo-souza-vai-jogar-2\/"]}]},{"@type":"ImageObject","inLanguage":"pt-BR","@id":"https:\/\/www.gaveanews.com\/index.php\/2025\/01\/25\/sao-paulo-x-corinthians-hugo-souza-vai-jogar-2\/#primaryimage","url":"https:\/\/www.gaveanews.com\/wp-content\/uploads\/image-2024-08-21T141722.256.webp","contentUrl":"https:\/\/www.gaveanews.com\/wp-content\/uploads\/image-2024-08-21T141722.256.webp","width":740,"height":416,"caption":"Foto: Jhony Pinho\/AGIF Hugo Souza falou sobre o Mengo"},{"@type":"BreadcrumbList","@id":"https:\/\/www.gaveanews.com\/index.php\/2025\/01\/25\/sao-paulo-x-corinthians-hugo-souza-vai-jogar-2\/#breadcrumb","itemListElement":[{"@type":"ListItem","position":1,"name":"Home","item":"https:\/\/www.gaveanews.com\/"},{"@type":"ListItem","position":2,"name":"S\u00e3o Paulo x Corinthians: Hugo Souza vai jogar?"}]},{"@type":"WebSite","@id":"https:\/\/www.gaveanews.com\/#website","url":"https:\/\/www.gaveanews.com\/","name":"G\u00e1vea News","description":"Veja todas as not\u00edcias sobre o Flamengo: Contrata\u00e7\u00f5es, categorias de base, resultados das partidas, tabela de classifica\u00e7\u00e3o, pr\u00f3ximos jogos!","potentialAction":[{"@type":"SearchAction","target":{"@type":"EntryPoint","urlTemplate":"https:\/\/www.gaveanews.com\/?s={search_term_string}"},"query-input":{"@type":"PropertyValueSpecification","valueRequired":true,"valueName":"search_term_string"}}],"inLanguage":"pt-BR"},{"@type":"Person","@id":"https:\/\/www.gaveanews.com\/#\/schema\/person\/2424ec6409bc3f068411fc5e4e9b6168","name":"Leandro Cardoso","image":{"@type":"ImageObject","inLanguage":"pt-BR","@id":"https:\/\/www.gaveanews.com\/#\/schema\/person\/image\/","url":"https:\/\/secure.gravatar.com\/avatar\/8ca179f9b55eefe9f376f5493ef25475bfa59fbc28ce937f6076ce20e523098f?s=96&d=mm&r=g","contentUrl":"https:\/\/secure.gravatar.com\/avatar\/8ca179f9b55eefe9f376f5493ef25475bfa59fbc28ce937f6076ce20e523098f?s=96&d=mm&r=g","caption":"Leandro Cardoso"}}]}},"_links":{"self":[{"href":"https:\/\/www.gaveanews.com\/index.php\/wp-json\/wp\/v2\/posts\/217965","targetHints":{"allow":["GET"]}}],"collection":[{"href":"https:\/\/www.gaveanews.com\/index.php\/wp-json\/wp\/v2\/posts"}],"about":[{"href":"https:\/\/www.gaveanews.com\/index.php\/wp-json\/wp\/v2\/types\/post"}],"author":[{"embeddable":true,"href":"https:\/\/www.gaveanews.com\/index.php\/wp-json\/wp\/v2\/users\/24"}],"replies":[{"embeddable":true,"href":"https:\/\/www.gaveanews.com\/index.php\/wp-json\/wp\/v2\/comments?post=217965"}],"version-history":[{"count":1,"href":"https:\/\/www.gaveanews.com\/index.php\/wp-json\/wp\/v2\/posts\/217965\/revisions"}],"predecessor-version":[{"id":217967,"href":"https:\/\/www.gaveanews.com\/index.php\/wp-json\/wp\/v2\/posts\/217965\/revisions\/217967"}],"wp:featuredmedia":[{"embeddable":true,"href":"https:\/\/www.gaveanews.com\/index.php\/wp-json\/wp\/v2\/media\/160023"}],"wp:attachment":[{"href":"https:\/\/www.gaveanews.com\/index.php\/wp-json\/wp\/v2\/media?parent=217965"}],"wp:term":[{"taxonomy":"category","embeddable":true,"href":"https:\/\/www.gaveanews.com\/index.php\/wp-json\/wp\/v2\/categories?post=217965"},{"taxonomy":"post_tag","embeddable":true,"href":"https:\/\/www.gaveanews.com\/index.php\/wp-json\/wp\/v2\/tags?post=217965"}],"curies":[{"name":"wp","href":"https:\/\/api.w.org\/{rel}","templated":true}]}}