{"id":217985,"date":"2025-01-26T06:20:00","date_gmt":"2025-01-26T09:20:00","guid":{"rendered":"https:\/\/www.gaveanews.com\/?p=217985"},"modified":"2025-01-26T05:48:32","modified_gmt":"2025-01-26T08:48:32","slug":"ele-vai-ser-a-ultima-contratacao-do-sao-paulo-nesta-janela-de-transferencias","status":"publish","type":"post","link":"https:\/\/www.gaveanews.com\/index.php\/2025\/01\/26\/ele-vai-ser-a-ultima-contratacao-do-sao-paulo-nesta-janela-de-transferencias\/","title":{"rendered":"Ele vai ser a \u00faltima contrata\u00e7\u00e3o do S\u00e3o Paulo nesta janela de transfer\u00eancias"},"content":{"rendered":"\n<p>O S\u00e3o Paulo est\u00e1 de olho no mercado de transfer\u00eancias e, conforme anunciado pelo presidente Julio Casares, um nome est\u00e1 sendo analisado com grande interesse: o lateral-direito portugu\u00eas C\u00e9dric Soares.&nbsp;<\/p>\n\n\n\n<p>O clube busca um jogador para a posi\u00e7\u00e3o e, com isso, o nome de C\u00e9dric surge como uma grande possibilidade de refor\u00e7o para o time.<\/p>\n\n\n\n<h2 class=\"wp-block-heading\" id=\"h-cedric-soares-treina-no-sao-paulo-e-pode-assinar-contrato\">C\u00e9dric Soares treina no S\u00e3o Paulo e pode assinar contrato<\/h2>\n\n\n\n<figure class=\"wp-block-image size-large\"><img loading=\"lazy\" decoding=\"async\" width=\"1024\" height=\"683\" src=\"http:\/\/www.gaveanews.com\/wp-content\/uploads\/cedricsoares41_1705506113488-edited-1024x683.webp\" alt=\"\" class=\"wp-image-122024\" srcset=\"https:\/\/www.gaveanews.com\/wp-content\/uploads\/cedricsoares41_1705506113488-edited-1024x683.webp 1024w, https:\/\/www.gaveanews.com\/wp-content\/uploads\/cedricsoares41_1705506113488-edited-300x200.webp 300w, https:\/\/www.gaveanews.com\/wp-content\/uploads\/cedricsoares41_1705506113488-edited-768x512.webp 768w, https:\/\/www.gaveanews.com\/wp-content\/uploads\/cedricsoares41_1705506113488-edited-630x420.webp 630w, https:\/\/www.gaveanews.com\/wp-content\/uploads\/cedricsoares41_1705506113488-edited-640x427.webp 640w, https:\/\/www.gaveanews.com\/wp-content\/uploads\/cedricsoares41_1705506113488-edited-681x454.webp 681w, https:\/\/www.gaveanews.com\/wp-content\/uploads\/cedricsoares41_1705506113488-edited-100x67.webp 100w, https:\/\/www.gaveanews.com\/wp-content\/uploads\/cedricsoares41_1705506113488-edited.webp 1080w\" sizes=\"auto, (max-width: 1024px) 100vw, 1024px\" \/><figcaption class=\"wp-element-caption\">Cedric Soares pela sele\u00e7\u00e3o de Portugal (Foto: Reprodu\u00e7\u00e3o\/Instagram)<\/figcaption><\/figure>\n\n\n\n<p>Atualmente livre no mercado, o lateral de 33 anos est\u00e1 treinando no CT da Barra Funda para recuperar o condicionamento f\u00edsico. Isso porque ele n\u00e3o entra em campo desde mar\u00e7o de 2024, quando jogou apenas 25 minutos na vit\u00f3ria do Arsenal sobre o Sheffield United.&nbsp;<\/p>\n\n\n\n<p>Portanto, o S\u00e3o Paulo analisa a possibilidade de assinar um contrato curto com C\u00e9dric, podendo ser a \u00faltima contrata\u00e7\u00e3o do clube nesta janela de transfer\u00eancias.&nbsp;<\/p>\n\n\n\n<p>&#8220;O C\u00e9dric \u00e9 um jogador de renome internacional, nos procurou para tentar ter novamente um condicionamento f\u00edsico. N\u00f3s vamos abra\u00e7\u00e1-lo, sim. Se ficar\u00e1 ou n\u00e3o \u00e9 um trabalho que vai ser discutido&#8221;, afirmou Julio Casares, depois da conquista da Copinha, no Pacaembu.<\/p>\n\n\n\n<h2 class=\"wp-block-heading\" id=\"h-experiencia-internacional-pode-ser-um-diferencial-para-o-tricolor\">Experi\u00eancia internacional pode ser um diferencial para o Tricolor<\/h2>\n\n\n\n<p>Vale destacar que C\u00e9dric Soares tem vasta experi\u00eancia internacional, o que foi ressaltado por Casares como um ponto positivo.&nbsp;<\/p>\n\n\n\n<p>&#8220;Precisamos ter um time com experi\u00eancia. Ele tem experi\u00eancia internacional e pode ajudar muito. Acho que vai somar&#8221;, completou o presidente do clube.&nbsp;<\/p>\n\n\n\n<p>Sendo assim, a chegada do lateral-direito \u00e9 vista como uma poss\u00edvel aposta para fortalecer a equipe, especialmente pela sua bagagem no futebol europeu. O t\u00e9cnico Luis Zubeld\u00eda tamb\u00e9m aprova a chegada do jogador para um per\u00edodo de &#8220;testes&#8221;, o que demonstra a confian\u00e7a do clube em sua capacidade de agregar ao elenco.<\/p>\n\n\n\n<h2 class=\"wp-block-heading\" id=\"h-o-que-mais-o-sao-paulo-busca-nesta-janela\">O que mais o S\u00e3o Paulo busca nesta janela?<\/h2>\n\n\n\n<p>Al\u00e9m da poss\u00edvel contrata\u00e7\u00e3o de C\u00e9dric, o S\u00e3o Paulo tamb\u00e9m vinha buscando um atacante que possa atuar em diversas posi\u00e7\u00f5es da linha de frente. No entanto, ap\u00f3s a chegada de refor\u00e7os como o lateral, o clube parece estar apostando mais em jogadores da base, o que deve equilibrar a equipe para a temporada que se aproxima.&nbsp;<\/p>\n\n\n\n<p>Dessa maneira, o Tricolor se prepara para os desafios de 2025 com op\u00e7\u00f5es e ajustes que podem render bons frutos ao longo do ano.<\/p>\n","protected":false},"excerpt":{"rendered":"<p>O S\u00e3o Paulo est\u00e1 de olho no mercado de transfer\u00eancias e, conforme anunciado pelo presidente Julio Casares, um nome est\u00e1 sendo analisado com grande interesse: o lateral-direito portugu\u00eas C\u00e9dric Soares.&nbsp; O clube busca um jogador para a posi\u00e7\u00e3o e, com isso, o nome de C\u00e9dric surge como uma grande possibilidade de refor\u00e7o para o time. [&hellip;]<\/p>\n","protected":false},"author":25,"featured_media":154451,"comment_status":"open","ping_status":"closed","sticky":false,"template":"","format":"standard","meta":{"footnotes":""},"categories":[151],"tags":[],"class_list":["post-217985","post","type-post","status-publish","format-standard","has-post-thumbnail","hentry","category-sao-paulo"],"yoast_head":"<!-- This site is optimized with the Yoast SEO Premium plugin v24.2 (Yoast SEO v26.9) - https:\/\/yoast.com\/product\/yoast-seo-premium-wordpress\/ -->\n<title>Ele vai ser a \u00faltima contrata\u00e7\u00e3o do S\u00e3o Paulo nesta janela de transfer\u00eancias<\/title>\n<meta name=\"robots\" content=\"index, follow, max-snippet:-1, max-image-preview:large, max-video-preview:-1\" \/>\n<link rel=\"canonical\" href=\"https:\/\/www.gaveanews.com\/index.php\/2025\/01\/26\/ele-vai-ser-a-ultima-contratacao-do-sao-paulo-nesta-janela-de-transferencias\/\" \/>\n<meta property=\"og:locale\" content=\"pt_BR\" \/>\n<meta property=\"og:type\" content=\"article\" \/>\n<meta property=\"og:title\" content=\"Ele vai ser a \u00faltima contrata\u00e7\u00e3o do S\u00e3o Paulo nesta janela de transfer\u00eancias\" \/>\n<meta property=\"og:description\" content=\"O S\u00e3o Paulo est\u00e1 de olho no mercado de transfer\u00eancias e, conforme anunciado pelo presidente Julio Casares, um nome est\u00e1 sendo analisado com grande interesse: o lateral-direito portugu\u00eas C\u00e9dric Soares.&nbsp; O clube busca um jogador para a posi\u00e7\u00e3o e, com isso, o nome de C\u00e9dric surge como uma grande possibilidade de refor\u00e7o para o time. [&hellip;]\" \/>\n<meta property=\"og:url\" content=\"https:\/\/www.gaveanews.com\/index.php\/2025\/01\/26\/ele-vai-ser-a-ultima-contratacao-do-sao-paulo-nesta-janela-de-transferencias\/\" \/>\n<meta property=\"og:site_name\" content=\"G\u00e1vea News\" \/>\n<meta property=\"article:publisher\" content=\"https:\/\/facebook.com\/gaveaNews\/\" \/>\n<meta property=\"article:published_time\" content=\"2025-01-26T09:20:00+00:00\" \/>\n<meta property=\"og:image\" content=\"https:\/\/www.gaveanews.com\/wp-content\/uploads\/Escudo-do-Sao-Paulo.webp\" \/>\n\t<meta property=\"og:image:width\" content=\"977\" \/>\n\t<meta property=\"og:image:height\" content=\"651\" \/>\n\t<meta property=\"og:image:type\" content=\"image\/webp\" \/>\n<meta name=\"author\" content=\"Rafaela Ladeira\" \/>\n<meta name=\"twitter:card\" content=\"summary_large_image\" \/>\n<meta name=\"twitter:label1\" content=\"Escrito por\" \/>\n\t<meta name=\"twitter:data1\" content=\"Rafaela Ladeira\" \/>\n\t<meta name=\"twitter:label2\" content=\"Est. tempo de leitura\" \/>\n\t<meta name=\"twitter:data2\" content=\"3 minutos\" \/>\n<script type=\"application\/ld+json\" class=\"yoast-schema-graph\">{\"@context\":\"https:\/\/schema.org\",\"@graph\":[{\"@type\":\"NewsArticle\",\"@id\":\"https:\/\/www.gaveanews.com\/index.php\/2025\/01\/26\/ele-vai-ser-a-ultima-contratacao-do-sao-paulo-nesta-janela-de-transferencias\/#article\",\"isPartOf\":{\"@id\":\"https:\/\/www.gaveanews.com\/index.php\/2025\/01\/26\/ele-vai-ser-a-ultima-contratacao-do-sao-paulo-nesta-janela-de-transferencias\/\"},\"author\":{\"name\":\"Rafaela Ladeira\",\"@id\":\"https:\/\/www.gaveanews.com\/#\/schema\/person\/0eb3e3fe1754f0205218538adbe8f5ed\"},\"headline\":\"Ele vai ser a \u00faltima contrata\u00e7\u00e3o do S\u00e3o Paulo nesta janela de transfer\u00eancias\",\"datePublished\":\"2025-01-26T09:20:00+00:00\",\"mainEntityOfPage\":{\"@id\":\"https:\/\/www.gaveanews.com\/index.php\/2025\/01\/26\/ele-vai-ser-a-ultima-contratacao-do-sao-paulo-nesta-janela-de-transferencias\/\"},\"wordCount\":439,\"commentCount\":0,\"image\":{\"@id\":\"https:\/\/www.gaveanews.com\/index.php\/2025\/01\/26\/ele-vai-ser-a-ultima-contratacao-do-sao-paulo-nesta-janela-de-transferencias\/#primaryimage\"},\"thumbnailUrl\":\"https:\/\/www.gaveanews.com\/wp-content\/uploads\/Escudo-do-Sao-Paulo.webp\",\"articleSection\":[\"S\u00e3o Paulo\"],\"inLanguage\":\"pt-BR\",\"potentialAction\":[{\"@type\":\"CommentAction\",\"name\":\"Comment\",\"target\":[\"https:\/\/www.gaveanews.com\/index.php\/2025\/01\/26\/ele-vai-ser-a-ultima-contratacao-do-sao-paulo-nesta-janela-de-transferencias\/#respond\"]}],\"copyrightYear\":\"2025\",\"copyrightHolder\":{\"@id\":\"https:\/\/www.gaveanews.com\/#organization\"}},{\"@type\":\"WebPage\",\"@id\":\"https:\/\/www.gaveanews.com\/index.php\/2025\/01\/26\/ele-vai-ser-a-ultima-contratacao-do-sao-paulo-nesta-janela-de-transferencias\/\",\"url\":\"https:\/\/www.gaveanews.com\/index.php\/2025\/01\/26\/ele-vai-ser-a-ultima-contratacao-do-sao-paulo-nesta-janela-de-transferencias\/\",\"name\":\"Ele vai ser a \u00faltima contrata\u00e7\u00e3o do S\u00e3o Paulo nesta janela de transfer\u00eancias\",\"isPartOf\":{\"@id\":\"https:\/\/www.gaveanews.com\/#website\"},\"primaryImageOfPage\":{\"@id\":\"https:\/\/www.gaveanews.com\/index.php\/2025\/01\/26\/ele-vai-ser-a-ultima-contratacao-do-sao-paulo-nesta-janela-de-transferencias\/#primaryimage\"},\"image\":{\"@id\":\"https:\/\/www.gaveanews.com\/index.php\/2025\/01\/26\/ele-vai-ser-a-ultima-contratacao-do-sao-paulo-nesta-janela-de-transferencias\/#primaryimage\"},\"thumbnailUrl\":\"https:\/\/www.gaveanews.com\/wp-content\/uploads\/Escudo-do-Sao-Paulo.webp\",\"datePublished\":\"2025-01-26T09:20:00+00:00\",\"author\":{\"@id\":\"https:\/\/www.gaveanews.com\/#\/schema\/person\/0eb3e3fe1754f0205218538adbe8f5ed\"},\"breadcrumb\":{\"@id\":\"https:\/\/www.gaveanews.com\/index.php\/2025\/01\/26\/ele-vai-ser-a-ultima-contratacao-do-sao-paulo-nesta-janela-de-transferencias\/#breadcrumb\"},\"inLanguage\":\"pt-BR\",\"potentialAction\":[{\"@type\":\"ReadAction\",\"target\":[\"https:\/\/www.gaveanews.com\/index.php\/2025\/01\/26\/ele-vai-ser-a-ultima-contratacao-do-sao-paulo-nesta-janela-de-transferencias\/\"]}]},{\"@type\":\"ImageObject\",\"inLanguage\":\"pt-BR\",\"@id\":\"https:\/\/www.gaveanews.com\/index.php\/2025\/01\/26\/ele-vai-ser-a-ultima-contratacao-do-sao-paulo-nesta-janela-de-transferencias\/#primaryimage\",\"url\":\"https:\/\/www.gaveanews.com\/wp-content\/uploads\/Escudo-do-Sao-Paulo.webp\",\"contentUrl\":\"https:\/\/www.gaveanews.com\/wp-content\/uploads\/Escudo-do-Sao-Paulo.webp\",\"width\":977,\"height\":651,\"caption\":\"Escudo do S\u00e3o Paulo (Foto: Reprodu\u00e7\u00e3o\/S\u00e3o Paulo)\"},{\"@type\":\"BreadcrumbList\",\"@id\":\"https:\/\/www.gaveanews.com\/index.php\/2025\/01\/26\/ele-vai-ser-a-ultima-contratacao-do-sao-paulo-nesta-janela-de-transferencias\/#breadcrumb\",\"itemListElement\":[{\"@type\":\"ListItem\",\"position\":1,\"name\":\"Home\",\"item\":\"https:\/\/www.gaveanews.com\/\"},{\"@type\":\"ListItem\",\"position\":2,\"name\":\"Ele vai ser a \u00faltima contrata\u00e7\u00e3o do S\u00e3o Paulo nesta janela de transfer\u00eancias\"}]},{\"@type\":\"WebSite\",\"@id\":\"https:\/\/www.gaveanews.com\/#website\",\"url\":\"https:\/\/www.gaveanews.com\/\",\"name\":\"G\u00e1vea News\",\"description\":\"Veja todas as not\u00edcias sobre o Flamengo: Contrata\u00e7\u00f5es, categorias de base, resultados das partidas, tabela de classifica\u00e7\u00e3o, pr\u00f3ximos jogos!\",\"potentialAction\":[{\"@type\":\"SearchAction\",\"target\":{\"@type\":\"EntryPoint\",\"urlTemplate\":\"https:\/\/www.gaveanews.com\/?s={search_term_string}\"},\"query-input\":{\"@type\":\"PropertyValueSpecification\",\"valueRequired\":true,\"valueName\":\"search_term_string\"}}],\"inLanguage\":\"pt-BR\"},{\"@type\":\"Person\",\"@id\":\"https:\/\/www.gaveanews.com\/#\/schema\/person\/0eb3e3fe1754f0205218538adbe8f5ed\",\"name\":\"Rafaela Ladeira\",\"image\":{\"@type\":\"ImageObject\",\"inLanguage\":\"pt-BR\",\"@id\":\"https:\/\/www.gaveanews.com\/#\/schema\/person\/image\/\",\"url\":\"https:\/\/secure.gravatar.com\/avatar\/c31f513acffd85eacab5730cbdfdbbf59f21ba5aeada8cd890acea879fbb2455?s=96&d=mm&r=g\",\"contentUrl\":\"https:\/\/secure.gravatar.com\/avatar\/c31f513acffd85eacab5730cbdfdbbf59f21ba5aeada8cd890acea879fbb2455?s=96&d=mm&r=g\",\"caption\":\"Rafaela Ladeira\"}}]}<\/script>\n<!-- \/ Yoast SEO Premium plugin. -->","yoast_head_json":{"title":"Ele vai ser a \u00faltima contrata\u00e7\u00e3o do S\u00e3o Paulo nesta janela de transfer\u00eancias","robots":{"index":"index","follow":"follow","max-snippet":"max-snippet:-1","max-image-preview":"max-image-preview:large","max-video-preview":"max-video-preview:-1"},"canonical":"https:\/\/www.gaveanews.com\/index.php\/2025\/01\/26\/ele-vai-ser-a-ultima-contratacao-do-sao-paulo-nesta-janela-de-transferencias\/","og_locale":"pt_BR","og_type":"article","og_title":"Ele vai ser a \u00faltima contrata\u00e7\u00e3o do S\u00e3o Paulo nesta janela de transfer\u00eancias","og_description":"O S\u00e3o Paulo est\u00e1 de olho no mercado de transfer\u00eancias e, conforme anunciado pelo presidente Julio Casares, um nome est\u00e1 sendo analisado com grande interesse: o lateral-direito portugu\u00eas C\u00e9dric Soares.&nbsp; O clube busca um jogador para a posi\u00e7\u00e3o e, com isso, o nome de C\u00e9dric surge como uma grande possibilidade de refor\u00e7o para o time. [&hellip;]","og_url":"https:\/\/www.gaveanews.com\/index.php\/2025\/01\/26\/ele-vai-ser-a-ultima-contratacao-do-sao-paulo-nesta-janela-de-transferencias\/","og_site_name":"G\u00e1vea News","article_publisher":"https:\/\/facebook.com\/gaveaNews\/","article_published_time":"2025-01-26T09:20:00+00:00","og_image":[{"width":977,"height":651,"url":"https:\/\/www.gaveanews.com\/wp-content\/uploads\/Escudo-do-Sao-Paulo.webp","type":"image\/webp"}],"author":"Rafaela Ladeira","twitter_card":"summary_large_image","twitter_misc":{"Escrito por":"Rafaela Ladeira","Est. tempo de leitura":"3 minutos"},"schema":{"@context":"https:\/\/schema.org","@graph":[{"@type":"NewsArticle","@id":"https:\/\/www.gaveanews.com\/index.php\/2025\/01\/26\/ele-vai-ser-a-ultima-contratacao-do-sao-paulo-nesta-janela-de-transferencias\/#article","isPartOf":{"@id":"https:\/\/www.gaveanews.com\/index.php\/2025\/01\/26\/ele-vai-ser-a-ultima-contratacao-do-sao-paulo-nesta-janela-de-transferencias\/"},"author":{"name":"Rafaela Ladeira","@id":"https:\/\/www.gaveanews.com\/#\/schema\/person\/0eb3e3fe1754f0205218538adbe8f5ed"},"headline":"Ele vai ser a \u00faltima contrata\u00e7\u00e3o do S\u00e3o Paulo nesta janela de transfer\u00eancias","datePublished":"2025-01-26T09:20:00+00:00","mainEntityOfPage":{"@id":"https:\/\/www.gaveanews.com\/index.php\/2025\/01\/26\/ele-vai-ser-a-ultima-contratacao-do-sao-paulo-nesta-janela-de-transferencias\/"},"wordCount":439,"commentCount":0,"image":{"@id":"https:\/\/www.gaveanews.com\/index.php\/2025\/01\/26\/ele-vai-ser-a-ultima-contratacao-do-sao-paulo-nesta-janela-de-transferencias\/#primaryimage"},"thumbnailUrl":"https:\/\/www.gaveanews.com\/wp-content\/uploads\/Escudo-do-Sao-Paulo.webp","articleSection":["S\u00e3o Paulo"],"inLanguage":"pt-BR","potentialAction":[{"@type":"CommentAction","name":"Comment","target":["https:\/\/www.gaveanews.com\/index.php\/2025\/01\/26\/ele-vai-ser-a-ultima-contratacao-do-sao-paulo-nesta-janela-de-transferencias\/#respond"]}],"copyrightYear":"2025","copyrightHolder":{"@id":"https:\/\/www.gaveanews.com\/#organization"}},{"@type":"WebPage","@id":"https:\/\/www.gaveanews.com\/index.php\/2025\/01\/26\/ele-vai-ser-a-ultima-contratacao-do-sao-paulo-nesta-janela-de-transferencias\/","url":"https:\/\/www.gaveanews.com\/index.php\/2025\/01\/26\/ele-vai-ser-a-ultima-contratacao-do-sao-paulo-nesta-janela-de-transferencias\/","name":"Ele vai ser a \u00faltima contrata\u00e7\u00e3o do S\u00e3o Paulo nesta janela de transfer\u00eancias","isPartOf":{"@id":"https:\/\/www.gaveanews.com\/#website"},"primaryImageOfPage":{"@id":"https:\/\/www.gaveanews.com\/index.php\/2025\/01\/26\/ele-vai-ser-a-ultima-contratacao-do-sao-paulo-nesta-janela-de-transferencias\/#primaryimage"},"image":{"@id":"https:\/\/www.gaveanews.com\/index.php\/2025\/01\/26\/ele-vai-ser-a-ultima-contratacao-do-sao-paulo-nesta-janela-de-transferencias\/#primaryimage"},"thumbnailUrl":"https:\/\/www.gaveanews.com\/wp-content\/uploads\/Escudo-do-Sao-Paulo.webp","datePublished":"2025-01-26T09:20:00+00:00","author":{"@id":"https:\/\/www.gaveanews.com\/#\/schema\/person\/0eb3e3fe1754f0205218538adbe8f5ed"},"breadcrumb":{"@id":"https:\/\/www.gaveanews.com\/index.php\/2025\/01\/26\/ele-vai-ser-a-ultima-contratacao-do-sao-paulo-nesta-janela-de-transferencias\/#breadcrumb"},"inLanguage":"pt-BR","potentialAction":[{"@type":"ReadAction","target":["https:\/\/www.gaveanews.com\/index.php\/2025\/01\/26\/ele-vai-ser-a-ultima-contratacao-do-sao-paulo-nesta-janela-de-transferencias\/"]}]},{"@type":"ImageObject","inLanguage":"pt-BR","@id":"https:\/\/www.gaveanews.com\/index.php\/2025\/01\/26\/ele-vai-ser-a-ultima-contratacao-do-sao-paulo-nesta-janela-de-transferencias\/#primaryimage","url":"https:\/\/www.gaveanews.com\/wp-content\/uploads\/Escudo-do-Sao-Paulo.webp","contentUrl":"https:\/\/www.gaveanews.com\/wp-content\/uploads\/Escudo-do-Sao-Paulo.webp","width":977,"height":651,"caption":"Escudo do S\u00e3o Paulo (Foto: Reprodu\u00e7\u00e3o\/S\u00e3o Paulo)"},{"@type":"BreadcrumbList","@id":"https:\/\/www.gaveanews.com\/index.php\/2025\/01\/26\/ele-vai-ser-a-ultima-contratacao-do-sao-paulo-nesta-janela-de-transferencias\/#breadcrumb","itemListElement":[{"@type":"ListItem","position":1,"name":"Home","item":"https:\/\/www.gaveanews.com\/"},{"@type":"ListItem","position":2,"name":"Ele vai ser a \u00faltima contrata\u00e7\u00e3o do S\u00e3o Paulo nesta janela de transfer\u00eancias"}]},{"@type":"WebSite","@id":"https:\/\/www.gaveanews.com\/#website","url":"https:\/\/www.gaveanews.com\/","name":"G\u00e1vea News","description":"Veja todas as not\u00edcias sobre o Flamengo: Contrata\u00e7\u00f5es, categorias de base, resultados das partidas, tabela de classifica\u00e7\u00e3o, pr\u00f3ximos jogos!","potentialAction":[{"@type":"SearchAction","target":{"@type":"EntryPoint","urlTemplate":"https:\/\/www.gaveanews.com\/?s={search_term_string}"},"query-input":{"@type":"PropertyValueSpecification","valueRequired":true,"valueName":"search_term_string"}}],"inLanguage":"pt-BR"},{"@type":"Person","@id":"https:\/\/www.gaveanews.com\/#\/schema\/person\/0eb3e3fe1754f0205218538adbe8f5ed","name":"Rafaela Ladeira","image":{"@type":"ImageObject","inLanguage":"pt-BR","@id":"https:\/\/www.gaveanews.com\/#\/schema\/person\/image\/","url":"https:\/\/secure.gravatar.com\/avatar\/c31f513acffd85eacab5730cbdfdbbf59f21ba5aeada8cd890acea879fbb2455?s=96&d=mm&r=g","contentUrl":"https:\/\/secure.gravatar.com\/avatar\/c31f513acffd85eacab5730cbdfdbbf59f21ba5aeada8cd890acea879fbb2455?s=96&d=mm&r=g","caption":"Rafaela Ladeira"}}]}},"_links":{"self":[{"href":"https:\/\/www.gaveanews.com\/index.php\/wp-json\/wp\/v2\/posts\/217985","targetHints":{"allow":["GET"]}}],"collection":[{"href":"https:\/\/www.gaveanews.com\/index.php\/wp-json\/wp\/v2\/posts"}],"about":[{"href":"https:\/\/www.gaveanews.com\/index.php\/wp-json\/wp\/v2\/types\/post"}],"author":[{"embeddable":true,"href":"https:\/\/www.gaveanews.com\/index.php\/wp-json\/wp\/v2\/users\/25"}],"replies":[{"embeddable":true,"href":"https:\/\/www.gaveanews.com\/index.php\/wp-json\/wp\/v2\/comments?post=217985"}],"version-history":[{"count":1,"href":"https:\/\/www.gaveanews.com\/index.php\/wp-json\/wp\/v2\/posts\/217985\/revisions"}],"predecessor-version":[{"id":217986,"href":"https:\/\/www.gaveanews.com\/index.php\/wp-json\/wp\/v2\/posts\/217985\/revisions\/217986"}],"wp:featuredmedia":[{"embeddable":true,"href":"https:\/\/www.gaveanews.com\/index.php\/wp-json\/wp\/v2\/media\/154451"}],"wp:attachment":[{"href":"https:\/\/www.gaveanews.com\/index.php\/wp-json\/wp\/v2\/media?parent=217985"}],"wp:term":[{"taxonomy":"category","embeddable":true,"href":"https:\/\/www.gaveanews.com\/index.php\/wp-json\/wp\/v2\/categories?post=217985"},{"taxonomy":"post_tag","embeddable":true,"href":"https:\/\/www.gaveanews.com\/index.php\/wp-json\/wp\/v2\/tags?post=217985"}],"curies":[{"name":"wp","href":"https:\/\/api.w.org\/{rel}","templated":true}]}}