{"id":218013,"date":"2025-01-25T22:25:00","date_gmt":"2025-01-26T01:25:00","guid":{"rendered":"https:\/\/www.gaveanews.com\/?p=218013"},"modified":"2025-01-25T21:48:32","modified_gmt":"2025-01-26T00:48:32","slug":"vitoria-sonda-situacao-de-jogador-do-bahia","status":"publish","type":"post","link":"https:\/\/www.gaveanews.com\/index.php\/2025\/01\/25\/vitoria-sonda-situacao-de-jogador-do-bahia\/","title":{"rendered":"Vit\u00f3ria sonda situa\u00e7\u00e3o de jogador do Bahia"},"content":{"rendered":"\n<h2 class=\"wp-block-heading\" id=\"h-vitoria-sonda-everaldo-do-bahia-e-estuda-proposta-antes-do-classico-ba-vi-500\">Vit\u00f3ria sonda Everaldo, do Bahia, e estuda proposta antes do cl\u00e1ssico Ba-Vi 500<\/h2>\n\n\n\n<p>O Ba-Vi 500 ser\u00e1 disputado apenas no pr\u00f3ximo s\u00e1bado, mas os bastidores do cl\u00e1ssico j\u00e1 est\u00e3o movimentados. O Vit\u00f3ria realizou uma sondagem pelo atacante Everaldo, do Bahia, e analisa a possibilidade de formalizar uma proposta ao rival. A poss\u00edvel negocia\u00e7\u00e3o envolve valores que podem chegar a 1 milh\u00e3o de euros (cerca de R$ 6,2 milh\u00f5es), valor estipulado pelo Tricolor para negociar o jogador.<\/p>\n\n\n\n<p>A movimenta\u00e7\u00e3o do Vit\u00f3ria no mercado ocorre ap\u00f3s a sa\u00edda de Alerrandro, artilheiro do \u00faltimo Campeonato Brasileiro, com 15 gols, ao lado de Yuri Alberto, do Corinthians. O Rubro-Negro busca uma reposi\u00e7\u00e3o para a posi\u00e7\u00e3o e v\u00ea Everaldo como uma alternativa vi\u00e1vel. Antes, o clube tentou a contrata\u00e7\u00e3o do chileno Eduardo Vargas, do Atl\u00e9tico-MG, mas o atacante acertou com o Nacional, do Uruguai.<\/p>\n\n\n\n<p>O interesse do Vit\u00f3ria levanta questionamentos sobre a possibilidade de uma transfer\u00eancia direta entre os clubes rivais, algo pouco comum no futebol baiano. Everaldo tem contrato com o Bahia, mas a diretoria tricolor n\u00e3o descarta a negocia\u00e7\u00e3o, desde que os valores estabelecidos sejam pagos. O Rubro-Negro, por sua vez, avalia os aspectos financeiros e t\u00e9cnicos da opera\u00e7\u00e3o.<\/p>\n\n\n\n<p>Everaldo tem 31 anos e acumula bons n\u00fameros pelo Bahia. Desde sua chegada ao clube, soma 31 gols e 12 assist\u00eancias em 118 partidas. Em 2023, teve oscila\u00e7\u00f5es no rendimento, mas encerrou a temporada como o principal goleador do elenco, com 20 gols. J\u00e1 em 2024, passou a atuar em uma fun\u00e7\u00e3o diferente, jogando mais aberto pela esquerda, e marcou 11 vezes at\u00e9 o momento.<\/p>\n\n\n\n<p>O atacante come\u00e7ou a carreira nas categorias de base do Esportivo e do Gr\u00eamio. Depois, passou por clubes como Caxias, Figueirense, Paysandu e Santa Cruz. Em 2017, jogou pelo Atl\u00e9tico-GO e se transferiu para o Quer\u00e9taro, do M\u00e9xico. No Brasil, ganhou destaque com a Chapecoense, em 2019, o que lhe rendeu uma transfer\u00eancia para o futebol japon\u00eas. Entre 2020 e 2022, Everaldo defendeu o Kashima Antlers antes de retornar ao Brasil para atuar no Bahia.<\/p>\n\n\n\n<p>A negocia\u00e7\u00e3o entre Bahia e Vit\u00f3ria ainda est\u00e1 em fase inicial, mas a simples sondagem j\u00e1 agita o ambiente do cl\u00e1ssico. Caso a transfer\u00eancia se concretize, Everaldo pode protagonizar uma das mudan\u00e7as mais pol\u00eamicas do futebol baiano nos \u00faltimos anos.<\/p>\n","protected":false},"excerpt":{"rendered":"<p>Vit\u00f3ria sonda Everaldo, do Bahia, e estuda proposta antes do cl\u00e1ssico Ba-Vi 500 O Ba-Vi 500 ser\u00e1 disputado apenas no pr\u00f3ximo s\u00e1bado, mas os bastidores do cl\u00e1ssico j\u00e1 est\u00e3o movimentados. O Vit\u00f3ria realizou uma sondagem pelo atacante Everaldo, do Bahia, e analisa a possibilidade de formalizar uma proposta ao rival. A poss\u00edvel negocia\u00e7\u00e3o envolve valores [&hellip;]<\/p>\n","protected":false},"author":17,"featured_media":197944,"comment_status":"open","ping_status":"closed","sticky":false,"template":"","format":"standard","meta":{"footnotes":""},"categories":[137,153],"tags":[],"class_list":["post-218013","post","type-post","status-publish","format-standard","has-post-thumbnail","hentry","category-bahia","category-vitoria"],"yoast_head":"<!-- This site is optimized with the Yoast SEO Premium plugin v24.2 (Yoast SEO v26.9) - https:\/\/yoast.com\/product\/yoast-seo-premium-wordpress\/ -->\n<title>Vit\u00f3ria sonda situa\u00e7\u00e3o de jogador do Bahia<\/title>\n<meta name=\"robots\" content=\"index, follow, max-snippet:-1, max-image-preview:large, max-video-preview:-1\" \/>\n<link rel=\"canonical\" href=\"https:\/\/www.gaveanews.com\/index.php\/2025\/01\/25\/vitoria-sonda-situacao-de-jogador-do-bahia\/\" \/>\n<meta property=\"og:locale\" content=\"pt_BR\" \/>\n<meta property=\"og:type\" content=\"article\" \/>\n<meta property=\"og:title\" content=\"Vit\u00f3ria sonda situa\u00e7\u00e3o de jogador do Bahia\" \/>\n<meta property=\"og:description\" content=\"Vit\u00f3ria sonda Everaldo, do Bahia, e estuda proposta antes do cl\u00e1ssico Ba-Vi 500 O Ba-Vi 500 ser\u00e1 disputado apenas no pr\u00f3ximo s\u00e1bado, mas os bastidores do cl\u00e1ssico j\u00e1 est\u00e3o movimentados. O Vit\u00f3ria realizou uma sondagem pelo atacante Everaldo, do Bahia, e analisa a possibilidade de formalizar uma proposta ao rival. A poss\u00edvel negocia\u00e7\u00e3o envolve valores [&hellip;]\" \/>\n<meta property=\"og:url\" content=\"https:\/\/www.gaveanews.com\/index.php\/2025\/01\/25\/vitoria-sonda-situacao-de-jogador-do-bahia\/\" \/>\n<meta property=\"og:site_name\" content=\"G\u00e1vea News\" \/>\n<meta property=\"article:publisher\" content=\"https:\/\/facebook.com\/gaveaNews\/\" \/>\n<meta property=\"article:published_time\" content=\"2025-01-26T01:25:00+00:00\" \/>\n<meta property=\"og:image\" content=\"https:\/\/www.gaveanews.com\/wp-content\/uploads\/Vitoria-EC.webp\" \/>\n\t<meta property=\"og:image:width\" content=\"1024\" \/>\n\t<meta property=\"og:image:height\" content=\"576\" \/>\n\t<meta property=\"og:image:type\" content=\"image\/jpeg\" \/>\n<meta name=\"author\" content=\"Geovanna Thomaz\" \/>\n<meta name=\"twitter:card\" content=\"summary_large_image\" \/>\n<meta name=\"twitter:label1\" content=\"Escrito por\" \/>\n\t<meta name=\"twitter:data1\" content=\"Geovanna Thomaz\" \/>\n\t<meta name=\"twitter:label2\" content=\"Est. tempo de leitura\" \/>\n\t<meta name=\"twitter:data2\" content=\"3 minutos\" \/>\n<script type=\"application\/ld+json\" class=\"yoast-schema-graph\">{\"@context\":\"https:\/\/schema.org\",\"@graph\":[{\"@type\":\"NewsArticle\",\"@id\":\"https:\/\/www.gaveanews.com\/index.php\/2025\/01\/25\/vitoria-sonda-situacao-de-jogador-do-bahia\/#article\",\"isPartOf\":{\"@id\":\"https:\/\/www.gaveanews.com\/index.php\/2025\/01\/25\/vitoria-sonda-situacao-de-jogador-do-bahia\/\"},\"author\":{\"name\":\"Geovanna Thomaz\",\"@id\":\"https:\/\/www.gaveanews.com\/#\/schema\/person\/f42654babcd2b2014a1a65af82b081f1\"},\"headline\":\"Vit\u00f3ria sonda situa\u00e7\u00e3o de jogador do Bahia\",\"datePublished\":\"2025-01-26T01:25:00+00:00\",\"mainEntityOfPage\":{\"@id\":\"https:\/\/www.gaveanews.com\/index.php\/2025\/01\/25\/vitoria-sonda-situacao-de-jogador-do-bahia\/\"},\"wordCount\":411,\"commentCount\":0,\"image\":{\"@id\":\"https:\/\/www.gaveanews.com\/index.php\/2025\/01\/25\/vitoria-sonda-situacao-de-jogador-do-bahia\/#primaryimage\"},\"thumbnailUrl\":\"https:\/\/www.gaveanews.com\/wp-content\/uploads\/Vitoria-EC.webp\",\"articleSection\":[\"Bahia\",\"Vit\u00f3ria\"],\"inLanguage\":\"pt-BR\",\"potentialAction\":[{\"@type\":\"CommentAction\",\"name\":\"Comment\",\"target\":[\"https:\/\/www.gaveanews.com\/index.php\/2025\/01\/25\/vitoria-sonda-situacao-de-jogador-do-bahia\/#respond\"]}],\"copyrightYear\":\"2025\",\"copyrightHolder\":{\"@id\":\"https:\/\/www.gaveanews.com\/#organization\"}},{\"@type\":\"WebPage\",\"@id\":\"https:\/\/www.gaveanews.com\/index.php\/2025\/01\/25\/vitoria-sonda-situacao-de-jogador-do-bahia\/\",\"url\":\"https:\/\/www.gaveanews.com\/index.php\/2025\/01\/25\/vitoria-sonda-situacao-de-jogador-do-bahia\/\",\"name\":\"Vit\u00f3ria sonda situa\u00e7\u00e3o de jogador do Bahia\",\"isPartOf\":{\"@id\":\"https:\/\/www.gaveanews.com\/#website\"},\"primaryImageOfPage\":{\"@id\":\"https:\/\/www.gaveanews.com\/index.php\/2025\/01\/25\/vitoria-sonda-situacao-de-jogador-do-bahia\/#primaryimage\"},\"image\":{\"@id\":\"https:\/\/www.gaveanews.com\/index.php\/2025\/01\/25\/vitoria-sonda-situacao-de-jogador-do-bahia\/#primaryimage\"},\"thumbnailUrl\":\"https:\/\/www.gaveanews.com\/wp-content\/uploads\/Vitoria-EC.webp\",\"datePublished\":\"2025-01-26T01:25:00+00:00\",\"author\":{\"@id\":\"https:\/\/www.gaveanews.com\/#\/schema\/person\/f42654babcd2b2014a1a65af82b081f1\"},\"breadcrumb\":{\"@id\":\"https:\/\/www.gaveanews.com\/index.php\/2025\/01\/25\/vitoria-sonda-situacao-de-jogador-do-bahia\/#breadcrumb\"},\"inLanguage\":\"pt-BR\",\"potentialAction\":[{\"@type\":\"ReadAction\",\"target\":[\"https:\/\/www.gaveanews.com\/index.php\/2025\/01\/25\/vitoria-sonda-situacao-de-jogador-do-bahia\/\"]}]},{\"@type\":\"ImageObject\",\"inLanguage\":\"pt-BR\",\"@id\":\"https:\/\/www.gaveanews.com\/index.php\/2025\/01\/25\/vitoria-sonda-situacao-de-jogador-do-bahia\/#primaryimage\",\"url\":\"https:\/\/www.gaveanews.com\/wp-content\/uploads\/Vitoria-EC.webp\",\"contentUrl\":\"https:\/\/www.gaveanews.com\/wp-content\/uploads\/Vitoria-EC.webp\",\"width\":1024,\"height\":576,\"caption\":\"Vit\u00f3ria EC (Foto: Twitter Vit\u00f3ria)\"},{\"@type\":\"BreadcrumbList\",\"@id\":\"https:\/\/www.gaveanews.com\/index.php\/2025\/01\/25\/vitoria-sonda-situacao-de-jogador-do-bahia\/#breadcrumb\",\"itemListElement\":[{\"@type\":\"ListItem\",\"position\":1,\"name\":\"Home\",\"item\":\"https:\/\/www.gaveanews.com\/\"},{\"@type\":\"ListItem\",\"position\":2,\"name\":\"Vit\u00f3ria sonda situa\u00e7\u00e3o de jogador do Bahia\"}]},{\"@type\":\"WebSite\",\"@id\":\"https:\/\/www.gaveanews.com\/#website\",\"url\":\"https:\/\/www.gaveanews.com\/\",\"name\":\"G\u00e1vea News\",\"description\":\"Veja todas as not\u00edcias sobre o Flamengo: Contrata\u00e7\u00f5es, categorias de base, resultados das partidas, tabela de classifica\u00e7\u00e3o, pr\u00f3ximos jogos!\",\"potentialAction\":[{\"@type\":\"SearchAction\",\"target\":{\"@type\":\"EntryPoint\",\"urlTemplate\":\"https:\/\/www.gaveanews.com\/?s={search_term_string}\"},\"query-input\":{\"@type\":\"PropertyValueSpecification\",\"valueRequired\":true,\"valueName\":\"search_term_string\"}}],\"inLanguage\":\"pt-BR\"},{\"@type\":\"Person\",\"@id\":\"https:\/\/www.gaveanews.com\/#\/schema\/person\/f42654babcd2b2014a1a65af82b081f1\",\"name\":\"Geovanna Thomaz\",\"image\":{\"@type\":\"ImageObject\",\"inLanguage\":\"pt-BR\",\"@id\":\"https:\/\/www.gaveanews.com\/#\/schema\/person\/image\/\",\"url\":\"https:\/\/secure.gravatar.com\/avatar\/4092073255489533afb558984b49b64268c47198af8623cc82a925ae9fb7118a?s=96&d=mm&r=g\",\"contentUrl\":\"https:\/\/secure.gravatar.com\/avatar\/4092073255489533afb558984b49b64268c47198af8623cc82a925ae9fb7118a?s=96&d=mm&r=g\",\"caption\":\"Geovanna Thomaz\"}}]}<\/script>\n<!-- \/ Yoast SEO Premium plugin. -->","yoast_head_json":{"title":"Vit\u00f3ria sonda situa\u00e7\u00e3o de jogador do Bahia","robots":{"index":"index","follow":"follow","max-snippet":"max-snippet:-1","max-image-preview":"max-image-preview:large","max-video-preview":"max-video-preview:-1"},"canonical":"https:\/\/www.gaveanews.com\/index.php\/2025\/01\/25\/vitoria-sonda-situacao-de-jogador-do-bahia\/","og_locale":"pt_BR","og_type":"article","og_title":"Vit\u00f3ria sonda situa\u00e7\u00e3o de jogador do Bahia","og_description":"Vit\u00f3ria sonda Everaldo, do Bahia, e estuda proposta antes do cl\u00e1ssico Ba-Vi 500 O Ba-Vi 500 ser\u00e1 disputado apenas no pr\u00f3ximo s\u00e1bado, mas os bastidores do cl\u00e1ssico j\u00e1 est\u00e3o movimentados. O Vit\u00f3ria realizou uma sondagem pelo atacante Everaldo, do Bahia, e analisa a possibilidade de formalizar uma proposta ao rival. A poss\u00edvel negocia\u00e7\u00e3o envolve valores [&hellip;]","og_url":"https:\/\/www.gaveanews.com\/index.php\/2025\/01\/25\/vitoria-sonda-situacao-de-jogador-do-bahia\/","og_site_name":"G\u00e1vea News","article_publisher":"https:\/\/facebook.com\/gaveaNews\/","article_published_time":"2025-01-26T01:25:00+00:00","og_image":[{"width":1024,"height":576,"url":"https:\/\/www.gaveanews.com\/wp-content\/uploads\/Vitoria-EC.webp","type":"image\/jpeg"}],"author":"Geovanna Thomaz","twitter_card":"summary_large_image","twitter_misc":{"Escrito por":"Geovanna Thomaz","Est. tempo de leitura":"3 minutos"},"schema":{"@context":"https:\/\/schema.org","@graph":[{"@type":"NewsArticle","@id":"https:\/\/www.gaveanews.com\/index.php\/2025\/01\/25\/vitoria-sonda-situacao-de-jogador-do-bahia\/#article","isPartOf":{"@id":"https:\/\/www.gaveanews.com\/index.php\/2025\/01\/25\/vitoria-sonda-situacao-de-jogador-do-bahia\/"},"author":{"name":"Geovanna Thomaz","@id":"https:\/\/www.gaveanews.com\/#\/schema\/person\/f42654babcd2b2014a1a65af82b081f1"},"headline":"Vit\u00f3ria sonda situa\u00e7\u00e3o de jogador do Bahia","datePublished":"2025-01-26T01:25:00+00:00","mainEntityOfPage":{"@id":"https:\/\/www.gaveanews.com\/index.php\/2025\/01\/25\/vitoria-sonda-situacao-de-jogador-do-bahia\/"},"wordCount":411,"commentCount":0,"image":{"@id":"https:\/\/www.gaveanews.com\/index.php\/2025\/01\/25\/vitoria-sonda-situacao-de-jogador-do-bahia\/#primaryimage"},"thumbnailUrl":"https:\/\/www.gaveanews.com\/wp-content\/uploads\/Vitoria-EC.webp","articleSection":["Bahia","Vit\u00f3ria"],"inLanguage":"pt-BR","potentialAction":[{"@type":"CommentAction","name":"Comment","target":["https:\/\/www.gaveanews.com\/index.php\/2025\/01\/25\/vitoria-sonda-situacao-de-jogador-do-bahia\/#respond"]}],"copyrightYear":"2025","copyrightHolder":{"@id":"https:\/\/www.gaveanews.com\/#organization"}},{"@type":"WebPage","@id":"https:\/\/www.gaveanews.com\/index.php\/2025\/01\/25\/vitoria-sonda-situacao-de-jogador-do-bahia\/","url":"https:\/\/www.gaveanews.com\/index.php\/2025\/01\/25\/vitoria-sonda-situacao-de-jogador-do-bahia\/","name":"Vit\u00f3ria sonda situa\u00e7\u00e3o de jogador do Bahia","isPartOf":{"@id":"https:\/\/www.gaveanews.com\/#website"},"primaryImageOfPage":{"@id":"https:\/\/www.gaveanews.com\/index.php\/2025\/01\/25\/vitoria-sonda-situacao-de-jogador-do-bahia\/#primaryimage"},"image":{"@id":"https:\/\/www.gaveanews.com\/index.php\/2025\/01\/25\/vitoria-sonda-situacao-de-jogador-do-bahia\/#primaryimage"},"thumbnailUrl":"https:\/\/www.gaveanews.com\/wp-content\/uploads\/Vitoria-EC.webp","datePublished":"2025-01-26T01:25:00+00:00","author":{"@id":"https:\/\/www.gaveanews.com\/#\/schema\/person\/f42654babcd2b2014a1a65af82b081f1"},"breadcrumb":{"@id":"https:\/\/www.gaveanews.com\/index.php\/2025\/01\/25\/vitoria-sonda-situacao-de-jogador-do-bahia\/#breadcrumb"},"inLanguage":"pt-BR","potentialAction":[{"@type":"ReadAction","target":["https:\/\/www.gaveanews.com\/index.php\/2025\/01\/25\/vitoria-sonda-situacao-de-jogador-do-bahia\/"]}]},{"@type":"ImageObject","inLanguage":"pt-BR","@id":"https:\/\/www.gaveanews.com\/index.php\/2025\/01\/25\/vitoria-sonda-situacao-de-jogador-do-bahia\/#primaryimage","url":"https:\/\/www.gaveanews.com\/wp-content\/uploads\/Vitoria-EC.webp","contentUrl":"https:\/\/www.gaveanews.com\/wp-content\/uploads\/Vitoria-EC.webp","width":1024,"height":576,"caption":"Vit\u00f3ria EC (Foto: Twitter Vit\u00f3ria)"},{"@type":"BreadcrumbList","@id":"https:\/\/www.gaveanews.com\/index.php\/2025\/01\/25\/vitoria-sonda-situacao-de-jogador-do-bahia\/#breadcrumb","itemListElement":[{"@type":"ListItem","position":1,"name":"Home","item":"https:\/\/www.gaveanews.com\/"},{"@type":"ListItem","position":2,"name":"Vit\u00f3ria sonda situa\u00e7\u00e3o de jogador do Bahia"}]},{"@type":"WebSite","@id":"https:\/\/www.gaveanews.com\/#website","url":"https:\/\/www.gaveanews.com\/","name":"G\u00e1vea News","description":"Veja todas as not\u00edcias sobre o Flamengo: Contrata\u00e7\u00f5es, categorias de base, resultados das partidas, tabela de classifica\u00e7\u00e3o, pr\u00f3ximos jogos!","potentialAction":[{"@type":"SearchAction","target":{"@type":"EntryPoint","urlTemplate":"https:\/\/www.gaveanews.com\/?s={search_term_string}"},"query-input":{"@type":"PropertyValueSpecification","valueRequired":true,"valueName":"search_term_string"}}],"inLanguage":"pt-BR"},{"@type":"Person","@id":"https:\/\/www.gaveanews.com\/#\/schema\/person\/f42654babcd2b2014a1a65af82b081f1","name":"Geovanna Thomaz","image":{"@type":"ImageObject","inLanguage":"pt-BR","@id":"https:\/\/www.gaveanews.com\/#\/schema\/person\/image\/","url":"https:\/\/secure.gravatar.com\/avatar\/4092073255489533afb558984b49b64268c47198af8623cc82a925ae9fb7118a?s=96&d=mm&r=g","contentUrl":"https:\/\/secure.gravatar.com\/avatar\/4092073255489533afb558984b49b64268c47198af8623cc82a925ae9fb7118a?s=96&d=mm&r=g","caption":"Geovanna Thomaz"}}]}},"_links":{"self":[{"href":"https:\/\/www.gaveanews.com\/index.php\/wp-json\/wp\/v2\/posts\/218013","targetHints":{"allow":["GET"]}}],"collection":[{"href":"https:\/\/www.gaveanews.com\/index.php\/wp-json\/wp\/v2\/posts"}],"about":[{"href":"https:\/\/www.gaveanews.com\/index.php\/wp-json\/wp\/v2\/types\/post"}],"author":[{"embeddable":true,"href":"https:\/\/www.gaveanews.com\/index.php\/wp-json\/wp\/v2\/users\/17"}],"replies":[{"embeddable":true,"href":"https:\/\/www.gaveanews.com\/index.php\/wp-json\/wp\/v2\/comments?post=218013"}],"version-history":[{"count":1,"href":"https:\/\/www.gaveanews.com\/index.php\/wp-json\/wp\/v2\/posts\/218013\/revisions"}],"predecessor-version":[{"id":218014,"href":"https:\/\/www.gaveanews.com\/index.php\/wp-json\/wp\/v2\/posts\/218013\/revisions\/218014"}],"wp:featuredmedia":[{"embeddable":true,"href":"https:\/\/www.gaveanews.com\/index.php\/wp-json\/wp\/v2\/media\/197944"}],"wp:attachment":[{"href":"https:\/\/www.gaveanews.com\/index.php\/wp-json\/wp\/v2\/media?parent=218013"}],"wp:term":[{"taxonomy":"category","embeddable":true,"href":"https:\/\/www.gaveanews.com\/index.php\/wp-json\/wp\/v2\/categories?post=218013"},{"taxonomy":"post_tag","embeddable":true,"href":"https:\/\/www.gaveanews.com\/index.php\/wp-json\/wp\/v2\/tags?post=218013"}],"curies":[{"name":"wp","href":"https:\/\/api.w.org\/{rel}","templated":true}]}}