{"id":218032,"date":"2025-01-25T23:15:00","date_gmt":"2025-01-26T02:15:00","guid":{"rendered":"https:\/\/www.gaveanews.com\/?p=218032"},"modified":"2025-01-25T22:35:37","modified_gmt":"2025-01-26T01:35:37","slug":"sao-paulo-casares-e-sincero-sobre-contratacao-de-novo-reforco","status":"publish","type":"post","link":"https:\/\/www.gaveanews.com\/index.php\/2025\/01\/25\/sao-paulo-casares-e-sincero-sobre-contratacao-de-novo-reforco\/","title":{"rendered":"S\u00e3o Paulo: Casares \u00e9 sincero sobre contrata\u00e7\u00e3o de novo refor\u00e7o"},"content":{"rendered":"\n<h2 class=\"wp-block-heading\" id=\"h-sao-paulo-pode-contratar-cedric-soares-para-testar-seu-condicionamento-fisico\">S\u00e3o Paulo pode contratar C\u00e9dric Soares para testar seu condicionamento f\u00edsico<\/h2>\n\n\n\n<p>O presidente do S\u00e3o Paulo, Julio Casares, confirmou neste s\u00e1bado que o clube est\u00e1 avaliando a possibilidade de oferecer um contrato ao lateral-direito portugu\u00eas C\u00e9dric Soares, que est\u00e1 treinando no CT da Barra Funda para recuperar o seu condicionamento f\u00edsico. Casares explicou que o jogador, com renome internacional, procurou o Tricolor para tentar retomar sua forma f\u00edsica, e que a negocia\u00e7\u00e3o ainda est\u00e1 em fase de an\u00e1lise. O dirigente afirmou que a possibilidade de um contrato depende do desempenho de C\u00e9dric durante esse per\u00edodo de testes.<\/p>\n\n\n\n<p>\u201cC\u00e9dric \u00e9 um jogador de renome internacional, nos procurou para tentar ter novamente um condicionamento f\u00edsico. N\u00f3s vamos abra\u00e7\u00e1-lo, sim. Se ficar\u00e1 ou n\u00e3o \u00e9 um trabalho que vai ser discutido\u201d, declarou o presidente, ap\u00f3s a conquista da Copinha no Pacaembu.<\/p>\n\n\n\n<p>C\u00e9dric Soares est\u00e1 livre no mercado desde sua sa\u00edda do Arsenal, onde permaneceu at\u00e9 o final da temporada europeia de 2023\/2024. O lateral n\u00e3o entra em campo desde mar\u00e7o, quando jogou apenas 25 minutos na vit\u00f3ria por 6 a 0 sobre o Sheffield United. O longo per\u00edodo sem atuar levanta preocupa\u00e7\u00f5es, mas o S\u00e3o Paulo v\u00ea a situa\u00e7\u00e3o com bons olhos, considerando um contrato curto para o jogador, com o objetivo de avali\u00e1-lo sem grandes riscos. O t\u00e9cnico Luis Zubeld\u00eda, inclusive, aprova a chegada do atleta, vendo nele a experi\u00eancia necess\u00e1ria para somar ao elenco.<\/p>\n\n\n\n<p>\u201cPrecisamos ter um time com experi\u00eancia. Ele tem experi\u00eancia internacional e pode ajudar muito. Acho que vai somar\u201d, destacou Casares, reafirmando a import\u00e2ncia de um jogador com bagagem para agregar \u00e0 equipe.<\/p>\n\n\n\n<p>O movimento do S\u00e3o Paulo lembra a contrata\u00e7\u00e3o do zagueiro Sabino, que tamb\u00e9m estava sem clube ap\u00f3s deixar o Sport, mas que mostrou evolu\u00e7\u00e3o e renovou seu contrato com o Tricolor ap\u00f3s uma temporada de crescimento. Sabino at\u00e9 conquistou a titularidade no decorrer de 2024.<\/p>\n\n\n\n<p>A busca por um lateral-direito para disputar posi\u00e7\u00e3o com Igor Vin\u00edcius e Moreira j\u00e1 era uma prioridade do clube desde o fim da temporada passada, especialmente ap\u00f3s a sa\u00edda de Rafinha para o Coritiba. C\u00e9dric, de 33 anos, aparece como uma op\u00e7\u00e3o para suprir essa lacuna na equipe, embora a contrata\u00e7\u00e3o ainda dependa de como ele se adaptar\u00e1 ao ritmo de jogo do futebol brasileiro e ao exigido pelo S\u00e3o Paulo.<\/p>\n","protected":false},"excerpt":{"rendered":"<p>S\u00e3o Paulo pode contratar C\u00e9dric Soares para testar seu condicionamento f\u00edsico O presidente do S\u00e3o Paulo, Julio Casares, confirmou neste s\u00e1bado que o clube est\u00e1 avaliando a possibilidade de oferecer um contrato ao lateral-direito portugu\u00eas C\u00e9dric Soares, que est\u00e1 treinando no CT da Barra Funda para recuperar o seu condicionamento f\u00edsico. Casares explicou que o [&hellip;]<\/p>\n","protected":false},"author":17,"featured_media":148896,"comment_status":"open","ping_status":"closed","sticky":false,"template":"","format":"standard","meta":{"footnotes":""},"categories":[151],"tags":[],"class_list":["post-218032","post","type-post","status-publish","format-standard","has-post-thumbnail","hentry","category-sao-paulo"],"yoast_head":"<!-- This site is optimized with the Yoast SEO Premium plugin v24.2 (Yoast SEO v26.9) - https:\/\/yoast.com\/product\/yoast-seo-premium-wordpress\/ -->\n<title>S\u00e3o Paulo: Casares \u00e9 sincero sobre contrata\u00e7\u00e3o de novo refor\u00e7o<\/title>\n<meta name=\"robots\" content=\"index, follow, max-snippet:-1, max-image-preview:large, max-video-preview:-1\" \/>\n<link rel=\"canonical\" href=\"https:\/\/www.gaveanews.com\/index.php\/2025\/01\/25\/sao-paulo-casares-e-sincero-sobre-contratacao-de-novo-reforco\/\" \/>\n<meta property=\"og:locale\" content=\"pt_BR\" \/>\n<meta property=\"og:type\" content=\"article\" \/>\n<meta property=\"og:title\" content=\"S\u00e3o Paulo: Casares \u00e9 sincero sobre contrata\u00e7\u00e3o de novo refor\u00e7o\" \/>\n<meta property=\"og:description\" content=\"S\u00e3o Paulo pode contratar C\u00e9dric Soares para testar seu condicionamento f\u00edsico O presidente do S\u00e3o Paulo, Julio Casares, confirmou neste s\u00e1bado que o clube est\u00e1 avaliando a possibilidade de oferecer um contrato ao lateral-direito portugu\u00eas C\u00e9dric Soares, que est\u00e1 treinando no CT da Barra Funda para recuperar o seu condicionamento f\u00edsico. Casares explicou que o [&hellip;]\" \/>\n<meta property=\"og:url\" content=\"https:\/\/www.gaveanews.com\/index.php\/2025\/01\/25\/sao-paulo-casares-e-sincero-sobre-contratacao-de-novo-reforco\/\" \/>\n<meta property=\"og:site_name\" content=\"G\u00e1vea News\" \/>\n<meta property=\"article:publisher\" content=\"https:\/\/facebook.com\/gaveaNews\/\" \/>\n<meta property=\"article:published_time\" content=\"2025-01-26T02:15:00+00:00\" \/>\n<meta property=\"og:image\" content=\"https:\/\/www.gaveanews.com\/wp-content\/uploads\/Casares-durante-entrevista-para-a-ESPN.webp\" \/>\n\t<meta property=\"og:image:width\" content=\"900\" \/>\n\t<meta property=\"og:image:height\" content=\"475\" \/>\n\t<meta property=\"og:image:type\" content=\"image\/png\" \/>\n<meta name=\"author\" content=\"Geovanna Thomaz\" \/>\n<meta name=\"twitter:card\" content=\"summary_large_image\" \/>\n<meta name=\"twitter:label1\" content=\"Escrito por\" \/>\n\t<meta name=\"twitter:data1\" content=\"Geovanna Thomaz\" \/>\n\t<meta name=\"twitter:label2\" content=\"Est. tempo de leitura\" \/>\n\t<meta name=\"twitter:data2\" content=\"3 minutos\" \/>\n<script type=\"application\/ld+json\" class=\"yoast-schema-graph\">{\"@context\":\"https:\/\/schema.org\",\"@graph\":[{\"@type\":\"NewsArticle\",\"@id\":\"https:\/\/www.gaveanews.com\/index.php\/2025\/01\/25\/sao-paulo-casares-e-sincero-sobre-contratacao-de-novo-reforco\/#article\",\"isPartOf\":{\"@id\":\"https:\/\/www.gaveanews.com\/index.php\/2025\/01\/25\/sao-paulo-casares-e-sincero-sobre-contratacao-de-novo-reforco\/\"},\"author\":{\"name\":\"Geovanna Thomaz\",\"@id\":\"https:\/\/www.gaveanews.com\/#\/schema\/person\/f42654babcd2b2014a1a65af82b081f1\"},\"headline\":\"S\u00e3o Paulo: Casares \u00e9 sincero sobre contrata\u00e7\u00e3o de novo refor\u00e7o\",\"datePublished\":\"2025-01-26T02:15:00+00:00\",\"mainEntityOfPage\":{\"@id\":\"https:\/\/www.gaveanews.com\/index.php\/2025\/01\/25\/sao-paulo-casares-e-sincero-sobre-contratacao-de-novo-reforco\/\"},\"wordCount\":434,\"commentCount\":0,\"image\":{\"@id\":\"https:\/\/www.gaveanews.com\/index.php\/2025\/01\/25\/sao-paulo-casares-e-sincero-sobre-contratacao-de-novo-reforco\/#primaryimage\"},\"thumbnailUrl\":\"https:\/\/www.gaveanews.com\/wp-content\/uploads\/Casares-durante-entrevista-para-a-ESPN.webp\",\"articleSection\":[\"S\u00e3o Paulo\"],\"inLanguage\":\"pt-BR\",\"potentialAction\":[{\"@type\":\"CommentAction\",\"name\":\"Comment\",\"target\":[\"https:\/\/www.gaveanews.com\/index.php\/2025\/01\/25\/sao-paulo-casares-e-sincero-sobre-contratacao-de-novo-reforco\/#respond\"]}],\"copyrightYear\":\"2025\",\"copyrightHolder\":{\"@id\":\"https:\/\/www.gaveanews.com\/#organization\"}},{\"@type\":\"WebPage\",\"@id\":\"https:\/\/www.gaveanews.com\/index.php\/2025\/01\/25\/sao-paulo-casares-e-sincero-sobre-contratacao-de-novo-reforco\/\",\"url\":\"https:\/\/www.gaveanews.com\/index.php\/2025\/01\/25\/sao-paulo-casares-e-sincero-sobre-contratacao-de-novo-reforco\/\",\"name\":\"S\u00e3o Paulo: Casares \u00e9 sincero sobre contrata\u00e7\u00e3o de novo refor\u00e7o\",\"isPartOf\":{\"@id\":\"https:\/\/www.gaveanews.com\/#website\"},\"primaryImageOfPage\":{\"@id\":\"https:\/\/www.gaveanews.com\/index.php\/2025\/01\/25\/sao-paulo-casares-e-sincero-sobre-contratacao-de-novo-reforco\/#primaryimage\"},\"image\":{\"@id\":\"https:\/\/www.gaveanews.com\/index.php\/2025\/01\/25\/sao-paulo-casares-e-sincero-sobre-contratacao-de-novo-reforco\/#primaryimage\"},\"thumbnailUrl\":\"https:\/\/www.gaveanews.com\/wp-content\/uploads\/Casares-durante-entrevista-para-a-ESPN.webp\",\"datePublished\":\"2025-01-26T02:15:00+00:00\",\"author\":{\"@id\":\"https:\/\/www.gaveanews.com\/#\/schema\/person\/f42654babcd2b2014a1a65af82b081f1\"},\"breadcrumb\":{\"@id\":\"https:\/\/www.gaveanews.com\/index.php\/2025\/01\/25\/sao-paulo-casares-e-sincero-sobre-contratacao-de-novo-reforco\/#breadcrumb\"},\"inLanguage\":\"pt-BR\",\"potentialAction\":[{\"@type\":\"ReadAction\",\"target\":[\"https:\/\/www.gaveanews.com\/index.php\/2025\/01\/25\/sao-paulo-casares-e-sincero-sobre-contratacao-de-novo-reforco\/\"]}]},{\"@type\":\"ImageObject\",\"inLanguage\":\"pt-BR\",\"@id\":\"https:\/\/www.gaveanews.com\/index.php\/2025\/01\/25\/sao-paulo-casares-e-sincero-sobre-contratacao-de-novo-reforco\/#primaryimage\",\"url\":\"https:\/\/www.gaveanews.com\/wp-content\/uploads\/Casares-durante-entrevista-para-a-ESPN.webp\",\"contentUrl\":\"https:\/\/www.gaveanews.com\/wp-content\/uploads\/Casares-durante-entrevista-para-a-ESPN.webp\",\"width\":900,\"height\":475,\"caption\":\"Casares, presidente do S\u00e3o Paulo, durante entrevista para a ESPN (Foto: Reprodu\u00e7\u00e3o\/ESPN)\"},{\"@type\":\"BreadcrumbList\",\"@id\":\"https:\/\/www.gaveanews.com\/index.php\/2025\/01\/25\/sao-paulo-casares-e-sincero-sobre-contratacao-de-novo-reforco\/#breadcrumb\",\"itemListElement\":[{\"@type\":\"ListItem\",\"position\":1,\"name\":\"Home\",\"item\":\"https:\/\/www.gaveanews.com\/\"},{\"@type\":\"ListItem\",\"position\":2,\"name\":\"S\u00e3o Paulo: Casares \u00e9 sincero sobre contrata\u00e7\u00e3o de novo refor\u00e7o\"}]},{\"@type\":\"WebSite\",\"@id\":\"https:\/\/www.gaveanews.com\/#website\",\"url\":\"https:\/\/www.gaveanews.com\/\",\"name\":\"G\u00e1vea News\",\"description\":\"Veja todas as not\u00edcias sobre o Flamengo: Contrata\u00e7\u00f5es, categorias de base, resultados das partidas, tabela de classifica\u00e7\u00e3o, pr\u00f3ximos jogos!\",\"potentialAction\":[{\"@type\":\"SearchAction\",\"target\":{\"@type\":\"EntryPoint\",\"urlTemplate\":\"https:\/\/www.gaveanews.com\/?s={search_term_string}\"},\"query-input\":{\"@type\":\"PropertyValueSpecification\",\"valueRequired\":true,\"valueName\":\"search_term_string\"}}],\"inLanguage\":\"pt-BR\"},{\"@type\":\"Person\",\"@id\":\"https:\/\/www.gaveanews.com\/#\/schema\/person\/f42654babcd2b2014a1a65af82b081f1\",\"name\":\"Geovanna Thomaz\",\"image\":{\"@type\":\"ImageObject\",\"inLanguage\":\"pt-BR\",\"@id\":\"https:\/\/www.gaveanews.com\/#\/schema\/person\/image\/\",\"url\":\"https:\/\/secure.gravatar.com\/avatar\/4092073255489533afb558984b49b64268c47198af8623cc82a925ae9fb7118a?s=96&d=mm&r=g\",\"contentUrl\":\"https:\/\/secure.gravatar.com\/avatar\/4092073255489533afb558984b49b64268c47198af8623cc82a925ae9fb7118a?s=96&d=mm&r=g\",\"caption\":\"Geovanna Thomaz\"}}]}<\/script>\n<!-- \/ Yoast SEO Premium plugin. -->","yoast_head_json":{"title":"S\u00e3o Paulo: Casares \u00e9 sincero sobre contrata\u00e7\u00e3o de novo refor\u00e7o","robots":{"index":"index","follow":"follow","max-snippet":"max-snippet:-1","max-image-preview":"max-image-preview:large","max-video-preview":"max-video-preview:-1"},"canonical":"https:\/\/www.gaveanews.com\/index.php\/2025\/01\/25\/sao-paulo-casares-e-sincero-sobre-contratacao-de-novo-reforco\/","og_locale":"pt_BR","og_type":"article","og_title":"S\u00e3o Paulo: Casares \u00e9 sincero sobre contrata\u00e7\u00e3o de novo refor\u00e7o","og_description":"S\u00e3o Paulo pode contratar C\u00e9dric Soares para testar seu condicionamento f\u00edsico O presidente do S\u00e3o Paulo, Julio Casares, confirmou neste s\u00e1bado que o clube est\u00e1 avaliando a possibilidade de oferecer um contrato ao lateral-direito portugu\u00eas C\u00e9dric Soares, que est\u00e1 treinando no CT da Barra Funda para recuperar o seu condicionamento f\u00edsico. Casares explicou que o [&hellip;]","og_url":"https:\/\/www.gaveanews.com\/index.php\/2025\/01\/25\/sao-paulo-casares-e-sincero-sobre-contratacao-de-novo-reforco\/","og_site_name":"G\u00e1vea News","article_publisher":"https:\/\/facebook.com\/gaveaNews\/","article_published_time":"2025-01-26T02:15:00+00:00","og_image":[{"width":900,"height":475,"url":"https:\/\/www.gaveanews.com\/wp-content\/uploads\/Casares-durante-entrevista-para-a-ESPN.webp","type":"image\/png"}],"author":"Geovanna Thomaz","twitter_card":"summary_large_image","twitter_misc":{"Escrito por":"Geovanna Thomaz","Est. tempo de leitura":"3 minutos"},"schema":{"@context":"https:\/\/schema.org","@graph":[{"@type":"NewsArticle","@id":"https:\/\/www.gaveanews.com\/index.php\/2025\/01\/25\/sao-paulo-casares-e-sincero-sobre-contratacao-de-novo-reforco\/#article","isPartOf":{"@id":"https:\/\/www.gaveanews.com\/index.php\/2025\/01\/25\/sao-paulo-casares-e-sincero-sobre-contratacao-de-novo-reforco\/"},"author":{"name":"Geovanna Thomaz","@id":"https:\/\/www.gaveanews.com\/#\/schema\/person\/f42654babcd2b2014a1a65af82b081f1"},"headline":"S\u00e3o Paulo: Casares \u00e9 sincero sobre contrata\u00e7\u00e3o de novo refor\u00e7o","datePublished":"2025-01-26T02:15:00+00:00","mainEntityOfPage":{"@id":"https:\/\/www.gaveanews.com\/index.php\/2025\/01\/25\/sao-paulo-casares-e-sincero-sobre-contratacao-de-novo-reforco\/"},"wordCount":434,"commentCount":0,"image":{"@id":"https:\/\/www.gaveanews.com\/index.php\/2025\/01\/25\/sao-paulo-casares-e-sincero-sobre-contratacao-de-novo-reforco\/#primaryimage"},"thumbnailUrl":"https:\/\/www.gaveanews.com\/wp-content\/uploads\/Casares-durante-entrevista-para-a-ESPN.webp","articleSection":["S\u00e3o Paulo"],"inLanguage":"pt-BR","potentialAction":[{"@type":"CommentAction","name":"Comment","target":["https:\/\/www.gaveanews.com\/index.php\/2025\/01\/25\/sao-paulo-casares-e-sincero-sobre-contratacao-de-novo-reforco\/#respond"]}],"copyrightYear":"2025","copyrightHolder":{"@id":"https:\/\/www.gaveanews.com\/#organization"}},{"@type":"WebPage","@id":"https:\/\/www.gaveanews.com\/index.php\/2025\/01\/25\/sao-paulo-casares-e-sincero-sobre-contratacao-de-novo-reforco\/","url":"https:\/\/www.gaveanews.com\/index.php\/2025\/01\/25\/sao-paulo-casares-e-sincero-sobre-contratacao-de-novo-reforco\/","name":"S\u00e3o Paulo: Casares \u00e9 sincero sobre contrata\u00e7\u00e3o de novo refor\u00e7o","isPartOf":{"@id":"https:\/\/www.gaveanews.com\/#website"},"primaryImageOfPage":{"@id":"https:\/\/www.gaveanews.com\/index.php\/2025\/01\/25\/sao-paulo-casares-e-sincero-sobre-contratacao-de-novo-reforco\/#primaryimage"},"image":{"@id":"https:\/\/www.gaveanews.com\/index.php\/2025\/01\/25\/sao-paulo-casares-e-sincero-sobre-contratacao-de-novo-reforco\/#primaryimage"},"thumbnailUrl":"https:\/\/www.gaveanews.com\/wp-content\/uploads\/Casares-durante-entrevista-para-a-ESPN.webp","datePublished":"2025-01-26T02:15:00+00:00","author":{"@id":"https:\/\/www.gaveanews.com\/#\/schema\/person\/f42654babcd2b2014a1a65af82b081f1"},"breadcrumb":{"@id":"https:\/\/www.gaveanews.com\/index.php\/2025\/01\/25\/sao-paulo-casares-e-sincero-sobre-contratacao-de-novo-reforco\/#breadcrumb"},"inLanguage":"pt-BR","potentialAction":[{"@type":"ReadAction","target":["https:\/\/www.gaveanews.com\/index.php\/2025\/01\/25\/sao-paulo-casares-e-sincero-sobre-contratacao-de-novo-reforco\/"]}]},{"@type":"ImageObject","inLanguage":"pt-BR","@id":"https:\/\/www.gaveanews.com\/index.php\/2025\/01\/25\/sao-paulo-casares-e-sincero-sobre-contratacao-de-novo-reforco\/#primaryimage","url":"https:\/\/www.gaveanews.com\/wp-content\/uploads\/Casares-durante-entrevista-para-a-ESPN.webp","contentUrl":"https:\/\/www.gaveanews.com\/wp-content\/uploads\/Casares-durante-entrevista-para-a-ESPN.webp","width":900,"height":475,"caption":"Casares, presidente do S\u00e3o Paulo, durante entrevista para a ESPN (Foto: Reprodu\u00e7\u00e3o\/ESPN)"},{"@type":"BreadcrumbList","@id":"https:\/\/www.gaveanews.com\/index.php\/2025\/01\/25\/sao-paulo-casares-e-sincero-sobre-contratacao-de-novo-reforco\/#breadcrumb","itemListElement":[{"@type":"ListItem","position":1,"name":"Home","item":"https:\/\/www.gaveanews.com\/"},{"@type":"ListItem","position":2,"name":"S\u00e3o Paulo: Casares \u00e9 sincero sobre contrata\u00e7\u00e3o de novo refor\u00e7o"}]},{"@type":"WebSite","@id":"https:\/\/www.gaveanews.com\/#website","url":"https:\/\/www.gaveanews.com\/","name":"G\u00e1vea News","description":"Veja todas as not\u00edcias sobre o Flamengo: Contrata\u00e7\u00f5es, categorias de base, resultados das partidas, tabela de classifica\u00e7\u00e3o, pr\u00f3ximos jogos!","potentialAction":[{"@type":"SearchAction","target":{"@type":"EntryPoint","urlTemplate":"https:\/\/www.gaveanews.com\/?s={search_term_string}"},"query-input":{"@type":"PropertyValueSpecification","valueRequired":true,"valueName":"search_term_string"}}],"inLanguage":"pt-BR"},{"@type":"Person","@id":"https:\/\/www.gaveanews.com\/#\/schema\/person\/f42654babcd2b2014a1a65af82b081f1","name":"Geovanna Thomaz","image":{"@type":"ImageObject","inLanguage":"pt-BR","@id":"https:\/\/www.gaveanews.com\/#\/schema\/person\/image\/","url":"https:\/\/secure.gravatar.com\/avatar\/4092073255489533afb558984b49b64268c47198af8623cc82a925ae9fb7118a?s=96&d=mm&r=g","contentUrl":"https:\/\/secure.gravatar.com\/avatar\/4092073255489533afb558984b49b64268c47198af8623cc82a925ae9fb7118a?s=96&d=mm&r=g","caption":"Geovanna Thomaz"}}]}},"_links":{"self":[{"href":"https:\/\/www.gaveanews.com\/index.php\/wp-json\/wp\/v2\/posts\/218032","targetHints":{"allow":["GET"]}}],"collection":[{"href":"https:\/\/www.gaveanews.com\/index.php\/wp-json\/wp\/v2\/posts"}],"about":[{"href":"https:\/\/www.gaveanews.com\/index.php\/wp-json\/wp\/v2\/types\/post"}],"author":[{"embeddable":true,"href":"https:\/\/www.gaveanews.com\/index.php\/wp-json\/wp\/v2\/users\/17"}],"replies":[{"embeddable":true,"href":"https:\/\/www.gaveanews.com\/index.php\/wp-json\/wp\/v2\/comments?post=218032"}],"version-history":[{"count":1,"href":"https:\/\/www.gaveanews.com\/index.php\/wp-json\/wp\/v2\/posts\/218032\/revisions"}],"predecessor-version":[{"id":218034,"href":"https:\/\/www.gaveanews.com\/index.php\/wp-json\/wp\/v2\/posts\/218032\/revisions\/218034"}],"wp:featuredmedia":[{"embeddable":true,"href":"https:\/\/www.gaveanews.com\/index.php\/wp-json\/wp\/v2\/media\/148896"}],"wp:attachment":[{"href":"https:\/\/www.gaveanews.com\/index.php\/wp-json\/wp\/v2\/media?parent=218032"}],"wp:term":[{"taxonomy":"category","embeddable":true,"href":"https:\/\/www.gaveanews.com\/index.php\/wp-json\/wp\/v2\/categories?post=218032"},{"taxonomy":"post_tag","embeddable":true,"href":"https:\/\/www.gaveanews.com\/index.php\/wp-json\/wp\/v2\/tags?post=218032"}],"curies":[{"name":"wp","href":"https:\/\/api.w.org\/{rel}","templated":true}]}}