{"id":218063,"date":"2025-01-26T00:20:00","date_gmt":"2025-01-26T03:20:00","guid":{"rendered":"https:\/\/www.gaveanews.com\/?p=218063"},"modified":"2025-01-25T23:55:23","modified_gmt":"2025-01-26T02:55:23","slug":"palmeiras-a-declaracao-de-mayke-sobre-atingir-marca-inedita","status":"publish","type":"post","link":"https:\/\/www.gaveanews.com\/index.php\/2025\/01\/26\/palmeiras-a-declaracao-de-mayke-sobre-atingir-marca-inedita\/","title":{"rendered":"Palmeiras: a declara\u00e7\u00e3o de Mayke sobre atingir marca in\u00e9dita"},"content":{"rendered":"\n<h2 class=\"wp-block-heading\" id=\"h-novorizontino-vence-palmeiras-de-virada-e-conquista-primeira-vitoria-no-paulistao\">Novorizontino vence Palmeiras de virada e conquista primeira vit\u00f3ria no Paulist\u00e3o<\/h2>\n\n\n\n<p>O Novorizontino surpreendeu o Palmeiras neste s\u00e1bado e venceu por 2 a 1, de virada, na Arena Barueri, pela quarta rodada do Campeonato Paulista. O Verd\u00e3o dominou a primeira etapa e abriu o placar com Facundo Torres, mas o Tigre cresceu no segundo tempo e garantiu a vit\u00f3ria com gols de Pablo Dyego, de p\u00eanalti, e Robson.<\/p>\n\n\n\n<p>O resultado marca a primeira vit\u00f3ria do Novorizontino sobre o Palmeiras na hist\u00f3ria. At\u00e9 ent\u00e3o, as equipes haviam se enfrentado nove vezes, com sete triunfos do Verd\u00e3o e dois empates.<\/p>\n\n\n\n<p>O Palmeiras iniciou a partida controlando as a\u00e7\u00f5es e teve maior posse de bola. A equipe de Abel Ferreira abriu o placar aos 21 minutos do primeiro tempo, quando Facundo Torres recebeu passe de Raphael Veiga e finalizou no canto do goleiro Jordi. O time alviverde seguiu com dom\u00ednio e teve chances para ampliar, mas n\u00e3o conseguiu converter as oportunidades criadas.<\/p>\n\n\n\n<p>Ap\u00f3s o intervalo, o Novorizontino voltou com outra postura e passou a pressionar o Palmeiras. O empate veio aos 15 minutos do segundo tempo, quando Pablo Dyego converteu p\u00eanalti ap\u00f3s toque de m\u00e3o de Luan na \u00e1rea. O gol da virada saiu aos 31 minutos, quando Robson aproveitou cruzamento da esquerda e marcou de cabe\u00e7a. O Palmeiras tentou reagir nos minutos finais, mas encontrou dificuldades para furar a defesa do advers\u00e1rio.<\/p>\n\n\n\n<p>Com a derrota, o Palmeiras segue na lideran\u00e7a do Grupo D, com sete pontos, mas pode perder a posi\u00e7\u00e3o no complemento da rodada. J\u00e1 o Novorizontino deixou a lanterna do Grupo C e agora ocupa a segunda coloca\u00e7\u00e3o. O Verd\u00e3o volta a campo na quarta-feira, \u00e0s 19h30, para enfrentar a Inter de Limeira, fora de casa. O Novorizontino joga no mesmo dia, \u00e0s 21h30, contra o Ituano, em Novo Horizonte.<\/p>\n\n\n\n<p>O lateral-direito Mayke completou 300 jogos pelo Palmeiras e analisou a atua\u00e7\u00e3o da equipe. O jogador lamentou a derrota e destacou o desempenho no primeiro tempo, mas reconheceu que o time n\u00e3o conseguiu manter o ritmo na etapa final. Para ele, a equipe ainda est\u00e1 em fase de crescimento na temporada e vai evoluir nos pr\u00f3ximos jogos.<\/p>\n\n\n\n<p>&#8220;Fico feliz por ter feito 300 jogos por um grande clube, minha oitava temporada. Fiquei triste pela derrota, primeiro tempo conseguimos impor nosso ritmo e pecamos no \u00faltimo passe. No segundo tempo, n\u00e3o conseguimos fazer o esperado. Estamos no come\u00e7o de uma temporada, vamos dar muitas alegrias ainda&#8221;, disse Mayke. <\/p>\n","protected":false},"excerpt":{"rendered":"<p>Novorizontino vence Palmeiras de virada e conquista primeira vit\u00f3ria no Paulist\u00e3o O Novorizontino surpreendeu o Palmeiras neste s\u00e1bado e venceu por 2 a 1, de virada, na Arena Barueri, pela quarta rodada do Campeonato Paulista. O Verd\u00e3o dominou a primeira etapa e abriu o placar com Facundo Torres, mas o Tigre cresceu no segundo tempo [&hellip;]<\/p>\n","protected":false},"author":17,"featured_media":171703,"comment_status":"open","ping_status":"closed","sticky":false,"template":"","format":"standard","meta":{"footnotes":""},"categories":[150],"tags":[],"class_list":["post-218063","post","type-post","status-publish","format-standard","has-post-thumbnail","hentry","category-palmeiras"],"yoast_head":"<!-- This site is optimized with the Yoast SEO Premium plugin v24.2 (Yoast SEO v26.9) - https:\/\/yoast.com\/product\/yoast-seo-premium-wordpress\/ -->\n<title>Palmeiras: a declara\u00e7\u00e3o de Mayke sobre atingir marca in\u00e9dita<\/title>\n<meta name=\"robots\" content=\"index, follow, max-snippet:-1, max-image-preview:large, max-video-preview:-1\" \/>\n<link rel=\"canonical\" href=\"https:\/\/www.gaveanews.com\/index.php\/2025\/01\/26\/palmeiras-a-declaracao-de-mayke-sobre-atingir-marca-inedita\/\" \/>\n<meta property=\"og:locale\" content=\"pt_BR\" \/>\n<meta property=\"og:type\" content=\"article\" \/>\n<meta property=\"og:title\" content=\"Palmeiras: a declara\u00e7\u00e3o de Mayke sobre atingir marca in\u00e9dita\" \/>\n<meta property=\"og:description\" content=\"Novorizontino vence Palmeiras de virada e conquista primeira vit\u00f3ria no Paulist\u00e3o O Novorizontino surpreendeu o Palmeiras neste s\u00e1bado e venceu por 2 a 1, de virada, na Arena Barueri, pela quarta rodada do Campeonato Paulista. O Verd\u00e3o dominou a primeira etapa e abriu o placar com Facundo Torres, mas o Tigre cresceu no segundo tempo [&hellip;]\" \/>\n<meta property=\"og:url\" content=\"https:\/\/www.gaveanews.com\/index.php\/2025\/01\/26\/palmeiras-a-declaracao-de-mayke-sobre-atingir-marca-inedita\/\" \/>\n<meta property=\"og:site_name\" content=\"G\u00e1vea News\" \/>\n<meta property=\"article:publisher\" content=\"https:\/\/facebook.com\/gaveaNews\/\" \/>\n<meta property=\"article:published_time\" content=\"2025-01-26T03:20:00+00:00\" \/>\n<meta property=\"og:image\" content=\"https:\/\/www.gaveanews.com\/wp-content\/uploads\/Mayke-em-acao-pelo-Palmeiras.webp\" \/>\n\t<meta property=\"og:image:width\" content=\"1463\" \/>\n\t<meta property=\"og:image:height\" content=\"1000\" \/>\n\t<meta property=\"og:image:type\" content=\"image\/jpeg\" \/>\n<meta name=\"author\" content=\"Geovanna Thomaz\" \/>\n<meta name=\"twitter:card\" content=\"summary_large_image\" \/>\n<meta name=\"twitter:label1\" content=\"Escrito por\" \/>\n\t<meta name=\"twitter:data1\" content=\"Geovanna Thomaz\" \/>\n\t<meta name=\"twitter:label2\" content=\"Est. tempo de leitura\" \/>\n\t<meta name=\"twitter:data2\" content=\"3 minutos\" \/>\n<script type=\"application\/ld+json\" class=\"yoast-schema-graph\">{\"@context\":\"https:\/\/schema.org\",\"@graph\":[{\"@type\":\"NewsArticle\",\"@id\":\"https:\/\/www.gaveanews.com\/index.php\/2025\/01\/26\/palmeiras-a-declaracao-de-mayke-sobre-atingir-marca-inedita\/#article\",\"isPartOf\":{\"@id\":\"https:\/\/www.gaveanews.com\/index.php\/2025\/01\/26\/palmeiras-a-declaracao-de-mayke-sobre-atingir-marca-inedita\/\"},\"author\":{\"name\":\"Geovanna Thomaz\",\"@id\":\"https:\/\/www.gaveanews.com\/#\/schema\/person\/f42654babcd2b2014a1a65af82b081f1\"},\"headline\":\"Palmeiras: a declara\u00e7\u00e3o de Mayke sobre atingir marca in\u00e9dita\",\"datePublished\":\"2025-01-26T03:20:00+00:00\",\"mainEntityOfPage\":{\"@id\":\"https:\/\/www.gaveanews.com\/index.php\/2025\/01\/26\/palmeiras-a-declaracao-de-mayke-sobre-atingir-marca-inedita\/\"},\"wordCount\":439,\"commentCount\":0,\"image\":{\"@id\":\"https:\/\/www.gaveanews.com\/index.php\/2025\/01\/26\/palmeiras-a-declaracao-de-mayke-sobre-atingir-marca-inedita\/#primaryimage\"},\"thumbnailUrl\":\"https:\/\/www.gaveanews.com\/wp-content\/uploads\/Mayke-em-acao-pelo-Palmeiras.webp\",\"articleSection\":[\"Palmeiras\"],\"inLanguage\":\"pt-BR\",\"potentialAction\":[{\"@type\":\"CommentAction\",\"name\":\"Comment\",\"target\":[\"https:\/\/www.gaveanews.com\/index.php\/2025\/01\/26\/palmeiras-a-declaracao-de-mayke-sobre-atingir-marca-inedita\/#respond\"]}],\"copyrightYear\":\"2025\",\"copyrightHolder\":{\"@id\":\"https:\/\/www.gaveanews.com\/#organization\"}},{\"@type\":\"WebPage\",\"@id\":\"https:\/\/www.gaveanews.com\/index.php\/2025\/01\/26\/palmeiras-a-declaracao-de-mayke-sobre-atingir-marca-inedita\/\",\"url\":\"https:\/\/www.gaveanews.com\/index.php\/2025\/01\/26\/palmeiras-a-declaracao-de-mayke-sobre-atingir-marca-inedita\/\",\"name\":\"Palmeiras: a declara\u00e7\u00e3o de Mayke sobre atingir marca in\u00e9dita\",\"isPartOf\":{\"@id\":\"https:\/\/www.gaveanews.com\/#website\"},\"primaryImageOfPage\":{\"@id\":\"https:\/\/www.gaveanews.com\/index.php\/2025\/01\/26\/palmeiras-a-declaracao-de-mayke-sobre-atingir-marca-inedita\/#primaryimage\"},\"image\":{\"@id\":\"https:\/\/www.gaveanews.com\/index.php\/2025\/01\/26\/palmeiras-a-declaracao-de-mayke-sobre-atingir-marca-inedita\/#primaryimage\"},\"thumbnailUrl\":\"https:\/\/www.gaveanews.com\/wp-content\/uploads\/Mayke-em-acao-pelo-Palmeiras.webp\",\"datePublished\":\"2025-01-26T03:20:00+00:00\",\"author\":{\"@id\":\"https:\/\/www.gaveanews.com\/#\/schema\/person\/f42654babcd2b2014a1a65af82b081f1\"},\"breadcrumb\":{\"@id\":\"https:\/\/www.gaveanews.com\/index.php\/2025\/01\/26\/palmeiras-a-declaracao-de-mayke-sobre-atingir-marca-inedita\/#breadcrumb\"},\"inLanguage\":\"pt-BR\",\"potentialAction\":[{\"@type\":\"ReadAction\",\"target\":[\"https:\/\/www.gaveanews.com\/index.php\/2025\/01\/26\/palmeiras-a-declaracao-de-mayke-sobre-atingir-marca-inedita\/\"]}]},{\"@type\":\"ImageObject\",\"inLanguage\":\"pt-BR\",\"@id\":\"https:\/\/www.gaveanews.com\/index.php\/2025\/01\/26\/palmeiras-a-declaracao-de-mayke-sobre-atingir-marca-inedita\/#primaryimage\",\"url\":\"https:\/\/www.gaveanews.com\/wp-content\/uploads\/Mayke-em-acao-pelo-Palmeiras.webp\",\"contentUrl\":\"https:\/\/www.gaveanews.com\/wp-content\/uploads\/Mayke-em-acao-pelo-Palmeiras.webp\",\"width\":1463,\"height\":1000,\"caption\":\"Mayke em a\u00e7\u00e3o pelo Palmeiras (Foto: Cesar Greco\/Palmeiras)\"},{\"@type\":\"BreadcrumbList\",\"@id\":\"https:\/\/www.gaveanews.com\/index.php\/2025\/01\/26\/palmeiras-a-declaracao-de-mayke-sobre-atingir-marca-inedita\/#breadcrumb\",\"itemListElement\":[{\"@type\":\"ListItem\",\"position\":1,\"name\":\"Home\",\"item\":\"https:\/\/www.gaveanews.com\/\"},{\"@type\":\"ListItem\",\"position\":2,\"name\":\"Palmeiras: a declara\u00e7\u00e3o de Mayke sobre atingir marca in\u00e9dita\"}]},{\"@type\":\"WebSite\",\"@id\":\"https:\/\/www.gaveanews.com\/#website\",\"url\":\"https:\/\/www.gaveanews.com\/\",\"name\":\"G\u00e1vea News\",\"description\":\"Veja todas as not\u00edcias sobre o Flamengo: Contrata\u00e7\u00f5es, categorias de base, resultados das partidas, tabela de classifica\u00e7\u00e3o, pr\u00f3ximos jogos!\",\"potentialAction\":[{\"@type\":\"SearchAction\",\"target\":{\"@type\":\"EntryPoint\",\"urlTemplate\":\"https:\/\/www.gaveanews.com\/?s={search_term_string}\"},\"query-input\":{\"@type\":\"PropertyValueSpecification\",\"valueRequired\":true,\"valueName\":\"search_term_string\"}}],\"inLanguage\":\"pt-BR\"},{\"@type\":\"Person\",\"@id\":\"https:\/\/www.gaveanews.com\/#\/schema\/person\/f42654babcd2b2014a1a65af82b081f1\",\"name\":\"Geovanna Thomaz\",\"image\":{\"@type\":\"ImageObject\",\"inLanguage\":\"pt-BR\",\"@id\":\"https:\/\/www.gaveanews.com\/#\/schema\/person\/image\/\",\"url\":\"https:\/\/secure.gravatar.com\/avatar\/4092073255489533afb558984b49b64268c47198af8623cc82a925ae9fb7118a?s=96&d=mm&r=g\",\"contentUrl\":\"https:\/\/secure.gravatar.com\/avatar\/4092073255489533afb558984b49b64268c47198af8623cc82a925ae9fb7118a?s=96&d=mm&r=g\",\"caption\":\"Geovanna Thomaz\"}}]}<\/script>\n<!-- \/ Yoast SEO Premium plugin. -->","yoast_head_json":{"title":"Palmeiras: a declara\u00e7\u00e3o de Mayke sobre atingir marca in\u00e9dita","robots":{"index":"index","follow":"follow","max-snippet":"max-snippet:-1","max-image-preview":"max-image-preview:large","max-video-preview":"max-video-preview:-1"},"canonical":"https:\/\/www.gaveanews.com\/index.php\/2025\/01\/26\/palmeiras-a-declaracao-de-mayke-sobre-atingir-marca-inedita\/","og_locale":"pt_BR","og_type":"article","og_title":"Palmeiras: a declara\u00e7\u00e3o de Mayke sobre atingir marca in\u00e9dita","og_description":"Novorizontino vence Palmeiras de virada e conquista primeira vit\u00f3ria no Paulist\u00e3o O Novorizontino surpreendeu o Palmeiras neste s\u00e1bado e venceu por 2 a 1, de virada, na Arena Barueri, pela quarta rodada do Campeonato Paulista. O Verd\u00e3o dominou a primeira etapa e abriu o placar com Facundo Torres, mas o Tigre cresceu no segundo tempo [&hellip;]","og_url":"https:\/\/www.gaveanews.com\/index.php\/2025\/01\/26\/palmeiras-a-declaracao-de-mayke-sobre-atingir-marca-inedita\/","og_site_name":"G\u00e1vea News","article_publisher":"https:\/\/facebook.com\/gaveaNews\/","article_published_time":"2025-01-26T03:20:00+00:00","og_image":[{"width":1463,"height":1000,"url":"https:\/\/www.gaveanews.com\/wp-content\/uploads\/Mayke-em-acao-pelo-Palmeiras.webp","type":"image\/jpeg"}],"author":"Geovanna Thomaz","twitter_card":"summary_large_image","twitter_misc":{"Escrito por":"Geovanna Thomaz","Est. tempo de leitura":"3 minutos"},"schema":{"@context":"https:\/\/schema.org","@graph":[{"@type":"NewsArticle","@id":"https:\/\/www.gaveanews.com\/index.php\/2025\/01\/26\/palmeiras-a-declaracao-de-mayke-sobre-atingir-marca-inedita\/#article","isPartOf":{"@id":"https:\/\/www.gaveanews.com\/index.php\/2025\/01\/26\/palmeiras-a-declaracao-de-mayke-sobre-atingir-marca-inedita\/"},"author":{"name":"Geovanna Thomaz","@id":"https:\/\/www.gaveanews.com\/#\/schema\/person\/f42654babcd2b2014a1a65af82b081f1"},"headline":"Palmeiras: a declara\u00e7\u00e3o de Mayke sobre atingir marca in\u00e9dita","datePublished":"2025-01-26T03:20:00+00:00","mainEntityOfPage":{"@id":"https:\/\/www.gaveanews.com\/index.php\/2025\/01\/26\/palmeiras-a-declaracao-de-mayke-sobre-atingir-marca-inedita\/"},"wordCount":439,"commentCount":0,"image":{"@id":"https:\/\/www.gaveanews.com\/index.php\/2025\/01\/26\/palmeiras-a-declaracao-de-mayke-sobre-atingir-marca-inedita\/#primaryimage"},"thumbnailUrl":"https:\/\/www.gaveanews.com\/wp-content\/uploads\/Mayke-em-acao-pelo-Palmeiras.webp","articleSection":["Palmeiras"],"inLanguage":"pt-BR","potentialAction":[{"@type":"CommentAction","name":"Comment","target":["https:\/\/www.gaveanews.com\/index.php\/2025\/01\/26\/palmeiras-a-declaracao-de-mayke-sobre-atingir-marca-inedita\/#respond"]}],"copyrightYear":"2025","copyrightHolder":{"@id":"https:\/\/www.gaveanews.com\/#organization"}},{"@type":"WebPage","@id":"https:\/\/www.gaveanews.com\/index.php\/2025\/01\/26\/palmeiras-a-declaracao-de-mayke-sobre-atingir-marca-inedita\/","url":"https:\/\/www.gaveanews.com\/index.php\/2025\/01\/26\/palmeiras-a-declaracao-de-mayke-sobre-atingir-marca-inedita\/","name":"Palmeiras: a declara\u00e7\u00e3o de Mayke sobre atingir marca in\u00e9dita","isPartOf":{"@id":"https:\/\/www.gaveanews.com\/#website"},"primaryImageOfPage":{"@id":"https:\/\/www.gaveanews.com\/index.php\/2025\/01\/26\/palmeiras-a-declaracao-de-mayke-sobre-atingir-marca-inedita\/#primaryimage"},"image":{"@id":"https:\/\/www.gaveanews.com\/index.php\/2025\/01\/26\/palmeiras-a-declaracao-de-mayke-sobre-atingir-marca-inedita\/#primaryimage"},"thumbnailUrl":"https:\/\/www.gaveanews.com\/wp-content\/uploads\/Mayke-em-acao-pelo-Palmeiras.webp","datePublished":"2025-01-26T03:20:00+00:00","author":{"@id":"https:\/\/www.gaveanews.com\/#\/schema\/person\/f42654babcd2b2014a1a65af82b081f1"},"breadcrumb":{"@id":"https:\/\/www.gaveanews.com\/index.php\/2025\/01\/26\/palmeiras-a-declaracao-de-mayke-sobre-atingir-marca-inedita\/#breadcrumb"},"inLanguage":"pt-BR","potentialAction":[{"@type":"ReadAction","target":["https:\/\/www.gaveanews.com\/index.php\/2025\/01\/26\/palmeiras-a-declaracao-de-mayke-sobre-atingir-marca-inedita\/"]}]},{"@type":"ImageObject","inLanguage":"pt-BR","@id":"https:\/\/www.gaveanews.com\/index.php\/2025\/01\/26\/palmeiras-a-declaracao-de-mayke-sobre-atingir-marca-inedita\/#primaryimage","url":"https:\/\/www.gaveanews.com\/wp-content\/uploads\/Mayke-em-acao-pelo-Palmeiras.webp","contentUrl":"https:\/\/www.gaveanews.com\/wp-content\/uploads\/Mayke-em-acao-pelo-Palmeiras.webp","width":1463,"height":1000,"caption":"Mayke em a\u00e7\u00e3o pelo Palmeiras (Foto: Cesar Greco\/Palmeiras)"},{"@type":"BreadcrumbList","@id":"https:\/\/www.gaveanews.com\/index.php\/2025\/01\/26\/palmeiras-a-declaracao-de-mayke-sobre-atingir-marca-inedita\/#breadcrumb","itemListElement":[{"@type":"ListItem","position":1,"name":"Home","item":"https:\/\/www.gaveanews.com\/"},{"@type":"ListItem","position":2,"name":"Palmeiras: a declara\u00e7\u00e3o de Mayke sobre atingir marca in\u00e9dita"}]},{"@type":"WebSite","@id":"https:\/\/www.gaveanews.com\/#website","url":"https:\/\/www.gaveanews.com\/","name":"G\u00e1vea News","description":"Veja todas as not\u00edcias sobre o Flamengo: Contrata\u00e7\u00f5es, categorias de base, resultados das partidas, tabela de classifica\u00e7\u00e3o, pr\u00f3ximos jogos!","potentialAction":[{"@type":"SearchAction","target":{"@type":"EntryPoint","urlTemplate":"https:\/\/www.gaveanews.com\/?s={search_term_string}"},"query-input":{"@type":"PropertyValueSpecification","valueRequired":true,"valueName":"search_term_string"}}],"inLanguage":"pt-BR"},{"@type":"Person","@id":"https:\/\/www.gaveanews.com\/#\/schema\/person\/f42654babcd2b2014a1a65af82b081f1","name":"Geovanna Thomaz","image":{"@type":"ImageObject","inLanguage":"pt-BR","@id":"https:\/\/www.gaveanews.com\/#\/schema\/person\/image\/","url":"https:\/\/secure.gravatar.com\/avatar\/4092073255489533afb558984b49b64268c47198af8623cc82a925ae9fb7118a?s=96&d=mm&r=g","contentUrl":"https:\/\/secure.gravatar.com\/avatar\/4092073255489533afb558984b49b64268c47198af8623cc82a925ae9fb7118a?s=96&d=mm&r=g","caption":"Geovanna Thomaz"}}]}},"_links":{"self":[{"href":"https:\/\/www.gaveanews.com\/index.php\/wp-json\/wp\/v2\/posts\/218063","targetHints":{"allow":["GET"]}}],"collection":[{"href":"https:\/\/www.gaveanews.com\/index.php\/wp-json\/wp\/v2\/posts"}],"about":[{"href":"https:\/\/www.gaveanews.com\/index.php\/wp-json\/wp\/v2\/types\/post"}],"author":[{"embeddable":true,"href":"https:\/\/www.gaveanews.com\/index.php\/wp-json\/wp\/v2\/users\/17"}],"replies":[{"embeddable":true,"href":"https:\/\/www.gaveanews.com\/index.php\/wp-json\/wp\/v2\/comments?post=218063"}],"version-history":[{"count":2,"href":"https:\/\/www.gaveanews.com\/index.php\/wp-json\/wp\/v2\/posts\/218063\/revisions"}],"predecessor-version":[{"id":218068,"href":"https:\/\/www.gaveanews.com\/index.php\/wp-json\/wp\/v2\/posts\/218063\/revisions\/218068"}],"wp:featuredmedia":[{"embeddable":true,"href":"https:\/\/www.gaveanews.com\/index.php\/wp-json\/wp\/v2\/media\/171703"}],"wp:attachment":[{"href":"https:\/\/www.gaveanews.com\/index.php\/wp-json\/wp\/v2\/media?parent=218063"}],"wp:term":[{"taxonomy":"category","embeddable":true,"href":"https:\/\/www.gaveanews.com\/index.php\/wp-json\/wp\/v2\/categories?post=218063"},{"taxonomy":"post_tag","embeddable":true,"href":"https:\/\/www.gaveanews.com\/index.php\/wp-json\/wp\/v2\/tags?post=218063"}],"curies":[{"name":"wp","href":"https:\/\/api.w.org\/{rel}","templated":true}]}}