{"id":218116,"date":"2025-01-26T05:25:00","date_gmt":"2025-01-26T08:25:00","guid":{"rendered":"https:\/\/www.gaveanews.com\/?p=218116"},"modified":"2025-01-26T02:19:38","modified_gmt":"2025-01-26T05:19:38","slug":"escolha-da-pre-temporada-previsao-de-vampeta-e-contratacao-de-claudinho-as-ultimas-noticias-do-palmeiras","status":"publish","type":"post","link":"https:\/\/www.gaveanews.com\/index.php\/2025\/01\/26\/escolha-da-pre-temporada-previsao-de-vampeta-e-contratacao-de-claudinho-as-ultimas-noticias-do-palmeiras\/","title":{"rendered":"Escolha da pr\u00e9-temporada, previs\u00e3o de Vampeta e contrata\u00e7\u00e3o de Claudinho: as \u00faltimas not\u00edcias do Palmeiras"},"content":{"rendered":"\n<p>Nas \u00faltimas horas, o foco das not\u00edcias sobre o Palmeiras se concentram nos bastidores do clube, com destaques do dia a dia do time.<\/p>\n\n\n\n<p>Por conta deste contexto, leia abaixo um resumo preparado pela equipe do portal G\u00e1vea News para lhe manter muito bem informado!<\/p>\n\n\n\n<h2 class=\"wp-block-heading\" id=\"h-contratacao-de-claudinho\">Contrata\u00e7\u00e3o de Claudinho<\/h2>\n\n\n\n<p>O Palmeiras est\u00e1 de olho em Claudinho, meia-atacante do Zenit, como refor\u00e7o priorit\u00e1rio para a temporada. O jogador, que j\u00e1 foi alvo do Flamengo em 2023, \u00e9 visto como uma pe\u00e7a-chave pela versatilidade demonstrada desde sua chegada ao clube russo. A negocia\u00e7\u00e3o, no entanto, apresenta desafios, j\u00e1 que o contrato de Claudinho com o Zenit vai at\u00e9 2028 e, no passado, a equipe russa recusou uma oferta de 18 milh\u00f5es de euros pelo atleta<strong><a href=\"https:\/\/www.gaveanews.com\/index.php\/2025\/01\/17\/sonho-antigo-do-flamengo-pode-fechar-com-o-palmeiras\/\"> (leia a mat\u00e9ria completa).<\/a><\/strong><\/p>\n\n\n\n<blockquote class=\"instagram-media\" data-instgrm-permalink=\"https:\/\/www.instagram.com\/reel\/C6BqwNuCcu_\/?utm_source=ig_embed&amp;utm_campaign=loading\" data-instgrm-version=\"14\" style=\" background:#FFF; border:0; border-radius:3px; box-shadow:0 0 1px 0 rgba(0,0,0,0.5),0 1px 10px 0 rgba(0,0,0,0.15); margin: 1px; max-width:540px; min-width:326px; padding:0; width:99.375%; width:-webkit-calc(100% - 2px); width:calc(100% - 2px);\"><div style=\"padding:16px;\"> <a href=\"https:\/\/www.instagram.com\/reel\/C6BqwNuCcu_\/?utm_source=ig_embed&amp;utm_campaign=loading\" style=\" background:#FFFFFF; line-height:0; padding:0 0; text-align:center; text-decoration:none; width:100%;\" target=\"_blank\"> <div style=\" display: flex; flex-direction: row; align-items: center;\"> <div style=\"background-color: #F4F4F4; border-radius: 50%; flex-grow: 0; height: 40px; margin-right: 14px; width: 40px;\"><\/div> <div style=\"display: flex; flex-direction: column; flex-grow: 1; justify-content: center;\"> <div style=\" background-color: #F4F4F4; border-radius: 4px; flex-grow: 0; height: 14px; margin-bottom: 6px; width: 100px;\"><\/div> <div style=\" background-color: #F4F4F4; border-radius: 4px; flex-grow: 0; height: 14px; width: 60px;\"><\/div><\/div><\/div><div style=\"padding: 19% 0;\"><\/div> <div style=\"display:block; height:50px; margin:0 auto 12px; width:50px;\"><svg width=\"50px\" height=\"50px\" viewBox=\"0 0 60 60\" version=\"1.1\" xmlns=\"https:\/\/www.w3.org\/2000\/svg\" xmlns:xlink=\"https:\/\/www.w3.org\/1999\/xlink\"><g stroke=\"none\" stroke-width=\"1\" fill=\"none\" fill-rule=\"evenodd\"><g transform=\"translate(-511.000000, -20.000000)\" fill=\"#000000\"><g><path d=\"M556.869,30.41 C554.814,30.41 553.148,32.076 553.148,34.131 C553.148,36.186 554.814,37.852 556.869,37.852 C558.924,37.852 560.59,36.186 560.59,34.131 C560.59,32.076 558.924,30.41 556.869,30.41 M541,60.657 C535.114,60.657 530.342,55.887 530.342,50 C530.342,44.114 535.114,39.342 541,39.342 C546.887,39.342 551.658,44.114 551.658,50 C551.658,55.887 546.887,60.657 541,60.657 M541,33.886 C532.1,33.886 524.886,41.1 524.886,50 C524.886,58.899 532.1,66.113 541,66.113 C549.9,66.113 557.115,58.899 557.115,50 C557.115,41.1 549.9,33.886 541,33.886 M565.378,62.101 C565.244,65.022 564.756,66.606 564.346,67.663 C563.803,69.06 563.154,70.057 562.106,71.106 C561.058,72.155 560.06,72.803 558.662,73.347 C557.607,73.757 556.021,74.244 553.102,74.378 C549.944,74.521 548.997,74.552 541,74.552 C533.003,74.552 532.056,74.521 528.898,74.378 C525.979,74.244 524.393,73.757 523.338,73.347 C521.94,72.803 520.942,72.155 519.894,71.106 C518.846,70.057 518.197,69.06 517.654,67.663 C517.244,66.606 516.755,65.022 516.623,62.101 C516.479,58.943 516.448,57.996 516.448,50 C516.448,42.003 516.479,41.056 516.623,37.899 C516.755,34.978 517.244,33.391 517.654,32.338 C518.197,30.938 518.846,29.942 519.894,28.894 C520.942,27.846 521.94,27.196 523.338,26.654 C524.393,26.244 525.979,25.756 528.898,25.623 C532.057,25.479 533.004,25.448 541,25.448 C548.997,25.448 549.943,25.479 553.102,25.623 C556.021,25.756 557.607,26.244 558.662,26.654 C560.06,27.196 561.058,27.846 562.106,28.894 C563.154,29.942 563.803,30.938 564.346,32.338 C564.756,33.391 565.244,34.978 565.378,37.899 C565.522,41.056 565.552,42.003 565.552,50 C565.552,57.996 565.522,58.943 565.378,62.101 M570.82,37.631 C570.674,34.438 570.167,32.258 569.425,30.349 C568.659,28.377 567.633,26.702 565.965,25.035 C564.297,23.368 562.623,22.342 560.652,21.575 C558.743,20.834 556.562,20.326 553.369,20.18 C550.169,20.033 549.148,20 541,20 C532.853,20 531.831,20.033 528.631,20.18 C525.438,20.326 523.257,20.834 521.349,21.575 C519.376,22.342 517.703,23.368 516.035,25.035 C514.368,26.702 513.342,28.377 512.574,30.349 C511.834,32.258 511.326,34.438 511.181,37.631 C511.035,40.831 511,41.851 511,50 C511,58.147 511.035,59.17 511.181,62.369 C511.326,65.562 511.834,67.743 512.574,69.651 C513.342,71.625 514.368,73.296 516.035,74.965 C517.703,76.634 519.376,77.658 521.349,78.425 C523.257,79.167 525.438,79.673 528.631,79.82 C531.831,79.965 532.853,80.001 541,80.001 C549.148,80.001 550.169,79.965 553.369,79.82 C556.562,79.673 558.743,79.167 560.652,78.425 C562.623,77.658 564.297,76.634 565.965,74.965 C567.633,73.296 568.659,71.625 569.425,69.651 C570.167,67.743 570.674,65.562 570.82,62.369 C570.966,59.17 571,58.147 571,50 C571,41.851 570.966,40.831 570.82,37.631\"><\/path><\/g><\/g><\/g><\/svg><\/div><div style=\"padding-top: 8px;\"> <div style=\" color:#3897f0; font-family:Arial,sans-serif; font-size:14px; font-style:normal; font-weight:550; line-height:18px;\">Ver essa foto no Instagram<\/div><\/div><div style=\"padding: 12.5% 0;\"><\/div> <div style=\"display: flex; flex-direction: row; margin-bottom: 14px; align-items: center;\"><div> <div style=\"background-color: #F4F4F4; border-radius: 50%; height: 12.5px; width: 12.5px; transform: translateX(0px) translateY(7px);\"><\/div> <div style=\"background-color: #F4F4F4; height: 12.5px; transform: rotate(-45deg) translateX(3px) translateY(1px); width: 12.5px; flex-grow: 0; margin-right: 14px; margin-left: 2px;\"><\/div> <div style=\"background-color: #F4F4F4; border-radius: 50%; height: 12.5px; width: 12.5px; transform: translateX(9px) translateY(-18px);\"><\/div><\/div><div style=\"margin-left: 8px;\"> <div style=\" background-color: #F4F4F4; border-radius: 50%; flex-grow: 0; height: 20px; width: 20px;\"><\/div> <div style=\" width: 0; height: 0; border-top: 2px solid transparent; border-left: 6px solid #f4f4f4; border-bottom: 2px solid transparent; transform: translateX(16px) translateY(-4px) rotate(30deg)\"><\/div><\/div><div style=\"margin-left: auto;\"> <div style=\" width: 0px; border-top: 8px solid #F4F4F4; border-right: 8px solid transparent; transform: translateY(16px);\"><\/div> <div style=\" background-color: #F4F4F4; flex-grow: 0; height: 12px; width: 16px; transform: translateY(-4px);\"><\/div> <div style=\" width: 0; height: 0; border-top: 8px solid #F4F4F4; border-left: 8px solid transparent; transform: translateY(-4px) translateX(8px);\"><\/div><\/div><\/div> <div style=\"display: flex; flex-direction: column; flex-grow: 1; justify-content: center; margin-bottom: 24px;\"> <div style=\" background-color: #F4F4F4; border-radius: 4px; flex-grow: 0; height: 14px; margin-bottom: 6px; width: 224px;\"><\/div> <div style=\" background-color: #F4F4F4; border-radius: 4px; flex-grow: 0; height: 14px; width: 144px;\"><\/div><\/div><\/a><p style=\" color:#c9c8cd; font-family:Arial,sans-serif; font-size:14px; line-height:17px; margin-bottom:0; margin-top:8px; overflow:hidden; padding:8px 0 7px; text-align:center; text-overflow:ellipsis; white-space:nowrap;\"><a href=\"https:\/\/www.instagram.com\/reel\/C6BqwNuCcu_\/?utm_source=ig_embed&amp;utm_campaign=loading\" style=\" color:#c9c8cd; font-family:Arial,sans-serif; font-size:14px; font-style:normal; font-weight:normal; line-height:17px; text-decoration:none;\" target=\"_blank\">Uma publica\u00e7\u00e3o compartilhada por FC Zenit (@zenit_spb)<\/a><\/p><\/div><\/blockquote>\n<script async src=\"\/\/www.instagram.com\/embed.js\"><\/script>\n\n\n\n<p>O t\u00e9cnico Abel Ferreira refor\u00e7ou a necessidade de contrata\u00e7\u00f5es estrat\u00e9gicas e indicou que Claudinho e Andreas Pereira est\u00e3o nos planos para fortalecer o elenco. <\/p>\n\n\n\n<p>Al\u00e9m disso, o Palmeiras busca um zagueiro para substituir Vitor Reis, negociado recentemente. O clube pretende usar com cuidado os recursos vindos de vendas recentes para otimizar os investimentos e manter sua competitividade no cen\u00e1rio nacional e internacional.<\/p>\n\n\n\n<p>Com 122 jogos, 21 gols e 28 assist\u00eancias pelo Zenit, Claudinho \u00e9 uma aposta ambiciosa que pode suprir lacunas no elenco do Verd\u00e3o. Caso concretizada, a contrata\u00e7\u00e3o marcar\u00e1 o in\u00edcio de uma nova fase no planejamento estrat\u00e9gico do clube, que visa manter a hegemonia conquistada nos \u00faltimos anos. A movimenta\u00e7\u00e3o evidencia a postura do Palmeiras em buscar nomes de peso para seguir entre os l\u00edderes do futebol brasileiro.<\/p>\n\n\n\n<h2 class=\"wp-block-heading\" id=\"h-previsao-de-vampeta\">Previs\u00e3o de Vampeta<\/h2>\n\n\n\n<p>Vampeta e Casagrande analisaram os poss\u00edveis advers\u00e1rios do Palmeiras no Paulist\u00e3o 2025 em um debate no UOL. Vampeta destacou o S\u00e3o Paulo como principal rival, ressaltando as contrata\u00e7\u00f5es de Oscar e Enzo D\u00edaz, al\u00e9m da poss\u00edvel sa\u00edda de pe\u00e7as importantes no Palmeiras, como Dudu e Rony. Para ele, essas mudan\u00e7as tornam o time da capital menos soberano em rela\u00e7\u00e3o aos anos anteriores. Casagrande, por sua vez, apontou o Corinthians como candidato forte, elogiando o futebol apresentado pelo time no final de 2024 e a vit\u00f3ria contra o Palmeiras no per\u00edodo<strong><a href=\"https:\/\/www.gaveanews.com\/index.php\/2025\/01\/17\/vampeta-aponta-time-que-vai-bater-de-frente-com-o-palmeiras-em-2025\/\"> (leia a mat\u00e9ria completa).<\/a><\/strong><\/p>\n\n\n\n<figure class=\"wp-block-image size-full\"><img loading=\"lazy\" decoding=\"async\" width=\"1024\" height=\"497\" src=\"http:\/\/www.gaveanews.com\/wp-content\/uploads\/Vampeta.webp\" alt=\"\" class=\"wp-image-127595\" srcset=\"https:\/\/www.gaveanews.com\/wp-content\/uploads\/Vampeta.webp 1024w, https:\/\/www.gaveanews.com\/wp-content\/uploads\/Vampeta-300x146.webp 300w, https:\/\/www.gaveanews.com\/wp-content\/uploads\/Vampeta-768x373.webp 768w, https:\/\/www.gaveanews.com\/wp-content\/uploads\/Vampeta-865x420.webp 865w, https:\/\/www.gaveanews.com\/wp-content\/uploads\/Vampeta-640x311.webp 640w, https:\/\/www.gaveanews.com\/wp-content\/uploads\/Vampeta-681x331.webp 681w, https:\/\/www.gaveanews.com\/wp-content\/uploads\/Vampeta-1021x497.webp 1021w, https:\/\/www.gaveanews.com\/wp-content\/uploads\/Vampeta-1022x497.webp 1022w, https:\/\/www.gaveanews.com\/wp-content\/uploads\/Vampeta-100x49.webp 100w\" sizes=\"auto, (max-width: 1024px) 100vw, 1024px\" \/><figcaption class=\"wp-element-caption\">Vampeta durante programa esportivo Jovem Pan Esportes &#8211; Foto: reprodu\u00e7\u00e3o<\/figcaption><\/figure>\n\n\n\n<p>O Palmeiras, atual tricampe\u00e3o do Paulist\u00e3o, segue como favorito, mas os comentaristas acreditam em uma competi\u00e7\u00e3o mais equilibrada em 2025. Enquanto Vampeta v\u00ea o S\u00e3o Paulo em ascens\u00e3o com refor\u00e7os significativos e boa movimenta\u00e7\u00e3o no mercado, Casagrande considera o Corinthians apto a disputar o t\u00edtulo devido ao bom momento apresentado nos \u00faltimos meses. Ambos concordam, no entanto, que o Palmeiras ainda lidera a disputa.<\/p>\n\n\n\n<p>A pr\u00f3xima partida do Palmeiras ser\u00e1 contra o Noroeste, no dia 18 de janeiro, pelo Paulist\u00e3o. A equipe busca manter seu favoritismo, mesmo diante de mudan\u00e7as no elenco, e enfrentar uma temporada que promete maior equil\u00edbrio entre os grandes clubes paulistas.<\/p>\n\n\n\n<h2 class=\"wp-block-heading\" id=\"h-escolha-da-pre-temporada\">Escolha da pr\u00e9-temporada<\/h2>\n\n\n\n<p>O presidente do Flamengo, Lu\u00eds Eduardo Baptista (Bap), entrou em contato com Leila Pereira, presidente do Palmeiras, para parabeniz\u00e1-la pela decis\u00e3o de realizar a pr\u00e9-temporada do clube em territ\u00f3rio brasileiro. A atitude foi elogiada por Bap, que tamb\u00e9m compartilhou sua vis\u00e3o sobre os custos elevados e os desafios de realizar a prepara\u00e7\u00e3o no exterior, algo que o Flamengo enfrentou ao optar pelos Estados Unidos. Ele destacou que, apesar dos esfor\u00e7os para reduzir gastos, o impacto financeiro ainda foi negativo, o que o levou a refletir sobre os benef\u00edcios de manter a pr\u00e9-temporada no Brasil <strong><a href=\"https:\/\/www.gaveanews.com\/index.php\/2025\/01\/16\/flamengo-bap-entra-em-contato-com-leila-pereira-do-palmeiras-entenda\/\">(leia a mat\u00e9ria completa).<\/a><\/strong><\/p>\n\n\n\n<figure class=\"wp-block-image size-large\"><img loading=\"lazy\" decoding=\"async\" width=\"1024\" height=\"640\" src=\"http:\/\/www.gaveanews.com\/wp-content\/uploads\/Leila-Pereira-durante-coletiva-do-Palmeiras-1024x640.webp\" alt=\"\" class=\"wp-image-108277\" srcset=\"https:\/\/www.gaveanews.com\/wp-content\/uploads\/Leila-Pereira-durante-coletiva-do-Palmeiras-1024x640.webp 1024w, https:\/\/www.gaveanews.com\/wp-content\/uploads\/Leila-Pereira-durante-coletiva-do-Palmeiras-300x188.webp 300w, https:\/\/www.gaveanews.com\/wp-content\/uploads\/Leila-Pereira-durante-coletiva-do-Palmeiras-768x480.webp 768w, https:\/\/www.gaveanews.com\/wp-content\/uploads\/Leila-Pereira-durante-coletiva-do-Palmeiras-672x420.webp 672w, https:\/\/www.gaveanews.com\/wp-content\/uploads\/Leila-Pereira-durante-coletiva-do-Palmeiras-640x400.webp 640w, https:\/\/www.gaveanews.com\/wp-content\/uploads\/Leila-Pereira-durante-coletiva-do-Palmeiras-681x426.webp 681w, https:\/\/www.gaveanews.com\/wp-content\/uploads\/Leila-Pereira-durante-coletiva-do-Palmeiras-100x63.webp 100w, https:\/\/www.gaveanews.com\/wp-content\/uploads\/Leila-Pereira-durante-coletiva-do-Palmeiras.webp 1200w\" sizes=\"auto, (max-width: 1024px) 100vw, 1024px\" \/><figcaption class=\"wp-element-caption\">Leila Pereira durante coletiva do Palmeiras (Foto: Reprodu\u00e7\u00e3o)<\/figcaption><\/figure>\n\n\n\n<p>A decis\u00e3o do Palmeiras, sob a lideran\u00e7a de Leila Pereira, de priorizar a infraestrutura da Academia de Futebol foi vista como uma demonstra\u00e7\u00e3o de confian\u00e7a no potencial do clube. Enquanto isso, Julio Casares, presidente do S\u00e3o Paulo, defendeu as pr\u00e9-temporadas internacionais, ressaltando os benef\u00edcios econ\u00f4micos e mercadol\u00f3gicos. A escolha do local para a prepara\u00e7\u00e3o das equipes tem gerado debates entre dirigentes, com posi\u00e7\u00f5es divergentes sobre os impactos financeiros e esportivos dessas decis\u00f5es.<\/p>\n\n\n\n<p>O di\u00e1logo entre Bap e Leila Pereira reflete a postura de respeito m\u00fatuo entre os dirigentes, que reconhecem a import\u00e2ncia das escolhas estrat\u00e9gicas na gest\u00e3o dos clubes. As diferentes abordagens para a pr\u00e9-temporada mostram que cada institui\u00e7\u00e3o ajusta suas decis\u00f5es \u00e0s pr\u00f3prias realidades e objetivos, buscando sempre melhorar o desempenho dentro e fora de campo.<\/p>\n","protected":false},"excerpt":{"rendered":"<p>Nas \u00faltimas horas, o foco das not\u00edcias sobre o Palmeiras se concentram nos bastidores do clube, com destaques do dia a dia do time. Por conta deste contexto, leia abaixo um resumo preparado pela equipe do portal G\u00e1vea News para lhe manter muito bem informado! Contrata\u00e7\u00e3o de Claudinho O Palmeiras est\u00e1 de olho em Claudinho, [&hellip;]<\/p>\n","protected":false},"author":27,"featured_media":152159,"comment_status":"open","ping_status":"closed","sticky":false,"template":"","format":"standard","meta":{"footnotes":""},"categories":[150],"tags":[],"class_list":["post-218116","post","type-post","status-publish","format-standard","has-post-thumbnail","hentry","category-palmeiras"],"yoast_head":"<!-- This site is optimized with the Yoast SEO Premium plugin v24.2 (Yoast SEO v26.9) - https:\/\/yoast.com\/product\/yoast-seo-premium-wordpress\/ -->\n<title>Escolha da pr\u00e9-temporada, previs\u00e3o de Vampeta e contrata\u00e7\u00e3o de Claudinho: as \u00faltimas not\u00edcias do Palmeiras<\/title>\n<meta name=\"robots\" content=\"index, follow, max-snippet:-1, max-image-preview:large, max-video-preview:-1\" \/>\n<link rel=\"canonical\" href=\"https:\/\/www.gaveanews.com\/index.php\/2025\/01\/26\/escolha-da-pre-temporada-previsao-de-vampeta-e-contratacao-de-claudinho-as-ultimas-noticias-do-palmeiras\/\" \/>\n<meta property=\"og:locale\" content=\"pt_BR\" \/>\n<meta property=\"og:type\" content=\"article\" \/>\n<meta property=\"og:title\" content=\"Escolha da pr\u00e9-temporada, previs\u00e3o de Vampeta e contrata\u00e7\u00e3o de Claudinho: as \u00faltimas not\u00edcias do Palmeiras\" \/>\n<meta property=\"og:description\" content=\"Nas \u00faltimas horas, o foco das not\u00edcias sobre o Palmeiras se concentram nos bastidores do clube, com destaques do dia a dia do time. Por conta deste contexto, leia abaixo um resumo preparado pela equipe do portal G\u00e1vea News para lhe manter muito bem informado! Contrata\u00e7\u00e3o de Claudinho O Palmeiras est\u00e1 de olho em Claudinho, [&hellip;]\" \/>\n<meta property=\"og:url\" content=\"https:\/\/www.gaveanews.com\/index.php\/2025\/01\/26\/escolha-da-pre-temporada-previsao-de-vampeta-e-contratacao-de-claudinho-as-ultimas-noticias-do-palmeiras\/\" \/>\n<meta property=\"og:site_name\" content=\"G\u00e1vea News\" \/>\n<meta property=\"article:publisher\" content=\"https:\/\/facebook.com\/gaveaNews\/\" \/>\n<meta property=\"article:published_time\" content=\"2025-01-26T08:25:00+00:00\" \/>\n<meta property=\"og:image\" content=\"https:\/\/www.gaveanews.com\/wp-content\/uploads\/Escudo-do-Palmeiras.webp\" \/>\n\t<meta property=\"og:image:width\" content=\"1000\" \/>\n\t<meta property=\"og:image:height\" content=\"667\" \/>\n\t<meta property=\"og:image:type\" content=\"image\/webp\" \/>\n<meta name=\"author\" content=\"Matheus Felipe\" \/>\n<meta name=\"twitter:card\" content=\"summary_large_image\" \/>\n<meta name=\"twitter:label1\" content=\"Escrito por\" \/>\n\t<meta name=\"twitter:data1\" content=\"Matheus Felipe\" \/>\n\t<meta name=\"twitter:label2\" content=\"Est. tempo de leitura\" \/>\n\t<meta name=\"twitter:data2\" content=\"5 minutos\" \/>\n<script type=\"application\/ld+json\" class=\"yoast-schema-graph\">{\"@context\":\"https:\/\/schema.org\",\"@graph\":[{\"@type\":\"NewsArticle\",\"@id\":\"https:\/\/www.gaveanews.com\/index.php\/2025\/01\/26\/escolha-da-pre-temporada-previsao-de-vampeta-e-contratacao-de-claudinho-as-ultimas-noticias-do-palmeiras\/#article\",\"isPartOf\":{\"@id\":\"https:\/\/www.gaveanews.com\/index.php\/2025\/01\/26\/escolha-da-pre-temporada-previsao-de-vampeta-e-contratacao-de-claudinho-as-ultimas-noticias-do-palmeiras\/\"},\"author\":{\"name\":\"Matheus Felipe\",\"@id\":\"https:\/\/www.gaveanews.com\/#\/schema\/person\/8207cd4627f56151707418bfc835b2fb\"},\"headline\":\"Escolha da pr\u00e9-temporada, previs\u00e3o de Vampeta e contrata\u00e7\u00e3o de Claudinho: as \u00faltimas not\u00edcias do Palmeiras\",\"datePublished\":\"2025-01-26T08:25:00+00:00\",\"mainEntityOfPage\":{\"@id\":\"https:\/\/www.gaveanews.com\/index.php\/2025\/01\/26\/escolha-da-pre-temporada-previsao-de-vampeta-e-contratacao-de-claudinho-as-ultimas-noticias-do-palmeiras\/\"},\"wordCount\":812,\"commentCount\":0,\"image\":{\"@id\":\"https:\/\/www.gaveanews.com\/index.php\/2025\/01\/26\/escolha-da-pre-temporada-previsao-de-vampeta-e-contratacao-de-claudinho-as-ultimas-noticias-do-palmeiras\/#primaryimage\"},\"thumbnailUrl\":\"https:\/\/www.gaveanews.com\/wp-content\/uploads\/Escudo-do-Palmeiras.webp\",\"articleSection\":[\"Palmeiras\"],\"inLanguage\":\"pt-BR\",\"potentialAction\":[{\"@type\":\"CommentAction\",\"name\":\"Comment\",\"target\":[\"https:\/\/www.gaveanews.com\/index.php\/2025\/01\/26\/escolha-da-pre-temporada-previsao-de-vampeta-e-contratacao-de-claudinho-as-ultimas-noticias-do-palmeiras\/#respond\"]}],\"copyrightYear\":\"2025\",\"copyrightHolder\":{\"@id\":\"https:\/\/www.gaveanews.com\/#organization\"}},{\"@type\":\"WebPage\",\"@id\":\"https:\/\/www.gaveanews.com\/index.php\/2025\/01\/26\/escolha-da-pre-temporada-previsao-de-vampeta-e-contratacao-de-claudinho-as-ultimas-noticias-do-palmeiras\/\",\"url\":\"https:\/\/www.gaveanews.com\/index.php\/2025\/01\/26\/escolha-da-pre-temporada-previsao-de-vampeta-e-contratacao-de-claudinho-as-ultimas-noticias-do-palmeiras\/\",\"name\":\"Escolha da pr\u00e9-temporada, previs\u00e3o de Vampeta e contrata\u00e7\u00e3o de Claudinho: as \u00faltimas not\u00edcias do Palmeiras\",\"isPartOf\":{\"@id\":\"https:\/\/www.gaveanews.com\/#website\"},\"primaryImageOfPage\":{\"@id\":\"https:\/\/www.gaveanews.com\/index.php\/2025\/01\/26\/escolha-da-pre-temporada-previsao-de-vampeta-e-contratacao-de-claudinho-as-ultimas-noticias-do-palmeiras\/#primaryimage\"},\"image\":{\"@id\":\"https:\/\/www.gaveanews.com\/index.php\/2025\/01\/26\/escolha-da-pre-temporada-previsao-de-vampeta-e-contratacao-de-claudinho-as-ultimas-noticias-do-palmeiras\/#primaryimage\"},\"thumbnailUrl\":\"https:\/\/www.gaveanews.com\/wp-content\/uploads\/Escudo-do-Palmeiras.webp\",\"datePublished\":\"2025-01-26T08:25:00+00:00\",\"author\":{\"@id\":\"https:\/\/www.gaveanews.com\/#\/schema\/person\/8207cd4627f56151707418bfc835b2fb\"},\"breadcrumb\":{\"@id\":\"https:\/\/www.gaveanews.com\/index.php\/2025\/01\/26\/escolha-da-pre-temporada-previsao-de-vampeta-e-contratacao-de-claudinho-as-ultimas-noticias-do-palmeiras\/#breadcrumb\"},\"inLanguage\":\"pt-BR\",\"potentialAction\":[{\"@type\":\"ReadAction\",\"target\":[\"https:\/\/www.gaveanews.com\/index.php\/2025\/01\/26\/escolha-da-pre-temporada-previsao-de-vampeta-e-contratacao-de-claudinho-as-ultimas-noticias-do-palmeiras\/\"]}]},{\"@type\":\"ImageObject\",\"inLanguage\":\"pt-BR\",\"@id\":\"https:\/\/www.gaveanews.com\/index.php\/2025\/01\/26\/escolha-da-pre-temporada-previsao-de-vampeta-e-contratacao-de-claudinho-as-ultimas-noticias-do-palmeiras\/#primaryimage\",\"url\":\"https:\/\/www.gaveanews.com\/wp-content\/uploads\/Escudo-do-Palmeiras.webp\",\"contentUrl\":\"https:\/\/www.gaveanews.com\/wp-content\/uploads\/Escudo-do-Palmeiras.webp\",\"width\":1000,\"height\":667,\"caption\":\"Escudo do Palmeiras (Foto Reprodu\u00e7\u00e3o\/Instagram)\"},{\"@type\":\"BreadcrumbList\",\"@id\":\"https:\/\/www.gaveanews.com\/index.php\/2025\/01\/26\/escolha-da-pre-temporada-previsao-de-vampeta-e-contratacao-de-claudinho-as-ultimas-noticias-do-palmeiras\/#breadcrumb\",\"itemListElement\":[{\"@type\":\"ListItem\",\"position\":1,\"name\":\"Home\",\"item\":\"https:\/\/www.gaveanews.com\/\"},{\"@type\":\"ListItem\",\"position\":2,\"name\":\"Escolha da pr\u00e9-temporada, previs\u00e3o de Vampeta e contrata\u00e7\u00e3o de Claudinho: as \u00faltimas not\u00edcias do Palmeiras\"}]},{\"@type\":\"WebSite\",\"@id\":\"https:\/\/www.gaveanews.com\/#website\",\"url\":\"https:\/\/www.gaveanews.com\/\",\"name\":\"G\u00e1vea News\",\"description\":\"Veja todas as not\u00edcias sobre o Flamengo: Contrata\u00e7\u00f5es, categorias de base, resultados das partidas, tabela de classifica\u00e7\u00e3o, pr\u00f3ximos jogos!\",\"potentialAction\":[{\"@type\":\"SearchAction\",\"target\":{\"@type\":\"EntryPoint\",\"urlTemplate\":\"https:\/\/www.gaveanews.com\/?s={search_term_string}\"},\"query-input\":{\"@type\":\"PropertyValueSpecification\",\"valueRequired\":true,\"valueName\":\"search_term_string\"}}],\"inLanguage\":\"pt-BR\"},{\"@type\":\"Person\",\"@id\":\"https:\/\/www.gaveanews.com\/#\/schema\/person\/8207cd4627f56151707418bfc835b2fb\",\"name\":\"Matheus Felipe\",\"image\":{\"@type\":\"ImageObject\",\"inLanguage\":\"pt-BR\",\"@id\":\"https:\/\/www.gaveanews.com\/#\/schema\/person\/image\/\",\"url\":\"https:\/\/secure.gravatar.com\/avatar\/a452ffbed9130f726358b298bb3a99ce4bd3c5338411f8440e87e14d74c7c087?s=96&d=mm&r=g\",\"contentUrl\":\"https:\/\/secure.gravatar.com\/avatar\/a452ffbed9130f726358b298bb3a99ce4bd3c5338411f8440e87e14d74c7c087?s=96&d=mm&r=g\",\"caption\":\"Matheus Felipe\"}}]}<\/script>\n<!-- \/ Yoast SEO Premium plugin. -->","yoast_head_json":{"title":"Escolha da pr\u00e9-temporada, previs\u00e3o de Vampeta e contrata\u00e7\u00e3o de Claudinho: as \u00faltimas not\u00edcias do Palmeiras","robots":{"index":"index","follow":"follow","max-snippet":"max-snippet:-1","max-image-preview":"max-image-preview:large","max-video-preview":"max-video-preview:-1"},"canonical":"https:\/\/www.gaveanews.com\/index.php\/2025\/01\/26\/escolha-da-pre-temporada-previsao-de-vampeta-e-contratacao-de-claudinho-as-ultimas-noticias-do-palmeiras\/","og_locale":"pt_BR","og_type":"article","og_title":"Escolha da pr\u00e9-temporada, previs\u00e3o de Vampeta e contrata\u00e7\u00e3o de Claudinho: as \u00faltimas not\u00edcias do Palmeiras","og_description":"Nas \u00faltimas horas, o foco das not\u00edcias sobre o Palmeiras se concentram nos bastidores do clube, com destaques do dia a dia do time. Por conta deste contexto, leia abaixo um resumo preparado pela equipe do portal G\u00e1vea News para lhe manter muito bem informado! Contrata\u00e7\u00e3o de Claudinho O Palmeiras est\u00e1 de olho em Claudinho, [&hellip;]","og_url":"https:\/\/www.gaveanews.com\/index.php\/2025\/01\/26\/escolha-da-pre-temporada-previsao-de-vampeta-e-contratacao-de-claudinho-as-ultimas-noticias-do-palmeiras\/","og_site_name":"G\u00e1vea News","article_publisher":"https:\/\/facebook.com\/gaveaNews\/","article_published_time":"2025-01-26T08:25:00+00:00","og_image":[{"width":1000,"height":667,"url":"https:\/\/www.gaveanews.com\/wp-content\/uploads\/Escudo-do-Palmeiras.webp","type":"image\/webp"}],"author":"Matheus Felipe","twitter_card":"summary_large_image","twitter_misc":{"Escrito por":"Matheus Felipe","Est. tempo de leitura":"5 minutos"},"schema":{"@context":"https:\/\/schema.org","@graph":[{"@type":"NewsArticle","@id":"https:\/\/www.gaveanews.com\/index.php\/2025\/01\/26\/escolha-da-pre-temporada-previsao-de-vampeta-e-contratacao-de-claudinho-as-ultimas-noticias-do-palmeiras\/#article","isPartOf":{"@id":"https:\/\/www.gaveanews.com\/index.php\/2025\/01\/26\/escolha-da-pre-temporada-previsao-de-vampeta-e-contratacao-de-claudinho-as-ultimas-noticias-do-palmeiras\/"},"author":{"name":"Matheus Felipe","@id":"https:\/\/www.gaveanews.com\/#\/schema\/person\/8207cd4627f56151707418bfc835b2fb"},"headline":"Escolha da pr\u00e9-temporada, previs\u00e3o de Vampeta e contrata\u00e7\u00e3o de Claudinho: as \u00faltimas not\u00edcias do Palmeiras","datePublished":"2025-01-26T08:25:00+00:00","mainEntityOfPage":{"@id":"https:\/\/www.gaveanews.com\/index.php\/2025\/01\/26\/escolha-da-pre-temporada-previsao-de-vampeta-e-contratacao-de-claudinho-as-ultimas-noticias-do-palmeiras\/"},"wordCount":812,"commentCount":0,"image":{"@id":"https:\/\/www.gaveanews.com\/index.php\/2025\/01\/26\/escolha-da-pre-temporada-previsao-de-vampeta-e-contratacao-de-claudinho-as-ultimas-noticias-do-palmeiras\/#primaryimage"},"thumbnailUrl":"https:\/\/www.gaveanews.com\/wp-content\/uploads\/Escudo-do-Palmeiras.webp","articleSection":["Palmeiras"],"inLanguage":"pt-BR","potentialAction":[{"@type":"CommentAction","name":"Comment","target":["https:\/\/www.gaveanews.com\/index.php\/2025\/01\/26\/escolha-da-pre-temporada-previsao-de-vampeta-e-contratacao-de-claudinho-as-ultimas-noticias-do-palmeiras\/#respond"]}],"copyrightYear":"2025","copyrightHolder":{"@id":"https:\/\/www.gaveanews.com\/#organization"}},{"@type":"WebPage","@id":"https:\/\/www.gaveanews.com\/index.php\/2025\/01\/26\/escolha-da-pre-temporada-previsao-de-vampeta-e-contratacao-de-claudinho-as-ultimas-noticias-do-palmeiras\/","url":"https:\/\/www.gaveanews.com\/index.php\/2025\/01\/26\/escolha-da-pre-temporada-previsao-de-vampeta-e-contratacao-de-claudinho-as-ultimas-noticias-do-palmeiras\/","name":"Escolha da pr\u00e9-temporada, previs\u00e3o de Vampeta e contrata\u00e7\u00e3o de Claudinho: as \u00faltimas not\u00edcias do Palmeiras","isPartOf":{"@id":"https:\/\/www.gaveanews.com\/#website"},"primaryImageOfPage":{"@id":"https:\/\/www.gaveanews.com\/index.php\/2025\/01\/26\/escolha-da-pre-temporada-previsao-de-vampeta-e-contratacao-de-claudinho-as-ultimas-noticias-do-palmeiras\/#primaryimage"},"image":{"@id":"https:\/\/www.gaveanews.com\/index.php\/2025\/01\/26\/escolha-da-pre-temporada-previsao-de-vampeta-e-contratacao-de-claudinho-as-ultimas-noticias-do-palmeiras\/#primaryimage"},"thumbnailUrl":"https:\/\/www.gaveanews.com\/wp-content\/uploads\/Escudo-do-Palmeiras.webp","datePublished":"2025-01-26T08:25:00+00:00","author":{"@id":"https:\/\/www.gaveanews.com\/#\/schema\/person\/8207cd4627f56151707418bfc835b2fb"},"breadcrumb":{"@id":"https:\/\/www.gaveanews.com\/index.php\/2025\/01\/26\/escolha-da-pre-temporada-previsao-de-vampeta-e-contratacao-de-claudinho-as-ultimas-noticias-do-palmeiras\/#breadcrumb"},"inLanguage":"pt-BR","potentialAction":[{"@type":"ReadAction","target":["https:\/\/www.gaveanews.com\/index.php\/2025\/01\/26\/escolha-da-pre-temporada-previsao-de-vampeta-e-contratacao-de-claudinho-as-ultimas-noticias-do-palmeiras\/"]}]},{"@type":"ImageObject","inLanguage":"pt-BR","@id":"https:\/\/www.gaveanews.com\/index.php\/2025\/01\/26\/escolha-da-pre-temporada-previsao-de-vampeta-e-contratacao-de-claudinho-as-ultimas-noticias-do-palmeiras\/#primaryimage","url":"https:\/\/www.gaveanews.com\/wp-content\/uploads\/Escudo-do-Palmeiras.webp","contentUrl":"https:\/\/www.gaveanews.com\/wp-content\/uploads\/Escudo-do-Palmeiras.webp","width":1000,"height":667,"caption":"Escudo do Palmeiras (Foto Reprodu\u00e7\u00e3o\/Instagram)"},{"@type":"BreadcrumbList","@id":"https:\/\/www.gaveanews.com\/index.php\/2025\/01\/26\/escolha-da-pre-temporada-previsao-de-vampeta-e-contratacao-de-claudinho-as-ultimas-noticias-do-palmeiras\/#breadcrumb","itemListElement":[{"@type":"ListItem","position":1,"name":"Home","item":"https:\/\/www.gaveanews.com\/"},{"@type":"ListItem","position":2,"name":"Escolha da pr\u00e9-temporada, previs\u00e3o de Vampeta e contrata\u00e7\u00e3o de Claudinho: as \u00faltimas not\u00edcias do Palmeiras"}]},{"@type":"WebSite","@id":"https:\/\/www.gaveanews.com\/#website","url":"https:\/\/www.gaveanews.com\/","name":"G\u00e1vea News","description":"Veja todas as not\u00edcias sobre o Flamengo: Contrata\u00e7\u00f5es, categorias de base, resultados das partidas, tabela de classifica\u00e7\u00e3o, pr\u00f3ximos jogos!","potentialAction":[{"@type":"SearchAction","target":{"@type":"EntryPoint","urlTemplate":"https:\/\/www.gaveanews.com\/?s={search_term_string}"},"query-input":{"@type":"PropertyValueSpecification","valueRequired":true,"valueName":"search_term_string"}}],"inLanguage":"pt-BR"},{"@type":"Person","@id":"https:\/\/www.gaveanews.com\/#\/schema\/person\/8207cd4627f56151707418bfc835b2fb","name":"Matheus Felipe","image":{"@type":"ImageObject","inLanguage":"pt-BR","@id":"https:\/\/www.gaveanews.com\/#\/schema\/person\/image\/","url":"https:\/\/secure.gravatar.com\/avatar\/a452ffbed9130f726358b298bb3a99ce4bd3c5338411f8440e87e14d74c7c087?s=96&d=mm&r=g","contentUrl":"https:\/\/secure.gravatar.com\/avatar\/a452ffbed9130f726358b298bb3a99ce4bd3c5338411f8440e87e14d74c7c087?s=96&d=mm&r=g","caption":"Matheus Felipe"}}]}},"_links":{"self":[{"href":"https:\/\/www.gaveanews.com\/index.php\/wp-json\/wp\/v2\/posts\/218116","targetHints":{"allow":["GET"]}}],"collection":[{"href":"https:\/\/www.gaveanews.com\/index.php\/wp-json\/wp\/v2\/posts"}],"about":[{"href":"https:\/\/www.gaveanews.com\/index.php\/wp-json\/wp\/v2\/types\/post"}],"author":[{"embeddable":true,"href":"https:\/\/www.gaveanews.com\/index.php\/wp-json\/wp\/v2\/users\/27"}],"replies":[{"embeddable":true,"href":"https:\/\/www.gaveanews.com\/index.php\/wp-json\/wp\/v2\/comments?post=218116"}],"version-history":[{"count":1,"href":"https:\/\/www.gaveanews.com\/index.php\/wp-json\/wp\/v2\/posts\/218116\/revisions"}],"predecessor-version":[{"id":218130,"href":"https:\/\/www.gaveanews.com\/index.php\/wp-json\/wp\/v2\/posts\/218116\/revisions\/218130"}],"wp:featuredmedia":[{"embeddable":true,"href":"https:\/\/www.gaveanews.com\/index.php\/wp-json\/wp\/v2\/media\/152159"}],"wp:attachment":[{"href":"https:\/\/www.gaveanews.com\/index.php\/wp-json\/wp\/v2\/media?parent=218116"}],"wp:term":[{"taxonomy":"category","embeddable":true,"href":"https:\/\/www.gaveanews.com\/index.php\/wp-json\/wp\/v2\/categories?post=218116"},{"taxonomy":"post_tag","embeddable":true,"href":"https:\/\/www.gaveanews.com\/index.php\/wp-json\/wp\/v2\/tags?post=218116"}],"curies":[{"name":"wp","href":"https:\/\/api.w.org\/{rel}","templated":true}]}}