{"id":218127,"date":"2025-01-26T05:30:00","date_gmt":"2025-01-26T08:30:00","guid":{"rendered":"https:\/\/www.gaveanews.com\/?p=218127"},"modified":"2025-01-26T02:35:46","modified_gmt":"2025-01-26T05:35:46","slug":"confrontos-das-oitavas-de-final-estreia-de-oscar-e-recado-de-ana-thais-matos-as-ultimas-noticias-do-sao-paulo","status":"publish","type":"post","link":"https:\/\/www.gaveanews.com\/index.php\/2025\/01\/26\/confrontos-das-oitavas-de-final-estreia-de-oscar-e-recado-de-ana-thais-matos-as-ultimas-noticias-do-sao-paulo\/","title":{"rendered":"Confrontos das oitavas de final, estreia de Oscar e Recado de Ana Tha\u00eds Matos: as \u00faltimas not\u00edcias do S\u00e3o Paulo"},"content":{"rendered":"\n<p>Nas \u00faltimas horas, o foco das not\u00edcias sobre o S\u00e3o Paulo se concentram nos bastidores do clube, com destaques do dia a dia do time.<\/p>\n\n\n\n<p>Por conta deste contexto, leia abaixo um resumo preparado pela equipe do portal G\u00e1vea News para lhe manter muito bem informado!<\/p>\n\n\n\n<h2 class=\"wp-block-heading\" id=\"h-recado-de-ana-thais-matos\">Recado de Ana Tha\u00eds Matos<\/h2>\n\n\n\n<p>Ana Tha\u00eds Matos trouxe uma an\u00e1lise sobre o S\u00e3o Paulo para 2025, apontando a equipe como uma &#8220;inc\u00f3gnita&#8221;. Durante o programa <em>Sele\u00e7\u00e3o SporTV<\/em>, a jornalista destacou que, embora o Tricolor frequentemente gere expectativas por suas contrata\u00e7\u00f5es e postura competitiva, o desempenho final muitas vezes decepciona. Em 2024, o clube terminou em sexto no Brasileir\u00e3o e garantiu uma vaga direta na fase de grupos da Libertadores, mas ficou aqu\u00e9m nas competi\u00e7\u00f5es eliminat\u00f3rias, sendo eliminado precocemente das Copas <strong><a href=\"https:\/\/www.gaveanews.com\/index.php\/2025\/01\/16\/ana-thais-matos-e-sincera-ao-falar-sobre-o-time-do-sao-paulo-em-2025\/\">(leia a mat\u00e9ria completa).<\/a><\/strong><\/p>\n\n\n\n<figure class=\"wp-block-image size-large\"><img loading=\"lazy\" decoding=\"async\" width=\"1024\" height=\"576\" src=\"http:\/\/www.gaveanews.com\/wp-content\/uploads\/Ana-Thais-Matos-jornalista-do-Sportv-1024x576.webp\" alt=\"\" class=\"wp-image-55460\" srcset=\"https:\/\/www.gaveanews.com\/wp-content\/uploads\/Ana-Thais-Matos-jornalista-do-Sportv-1024x576.webp 1024w, https:\/\/www.gaveanews.com\/wp-content\/uploads\/Ana-Thais-Matos-jornalista-do-Sportv-300x169.webp 300w, https:\/\/www.gaveanews.com\/wp-content\/uploads\/Ana-Thais-Matos-jornalista-do-Sportv-768x432.webp 768w, https:\/\/www.gaveanews.com\/wp-content\/uploads\/Ana-Thais-Matos-jornalista-do-Sportv-746x420.webp 746w, https:\/\/www.gaveanews.com\/wp-content\/uploads\/Ana-Thais-Matos-jornalista-do-Sportv-640x360.webp 640w, https:\/\/www.gaveanews.com\/wp-content\/uploads\/Ana-Thais-Matos-jornalista-do-Sportv-1280x721.webp 1280w, https:\/\/www.gaveanews.com\/wp-content\/uploads\/Ana-Thais-Matos-jornalista-do-Sportv-681x383.webp 681w, https:\/\/www.gaveanews.com\/wp-content\/uploads\/Ana-Thais-Matos-jornalista-do-Sportv-1362x767.webp 1362w, https:\/\/www.gaveanews.com\/wp-content\/uploads\/Ana-Thais-Matos-jornalista-do-Sportv-100x56.webp 100w, https:\/\/www.gaveanews.com\/wp-content\/uploads\/Ana-Thais-Matos-jornalista-do-Sportv.webp 1366w\" sizes=\"auto, (max-width: 1024px) 100vw, 1024px\" \/><figcaption class=\"wp-element-caption\">Ana Thais Matos, jornalista do Sportv (Foto: Reprodu\u00e7\u00e3o)<\/figcaption><\/figure>\n\n\n\n<p>Para mudar o roteiro habitual, o S\u00e3o Paulo refor\u00e7ou o elenco com nomes de peso, como o retorno de Oscar, ap\u00f3s 14 anos, al\u00e9m de Enzo D\u00edaz e Hugo Leonardo. Oscar, que j\u00e1 est\u00e1 regularizado, vestir\u00e1 a camisa 8 em sua reestreia pelo Morumbi. <\/p>\n\n\n\n<p>A chegada desses refor\u00e7os reflete o esfor\u00e7o do clube em buscar um desempenho mais consistente e se consolidar no cen\u00e1rio nacional e continental, especialmente na Libertadores, onde enfrentar\u00e1 grandes rivais.<\/p>\n\n\n\n<p>O time principal estreia em 2025 contra o Cruzeiro, em partida v\u00e1lida pela FC Series, nos Estados Unidos. A expectativa \u00e9 de que os novos refor\u00e7os tragam o equil\u00edbrio necess\u00e1rio para que o S\u00e3o Paulo supere os altos e baixos mencionados por Ana Tha\u00eds Matos e corresponda \u00e0s expectativas de sua torcida, iniciando o ano com um desempenho competitivo e regular.<\/p>\n\n\n\n<h2 class=\"wp-block-heading\" id=\"h-estreia-de-oscar\">Estreia de Oscar <\/h2>\n\n\n\n<p>Oscar estreou pelo S\u00e3o Paulo no empate contra o Cruzeiro, pela FC Series, em Orlando, marcando seu retorno ao clube ap\u00f3s 16 anos. O meia entrou no segundo tempo e jogou por 47 minutos, destacando sua felicidade com a estreia, a intera\u00e7\u00e3o com os companheiros e a boa prepara\u00e7\u00e3o f\u00edsica da equipe. Oscar tamb\u00e9m elogiou a rea\u00e7\u00e3o do S\u00e3o Paulo durante o amistoso, ressaltando as oportunidades criadas e a evolu\u00e7\u00e3o para o in\u00edcio da temporada <strong><a href=\"https:\/\/www.gaveanews.com\/index.php\/2025\/01\/16\/oscar-celebra-estreia-pelo-sao-paulo-e-projeta-evolucao-para-a-temporada\/\">(leia a mat\u00e9ria completa).<\/a><\/strong><\/p>\n\n\n\n<figure class=\"wp-block-image size-full\"><img loading=\"lazy\" decoding=\"async\" width=\"762\" height=\"530\" src=\"http:\/\/www.gaveanews.com\/wp-content\/uploads\/Oscar-pelo-Sao-Paulo.webp\" alt=\"\" class=\"wp-image-213569\" srcset=\"https:\/\/www.gaveanews.com\/wp-content\/uploads\/Oscar-pelo-Sao-Paulo.webp 762w, https:\/\/www.gaveanews.com\/wp-content\/uploads\/Oscar-pelo-Sao-Paulo-300x209.webp 300w, https:\/\/www.gaveanews.com\/wp-content\/uploads\/Oscar-pelo-Sao-Paulo-604x420.webp 604w, https:\/\/www.gaveanews.com\/wp-content\/uploads\/Oscar-pelo-Sao-Paulo-640x445.webp 640w, https:\/\/www.gaveanews.com\/wp-content\/uploads\/Oscar-pelo-Sao-Paulo-681x474.webp 681w, https:\/\/www.gaveanews.com\/wp-content\/uploads\/Oscar-pelo-Sao-Paulo-100x70.webp 100w\" sizes=\"auto, (max-width: 762px) 100vw, 762px\" \/><figcaption class=\"wp-element-caption\">Oscar pelo S\u00e3o Paulo (Cr\u00e9dito: Rubens Chiri \/ S\u00e3o Paulo FC)\n\n<\/figcaption><\/figure>\n\n\n\n<p>Al\u00e9m do desempenho em campo, Oscar valorizou o carinho recebido pelos torcedores presentes no est\u00e1dio, tornando sua reestreia ainda mais especial. Ele relatou a ansiedade antes da partida, mas comemorou a chance de ajudar o time e criar jogadas importantes. O jogador espera manter a conex\u00e3o com a torcida ao longo da temporada, projetando um bom desempenho nos pr\u00f3ximos jogos.<\/p>\n\n\n\n<p>O S\u00e3o Paulo ainda enfrentar\u00e1 o Flamengo em mais um amistoso nos Estados Unidos antes de voltar ao Brasil. A estreia no Campeonato Paulista est\u00e1 marcada para o dia 20 de janeiro, com expectativas de que o meia seja uma pe\u00e7a-chave na equipe comandada por Dorival J\u00fanior para a temporada de 2025.<\/p>\n\n\n\n<h2 class=\"wp-block-heading\" id=\"h-confrontos-das-oitavas-de-final\">Confrontos das oitavas de final<\/h2>\n\n\n\n<p>A Copa S\u00e3o Paulo de Futebol J\u00fanior chega \u00e0s oitavas de final, ap\u00f3s 16 confrontos emocionantes que definiram os times classificados. Entre os destaques da terceira fase, est\u00e3o vit\u00f3rias expressivas como a do Red Bull Bragantino, que goleou o Zumbi por 7 a 0, e a classifica\u00e7\u00e3o do S\u00e3o Paulo, que venceu o Juventude por 1 a 0. Tamb\u00e9m avan\u00e7aram grandes clubes como Botafogo, Palmeiras, Gr\u00eamio e Vasco, que continuam na disputa pelo t\u00edtulo do maior torneio de base do Brasil <strong><a href=\"https:\/\/www.gaveanews.com\/index.php\/2025\/01\/16\/copinha-veja-os-confrontos-das-oitavas-de-final\/\">(leia a mat\u00e9ria completa).<\/a><\/strong><\/p>\n\n\n\n<figure class=\"wp-block-image size-full\"><img loading=\"lazy\" decoding=\"async\" width=\"640\" height=\"322\" src=\"http:\/\/www.gaveanews.com\/wp-content\/uploads\/Taca-da-Copinha-de-Futebol-Junior.webp\" alt=\"\" class=\"wp-image-74399\" srcset=\"https:\/\/www.gaveanews.com\/wp-content\/uploads\/Taca-da-Copinha-de-Futebol-Junior.webp 640w, https:\/\/www.gaveanews.com\/wp-content\/uploads\/Taca-da-Copinha-de-Futebol-Junior-300x151.webp 300w, https:\/\/www.gaveanews.com\/wp-content\/uploads\/Taca-da-Copinha-de-Futebol-Junior-100x50.webp 100w\" sizes=\"auto, (max-width: 640px) 100vw, 640px\" \/><figcaption class=\"wp-element-caption\">Ta\u00e7a da Copinha de Futebol (Foto: Rodrigo Corsi\/FPF-SP)<\/figcaption><\/figure>\n\n\n\n<p>Os confrontos das oitavas j\u00e1 est\u00e3o definidos, com partidas marcadas para os dias 16 e 17 de janeiro. Entre os jogos mais esperados, destacam-se Fluminense x S\u00e3o Paulo e Cruzeiro x Bahia, ambos com grandes tradi\u00e7\u00f5es na forma\u00e7\u00e3o de talentos. No dia seguinte, Palmeiras enfrentar\u00e1 o Audax, enquanto Corinthians e Ituano prometem um duelo acirrado. As partidas ocorrer\u00e3o em v\u00e1rias cidades paulistas, mantendo o ritmo intenso da competi\u00e7\u00e3o.<\/p>\n\n\n\n<p>Com apenas 16 equipes restantes, o torneio entra em sua fase mais decisiva, prometendo jogos de alto n\u00edvel. Os clubes que avan\u00e7arem \u00e0s quartas de final estar\u00e3o cada vez mais pr\u00f3ximos do t\u00edtulo e da consagra\u00e7\u00e3o de suas promessas no futebol nacional. A torcida acompanha com expectativa o desfecho da Copinha, que segue como uma das principais vitrines de jovens talentos no Brasil.<\/p>\n","protected":false},"excerpt":{"rendered":"<p>Nas \u00faltimas horas, o foco das not\u00edcias sobre o S\u00e3o Paulo se concentram nos bastidores do clube, com destaques do dia a dia do time. Por conta deste contexto, leia abaixo um resumo preparado pela equipe do portal G\u00e1vea News para lhe manter muito bem informado! Recado de Ana Tha\u00eds Matos Ana Tha\u00eds Matos trouxe [&hellip;]<\/p>\n","protected":false},"author":27,"featured_media":154451,"comment_status":"open","ping_status":"closed","sticky":false,"template":"","format":"standard","meta":{"footnotes":""},"categories":[151],"tags":[],"class_list":["post-218127","post","type-post","status-publish","format-standard","has-post-thumbnail","hentry","category-sao-paulo"],"yoast_head":"<!-- This site is optimized with the Yoast SEO Premium plugin v24.2 (Yoast SEO v26.9) - https:\/\/yoast.com\/product\/yoast-seo-premium-wordpress\/ -->\n<title>Confrontos das oitavas de final, estreia de Oscar e Recado de Ana Tha\u00eds Matos: as \u00faltimas not\u00edcias do S\u00e3o Paulo<\/title>\n<meta name=\"robots\" content=\"index, follow, max-snippet:-1, max-image-preview:large, max-video-preview:-1\" \/>\n<link rel=\"canonical\" href=\"https:\/\/www.gaveanews.com\/index.php\/2025\/01\/26\/confrontos-das-oitavas-de-final-estreia-de-oscar-e-recado-de-ana-thais-matos-as-ultimas-noticias-do-sao-paulo\/\" \/>\n<meta property=\"og:locale\" content=\"pt_BR\" \/>\n<meta property=\"og:type\" content=\"article\" \/>\n<meta property=\"og:title\" content=\"Confrontos das oitavas de final, estreia de Oscar e Recado de Ana Tha\u00eds Matos: as \u00faltimas not\u00edcias do S\u00e3o Paulo\" \/>\n<meta property=\"og:description\" content=\"Nas \u00faltimas horas, o foco das not\u00edcias sobre o S\u00e3o Paulo se concentram nos bastidores do clube, com destaques do dia a dia do time. Por conta deste contexto, leia abaixo um resumo preparado pela equipe do portal G\u00e1vea News para lhe manter muito bem informado! Recado de Ana Tha\u00eds Matos Ana Tha\u00eds Matos trouxe [&hellip;]\" \/>\n<meta property=\"og:url\" content=\"https:\/\/www.gaveanews.com\/index.php\/2025\/01\/26\/confrontos-das-oitavas-de-final-estreia-de-oscar-e-recado-de-ana-thais-matos-as-ultimas-noticias-do-sao-paulo\/\" \/>\n<meta property=\"og:site_name\" content=\"G\u00e1vea News\" \/>\n<meta property=\"article:publisher\" content=\"https:\/\/facebook.com\/gaveaNews\/\" \/>\n<meta property=\"article:published_time\" content=\"2025-01-26T08:30:00+00:00\" \/>\n<meta property=\"og:image\" content=\"https:\/\/www.gaveanews.com\/wp-content\/uploads\/Escudo-do-Sao-Paulo.webp\" \/>\n\t<meta property=\"og:image:width\" content=\"977\" \/>\n\t<meta property=\"og:image:height\" content=\"651\" \/>\n\t<meta property=\"og:image:type\" content=\"image\/webp\" \/>\n<meta name=\"author\" content=\"Matheus Felipe\" \/>\n<meta name=\"twitter:card\" content=\"summary_large_image\" \/>\n<meta name=\"twitter:label1\" content=\"Escrito por\" \/>\n\t<meta name=\"twitter:data1\" content=\"Matheus Felipe\" \/>\n\t<meta name=\"twitter:label2\" content=\"Est. tempo de leitura\" \/>\n\t<meta name=\"twitter:data2\" content=\"5 minutos\" \/>\n<script type=\"application\/ld+json\" class=\"yoast-schema-graph\">{\"@context\":\"https:\/\/schema.org\",\"@graph\":[{\"@type\":\"NewsArticle\",\"@id\":\"https:\/\/www.gaveanews.com\/index.php\/2025\/01\/26\/confrontos-das-oitavas-de-final-estreia-de-oscar-e-recado-de-ana-thais-matos-as-ultimas-noticias-do-sao-paulo\/#article\",\"isPartOf\":{\"@id\":\"https:\/\/www.gaveanews.com\/index.php\/2025\/01\/26\/confrontos-das-oitavas-de-final-estreia-de-oscar-e-recado-de-ana-thais-matos-as-ultimas-noticias-do-sao-paulo\/\"},\"author\":{\"name\":\"Matheus Felipe\",\"@id\":\"https:\/\/www.gaveanews.com\/#\/schema\/person\/8207cd4627f56151707418bfc835b2fb\"},\"headline\":\"Confrontos das oitavas de final, estreia de Oscar e Recado de Ana Tha\u00eds Matos: as \u00faltimas not\u00edcias do S\u00e3o Paulo\",\"datePublished\":\"2025-01-26T08:30:00+00:00\",\"mainEntityOfPage\":{\"@id\":\"https:\/\/www.gaveanews.com\/index.php\/2025\/01\/26\/confrontos-das-oitavas-de-final-estreia-de-oscar-e-recado-de-ana-thais-matos-as-ultimas-noticias-do-sao-paulo\/\"},\"wordCount\":790,\"commentCount\":0,\"image\":{\"@id\":\"https:\/\/www.gaveanews.com\/index.php\/2025\/01\/26\/confrontos-das-oitavas-de-final-estreia-de-oscar-e-recado-de-ana-thais-matos-as-ultimas-noticias-do-sao-paulo\/#primaryimage\"},\"thumbnailUrl\":\"https:\/\/www.gaveanews.com\/wp-content\/uploads\/Escudo-do-Sao-Paulo.webp\",\"articleSection\":[\"S\u00e3o Paulo\"],\"inLanguage\":\"pt-BR\",\"potentialAction\":[{\"@type\":\"CommentAction\",\"name\":\"Comment\",\"target\":[\"https:\/\/www.gaveanews.com\/index.php\/2025\/01\/26\/confrontos-das-oitavas-de-final-estreia-de-oscar-e-recado-de-ana-thais-matos-as-ultimas-noticias-do-sao-paulo\/#respond\"]}],\"copyrightYear\":\"2025\",\"copyrightHolder\":{\"@id\":\"https:\/\/www.gaveanews.com\/#organization\"}},{\"@type\":\"WebPage\",\"@id\":\"https:\/\/www.gaveanews.com\/index.php\/2025\/01\/26\/confrontos-das-oitavas-de-final-estreia-de-oscar-e-recado-de-ana-thais-matos-as-ultimas-noticias-do-sao-paulo\/\",\"url\":\"https:\/\/www.gaveanews.com\/index.php\/2025\/01\/26\/confrontos-das-oitavas-de-final-estreia-de-oscar-e-recado-de-ana-thais-matos-as-ultimas-noticias-do-sao-paulo\/\",\"name\":\"Confrontos das oitavas de final, estreia de Oscar e Recado de Ana Tha\u00eds Matos: as \u00faltimas not\u00edcias do S\u00e3o Paulo\",\"isPartOf\":{\"@id\":\"https:\/\/www.gaveanews.com\/#website\"},\"primaryImageOfPage\":{\"@id\":\"https:\/\/www.gaveanews.com\/index.php\/2025\/01\/26\/confrontos-das-oitavas-de-final-estreia-de-oscar-e-recado-de-ana-thais-matos-as-ultimas-noticias-do-sao-paulo\/#primaryimage\"},\"image\":{\"@id\":\"https:\/\/www.gaveanews.com\/index.php\/2025\/01\/26\/confrontos-das-oitavas-de-final-estreia-de-oscar-e-recado-de-ana-thais-matos-as-ultimas-noticias-do-sao-paulo\/#primaryimage\"},\"thumbnailUrl\":\"https:\/\/www.gaveanews.com\/wp-content\/uploads\/Escudo-do-Sao-Paulo.webp\",\"datePublished\":\"2025-01-26T08:30:00+00:00\",\"author\":{\"@id\":\"https:\/\/www.gaveanews.com\/#\/schema\/person\/8207cd4627f56151707418bfc835b2fb\"},\"breadcrumb\":{\"@id\":\"https:\/\/www.gaveanews.com\/index.php\/2025\/01\/26\/confrontos-das-oitavas-de-final-estreia-de-oscar-e-recado-de-ana-thais-matos-as-ultimas-noticias-do-sao-paulo\/#breadcrumb\"},\"inLanguage\":\"pt-BR\",\"potentialAction\":[{\"@type\":\"ReadAction\",\"target\":[\"https:\/\/www.gaveanews.com\/index.php\/2025\/01\/26\/confrontos-das-oitavas-de-final-estreia-de-oscar-e-recado-de-ana-thais-matos-as-ultimas-noticias-do-sao-paulo\/\"]}]},{\"@type\":\"ImageObject\",\"inLanguage\":\"pt-BR\",\"@id\":\"https:\/\/www.gaveanews.com\/index.php\/2025\/01\/26\/confrontos-das-oitavas-de-final-estreia-de-oscar-e-recado-de-ana-thais-matos-as-ultimas-noticias-do-sao-paulo\/#primaryimage\",\"url\":\"https:\/\/www.gaveanews.com\/wp-content\/uploads\/Escudo-do-Sao-Paulo.webp\",\"contentUrl\":\"https:\/\/www.gaveanews.com\/wp-content\/uploads\/Escudo-do-Sao-Paulo.webp\",\"width\":977,\"height\":651,\"caption\":\"Escudo do S\u00e3o Paulo (Foto: Reprodu\u00e7\u00e3o\/S\u00e3o Paulo)\"},{\"@type\":\"BreadcrumbList\",\"@id\":\"https:\/\/www.gaveanews.com\/index.php\/2025\/01\/26\/confrontos-das-oitavas-de-final-estreia-de-oscar-e-recado-de-ana-thais-matos-as-ultimas-noticias-do-sao-paulo\/#breadcrumb\",\"itemListElement\":[{\"@type\":\"ListItem\",\"position\":1,\"name\":\"Home\",\"item\":\"https:\/\/www.gaveanews.com\/\"},{\"@type\":\"ListItem\",\"position\":2,\"name\":\"Confrontos das oitavas de final, estreia de Oscar e Recado de Ana Tha\u00eds Matos: as \u00faltimas not\u00edcias do S\u00e3o Paulo\"}]},{\"@type\":\"WebSite\",\"@id\":\"https:\/\/www.gaveanews.com\/#website\",\"url\":\"https:\/\/www.gaveanews.com\/\",\"name\":\"G\u00e1vea News\",\"description\":\"Veja todas as not\u00edcias sobre o Flamengo: Contrata\u00e7\u00f5es, categorias de base, resultados das partidas, tabela de classifica\u00e7\u00e3o, pr\u00f3ximos jogos!\",\"potentialAction\":[{\"@type\":\"SearchAction\",\"target\":{\"@type\":\"EntryPoint\",\"urlTemplate\":\"https:\/\/www.gaveanews.com\/?s={search_term_string}\"},\"query-input\":{\"@type\":\"PropertyValueSpecification\",\"valueRequired\":true,\"valueName\":\"search_term_string\"}}],\"inLanguage\":\"pt-BR\"},{\"@type\":\"Person\",\"@id\":\"https:\/\/www.gaveanews.com\/#\/schema\/person\/8207cd4627f56151707418bfc835b2fb\",\"name\":\"Matheus Felipe\",\"image\":{\"@type\":\"ImageObject\",\"inLanguage\":\"pt-BR\",\"@id\":\"https:\/\/www.gaveanews.com\/#\/schema\/person\/image\/\",\"url\":\"https:\/\/secure.gravatar.com\/avatar\/a452ffbed9130f726358b298bb3a99ce4bd3c5338411f8440e87e14d74c7c087?s=96&d=mm&r=g\",\"contentUrl\":\"https:\/\/secure.gravatar.com\/avatar\/a452ffbed9130f726358b298bb3a99ce4bd3c5338411f8440e87e14d74c7c087?s=96&d=mm&r=g\",\"caption\":\"Matheus Felipe\"}}]}<\/script>\n<!-- \/ Yoast SEO Premium plugin. -->","yoast_head_json":{"title":"Confrontos das oitavas de final, estreia de Oscar e Recado de Ana Tha\u00eds Matos: as \u00faltimas not\u00edcias do S\u00e3o Paulo","robots":{"index":"index","follow":"follow","max-snippet":"max-snippet:-1","max-image-preview":"max-image-preview:large","max-video-preview":"max-video-preview:-1"},"canonical":"https:\/\/www.gaveanews.com\/index.php\/2025\/01\/26\/confrontos-das-oitavas-de-final-estreia-de-oscar-e-recado-de-ana-thais-matos-as-ultimas-noticias-do-sao-paulo\/","og_locale":"pt_BR","og_type":"article","og_title":"Confrontos das oitavas de final, estreia de Oscar e Recado de Ana Tha\u00eds Matos: as \u00faltimas not\u00edcias do S\u00e3o Paulo","og_description":"Nas \u00faltimas horas, o foco das not\u00edcias sobre o S\u00e3o Paulo se concentram nos bastidores do clube, com destaques do dia a dia do time. Por conta deste contexto, leia abaixo um resumo preparado pela equipe do portal G\u00e1vea News para lhe manter muito bem informado! Recado de Ana Tha\u00eds Matos Ana Tha\u00eds Matos trouxe [&hellip;]","og_url":"https:\/\/www.gaveanews.com\/index.php\/2025\/01\/26\/confrontos-das-oitavas-de-final-estreia-de-oscar-e-recado-de-ana-thais-matos-as-ultimas-noticias-do-sao-paulo\/","og_site_name":"G\u00e1vea News","article_publisher":"https:\/\/facebook.com\/gaveaNews\/","article_published_time":"2025-01-26T08:30:00+00:00","og_image":[{"width":977,"height":651,"url":"https:\/\/www.gaveanews.com\/wp-content\/uploads\/Escudo-do-Sao-Paulo.webp","type":"image\/webp"}],"author":"Matheus Felipe","twitter_card":"summary_large_image","twitter_misc":{"Escrito por":"Matheus Felipe","Est. tempo de leitura":"5 minutos"},"schema":{"@context":"https:\/\/schema.org","@graph":[{"@type":"NewsArticle","@id":"https:\/\/www.gaveanews.com\/index.php\/2025\/01\/26\/confrontos-das-oitavas-de-final-estreia-de-oscar-e-recado-de-ana-thais-matos-as-ultimas-noticias-do-sao-paulo\/#article","isPartOf":{"@id":"https:\/\/www.gaveanews.com\/index.php\/2025\/01\/26\/confrontos-das-oitavas-de-final-estreia-de-oscar-e-recado-de-ana-thais-matos-as-ultimas-noticias-do-sao-paulo\/"},"author":{"name":"Matheus Felipe","@id":"https:\/\/www.gaveanews.com\/#\/schema\/person\/8207cd4627f56151707418bfc835b2fb"},"headline":"Confrontos das oitavas de final, estreia de Oscar e Recado de Ana Tha\u00eds Matos: as \u00faltimas not\u00edcias do S\u00e3o Paulo","datePublished":"2025-01-26T08:30:00+00:00","mainEntityOfPage":{"@id":"https:\/\/www.gaveanews.com\/index.php\/2025\/01\/26\/confrontos-das-oitavas-de-final-estreia-de-oscar-e-recado-de-ana-thais-matos-as-ultimas-noticias-do-sao-paulo\/"},"wordCount":790,"commentCount":0,"image":{"@id":"https:\/\/www.gaveanews.com\/index.php\/2025\/01\/26\/confrontos-das-oitavas-de-final-estreia-de-oscar-e-recado-de-ana-thais-matos-as-ultimas-noticias-do-sao-paulo\/#primaryimage"},"thumbnailUrl":"https:\/\/www.gaveanews.com\/wp-content\/uploads\/Escudo-do-Sao-Paulo.webp","articleSection":["S\u00e3o Paulo"],"inLanguage":"pt-BR","potentialAction":[{"@type":"CommentAction","name":"Comment","target":["https:\/\/www.gaveanews.com\/index.php\/2025\/01\/26\/confrontos-das-oitavas-de-final-estreia-de-oscar-e-recado-de-ana-thais-matos-as-ultimas-noticias-do-sao-paulo\/#respond"]}],"copyrightYear":"2025","copyrightHolder":{"@id":"https:\/\/www.gaveanews.com\/#organization"}},{"@type":"WebPage","@id":"https:\/\/www.gaveanews.com\/index.php\/2025\/01\/26\/confrontos-das-oitavas-de-final-estreia-de-oscar-e-recado-de-ana-thais-matos-as-ultimas-noticias-do-sao-paulo\/","url":"https:\/\/www.gaveanews.com\/index.php\/2025\/01\/26\/confrontos-das-oitavas-de-final-estreia-de-oscar-e-recado-de-ana-thais-matos-as-ultimas-noticias-do-sao-paulo\/","name":"Confrontos das oitavas de final, estreia de Oscar e Recado de Ana Tha\u00eds Matos: as \u00faltimas not\u00edcias do S\u00e3o Paulo","isPartOf":{"@id":"https:\/\/www.gaveanews.com\/#website"},"primaryImageOfPage":{"@id":"https:\/\/www.gaveanews.com\/index.php\/2025\/01\/26\/confrontos-das-oitavas-de-final-estreia-de-oscar-e-recado-de-ana-thais-matos-as-ultimas-noticias-do-sao-paulo\/#primaryimage"},"image":{"@id":"https:\/\/www.gaveanews.com\/index.php\/2025\/01\/26\/confrontos-das-oitavas-de-final-estreia-de-oscar-e-recado-de-ana-thais-matos-as-ultimas-noticias-do-sao-paulo\/#primaryimage"},"thumbnailUrl":"https:\/\/www.gaveanews.com\/wp-content\/uploads\/Escudo-do-Sao-Paulo.webp","datePublished":"2025-01-26T08:30:00+00:00","author":{"@id":"https:\/\/www.gaveanews.com\/#\/schema\/person\/8207cd4627f56151707418bfc835b2fb"},"breadcrumb":{"@id":"https:\/\/www.gaveanews.com\/index.php\/2025\/01\/26\/confrontos-das-oitavas-de-final-estreia-de-oscar-e-recado-de-ana-thais-matos-as-ultimas-noticias-do-sao-paulo\/#breadcrumb"},"inLanguage":"pt-BR","potentialAction":[{"@type":"ReadAction","target":["https:\/\/www.gaveanews.com\/index.php\/2025\/01\/26\/confrontos-das-oitavas-de-final-estreia-de-oscar-e-recado-de-ana-thais-matos-as-ultimas-noticias-do-sao-paulo\/"]}]},{"@type":"ImageObject","inLanguage":"pt-BR","@id":"https:\/\/www.gaveanews.com\/index.php\/2025\/01\/26\/confrontos-das-oitavas-de-final-estreia-de-oscar-e-recado-de-ana-thais-matos-as-ultimas-noticias-do-sao-paulo\/#primaryimage","url":"https:\/\/www.gaveanews.com\/wp-content\/uploads\/Escudo-do-Sao-Paulo.webp","contentUrl":"https:\/\/www.gaveanews.com\/wp-content\/uploads\/Escudo-do-Sao-Paulo.webp","width":977,"height":651,"caption":"Escudo do S\u00e3o Paulo (Foto: Reprodu\u00e7\u00e3o\/S\u00e3o Paulo)"},{"@type":"BreadcrumbList","@id":"https:\/\/www.gaveanews.com\/index.php\/2025\/01\/26\/confrontos-das-oitavas-de-final-estreia-de-oscar-e-recado-de-ana-thais-matos-as-ultimas-noticias-do-sao-paulo\/#breadcrumb","itemListElement":[{"@type":"ListItem","position":1,"name":"Home","item":"https:\/\/www.gaveanews.com\/"},{"@type":"ListItem","position":2,"name":"Confrontos das oitavas de final, estreia de Oscar e Recado de Ana Tha\u00eds Matos: as \u00faltimas not\u00edcias do S\u00e3o Paulo"}]},{"@type":"WebSite","@id":"https:\/\/www.gaveanews.com\/#website","url":"https:\/\/www.gaveanews.com\/","name":"G\u00e1vea News","description":"Veja todas as not\u00edcias sobre o Flamengo: Contrata\u00e7\u00f5es, categorias de base, resultados das partidas, tabela de classifica\u00e7\u00e3o, pr\u00f3ximos jogos!","potentialAction":[{"@type":"SearchAction","target":{"@type":"EntryPoint","urlTemplate":"https:\/\/www.gaveanews.com\/?s={search_term_string}"},"query-input":{"@type":"PropertyValueSpecification","valueRequired":true,"valueName":"search_term_string"}}],"inLanguage":"pt-BR"},{"@type":"Person","@id":"https:\/\/www.gaveanews.com\/#\/schema\/person\/8207cd4627f56151707418bfc835b2fb","name":"Matheus Felipe","image":{"@type":"ImageObject","inLanguage":"pt-BR","@id":"https:\/\/www.gaveanews.com\/#\/schema\/person\/image\/","url":"https:\/\/secure.gravatar.com\/avatar\/a452ffbed9130f726358b298bb3a99ce4bd3c5338411f8440e87e14d74c7c087?s=96&d=mm&r=g","contentUrl":"https:\/\/secure.gravatar.com\/avatar\/a452ffbed9130f726358b298bb3a99ce4bd3c5338411f8440e87e14d74c7c087?s=96&d=mm&r=g","caption":"Matheus Felipe"}}]}},"_links":{"self":[{"href":"https:\/\/www.gaveanews.com\/index.php\/wp-json\/wp\/v2\/posts\/218127","targetHints":{"allow":["GET"]}}],"collection":[{"href":"https:\/\/www.gaveanews.com\/index.php\/wp-json\/wp\/v2\/posts"}],"about":[{"href":"https:\/\/www.gaveanews.com\/index.php\/wp-json\/wp\/v2\/types\/post"}],"author":[{"embeddable":true,"href":"https:\/\/www.gaveanews.com\/index.php\/wp-json\/wp\/v2\/users\/27"}],"replies":[{"embeddable":true,"href":"https:\/\/www.gaveanews.com\/index.php\/wp-json\/wp\/v2\/comments?post=218127"}],"version-history":[{"count":1,"href":"https:\/\/www.gaveanews.com\/index.php\/wp-json\/wp\/v2\/posts\/218127\/revisions"}],"predecessor-version":[{"id":218136,"href":"https:\/\/www.gaveanews.com\/index.php\/wp-json\/wp\/v2\/posts\/218127\/revisions\/218136"}],"wp:featuredmedia":[{"embeddable":true,"href":"https:\/\/www.gaveanews.com\/index.php\/wp-json\/wp\/v2\/media\/154451"}],"wp:attachment":[{"href":"https:\/\/www.gaveanews.com\/index.php\/wp-json\/wp\/v2\/media?parent=218127"}],"wp:term":[{"taxonomy":"category","embeddable":true,"href":"https:\/\/www.gaveanews.com\/index.php\/wp-json\/wp\/v2\/categories?post=218127"},{"taxonomy":"post_tag","embeddable":true,"href":"https:\/\/www.gaveanews.com\/index.php\/wp-json\/wp\/v2\/tags?post=218127"}],"curies":[{"name":"wp","href":"https:\/\/api.w.org\/{rel}","templated":true}]}}