{"id":219528,"date":"2025-01-28T23:05:00","date_gmt":"2025-01-29T02:05:00","guid":{"rendered":"https:\/\/www.gaveanews.com\/?p=219528"},"modified":"2025-01-28T22:56:47","modified_gmt":"2025-01-29T01:56:47","slug":"video-a-declaracao-de-lucas-pedrosa-sobre-o-retorno-de-neymar-ao-santos","status":"publish","type":"post","link":"https:\/\/www.gaveanews.com\/index.php\/2025\/01\/28\/video-a-declaracao-de-lucas-pedrosa-sobre-o-retorno-de-neymar-ao-santos\/","title":{"rendered":"V\u00eddeo: a declara\u00e7\u00e3o de Lucas Pedrosa sobre o retorno de Neymar ao Santos"},"content":{"rendered":"\n<h2 class=\"wp-block-heading\" id=\"h-a-volta-do-neymar-e-uma-esperanca-do-povo-brasileiro-diz-lucas\"><strong>&#8220;<\/strong>A volta do Neymar \u00e9 uma esperan\u00e7a do povo brasileiro&#8221;, diz Lucas<\/h2>\n\n\n\n<p>Neymar rescindiu seu contrato com o Al-Hilal na \u00faltima segunda-feira (27) e est\u00e1 cada vez mais pr\u00f3ximo de acertar seu retorno ao Santos. Nesta ter\u00e7a-feira (28), o craque inclusive postou um story no &#8220;Instagram&#8221;, com a legenda: &#8220;muito ruim arrumar mala, que desespero&#8221;. O jornalista Lucas Pedrosa comentou sobre a volta do astro brasileiro. <\/p>\n\n\n\n<p>No programa &#8220;SBT Rio&#8221;, o jornalista Lucas Pedrosa comentou sobre o retorno de Neymar ao Santos. Para Lucas, a decis\u00e3o de voltar ao Peixe foi a melhor de sua carreira. <\/p>\n\n\n\n<p>&#8220;A transfer\u00eancia dele do Santos para o Barcelona foi a melhor decis\u00e3o que ele tomou,\u00a0e agora a volta dele para o Santos \u00e9 a melhor decis\u00e3o que ele tomou na carreira.\u00a0Porque a decis\u00e3o de sair do Barcelona para o PSG foi algo que acabou prejudicando muito a carreira dele.\u00a0Ele tinha uma margem de crescimento no Barcelona enorme. Ele poderia ter seguido o caminho que todo mundo imaginava,\u00a0que era de melhor do mundo, que era de jogador protagonista em todas as grandes ligas.\u00a0O cara que \u00e9 genial, que \u00e9 talentoso, mas ele toma a decis\u00e3o do PSG, e \u00e9 muito prejudicado l\u00e1 tamb\u00e9m pelas les\u00f5es, a carreira dele desce de rendimento&#8221;, iniciou. <\/p>\n\n\n\n<p>&#8220;E a\u00ed depois ele vai para o Al-Hilal,\u00a0quando as pessoas imaginavam que ele ainda poderia, por exemplo, voltar para o futebol brasileiro ou ir para outro time no futebol europeu.\u00a0Agora n\u00e3o.\u00a0Eu acho que n\u00e3o \u00e9 s\u00f3 uma esperan\u00e7a do Santista,\u00a0\u00e9 uma esperan\u00e7a do povo brasileiro\u00a0de quem sabe recuperar o grande g\u00eanio que o futebol brasileiro produziu\u00a0nos \u00faltimos 15 anos, que se chama Neymar&#8221;, acrescentou. <\/p>\n\n\n\n<p>Lucas ainda disse que Neymar precisa se cuidar e melhorar sua parte f\u00edsica, mas que habilidade e talento \u00e9 algo que n\u00e3o falta para ele. Al\u00e9m disso, o jornalista ainda relembrou de um momento curioso do atacante no futebol brasileiro antes de partir para a Europa. <\/p>\n\n\n\n<p>&#8220;Ent\u00e3o assim, o retorno dele ao Santos \u00e9 um retorno que eu tenho certeza\u00a0que a torcida do Santos vai ter paci\u00eancia com ele.\u00a0Ele vai precisar voltar \u00e0 sua melhor forma f\u00edsica, obviamente,\u00a0porque talento sobra.\u00a0O Neymar \u00e9 um jogador que saiu daqui do Brasil, para voc\u00eas terem no\u00e7\u00e3o,\u00a0que ele foi proibido de disputar pr\u00eamios,\u00a0porque ele era o principal jogador. Ent\u00e3o n\u00e3o tinha gra\u00e7a colocar ele em qualquer tipo de disputa de pr\u00eamio\u00a0no futebol brasileiro, para voc\u00eas entenderem o n\u00edvel desse jogador&#8221;, disse, continuando:<\/p>\n\n\n\n<p>&#8220;Ent\u00e3o, sem d\u00favida alguma, na minha vis\u00e3o,\u00a0\u00e9 talvez a \u00faltima cartada do Neymar para voltar a recuperar\u00a0a pessoa que ele \u00e9, o grande futebol que ele tem\u00a0e tamb\u00e9m recuperar a alegria de jogar futebol. Em lugar nenhum seria melhor para o Neymar do que o Santos no Brasil&#8221;, finalizou Lucas Pedrosa. <\/p>\n","protected":false},"excerpt":{"rendered":"<p>&#8220;A volta do Neymar \u00e9 uma esperan\u00e7a do povo brasileiro&#8221;, diz Lucas Neymar rescindiu seu contrato com o Al-Hilal na \u00faltima segunda-feira (27) e est\u00e1 cada vez mais pr\u00f3ximo de acertar seu retorno ao Santos. Nesta ter\u00e7a-feira (28), o craque inclusive postou um story no &#8220;Instagram&#8221;, com a legenda: &#8220;muito ruim arrumar mala, que desespero&#8221;. [&hellip;]<\/p>\n","protected":false},"author":21,"featured_media":217605,"comment_status":"open","ping_status":"closed","sticky":false,"template":"","format":"standard","meta":{"footnotes":""},"categories":[139],"tags":[],"class_list":["post-219528","post","type-post","status-publish","format-standard","has-post-thumbnail","hentry","category-santos"],"yoast_head":"<!-- This site is optimized with the Yoast SEO Premium plugin v24.2 (Yoast SEO v26.9) - https:\/\/yoast.com\/product\/yoast-seo-premium-wordpress\/ -->\n<title>V\u00eddeo: a declara\u00e7\u00e3o de Lucas Pedrosa sobre o retorno de Neymar ao Santos<\/title>\n<meta name=\"robots\" content=\"index, follow, max-snippet:-1, max-image-preview:large, max-video-preview:-1\" \/>\n<link rel=\"canonical\" href=\"https:\/\/www.gaveanews.com\/index.php\/2025\/01\/28\/video-a-declaracao-de-lucas-pedrosa-sobre-o-retorno-de-neymar-ao-santos\/\" \/>\n<meta property=\"og:locale\" content=\"pt_BR\" \/>\n<meta property=\"og:type\" content=\"article\" \/>\n<meta property=\"og:title\" content=\"V\u00eddeo: a declara\u00e7\u00e3o de Lucas Pedrosa sobre o retorno de Neymar ao Santos\" \/>\n<meta property=\"og:description\" content=\"&#8220;A volta do Neymar \u00e9 uma esperan\u00e7a do povo brasileiro&#8221;, diz Lucas Neymar rescindiu seu contrato com o Al-Hilal na \u00faltima segunda-feira (27) e est\u00e1 cada vez mais pr\u00f3ximo de acertar seu retorno ao Santos. Nesta ter\u00e7a-feira (28), o craque inclusive postou um story no &#8220;Instagram&#8221;, com a legenda: &#8220;muito ruim arrumar mala, que desespero&#8221;. [&hellip;]\" \/>\n<meta property=\"og:url\" content=\"https:\/\/www.gaveanews.com\/index.php\/2025\/01\/28\/video-a-declaracao-de-lucas-pedrosa-sobre-o-retorno-de-neymar-ao-santos\/\" \/>\n<meta property=\"og:site_name\" content=\"G\u00e1vea News\" \/>\n<meta property=\"article:publisher\" content=\"https:\/\/facebook.com\/gaveaNews\/\" \/>\n<meta property=\"article:published_time\" content=\"2025-01-29T02:05:00+00:00\" \/>\n<meta property=\"og:image\" content=\"https:\/\/www.gaveanews.com\/wp-content\/uploads\/image-18.webp\" \/>\n\t<meta property=\"og:image:width\" content=\"736\" \/>\n\t<meta property=\"og:image:height\" content=\"920\" \/>\n\t<meta property=\"og:image:type\" content=\"image\/png\" \/>\n<meta name=\"author\" content=\"Andr\u00e9 Serra\" \/>\n<meta name=\"twitter:card\" content=\"summary_large_image\" \/>\n<meta name=\"twitter:label1\" content=\"Escrito por\" \/>\n\t<meta name=\"twitter:data1\" content=\"Andr\u00e9 Serra\" \/>\n\t<meta name=\"twitter:label2\" content=\"Est. tempo de leitura\" \/>\n\t<meta name=\"twitter:data2\" content=\"3 minutos\" \/>\n<script type=\"application\/ld+json\" class=\"yoast-schema-graph\">{\"@context\":\"https:\/\/schema.org\",\"@graph\":[{\"@type\":\"NewsArticle\",\"@id\":\"https:\/\/www.gaveanews.com\/index.php\/2025\/01\/28\/video-a-declaracao-de-lucas-pedrosa-sobre-o-retorno-de-neymar-ao-santos\/#article\",\"isPartOf\":{\"@id\":\"https:\/\/www.gaveanews.com\/index.php\/2025\/01\/28\/video-a-declaracao-de-lucas-pedrosa-sobre-o-retorno-de-neymar-ao-santos\/\"},\"author\":{\"name\":\"Andr\u00e9 Serra\",\"@id\":\"https:\/\/www.gaveanews.com\/#\/schema\/person\/0277a79a1289c451c281ec0411d84f0c\"},\"headline\":\"V\u00eddeo: a declara\u00e7\u00e3o de Lucas Pedrosa sobre o retorno de Neymar ao Santos\",\"datePublished\":\"2025-01-29T02:05:00+00:00\",\"mainEntityOfPage\":{\"@id\":\"https:\/\/www.gaveanews.com\/index.php\/2025\/01\/28\/video-a-declaracao-de-lucas-pedrosa-sobre-o-retorno-de-neymar-ao-santos\/\"},\"wordCount\":505,\"commentCount\":0,\"image\":{\"@id\":\"https:\/\/www.gaveanews.com\/index.php\/2025\/01\/28\/video-a-declaracao-de-lucas-pedrosa-sobre-o-retorno-de-neymar-ao-santos\/#primaryimage\"},\"thumbnailUrl\":\"https:\/\/www.gaveanews.com\/wp-content\/uploads\/image-18.webp\",\"articleSection\":[\"Santos\"],\"inLanguage\":\"pt-BR\",\"potentialAction\":[{\"@type\":\"CommentAction\",\"name\":\"Comment\",\"target\":[\"https:\/\/www.gaveanews.com\/index.php\/2025\/01\/28\/video-a-declaracao-de-lucas-pedrosa-sobre-o-retorno-de-neymar-ao-santos\/#respond\"]}],\"copyrightYear\":\"2025\",\"copyrightHolder\":{\"@id\":\"https:\/\/www.gaveanews.com\/#organization\"}},{\"@type\":\"WebPage\",\"@id\":\"https:\/\/www.gaveanews.com\/index.php\/2025\/01\/28\/video-a-declaracao-de-lucas-pedrosa-sobre-o-retorno-de-neymar-ao-santos\/\",\"url\":\"https:\/\/www.gaveanews.com\/index.php\/2025\/01\/28\/video-a-declaracao-de-lucas-pedrosa-sobre-o-retorno-de-neymar-ao-santos\/\",\"name\":\"V\u00eddeo: a declara\u00e7\u00e3o de Lucas Pedrosa sobre o retorno de Neymar ao Santos\",\"isPartOf\":{\"@id\":\"https:\/\/www.gaveanews.com\/#website\"},\"primaryImageOfPage\":{\"@id\":\"https:\/\/www.gaveanews.com\/index.php\/2025\/01\/28\/video-a-declaracao-de-lucas-pedrosa-sobre-o-retorno-de-neymar-ao-santos\/#primaryimage\"},\"image\":{\"@id\":\"https:\/\/www.gaveanews.com\/index.php\/2025\/01\/28\/video-a-declaracao-de-lucas-pedrosa-sobre-o-retorno-de-neymar-ao-santos\/#primaryimage\"},\"thumbnailUrl\":\"https:\/\/www.gaveanews.com\/wp-content\/uploads\/image-18.webp\",\"datePublished\":\"2025-01-29T02:05:00+00:00\",\"author\":{\"@id\":\"https:\/\/www.gaveanews.com\/#\/schema\/person\/0277a79a1289c451c281ec0411d84f0c\"},\"breadcrumb\":{\"@id\":\"https:\/\/www.gaveanews.com\/index.php\/2025\/01\/28\/video-a-declaracao-de-lucas-pedrosa-sobre-o-retorno-de-neymar-ao-santos\/#breadcrumb\"},\"inLanguage\":\"pt-BR\",\"potentialAction\":[{\"@type\":\"ReadAction\",\"target\":[\"https:\/\/www.gaveanews.com\/index.php\/2025\/01\/28\/video-a-declaracao-de-lucas-pedrosa-sobre-o-retorno-de-neymar-ao-santos\/\"]}]},{\"@type\":\"ImageObject\",\"inLanguage\":\"pt-BR\",\"@id\":\"https:\/\/www.gaveanews.com\/index.php\/2025\/01\/28\/video-a-declaracao-de-lucas-pedrosa-sobre-o-retorno-de-neymar-ao-santos\/#primaryimage\",\"url\":\"https:\/\/www.gaveanews.com\/wp-content\/uploads\/image-18.webp\",\"contentUrl\":\"https:\/\/www.gaveanews.com\/wp-content\/uploads\/image-18.webp\",\"width\":736,\"height\":920},{\"@type\":\"BreadcrumbList\",\"@id\":\"https:\/\/www.gaveanews.com\/index.php\/2025\/01\/28\/video-a-declaracao-de-lucas-pedrosa-sobre-o-retorno-de-neymar-ao-santos\/#breadcrumb\",\"itemListElement\":[{\"@type\":\"ListItem\",\"position\":1,\"name\":\"Home\",\"item\":\"https:\/\/www.gaveanews.com\/\"},{\"@type\":\"ListItem\",\"position\":2,\"name\":\"V\u00eddeo: a declara\u00e7\u00e3o de Lucas Pedrosa sobre o retorno de Neymar ao Santos\"}]},{\"@type\":\"WebSite\",\"@id\":\"https:\/\/www.gaveanews.com\/#website\",\"url\":\"https:\/\/www.gaveanews.com\/\",\"name\":\"G\u00e1vea News\",\"description\":\"Veja todas as not\u00edcias sobre o Flamengo: Contrata\u00e7\u00f5es, categorias de base, resultados das partidas, tabela de classifica\u00e7\u00e3o, pr\u00f3ximos jogos!\",\"potentialAction\":[{\"@type\":\"SearchAction\",\"target\":{\"@type\":\"EntryPoint\",\"urlTemplate\":\"https:\/\/www.gaveanews.com\/?s={search_term_string}\"},\"query-input\":{\"@type\":\"PropertyValueSpecification\",\"valueRequired\":true,\"valueName\":\"search_term_string\"}}],\"inLanguage\":\"pt-BR\"},{\"@type\":\"Person\",\"@id\":\"https:\/\/www.gaveanews.com\/#\/schema\/person\/0277a79a1289c451c281ec0411d84f0c\",\"name\":\"Andr\u00e9 Serra\",\"image\":{\"@type\":\"ImageObject\",\"inLanguage\":\"pt-BR\",\"@id\":\"https:\/\/www.gaveanews.com\/#\/schema\/person\/image\/\",\"url\":\"https:\/\/secure.gravatar.com\/avatar\/d7231369fe48db93292b3e88eb2162dbd9a34a47a8437d9ef3bcaca2a86a83d7?s=96&d=mm&r=g\",\"contentUrl\":\"https:\/\/secure.gravatar.com\/avatar\/d7231369fe48db93292b3e88eb2162dbd9a34a47a8437d9ef3bcaca2a86a83d7?s=96&d=mm&r=g\",\"caption\":\"Andr\u00e9 Serra\"}}]}<\/script>\n<!-- \/ Yoast SEO Premium plugin. -->","yoast_head_json":{"title":"V\u00eddeo: a declara\u00e7\u00e3o de Lucas Pedrosa sobre o retorno de Neymar ao Santos","robots":{"index":"index","follow":"follow","max-snippet":"max-snippet:-1","max-image-preview":"max-image-preview:large","max-video-preview":"max-video-preview:-1"},"canonical":"https:\/\/www.gaveanews.com\/index.php\/2025\/01\/28\/video-a-declaracao-de-lucas-pedrosa-sobre-o-retorno-de-neymar-ao-santos\/","og_locale":"pt_BR","og_type":"article","og_title":"V\u00eddeo: a declara\u00e7\u00e3o de Lucas Pedrosa sobre o retorno de Neymar ao Santos","og_description":"&#8220;A volta do Neymar \u00e9 uma esperan\u00e7a do povo brasileiro&#8221;, diz Lucas Neymar rescindiu seu contrato com o Al-Hilal na \u00faltima segunda-feira (27) e est\u00e1 cada vez mais pr\u00f3ximo de acertar seu retorno ao Santos. Nesta ter\u00e7a-feira (28), o craque inclusive postou um story no &#8220;Instagram&#8221;, com a legenda: &#8220;muito ruim arrumar mala, que desespero&#8221;. [&hellip;]","og_url":"https:\/\/www.gaveanews.com\/index.php\/2025\/01\/28\/video-a-declaracao-de-lucas-pedrosa-sobre-o-retorno-de-neymar-ao-santos\/","og_site_name":"G\u00e1vea News","article_publisher":"https:\/\/facebook.com\/gaveaNews\/","article_published_time":"2025-01-29T02:05:00+00:00","og_image":[{"width":736,"height":920,"url":"https:\/\/www.gaveanews.com\/wp-content\/uploads\/image-18.webp","type":"image\/png"}],"author":"Andr\u00e9 Serra","twitter_card":"summary_large_image","twitter_misc":{"Escrito por":"Andr\u00e9 Serra","Est. tempo de leitura":"3 minutos"},"schema":{"@context":"https:\/\/schema.org","@graph":[{"@type":"NewsArticle","@id":"https:\/\/www.gaveanews.com\/index.php\/2025\/01\/28\/video-a-declaracao-de-lucas-pedrosa-sobre-o-retorno-de-neymar-ao-santos\/#article","isPartOf":{"@id":"https:\/\/www.gaveanews.com\/index.php\/2025\/01\/28\/video-a-declaracao-de-lucas-pedrosa-sobre-o-retorno-de-neymar-ao-santos\/"},"author":{"name":"Andr\u00e9 Serra","@id":"https:\/\/www.gaveanews.com\/#\/schema\/person\/0277a79a1289c451c281ec0411d84f0c"},"headline":"V\u00eddeo: a declara\u00e7\u00e3o de Lucas Pedrosa sobre o retorno de Neymar ao Santos","datePublished":"2025-01-29T02:05:00+00:00","mainEntityOfPage":{"@id":"https:\/\/www.gaveanews.com\/index.php\/2025\/01\/28\/video-a-declaracao-de-lucas-pedrosa-sobre-o-retorno-de-neymar-ao-santos\/"},"wordCount":505,"commentCount":0,"image":{"@id":"https:\/\/www.gaveanews.com\/index.php\/2025\/01\/28\/video-a-declaracao-de-lucas-pedrosa-sobre-o-retorno-de-neymar-ao-santos\/#primaryimage"},"thumbnailUrl":"https:\/\/www.gaveanews.com\/wp-content\/uploads\/image-18.webp","articleSection":["Santos"],"inLanguage":"pt-BR","potentialAction":[{"@type":"CommentAction","name":"Comment","target":["https:\/\/www.gaveanews.com\/index.php\/2025\/01\/28\/video-a-declaracao-de-lucas-pedrosa-sobre-o-retorno-de-neymar-ao-santos\/#respond"]}],"copyrightYear":"2025","copyrightHolder":{"@id":"https:\/\/www.gaveanews.com\/#organization"}},{"@type":"WebPage","@id":"https:\/\/www.gaveanews.com\/index.php\/2025\/01\/28\/video-a-declaracao-de-lucas-pedrosa-sobre-o-retorno-de-neymar-ao-santos\/","url":"https:\/\/www.gaveanews.com\/index.php\/2025\/01\/28\/video-a-declaracao-de-lucas-pedrosa-sobre-o-retorno-de-neymar-ao-santos\/","name":"V\u00eddeo: a declara\u00e7\u00e3o de Lucas Pedrosa sobre o retorno de Neymar ao Santos","isPartOf":{"@id":"https:\/\/www.gaveanews.com\/#website"},"primaryImageOfPage":{"@id":"https:\/\/www.gaveanews.com\/index.php\/2025\/01\/28\/video-a-declaracao-de-lucas-pedrosa-sobre-o-retorno-de-neymar-ao-santos\/#primaryimage"},"image":{"@id":"https:\/\/www.gaveanews.com\/index.php\/2025\/01\/28\/video-a-declaracao-de-lucas-pedrosa-sobre-o-retorno-de-neymar-ao-santos\/#primaryimage"},"thumbnailUrl":"https:\/\/www.gaveanews.com\/wp-content\/uploads\/image-18.webp","datePublished":"2025-01-29T02:05:00+00:00","author":{"@id":"https:\/\/www.gaveanews.com\/#\/schema\/person\/0277a79a1289c451c281ec0411d84f0c"},"breadcrumb":{"@id":"https:\/\/www.gaveanews.com\/index.php\/2025\/01\/28\/video-a-declaracao-de-lucas-pedrosa-sobre-o-retorno-de-neymar-ao-santos\/#breadcrumb"},"inLanguage":"pt-BR","potentialAction":[{"@type":"ReadAction","target":["https:\/\/www.gaveanews.com\/index.php\/2025\/01\/28\/video-a-declaracao-de-lucas-pedrosa-sobre-o-retorno-de-neymar-ao-santos\/"]}]},{"@type":"ImageObject","inLanguage":"pt-BR","@id":"https:\/\/www.gaveanews.com\/index.php\/2025\/01\/28\/video-a-declaracao-de-lucas-pedrosa-sobre-o-retorno-de-neymar-ao-santos\/#primaryimage","url":"https:\/\/www.gaveanews.com\/wp-content\/uploads\/image-18.webp","contentUrl":"https:\/\/www.gaveanews.com\/wp-content\/uploads\/image-18.webp","width":736,"height":920},{"@type":"BreadcrumbList","@id":"https:\/\/www.gaveanews.com\/index.php\/2025\/01\/28\/video-a-declaracao-de-lucas-pedrosa-sobre-o-retorno-de-neymar-ao-santos\/#breadcrumb","itemListElement":[{"@type":"ListItem","position":1,"name":"Home","item":"https:\/\/www.gaveanews.com\/"},{"@type":"ListItem","position":2,"name":"V\u00eddeo: a declara\u00e7\u00e3o de Lucas Pedrosa sobre o retorno de Neymar ao Santos"}]},{"@type":"WebSite","@id":"https:\/\/www.gaveanews.com\/#website","url":"https:\/\/www.gaveanews.com\/","name":"G\u00e1vea News","description":"Veja todas as not\u00edcias sobre o Flamengo: Contrata\u00e7\u00f5es, categorias de base, resultados das partidas, tabela de classifica\u00e7\u00e3o, pr\u00f3ximos jogos!","potentialAction":[{"@type":"SearchAction","target":{"@type":"EntryPoint","urlTemplate":"https:\/\/www.gaveanews.com\/?s={search_term_string}"},"query-input":{"@type":"PropertyValueSpecification","valueRequired":true,"valueName":"search_term_string"}}],"inLanguage":"pt-BR"},{"@type":"Person","@id":"https:\/\/www.gaveanews.com\/#\/schema\/person\/0277a79a1289c451c281ec0411d84f0c","name":"Andr\u00e9 Serra","image":{"@type":"ImageObject","inLanguage":"pt-BR","@id":"https:\/\/www.gaveanews.com\/#\/schema\/person\/image\/","url":"https:\/\/secure.gravatar.com\/avatar\/d7231369fe48db93292b3e88eb2162dbd9a34a47a8437d9ef3bcaca2a86a83d7?s=96&d=mm&r=g","contentUrl":"https:\/\/secure.gravatar.com\/avatar\/d7231369fe48db93292b3e88eb2162dbd9a34a47a8437d9ef3bcaca2a86a83d7?s=96&d=mm&r=g","caption":"Andr\u00e9 Serra"}}]}},"_links":{"self":[{"href":"https:\/\/www.gaveanews.com\/index.php\/wp-json\/wp\/v2\/posts\/219528","targetHints":{"allow":["GET"]}}],"collection":[{"href":"https:\/\/www.gaveanews.com\/index.php\/wp-json\/wp\/v2\/posts"}],"about":[{"href":"https:\/\/www.gaveanews.com\/index.php\/wp-json\/wp\/v2\/types\/post"}],"author":[{"embeddable":true,"href":"https:\/\/www.gaveanews.com\/index.php\/wp-json\/wp\/v2\/users\/21"}],"replies":[{"embeddable":true,"href":"https:\/\/www.gaveanews.com\/index.php\/wp-json\/wp\/v2\/comments?post=219528"}],"version-history":[{"count":1,"href":"https:\/\/www.gaveanews.com\/index.php\/wp-json\/wp\/v2\/posts\/219528\/revisions"}],"predecessor-version":[{"id":219553,"href":"https:\/\/www.gaveanews.com\/index.php\/wp-json\/wp\/v2\/posts\/219528\/revisions\/219553"}],"wp:featuredmedia":[{"embeddable":true,"href":"https:\/\/www.gaveanews.com\/index.php\/wp-json\/wp\/v2\/media\/217605"}],"wp:attachment":[{"href":"https:\/\/www.gaveanews.com\/index.php\/wp-json\/wp\/v2\/media?parent=219528"}],"wp:term":[{"taxonomy":"category","embeddable":true,"href":"https:\/\/www.gaveanews.com\/index.php\/wp-json\/wp\/v2\/categories?post=219528"},{"taxonomy":"post_tag","embeddable":true,"href":"https:\/\/www.gaveanews.com\/index.php\/wp-json\/wp\/v2\/tags?post=219528"}],"curies":[{"name":"wp","href":"https:\/\/api.w.org\/{rel}","templated":true}]}}