{"id":219544,"date":"2025-01-28T23:00:00","date_gmt":"2025-01-29T02:00:00","guid":{"rendered":"https:\/\/www.gaveanews.com\/?p=219544"},"modified":"2025-01-28T22:55:09","modified_gmt":"2025-01-29T01:55:09","slug":"danilo-lavieri-e-sincero-ao-falar-sobre-o-time-do-botafogo","status":"publish","type":"post","link":"https:\/\/www.gaveanews.com\/index.php\/2025\/01\/28\/danilo-lavieri-e-sincero-ao-falar-sobre-o-time-do-botafogo\/","title":{"rendered":"Danilo Lavieri \u00e9 sincero ao falar sobre o time do Botafogo"},"content":{"rendered":"\n<h2 class=\"wp-block-heading\" id=\"h-veja-o-que-ele-disse\">Veja o que ele disse<\/h2>\n\n\n\n<p>No programa Posse de Bola do Portal UOL, o comentarista de futebol refletiu acerca da condi\u00e7\u00e3o do Botafogo. O time do Rio de Janeiro, vencedor do Brasileir\u00e3o e da Libertadores, era uma das principais for\u00e7as de 2025, por\u00e9m, com a sa\u00edda de Artur Jorge e de atletas como Thiago Almada, Luiz Henrique, entre outros, foi cortado do grupo. Assim, o jornalista considera a condi\u00e7\u00e3o do Glorioso extremamente alarmante.<\/p>\n\n\n\n<p>Conforme Danilo Lavieri, o acordo previa que as vendas de Luiz Henrique e a sa\u00edda de Thiago Almada ocorreriam ap\u00f3s um prazo espec\u00edfico. Segundo o comentarista, \u00e9 um in\u00edcio de temporada promissor, considerando que o Botafogo ainda n\u00e3o anunciou o seu treinador.<\/p>\n\n\n\n<p>\u201cMe parece um pouco de desleixo, n\u00e9? N\u00e3o \u00e9 que o Botafogo est\u00e1 com dificuldades financeiras. Claro, a prioridade do Textor \u00e9 o Lyon, ele est\u00e1 preocupado em como fazer o Lyon n\u00e3o ser rebaixado. Agora n\u00e3o ter tempo para contratar o treinador do Botafogo e outra, mais do que s\u00f3 a Supercopa do Brasil, agora contra o Flamengo, tem tamb\u00e9m a prepara\u00e7\u00e3o para a toda a temporada\u201d.<\/p>\n\n\n\n<figure class=\"wp-block-image size-full\"><img loading=\"lazy\" decoding=\"async\" width=\"888\" height=\"602\" src=\"http:\/\/www.gaveanews.com\/wp-content\/uploads\/textor4.avif\" alt=\"\" class=\"wp-image-146326\"\/><figcaption class=\"wp-element-caption\">John Textor, dono da SAF do Botafogo \u2014 Foto: Reprodu\u00e7\u00e3o\n<\/figcaption><\/figure>\n\n\n\n<p>De acordo com Danilo Lavieri, a postura dos dirigentes do Botafogo n\u00e3o deveria ser mantida quando s\u00e3o os atuais vencedores da Libertadores e Brasileir\u00e3o. O jornalista n\u00e3o tem ideia de quem ser\u00e3o os substitutos para as aus\u00eancias, j\u00e1 que n\u00e3o possui uma lideran\u00e7a estabelecida para 2025, e classificou a situa\u00e7\u00e3o como alarmante.<\/p>\n\n\n\n<p>Depois das altera\u00e7\u00f5es sofridas pelo Botafogo, o Glorioso j\u00e1 sente os efeitos da interrup\u00e7\u00e3o do trabalho. No Campeonato Carioca, o Alvinegro triunfou sobre a Portuguesa e o Bangu, por\u00e9m, sofreu derrotas para Volta Redonda e Sampaio Corr\u00eaa. Neste contexto, o Flamengo \u00e9 o favorito absoluto para a Supercopa do Brasil no pr\u00f3ximo domingo (02).<\/p>\n\n\n\n<h2 class=\"wp-block-heading\" id=\"h-onde-assistir-a-partida\">Onde assistir a partida?<\/h2>\n\n\n\n<p>O jog\u00e3o entre Botafogo e Flamengo ser\u00e1 transmitido pela TV Globo, na TV aberta, para todo o pa\u00eds, e pelo SporTV, na rede fechada.<\/p>\n","protected":false},"excerpt":{"rendered":"<p>Veja o que ele disse No programa Posse de Bola do Portal UOL, o comentarista de futebol refletiu acerca da condi\u00e7\u00e3o do Botafogo. O time do Rio de Janeiro, vencedor do Brasileir\u00e3o e da Libertadores, era uma das principais for\u00e7as de 2025, por\u00e9m, com a sa\u00edda de Artur Jorge e de atletas como Thiago Almada, [&hellip;]<\/p>\n","protected":false},"author":16,"featured_media":168199,"comment_status":"open","ping_status":"closed","sticky":false,"template":"","format":"standard","meta":{"footnotes":""},"categories":[138],"tags":[],"class_list":["post-219544","post","type-post","status-publish","format-standard","has-post-thumbnail","hentry","category-botafogo"],"yoast_head":"<!-- This site is optimized with the Yoast SEO Premium plugin v24.2 (Yoast SEO v26.9) - https:\/\/yoast.com\/product\/yoast-seo-premium-wordpress\/ -->\n<title>Danilo Lavieri \u00e9 sincero ao falar sobre o time do Botafogo<\/title>\n<meta name=\"robots\" content=\"index, follow, max-snippet:-1, max-image-preview:large, max-video-preview:-1\" \/>\n<link rel=\"canonical\" href=\"https:\/\/www.gaveanews.com\/index.php\/2025\/01\/28\/danilo-lavieri-e-sincero-ao-falar-sobre-o-time-do-botafogo\/\" \/>\n<meta property=\"og:locale\" content=\"pt_BR\" \/>\n<meta property=\"og:type\" content=\"article\" \/>\n<meta property=\"og:title\" content=\"Danilo Lavieri \u00e9 sincero ao falar sobre o time do Botafogo\" \/>\n<meta property=\"og:description\" content=\"Veja o que ele disse No programa Posse de Bola do Portal UOL, o comentarista de futebol refletiu acerca da condi\u00e7\u00e3o do Botafogo. O time do Rio de Janeiro, vencedor do Brasileir\u00e3o e da Libertadores, era uma das principais for\u00e7as de 2025, por\u00e9m, com a sa\u00edda de Artur Jorge e de atletas como Thiago Almada, [&hellip;]\" \/>\n<meta property=\"og:url\" content=\"https:\/\/www.gaveanews.com\/index.php\/2025\/01\/28\/danilo-lavieri-e-sincero-ao-falar-sobre-o-time-do-botafogo\/\" \/>\n<meta property=\"og:site_name\" content=\"G\u00e1vea News\" \/>\n<meta property=\"article:publisher\" content=\"https:\/\/facebook.com\/gaveaNews\/\" \/>\n<meta property=\"article:published_time\" content=\"2025-01-29T02:00:00+00:00\" \/>\n<meta property=\"og:image\" content=\"https:\/\/www.gaveanews.com\/wp-content\/uploads\/Alex-Telles-Botafogo.webp\" \/>\n\t<meta property=\"og:image:width\" content=\"1339\" \/>\n\t<meta property=\"og:image:height\" content=\"1000\" \/>\n\t<meta property=\"og:image:type\" content=\"image\/jpeg\" \/>\n<meta name=\"author\" content=\"D\u00e9bora Figueiredo\" \/>\n<meta name=\"twitter:card\" content=\"summary_large_image\" \/>\n<meta name=\"twitter:label1\" content=\"Escrito por\" \/>\n\t<meta name=\"twitter:data1\" content=\"D\u00e9bora Figueiredo\" \/>\n\t<meta name=\"twitter:label2\" content=\"Est. tempo de leitura\" \/>\n\t<meta name=\"twitter:data2\" content=\"3 minutos\" \/>\n<script type=\"application\/ld+json\" class=\"yoast-schema-graph\">{\"@context\":\"https:\/\/schema.org\",\"@graph\":[{\"@type\":\"NewsArticle\",\"@id\":\"https:\/\/www.gaveanews.com\/index.php\/2025\/01\/28\/danilo-lavieri-e-sincero-ao-falar-sobre-o-time-do-botafogo\/#article\",\"isPartOf\":{\"@id\":\"https:\/\/www.gaveanews.com\/index.php\/2025\/01\/28\/danilo-lavieri-e-sincero-ao-falar-sobre-o-time-do-botafogo\/\"},\"author\":{\"name\":\"D\u00e9bora Figueiredo\",\"@id\":\"https:\/\/www.gaveanews.com\/#\/schema\/person\/37122681a8575a5c8db05a56f099a5e4\"},\"headline\":\"Danilo Lavieri \u00e9 sincero ao falar sobre o time do Botafogo\",\"datePublished\":\"2025-01-29T02:00:00+00:00\",\"mainEntityOfPage\":{\"@id\":\"https:\/\/www.gaveanews.com\/index.php\/2025\/01\/28\/danilo-lavieri-e-sincero-ao-falar-sobre-o-time-do-botafogo\/\"},\"wordCount\":362,\"commentCount\":0,\"image\":{\"@id\":\"https:\/\/www.gaveanews.com\/index.php\/2025\/01\/28\/danilo-lavieri-e-sincero-ao-falar-sobre-o-time-do-botafogo\/#primaryimage\"},\"thumbnailUrl\":\"https:\/\/www.gaveanews.com\/wp-content\/uploads\/Alex-Telles-Botafogo.webp\",\"articleSection\":[\"Botafogo\"],\"inLanguage\":\"pt-BR\",\"potentialAction\":[{\"@type\":\"CommentAction\",\"name\":\"Comment\",\"target\":[\"https:\/\/www.gaveanews.com\/index.php\/2025\/01\/28\/danilo-lavieri-e-sincero-ao-falar-sobre-o-time-do-botafogo\/#respond\"]}],\"copyrightYear\":\"2025\",\"copyrightHolder\":{\"@id\":\"https:\/\/www.gaveanews.com\/#organization\"}},{\"@type\":\"WebPage\",\"@id\":\"https:\/\/www.gaveanews.com\/index.php\/2025\/01\/28\/danilo-lavieri-e-sincero-ao-falar-sobre-o-time-do-botafogo\/\",\"url\":\"https:\/\/www.gaveanews.com\/index.php\/2025\/01\/28\/danilo-lavieri-e-sincero-ao-falar-sobre-o-time-do-botafogo\/\",\"name\":\"Danilo Lavieri \u00e9 sincero ao falar sobre o time do Botafogo\",\"isPartOf\":{\"@id\":\"https:\/\/www.gaveanews.com\/#website\"},\"primaryImageOfPage\":{\"@id\":\"https:\/\/www.gaveanews.com\/index.php\/2025\/01\/28\/danilo-lavieri-e-sincero-ao-falar-sobre-o-time-do-botafogo\/#primaryimage\"},\"image\":{\"@id\":\"https:\/\/www.gaveanews.com\/index.php\/2025\/01\/28\/danilo-lavieri-e-sincero-ao-falar-sobre-o-time-do-botafogo\/#primaryimage\"},\"thumbnailUrl\":\"https:\/\/www.gaveanews.com\/wp-content\/uploads\/Alex-Telles-Botafogo.webp\",\"datePublished\":\"2025-01-29T02:00:00+00:00\",\"author\":{\"@id\":\"https:\/\/www.gaveanews.com\/#\/schema\/person\/37122681a8575a5c8db05a56f099a5e4\"},\"breadcrumb\":{\"@id\":\"https:\/\/www.gaveanews.com\/index.php\/2025\/01\/28\/danilo-lavieri-e-sincero-ao-falar-sobre-o-time-do-botafogo\/#breadcrumb\"},\"inLanguage\":\"pt-BR\",\"potentialAction\":[{\"@type\":\"ReadAction\",\"target\":[\"https:\/\/www.gaveanews.com\/index.php\/2025\/01\/28\/danilo-lavieri-e-sincero-ao-falar-sobre-o-time-do-botafogo\/\"]}]},{\"@type\":\"ImageObject\",\"inLanguage\":\"pt-BR\",\"@id\":\"https:\/\/www.gaveanews.com\/index.php\/2025\/01\/28\/danilo-lavieri-e-sincero-ao-falar-sobre-o-time-do-botafogo\/#primaryimage\",\"url\":\"https:\/\/www.gaveanews.com\/wp-content\/uploads\/Alex-Telles-Botafogo.webp\",\"contentUrl\":\"https:\/\/www.gaveanews.com\/wp-content\/uploads\/Alex-Telles-Botafogo.webp\",\"width\":1339,\"height\":1000,\"caption\":\"Alex Telles Botafogo (Foto: Vitor Silva\/Botafogo)\"},{\"@type\":\"BreadcrumbList\",\"@id\":\"https:\/\/www.gaveanews.com\/index.php\/2025\/01\/28\/danilo-lavieri-e-sincero-ao-falar-sobre-o-time-do-botafogo\/#breadcrumb\",\"itemListElement\":[{\"@type\":\"ListItem\",\"position\":1,\"name\":\"Home\",\"item\":\"https:\/\/www.gaveanews.com\/\"},{\"@type\":\"ListItem\",\"position\":2,\"name\":\"Danilo Lavieri \u00e9 sincero ao falar sobre o time do Botafogo\"}]},{\"@type\":\"WebSite\",\"@id\":\"https:\/\/www.gaveanews.com\/#website\",\"url\":\"https:\/\/www.gaveanews.com\/\",\"name\":\"G\u00e1vea News\",\"description\":\"Veja todas as not\u00edcias sobre o Flamengo: Contrata\u00e7\u00f5es, categorias de base, resultados das partidas, tabela de classifica\u00e7\u00e3o, pr\u00f3ximos jogos!\",\"potentialAction\":[{\"@type\":\"SearchAction\",\"target\":{\"@type\":\"EntryPoint\",\"urlTemplate\":\"https:\/\/www.gaveanews.com\/?s={search_term_string}\"},\"query-input\":{\"@type\":\"PropertyValueSpecification\",\"valueRequired\":true,\"valueName\":\"search_term_string\"}}],\"inLanguage\":\"pt-BR\"},{\"@type\":\"Person\",\"@id\":\"https:\/\/www.gaveanews.com\/#\/schema\/person\/37122681a8575a5c8db05a56f099a5e4\",\"name\":\"D\u00e9bora Figueiredo\",\"image\":{\"@type\":\"ImageObject\",\"inLanguage\":\"pt-BR\",\"@id\":\"https:\/\/www.gaveanews.com\/#\/schema\/person\/image\/\",\"url\":\"https:\/\/secure.gravatar.com\/avatar\/1f44802859351588499d26f52aed1d15796ce17e67602895b72837c08018868d?s=96&d=mm&r=g\",\"contentUrl\":\"https:\/\/secure.gravatar.com\/avatar\/1f44802859351588499d26f52aed1d15796ce17e67602895b72837c08018868d?s=96&d=mm&r=g\",\"caption\":\"D\u00e9bora Figueiredo\"}}]}<\/script>\n<!-- \/ Yoast SEO Premium plugin. -->","yoast_head_json":{"title":"Danilo Lavieri \u00e9 sincero ao falar sobre o time do Botafogo","robots":{"index":"index","follow":"follow","max-snippet":"max-snippet:-1","max-image-preview":"max-image-preview:large","max-video-preview":"max-video-preview:-1"},"canonical":"https:\/\/www.gaveanews.com\/index.php\/2025\/01\/28\/danilo-lavieri-e-sincero-ao-falar-sobre-o-time-do-botafogo\/","og_locale":"pt_BR","og_type":"article","og_title":"Danilo Lavieri \u00e9 sincero ao falar sobre o time do Botafogo","og_description":"Veja o que ele disse No programa Posse de Bola do Portal UOL, o comentarista de futebol refletiu acerca da condi\u00e7\u00e3o do Botafogo. O time do Rio de Janeiro, vencedor do Brasileir\u00e3o e da Libertadores, era uma das principais for\u00e7as de 2025, por\u00e9m, com a sa\u00edda de Artur Jorge e de atletas como Thiago Almada, [&hellip;]","og_url":"https:\/\/www.gaveanews.com\/index.php\/2025\/01\/28\/danilo-lavieri-e-sincero-ao-falar-sobre-o-time-do-botafogo\/","og_site_name":"G\u00e1vea News","article_publisher":"https:\/\/facebook.com\/gaveaNews\/","article_published_time":"2025-01-29T02:00:00+00:00","og_image":[{"width":1339,"height":1000,"url":"https:\/\/www.gaveanews.com\/wp-content\/uploads\/Alex-Telles-Botafogo.webp","type":"image\/jpeg"}],"author":"D\u00e9bora Figueiredo","twitter_card":"summary_large_image","twitter_misc":{"Escrito por":"D\u00e9bora Figueiredo","Est. tempo de leitura":"3 minutos"},"schema":{"@context":"https:\/\/schema.org","@graph":[{"@type":"NewsArticle","@id":"https:\/\/www.gaveanews.com\/index.php\/2025\/01\/28\/danilo-lavieri-e-sincero-ao-falar-sobre-o-time-do-botafogo\/#article","isPartOf":{"@id":"https:\/\/www.gaveanews.com\/index.php\/2025\/01\/28\/danilo-lavieri-e-sincero-ao-falar-sobre-o-time-do-botafogo\/"},"author":{"name":"D\u00e9bora Figueiredo","@id":"https:\/\/www.gaveanews.com\/#\/schema\/person\/37122681a8575a5c8db05a56f099a5e4"},"headline":"Danilo Lavieri \u00e9 sincero ao falar sobre o time do Botafogo","datePublished":"2025-01-29T02:00:00+00:00","mainEntityOfPage":{"@id":"https:\/\/www.gaveanews.com\/index.php\/2025\/01\/28\/danilo-lavieri-e-sincero-ao-falar-sobre-o-time-do-botafogo\/"},"wordCount":362,"commentCount":0,"image":{"@id":"https:\/\/www.gaveanews.com\/index.php\/2025\/01\/28\/danilo-lavieri-e-sincero-ao-falar-sobre-o-time-do-botafogo\/#primaryimage"},"thumbnailUrl":"https:\/\/www.gaveanews.com\/wp-content\/uploads\/Alex-Telles-Botafogo.webp","articleSection":["Botafogo"],"inLanguage":"pt-BR","potentialAction":[{"@type":"CommentAction","name":"Comment","target":["https:\/\/www.gaveanews.com\/index.php\/2025\/01\/28\/danilo-lavieri-e-sincero-ao-falar-sobre-o-time-do-botafogo\/#respond"]}],"copyrightYear":"2025","copyrightHolder":{"@id":"https:\/\/www.gaveanews.com\/#organization"}},{"@type":"WebPage","@id":"https:\/\/www.gaveanews.com\/index.php\/2025\/01\/28\/danilo-lavieri-e-sincero-ao-falar-sobre-o-time-do-botafogo\/","url":"https:\/\/www.gaveanews.com\/index.php\/2025\/01\/28\/danilo-lavieri-e-sincero-ao-falar-sobre-o-time-do-botafogo\/","name":"Danilo Lavieri \u00e9 sincero ao falar sobre o time do Botafogo","isPartOf":{"@id":"https:\/\/www.gaveanews.com\/#website"},"primaryImageOfPage":{"@id":"https:\/\/www.gaveanews.com\/index.php\/2025\/01\/28\/danilo-lavieri-e-sincero-ao-falar-sobre-o-time-do-botafogo\/#primaryimage"},"image":{"@id":"https:\/\/www.gaveanews.com\/index.php\/2025\/01\/28\/danilo-lavieri-e-sincero-ao-falar-sobre-o-time-do-botafogo\/#primaryimage"},"thumbnailUrl":"https:\/\/www.gaveanews.com\/wp-content\/uploads\/Alex-Telles-Botafogo.webp","datePublished":"2025-01-29T02:00:00+00:00","author":{"@id":"https:\/\/www.gaveanews.com\/#\/schema\/person\/37122681a8575a5c8db05a56f099a5e4"},"breadcrumb":{"@id":"https:\/\/www.gaveanews.com\/index.php\/2025\/01\/28\/danilo-lavieri-e-sincero-ao-falar-sobre-o-time-do-botafogo\/#breadcrumb"},"inLanguage":"pt-BR","potentialAction":[{"@type":"ReadAction","target":["https:\/\/www.gaveanews.com\/index.php\/2025\/01\/28\/danilo-lavieri-e-sincero-ao-falar-sobre-o-time-do-botafogo\/"]}]},{"@type":"ImageObject","inLanguage":"pt-BR","@id":"https:\/\/www.gaveanews.com\/index.php\/2025\/01\/28\/danilo-lavieri-e-sincero-ao-falar-sobre-o-time-do-botafogo\/#primaryimage","url":"https:\/\/www.gaveanews.com\/wp-content\/uploads\/Alex-Telles-Botafogo.webp","contentUrl":"https:\/\/www.gaveanews.com\/wp-content\/uploads\/Alex-Telles-Botafogo.webp","width":1339,"height":1000,"caption":"Alex Telles Botafogo (Foto: Vitor Silva\/Botafogo)"},{"@type":"BreadcrumbList","@id":"https:\/\/www.gaveanews.com\/index.php\/2025\/01\/28\/danilo-lavieri-e-sincero-ao-falar-sobre-o-time-do-botafogo\/#breadcrumb","itemListElement":[{"@type":"ListItem","position":1,"name":"Home","item":"https:\/\/www.gaveanews.com\/"},{"@type":"ListItem","position":2,"name":"Danilo Lavieri \u00e9 sincero ao falar sobre o time do Botafogo"}]},{"@type":"WebSite","@id":"https:\/\/www.gaveanews.com\/#website","url":"https:\/\/www.gaveanews.com\/","name":"G\u00e1vea News","description":"Veja todas as not\u00edcias sobre o Flamengo: Contrata\u00e7\u00f5es, categorias de base, resultados das partidas, tabela de classifica\u00e7\u00e3o, pr\u00f3ximos jogos!","potentialAction":[{"@type":"SearchAction","target":{"@type":"EntryPoint","urlTemplate":"https:\/\/www.gaveanews.com\/?s={search_term_string}"},"query-input":{"@type":"PropertyValueSpecification","valueRequired":true,"valueName":"search_term_string"}}],"inLanguage":"pt-BR"},{"@type":"Person","@id":"https:\/\/www.gaveanews.com\/#\/schema\/person\/37122681a8575a5c8db05a56f099a5e4","name":"D\u00e9bora Figueiredo","image":{"@type":"ImageObject","inLanguage":"pt-BR","@id":"https:\/\/www.gaveanews.com\/#\/schema\/person\/image\/","url":"https:\/\/secure.gravatar.com\/avatar\/1f44802859351588499d26f52aed1d15796ce17e67602895b72837c08018868d?s=96&d=mm&r=g","contentUrl":"https:\/\/secure.gravatar.com\/avatar\/1f44802859351588499d26f52aed1d15796ce17e67602895b72837c08018868d?s=96&d=mm&r=g","caption":"D\u00e9bora Figueiredo"}}]}},"_links":{"self":[{"href":"https:\/\/www.gaveanews.com\/index.php\/wp-json\/wp\/v2\/posts\/219544","targetHints":{"allow":["GET"]}}],"collection":[{"href":"https:\/\/www.gaveanews.com\/index.php\/wp-json\/wp\/v2\/posts"}],"about":[{"href":"https:\/\/www.gaveanews.com\/index.php\/wp-json\/wp\/v2\/types\/post"}],"author":[{"embeddable":true,"href":"https:\/\/www.gaveanews.com\/index.php\/wp-json\/wp\/v2\/users\/16"}],"replies":[{"embeddable":true,"href":"https:\/\/www.gaveanews.com\/index.php\/wp-json\/wp\/v2\/comments?post=219544"}],"version-history":[{"count":1,"href":"https:\/\/www.gaveanews.com\/index.php\/wp-json\/wp\/v2\/posts\/219544\/revisions"}],"predecessor-version":[{"id":219547,"href":"https:\/\/www.gaveanews.com\/index.php\/wp-json\/wp\/v2\/posts\/219544\/revisions\/219547"}],"wp:featuredmedia":[{"embeddable":true,"href":"https:\/\/www.gaveanews.com\/index.php\/wp-json\/wp\/v2\/media\/168199"}],"wp:attachment":[{"href":"https:\/\/www.gaveanews.com\/index.php\/wp-json\/wp\/v2\/media?parent=219544"}],"wp:term":[{"taxonomy":"category","embeddable":true,"href":"https:\/\/www.gaveanews.com\/index.php\/wp-json\/wp\/v2\/categories?post=219544"},{"taxonomy":"post_tag","embeddable":true,"href":"https:\/\/www.gaveanews.com\/index.php\/wp-json\/wp\/v2\/tags?post=219544"}],"curies":[{"name":"wp","href":"https:\/\/api.w.org\/{rel}","templated":true}]}}