{"id":219560,"date":"2025-01-28T23:10:00","date_gmt":"2025-01-29T02:10:00","guid":{"rendered":"https:\/\/www.gaveanews.com\/?p=219560"},"modified":"2025-01-28T22:57:41","modified_gmt":"2025-01-29T01:57:41","slug":"renato-mauricio-prado-detona-pedido-de-ramon-diaz-a-diretoria-do-corinthians","status":"publish","type":"post","link":"https:\/\/www.gaveanews.com\/index.php\/2025\/01\/28\/renato-mauricio-prado-detona-pedido-de-ramon-diaz-a-diretoria-do-corinthians\/","title":{"rendered":"Renato Maur\u00edcio Prado detona pedido de Ram\u00f3n D\u00edaz \u00e0 diretoria do Corinthians"},"content":{"rendered":"\n<p>O jornalista Renato Maur\u00edcio Prado n\u00e3o poupou cr\u00edticas ao pedido de Ram\u00f3n D\u00edaz por mais refor\u00e7os no Corinthians para a temporada de 2025. Durante participa\u00e7\u00e3o no programa <em>UOL News Esporte<\/em>, RMP classificou a solicita\u00e7\u00e3o como exagerada, considerando que o clube realizou uma grande janela de contrata\u00e7\u00f5es recentemente. Segundo Samir Carvalho, o treinador solicitou quatro nomes: dois atacantes de velocidade, um lateral-esquerdo e um meio-campista, mas a diretoria negou o pedido.<\/p>\n\n\n\n<p>&#8216;N\u00e3o faz o menor sentido. O Ram\u00f3n D\u00edaz t\u00e1 de brincadeira! A \u00faltima janela do Corinthians foi espetacular, tanto que montou um bom time. Perdeu para o S\u00e3o Paulo, mas tamb\u00e9m vai perder. O Filipe Lu\u00eds gosta de dizer que voc\u00ea vai perder em algum momento. N\u00e3o vai ganhar tudo&#8217;, comentou o jornalista, lembrando que o atual elenco \u00e9 competitivo o suficiente para brigar por t\u00edtulos.<\/p>\n\n\n\n<p>Renato tamb\u00e9m destacou que o pedido do treinador ignora a realidade financeira do Corinthians, que enfrenta dificuldades para honrar compromissos salariais. Ele comparou a postura de Ram\u00f3n D\u00edaz ao estilo de Jorge Sampaoli, conhecido por exigir refor\u00e7os constantemente, e refor\u00e7ou que o Corinthians n\u00e3o tem o mesmo poderio financeiro de grandes clubes europeus, como o Real Madrid.<\/p>\n\n\n\n<p>&#8216;J\u00e1 n\u00e3o pagam ningu\u00e9m, est\u00e3o com dificuldades em pagar o sal\u00e1rio do Depay, vai contratar mais quatro? Ram\u00f3n, voc\u00ea est\u00e1 de brincadeira, pensa que est\u00e1 no Real Madrid. N\u00e3o \u00e9 o Real Madrid, \u00e9 o Corinthians&#8217;, disparou.<\/p>\n\n\n\n<p>Al\u00e9m disso, RMP fez um alerta sobre os perigos da atual folha salarial corintiana, que, segundo ele, j\u00e1 est\u00e1 no mesmo patamar de gigantes como Flamengo. Para o jornalista, o clube precisa ser cauteloso, evitando criar uma crise financeira ainda maior.<\/p>\n\n\n\n<p>&#8216;Atrasa o sal\u00e1rio do Memphis Depay para ver se ele n\u00e3o pega o primeiro avi\u00e3o e vai embora. A folha do Flamengo foi para R$ 40 milh\u00f5es com as \u00faltimas contrata\u00e7\u00f5es. A folha do Corinthians deve estar em trinta (milh\u00f5es) e bordoada. No m\u00ednimo&#8217;, finalizou, reiterando que o clube tem condi\u00e7\u00f5es de competir com o elenco atual e que o momento exige responsabilidade financeira.<\/p>\n","protected":false},"excerpt":{"rendered":"<p>O jornalista Renato Maur\u00edcio Prado n\u00e3o poupou cr\u00edticas ao pedido de Ram\u00f3n D\u00edaz por mais refor\u00e7os no Corinthians para a temporada de 2025. Durante participa\u00e7\u00e3o no programa UOL News Esporte, RMP classificou a solicita\u00e7\u00e3o como exagerada, considerando que o clube realizou uma grande janela de contrata\u00e7\u00f5es recentemente. Segundo Samir Carvalho, o treinador solicitou quatro nomes: [&hellip;]<\/p>\n","protected":false},"author":23,"featured_media":152536,"comment_status":"open","ping_status":"closed","sticky":false,"template":"","format":"standard","meta":{"footnotes":""},"categories":[141],"tags":[],"class_list":["post-219560","post","type-post","status-publish","format-standard","has-post-thumbnail","hentry","category-corinthians"],"yoast_head":"<!-- This site is optimized with the Yoast SEO Premium plugin v24.2 (Yoast SEO v26.9) - https:\/\/yoast.com\/product\/yoast-seo-premium-wordpress\/ -->\n<title>Renato Maur\u00edcio Prado detona pedido de Ram\u00f3n D\u00edaz \u00e0 diretoria do Corinthians<\/title>\n<meta name=\"robots\" content=\"index, follow, max-snippet:-1, max-image-preview:large, max-video-preview:-1\" \/>\n<link rel=\"canonical\" href=\"https:\/\/www.gaveanews.com\/index.php\/2025\/01\/28\/renato-mauricio-prado-detona-pedido-de-ramon-diaz-a-diretoria-do-corinthians\/\" \/>\n<meta property=\"og:locale\" content=\"pt_BR\" \/>\n<meta property=\"og:type\" content=\"article\" \/>\n<meta property=\"og:title\" content=\"Renato Maur\u00edcio Prado detona pedido de Ram\u00f3n D\u00edaz \u00e0 diretoria do Corinthians\" \/>\n<meta property=\"og:description\" content=\"O jornalista Renato Maur\u00edcio Prado n\u00e3o poupou cr\u00edticas ao pedido de Ram\u00f3n D\u00edaz por mais refor\u00e7os no Corinthians para a temporada de 2025. Durante participa\u00e7\u00e3o no programa UOL News Esporte, RMP classificou a solicita\u00e7\u00e3o como exagerada, considerando que o clube realizou uma grande janela de contrata\u00e7\u00f5es recentemente. Segundo Samir Carvalho, o treinador solicitou quatro nomes: [&hellip;]\" \/>\n<meta property=\"og:url\" content=\"https:\/\/www.gaveanews.com\/index.php\/2025\/01\/28\/renato-mauricio-prado-detona-pedido-de-ramon-diaz-a-diretoria-do-corinthians\/\" \/>\n<meta property=\"og:site_name\" content=\"G\u00e1vea News\" \/>\n<meta property=\"article:publisher\" content=\"https:\/\/facebook.com\/gaveaNews\/\" \/>\n<meta property=\"article:published_time\" content=\"2025-01-29T02:10:00+00:00\" \/>\n<meta property=\"og:image\" content=\"https:\/\/www.gaveanews.com\/wp-content\/uploads\/Ramon-Diaz-pelo-Corinthians-em-2024.webp\" \/>\n\t<meta property=\"og:image:width\" content=\"1346\" \/>\n\t<meta property=\"og:image:height\" content=\"1009\" \/>\n\t<meta property=\"og:image:type\" content=\"image\/webp\" \/>\n<meta name=\"author\" content=\"Leandro Azevedo\" \/>\n<meta name=\"twitter:card\" content=\"summary_large_image\" \/>\n<meta name=\"twitter:label1\" content=\"Escrito por\" \/>\n\t<meta name=\"twitter:data1\" content=\"Leandro Azevedo\" \/>\n\t<meta name=\"twitter:label2\" content=\"Est. tempo de leitura\" \/>\n\t<meta name=\"twitter:data2\" content=\"3 minutos\" \/>\n<script type=\"application\/ld+json\" class=\"yoast-schema-graph\">{\"@context\":\"https:\/\/schema.org\",\"@graph\":[{\"@type\":\"NewsArticle\",\"@id\":\"https:\/\/www.gaveanews.com\/index.php\/2025\/01\/28\/renato-mauricio-prado-detona-pedido-de-ramon-diaz-a-diretoria-do-corinthians\/#article\",\"isPartOf\":{\"@id\":\"https:\/\/www.gaveanews.com\/index.php\/2025\/01\/28\/renato-mauricio-prado-detona-pedido-de-ramon-diaz-a-diretoria-do-corinthians\/\"},\"author\":{\"name\":\"Leandro Azevedo\",\"@id\":\"https:\/\/www.gaveanews.com\/#\/schema\/person\/2877169f354c4596cf5aab74ea7c56a8\"},\"headline\":\"Renato Maur\u00edcio Prado detona pedido de Ram\u00f3n D\u00edaz \u00e0 diretoria do Corinthians\",\"datePublished\":\"2025-01-29T02:10:00+00:00\",\"mainEntityOfPage\":{\"@id\":\"https:\/\/www.gaveanews.com\/index.php\/2025\/01\/28\/renato-mauricio-prado-detona-pedido-de-ramon-diaz-a-diretoria-do-corinthians\/\"},\"wordCount\":382,\"commentCount\":0,\"image\":{\"@id\":\"https:\/\/www.gaveanews.com\/index.php\/2025\/01\/28\/renato-mauricio-prado-detona-pedido-de-ramon-diaz-a-diretoria-do-corinthians\/#primaryimage\"},\"thumbnailUrl\":\"https:\/\/www.gaveanews.com\/wp-content\/uploads\/Ramon-Diaz-pelo-Corinthians-em-2024.webp\",\"articleSection\":[\"Corinthians\"],\"inLanguage\":\"pt-BR\",\"potentialAction\":[{\"@type\":\"CommentAction\",\"name\":\"Comment\",\"target\":[\"https:\/\/www.gaveanews.com\/index.php\/2025\/01\/28\/renato-mauricio-prado-detona-pedido-de-ramon-diaz-a-diretoria-do-corinthians\/#respond\"]}],\"copyrightYear\":\"2025\",\"copyrightHolder\":{\"@id\":\"https:\/\/www.gaveanews.com\/#organization\"}},{\"@type\":\"WebPage\",\"@id\":\"https:\/\/www.gaveanews.com\/index.php\/2025\/01\/28\/renato-mauricio-prado-detona-pedido-de-ramon-diaz-a-diretoria-do-corinthians\/\",\"url\":\"https:\/\/www.gaveanews.com\/index.php\/2025\/01\/28\/renato-mauricio-prado-detona-pedido-de-ramon-diaz-a-diretoria-do-corinthians\/\",\"name\":\"Renato Maur\u00edcio Prado detona pedido de Ram\u00f3n D\u00edaz \u00e0 diretoria do Corinthians\",\"isPartOf\":{\"@id\":\"https:\/\/www.gaveanews.com\/#website\"},\"primaryImageOfPage\":{\"@id\":\"https:\/\/www.gaveanews.com\/index.php\/2025\/01\/28\/renato-mauricio-prado-detona-pedido-de-ramon-diaz-a-diretoria-do-corinthians\/#primaryimage\"},\"image\":{\"@id\":\"https:\/\/www.gaveanews.com\/index.php\/2025\/01\/28\/renato-mauricio-prado-detona-pedido-de-ramon-diaz-a-diretoria-do-corinthians\/#primaryimage\"},\"thumbnailUrl\":\"https:\/\/www.gaveanews.com\/wp-content\/uploads\/Ramon-Diaz-pelo-Corinthians-em-2024.webp\",\"datePublished\":\"2025-01-29T02:10:00+00:00\",\"author\":{\"@id\":\"https:\/\/www.gaveanews.com\/#\/schema\/person\/2877169f354c4596cf5aab74ea7c56a8\"},\"breadcrumb\":{\"@id\":\"https:\/\/www.gaveanews.com\/index.php\/2025\/01\/28\/renato-mauricio-prado-detona-pedido-de-ramon-diaz-a-diretoria-do-corinthians\/#breadcrumb\"},\"inLanguage\":\"pt-BR\",\"potentialAction\":[{\"@type\":\"ReadAction\",\"target\":[\"https:\/\/www.gaveanews.com\/index.php\/2025\/01\/28\/renato-mauricio-prado-detona-pedido-de-ramon-diaz-a-diretoria-do-corinthians\/\"]}]},{\"@type\":\"ImageObject\",\"inLanguage\":\"pt-BR\",\"@id\":\"https:\/\/www.gaveanews.com\/index.php\/2025\/01\/28\/renato-mauricio-prado-detona-pedido-de-ramon-diaz-a-diretoria-do-corinthians\/#primaryimage\",\"url\":\"https:\/\/www.gaveanews.com\/wp-content\/uploads\/Ramon-Diaz-pelo-Corinthians-em-2024.webp\",\"contentUrl\":\"https:\/\/www.gaveanews.com\/wp-content\/uploads\/Ramon-Diaz-pelo-Corinthians-em-2024.webp\",\"width\":1346,\"height\":1009,\"caption\":\"Ram\u00f3n D\u00edaz pelo Corinthians em 2024 (Foto: Reprodu\u00e7\u00e3o\/Corinthians)\"},{\"@type\":\"BreadcrumbList\",\"@id\":\"https:\/\/www.gaveanews.com\/index.php\/2025\/01\/28\/renato-mauricio-prado-detona-pedido-de-ramon-diaz-a-diretoria-do-corinthians\/#breadcrumb\",\"itemListElement\":[{\"@type\":\"ListItem\",\"position\":1,\"name\":\"Home\",\"item\":\"https:\/\/www.gaveanews.com\/\"},{\"@type\":\"ListItem\",\"position\":2,\"name\":\"Renato Maur\u00edcio Prado detona pedido de Ram\u00f3n D\u00edaz \u00e0 diretoria do Corinthians\"}]},{\"@type\":\"WebSite\",\"@id\":\"https:\/\/www.gaveanews.com\/#website\",\"url\":\"https:\/\/www.gaveanews.com\/\",\"name\":\"G\u00e1vea News\",\"description\":\"Veja todas as not\u00edcias sobre o Flamengo: Contrata\u00e7\u00f5es, categorias de base, resultados das partidas, tabela de classifica\u00e7\u00e3o, pr\u00f3ximos jogos!\",\"potentialAction\":[{\"@type\":\"SearchAction\",\"target\":{\"@type\":\"EntryPoint\",\"urlTemplate\":\"https:\/\/www.gaveanews.com\/?s={search_term_string}\"},\"query-input\":{\"@type\":\"PropertyValueSpecification\",\"valueRequired\":true,\"valueName\":\"search_term_string\"}}],\"inLanguage\":\"pt-BR\"},{\"@type\":\"Person\",\"@id\":\"https:\/\/www.gaveanews.com\/#\/schema\/person\/2877169f354c4596cf5aab74ea7c56a8\",\"name\":\"Leandro Azevedo\",\"image\":{\"@type\":\"ImageObject\",\"inLanguage\":\"pt-BR\",\"@id\":\"https:\/\/www.gaveanews.com\/#\/schema\/person\/image\/\",\"url\":\"https:\/\/secure.gravatar.com\/avatar\/e2f72eb6d986a41d592a85e4e36a6c6170e9ea8a1f433dfc29d0011a8968f89c?s=96&d=mm&r=g\",\"contentUrl\":\"https:\/\/secure.gravatar.com\/avatar\/e2f72eb6d986a41d592a85e4e36a6c6170e9ea8a1f433dfc29d0011a8968f89c?s=96&d=mm&r=g\",\"caption\":\"Leandro Azevedo\"}}]}<\/script>\n<!-- \/ Yoast SEO Premium plugin. -->","yoast_head_json":{"title":"Renato Maur\u00edcio Prado detona pedido de Ram\u00f3n D\u00edaz \u00e0 diretoria do Corinthians","robots":{"index":"index","follow":"follow","max-snippet":"max-snippet:-1","max-image-preview":"max-image-preview:large","max-video-preview":"max-video-preview:-1"},"canonical":"https:\/\/www.gaveanews.com\/index.php\/2025\/01\/28\/renato-mauricio-prado-detona-pedido-de-ramon-diaz-a-diretoria-do-corinthians\/","og_locale":"pt_BR","og_type":"article","og_title":"Renato Maur\u00edcio Prado detona pedido de Ram\u00f3n D\u00edaz \u00e0 diretoria do Corinthians","og_description":"O jornalista Renato Maur\u00edcio Prado n\u00e3o poupou cr\u00edticas ao pedido de Ram\u00f3n D\u00edaz por mais refor\u00e7os no Corinthians para a temporada de 2025. Durante participa\u00e7\u00e3o no programa UOL News Esporte, RMP classificou a solicita\u00e7\u00e3o como exagerada, considerando que o clube realizou uma grande janela de contrata\u00e7\u00f5es recentemente. Segundo Samir Carvalho, o treinador solicitou quatro nomes: [&hellip;]","og_url":"https:\/\/www.gaveanews.com\/index.php\/2025\/01\/28\/renato-mauricio-prado-detona-pedido-de-ramon-diaz-a-diretoria-do-corinthians\/","og_site_name":"G\u00e1vea News","article_publisher":"https:\/\/facebook.com\/gaveaNews\/","article_published_time":"2025-01-29T02:10:00+00:00","og_image":[{"width":1346,"height":1009,"url":"https:\/\/www.gaveanews.com\/wp-content\/uploads\/Ramon-Diaz-pelo-Corinthians-em-2024.webp","type":"image\/webp"}],"author":"Leandro Azevedo","twitter_card":"summary_large_image","twitter_misc":{"Escrito por":"Leandro Azevedo","Est. tempo de leitura":"3 minutos"},"schema":{"@context":"https:\/\/schema.org","@graph":[{"@type":"NewsArticle","@id":"https:\/\/www.gaveanews.com\/index.php\/2025\/01\/28\/renato-mauricio-prado-detona-pedido-de-ramon-diaz-a-diretoria-do-corinthians\/#article","isPartOf":{"@id":"https:\/\/www.gaveanews.com\/index.php\/2025\/01\/28\/renato-mauricio-prado-detona-pedido-de-ramon-diaz-a-diretoria-do-corinthians\/"},"author":{"name":"Leandro Azevedo","@id":"https:\/\/www.gaveanews.com\/#\/schema\/person\/2877169f354c4596cf5aab74ea7c56a8"},"headline":"Renato Maur\u00edcio Prado detona pedido de Ram\u00f3n D\u00edaz \u00e0 diretoria do Corinthians","datePublished":"2025-01-29T02:10:00+00:00","mainEntityOfPage":{"@id":"https:\/\/www.gaveanews.com\/index.php\/2025\/01\/28\/renato-mauricio-prado-detona-pedido-de-ramon-diaz-a-diretoria-do-corinthians\/"},"wordCount":382,"commentCount":0,"image":{"@id":"https:\/\/www.gaveanews.com\/index.php\/2025\/01\/28\/renato-mauricio-prado-detona-pedido-de-ramon-diaz-a-diretoria-do-corinthians\/#primaryimage"},"thumbnailUrl":"https:\/\/www.gaveanews.com\/wp-content\/uploads\/Ramon-Diaz-pelo-Corinthians-em-2024.webp","articleSection":["Corinthians"],"inLanguage":"pt-BR","potentialAction":[{"@type":"CommentAction","name":"Comment","target":["https:\/\/www.gaveanews.com\/index.php\/2025\/01\/28\/renato-mauricio-prado-detona-pedido-de-ramon-diaz-a-diretoria-do-corinthians\/#respond"]}],"copyrightYear":"2025","copyrightHolder":{"@id":"https:\/\/www.gaveanews.com\/#organization"}},{"@type":"WebPage","@id":"https:\/\/www.gaveanews.com\/index.php\/2025\/01\/28\/renato-mauricio-prado-detona-pedido-de-ramon-diaz-a-diretoria-do-corinthians\/","url":"https:\/\/www.gaveanews.com\/index.php\/2025\/01\/28\/renato-mauricio-prado-detona-pedido-de-ramon-diaz-a-diretoria-do-corinthians\/","name":"Renato Maur\u00edcio Prado detona pedido de Ram\u00f3n D\u00edaz \u00e0 diretoria do Corinthians","isPartOf":{"@id":"https:\/\/www.gaveanews.com\/#website"},"primaryImageOfPage":{"@id":"https:\/\/www.gaveanews.com\/index.php\/2025\/01\/28\/renato-mauricio-prado-detona-pedido-de-ramon-diaz-a-diretoria-do-corinthians\/#primaryimage"},"image":{"@id":"https:\/\/www.gaveanews.com\/index.php\/2025\/01\/28\/renato-mauricio-prado-detona-pedido-de-ramon-diaz-a-diretoria-do-corinthians\/#primaryimage"},"thumbnailUrl":"https:\/\/www.gaveanews.com\/wp-content\/uploads\/Ramon-Diaz-pelo-Corinthians-em-2024.webp","datePublished":"2025-01-29T02:10:00+00:00","author":{"@id":"https:\/\/www.gaveanews.com\/#\/schema\/person\/2877169f354c4596cf5aab74ea7c56a8"},"breadcrumb":{"@id":"https:\/\/www.gaveanews.com\/index.php\/2025\/01\/28\/renato-mauricio-prado-detona-pedido-de-ramon-diaz-a-diretoria-do-corinthians\/#breadcrumb"},"inLanguage":"pt-BR","potentialAction":[{"@type":"ReadAction","target":["https:\/\/www.gaveanews.com\/index.php\/2025\/01\/28\/renato-mauricio-prado-detona-pedido-de-ramon-diaz-a-diretoria-do-corinthians\/"]}]},{"@type":"ImageObject","inLanguage":"pt-BR","@id":"https:\/\/www.gaveanews.com\/index.php\/2025\/01\/28\/renato-mauricio-prado-detona-pedido-de-ramon-diaz-a-diretoria-do-corinthians\/#primaryimage","url":"https:\/\/www.gaveanews.com\/wp-content\/uploads\/Ramon-Diaz-pelo-Corinthians-em-2024.webp","contentUrl":"https:\/\/www.gaveanews.com\/wp-content\/uploads\/Ramon-Diaz-pelo-Corinthians-em-2024.webp","width":1346,"height":1009,"caption":"Ram\u00f3n D\u00edaz pelo Corinthians em 2024 (Foto: Reprodu\u00e7\u00e3o\/Corinthians)"},{"@type":"BreadcrumbList","@id":"https:\/\/www.gaveanews.com\/index.php\/2025\/01\/28\/renato-mauricio-prado-detona-pedido-de-ramon-diaz-a-diretoria-do-corinthians\/#breadcrumb","itemListElement":[{"@type":"ListItem","position":1,"name":"Home","item":"https:\/\/www.gaveanews.com\/"},{"@type":"ListItem","position":2,"name":"Renato Maur\u00edcio Prado detona pedido de Ram\u00f3n D\u00edaz \u00e0 diretoria do Corinthians"}]},{"@type":"WebSite","@id":"https:\/\/www.gaveanews.com\/#website","url":"https:\/\/www.gaveanews.com\/","name":"G\u00e1vea News","description":"Veja todas as not\u00edcias sobre o Flamengo: Contrata\u00e7\u00f5es, categorias de base, resultados das partidas, tabela de classifica\u00e7\u00e3o, pr\u00f3ximos jogos!","potentialAction":[{"@type":"SearchAction","target":{"@type":"EntryPoint","urlTemplate":"https:\/\/www.gaveanews.com\/?s={search_term_string}"},"query-input":{"@type":"PropertyValueSpecification","valueRequired":true,"valueName":"search_term_string"}}],"inLanguage":"pt-BR"},{"@type":"Person","@id":"https:\/\/www.gaveanews.com\/#\/schema\/person\/2877169f354c4596cf5aab74ea7c56a8","name":"Leandro Azevedo","image":{"@type":"ImageObject","inLanguage":"pt-BR","@id":"https:\/\/www.gaveanews.com\/#\/schema\/person\/image\/","url":"https:\/\/secure.gravatar.com\/avatar\/e2f72eb6d986a41d592a85e4e36a6c6170e9ea8a1f433dfc29d0011a8968f89c?s=96&d=mm&r=g","contentUrl":"https:\/\/secure.gravatar.com\/avatar\/e2f72eb6d986a41d592a85e4e36a6c6170e9ea8a1f433dfc29d0011a8968f89c?s=96&d=mm&r=g","caption":"Leandro Azevedo"}}]}},"_links":{"self":[{"href":"https:\/\/www.gaveanews.com\/index.php\/wp-json\/wp\/v2\/posts\/219560","targetHints":{"allow":["GET"]}}],"collection":[{"href":"https:\/\/www.gaveanews.com\/index.php\/wp-json\/wp\/v2\/posts"}],"about":[{"href":"https:\/\/www.gaveanews.com\/index.php\/wp-json\/wp\/v2\/types\/post"}],"author":[{"embeddable":true,"href":"https:\/\/www.gaveanews.com\/index.php\/wp-json\/wp\/v2\/users\/23"}],"replies":[{"embeddable":true,"href":"https:\/\/www.gaveanews.com\/index.php\/wp-json\/wp\/v2\/comments?post=219560"}],"version-history":[{"count":1,"href":"https:\/\/www.gaveanews.com\/index.php\/wp-json\/wp\/v2\/posts\/219560\/revisions"}],"predecessor-version":[{"id":219563,"href":"https:\/\/www.gaveanews.com\/index.php\/wp-json\/wp\/v2\/posts\/219560\/revisions\/219563"}],"wp:featuredmedia":[{"embeddable":true,"href":"https:\/\/www.gaveanews.com\/index.php\/wp-json\/wp\/v2\/media\/152536"}],"wp:attachment":[{"href":"https:\/\/www.gaveanews.com\/index.php\/wp-json\/wp\/v2\/media?parent=219560"}],"wp:term":[{"taxonomy":"category","embeddable":true,"href":"https:\/\/www.gaveanews.com\/index.php\/wp-json\/wp\/v2\/categories?post=219560"},{"taxonomy":"post_tag","embeddable":true,"href":"https:\/\/www.gaveanews.com\/index.php\/wp-json\/wp\/v2\/tags?post=219560"}],"curies":[{"name":"wp","href":"https:\/\/api.w.org\/{rel}","templated":true}]}}