{"id":219608,"date":"2025-01-28T22:15:00","date_gmt":"2025-01-29T01:15:00","guid":{"rendered":"https:\/\/www.gaveanews.com\/?p=219608"},"modified":"2025-01-28T22:10:20","modified_gmt":"2025-01-29T01:10:20","slug":"athletico-pr-faz-campanha-contra-racismo-apos-caso-de-leo","status":"publish","type":"post","link":"https:\/\/www.gaveanews.com\/index.php\/2025\/01\/28\/athletico-pr-faz-campanha-contra-racismo-apos-caso-de-leo\/","title":{"rendered":"Athletico-PR faz campanha contra racismo ap\u00f3s caso de L\u00e9o"},"content":{"rendered":"\n<p>O pr\u00e9-jogo entre Athletico e Cianorte desta ter\u00e7a-feira, 28, ficou marcado por a\u00e7\u00f5es em prol da luta antirracista na Ligga Arena. Al\u00e9m do uso de uma camisa especial, em tom preto e com mensagem &#8220;N\u00e3o ao racismo&#8221;, torcedores do Furac\u00e3o entoaram cantos em apoio ao zagueiro L\u00e9o &#8211; v\u00edtima de inj\u00faria racial no Athletiba do \u00faltimo final de semana, no Couto Pereira.<\/p>\n\n\n\n<p>Jogadores usaram um uniforme predominantemente preto, com detalhes dourados, e uma mensagem &#8220;N\u00e3o ao racismo&#8221; no lugar ocupado pelo patrocinador m\u00e1ster do clube. Al\u00e9m da a\u00e7\u00e3o promovida pelo clube, torcedores usaram o minuto de silencio antes do apito inicial para entoar o canto: &#8220;fogo nos racistas&#8221;.<\/p>\n\n\n\n<blockquote class=\"twitter-tweet\" data-media-max-width=\"560\"><p lang=\"pt\" dir=\"ltr\">Durante minuto de sil\u00eancio que ocorreu na Ligga Arena, para partida entre Athletico e Cianorte, pelo Campeonato Paranaense. <br><br>A torcida do Furac\u00e3o entoava o canto: &quot;fogo nos racistas&quot;.<br><br>\ud83d\udcfd\ufe0f: <a href=\"https:\/\/twitter.com\/umdoisesportes?ref_src=twsrc%5Etfw\">@umdoisesportes<\/a> \/ <a href=\"https:\/\/twitter.com\/vinacordeiros?ref_src=twsrc%5Etfw\">@vinacordeiros<\/a> <a href=\"https:\/\/t.co\/Fq7rx0RYvE\">pic.twitter.com\/Fq7rx0RYvE<\/a><\/p>&mdash; LIBERTA DEPRE (@liberta___depre) <a href=\"https:\/\/twitter.com\/liberta___depre\/status\/1884392506546073624?ref_src=twsrc%5Etfw\">January 29, 2025<\/a><\/blockquote> <script async src=\"https:\/\/platform.twitter.com\/widgets.js\" charset=\"utf-8\"><\/script>\n\n\n\n<p>As a\u00e7\u00f5es s\u00e3o em apoio ao zagueiro L\u00e9o, que foi v\u00edtima de racismo no Athletiba do \u00faltimo s\u00e1bado, 25. Um homem, identificado como torcedor do Coxa, gravava o momento em que o jogador deixava o campo ap\u00f3s expuls\u00e3o ainda no primeiro tempo, enquanto proferia ofensas raciais contra o defensor.<\/p>\n\n\n\n<p>\u201cMacaco n\u00e3o se cria no Couto Pereira. Vai embora, L\u00e9o Pel\u00e9, seu preto. Macaco do cara***. Olha para c\u00e1, seu macaco\u201d, gritou o agressor.<\/p>\n\n\n\n<p>O Athletico se manifestou \u00e0s v\u00e9speras do jogo contra o Cianorte: &#8220;Nesta ter\u00e7a-feira, jogaremos de preto. Pelo L\u00e9o. Por todos que sofrem e j\u00e1 sofreram. Por uma sociedade antirracista. Ame o Athletico e odeie o racismo&#8221;, anunciou o clube.<\/p>\n\n\n\n<figure class=\"wp-block-image size-full\"><img loading=\"lazy\" decoding=\"async\" width=\"680\" height=\"454\" src=\"https:\/\/www.gaveanews.com\/wp-content\/uploads\/image-27.webp\" alt=\"\" class=\"wp-image-219612\"\/><figcaption class=\"wp-element-caption\">Athletico demonstra apoio a L\u00e9o &#8211; Foto: Ernani Ogata<\/figcaption><\/figure>\n\n\n\n<h2 class=\"wp-block-heading\" id=\"h-leo-registra-boletim-de-ocorrencia\">L\u00e9o registra Boletim de Ocorr\u00eancia<\/h2>\n\n\n\n<p>O zagueiro tentou abrir uma queixa na Demafe (Delegacia M\u00f3vel de Atendimento a Futebol e Eventos) do Courto Pereira, mas n\u00e3o encontrou agentes no local. Por isso, L\u00e9o s\u00f3 conseguiu registrar o boletim de ocorr\u00eancia dois dias depois, na segunda-feira, 27.<\/p>\n\n\n\n<p>\u201cDif\u00edcil. Nada f\u00e1cil. Mas isso tem que ser feito. Luto muito contra essa causa e, infelizmente, passar por isso n\u00e3o \u00e9 legal. Fiquei muito pr\u00f3ximo da minha fam\u00edlia nesse momento dif\u00edcil. Agora, tenho que fazer o necess\u00e1rio para que essa pessoa n\u00e3o cometa mais isso com ningu\u00e9m. Sim, tenho recebido apoio do Athletico e do grupo, quero agradecer por todo apoio. Quero levantar a cabe\u00e7a, continuar trabalhando, mas, antes, fazer o que tem que ser feito\u201d, declarou L\u00e9o do lado de fora da Demafe.<\/p>\n","protected":false},"excerpt":{"rendered":"<p>O pr\u00e9-jogo entre Athletico e Cianorte desta ter\u00e7a-feira, 28, ficou marcado por a\u00e7\u00f5es em prol da luta antirracista na Ligga Arena. Al\u00e9m do uso de uma camisa especial, em tom preto e com mensagem &#8220;N\u00e3o ao racismo&#8221;, torcedores do Furac\u00e3o entoaram cantos em apoio ao zagueiro L\u00e9o &#8211; v\u00edtima de inj\u00faria racial no Athletiba do [&hellip;]<\/p>\n","protected":false},"author":30,"featured_media":218239,"comment_status":"open","ping_status":"closed","sticky":false,"template":"","format":"standard","meta":{"footnotes":""},"categories":[134],"tags":[],"class_list":["post-219608","post","type-post","status-publish","format-standard","has-post-thumbnail","hentry","category-athletico-pr"],"yoast_head":"<!-- This site is optimized with the Yoast SEO Premium plugin v24.2 (Yoast SEO v26.9) - https:\/\/yoast.com\/product\/yoast-seo-premium-wordpress\/ -->\n<title>Athletico-PR faz campanha contra racismo ap\u00f3s caso de L\u00e9o<\/title>\n<meta name=\"robots\" content=\"index, follow, max-snippet:-1, max-image-preview:large, max-video-preview:-1\" \/>\n<link rel=\"canonical\" href=\"https:\/\/www.gaveanews.com\/index.php\/2025\/01\/28\/athletico-pr-faz-campanha-contra-racismo-apos-caso-de-leo\/\" \/>\n<meta property=\"og:locale\" content=\"pt_BR\" \/>\n<meta property=\"og:type\" content=\"article\" \/>\n<meta property=\"og:title\" content=\"Athletico-PR faz campanha contra racismo ap\u00f3s caso de L\u00e9o\" \/>\n<meta property=\"og:description\" content=\"O pr\u00e9-jogo entre Athletico e Cianorte desta ter\u00e7a-feira, 28, ficou marcado por a\u00e7\u00f5es em prol da luta antirracista na Ligga Arena. Al\u00e9m do uso de uma camisa especial, em tom preto e com mensagem &#8220;N\u00e3o ao racismo&#8221;, torcedores do Furac\u00e3o entoaram cantos em apoio ao zagueiro L\u00e9o &#8211; v\u00edtima de inj\u00faria racial no Athletiba do [&hellip;]\" \/>\n<meta property=\"og:url\" content=\"https:\/\/www.gaveanews.com\/index.php\/2025\/01\/28\/athletico-pr-faz-campanha-contra-racismo-apos-caso-de-leo\/\" \/>\n<meta property=\"og:site_name\" content=\"G\u00e1vea News\" \/>\n<meta property=\"article:publisher\" content=\"https:\/\/facebook.com\/gaveaNews\/\" \/>\n<meta property=\"article:published_time\" content=\"2025-01-29T01:15:00+00:00\" \/>\n<meta property=\"og:image\" content=\"https:\/\/www.gaveanews.com\/wp-content\/uploads\/Leo-Pele-Athletico.webp\" \/>\n\t<meta property=\"og:image:width\" content=\"727\" \/>\n\t<meta property=\"og:image:height\" content=\"700\" \/>\n\t<meta property=\"og:image:type\" content=\"image\/png\" \/>\n<meta name=\"author\" content=\"Ana Teixeira\" \/>\n<meta name=\"twitter:card\" content=\"summary_large_image\" \/>\n<meta name=\"twitter:label1\" content=\"Escrito por\" \/>\n\t<meta name=\"twitter:data1\" content=\"Ana Teixeira\" \/>\n\t<meta name=\"twitter:label2\" content=\"Est. tempo de leitura\" \/>\n\t<meta name=\"twitter:data2\" content=\"3 minutos\" \/>\n<script type=\"application\/ld+json\" class=\"yoast-schema-graph\">{\"@context\":\"https:\/\/schema.org\",\"@graph\":[{\"@type\":\"NewsArticle\",\"@id\":\"https:\/\/www.gaveanews.com\/index.php\/2025\/01\/28\/athletico-pr-faz-campanha-contra-racismo-apos-caso-de-leo\/#article\",\"isPartOf\":{\"@id\":\"https:\/\/www.gaveanews.com\/index.php\/2025\/01\/28\/athletico-pr-faz-campanha-contra-racismo-apos-caso-de-leo\/\"},\"author\":{\"name\":\"Ana Teixeira\",\"@id\":\"https:\/\/www.gaveanews.com\/#\/schema\/person\/3b19f7288b0ce20372991275e4f2e6c2\"},\"headline\":\"Athletico-PR faz campanha contra racismo ap\u00f3s caso de L\u00e9o\",\"datePublished\":\"2025-01-29T01:15:00+00:00\",\"mainEntityOfPage\":{\"@id\":\"https:\/\/www.gaveanews.com\/index.php\/2025\/01\/28\/athletico-pr-faz-campanha-contra-racismo-apos-caso-de-leo\/\"},\"wordCount\":455,\"commentCount\":0,\"image\":{\"@id\":\"https:\/\/www.gaveanews.com\/index.php\/2025\/01\/28\/athletico-pr-faz-campanha-contra-racismo-apos-caso-de-leo\/#primaryimage\"},\"thumbnailUrl\":\"https:\/\/www.gaveanews.com\/wp-content\/uploads\/Leo-Pele-Athletico.webp\",\"articleSection\":[\"Athletico-PR\"],\"inLanguage\":\"pt-BR\",\"potentialAction\":[{\"@type\":\"CommentAction\",\"name\":\"Comment\",\"target\":[\"https:\/\/www.gaveanews.com\/index.php\/2025\/01\/28\/athletico-pr-faz-campanha-contra-racismo-apos-caso-de-leo\/#respond\"]}],\"copyrightYear\":\"2025\",\"copyrightHolder\":{\"@id\":\"https:\/\/www.gaveanews.com\/#organization\"}},{\"@type\":\"WebPage\",\"@id\":\"https:\/\/www.gaveanews.com\/index.php\/2025\/01\/28\/athletico-pr-faz-campanha-contra-racismo-apos-caso-de-leo\/\",\"url\":\"https:\/\/www.gaveanews.com\/index.php\/2025\/01\/28\/athletico-pr-faz-campanha-contra-racismo-apos-caso-de-leo\/\",\"name\":\"Athletico-PR faz campanha contra racismo ap\u00f3s caso de L\u00e9o\",\"isPartOf\":{\"@id\":\"https:\/\/www.gaveanews.com\/#website\"},\"primaryImageOfPage\":{\"@id\":\"https:\/\/www.gaveanews.com\/index.php\/2025\/01\/28\/athletico-pr-faz-campanha-contra-racismo-apos-caso-de-leo\/#primaryimage\"},\"image\":{\"@id\":\"https:\/\/www.gaveanews.com\/index.php\/2025\/01\/28\/athletico-pr-faz-campanha-contra-racismo-apos-caso-de-leo\/#primaryimage\"},\"thumbnailUrl\":\"https:\/\/www.gaveanews.com\/wp-content\/uploads\/Leo-Pele-Athletico.webp\",\"datePublished\":\"2025-01-29T01:15:00+00:00\",\"author\":{\"@id\":\"https:\/\/www.gaveanews.com\/#\/schema\/person\/3b19f7288b0ce20372991275e4f2e6c2\"},\"breadcrumb\":{\"@id\":\"https:\/\/www.gaveanews.com\/index.php\/2025\/01\/28\/athletico-pr-faz-campanha-contra-racismo-apos-caso-de-leo\/#breadcrumb\"},\"inLanguage\":\"pt-BR\",\"potentialAction\":[{\"@type\":\"ReadAction\",\"target\":[\"https:\/\/www.gaveanews.com\/index.php\/2025\/01\/28\/athletico-pr-faz-campanha-contra-racismo-apos-caso-de-leo\/\"]}]},{\"@type\":\"ImageObject\",\"inLanguage\":\"pt-BR\",\"@id\":\"https:\/\/www.gaveanews.com\/index.php\/2025\/01\/28\/athletico-pr-faz-campanha-contra-racismo-apos-caso-de-leo\/#primaryimage\",\"url\":\"https:\/\/www.gaveanews.com\/wp-content\/uploads\/Leo-Pele-Athletico.webp\",\"contentUrl\":\"https:\/\/www.gaveanews.com\/wp-content\/uploads\/Leo-Pele-Athletico.webp\",\"width\":727,\"height\":700,\"caption\":\"Foto: Divulga\u00e7\u00e3o\/Athletico\"},{\"@type\":\"BreadcrumbList\",\"@id\":\"https:\/\/www.gaveanews.com\/index.php\/2025\/01\/28\/athletico-pr-faz-campanha-contra-racismo-apos-caso-de-leo\/#breadcrumb\",\"itemListElement\":[{\"@type\":\"ListItem\",\"position\":1,\"name\":\"Home\",\"item\":\"https:\/\/www.gaveanews.com\/\"},{\"@type\":\"ListItem\",\"position\":2,\"name\":\"Athletico-PR faz campanha contra racismo ap\u00f3s caso de L\u00e9o\"}]},{\"@type\":\"WebSite\",\"@id\":\"https:\/\/www.gaveanews.com\/#website\",\"url\":\"https:\/\/www.gaveanews.com\/\",\"name\":\"G\u00e1vea News\",\"description\":\"Veja todas as not\u00edcias sobre o Flamengo: Contrata\u00e7\u00f5es, categorias de base, resultados das partidas, tabela de classifica\u00e7\u00e3o, pr\u00f3ximos jogos!\",\"potentialAction\":[{\"@type\":\"SearchAction\",\"target\":{\"@type\":\"EntryPoint\",\"urlTemplate\":\"https:\/\/www.gaveanews.com\/?s={search_term_string}\"},\"query-input\":{\"@type\":\"PropertyValueSpecification\",\"valueRequired\":true,\"valueName\":\"search_term_string\"}}],\"inLanguage\":\"pt-BR\"},{\"@type\":\"Person\",\"@id\":\"https:\/\/www.gaveanews.com\/#\/schema\/person\/3b19f7288b0ce20372991275e4f2e6c2\",\"name\":\"Ana Teixeira\",\"image\":{\"@type\":\"ImageObject\",\"inLanguage\":\"pt-BR\",\"@id\":\"https:\/\/www.gaveanews.com\/#\/schema\/person\/image\/\",\"url\":\"https:\/\/secure.gravatar.com\/avatar\/0a73f5a5258f3fed37fc2fa641892f3f7a4748456d4d4792f9bc550e6c19e06c?s=96&d=mm&r=g\",\"contentUrl\":\"https:\/\/secure.gravatar.com\/avatar\/0a73f5a5258f3fed37fc2fa641892f3f7a4748456d4d4792f9bc550e6c19e06c?s=96&d=mm&r=g\",\"caption\":\"Ana Teixeira\"}}]}<\/script>\n<!-- \/ Yoast SEO Premium plugin. -->","yoast_head_json":{"title":"Athletico-PR faz campanha contra racismo ap\u00f3s caso de L\u00e9o","robots":{"index":"index","follow":"follow","max-snippet":"max-snippet:-1","max-image-preview":"max-image-preview:large","max-video-preview":"max-video-preview:-1"},"canonical":"https:\/\/www.gaveanews.com\/index.php\/2025\/01\/28\/athletico-pr-faz-campanha-contra-racismo-apos-caso-de-leo\/","og_locale":"pt_BR","og_type":"article","og_title":"Athletico-PR faz campanha contra racismo ap\u00f3s caso de L\u00e9o","og_description":"O pr\u00e9-jogo entre Athletico e Cianorte desta ter\u00e7a-feira, 28, ficou marcado por a\u00e7\u00f5es em prol da luta antirracista na Ligga Arena. Al\u00e9m do uso de uma camisa especial, em tom preto e com mensagem &#8220;N\u00e3o ao racismo&#8221;, torcedores do Furac\u00e3o entoaram cantos em apoio ao zagueiro L\u00e9o &#8211; v\u00edtima de inj\u00faria racial no Athletiba do [&hellip;]","og_url":"https:\/\/www.gaveanews.com\/index.php\/2025\/01\/28\/athletico-pr-faz-campanha-contra-racismo-apos-caso-de-leo\/","og_site_name":"G\u00e1vea News","article_publisher":"https:\/\/facebook.com\/gaveaNews\/","article_published_time":"2025-01-29T01:15:00+00:00","og_image":[{"width":727,"height":700,"url":"https:\/\/www.gaveanews.com\/wp-content\/uploads\/Leo-Pele-Athletico.webp","type":"image\/png"}],"author":"Ana Teixeira","twitter_card":"summary_large_image","twitter_misc":{"Escrito por":"Ana Teixeira","Est. tempo de leitura":"3 minutos"},"schema":{"@context":"https:\/\/schema.org","@graph":[{"@type":"NewsArticle","@id":"https:\/\/www.gaveanews.com\/index.php\/2025\/01\/28\/athletico-pr-faz-campanha-contra-racismo-apos-caso-de-leo\/#article","isPartOf":{"@id":"https:\/\/www.gaveanews.com\/index.php\/2025\/01\/28\/athletico-pr-faz-campanha-contra-racismo-apos-caso-de-leo\/"},"author":{"name":"Ana Teixeira","@id":"https:\/\/www.gaveanews.com\/#\/schema\/person\/3b19f7288b0ce20372991275e4f2e6c2"},"headline":"Athletico-PR faz campanha contra racismo ap\u00f3s caso de L\u00e9o","datePublished":"2025-01-29T01:15:00+00:00","mainEntityOfPage":{"@id":"https:\/\/www.gaveanews.com\/index.php\/2025\/01\/28\/athletico-pr-faz-campanha-contra-racismo-apos-caso-de-leo\/"},"wordCount":455,"commentCount":0,"image":{"@id":"https:\/\/www.gaveanews.com\/index.php\/2025\/01\/28\/athletico-pr-faz-campanha-contra-racismo-apos-caso-de-leo\/#primaryimage"},"thumbnailUrl":"https:\/\/www.gaveanews.com\/wp-content\/uploads\/Leo-Pele-Athletico.webp","articleSection":["Athletico-PR"],"inLanguage":"pt-BR","potentialAction":[{"@type":"CommentAction","name":"Comment","target":["https:\/\/www.gaveanews.com\/index.php\/2025\/01\/28\/athletico-pr-faz-campanha-contra-racismo-apos-caso-de-leo\/#respond"]}],"copyrightYear":"2025","copyrightHolder":{"@id":"https:\/\/www.gaveanews.com\/#organization"}},{"@type":"WebPage","@id":"https:\/\/www.gaveanews.com\/index.php\/2025\/01\/28\/athletico-pr-faz-campanha-contra-racismo-apos-caso-de-leo\/","url":"https:\/\/www.gaveanews.com\/index.php\/2025\/01\/28\/athletico-pr-faz-campanha-contra-racismo-apos-caso-de-leo\/","name":"Athletico-PR faz campanha contra racismo ap\u00f3s caso de L\u00e9o","isPartOf":{"@id":"https:\/\/www.gaveanews.com\/#website"},"primaryImageOfPage":{"@id":"https:\/\/www.gaveanews.com\/index.php\/2025\/01\/28\/athletico-pr-faz-campanha-contra-racismo-apos-caso-de-leo\/#primaryimage"},"image":{"@id":"https:\/\/www.gaveanews.com\/index.php\/2025\/01\/28\/athletico-pr-faz-campanha-contra-racismo-apos-caso-de-leo\/#primaryimage"},"thumbnailUrl":"https:\/\/www.gaveanews.com\/wp-content\/uploads\/Leo-Pele-Athletico.webp","datePublished":"2025-01-29T01:15:00+00:00","author":{"@id":"https:\/\/www.gaveanews.com\/#\/schema\/person\/3b19f7288b0ce20372991275e4f2e6c2"},"breadcrumb":{"@id":"https:\/\/www.gaveanews.com\/index.php\/2025\/01\/28\/athletico-pr-faz-campanha-contra-racismo-apos-caso-de-leo\/#breadcrumb"},"inLanguage":"pt-BR","potentialAction":[{"@type":"ReadAction","target":["https:\/\/www.gaveanews.com\/index.php\/2025\/01\/28\/athletico-pr-faz-campanha-contra-racismo-apos-caso-de-leo\/"]}]},{"@type":"ImageObject","inLanguage":"pt-BR","@id":"https:\/\/www.gaveanews.com\/index.php\/2025\/01\/28\/athletico-pr-faz-campanha-contra-racismo-apos-caso-de-leo\/#primaryimage","url":"https:\/\/www.gaveanews.com\/wp-content\/uploads\/Leo-Pele-Athletico.webp","contentUrl":"https:\/\/www.gaveanews.com\/wp-content\/uploads\/Leo-Pele-Athletico.webp","width":727,"height":700,"caption":"Foto: Divulga\u00e7\u00e3o\/Athletico"},{"@type":"BreadcrumbList","@id":"https:\/\/www.gaveanews.com\/index.php\/2025\/01\/28\/athletico-pr-faz-campanha-contra-racismo-apos-caso-de-leo\/#breadcrumb","itemListElement":[{"@type":"ListItem","position":1,"name":"Home","item":"https:\/\/www.gaveanews.com\/"},{"@type":"ListItem","position":2,"name":"Athletico-PR faz campanha contra racismo ap\u00f3s caso de L\u00e9o"}]},{"@type":"WebSite","@id":"https:\/\/www.gaveanews.com\/#website","url":"https:\/\/www.gaveanews.com\/","name":"G\u00e1vea News","description":"Veja todas as not\u00edcias sobre o Flamengo: Contrata\u00e7\u00f5es, categorias de base, resultados das partidas, tabela de classifica\u00e7\u00e3o, pr\u00f3ximos jogos!","potentialAction":[{"@type":"SearchAction","target":{"@type":"EntryPoint","urlTemplate":"https:\/\/www.gaveanews.com\/?s={search_term_string}"},"query-input":{"@type":"PropertyValueSpecification","valueRequired":true,"valueName":"search_term_string"}}],"inLanguage":"pt-BR"},{"@type":"Person","@id":"https:\/\/www.gaveanews.com\/#\/schema\/person\/3b19f7288b0ce20372991275e4f2e6c2","name":"Ana Teixeira","image":{"@type":"ImageObject","inLanguage":"pt-BR","@id":"https:\/\/www.gaveanews.com\/#\/schema\/person\/image\/","url":"https:\/\/secure.gravatar.com\/avatar\/0a73f5a5258f3fed37fc2fa641892f3f7a4748456d4d4792f9bc550e6c19e06c?s=96&d=mm&r=g","contentUrl":"https:\/\/secure.gravatar.com\/avatar\/0a73f5a5258f3fed37fc2fa641892f3f7a4748456d4d4792f9bc550e6c19e06c?s=96&d=mm&r=g","caption":"Ana Teixeira"}}]}},"_links":{"self":[{"href":"https:\/\/www.gaveanews.com\/index.php\/wp-json\/wp\/v2\/posts\/219608","targetHints":{"allow":["GET"]}}],"collection":[{"href":"https:\/\/www.gaveanews.com\/index.php\/wp-json\/wp\/v2\/posts"}],"about":[{"href":"https:\/\/www.gaveanews.com\/index.php\/wp-json\/wp\/v2\/types\/post"}],"author":[{"embeddable":true,"href":"https:\/\/www.gaveanews.com\/index.php\/wp-json\/wp\/v2\/users\/30"}],"replies":[{"embeddable":true,"href":"https:\/\/www.gaveanews.com\/index.php\/wp-json\/wp\/v2\/comments?post=219608"}],"version-history":[{"count":2,"href":"https:\/\/www.gaveanews.com\/index.php\/wp-json\/wp\/v2\/posts\/219608\/revisions"}],"predecessor-version":[{"id":219621,"href":"https:\/\/www.gaveanews.com\/index.php\/wp-json\/wp\/v2\/posts\/219608\/revisions\/219621"}],"wp:featuredmedia":[{"embeddable":true,"href":"https:\/\/www.gaveanews.com\/index.php\/wp-json\/wp\/v2\/media\/218239"}],"wp:attachment":[{"href":"https:\/\/www.gaveanews.com\/index.php\/wp-json\/wp\/v2\/media?parent=219608"}],"wp:term":[{"taxonomy":"category","embeddable":true,"href":"https:\/\/www.gaveanews.com\/index.php\/wp-json\/wp\/v2\/categories?post=219608"},{"taxonomy":"post_tag","embeddable":true,"href":"https:\/\/www.gaveanews.com\/index.php\/wp-json\/wp\/v2\/tags?post=219608"}],"curies":[{"name":"wp","href":"https:\/\/api.w.org\/{rel}","templated":true}]}}