{"id":219611,"date":"2025-01-28T22:40:00","date_gmt":"2025-01-29T01:40:00","guid":{"rendered":"https:\/\/www.gaveanews.com\/?p=219611"},"modified":"2025-01-28T22:21:48","modified_gmt":"2025-01-29T01:21:48","slug":"palmeiras-x-bragantino-a-declaracao-de-vinicinho-sobre-o-jogo","status":"publish","type":"post","link":"https:\/\/www.gaveanews.com\/index.php\/2025\/01\/28\/palmeiras-x-bragantino-a-declaracao-de-vinicinho-sobre-o-jogo\/","title":{"rendered":"Palmeiras x Bragantino: a declara\u00e7\u00e3o de Vinicinho sobre o jogo"},"content":{"rendered":"\n<h2 class=\"wp-block-heading\" id=\"h-vinicinho-destaca-trabalho-da-equipe-e-comemora-presenca-de-klopp-no-estadio\">Vinicinho destaca trabalho da equipe e comemora presen\u00e7a de Klopp no est\u00e1dio<\/h2>\n\n\n\n<p>Palmeiras e Red Bull Bragantino abriram a quinta rodada do Campeonato Paulista, nesta ter\u00e7a-feira (28), com um empate por 0 a 0 no Allianz Parque. O Verd\u00e3o teve dificuldades na cria\u00e7\u00e3o e viu o advers\u00e1rio ser mais perigoso, mas as boas defesas de Weverton garantiram que o placar n\u00e3o fosse alterado.<\/p>\n\n\n\n<p>O Bragantino criou as melhores oportunidades da partida, principalmente com Vinicinho, que parou no goleiro palmeirense em duas finaliza\u00e7\u00f5es dentro da \u00e1rea, aos 12 e 22 minutos do primeiro tempo. Ap\u00f3s a partida, o atacante valorizou o desempenho da equipe, apesar do resultado.<\/p>\n\n\n\n<p>\u201cCreio que \u00e9 fruto de muito trabalho. A equipe fez uma excelente partida, claro que n\u00e3o sa\u00edram os gols, mas agora \u00e9 seguir trabalhando e pensar no pr\u00f3ximo jogo\u201d, declarou Vinicinho.<\/p>\n\n\n\n<p>A partida marcou a presen\u00e7a de J\u00fcrgen Klopp no Allianz Parque. O ex-t\u00e9cnico do Liverpool, agora gerente global de futebol do grupo Red Bull, assistiu ao jogo dos camarotes e foi homenageado pelo Palmeiras com uma camisa personalizada antes do apito inicial. O treinador alem\u00e3o chegou a ser atingido pelo sistema de irriga\u00e7\u00e3o do gramado e esbanjou simpatia com torcedores.<\/p>\n\n\n\n<p>\u201c\u00c9 sempre bom ter um cara desse tamanho, com tanta experi\u00eancia, assistindo a gente. Muito feliz de ele ter acompanhado essa grande partida aqui hoje\u201d, comentou Vinicinho.<\/p>\n\n\n\n<p>Com o empate, o Palmeiras chegou a oito pontos e se manteve na vice-lideran\u00e7a do Grupo D, mas pode ser ultrapassado na sequ\u00eancia da rodada. J\u00e1 o Bragantino tem tr\u00eas pontos e ocupa a terceira posi\u00e7\u00e3o no Grupo B.<\/p>\n\n\n\n<p>Na pr\u00f3xima rodada, o Palmeiras enfrenta o Guarani, no domingo (4), \u00e0s 18h30, em Campinas. O Red Bull Bragantino, por sua vez, joga na sexta-feira (2), \u00e0s 19h30, contra o Novorizontino, no Est\u00e1dio Nabi Abi Chedid.<\/p>\n","protected":false},"excerpt":{"rendered":"<p>Vinicinho destaca trabalho da equipe e comemora presen\u00e7a de Klopp no est\u00e1dio Palmeiras e Red Bull Bragantino abriram a quinta rodada do Campeonato Paulista, nesta ter\u00e7a-feira (28), com um empate por 0 a 0 no Allianz Parque. O Verd\u00e3o teve dificuldades na cria\u00e7\u00e3o e viu o advers\u00e1rio ser mais perigoso, mas as boas defesas de [&hellip;]<\/p>\n","protected":false},"author":17,"featured_media":219627,"comment_status":"open","ping_status":"closed","sticky":false,"template":"","format":"standard","meta":{"footnotes":""},"categories":[140,150],"tags":[],"class_list":["post-219611","post","type-post","status-publish","format-standard","has-post-thumbnail","hentry","category-bragantino","category-palmeiras"],"yoast_head":"<!-- This site is optimized with the Yoast SEO Premium plugin v24.2 (Yoast SEO v26.9) - https:\/\/yoast.com\/product\/yoast-seo-premium-wordpress\/ -->\n<title>Palmeiras x Bragantino: a declara\u00e7\u00e3o de Vinicinho sobre o jogo<\/title>\n<meta name=\"robots\" content=\"index, follow, max-snippet:-1, max-image-preview:large, max-video-preview:-1\" \/>\n<link rel=\"canonical\" href=\"https:\/\/www.gaveanews.com\/index.php\/2025\/01\/28\/palmeiras-x-bragantino-a-declaracao-de-vinicinho-sobre-o-jogo\/\" \/>\n<meta property=\"og:locale\" content=\"pt_BR\" \/>\n<meta property=\"og:type\" content=\"article\" \/>\n<meta property=\"og:title\" content=\"Palmeiras x Bragantino: a declara\u00e7\u00e3o de Vinicinho sobre o jogo\" \/>\n<meta property=\"og:description\" content=\"Vinicinho destaca trabalho da equipe e comemora presen\u00e7a de Klopp no est\u00e1dio Palmeiras e Red Bull Bragantino abriram a quinta rodada do Campeonato Paulista, nesta ter\u00e7a-feira (28), com um empate por 0 a 0 no Allianz Parque. O Verd\u00e3o teve dificuldades na cria\u00e7\u00e3o e viu o advers\u00e1rio ser mais perigoso, mas as boas defesas de [&hellip;]\" \/>\n<meta property=\"og:url\" content=\"https:\/\/www.gaveanews.com\/index.php\/2025\/01\/28\/palmeiras-x-bragantino-a-declaracao-de-vinicinho-sobre-o-jogo\/\" \/>\n<meta property=\"og:site_name\" content=\"G\u00e1vea News\" \/>\n<meta property=\"article:publisher\" content=\"https:\/\/facebook.com\/gaveaNews\/\" \/>\n<meta property=\"article:published_time\" content=\"2025-01-29T01:40:00+00:00\" \/>\n<meta property=\"og:image\" content=\"https:\/\/www.gaveanews.com\/wp-content\/uploads\/Vinicinho-pelo-Bragantino-2.webp\" \/>\n\t<meta property=\"og:image:width\" content=\"547\" \/>\n\t<meta property=\"og:image:height\" content=\"487\" \/>\n\t<meta property=\"og:image:type\" content=\"image\/jpeg\" \/>\n<meta name=\"author\" content=\"Geovanna Thomaz\" \/>\n<meta name=\"twitter:card\" content=\"summary_large_image\" \/>\n<meta name=\"twitter:label1\" content=\"Escrito por\" \/>\n\t<meta name=\"twitter:data1\" content=\"Geovanna Thomaz\" \/>\n\t<meta name=\"twitter:label2\" content=\"Est. tempo de leitura\" \/>\n\t<meta name=\"twitter:data2\" content=\"2 minutos\" \/>\n<script type=\"application\/ld+json\" class=\"yoast-schema-graph\">{\"@context\":\"https:\/\/schema.org\",\"@graph\":[{\"@type\":\"NewsArticle\",\"@id\":\"https:\/\/www.gaveanews.com\/index.php\/2025\/01\/28\/palmeiras-x-bragantino-a-declaracao-de-vinicinho-sobre-o-jogo\/#article\",\"isPartOf\":{\"@id\":\"https:\/\/www.gaveanews.com\/index.php\/2025\/01\/28\/palmeiras-x-bragantino-a-declaracao-de-vinicinho-sobre-o-jogo\/\"},\"author\":{\"name\":\"Geovanna Thomaz\",\"@id\":\"https:\/\/www.gaveanews.com\/#\/schema\/person\/f42654babcd2b2014a1a65af82b081f1\"},\"headline\":\"Palmeiras x Bragantino: a declara\u00e7\u00e3o de Vinicinho sobre o jogo\",\"datePublished\":\"2025-01-29T01:40:00+00:00\",\"mainEntityOfPage\":{\"@id\":\"https:\/\/www.gaveanews.com\/index.php\/2025\/01\/28\/palmeiras-x-bragantino-a-declaracao-de-vinicinho-sobre-o-jogo\/\"},\"wordCount\":324,\"commentCount\":0,\"image\":{\"@id\":\"https:\/\/www.gaveanews.com\/index.php\/2025\/01\/28\/palmeiras-x-bragantino-a-declaracao-de-vinicinho-sobre-o-jogo\/#primaryimage\"},\"thumbnailUrl\":\"https:\/\/www.gaveanews.com\/wp-content\/uploads\/Vinicinho-pelo-Bragantino-2.webp\",\"articleSection\":[\"Bragantino\",\"Palmeiras\"],\"inLanguage\":\"pt-BR\",\"potentialAction\":[{\"@type\":\"CommentAction\",\"name\":\"Comment\",\"target\":[\"https:\/\/www.gaveanews.com\/index.php\/2025\/01\/28\/palmeiras-x-bragantino-a-declaracao-de-vinicinho-sobre-o-jogo\/#respond\"]}],\"copyrightYear\":\"2025\",\"copyrightHolder\":{\"@id\":\"https:\/\/www.gaveanews.com\/#organization\"}},{\"@type\":\"WebPage\",\"@id\":\"https:\/\/www.gaveanews.com\/index.php\/2025\/01\/28\/palmeiras-x-bragantino-a-declaracao-de-vinicinho-sobre-o-jogo\/\",\"url\":\"https:\/\/www.gaveanews.com\/index.php\/2025\/01\/28\/palmeiras-x-bragantino-a-declaracao-de-vinicinho-sobre-o-jogo\/\",\"name\":\"Palmeiras x Bragantino: a declara\u00e7\u00e3o de Vinicinho sobre o jogo\",\"isPartOf\":{\"@id\":\"https:\/\/www.gaveanews.com\/#website\"},\"primaryImageOfPage\":{\"@id\":\"https:\/\/www.gaveanews.com\/index.php\/2025\/01\/28\/palmeiras-x-bragantino-a-declaracao-de-vinicinho-sobre-o-jogo\/#primaryimage\"},\"image\":{\"@id\":\"https:\/\/www.gaveanews.com\/index.php\/2025\/01\/28\/palmeiras-x-bragantino-a-declaracao-de-vinicinho-sobre-o-jogo\/#primaryimage\"},\"thumbnailUrl\":\"https:\/\/www.gaveanews.com\/wp-content\/uploads\/Vinicinho-pelo-Bragantino-2.webp\",\"datePublished\":\"2025-01-29T01:40:00+00:00\",\"author\":{\"@id\":\"https:\/\/www.gaveanews.com\/#\/schema\/person\/f42654babcd2b2014a1a65af82b081f1\"},\"breadcrumb\":{\"@id\":\"https:\/\/www.gaveanews.com\/index.php\/2025\/01\/28\/palmeiras-x-bragantino-a-declaracao-de-vinicinho-sobre-o-jogo\/#breadcrumb\"},\"inLanguage\":\"pt-BR\",\"potentialAction\":[{\"@type\":\"ReadAction\",\"target\":[\"https:\/\/www.gaveanews.com\/index.php\/2025\/01\/28\/palmeiras-x-bragantino-a-declaracao-de-vinicinho-sobre-o-jogo\/\"]}]},{\"@type\":\"ImageObject\",\"inLanguage\":\"pt-BR\",\"@id\":\"https:\/\/www.gaveanews.com\/index.php\/2025\/01\/28\/palmeiras-x-bragantino-a-declaracao-de-vinicinho-sobre-o-jogo\/#primaryimage\",\"url\":\"https:\/\/www.gaveanews.com\/wp-content\/uploads\/Vinicinho-pelo-Bragantino-2.webp\",\"contentUrl\":\"https:\/\/www.gaveanews.com\/wp-content\/uploads\/Vinicinho-pelo-Bragantino-2.webp\",\"width\":547,\"height\":487,\"caption\":\"Vinicinho pelo Bragantino (Foto: Reprodu\u00e7\u00e3o\/Instagram)\"},{\"@type\":\"BreadcrumbList\",\"@id\":\"https:\/\/www.gaveanews.com\/index.php\/2025\/01\/28\/palmeiras-x-bragantino-a-declaracao-de-vinicinho-sobre-o-jogo\/#breadcrumb\",\"itemListElement\":[{\"@type\":\"ListItem\",\"position\":1,\"name\":\"Home\",\"item\":\"https:\/\/www.gaveanews.com\/\"},{\"@type\":\"ListItem\",\"position\":2,\"name\":\"Palmeiras x Bragantino: a declara\u00e7\u00e3o de Vinicinho sobre o jogo\"}]},{\"@type\":\"WebSite\",\"@id\":\"https:\/\/www.gaveanews.com\/#website\",\"url\":\"https:\/\/www.gaveanews.com\/\",\"name\":\"G\u00e1vea News\",\"description\":\"Veja todas as not\u00edcias sobre o Flamengo: Contrata\u00e7\u00f5es, categorias de base, resultados das partidas, tabela de classifica\u00e7\u00e3o, pr\u00f3ximos jogos!\",\"potentialAction\":[{\"@type\":\"SearchAction\",\"target\":{\"@type\":\"EntryPoint\",\"urlTemplate\":\"https:\/\/www.gaveanews.com\/?s={search_term_string}\"},\"query-input\":{\"@type\":\"PropertyValueSpecification\",\"valueRequired\":true,\"valueName\":\"search_term_string\"}}],\"inLanguage\":\"pt-BR\"},{\"@type\":\"Person\",\"@id\":\"https:\/\/www.gaveanews.com\/#\/schema\/person\/f42654babcd2b2014a1a65af82b081f1\",\"name\":\"Geovanna Thomaz\",\"image\":{\"@type\":\"ImageObject\",\"inLanguage\":\"pt-BR\",\"@id\":\"https:\/\/www.gaveanews.com\/#\/schema\/person\/image\/\",\"url\":\"https:\/\/secure.gravatar.com\/avatar\/4092073255489533afb558984b49b64268c47198af8623cc82a925ae9fb7118a?s=96&d=mm&r=g\",\"contentUrl\":\"https:\/\/secure.gravatar.com\/avatar\/4092073255489533afb558984b49b64268c47198af8623cc82a925ae9fb7118a?s=96&d=mm&r=g\",\"caption\":\"Geovanna Thomaz\"}}]}<\/script>\n<!-- \/ Yoast SEO Premium plugin. -->","yoast_head_json":{"title":"Palmeiras x Bragantino: a declara\u00e7\u00e3o de Vinicinho sobre o jogo","robots":{"index":"index","follow":"follow","max-snippet":"max-snippet:-1","max-image-preview":"max-image-preview:large","max-video-preview":"max-video-preview:-1"},"canonical":"https:\/\/www.gaveanews.com\/index.php\/2025\/01\/28\/palmeiras-x-bragantino-a-declaracao-de-vinicinho-sobre-o-jogo\/","og_locale":"pt_BR","og_type":"article","og_title":"Palmeiras x Bragantino: a declara\u00e7\u00e3o de Vinicinho sobre o jogo","og_description":"Vinicinho destaca trabalho da equipe e comemora presen\u00e7a de Klopp no est\u00e1dio Palmeiras e Red Bull Bragantino abriram a quinta rodada do Campeonato Paulista, nesta ter\u00e7a-feira (28), com um empate por 0 a 0 no Allianz Parque. O Verd\u00e3o teve dificuldades na cria\u00e7\u00e3o e viu o advers\u00e1rio ser mais perigoso, mas as boas defesas de [&hellip;]","og_url":"https:\/\/www.gaveanews.com\/index.php\/2025\/01\/28\/palmeiras-x-bragantino-a-declaracao-de-vinicinho-sobre-o-jogo\/","og_site_name":"G\u00e1vea News","article_publisher":"https:\/\/facebook.com\/gaveaNews\/","article_published_time":"2025-01-29T01:40:00+00:00","og_image":[{"width":547,"height":487,"url":"https:\/\/www.gaveanews.com\/wp-content\/uploads\/Vinicinho-pelo-Bragantino-2.webp","type":"image\/jpeg"}],"author":"Geovanna Thomaz","twitter_card":"summary_large_image","twitter_misc":{"Escrito por":"Geovanna Thomaz","Est. tempo de leitura":"2 minutos"},"schema":{"@context":"https:\/\/schema.org","@graph":[{"@type":"NewsArticle","@id":"https:\/\/www.gaveanews.com\/index.php\/2025\/01\/28\/palmeiras-x-bragantino-a-declaracao-de-vinicinho-sobre-o-jogo\/#article","isPartOf":{"@id":"https:\/\/www.gaveanews.com\/index.php\/2025\/01\/28\/palmeiras-x-bragantino-a-declaracao-de-vinicinho-sobre-o-jogo\/"},"author":{"name":"Geovanna Thomaz","@id":"https:\/\/www.gaveanews.com\/#\/schema\/person\/f42654babcd2b2014a1a65af82b081f1"},"headline":"Palmeiras x Bragantino: a declara\u00e7\u00e3o de Vinicinho sobre o jogo","datePublished":"2025-01-29T01:40:00+00:00","mainEntityOfPage":{"@id":"https:\/\/www.gaveanews.com\/index.php\/2025\/01\/28\/palmeiras-x-bragantino-a-declaracao-de-vinicinho-sobre-o-jogo\/"},"wordCount":324,"commentCount":0,"image":{"@id":"https:\/\/www.gaveanews.com\/index.php\/2025\/01\/28\/palmeiras-x-bragantino-a-declaracao-de-vinicinho-sobre-o-jogo\/#primaryimage"},"thumbnailUrl":"https:\/\/www.gaveanews.com\/wp-content\/uploads\/Vinicinho-pelo-Bragantino-2.webp","articleSection":["Bragantino","Palmeiras"],"inLanguage":"pt-BR","potentialAction":[{"@type":"CommentAction","name":"Comment","target":["https:\/\/www.gaveanews.com\/index.php\/2025\/01\/28\/palmeiras-x-bragantino-a-declaracao-de-vinicinho-sobre-o-jogo\/#respond"]}],"copyrightYear":"2025","copyrightHolder":{"@id":"https:\/\/www.gaveanews.com\/#organization"}},{"@type":"WebPage","@id":"https:\/\/www.gaveanews.com\/index.php\/2025\/01\/28\/palmeiras-x-bragantino-a-declaracao-de-vinicinho-sobre-o-jogo\/","url":"https:\/\/www.gaveanews.com\/index.php\/2025\/01\/28\/palmeiras-x-bragantino-a-declaracao-de-vinicinho-sobre-o-jogo\/","name":"Palmeiras x Bragantino: a declara\u00e7\u00e3o de Vinicinho sobre o jogo","isPartOf":{"@id":"https:\/\/www.gaveanews.com\/#website"},"primaryImageOfPage":{"@id":"https:\/\/www.gaveanews.com\/index.php\/2025\/01\/28\/palmeiras-x-bragantino-a-declaracao-de-vinicinho-sobre-o-jogo\/#primaryimage"},"image":{"@id":"https:\/\/www.gaveanews.com\/index.php\/2025\/01\/28\/palmeiras-x-bragantino-a-declaracao-de-vinicinho-sobre-o-jogo\/#primaryimage"},"thumbnailUrl":"https:\/\/www.gaveanews.com\/wp-content\/uploads\/Vinicinho-pelo-Bragantino-2.webp","datePublished":"2025-01-29T01:40:00+00:00","author":{"@id":"https:\/\/www.gaveanews.com\/#\/schema\/person\/f42654babcd2b2014a1a65af82b081f1"},"breadcrumb":{"@id":"https:\/\/www.gaveanews.com\/index.php\/2025\/01\/28\/palmeiras-x-bragantino-a-declaracao-de-vinicinho-sobre-o-jogo\/#breadcrumb"},"inLanguage":"pt-BR","potentialAction":[{"@type":"ReadAction","target":["https:\/\/www.gaveanews.com\/index.php\/2025\/01\/28\/palmeiras-x-bragantino-a-declaracao-de-vinicinho-sobre-o-jogo\/"]}]},{"@type":"ImageObject","inLanguage":"pt-BR","@id":"https:\/\/www.gaveanews.com\/index.php\/2025\/01\/28\/palmeiras-x-bragantino-a-declaracao-de-vinicinho-sobre-o-jogo\/#primaryimage","url":"https:\/\/www.gaveanews.com\/wp-content\/uploads\/Vinicinho-pelo-Bragantino-2.webp","contentUrl":"https:\/\/www.gaveanews.com\/wp-content\/uploads\/Vinicinho-pelo-Bragantino-2.webp","width":547,"height":487,"caption":"Vinicinho pelo Bragantino (Foto: Reprodu\u00e7\u00e3o\/Instagram)"},{"@type":"BreadcrumbList","@id":"https:\/\/www.gaveanews.com\/index.php\/2025\/01\/28\/palmeiras-x-bragantino-a-declaracao-de-vinicinho-sobre-o-jogo\/#breadcrumb","itemListElement":[{"@type":"ListItem","position":1,"name":"Home","item":"https:\/\/www.gaveanews.com\/"},{"@type":"ListItem","position":2,"name":"Palmeiras x Bragantino: a declara\u00e7\u00e3o de Vinicinho sobre o jogo"}]},{"@type":"WebSite","@id":"https:\/\/www.gaveanews.com\/#website","url":"https:\/\/www.gaveanews.com\/","name":"G\u00e1vea News","description":"Veja todas as not\u00edcias sobre o Flamengo: Contrata\u00e7\u00f5es, categorias de base, resultados das partidas, tabela de classifica\u00e7\u00e3o, pr\u00f3ximos jogos!","potentialAction":[{"@type":"SearchAction","target":{"@type":"EntryPoint","urlTemplate":"https:\/\/www.gaveanews.com\/?s={search_term_string}"},"query-input":{"@type":"PropertyValueSpecification","valueRequired":true,"valueName":"search_term_string"}}],"inLanguage":"pt-BR"},{"@type":"Person","@id":"https:\/\/www.gaveanews.com\/#\/schema\/person\/f42654babcd2b2014a1a65af82b081f1","name":"Geovanna Thomaz","image":{"@type":"ImageObject","inLanguage":"pt-BR","@id":"https:\/\/www.gaveanews.com\/#\/schema\/person\/image\/","url":"https:\/\/secure.gravatar.com\/avatar\/4092073255489533afb558984b49b64268c47198af8623cc82a925ae9fb7118a?s=96&d=mm&r=g","contentUrl":"https:\/\/secure.gravatar.com\/avatar\/4092073255489533afb558984b49b64268c47198af8623cc82a925ae9fb7118a?s=96&d=mm&r=g","caption":"Geovanna Thomaz"}}]}},"_links":{"self":[{"href":"https:\/\/www.gaveanews.com\/index.php\/wp-json\/wp\/v2\/posts\/219611","targetHints":{"allow":["GET"]}}],"collection":[{"href":"https:\/\/www.gaveanews.com\/index.php\/wp-json\/wp\/v2\/posts"}],"about":[{"href":"https:\/\/www.gaveanews.com\/index.php\/wp-json\/wp\/v2\/types\/post"}],"author":[{"embeddable":true,"href":"https:\/\/www.gaveanews.com\/index.php\/wp-json\/wp\/v2\/users\/17"}],"replies":[{"embeddable":true,"href":"https:\/\/www.gaveanews.com\/index.php\/wp-json\/wp\/v2\/comments?post=219611"}],"version-history":[{"count":2,"href":"https:\/\/www.gaveanews.com\/index.php\/wp-json\/wp\/v2\/posts\/219611\/revisions"}],"predecessor-version":[{"id":219628,"href":"https:\/\/www.gaveanews.com\/index.php\/wp-json\/wp\/v2\/posts\/219611\/revisions\/219628"}],"wp:featuredmedia":[{"embeddable":true,"href":"https:\/\/www.gaveanews.com\/index.php\/wp-json\/wp\/v2\/media\/219627"}],"wp:attachment":[{"href":"https:\/\/www.gaveanews.com\/index.php\/wp-json\/wp\/v2\/media?parent=219611"}],"wp:term":[{"taxonomy":"category","embeddable":true,"href":"https:\/\/www.gaveanews.com\/index.php\/wp-json\/wp\/v2\/categories?post=219611"},{"taxonomy":"post_tag","embeddable":true,"href":"https:\/\/www.gaveanews.com\/index.php\/wp-json\/wp\/v2\/tags?post=219611"}],"curies":[{"name":"wp","href":"https:\/\/api.w.org\/{rel}","templated":true}]}}