{"id":219712,"date":"2025-01-29T04:20:00","date_gmt":"2025-01-29T07:20:00","guid":{"rendered":"https:\/\/www.gaveanews.com\/?p=219712"},"modified":"2025-01-29T01:04:04","modified_gmt":"2025-01-29T04:04:04","slug":"chegada-de-reforcos-defesa-viraliza-e-declaracao-de-jose-martinez-as-ultimas-noticias-do-corinthians","status":"publish","type":"post","link":"https:\/\/www.gaveanews.com\/index.php\/2025\/01\/29\/chegada-de-reforcos-defesa-viraliza-e-declaracao-de-jose-martinez-as-ultimas-noticias-do-corinthians\/","title":{"rendered":"Chegada de refor\u00e7os, defesa viraliza e declara\u00e7\u00e3o de Jos\u00e9 Mart\u00ednez: as \u00faltimas not\u00edcias do Corinthians"},"content":{"rendered":"\n<p>Nas \u00faltimas horas, o foco das not\u00edcias sobre o Corinthians se concentram nos bastidores do<br>clube, com destaques do dia a dia do time.<\/p>\n\n\n\n<p>Por conta deste contexto, leia abaixo um resumo preparado pela equipe do portal G\u00e1vea News para lhe manter muito bem informado!<\/p>\n\n\n\n<h2 class=\"wp-block-heading\" id=\"h-declaracao-de-jose-martinez\">Declara\u00e7\u00e3o de Jos\u00e9 Mart\u00ednez<\/h2>\n\n\n\n<p>Ap\u00f3s a derrota do Corinthians para o S\u00e3o Paulo, o volante Jos\u00e9 Mart\u00ednez se pronunciou, destacando a necessidade de seguir em frente com trabalho e uni\u00e3o. O jogador reconheceu os erros da equipe durante a partida e afirmou que o foco agora deve estar na recupera\u00e7\u00e3o para os pr\u00f3ximos desafios. \u201cS\u00f3 temos que trabalhar, levantar a cabe\u00e7a e seguir lutando\u201d, declarou <strong><a href=\"https:\/\/www.gaveanews.com\/index.php\/2025\/01\/27\/video-a-declaracao-de-jose-martinez-apos-a-derrota-do-corinthians\/\">(leia a mat\u00e9ria completa).<\/a><\/strong><\/p>\n\n\n\n<figure class=\"wp-block-image size-large\"><img loading=\"lazy\" decoding=\"async\" width=\"1024\" height=\"683\" src=\"http:\/\/www.gaveanews.com\/wp-content\/uploads\/Bandeira-do-Corinthians-1024x683.webp\" alt=\"\" class=\"wp-image-146952\" srcset=\"https:\/\/www.gaveanews.com\/wp-content\/uploads\/Bandeira-do-Corinthians-1024x683.webp 1024w, https:\/\/www.gaveanews.com\/wp-content\/uploads\/Bandeira-do-Corinthians-300x200.webp 300w, https:\/\/www.gaveanews.com\/wp-content\/uploads\/Bandeira-do-Corinthians-768x512.webp 768w, https:\/\/www.gaveanews.com\/wp-content\/uploads\/Bandeira-do-Corinthians-630x420.webp 630w, https:\/\/www.gaveanews.com\/wp-content\/uploads\/Bandeira-do-Corinthians-640x427.webp 640w, https:\/\/www.gaveanews.com\/wp-content\/uploads\/Bandeira-do-Corinthians-681x454.webp 681w, https:\/\/www.gaveanews.com\/wp-content\/uploads\/Bandeira-do-Corinthians-100x67.webp 100w, https:\/\/www.gaveanews.com\/wp-content\/uploads\/Bandeira-do-Corinthians.webp 1048w\" sizes=\"auto, (max-width: 1024px) 100vw, 1024px\" \/><figcaption class=\"wp-element-caption\">Bandeira do Corinthians (Foto Reprodu\u00e7\u00e3o\/Instagram)<\/figcaption><\/figure>\n\n\n\n<p>Mart\u00ednez tamb\u00e9m ressaltou a import\u00e2ncia da uni\u00e3o do elenco em momentos dif\u00edceis, enfatizando que a equipe deve permanecer ainda mais coesa ap\u00f3s um rev\u00e9s. <\/p>\n\n\n\n<p>Segundo ele, o grupo est\u00e1 determinado a corrigir falhas e melhorar o desempenho dentro de campo, com o objetivo de buscar melhores resultados no Campeonato Paulista.<\/p>\n\n\n\n<p>O Corinthians agora se prepara para enfrentar a Ponte Preta, na quarta-feira (29), em busca da recupera\u00e7\u00e3o no torneio. O jogador refor\u00e7ou que o elenco est\u00e1 comprometido em dar uma resposta r\u00e1pida \u00e0 torcida, garantindo que todos est\u00e3o focados em conquistar a vit\u00f3ria na pr\u00f3xima rodada.<\/p>\n\n\n\n<h2 class=\"wp-block-heading\" id=\"h-defesa-viraliza\">Defesa viraliza<\/h2>\n\n\n\n<p>Ap\u00f3s a derrota do Corinthians para o S\u00e3o Paulo, o volante Jos\u00e9 Mart\u00ednez se pronunciou, destacando a necessidade de seguir em frente com trabalho e uni\u00e3o. O jogador reconheceu os erros da equipe durante a partida e afirmou que o foco agora deve estar na recupera\u00e7\u00e3o para os pr\u00f3ximos desafios. \u201cS\u00f3 temos que trabalhar, levantar a cabe\u00e7a e seguir lutando\u201d, declarou<strong><a href=\"https:\/\/www.gaveanews.com\/index.php\/2025\/01\/27\/video-defesa-absurda-de-rafael-durante-o-jogo-do-sao-paulo-viraliza-na-web\/\"> (leia a mat\u00e9ria completa).<\/a><\/strong><\/p>\n\n\n\n<figure class=\"wp-block-image size-large\"><img loading=\"lazy\" decoding=\"async\" width=\"819\" height=\"1024\" src=\"http:\/\/www.gaveanews.com\/wp-content\/uploads\/Rafael-durante-treinamento-do-Sao-Paulo-819x1024.webp\" alt=\"\" class=\"wp-image-152876\" srcset=\"https:\/\/www.gaveanews.com\/wp-content\/uploads\/Rafael-durante-treinamento-do-Sao-Paulo-819x1024.webp 819w, https:\/\/www.gaveanews.com\/wp-content\/uploads\/Rafael-durante-treinamento-do-Sao-Paulo-240x300.webp 240w, https:\/\/www.gaveanews.com\/wp-content\/uploads\/Rafael-durante-treinamento-do-Sao-Paulo-768x961.webp 768w, https:\/\/www.gaveanews.com\/wp-content\/uploads\/Rafael-durante-treinamento-do-Sao-Paulo-336x420.webp 336w, https:\/\/www.gaveanews.com\/wp-content\/uploads\/Rafael-durante-treinamento-do-Sao-Paulo-672x840.webp 672w, https:\/\/www.gaveanews.com\/wp-content\/uploads\/Rafael-durante-treinamento-do-Sao-Paulo-640x800.webp 640w, https:\/\/www.gaveanews.com\/wp-content\/uploads\/Rafael-durante-treinamento-do-Sao-Paulo-681x852.webp 681w, https:\/\/www.gaveanews.com\/wp-content\/uploads\/Rafael-durante-treinamento-do-Sao-Paulo-100x125.webp 100w, https:\/\/www.gaveanews.com\/wp-content\/uploads\/Rafael-durante-treinamento-do-Sao-Paulo.webp 1065w\" sizes=\"auto, (max-width: 819px) 100vw, 819px\" \/><figcaption class=\"wp-element-caption\">Rafael durante treinamento do S\u00e3o Paulo (Foto: Reprodu\u00e7\u00e3o\/Instagram)<\/figcaption><\/figure>\n\n\n\n<p>Mart\u00ednez tamb\u00e9m ressaltou a import\u00e2ncia da uni\u00e3o do elenco em momentos dif\u00edceis, enfatizando que a equipe deve permanecer ainda mais coesa ap\u00f3s um rev\u00e9s. Segundo ele, o grupo est\u00e1 determinado a corrigir falhas e melhorar o desempenho dentro de campo, com o objetivo de buscar melhores resultados no Campeonato Paulista.<\/p>\n\n\n\n<p>O Corinthians agora se prepara para enfrentar a Ponte Preta, na quarta-feira (29), em busca da recupera\u00e7\u00e3o no torneio. O jogador refor\u00e7ou que o elenco est\u00e1 comprometido em dar uma resposta r\u00e1pida \u00e0 torcida, garantindo que todos est\u00e3o focados em conquistar a vit\u00f3ria na pr\u00f3xima rodada.<\/p>\n\n\n\n<h2 class=\"wp-block-heading\" id=\"h-chegada-de-reforcos\">Chegada de refor\u00e7os<\/h2>\n\n\n\n<p>Ap\u00f3s a derrota do Corinthians para o S\u00e3o Paulo, o volante Jos\u00e9 Mart\u00ednez se pronunciou, destacando a necessidade de seguir em frente com trabalho e uni\u00e3o. O jogador reconheceu os erros da equipe durante a partida e afirmou que o foco agora deve estar na recupera\u00e7\u00e3o para os pr\u00f3ximos desafios. \u201cS\u00f3 temos que trabalhar, levantar a cabe\u00e7a e seguir lutando\u201d, declarou <strong><a href=\"https:\/\/www.gaveanews.com\/index.php\/2025\/01\/27\/ate-quando-o-corinthians-pode-contratar-reforcos\/\">(leia a mat\u00e9ria completa).<\/a><\/strong><\/p>\n\n\n\n<figure class=\"wp-block-image size-large\"><img loading=\"lazy\" decoding=\"async\" width=\"1024\" height=\"576\" src=\"http:\/\/www.gaveanews.com\/wp-content\/uploads\/Augusto-Melo-durante-coletiva-de-imprensa-do-Corinthians-1024x576.webp\" alt=\"\" class=\"wp-image-145590\" srcset=\"https:\/\/www.gaveanews.com\/wp-content\/uploads\/Augusto-Melo-durante-coletiva-de-imprensa-do-Corinthians-1024x576.webp 1024w, https:\/\/www.gaveanews.com\/wp-content\/uploads\/Augusto-Melo-durante-coletiva-de-imprensa-do-Corinthians-300x169.webp 300w, https:\/\/www.gaveanews.com\/wp-content\/uploads\/Augusto-Melo-durante-coletiva-de-imprensa-do-Corinthians-768x432.webp 768w, https:\/\/www.gaveanews.com\/wp-content\/uploads\/Augusto-Melo-durante-coletiva-de-imprensa-do-Corinthians-1536x864.webp 1536w, https:\/\/www.gaveanews.com\/wp-content\/uploads\/Augusto-Melo-durante-coletiva-de-imprensa-do-Corinthians-747x420.webp 747w, https:\/\/www.gaveanews.com\/wp-content\/uploads\/Augusto-Melo-durante-coletiva-de-imprensa-do-Corinthians-1493x840.webp 1493w, https:\/\/www.gaveanews.com\/wp-content\/uploads\/Augusto-Melo-durante-coletiva-de-imprensa-do-Corinthians-640x360.webp 640w, https:\/\/www.gaveanews.com\/wp-content\/uploads\/Augusto-Melo-durante-coletiva-de-imprensa-do-Corinthians-1280x720.webp 1280w, https:\/\/www.gaveanews.com\/wp-content\/uploads\/Augusto-Melo-durante-coletiva-de-imprensa-do-Corinthians-681x383.webp 681w, https:\/\/www.gaveanews.com\/wp-content\/uploads\/Augusto-Melo-durante-coletiva-de-imprensa-do-Corinthians-1362x766.webp 1362w, https:\/\/www.gaveanews.com\/wp-content\/uploads\/Augusto-Melo-durante-coletiva-de-imprensa-do-Corinthians-100x56.webp 100w, https:\/\/www.gaveanews.com\/wp-content\/uploads\/Augusto-Melo-durante-coletiva-de-imprensa-do-Corinthians.webp 1920w\" sizes=\"auto, (max-width: 1024px) 100vw, 1024px\" \/><figcaption class=\"wp-element-caption\">Augusto Melo durante coletiva de imprensa do Corinthians (Foto: Rodrigo Coca\/ Corinthians)<\/figcaption><\/figure>\n\n\n\n<p>Mart\u00ednez tamb\u00e9m ressaltou a import\u00e2ncia da uni\u00e3o do elenco em momentos dif\u00edceis, enfatizando que a equipe deve permanecer ainda mais coesa ap\u00f3s um rev\u00e9s. Segundo ele, o grupo est\u00e1 determinado a corrigir falhas e melhorar o desempenho dentro de campo, com o objetivo de buscar melhores resultados no Campeonato Paulista.<\/p>\n\n\n\n<p>O Corinthians agora se prepara para enfrentar a Ponte Preta, na quarta-feira (29), em busca da recupera\u00e7\u00e3o no torneio. O jogador refor\u00e7ou que o elenco est\u00e1 comprometido em dar uma resposta r\u00e1pida \u00e0 torcida, garantindo que todos est\u00e3o focados em conquistar a vit\u00f3ria na pr\u00f3xima rodada.<\/p>\n","protected":false},"excerpt":{"rendered":"<p>Nas \u00faltimas horas, o foco das not\u00edcias sobre o Corinthians se concentram nos bastidores doclube, com destaques do dia a dia do time. Por conta deste contexto, leia abaixo um resumo preparado pela equipe do portal G\u00e1vea News para lhe manter muito bem informado! Declara\u00e7\u00e3o de Jos\u00e9 Mart\u00ednez Ap\u00f3s a derrota do Corinthians para o [&hellip;]<\/p>\n","protected":false},"author":27,"featured_media":146951,"comment_status":"open","ping_status":"closed","sticky":false,"template":"","format":"standard","meta":{"footnotes":""},"categories":[141],"tags":[],"class_list":["post-219712","post","type-post","status-publish","format-standard","has-post-thumbnail","hentry","category-corinthians"],"yoast_head":"<!-- This site is optimized with the Yoast SEO Premium plugin v24.2 (Yoast SEO v26.9) - https:\/\/yoast.com\/product\/yoast-seo-premium-wordpress\/ -->\n<title>Chegada de refor\u00e7os, defesa viraliza e declara\u00e7\u00e3o de Jos\u00e9 Mart\u00ednez: as \u00faltimas not\u00edcias do Corinthians<\/title>\n<meta name=\"robots\" content=\"index, follow, max-snippet:-1, max-image-preview:large, max-video-preview:-1\" \/>\n<link rel=\"canonical\" href=\"https:\/\/www.gaveanews.com\/index.php\/2025\/01\/29\/chegada-de-reforcos-defesa-viraliza-e-declaracao-de-jose-martinez-as-ultimas-noticias-do-corinthians\/\" \/>\n<meta property=\"og:locale\" content=\"pt_BR\" \/>\n<meta property=\"og:type\" content=\"article\" \/>\n<meta property=\"og:title\" content=\"Chegada de refor\u00e7os, defesa viraliza e declara\u00e7\u00e3o de Jos\u00e9 Mart\u00ednez: as \u00faltimas not\u00edcias do Corinthians\" \/>\n<meta property=\"og:description\" content=\"Nas \u00faltimas horas, o foco das not\u00edcias sobre o Corinthians se concentram nos bastidores doclube, com destaques do dia a dia do time. Por conta deste contexto, leia abaixo um resumo preparado pela equipe do portal G\u00e1vea News para lhe manter muito bem informado! Declara\u00e7\u00e3o de Jos\u00e9 Mart\u00ednez Ap\u00f3s a derrota do Corinthians para o [&hellip;]\" \/>\n<meta property=\"og:url\" content=\"https:\/\/www.gaveanews.com\/index.php\/2025\/01\/29\/chegada-de-reforcos-defesa-viraliza-e-declaracao-de-jose-martinez-as-ultimas-noticias-do-corinthians\/\" \/>\n<meta property=\"og:site_name\" content=\"G\u00e1vea News\" \/>\n<meta property=\"article:publisher\" content=\"https:\/\/facebook.com\/gaveaNews\/\" \/>\n<meta property=\"article:published_time\" content=\"2025-01-29T07:20:00+00:00\" \/>\n<meta property=\"og:image\" content=\"https:\/\/www.gaveanews.com\/wp-content\/uploads\/Escudo-do-Corinthians.webp\" \/>\n\t<meta property=\"og:image:width\" content=\"1000\" \/>\n\t<meta property=\"og:image:height\" content=\"667\" \/>\n\t<meta property=\"og:image:type\" content=\"image\/webp\" \/>\n<meta name=\"author\" content=\"Matheus Felipe\" \/>\n<meta name=\"twitter:card\" content=\"summary_large_image\" \/>\n<meta name=\"twitter:label1\" content=\"Escrito por\" \/>\n\t<meta name=\"twitter:data1\" content=\"Matheus Felipe\" \/>\n\t<meta name=\"twitter:label2\" content=\"Est. tempo de leitura\" \/>\n\t<meta name=\"twitter:data2\" content=\"4 minutos\" \/>\n<script type=\"application\/ld+json\" class=\"yoast-schema-graph\">{\"@context\":\"https:\/\/schema.org\",\"@graph\":[{\"@type\":\"NewsArticle\",\"@id\":\"https:\/\/www.gaveanews.com\/index.php\/2025\/01\/29\/chegada-de-reforcos-defesa-viraliza-e-declaracao-de-jose-martinez-as-ultimas-noticias-do-corinthians\/#article\",\"isPartOf\":{\"@id\":\"https:\/\/www.gaveanews.com\/index.php\/2025\/01\/29\/chegada-de-reforcos-defesa-viraliza-e-declaracao-de-jose-martinez-as-ultimas-noticias-do-corinthians\/\"},\"author\":{\"name\":\"Matheus Felipe\",\"@id\":\"https:\/\/www.gaveanews.com\/#\/schema\/person\/8207cd4627f56151707418bfc835b2fb\"},\"headline\":\"Chegada de refor\u00e7os, defesa viraliza e declara\u00e7\u00e3o de Jos\u00e9 Mart\u00ednez: as \u00faltimas not\u00edcias do Corinthians\",\"datePublished\":\"2025-01-29T07:20:00+00:00\",\"mainEntityOfPage\":{\"@id\":\"https:\/\/www.gaveanews.com\/index.php\/2025\/01\/29\/chegada-de-reforcos-defesa-viraliza-e-declaracao-de-jose-martinez-as-ultimas-noticias-do-corinthians\/\"},\"wordCount\":647,\"commentCount\":0,\"image\":{\"@id\":\"https:\/\/www.gaveanews.com\/index.php\/2025\/01\/29\/chegada-de-reforcos-defesa-viraliza-e-declaracao-de-jose-martinez-as-ultimas-noticias-do-corinthians\/#primaryimage\"},\"thumbnailUrl\":\"https:\/\/www.gaveanews.com\/wp-content\/uploads\/Escudo-do-Corinthians.webp\",\"articleSection\":[\"Corinthians\"],\"inLanguage\":\"pt-BR\",\"potentialAction\":[{\"@type\":\"CommentAction\",\"name\":\"Comment\",\"target\":[\"https:\/\/www.gaveanews.com\/index.php\/2025\/01\/29\/chegada-de-reforcos-defesa-viraliza-e-declaracao-de-jose-martinez-as-ultimas-noticias-do-corinthians\/#respond\"]}],\"copyrightYear\":\"2025\",\"copyrightHolder\":{\"@id\":\"https:\/\/www.gaveanews.com\/#organization\"}},{\"@type\":\"WebPage\",\"@id\":\"https:\/\/www.gaveanews.com\/index.php\/2025\/01\/29\/chegada-de-reforcos-defesa-viraliza-e-declaracao-de-jose-martinez-as-ultimas-noticias-do-corinthians\/\",\"url\":\"https:\/\/www.gaveanews.com\/index.php\/2025\/01\/29\/chegada-de-reforcos-defesa-viraliza-e-declaracao-de-jose-martinez-as-ultimas-noticias-do-corinthians\/\",\"name\":\"Chegada de refor\u00e7os, defesa viraliza e declara\u00e7\u00e3o de Jos\u00e9 Mart\u00ednez: as \u00faltimas not\u00edcias do Corinthians\",\"isPartOf\":{\"@id\":\"https:\/\/www.gaveanews.com\/#website\"},\"primaryImageOfPage\":{\"@id\":\"https:\/\/www.gaveanews.com\/index.php\/2025\/01\/29\/chegada-de-reforcos-defesa-viraliza-e-declaracao-de-jose-martinez-as-ultimas-noticias-do-corinthians\/#primaryimage\"},\"image\":{\"@id\":\"https:\/\/www.gaveanews.com\/index.php\/2025\/01\/29\/chegada-de-reforcos-defesa-viraliza-e-declaracao-de-jose-martinez-as-ultimas-noticias-do-corinthians\/#primaryimage\"},\"thumbnailUrl\":\"https:\/\/www.gaveanews.com\/wp-content\/uploads\/Escudo-do-Corinthians.webp\",\"datePublished\":\"2025-01-29T07:20:00+00:00\",\"author\":{\"@id\":\"https:\/\/www.gaveanews.com\/#\/schema\/person\/8207cd4627f56151707418bfc835b2fb\"},\"breadcrumb\":{\"@id\":\"https:\/\/www.gaveanews.com\/index.php\/2025\/01\/29\/chegada-de-reforcos-defesa-viraliza-e-declaracao-de-jose-martinez-as-ultimas-noticias-do-corinthians\/#breadcrumb\"},\"inLanguage\":\"pt-BR\",\"potentialAction\":[{\"@type\":\"ReadAction\",\"target\":[\"https:\/\/www.gaveanews.com\/index.php\/2025\/01\/29\/chegada-de-reforcos-defesa-viraliza-e-declaracao-de-jose-martinez-as-ultimas-noticias-do-corinthians\/\"]}]},{\"@type\":\"ImageObject\",\"inLanguage\":\"pt-BR\",\"@id\":\"https:\/\/www.gaveanews.com\/index.php\/2025\/01\/29\/chegada-de-reforcos-defesa-viraliza-e-declaracao-de-jose-martinez-as-ultimas-noticias-do-corinthians\/#primaryimage\",\"url\":\"https:\/\/www.gaveanews.com\/wp-content\/uploads\/Escudo-do-Corinthians.webp\",\"contentUrl\":\"https:\/\/www.gaveanews.com\/wp-content\/uploads\/Escudo-do-Corinthians.webp\",\"width\":1000,\"height\":667,\"caption\":\"Escudo do Corinthians (Foto Reprodu\u00e7\u00e3o\/Instagram)\"},{\"@type\":\"BreadcrumbList\",\"@id\":\"https:\/\/www.gaveanews.com\/index.php\/2025\/01\/29\/chegada-de-reforcos-defesa-viraliza-e-declaracao-de-jose-martinez-as-ultimas-noticias-do-corinthians\/#breadcrumb\",\"itemListElement\":[{\"@type\":\"ListItem\",\"position\":1,\"name\":\"Home\",\"item\":\"https:\/\/www.gaveanews.com\/\"},{\"@type\":\"ListItem\",\"position\":2,\"name\":\"Chegada de refor\u00e7os, defesa viraliza e declara\u00e7\u00e3o de Jos\u00e9 Mart\u00ednez: as \u00faltimas not\u00edcias do Corinthians\"}]},{\"@type\":\"WebSite\",\"@id\":\"https:\/\/www.gaveanews.com\/#website\",\"url\":\"https:\/\/www.gaveanews.com\/\",\"name\":\"G\u00e1vea News\",\"description\":\"Veja todas as not\u00edcias sobre o Flamengo: Contrata\u00e7\u00f5es, categorias de base, resultados das partidas, tabela de classifica\u00e7\u00e3o, pr\u00f3ximos jogos!\",\"potentialAction\":[{\"@type\":\"SearchAction\",\"target\":{\"@type\":\"EntryPoint\",\"urlTemplate\":\"https:\/\/www.gaveanews.com\/?s={search_term_string}\"},\"query-input\":{\"@type\":\"PropertyValueSpecification\",\"valueRequired\":true,\"valueName\":\"search_term_string\"}}],\"inLanguage\":\"pt-BR\"},{\"@type\":\"Person\",\"@id\":\"https:\/\/www.gaveanews.com\/#\/schema\/person\/8207cd4627f56151707418bfc835b2fb\",\"name\":\"Matheus Felipe\",\"image\":{\"@type\":\"ImageObject\",\"inLanguage\":\"pt-BR\",\"@id\":\"https:\/\/www.gaveanews.com\/#\/schema\/person\/image\/\",\"url\":\"https:\/\/secure.gravatar.com\/avatar\/a452ffbed9130f726358b298bb3a99ce4bd3c5338411f8440e87e14d74c7c087?s=96&d=mm&r=g\",\"contentUrl\":\"https:\/\/secure.gravatar.com\/avatar\/a452ffbed9130f726358b298bb3a99ce4bd3c5338411f8440e87e14d74c7c087?s=96&d=mm&r=g\",\"caption\":\"Matheus Felipe\"}}]}<\/script>\n<!-- \/ Yoast SEO Premium plugin. -->","yoast_head_json":{"title":"Chegada de refor\u00e7os, defesa viraliza e declara\u00e7\u00e3o de Jos\u00e9 Mart\u00ednez: as \u00faltimas not\u00edcias do Corinthians","robots":{"index":"index","follow":"follow","max-snippet":"max-snippet:-1","max-image-preview":"max-image-preview:large","max-video-preview":"max-video-preview:-1"},"canonical":"https:\/\/www.gaveanews.com\/index.php\/2025\/01\/29\/chegada-de-reforcos-defesa-viraliza-e-declaracao-de-jose-martinez-as-ultimas-noticias-do-corinthians\/","og_locale":"pt_BR","og_type":"article","og_title":"Chegada de refor\u00e7os, defesa viraliza e declara\u00e7\u00e3o de Jos\u00e9 Mart\u00ednez: as \u00faltimas not\u00edcias do Corinthians","og_description":"Nas \u00faltimas horas, o foco das not\u00edcias sobre o Corinthians se concentram nos bastidores doclube, com destaques do dia a dia do time. Por conta deste contexto, leia abaixo um resumo preparado pela equipe do portal G\u00e1vea News para lhe manter muito bem informado! Declara\u00e7\u00e3o de Jos\u00e9 Mart\u00ednez Ap\u00f3s a derrota do Corinthians para o [&hellip;]","og_url":"https:\/\/www.gaveanews.com\/index.php\/2025\/01\/29\/chegada-de-reforcos-defesa-viraliza-e-declaracao-de-jose-martinez-as-ultimas-noticias-do-corinthians\/","og_site_name":"G\u00e1vea News","article_publisher":"https:\/\/facebook.com\/gaveaNews\/","article_published_time":"2025-01-29T07:20:00+00:00","og_image":[{"width":1000,"height":667,"url":"https:\/\/www.gaveanews.com\/wp-content\/uploads\/Escudo-do-Corinthians.webp","type":"image\/webp"}],"author":"Matheus Felipe","twitter_card":"summary_large_image","twitter_misc":{"Escrito por":"Matheus Felipe","Est. tempo de leitura":"4 minutos"},"schema":{"@context":"https:\/\/schema.org","@graph":[{"@type":"NewsArticle","@id":"https:\/\/www.gaveanews.com\/index.php\/2025\/01\/29\/chegada-de-reforcos-defesa-viraliza-e-declaracao-de-jose-martinez-as-ultimas-noticias-do-corinthians\/#article","isPartOf":{"@id":"https:\/\/www.gaveanews.com\/index.php\/2025\/01\/29\/chegada-de-reforcos-defesa-viraliza-e-declaracao-de-jose-martinez-as-ultimas-noticias-do-corinthians\/"},"author":{"name":"Matheus Felipe","@id":"https:\/\/www.gaveanews.com\/#\/schema\/person\/8207cd4627f56151707418bfc835b2fb"},"headline":"Chegada de refor\u00e7os, defesa viraliza e declara\u00e7\u00e3o de Jos\u00e9 Mart\u00ednez: as \u00faltimas not\u00edcias do Corinthians","datePublished":"2025-01-29T07:20:00+00:00","mainEntityOfPage":{"@id":"https:\/\/www.gaveanews.com\/index.php\/2025\/01\/29\/chegada-de-reforcos-defesa-viraliza-e-declaracao-de-jose-martinez-as-ultimas-noticias-do-corinthians\/"},"wordCount":647,"commentCount":0,"image":{"@id":"https:\/\/www.gaveanews.com\/index.php\/2025\/01\/29\/chegada-de-reforcos-defesa-viraliza-e-declaracao-de-jose-martinez-as-ultimas-noticias-do-corinthians\/#primaryimage"},"thumbnailUrl":"https:\/\/www.gaveanews.com\/wp-content\/uploads\/Escudo-do-Corinthians.webp","articleSection":["Corinthians"],"inLanguage":"pt-BR","potentialAction":[{"@type":"CommentAction","name":"Comment","target":["https:\/\/www.gaveanews.com\/index.php\/2025\/01\/29\/chegada-de-reforcos-defesa-viraliza-e-declaracao-de-jose-martinez-as-ultimas-noticias-do-corinthians\/#respond"]}],"copyrightYear":"2025","copyrightHolder":{"@id":"https:\/\/www.gaveanews.com\/#organization"}},{"@type":"WebPage","@id":"https:\/\/www.gaveanews.com\/index.php\/2025\/01\/29\/chegada-de-reforcos-defesa-viraliza-e-declaracao-de-jose-martinez-as-ultimas-noticias-do-corinthians\/","url":"https:\/\/www.gaveanews.com\/index.php\/2025\/01\/29\/chegada-de-reforcos-defesa-viraliza-e-declaracao-de-jose-martinez-as-ultimas-noticias-do-corinthians\/","name":"Chegada de refor\u00e7os, defesa viraliza e declara\u00e7\u00e3o de Jos\u00e9 Mart\u00ednez: as \u00faltimas not\u00edcias do Corinthians","isPartOf":{"@id":"https:\/\/www.gaveanews.com\/#website"},"primaryImageOfPage":{"@id":"https:\/\/www.gaveanews.com\/index.php\/2025\/01\/29\/chegada-de-reforcos-defesa-viraliza-e-declaracao-de-jose-martinez-as-ultimas-noticias-do-corinthians\/#primaryimage"},"image":{"@id":"https:\/\/www.gaveanews.com\/index.php\/2025\/01\/29\/chegada-de-reforcos-defesa-viraliza-e-declaracao-de-jose-martinez-as-ultimas-noticias-do-corinthians\/#primaryimage"},"thumbnailUrl":"https:\/\/www.gaveanews.com\/wp-content\/uploads\/Escudo-do-Corinthians.webp","datePublished":"2025-01-29T07:20:00+00:00","author":{"@id":"https:\/\/www.gaveanews.com\/#\/schema\/person\/8207cd4627f56151707418bfc835b2fb"},"breadcrumb":{"@id":"https:\/\/www.gaveanews.com\/index.php\/2025\/01\/29\/chegada-de-reforcos-defesa-viraliza-e-declaracao-de-jose-martinez-as-ultimas-noticias-do-corinthians\/#breadcrumb"},"inLanguage":"pt-BR","potentialAction":[{"@type":"ReadAction","target":["https:\/\/www.gaveanews.com\/index.php\/2025\/01\/29\/chegada-de-reforcos-defesa-viraliza-e-declaracao-de-jose-martinez-as-ultimas-noticias-do-corinthians\/"]}]},{"@type":"ImageObject","inLanguage":"pt-BR","@id":"https:\/\/www.gaveanews.com\/index.php\/2025\/01\/29\/chegada-de-reforcos-defesa-viraliza-e-declaracao-de-jose-martinez-as-ultimas-noticias-do-corinthians\/#primaryimage","url":"https:\/\/www.gaveanews.com\/wp-content\/uploads\/Escudo-do-Corinthians.webp","contentUrl":"https:\/\/www.gaveanews.com\/wp-content\/uploads\/Escudo-do-Corinthians.webp","width":1000,"height":667,"caption":"Escudo do Corinthians (Foto Reprodu\u00e7\u00e3o\/Instagram)"},{"@type":"BreadcrumbList","@id":"https:\/\/www.gaveanews.com\/index.php\/2025\/01\/29\/chegada-de-reforcos-defesa-viraliza-e-declaracao-de-jose-martinez-as-ultimas-noticias-do-corinthians\/#breadcrumb","itemListElement":[{"@type":"ListItem","position":1,"name":"Home","item":"https:\/\/www.gaveanews.com\/"},{"@type":"ListItem","position":2,"name":"Chegada de refor\u00e7os, defesa viraliza e declara\u00e7\u00e3o de Jos\u00e9 Mart\u00ednez: as \u00faltimas not\u00edcias do Corinthians"}]},{"@type":"WebSite","@id":"https:\/\/www.gaveanews.com\/#website","url":"https:\/\/www.gaveanews.com\/","name":"G\u00e1vea News","description":"Veja todas as not\u00edcias sobre o Flamengo: Contrata\u00e7\u00f5es, categorias de base, resultados das partidas, tabela de classifica\u00e7\u00e3o, pr\u00f3ximos jogos!","potentialAction":[{"@type":"SearchAction","target":{"@type":"EntryPoint","urlTemplate":"https:\/\/www.gaveanews.com\/?s={search_term_string}"},"query-input":{"@type":"PropertyValueSpecification","valueRequired":true,"valueName":"search_term_string"}}],"inLanguage":"pt-BR"},{"@type":"Person","@id":"https:\/\/www.gaveanews.com\/#\/schema\/person\/8207cd4627f56151707418bfc835b2fb","name":"Matheus Felipe","image":{"@type":"ImageObject","inLanguage":"pt-BR","@id":"https:\/\/www.gaveanews.com\/#\/schema\/person\/image\/","url":"https:\/\/secure.gravatar.com\/avatar\/a452ffbed9130f726358b298bb3a99ce4bd3c5338411f8440e87e14d74c7c087?s=96&d=mm&r=g","contentUrl":"https:\/\/secure.gravatar.com\/avatar\/a452ffbed9130f726358b298bb3a99ce4bd3c5338411f8440e87e14d74c7c087?s=96&d=mm&r=g","caption":"Matheus Felipe"}}]}},"_links":{"self":[{"href":"https:\/\/www.gaveanews.com\/index.php\/wp-json\/wp\/v2\/posts\/219712","targetHints":{"allow":["GET"]}}],"collection":[{"href":"https:\/\/www.gaveanews.com\/index.php\/wp-json\/wp\/v2\/posts"}],"about":[{"href":"https:\/\/www.gaveanews.com\/index.php\/wp-json\/wp\/v2\/types\/post"}],"author":[{"embeddable":true,"href":"https:\/\/www.gaveanews.com\/index.php\/wp-json\/wp\/v2\/users\/27"}],"replies":[{"embeddable":true,"href":"https:\/\/www.gaveanews.com\/index.php\/wp-json\/wp\/v2\/comments?post=219712"}],"version-history":[{"count":1,"href":"https:\/\/www.gaveanews.com\/index.php\/wp-json\/wp\/v2\/posts\/219712\/revisions"}],"predecessor-version":[{"id":219713,"href":"https:\/\/www.gaveanews.com\/index.php\/wp-json\/wp\/v2\/posts\/219712\/revisions\/219713"}],"wp:featuredmedia":[{"embeddable":true,"href":"https:\/\/www.gaveanews.com\/index.php\/wp-json\/wp\/v2\/media\/146951"}],"wp:attachment":[{"href":"https:\/\/www.gaveanews.com\/index.php\/wp-json\/wp\/v2\/media?parent=219712"}],"wp:term":[{"taxonomy":"category","embeddable":true,"href":"https:\/\/www.gaveanews.com\/index.php\/wp-json\/wp\/v2\/categories?post=219712"},{"taxonomy":"post_tag","embeddable":true,"href":"https:\/\/www.gaveanews.com\/index.php\/wp-json\/wp\/v2\/tags?post=219712"}],"curies":[{"name":"wp","href":"https:\/\/api.w.org\/{rel}","templated":true}]}}