{"id":219714,"date":"2025-01-29T04:25:00","date_gmt":"2025-01-29T07:25:00","guid":{"rendered":"https:\/\/www.gaveanews.com\/?p=219714"},"modified":"2025-01-29T01:10:32","modified_gmt":"2025-01-29T04:10:32","slug":"atualizacao-de-reforcos-chegada-de-emiliano-e-declaracao-de-guardiola-as-ultimas-noticias-do-palmeiras","status":"publish","type":"post","link":"https:\/\/www.gaveanews.com\/index.php\/2025\/01\/29\/atualizacao-de-reforcos-chegada-de-emiliano-e-declaracao-de-guardiola-as-ultimas-noticias-do-palmeiras\/","title":{"rendered":"Atualiza\u00e7\u00e3o de refor\u00e7os, chegada de Emiliano e declara\u00e7\u00e3o de Guardiola: as \u00faltimas not\u00edcias do Palmeiras"},"content":{"rendered":"\n<p>Nas \u00faltimas horas, o foco das not\u00edcias sobre o Palmeiras se concentram nos bastidores do<br>clube, com destaques do dia a dia do time.<\/p>\n\n\n\n<p>Por conta deste contexto, leia abaixo um resumo preparado pela equipe do portal G\u00e1vea News para lhe manter muito bem informado!<\/p>\n\n\n\n<h2 class=\"wp-block-heading\" id=\"h-declaracao-de-guardiola\">Declara\u00e7\u00e3o de Guardiola<\/h2>\n\n\n\n<p>O t\u00e9cnico <strong>Pep Guardiola<\/strong> elogiou a contrata\u00e7\u00e3o do zagueiro <strong>Vitor Reis<\/strong>, ex-Palmeiras, pelo <strong>Manchester City<\/strong>, destacando que sua chegada ao clube ingl\u00eas demonstra a ambi\u00e7\u00e3o do jovem defensor em se tornar titular. Guardiola afirmou que, devido \u00e0s dificuldades defensivas enfrentadas pela equipe na temporada, Vitor Reis pode ganhar oportunidades rapidamente no time principal <strong><a href=\"https:\/\/www.gaveanews.com\/index.php\/2025\/01\/24\/manchester-city-a-declaracao-de-pep-guardiola-direcionada-a-vitor-reis-ex-palmeiras\/\">(leia a mat\u00e9ria completa).<\/a><\/strong><\/p>\n\n\n\n<figure class=\"wp-block-image size-large\"><img loading=\"lazy\" decoding=\"async\" width=\"1024\" height=\"682\" src=\"http:\/\/www.gaveanews.com\/wp-content\/uploads\/Pep-Guardiola-durante-o-jogo-entre-Manchester-City-x-West-Ham-pela-Premier-League-2023-24-1024x682.webp\" alt=\"\" class=\"wp-image-110322\" srcset=\"https:\/\/www.gaveanews.com\/wp-content\/uploads\/Pep-Guardiola-durante-o-jogo-entre-Manchester-City-x-West-Ham-pela-Premier-League-2023-24-1024x682.webp 1024w, https:\/\/www.gaveanews.com\/wp-content\/uploads\/Pep-Guardiola-durante-o-jogo-entre-Manchester-City-x-West-Ham-pela-Premier-League-2023-24-300x200.webp 300w, https:\/\/www.gaveanews.com\/wp-content\/uploads\/Pep-Guardiola-durante-o-jogo-entre-Manchester-City-x-West-Ham-pela-Premier-League-2023-24-768x511.webp 768w, https:\/\/www.gaveanews.com\/wp-content\/uploads\/Pep-Guardiola-durante-o-jogo-entre-Manchester-City-x-West-Ham-pela-Premier-League-2023-24-631x420.webp 631w, https:\/\/www.gaveanews.com\/wp-content\/uploads\/Pep-Guardiola-durante-o-jogo-entre-Manchester-City-x-West-Ham-pela-Premier-League-2023-24-640x426.webp 640w, https:\/\/www.gaveanews.com\/wp-content\/uploads\/Pep-Guardiola-durante-o-jogo-entre-Manchester-City-x-West-Ham-pela-Premier-League-2023-24-681x453.webp 681w, https:\/\/www.gaveanews.com\/wp-content\/uploads\/Pep-Guardiola-durante-o-jogo-entre-Manchester-City-x-West-Ham-pela-Premier-League-2023-24-100x67.webp 100w, https:\/\/www.gaveanews.com\/wp-content\/uploads\/Pep-Guardiola-durante-o-jogo-entre-Manchester-City-x-West-Ham-pela-Premier-League-2023-24.webp 1080w\" sizes=\"auto, (max-width: 1024px) 100vw, 1024px\" \/><figcaption class=\"wp-element-caption\">Pep Guardiola durante o jogo entre Manchester City x West Ham pela Premier League 2023-24 (Foto: Reprodu\u00e7\u00e3o\/Instagram)<\/figcaption><\/figure>\n\n\n\n<p>O treinador ressaltou que o City tem buscado solu\u00e7\u00f5es emergenciais para a defesa e que o brasileiro ser\u00e1 analisado nos treinamentos para avaliar quando poder\u00e1 ser utilizado. <\/p>\n\n\n\n<p>Segundo Guardiola, <strong>&#8220;se ele est\u00e1 aqui, \u00e9 porque quer ser titular&#8221;<\/strong>, indicando que o jogador ter\u00e1 chances de mostrar seu valor.<\/p>\n\n\n\n<p>Al\u00e9m disso, o t\u00e9cnico mencionou que Vitor Reis pode ser relacionado para a partida contra o <strong>Chelsea<\/strong>, v\u00e1lida pela <strong>23\u00aa rodada da Premier League<\/strong>, devido \u00e0 falta de jogadores dispon\u00edveis no elenco. A chegada do jovem zagueiro \u00e9 vista como um refor\u00e7o promissor para o futuro do Manchester City, que aposta no seu desenvolvimento dentro do clube.<\/p>\n\n\n\n<h2 class=\"wp-block-heading\" id=\"h-chegada-de-emiliano\">Chegada de Emiliano<\/h2>\n\n\n\n<p>O Palmeiras anunciou oficialmente a contrata\u00e7\u00e3o do volante Emiliano Mart\u00ednez, que chega para substituir Gabriel Menino, envolvido na negocia\u00e7\u00e3o por Paulinho com o Atl\u00e9tico-MG. O jogador uruguaio, de 25 anos, atuava no Midtjylland, da Dinamarca, e j\u00e1 passou pelo Red Bull Bragantino. Ele tamb\u00e9m \u00e9 convocado regularmente para a sele\u00e7\u00e3o uruguaia de Marcelo Bielsa <strong><a href=\"https:\/\/www.gaveanews.com\/index.php\/2025\/01\/25\/palmeiras-anuncia-contratacao-de-novo-jogador\/\">(leia a mat\u00e9ria completa).<\/a><\/strong><\/p>\n\n\n\n<figure class=\"wp-block-image size-large\"><img loading=\"lazy\" decoding=\"async\" width=\"1024\" height=\"683\" src=\"http:\/\/www.gaveanews.com\/wp-content\/uploads\/Jogadores-do-Palmeiras-durante-partida-valida-pela-Copa-do-Brasil-2024-1024x683.webp\" alt=\"\" class=\"wp-image-158318\" srcset=\"https:\/\/www.gaveanews.com\/wp-content\/uploads\/Jogadores-do-Palmeiras-durante-partida-valida-pela-Copa-do-Brasil-2024-1024x683.webp 1024w, https:\/\/www.gaveanews.com\/wp-content\/uploads\/Jogadores-do-Palmeiras-durante-partida-valida-pela-Copa-do-Brasil-2024-300x200.webp 300w, https:\/\/www.gaveanews.com\/wp-content\/uploads\/Jogadores-do-Palmeiras-durante-partida-valida-pela-Copa-do-Brasil-2024-768x512.webp 768w, https:\/\/www.gaveanews.com\/wp-content\/uploads\/Jogadores-do-Palmeiras-durante-partida-valida-pela-Copa-do-Brasil-2024-630x420.webp 630w, https:\/\/www.gaveanews.com\/wp-content\/uploads\/Jogadores-do-Palmeiras-durante-partida-valida-pela-Copa-do-Brasil-2024-640x427.webp 640w, https:\/\/www.gaveanews.com\/wp-content\/uploads\/Jogadores-do-Palmeiras-durante-partida-valida-pela-Copa-do-Brasil-2024-681x454.webp 681w, https:\/\/www.gaveanews.com\/wp-content\/uploads\/Jogadores-do-Palmeiras-durante-partida-valida-pela-Copa-do-Brasil-2024-100x67.webp 100w, https:\/\/www.gaveanews.com\/wp-content\/uploads\/Jogadores-do-Palmeiras-durante-partida-valida-pela-Copa-do-Brasil-2024.webp 1051w\" sizes=\"auto, (max-width: 1024px) 100vw, 1024px\" \/><figcaption class=\"wp-element-caption\">Jogadores do Palmeiras durante partida v\u00e1lida pela Copa do Brasil 2024 (Foto: Reprodu\u00e7\u00e3o\/Palmeiras)<\/figcaption><\/figure>\n\n\n\n<p>Mart\u00ednez foi apresentado nas redes sociais do clube, visitando a Academia de Futebol. A diretoria destaca sua versatilidade, podendo atuar como primeiro ou segundo volante, al\u00e9m de meia-armador, semelhante a An\u00edbal Moreno. Apesar dessa contrata\u00e7\u00e3o, o Palmeiras ainda mant\u00e9m interesse em Andreas Pereira, do Fulham.<\/p>\n\n\n\n<p>O Verd\u00e3o adotou uma postura mais agressiva no mercado em 2025, investindo pesado em refor\u00e7os. Al\u00e9m de Mart\u00ednez, o clube j\u00e1 trouxe Facundo Torres, ex-Orlando City, por R$ 73 milh\u00f5es, e Paulinho, ex-Atl\u00e9tico-MG, por R$ 115 milh\u00f5es, totalizando quase R$ 200 milh\u00f5es em contrata\u00e7\u00f5es nesta janela.<\/p>\n\n\n\n<h2 class=\"wp-block-heading\" id=\"h-atualizacao-de-reforcos\">Atualiza\u00e7\u00e3o de refor\u00e7os<\/h2>\n\n\n\n<p>O Palmeiras segue no mercado em busca de um zagueiro experiente ap\u00f3s a sa\u00edda de Vitor Reis, mas ainda n\u00e3o fechou com nenhum nome. Tr\u00eas jogadores foram cogitados recentemente: <strong>Omar Alderete, Igor J\u00falio e Diego Carlos<\/strong>. No entanto, as negocia\u00e7\u00f5es n\u00e3o avan\u00e7aram por diferentes motivos, e o clube mant\u00e9m a cautela antes de realizar qualquer investimento significativo <strong><a href=\"https:\/\/www.gaveanews.com\/index.php\/2025\/01\/24\/omar-alderete-igor-julio-diego-carlos-atualizacao-sobre-os-reforcos-do-palmeiras\/\">(leia a mat\u00e9ria completa).<\/a><\/strong><\/p>\n\n\n\n<figure class=\"wp-block-image size-full\"><img loading=\"lazy\" decoding=\"async\" width=\"1023\" height=\"767\" src=\"http:\/\/www.gaveanews.com\/wp-content\/uploads\/Allianz-Parque-estadio-do-Palmeiras.webp\" alt=\"\" class=\"wp-image-155182\" srcset=\"https:\/\/www.gaveanews.com\/wp-content\/uploads\/Allianz-Parque-estadio-do-Palmeiras.webp 1023w, https:\/\/www.gaveanews.com\/wp-content\/uploads\/Allianz-Parque-estadio-do-Palmeiras-300x225.webp 300w, https:\/\/www.gaveanews.com\/wp-content\/uploads\/Allianz-Parque-estadio-do-Palmeiras-768x576.webp 768w, https:\/\/www.gaveanews.com\/wp-content\/uploads\/Allianz-Parque-estadio-do-Palmeiras-560x420.webp 560w, https:\/\/www.gaveanews.com\/wp-content\/uploads\/Allianz-Parque-estadio-do-Palmeiras-80x60.webp 80w, https:\/\/www.gaveanews.com\/wp-content\/uploads\/Allianz-Parque-estadio-do-Palmeiras-160x120.webp 160w, https:\/\/www.gaveanews.com\/wp-content\/uploads\/Allianz-Parque-estadio-do-Palmeiras-100x75.webp 100w, https:\/\/www.gaveanews.com\/wp-content\/uploads\/Allianz-Parque-estadio-do-Palmeiras-200x150.webp 200w, https:\/\/www.gaveanews.com\/wp-content\/uploads\/Allianz-Parque-estadio-do-Palmeiras-180x135.webp 180w, https:\/\/www.gaveanews.com\/wp-content\/uploads\/Allianz-Parque-estadio-do-Palmeiras-360x270.webp 360w, https:\/\/www.gaveanews.com\/wp-content\/uploads\/Allianz-Parque-estadio-do-Palmeiras-238x178.webp 238w, https:\/\/www.gaveanews.com\/wp-content\/uploads\/Allianz-Parque-estadio-do-Palmeiras-476x356.webp 476w, https:\/\/www.gaveanews.com\/wp-content\/uploads\/Allianz-Parque-estadio-do-Palmeiras-640x480.webp 640w, https:\/\/www.gaveanews.com\/wp-content\/uploads\/Allianz-Parque-estadio-do-Palmeiras-681x511.webp 681w\" sizes=\"auto, (max-width: 1023px) 100vw, 1023px\" \/><figcaption class=\"wp-element-caption\">Allianz Parque, est\u00e1dio do Palmeiras (Foto: Reprodu\u00e7\u00e3o\/Palmeiras)<\/figcaption><\/figure>\n\n\n\n<p><strong>Omar Alderete<\/strong>, do Getafe, foi sondado, mas o Palmeiras n\u00e3o formalizou uma proposta, optando por avaliar outras op\u00e7\u00f5es. J\u00e1 <strong>Igor J\u00falio<\/strong>, do Brighton, teve sua negocia\u00e7\u00e3o dificultada pelo alto custo e por uma les\u00e3o recente, o que gerou d\u00favidas sobre sua condi\u00e7\u00e3o f\u00edsica. Por fim, <strong>Diego Carlos<\/strong>, ex-Aston Villa, chegou a despertar interesse, mas preferiu fechar com o Fenerbah\u00e7e, da Turquia.<\/p>\n\n\n\n<p>Com essas desist\u00eancias, o Palmeiras segue atento ao mercado para encontrar um nome que se encaixe nas necessidades t\u00e9cnicas e financeiras do clube. A diretoria busca um refor\u00e7o que traga solidez ao sistema defensivo e possa contribuir na temporada de 2025, mas sem comprometer a estabilidade financeira da equipe.<\/p>\n","protected":false},"excerpt":{"rendered":"<p>Nas \u00faltimas horas, o foco das not\u00edcias sobre o Palmeiras se concentram nos bastidores doclube, com destaques do dia a dia do time. Por conta deste contexto, leia abaixo um resumo preparado pela equipe do portal G\u00e1vea News para lhe manter muito bem informado! Declara\u00e7\u00e3o de Guardiola O t\u00e9cnico Pep Guardiola elogiou a contrata\u00e7\u00e3o do [&hellip;]<\/p>\n","protected":false},"author":27,"featured_media":158317,"comment_status":"open","ping_status":"closed","sticky":false,"template":"","format":"standard","meta":{"footnotes":""},"categories":[150],"tags":[],"class_list":["post-219714","post","type-post","status-publish","format-standard","has-post-thumbnail","hentry","category-palmeiras"],"yoast_head":"<!-- This site is optimized with the Yoast SEO Premium plugin v24.2 (Yoast SEO v26.9) - https:\/\/yoast.com\/product\/yoast-seo-premium-wordpress\/ -->\n<title>Atualiza\u00e7\u00e3o de refor\u00e7os, chegada de Emiliano e declara\u00e7\u00e3o de Guardiola: as \u00faltimas not\u00edcias do Palmeiras<\/title>\n<meta name=\"robots\" content=\"index, follow, max-snippet:-1, max-image-preview:large, max-video-preview:-1\" \/>\n<link rel=\"canonical\" href=\"https:\/\/www.gaveanews.com\/index.php\/2025\/01\/29\/atualizacao-de-reforcos-chegada-de-emiliano-e-declaracao-de-guardiola-as-ultimas-noticias-do-palmeiras\/\" \/>\n<meta property=\"og:locale\" content=\"pt_BR\" \/>\n<meta property=\"og:type\" content=\"article\" \/>\n<meta property=\"og:title\" content=\"Atualiza\u00e7\u00e3o de refor\u00e7os, chegada de Emiliano e declara\u00e7\u00e3o de Guardiola: as \u00faltimas not\u00edcias do Palmeiras\" \/>\n<meta property=\"og:description\" content=\"Nas \u00faltimas horas, o foco das not\u00edcias sobre o Palmeiras se concentram nos bastidores doclube, com destaques do dia a dia do time. Por conta deste contexto, leia abaixo um resumo preparado pela equipe do portal G\u00e1vea News para lhe manter muito bem informado! Declara\u00e7\u00e3o de Guardiola O t\u00e9cnico Pep Guardiola elogiou a contrata\u00e7\u00e3o do [&hellip;]\" \/>\n<meta property=\"og:url\" content=\"https:\/\/www.gaveanews.com\/index.php\/2025\/01\/29\/atualizacao-de-reforcos-chegada-de-emiliano-e-declaracao-de-guardiola-as-ultimas-noticias-do-palmeiras\/\" \/>\n<meta property=\"og:site_name\" content=\"G\u00e1vea News\" \/>\n<meta property=\"article:publisher\" content=\"https:\/\/facebook.com\/gaveaNews\/\" \/>\n<meta property=\"article:published_time\" content=\"2025-01-29T07:25:00+00:00\" \/>\n<meta property=\"og:image\" content=\"https:\/\/www.gaveanews.com\/wp-content\/uploads\/Jogadores-do-Palmeiras-reunidos-durante-partida-da-Copa-do-Brasil-2024.webp\" \/>\n\t<meta property=\"og:image:width\" content=\"1187\" \/>\n\t<meta property=\"og:image:height\" content=\"792\" \/>\n\t<meta property=\"og:image:type\" content=\"image\/webp\" \/>\n<meta name=\"author\" content=\"Matheus Felipe\" \/>\n<meta name=\"twitter:card\" content=\"summary_large_image\" \/>\n<meta name=\"twitter:label1\" content=\"Escrito por\" \/>\n\t<meta name=\"twitter:data1\" content=\"Matheus Felipe\" \/>\n\t<meta name=\"twitter:label2\" content=\"Est. tempo de leitura\" \/>\n\t<meta name=\"twitter:data2\" content=\"4 minutos\" \/>\n<script type=\"application\/ld+json\" class=\"yoast-schema-graph\">{\"@context\":\"https:\/\/schema.org\",\"@graph\":[{\"@type\":\"NewsArticle\",\"@id\":\"https:\/\/www.gaveanews.com\/index.php\/2025\/01\/29\/atualizacao-de-reforcos-chegada-de-emiliano-e-declaracao-de-guardiola-as-ultimas-noticias-do-palmeiras\/#article\",\"isPartOf\":{\"@id\":\"https:\/\/www.gaveanews.com\/index.php\/2025\/01\/29\/atualizacao-de-reforcos-chegada-de-emiliano-e-declaracao-de-guardiola-as-ultimas-noticias-do-palmeiras\/\"},\"author\":{\"name\":\"Matheus Felipe\",\"@id\":\"https:\/\/www.gaveanews.com\/#\/schema\/person\/8207cd4627f56151707418bfc835b2fb\"},\"headline\":\"Atualiza\u00e7\u00e3o de refor\u00e7os, chegada de Emiliano e declara\u00e7\u00e3o de Guardiola: as \u00faltimas not\u00edcias do Palmeiras\",\"datePublished\":\"2025-01-29T07:25:00+00:00\",\"mainEntityOfPage\":{\"@id\":\"https:\/\/www.gaveanews.com\/index.php\/2025\/01\/29\/atualizacao-de-reforcos-chegada-de-emiliano-e-declaracao-de-guardiola-as-ultimas-noticias-do-palmeiras\/\"},\"wordCount\":646,\"commentCount\":0,\"image\":{\"@id\":\"https:\/\/www.gaveanews.com\/index.php\/2025\/01\/29\/atualizacao-de-reforcos-chegada-de-emiliano-e-declaracao-de-guardiola-as-ultimas-noticias-do-palmeiras\/#primaryimage\"},\"thumbnailUrl\":\"https:\/\/www.gaveanews.com\/wp-content\/uploads\/Jogadores-do-Palmeiras-reunidos-durante-partida-da-Copa-do-Brasil-2024.webp\",\"articleSection\":[\"Palmeiras\"],\"inLanguage\":\"pt-BR\",\"potentialAction\":[{\"@type\":\"CommentAction\",\"name\":\"Comment\",\"target\":[\"https:\/\/www.gaveanews.com\/index.php\/2025\/01\/29\/atualizacao-de-reforcos-chegada-de-emiliano-e-declaracao-de-guardiola-as-ultimas-noticias-do-palmeiras\/#respond\"]}],\"copyrightYear\":\"2025\",\"copyrightHolder\":{\"@id\":\"https:\/\/www.gaveanews.com\/#organization\"}},{\"@type\":\"WebPage\",\"@id\":\"https:\/\/www.gaveanews.com\/index.php\/2025\/01\/29\/atualizacao-de-reforcos-chegada-de-emiliano-e-declaracao-de-guardiola-as-ultimas-noticias-do-palmeiras\/\",\"url\":\"https:\/\/www.gaveanews.com\/index.php\/2025\/01\/29\/atualizacao-de-reforcos-chegada-de-emiliano-e-declaracao-de-guardiola-as-ultimas-noticias-do-palmeiras\/\",\"name\":\"Atualiza\u00e7\u00e3o de refor\u00e7os, chegada de Emiliano e declara\u00e7\u00e3o de Guardiola: as \u00faltimas not\u00edcias do Palmeiras\",\"isPartOf\":{\"@id\":\"https:\/\/www.gaveanews.com\/#website\"},\"primaryImageOfPage\":{\"@id\":\"https:\/\/www.gaveanews.com\/index.php\/2025\/01\/29\/atualizacao-de-reforcos-chegada-de-emiliano-e-declaracao-de-guardiola-as-ultimas-noticias-do-palmeiras\/#primaryimage\"},\"image\":{\"@id\":\"https:\/\/www.gaveanews.com\/index.php\/2025\/01\/29\/atualizacao-de-reforcos-chegada-de-emiliano-e-declaracao-de-guardiola-as-ultimas-noticias-do-palmeiras\/#primaryimage\"},\"thumbnailUrl\":\"https:\/\/www.gaveanews.com\/wp-content\/uploads\/Jogadores-do-Palmeiras-reunidos-durante-partida-da-Copa-do-Brasil-2024.webp\",\"datePublished\":\"2025-01-29T07:25:00+00:00\",\"author\":{\"@id\":\"https:\/\/www.gaveanews.com\/#\/schema\/person\/8207cd4627f56151707418bfc835b2fb\"},\"breadcrumb\":{\"@id\":\"https:\/\/www.gaveanews.com\/index.php\/2025\/01\/29\/atualizacao-de-reforcos-chegada-de-emiliano-e-declaracao-de-guardiola-as-ultimas-noticias-do-palmeiras\/#breadcrumb\"},\"inLanguage\":\"pt-BR\",\"potentialAction\":[{\"@type\":\"ReadAction\",\"target\":[\"https:\/\/www.gaveanews.com\/index.php\/2025\/01\/29\/atualizacao-de-reforcos-chegada-de-emiliano-e-declaracao-de-guardiola-as-ultimas-noticias-do-palmeiras\/\"]}]},{\"@type\":\"ImageObject\",\"inLanguage\":\"pt-BR\",\"@id\":\"https:\/\/www.gaveanews.com\/index.php\/2025\/01\/29\/atualizacao-de-reforcos-chegada-de-emiliano-e-declaracao-de-guardiola-as-ultimas-noticias-do-palmeiras\/#primaryimage\",\"url\":\"https:\/\/www.gaveanews.com\/wp-content\/uploads\/Jogadores-do-Palmeiras-reunidos-durante-partida-da-Copa-do-Brasil-2024.webp\",\"contentUrl\":\"https:\/\/www.gaveanews.com\/wp-content\/uploads\/Jogadores-do-Palmeiras-reunidos-durante-partida-da-Copa-do-Brasil-2024.webp\",\"width\":1187,\"height\":792,\"caption\":\"Jogadores do Palmeiras reunidos durante partida da Copa do Brasil 2024 (Foto: Reprodu\u00e7\u00e3o\/Palmeiras)\"},{\"@type\":\"BreadcrumbList\",\"@id\":\"https:\/\/www.gaveanews.com\/index.php\/2025\/01\/29\/atualizacao-de-reforcos-chegada-de-emiliano-e-declaracao-de-guardiola-as-ultimas-noticias-do-palmeiras\/#breadcrumb\",\"itemListElement\":[{\"@type\":\"ListItem\",\"position\":1,\"name\":\"Home\",\"item\":\"https:\/\/www.gaveanews.com\/\"},{\"@type\":\"ListItem\",\"position\":2,\"name\":\"Atualiza\u00e7\u00e3o de refor\u00e7os, chegada de Emiliano e declara\u00e7\u00e3o de Guardiola: as \u00faltimas not\u00edcias do Palmeiras\"}]},{\"@type\":\"WebSite\",\"@id\":\"https:\/\/www.gaveanews.com\/#website\",\"url\":\"https:\/\/www.gaveanews.com\/\",\"name\":\"G\u00e1vea News\",\"description\":\"Veja todas as not\u00edcias sobre o Flamengo: Contrata\u00e7\u00f5es, categorias de base, resultados das partidas, tabela de classifica\u00e7\u00e3o, pr\u00f3ximos jogos!\",\"potentialAction\":[{\"@type\":\"SearchAction\",\"target\":{\"@type\":\"EntryPoint\",\"urlTemplate\":\"https:\/\/www.gaveanews.com\/?s={search_term_string}\"},\"query-input\":{\"@type\":\"PropertyValueSpecification\",\"valueRequired\":true,\"valueName\":\"search_term_string\"}}],\"inLanguage\":\"pt-BR\"},{\"@type\":\"Person\",\"@id\":\"https:\/\/www.gaveanews.com\/#\/schema\/person\/8207cd4627f56151707418bfc835b2fb\",\"name\":\"Matheus Felipe\",\"image\":{\"@type\":\"ImageObject\",\"inLanguage\":\"pt-BR\",\"@id\":\"https:\/\/www.gaveanews.com\/#\/schema\/person\/image\/\",\"url\":\"https:\/\/secure.gravatar.com\/avatar\/a452ffbed9130f726358b298bb3a99ce4bd3c5338411f8440e87e14d74c7c087?s=96&d=mm&r=g\",\"contentUrl\":\"https:\/\/secure.gravatar.com\/avatar\/a452ffbed9130f726358b298bb3a99ce4bd3c5338411f8440e87e14d74c7c087?s=96&d=mm&r=g\",\"caption\":\"Matheus Felipe\"}}]}<\/script>\n<!-- \/ Yoast SEO Premium plugin. -->","yoast_head_json":{"title":"Atualiza\u00e7\u00e3o de refor\u00e7os, chegada de Emiliano e declara\u00e7\u00e3o de Guardiola: as \u00faltimas not\u00edcias do Palmeiras","robots":{"index":"index","follow":"follow","max-snippet":"max-snippet:-1","max-image-preview":"max-image-preview:large","max-video-preview":"max-video-preview:-1"},"canonical":"https:\/\/www.gaveanews.com\/index.php\/2025\/01\/29\/atualizacao-de-reforcos-chegada-de-emiliano-e-declaracao-de-guardiola-as-ultimas-noticias-do-palmeiras\/","og_locale":"pt_BR","og_type":"article","og_title":"Atualiza\u00e7\u00e3o de refor\u00e7os, chegada de Emiliano e declara\u00e7\u00e3o de Guardiola: as \u00faltimas not\u00edcias do Palmeiras","og_description":"Nas \u00faltimas horas, o foco das not\u00edcias sobre o Palmeiras se concentram nos bastidores doclube, com destaques do dia a dia do time. Por conta deste contexto, leia abaixo um resumo preparado pela equipe do portal G\u00e1vea News para lhe manter muito bem informado! Declara\u00e7\u00e3o de Guardiola O t\u00e9cnico Pep Guardiola elogiou a contrata\u00e7\u00e3o do [&hellip;]","og_url":"https:\/\/www.gaveanews.com\/index.php\/2025\/01\/29\/atualizacao-de-reforcos-chegada-de-emiliano-e-declaracao-de-guardiola-as-ultimas-noticias-do-palmeiras\/","og_site_name":"G\u00e1vea News","article_publisher":"https:\/\/facebook.com\/gaveaNews\/","article_published_time":"2025-01-29T07:25:00+00:00","og_image":[{"width":1187,"height":792,"url":"https:\/\/www.gaveanews.com\/wp-content\/uploads\/Jogadores-do-Palmeiras-reunidos-durante-partida-da-Copa-do-Brasil-2024.webp","type":"image\/webp"}],"author":"Matheus Felipe","twitter_card":"summary_large_image","twitter_misc":{"Escrito por":"Matheus Felipe","Est. tempo de leitura":"4 minutos"},"schema":{"@context":"https:\/\/schema.org","@graph":[{"@type":"NewsArticle","@id":"https:\/\/www.gaveanews.com\/index.php\/2025\/01\/29\/atualizacao-de-reforcos-chegada-de-emiliano-e-declaracao-de-guardiola-as-ultimas-noticias-do-palmeiras\/#article","isPartOf":{"@id":"https:\/\/www.gaveanews.com\/index.php\/2025\/01\/29\/atualizacao-de-reforcos-chegada-de-emiliano-e-declaracao-de-guardiola-as-ultimas-noticias-do-palmeiras\/"},"author":{"name":"Matheus Felipe","@id":"https:\/\/www.gaveanews.com\/#\/schema\/person\/8207cd4627f56151707418bfc835b2fb"},"headline":"Atualiza\u00e7\u00e3o de refor\u00e7os, chegada de Emiliano e declara\u00e7\u00e3o de Guardiola: as \u00faltimas not\u00edcias do Palmeiras","datePublished":"2025-01-29T07:25:00+00:00","mainEntityOfPage":{"@id":"https:\/\/www.gaveanews.com\/index.php\/2025\/01\/29\/atualizacao-de-reforcos-chegada-de-emiliano-e-declaracao-de-guardiola-as-ultimas-noticias-do-palmeiras\/"},"wordCount":646,"commentCount":0,"image":{"@id":"https:\/\/www.gaveanews.com\/index.php\/2025\/01\/29\/atualizacao-de-reforcos-chegada-de-emiliano-e-declaracao-de-guardiola-as-ultimas-noticias-do-palmeiras\/#primaryimage"},"thumbnailUrl":"https:\/\/www.gaveanews.com\/wp-content\/uploads\/Jogadores-do-Palmeiras-reunidos-durante-partida-da-Copa-do-Brasil-2024.webp","articleSection":["Palmeiras"],"inLanguage":"pt-BR","potentialAction":[{"@type":"CommentAction","name":"Comment","target":["https:\/\/www.gaveanews.com\/index.php\/2025\/01\/29\/atualizacao-de-reforcos-chegada-de-emiliano-e-declaracao-de-guardiola-as-ultimas-noticias-do-palmeiras\/#respond"]}],"copyrightYear":"2025","copyrightHolder":{"@id":"https:\/\/www.gaveanews.com\/#organization"}},{"@type":"WebPage","@id":"https:\/\/www.gaveanews.com\/index.php\/2025\/01\/29\/atualizacao-de-reforcos-chegada-de-emiliano-e-declaracao-de-guardiola-as-ultimas-noticias-do-palmeiras\/","url":"https:\/\/www.gaveanews.com\/index.php\/2025\/01\/29\/atualizacao-de-reforcos-chegada-de-emiliano-e-declaracao-de-guardiola-as-ultimas-noticias-do-palmeiras\/","name":"Atualiza\u00e7\u00e3o de refor\u00e7os, chegada de Emiliano e declara\u00e7\u00e3o de Guardiola: as \u00faltimas not\u00edcias do Palmeiras","isPartOf":{"@id":"https:\/\/www.gaveanews.com\/#website"},"primaryImageOfPage":{"@id":"https:\/\/www.gaveanews.com\/index.php\/2025\/01\/29\/atualizacao-de-reforcos-chegada-de-emiliano-e-declaracao-de-guardiola-as-ultimas-noticias-do-palmeiras\/#primaryimage"},"image":{"@id":"https:\/\/www.gaveanews.com\/index.php\/2025\/01\/29\/atualizacao-de-reforcos-chegada-de-emiliano-e-declaracao-de-guardiola-as-ultimas-noticias-do-palmeiras\/#primaryimage"},"thumbnailUrl":"https:\/\/www.gaveanews.com\/wp-content\/uploads\/Jogadores-do-Palmeiras-reunidos-durante-partida-da-Copa-do-Brasil-2024.webp","datePublished":"2025-01-29T07:25:00+00:00","author":{"@id":"https:\/\/www.gaveanews.com\/#\/schema\/person\/8207cd4627f56151707418bfc835b2fb"},"breadcrumb":{"@id":"https:\/\/www.gaveanews.com\/index.php\/2025\/01\/29\/atualizacao-de-reforcos-chegada-de-emiliano-e-declaracao-de-guardiola-as-ultimas-noticias-do-palmeiras\/#breadcrumb"},"inLanguage":"pt-BR","potentialAction":[{"@type":"ReadAction","target":["https:\/\/www.gaveanews.com\/index.php\/2025\/01\/29\/atualizacao-de-reforcos-chegada-de-emiliano-e-declaracao-de-guardiola-as-ultimas-noticias-do-palmeiras\/"]}]},{"@type":"ImageObject","inLanguage":"pt-BR","@id":"https:\/\/www.gaveanews.com\/index.php\/2025\/01\/29\/atualizacao-de-reforcos-chegada-de-emiliano-e-declaracao-de-guardiola-as-ultimas-noticias-do-palmeiras\/#primaryimage","url":"https:\/\/www.gaveanews.com\/wp-content\/uploads\/Jogadores-do-Palmeiras-reunidos-durante-partida-da-Copa-do-Brasil-2024.webp","contentUrl":"https:\/\/www.gaveanews.com\/wp-content\/uploads\/Jogadores-do-Palmeiras-reunidos-durante-partida-da-Copa-do-Brasil-2024.webp","width":1187,"height":792,"caption":"Jogadores do Palmeiras reunidos durante partida da Copa do Brasil 2024 (Foto: Reprodu\u00e7\u00e3o\/Palmeiras)"},{"@type":"BreadcrumbList","@id":"https:\/\/www.gaveanews.com\/index.php\/2025\/01\/29\/atualizacao-de-reforcos-chegada-de-emiliano-e-declaracao-de-guardiola-as-ultimas-noticias-do-palmeiras\/#breadcrumb","itemListElement":[{"@type":"ListItem","position":1,"name":"Home","item":"https:\/\/www.gaveanews.com\/"},{"@type":"ListItem","position":2,"name":"Atualiza\u00e7\u00e3o de refor\u00e7os, chegada de Emiliano e declara\u00e7\u00e3o de Guardiola: as \u00faltimas not\u00edcias do Palmeiras"}]},{"@type":"WebSite","@id":"https:\/\/www.gaveanews.com\/#website","url":"https:\/\/www.gaveanews.com\/","name":"G\u00e1vea News","description":"Veja todas as not\u00edcias sobre o Flamengo: Contrata\u00e7\u00f5es, categorias de base, resultados das partidas, tabela de classifica\u00e7\u00e3o, pr\u00f3ximos jogos!","potentialAction":[{"@type":"SearchAction","target":{"@type":"EntryPoint","urlTemplate":"https:\/\/www.gaveanews.com\/?s={search_term_string}"},"query-input":{"@type":"PropertyValueSpecification","valueRequired":true,"valueName":"search_term_string"}}],"inLanguage":"pt-BR"},{"@type":"Person","@id":"https:\/\/www.gaveanews.com\/#\/schema\/person\/8207cd4627f56151707418bfc835b2fb","name":"Matheus Felipe","image":{"@type":"ImageObject","inLanguage":"pt-BR","@id":"https:\/\/www.gaveanews.com\/#\/schema\/person\/image\/","url":"https:\/\/secure.gravatar.com\/avatar\/a452ffbed9130f726358b298bb3a99ce4bd3c5338411f8440e87e14d74c7c087?s=96&d=mm&r=g","contentUrl":"https:\/\/secure.gravatar.com\/avatar\/a452ffbed9130f726358b298bb3a99ce4bd3c5338411f8440e87e14d74c7c087?s=96&d=mm&r=g","caption":"Matheus Felipe"}}]}},"_links":{"self":[{"href":"https:\/\/www.gaveanews.com\/index.php\/wp-json\/wp\/v2\/posts\/219714","targetHints":{"allow":["GET"]}}],"collection":[{"href":"https:\/\/www.gaveanews.com\/index.php\/wp-json\/wp\/v2\/posts"}],"about":[{"href":"https:\/\/www.gaveanews.com\/index.php\/wp-json\/wp\/v2\/types\/post"}],"author":[{"embeddable":true,"href":"https:\/\/www.gaveanews.com\/index.php\/wp-json\/wp\/v2\/users\/27"}],"replies":[{"embeddable":true,"href":"https:\/\/www.gaveanews.com\/index.php\/wp-json\/wp\/v2\/comments?post=219714"}],"version-history":[{"count":1,"href":"https:\/\/www.gaveanews.com\/index.php\/wp-json\/wp\/v2\/posts\/219714\/revisions"}],"predecessor-version":[{"id":219718,"href":"https:\/\/www.gaveanews.com\/index.php\/wp-json\/wp\/v2\/posts\/219714\/revisions\/219718"}],"wp:featuredmedia":[{"embeddable":true,"href":"https:\/\/www.gaveanews.com\/index.php\/wp-json\/wp\/v2\/media\/158317"}],"wp:attachment":[{"href":"https:\/\/www.gaveanews.com\/index.php\/wp-json\/wp\/v2\/media?parent=219714"}],"wp:term":[{"taxonomy":"category","embeddable":true,"href":"https:\/\/www.gaveanews.com\/index.php\/wp-json\/wp\/v2\/categories?post=219714"},{"taxonomy":"post_tag","embeddable":true,"href":"https:\/\/www.gaveanews.com\/index.php\/wp-json\/wp\/v2\/tags?post=219714"}],"curies":[{"name":"wp","href":"https:\/\/api.w.org\/{rel}","templated":true}]}}