{"id":220711,"date":"2025-01-30T17:55:00","date_gmt":"2025-01-30T20:55:00","guid":{"rendered":"https:\/\/www.gaveanews.com\/?p=220711"},"modified":"2025-01-30T17:08:09","modified_gmt":"2025-01-30T20:08:09","slug":"mercado-da-bola-declaracao-de-bruno-formiga-e-recado-de-leo-godoy-as-ultimas-noticias-do-santos","status":"publish","type":"post","link":"https:\/\/www.gaveanews.com\/index.php\/2025\/01\/30\/mercado-da-bola-declaracao-de-bruno-formiga-e-recado-de-leo-godoy-as-ultimas-noticias-do-santos\/","title":{"rendered":"Mercado da bola, declara\u00e7\u00e3o de Bruno Formiga e Recado de L\u00e9o Godoy: as \u00faltimas not\u00edcias do Santos"},"content":{"rendered":"\n<p>Nas \u00faltimas horas, o foco das not\u00edcias sobre o Santos se concentram nos bastidores do clube, com destaques do dia a dia do time.<\/p>\n\n\n\n<p>Por conta deste contexto, leia abaixo um resumo preparado pela equipe do portal G\u00e1vea News para lhe manter muito bem informado!<\/p>\n\n\n\n<h2 class=\"wp-block-heading\" id=\"h-recado-de-leo-godoy\">Recado de L\u00e9o Godoy<\/h2>\n\n\n\n<p>O Santos sofreu sua segunda derrota consecutiva no Campeonato Paulista ao perder por 2 a 1 para o Velo Clube, fora de casa. A equipe entrou em campo com um time alternativo e viu o advers\u00e1rio marcar dois gols com Daniel Amorim, ambos em jogadas de bola parada. O Peixe descontou com L\u00e9o Godoy nos minutos finais, mas n\u00e3o conseguiu evitar o rev\u00e9s. A partida tamb\u00e9m marcou a estreia de Tiquinho Soares, que entrou no segundo tempo, mas teve poucas oportunidades para mudar o resultado <strong><a href=\"https:\/\/www.gaveanews.com\/index.php\/2025\/01\/25\/santos-a-declaracao-de-leo-godoy-sobre-derrota-para-o-velo-clube\/\">(leia a mat\u00e9ria completa).<\/a><\/strong><\/p>\n\n\n\n<figure class=\"wp-block-image size-large\"><img loading=\"lazy\" decoding=\"async\" width=\"1024\" height=\"856\" src=\"http:\/\/www.gaveanews.com\/wp-content\/uploads\/Leonardo-Godoy-pelo-Athletico-PR-1024x856.webp\" alt=\"\" class=\"wp-image-168213\" srcset=\"https:\/\/www.gaveanews.com\/wp-content\/uploads\/Leonardo-Godoy-pelo-Athletico-PR-1024x856.webp 1024w, https:\/\/www.gaveanews.com\/wp-content\/uploads\/Leonardo-Godoy-pelo-Athletico-PR-300x251.webp 300w, https:\/\/www.gaveanews.com\/wp-content\/uploads\/Leonardo-Godoy-pelo-Athletico-PR-768x642.webp 768w, https:\/\/www.gaveanews.com\/wp-content\/uploads\/Leonardo-Godoy-pelo-Athletico-PR-502x420.webp 502w, https:\/\/www.gaveanews.com\/wp-content\/uploads\/Leonardo-Godoy-pelo-Athletico-PR-1005x840.webp 1005w, https:\/\/www.gaveanews.com\/wp-content\/uploads\/Leonardo-Godoy-pelo-Athletico-PR-640x535.webp 640w, https:\/\/www.gaveanews.com\/wp-content\/uploads\/Leonardo-Godoy-pelo-Athletico-PR-681x569.webp 681w, https:\/\/www.gaveanews.com\/wp-content\/uploads\/Leonardo-Godoy-pelo-Athletico-PR-100x84.webp 100w, https:\/\/www.gaveanews.com\/wp-content\/uploads\/Leonardo-Godoy-pelo-Athletico-PR.webp 1061w\" sizes=\"auto, (max-width: 1024px) 100vw, 1024px\" \/><figcaption class=\"wp-element-caption\">Leonardo Godoy pelo Athletico-PR (Foto: Gustavo Oliveira\/Athletico.com.br)<\/figcaption><\/figure>\n\n\n\n<p>Com o trope\u00e7o, o Santos permaneceu com quatro pontos na segunda coloca\u00e7\u00e3o do Grupo B, enquanto o Velo Clube conquistou sua primeira vit\u00f3ria na competi\u00e7\u00e3o, mas ainda segue na lanterna do Grupo D. <\/p>\n\n\n\n<p>Durante a partida, o Peixe encontrou dificuldades para criar chances claras e sofreu com erros defensivos, especialmente nas bolas a\u00e9reas. O t\u00e9cnico Pedro Caixinha realizou mudan\u00e7as no segundo tempo, mas o desempenho da equipe seguiu abaixo do esperado.<\/p>\n\n\n\n<p>Ap\u00f3s a partida, L\u00e9o Godoy lamentou os gols sofridos em lances que j\u00e1 eram previstos pela comiss\u00e3o t\u00e9cnica e refor\u00e7ou a necessidade de ajustes. Agora, o Santos se prepara para enfrentar o S\u00e3o Bernardo na pr\u00f3xima rodada, em busca de reabilita\u00e7\u00e3o no Paulist\u00e3o. A expectativa \u00e9 que a equipe titular volte a campo para tentar retomar o caminho das vit\u00f3rias e evitar uma crise logo no in\u00edcio da temporada.<\/p>\n\n\n\n<h2 class=\"wp-block-heading\" id=\"h-declaracao-de-bruno-formiga\">Declara\u00e7\u00e3o de Bruno Formiga<\/h2>\n\n\n\n<p>Neymar est\u00e1 prestes a oficializar seu retorno ao Santos ap\u00f3s rescindir contrato com o Al-Hilal, da Ar\u00e1bia Saudita. O jogador deve ser apresentado nesta quinta-feira, em um evento na Vila Belmiro e no Pacaembu. O novo v\u00ednculo inicial ser\u00e1 at\u00e9 junho, com possibilidade de extens\u00e3o at\u00e9 a Copa do Mundo de 2026. O retorno do craque j\u00e1 impacta o clube, refletido no aumento do programa de s\u00f3cios, que ultrapassou 52 mil inscritos <strong><a href=\"https:\/\/www.gaveanews.com\/index.php\/2025\/01\/28\/neymar-no-santos-a-declaracao-de-bruno-formiga-video\/\">(leia a mat\u00e9ria completa).<\/a><\/strong><\/p>\n\n\n\n<figure class=\"wp-block-image size-full\"><img loading=\"lazy\" decoding=\"async\" width=\"984\" height=\"709\" src=\"http:\/\/www.gaveanews.com\/wp-content\/uploads\/image-28.webp\" alt=\"Divulga\u00e7\u00e3o: Santos\" class=\"wp-image-220190\"\/><figcaption class=\"wp-element-caption\">Neymar no Santos &#8211; Foto: Divulga\u00e7\u00e3o\/SFC<\/figcaption><\/figure>\n\n\n\n<p>O comentarista Bruno Formiga analisou a decis\u00e3o de Neymar, afirmando que o Santos \u00e9 o lugar ideal para o jogador voltar ao Brasil. Segundo ele, o atacante encontrar\u00e1 um ambiente de apoio e admira\u00e7\u00e3o que dificilmente teria na Europa neste momento. Al\u00e9m disso, destacou que essa escolha refor\u00e7a a rela\u00e7\u00e3o do craque com o clube e evita cr\u00edticas sobre uma poss\u00edvel falta de compromisso com sua hist\u00f3ria.<\/p>\n\n\n\n<p>Com um curr\u00edculo recheado de t\u00edtulos nacionais e internacionais, Neymar retorna ao Peixe para reacender a paix\u00e3o da torcida e buscar um novo cap\u00edtulo de sucesso na carreira. O impacto de sua chegada j\u00e1 se faz sentir, e a expectativa \u00e9 de que sua presen\u00e7a impulsione o Santos dentro e fora de campo na temporada.<\/p>\n\n\n\n<h2 class=\"wp-block-heading\" id=\"h-mercado-da-bola\">Mercado da bola<\/h2>\n\n\n\n<p>O Santos j\u00e1 admite nos bastidores que perdeu a disputa para o Flamengo na tentativa de contratar Danilo, da Juventus. O jogador de 33 anos est\u00e1 em negocia\u00e7\u00f5es avan\u00e7adas com o clube carioca para assinar um contrato de dois anos. Apesar do esfor\u00e7o santista em oferecer um sal\u00e1rio competitivo, o Flamengo levou vantagem, principalmente pela possibilidade de disputar competi\u00e7\u00f5es internacionais, fator que pesou na escolha do defensor <strong><a href=\"https:\/\/www.gaveanews.com\/index.php\/2025\/01\/25\/mercado-da-bola-santos-admite-nos-bastidores-que-perdeu-para-o-flamengo\/\">(leia a mat\u00e9ria completa).<\/a><\/strong><\/p>\n\n\n\n<figure class=\"wp-block-image size-full\"><img loading=\"lazy\" decoding=\"async\" width=\"876\" height=\"484\" src=\"http:\/\/www.gaveanews.com\/wp-content\/uploads\/danilo-selecao-brasileira.webp\" alt=\"\" class=\"wp-image-95461\" srcset=\"https:\/\/www.gaveanews.com\/wp-content\/uploads\/danilo-selecao-brasileira.webp 876w, https:\/\/www.gaveanews.com\/wp-content\/uploads\/danilo-selecao-brasileira-300x166.webp 300w, https:\/\/www.gaveanews.com\/wp-content\/uploads\/danilo-selecao-brasileira-768x424.webp 768w, https:\/\/www.gaveanews.com\/wp-content\/uploads\/danilo-selecao-brasileira-760x420.webp 760w, https:\/\/www.gaveanews.com\/wp-content\/uploads\/danilo-selecao-brasileira-640x354.webp 640w, https:\/\/www.gaveanews.com\/wp-content\/uploads\/danilo-selecao-brasileira-681x376.webp 681w, https:\/\/www.gaveanews.com\/wp-content\/uploads\/danilo-selecao-brasileira-100x55.webp 100w\" sizes=\"auto, (max-width: 876px) 100vw, 876px\" \/><figcaption class=\"wp-element-caption\">Danilo em jogo da Sele\u00e7\u00e3o Brasileira (Foto: ANP\/Getty Images)<\/figcaption><\/figure>\n\n\n\n<p>Danilo, que come\u00e7ou sua carreira no Santos, parecia uma op\u00e7\u00e3o vi\u00e1vel para refor\u00e7ar o setor defensivo do Peixe. No entanto, a proposta rubro-negra, aliada ao projeto esportivo mais ambicioso, inclinou o jogador a optar pelo time comandado por Filipe Lu\u00eds. O clube paulista ainda mant\u00e9m uma pequena esperan\u00e7a de reverter a situa\u00e7\u00e3o at\u00e9 o final de janeiro, mas a tend\u00eancia \u00e9 que o atleta realmente feche com o Flamengo.<\/p>\n\n\n\n<p>Com esse cen\u00e1rio, o Santos precisar\u00e1 buscar novas op\u00e7\u00f5es no mercado para refor\u00e7ar sua defesa. Enquanto isso, o Flamengo se aproxima de mais um refor\u00e7o experiente para a temporada, aumentando ainda mais a qualidade de seu elenco. A expectativa agora \u00e9 pela oficializa\u00e7\u00e3o do acordo, que deve ser conclu\u00eddo nos pr\u00f3ximos dias.<\/p>\n","protected":false},"excerpt":{"rendered":"<p>Nas \u00faltimas horas, o foco das not\u00edcias sobre o Santos se concentram nos bastidores do clube, com destaques do dia a dia do time. Por conta deste contexto, leia abaixo um resumo preparado pela equipe do portal G\u00e1vea News para lhe manter muito bem informado! Recado de L\u00e9o Godoy O Santos sofreu sua segunda derrota [&hellip;]<\/p>\n","protected":false},"author":27,"featured_media":114917,"comment_status":"open","ping_status":"closed","sticky":false,"template":"","format":"standard","meta":{"footnotes":""},"categories":[1],"tags":[],"class_list":["post-220711","post","type-post","status-publish","format-standard","has-post-thumbnail","hentry","category-flamengo"],"yoast_head":"<!-- This site is optimized with the Yoast SEO Premium plugin v24.2 (Yoast SEO v26.9) - https:\/\/yoast.com\/product\/yoast-seo-premium-wordpress\/ -->\n<title>Mercado da bola, declara\u00e7\u00e3o de Bruno Formiga e Recado de L\u00e9o Godoy: as \u00faltimas not\u00edcias do Santos<\/title>\n<meta name=\"robots\" content=\"index, follow, max-snippet:-1, max-image-preview:large, max-video-preview:-1\" \/>\n<link rel=\"canonical\" href=\"https:\/\/www.gaveanews.com\/index.php\/2025\/01\/30\/mercado-da-bola-declaracao-de-bruno-formiga-e-recado-de-leo-godoy-as-ultimas-noticias-do-santos\/\" \/>\n<meta property=\"og:locale\" content=\"pt_BR\" \/>\n<meta property=\"og:type\" content=\"article\" \/>\n<meta property=\"og:title\" content=\"Mercado da bola, declara\u00e7\u00e3o de Bruno Formiga e Recado de L\u00e9o Godoy: as \u00faltimas not\u00edcias do Santos\" \/>\n<meta property=\"og:description\" content=\"Nas \u00faltimas horas, o foco das not\u00edcias sobre o Santos se concentram nos bastidores do clube, com destaques do dia a dia do time. Por conta deste contexto, leia abaixo um resumo preparado pela equipe do portal G\u00e1vea News para lhe manter muito bem informado! Recado de L\u00e9o Godoy O Santos sofreu sua segunda derrota [&hellip;]\" \/>\n<meta property=\"og:url\" content=\"https:\/\/www.gaveanews.com\/index.php\/2025\/01\/30\/mercado-da-bola-declaracao-de-bruno-formiga-e-recado-de-leo-godoy-as-ultimas-noticias-do-santos\/\" \/>\n<meta property=\"og:site_name\" content=\"G\u00e1vea News\" \/>\n<meta property=\"article:publisher\" content=\"https:\/\/facebook.com\/gaveaNews\/\" \/>\n<meta property=\"article:published_time\" content=\"2025-01-30T20:55:00+00:00\" \/>\n<meta property=\"og:image\" content=\"https:\/\/www.gaveanews.com\/wp-content\/uploads\/santos-rebaixado-jogadores.webp\" \/>\n\t<meta property=\"og:image:width\" content=\"774\" \/>\n\t<meta property=\"og:image:height\" content=\"372\" \/>\n\t<meta property=\"og:image:type\" content=\"image\/webp\" \/>\n<meta name=\"author\" content=\"Matheus Felipe\" \/>\n<meta name=\"twitter:card\" content=\"summary_large_image\" \/>\n<meta name=\"twitter:label1\" content=\"Escrito por\" \/>\n\t<meta name=\"twitter:data1\" content=\"Matheus Felipe\" \/>\n\t<meta name=\"twitter:label2\" content=\"Est. tempo de leitura\" \/>\n\t<meta name=\"twitter:data2\" content=\"5 minutos\" \/>\n<script type=\"application\/ld+json\" class=\"yoast-schema-graph\">{\"@context\":\"https:\/\/schema.org\",\"@graph\":[{\"@type\":\"NewsArticle\",\"@id\":\"https:\/\/www.gaveanews.com\/index.php\/2025\/01\/30\/mercado-da-bola-declaracao-de-bruno-formiga-e-recado-de-leo-godoy-as-ultimas-noticias-do-santos\/#article\",\"isPartOf\":{\"@id\":\"https:\/\/www.gaveanews.com\/index.php\/2025\/01\/30\/mercado-da-bola-declaracao-de-bruno-formiga-e-recado-de-leo-godoy-as-ultimas-noticias-do-santos\/\"},\"author\":{\"name\":\"Matheus Felipe\",\"@id\":\"https:\/\/www.gaveanews.com\/#\/schema\/person\/8207cd4627f56151707418bfc835b2fb\"},\"headline\":\"Mercado da bola, declara\u00e7\u00e3o de Bruno Formiga e Recado de L\u00e9o Godoy: as \u00faltimas not\u00edcias do Santos\",\"datePublished\":\"2025-01-30T20:55:00+00:00\",\"mainEntityOfPage\":{\"@id\":\"https:\/\/www.gaveanews.com\/index.php\/2025\/01\/30\/mercado-da-bola-declaracao-de-bruno-formiga-e-recado-de-leo-godoy-as-ultimas-noticias-do-santos\/\"},\"wordCount\":783,\"commentCount\":0,\"image\":{\"@id\":\"https:\/\/www.gaveanews.com\/index.php\/2025\/01\/30\/mercado-da-bola-declaracao-de-bruno-formiga-e-recado-de-leo-godoy-as-ultimas-noticias-do-santos\/#primaryimage\"},\"thumbnailUrl\":\"https:\/\/www.gaveanews.com\/wp-content\/uploads\/santos-rebaixado-jogadores.webp\",\"articleSection\":[\"Flamengo\"],\"inLanguage\":\"pt-BR\",\"potentialAction\":[{\"@type\":\"CommentAction\",\"name\":\"Comment\",\"target\":[\"https:\/\/www.gaveanews.com\/index.php\/2025\/01\/30\/mercado-da-bola-declaracao-de-bruno-formiga-e-recado-de-leo-godoy-as-ultimas-noticias-do-santos\/#respond\"]}],\"copyrightYear\":\"2025\",\"copyrightHolder\":{\"@id\":\"https:\/\/www.gaveanews.com\/#organization\"}},{\"@type\":\"WebPage\",\"@id\":\"https:\/\/www.gaveanews.com\/index.php\/2025\/01\/30\/mercado-da-bola-declaracao-de-bruno-formiga-e-recado-de-leo-godoy-as-ultimas-noticias-do-santos\/\",\"url\":\"https:\/\/www.gaveanews.com\/index.php\/2025\/01\/30\/mercado-da-bola-declaracao-de-bruno-formiga-e-recado-de-leo-godoy-as-ultimas-noticias-do-santos\/\",\"name\":\"Mercado da bola, declara\u00e7\u00e3o de Bruno Formiga e Recado de L\u00e9o Godoy: as \u00faltimas not\u00edcias do Santos\",\"isPartOf\":{\"@id\":\"https:\/\/www.gaveanews.com\/#website\"},\"primaryImageOfPage\":{\"@id\":\"https:\/\/www.gaveanews.com\/index.php\/2025\/01\/30\/mercado-da-bola-declaracao-de-bruno-formiga-e-recado-de-leo-godoy-as-ultimas-noticias-do-santos\/#primaryimage\"},\"image\":{\"@id\":\"https:\/\/www.gaveanews.com\/index.php\/2025\/01\/30\/mercado-da-bola-declaracao-de-bruno-formiga-e-recado-de-leo-godoy-as-ultimas-noticias-do-santos\/#primaryimage\"},\"thumbnailUrl\":\"https:\/\/www.gaveanews.com\/wp-content\/uploads\/santos-rebaixado-jogadores.webp\",\"datePublished\":\"2025-01-30T20:55:00+00:00\",\"author\":{\"@id\":\"https:\/\/www.gaveanews.com\/#\/schema\/person\/8207cd4627f56151707418bfc835b2fb\"},\"breadcrumb\":{\"@id\":\"https:\/\/www.gaveanews.com\/index.php\/2025\/01\/30\/mercado-da-bola-declaracao-de-bruno-formiga-e-recado-de-leo-godoy-as-ultimas-noticias-do-santos\/#breadcrumb\"},\"inLanguage\":\"pt-BR\",\"potentialAction\":[{\"@type\":\"ReadAction\",\"target\":[\"https:\/\/www.gaveanews.com\/index.php\/2025\/01\/30\/mercado-da-bola-declaracao-de-bruno-formiga-e-recado-de-leo-godoy-as-ultimas-noticias-do-santos\/\"]}]},{\"@type\":\"ImageObject\",\"inLanguage\":\"pt-BR\",\"@id\":\"https:\/\/www.gaveanews.com\/index.php\/2025\/01\/30\/mercado-da-bola-declaracao-de-bruno-formiga-e-recado-de-leo-godoy-as-ultimas-noticias-do-santos\/#primaryimage\",\"url\":\"https:\/\/www.gaveanews.com\/wp-content\/uploads\/santos-rebaixado-jogadores.webp\",\"contentUrl\":\"https:\/\/www.gaveanews.com\/wp-content\/uploads\/santos-rebaixado-jogadores.webp\",\"width\":774,\"height\":372,\"caption\":\"Jogadores do Santos (Foto: Raul Baretta\/Santos FC\/Esporte News Mundo)\"},{\"@type\":\"BreadcrumbList\",\"@id\":\"https:\/\/www.gaveanews.com\/index.php\/2025\/01\/30\/mercado-da-bola-declaracao-de-bruno-formiga-e-recado-de-leo-godoy-as-ultimas-noticias-do-santos\/#breadcrumb\",\"itemListElement\":[{\"@type\":\"ListItem\",\"position\":1,\"name\":\"Home\",\"item\":\"https:\/\/www.gaveanews.com\/\"},{\"@type\":\"ListItem\",\"position\":2,\"name\":\"Mercado da bola, declara\u00e7\u00e3o de Bruno Formiga e Recado de L\u00e9o Godoy: as \u00faltimas not\u00edcias do Santos\"}]},{\"@type\":\"WebSite\",\"@id\":\"https:\/\/www.gaveanews.com\/#website\",\"url\":\"https:\/\/www.gaveanews.com\/\",\"name\":\"G\u00e1vea News\",\"description\":\"Veja todas as not\u00edcias sobre o Flamengo: Contrata\u00e7\u00f5es, categorias de base, resultados das partidas, tabela de classifica\u00e7\u00e3o, pr\u00f3ximos jogos!\",\"potentialAction\":[{\"@type\":\"SearchAction\",\"target\":{\"@type\":\"EntryPoint\",\"urlTemplate\":\"https:\/\/www.gaveanews.com\/?s={search_term_string}\"},\"query-input\":{\"@type\":\"PropertyValueSpecification\",\"valueRequired\":true,\"valueName\":\"search_term_string\"}}],\"inLanguage\":\"pt-BR\"},{\"@type\":\"Person\",\"@id\":\"https:\/\/www.gaveanews.com\/#\/schema\/person\/8207cd4627f56151707418bfc835b2fb\",\"name\":\"Matheus Felipe\",\"image\":{\"@type\":\"ImageObject\",\"inLanguage\":\"pt-BR\",\"@id\":\"https:\/\/www.gaveanews.com\/#\/schema\/person\/image\/\",\"url\":\"https:\/\/secure.gravatar.com\/avatar\/a452ffbed9130f726358b298bb3a99ce4bd3c5338411f8440e87e14d74c7c087?s=96&d=mm&r=g\",\"contentUrl\":\"https:\/\/secure.gravatar.com\/avatar\/a452ffbed9130f726358b298bb3a99ce4bd3c5338411f8440e87e14d74c7c087?s=96&d=mm&r=g\",\"caption\":\"Matheus Felipe\"}}]}<\/script>\n<!-- \/ Yoast SEO Premium plugin. -->","yoast_head_json":{"title":"Mercado da bola, declara\u00e7\u00e3o de Bruno Formiga e Recado de L\u00e9o Godoy: as \u00faltimas not\u00edcias do Santos","robots":{"index":"index","follow":"follow","max-snippet":"max-snippet:-1","max-image-preview":"max-image-preview:large","max-video-preview":"max-video-preview:-1"},"canonical":"https:\/\/www.gaveanews.com\/index.php\/2025\/01\/30\/mercado-da-bola-declaracao-de-bruno-formiga-e-recado-de-leo-godoy-as-ultimas-noticias-do-santos\/","og_locale":"pt_BR","og_type":"article","og_title":"Mercado da bola, declara\u00e7\u00e3o de Bruno Formiga e Recado de L\u00e9o Godoy: as \u00faltimas not\u00edcias do Santos","og_description":"Nas \u00faltimas horas, o foco das not\u00edcias sobre o Santos se concentram nos bastidores do clube, com destaques do dia a dia do time. Por conta deste contexto, leia abaixo um resumo preparado pela equipe do portal G\u00e1vea News para lhe manter muito bem informado! Recado de L\u00e9o Godoy O Santos sofreu sua segunda derrota [&hellip;]","og_url":"https:\/\/www.gaveanews.com\/index.php\/2025\/01\/30\/mercado-da-bola-declaracao-de-bruno-formiga-e-recado-de-leo-godoy-as-ultimas-noticias-do-santos\/","og_site_name":"G\u00e1vea News","article_publisher":"https:\/\/facebook.com\/gaveaNews\/","article_published_time":"2025-01-30T20:55:00+00:00","og_image":[{"width":774,"height":372,"url":"https:\/\/www.gaveanews.com\/wp-content\/uploads\/santos-rebaixado-jogadores.webp","type":"image\/webp"}],"author":"Matheus Felipe","twitter_card":"summary_large_image","twitter_misc":{"Escrito por":"Matheus Felipe","Est. tempo de leitura":"5 minutos"},"schema":{"@context":"https:\/\/schema.org","@graph":[{"@type":"NewsArticle","@id":"https:\/\/www.gaveanews.com\/index.php\/2025\/01\/30\/mercado-da-bola-declaracao-de-bruno-formiga-e-recado-de-leo-godoy-as-ultimas-noticias-do-santos\/#article","isPartOf":{"@id":"https:\/\/www.gaveanews.com\/index.php\/2025\/01\/30\/mercado-da-bola-declaracao-de-bruno-formiga-e-recado-de-leo-godoy-as-ultimas-noticias-do-santos\/"},"author":{"name":"Matheus Felipe","@id":"https:\/\/www.gaveanews.com\/#\/schema\/person\/8207cd4627f56151707418bfc835b2fb"},"headline":"Mercado da bola, declara\u00e7\u00e3o de Bruno Formiga e Recado de L\u00e9o Godoy: as \u00faltimas not\u00edcias do Santos","datePublished":"2025-01-30T20:55:00+00:00","mainEntityOfPage":{"@id":"https:\/\/www.gaveanews.com\/index.php\/2025\/01\/30\/mercado-da-bola-declaracao-de-bruno-formiga-e-recado-de-leo-godoy-as-ultimas-noticias-do-santos\/"},"wordCount":783,"commentCount":0,"image":{"@id":"https:\/\/www.gaveanews.com\/index.php\/2025\/01\/30\/mercado-da-bola-declaracao-de-bruno-formiga-e-recado-de-leo-godoy-as-ultimas-noticias-do-santos\/#primaryimage"},"thumbnailUrl":"https:\/\/www.gaveanews.com\/wp-content\/uploads\/santos-rebaixado-jogadores.webp","articleSection":["Flamengo"],"inLanguage":"pt-BR","potentialAction":[{"@type":"CommentAction","name":"Comment","target":["https:\/\/www.gaveanews.com\/index.php\/2025\/01\/30\/mercado-da-bola-declaracao-de-bruno-formiga-e-recado-de-leo-godoy-as-ultimas-noticias-do-santos\/#respond"]}],"copyrightYear":"2025","copyrightHolder":{"@id":"https:\/\/www.gaveanews.com\/#organization"}},{"@type":"WebPage","@id":"https:\/\/www.gaveanews.com\/index.php\/2025\/01\/30\/mercado-da-bola-declaracao-de-bruno-formiga-e-recado-de-leo-godoy-as-ultimas-noticias-do-santos\/","url":"https:\/\/www.gaveanews.com\/index.php\/2025\/01\/30\/mercado-da-bola-declaracao-de-bruno-formiga-e-recado-de-leo-godoy-as-ultimas-noticias-do-santos\/","name":"Mercado da bola, declara\u00e7\u00e3o de Bruno Formiga e Recado de L\u00e9o Godoy: as \u00faltimas not\u00edcias do Santos","isPartOf":{"@id":"https:\/\/www.gaveanews.com\/#website"},"primaryImageOfPage":{"@id":"https:\/\/www.gaveanews.com\/index.php\/2025\/01\/30\/mercado-da-bola-declaracao-de-bruno-formiga-e-recado-de-leo-godoy-as-ultimas-noticias-do-santos\/#primaryimage"},"image":{"@id":"https:\/\/www.gaveanews.com\/index.php\/2025\/01\/30\/mercado-da-bola-declaracao-de-bruno-formiga-e-recado-de-leo-godoy-as-ultimas-noticias-do-santos\/#primaryimage"},"thumbnailUrl":"https:\/\/www.gaveanews.com\/wp-content\/uploads\/santos-rebaixado-jogadores.webp","datePublished":"2025-01-30T20:55:00+00:00","author":{"@id":"https:\/\/www.gaveanews.com\/#\/schema\/person\/8207cd4627f56151707418bfc835b2fb"},"breadcrumb":{"@id":"https:\/\/www.gaveanews.com\/index.php\/2025\/01\/30\/mercado-da-bola-declaracao-de-bruno-formiga-e-recado-de-leo-godoy-as-ultimas-noticias-do-santos\/#breadcrumb"},"inLanguage":"pt-BR","potentialAction":[{"@type":"ReadAction","target":["https:\/\/www.gaveanews.com\/index.php\/2025\/01\/30\/mercado-da-bola-declaracao-de-bruno-formiga-e-recado-de-leo-godoy-as-ultimas-noticias-do-santos\/"]}]},{"@type":"ImageObject","inLanguage":"pt-BR","@id":"https:\/\/www.gaveanews.com\/index.php\/2025\/01\/30\/mercado-da-bola-declaracao-de-bruno-formiga-e-recado-de-leo-godoy-as-ultimas-noticias-do-santos\/#primaryimage","url":"https:\/\/www.gaveanews.com\/wp-content\/uploads\/santos-rebaixado-jogadores.webp","contentUrl":"https:\/\/www.gaveanews.com\/wp-content\/uploads\/santos-rebaixado-jogadores.webp","width":774,"height":372,"caption":"Jogadores do Santos (Foto: Raul Baretta\/Santos FC\/Esporte News Mundo)"},{"@type":"BreadcrumbList","@id":"https:\/\/www.gaveanews.com\/index.php\/2025\/01\/30\/mercado-da-bola-declaracao-de-bruno-formiga-e-recado-de-leo-godoy-as-ultimas-noticias-do-santos\/#breadcrumb","itemListElement":[{"@type":"ListItem","position":1,"name":"Home","item":"https:\/\/www.gaveanews.com\/"},{"@type":"ListItem","position":2,"name":"Mercado da bola, declara\u00e7\u00e3o de Bruno Formiga e Recado de L\u00e9o Godoy: as \u00faltimas not\u00edcias do Santos"}]},{"@type":"WebSite","@id":"https:\/\/www.gaveanews.com\/#website","url":"https:\/\/www.gaveanews.com\/","name":"G\u00e1vea News","description":"Veja todas as not\u00edcias sobre o Flamengo: Contrata\u00e7\u00f5es, categorias de base, resultados das partidas, tabela de classifica\u00e7\u00e3o, pr\u00f3ximos jogos!","potentialAction":[{"@type":"SearchAction","target":{"@type":"EntryPoint","urlTemplate":"https:\/\/www.gaveanews.com\/?s={search_term_string}"},"query-input":{"@type":"PropertyValueSpecification","valueRequired":true,"valueName":"search_term_string"}}],"inLanguage":"pt-BR"},{"@type":"Person","@id":"https:\/\/www.gaveanews.com\/#\/schema\/person\/8207cd4627f56151707418bfc835b2fb","name":"Matheus Felipe","image":{"@type":"ImageObject","inLanguage":"pt-BR","@id":"https:\/\/www.gaveanews.com\/#\/schema\/person\/image\/","url":"https:\/\/secure.gravatar.com\/avatar\/a452ffbed9130f726358b298bb3a99ce4bd3c5338411f8440e87e14d74c7c087?s=96&d=mm&r=g","contentUrl":"https:\/\/secure.gravatar.com\/avatar\/a452ffbed9130f726358b298bb3a99ce4bd3c5338411f8440e87e14d74c7c087?s=96&d=mm&r=g","caption":"Matheus Felipe"}}]}},"_links":{"self":[{"href":"https:\/\/www.gaveanews.com\/index.php\/wp-json\/wp\/v2\/posts\/220711","targetHints":{"allow":["GET"]}}],"collection":[{"href":"https:\/\/www.gaveanews.com\/index.php\/wp-json\/wp\/v2\/posts"}],"about":[{"href":"https:\/\/www.gaveanews.com\/index.php\/wp-json\/wp\/v2\/types\/post"}],"author":[{"embeddable":true,"href":"https:\/\/www.gaveanews.com\/index.php\/wp-json\/wp\/v2\/users\/27"}],"replies":[{"embeddable":true,"href":"https:\/\/www.gaveanews.com\/index.php\/wp-json\/wp\/v2\/comments?post=220711"}],"version-history":[{"count":1,"href":"https:\/\/www.gaveanews.com\/index.php\/wp-json\/wp\/v2\/posts\/220711\/revisions"}],"predecessor-version":[{"id":220730,"href":"https:\/\/www.gaveanews.com\/index.php\/wp-json\/wp\/v2\/posts\/220711\/revisions\/220730"}],"wp:featuredmedia":[{"embeddable":true,"href":"https:\/\/www.gaveanews.com\/index.php\/wp-json\/wp\/v2\/media\/114917"}],"wp:attachment":[{"href":"https:\/\/www.gaveanews.com\/index.php\/wp-json\/wp\/v2\/media?parent=220711"}],"wp:term":[{"taxonomy":"category","embeddable":true,"href":"https:\/\/www.gaveanews.com\/index.php\/wp-json\/wp\/v2\/categories?post=220711"},{"taxonomy":"post_tag","embeddable":true,"href":"https:\/\/www.gaveanews.com\/index.php\/wp-json\/wp\/v2\/tags?post=220711"}],"curies":[{"name":"wp","href":"https:\/\/api.w.org\/{rel}","templated":true}]}}