{"id":220714,"date":"2025-01-30T18:05:00","date_gmt":"2025-01-30T21:05:00","guid":{"rendered":"https:\/\/www.gaveanews.com\/?p=220714"},"modified":"2025-01-30T16:46:58","modified_gmt":"2025-01-30T19:46:58","slug":"indireta-para-rivais-lesao-de-caio-maia-e-declaracao-de-cuca-as-ultimas-noticias-do-atletico-mg","status":"publish","type":"post","link":"https:\/\/www.gaveanews.com\/index.php\/2025\/01\/30\/indireta-para-rivais-lesao-de-caio-maia-e-declaracao-de-cuca-as-ultimas-noticias-do-atletico-mg\/","title":{"rendered":"Indireta para rivais, les\u00e3o de Caio Maia e declara\u00e7\u00e3o de Cuca: as \u00faltimas not\u00edcias do Atl\u00e9tico-MG"},"content":{"rendered":"\n<p>Nas \u00faltimas horas, o foco das not\u00edcias sobre o Atl\u00e9tico-MG se concentram nos bastidores do<br>clube, com destaques do dia a dia do time.<\/p>\n\n\n\n<p>Por conta deste contexto, leia abaixo um resumo preparado pela equipe do portal G\u00e1vea News para lhe manter muito bem informado!<\/p>\n\n\n\n<h2 class=\"wp-block-heading\" id=\"h-declaracao-de-cuca\">Declara\u00e7\u00e3o de Cuca<\/h2>\n\n\n\n<p>O Atl\u00e9tico Mineiro finalizou sua pr\u00e9-temporada nos Estados Unidos com um empate sem gols contra o Orlando City, em partida v\u00e1lida pela FC Series. Ap\u00f3s o jogo, o t\u00e9cnico Cuca concedeu entrevista coletiva e analisou o desempenho da equipe, destacando a necessidade de refor\u00e7ar o elenco para os desafios de 2025. Apesar da recente contrata\u00e7\u00e3o do atacante J\u00fanior Santos, o treinador enfatizou que o clube ainda precisa de mais op\u00e7\u00f5es ofensivas para enfrentar a temporada de forma competitiva <strong><a href=\"https:\/\/www.gaveanews.com\/index.php\/2025\/01\/29\/atletico-mg-a-declaracao-de-cuca-direcionada-a-junior-santos-2\/\">(leia a mat\u00e9ria completa).<\/a><\/strong><\/p>\n\n\n\n<figure class=\"wp-block-image size-full\"><img loading=\"lazy\" decoding=\"async\" width=\"1024\" height=\"683\" src=\"http:\/\/www.gaveanews.com\/wp-content\/uploads\/Cuca-tecnico-do-Atletico-MG.webp\" alt=\"\" class=\"wp-image-68026\" srcset=\"https:\/\/www.gaveanews.com\/wp-content\/uploads\/Cuca-tecnico-do-Atletico-MG.webp 1024w, https:\/\/www.gaveanews.com\/wp-content\/uploads\/Cuca-tecnico-do-Atletico-MG-300x200.webp 300w, https:\/\/www.gaveanews.com\/wp-content\/uploads\/Cuca-tecnico-do-Atletico-MG-768x512.webp 768w, https:\/\/www.gaveanews.com\/wp-content\/uploads\/Cuca-tecnico-do-Atletico-MG-630x420.webp 630w, https:\/\/www.gaveanews.com\/wp-content\/uploads\/Cuca-tecnico-do-Atletico-MG-640x427.webp 640w, https:\/\/www.gaveanews.com\/wp-content\/uploads\/Cuca-tecnico-do-Atletico-MG-681x454.webp 681w, https:\/\/www.gaveanews.com\/wp-content\/uploads\/Cuca-tecnico-do-Atletico-MG-1022x683.webp 1022w, https:\/\/www.gaveanews.com\/wp-content\/uploads\/Cuca-tecnico-do-Atletico-MG-100x67.webp 100w\" sizes=\"auto, (max-width: 1024px) 100vw, 1024px\" \/><figcaption class=\"wp-element-caption\">Cuca como treinador do Atl\u00e9tico-MG (Foto: Bruno Cantini\/Atl\u00e9tico-MG)<\/figcaption><\/figure>\n\n\n\n<p>Cuca elogiou as caracter\u00edsticas de J\u00fanior Santos, ressaltando sua velocidade e capacidade no um contra um, mas refor\u00e7ou que o time precisa de mais jogadores para fortalecer o ataque. <\/p>\n\n\n\n<p>Segundo ele, um elenco equilibrado \u00e9 essencial para suportar as exig\u00eancias f\u00edsicas e t\u00e9cnicas das competi\u00e7\u00f5es que o Atl\u00e9tico disputar\u00e1. A diretoria, por sua vez, segue ativa no mercado em busca de refor\u00e7os que possam agregar qualidade e profundidade ao grupo.<\/p>\n\n\n\n<p>Com a pr\u00e9-temporada conclu\u00edda, o planejamento do Atl\u00e9tico se concentra na montagem de um elenco competitivo para alcan\u00e7ar os objetivos do ano. Al\u00e9m de refor\u00e7os para o setor ofensivo, outras posi\u00e7\u00f5es tamb\u00e9m podem receber novos jogadores, dependendo das oportunidades do mercado. Nos pr\u00f3ximos dias, a diretoria do clube deve intensificar as negocia\u00e7\u00f5es para garantir um time capaz de brigar por t\u00edtulos em 2025.<\/p>\n\n\n\n<h2 class=\"wp-block-heading\" id=\"h-lesao-de-caio-maia\">Les\u00e3o de Caio Maia<\/h2>\n\n\n\n<p>Durante um amistoso contra o Orlando City pela FC Series, o Atl\u00e9tico-MG enfrentou um rev\u00e9s significativo com a les\u00e3o do atacante Caio Maia. A partida, que terminou empatada em 0 a 0 no tempo normal e com derrota nos p\u00eanaltis por 6 a 5, servia como prepara\u00e7\u00e3o para a temporada, mas trouxe um grande problema para o t\u00e9cnico Cuca. Maia entrou no segundo tempo no lugar de Hulk e, nos minutos finais, sofreu uma falta dura que o obrigou a deixar o campo carregado <strong><a href=\"https:\/\/www.gaveanews.com\/index.php\/2025\/01\/29\/atacante-sofre-lesao-e-vai-desfalcar-o-atletico-mg-por-meses\/\">(leia a mat\u00e9ria completa).<\/a><\/strong><\/p>\n\n\n\n<figure class=\"wp-block-image size-large\"><img loading=\"lazy\" decoding=\"async\" width=\"1024\" height=\"683\" src=\"http:\/\/www.gaveanews.com\/wp-content\/uploads\/Camisa-do-Atletico-MG-1024x683.webp\" alt=\"\" class=\"wp-image-157061\" srcset=\"https:\/\/www.gaveanews.com\/wp-content\/uploads\/Camisa-do-Atletico-MG-1024x683.webp 1024w, https:\/\/www.gaveanews.com\/wp-content\/uploads\/Camisa-do-Atletico-MG-300x200.webp 300w, https:\/\/www.gaveanews.com\/wp-content\/uploads\/Camisa-do-Atletico-MG-768x512.webp 768w, https:\/\/www.gaveanews.com\/wp-content\/uploads\/Camisa-do-Atletico-MG-630x420.webp 630w, https:\/\/www.gaveanews.com\/wp-content\/uploads\/Camisa-do-Atletico-MG-640x427.webp 640w, https:\/\/www.gaveanews.com\/wp-content\/uploads\/Camisa-do-Atletico-MG-681x454.webp 681w, https:\/\/www.gaveanews.com\/wp-content\/uploads\/Camisa-do-Atletico-MG-100x67.webp 100w, https:\/\/www.gaveanews.com\/wp-content\/uploads\/Camisa-do-Atletico-MG.webp 1080w\" sizes=\"auto, (max-width: 1024px) 100vw, 1024px\" \/><figcaption class=\"wp-element-caption\">Camisa do Atl\u00e9tico-MG (Foto: Reprodu\u00e7\u00e3o\/Instagram)<\/figcaption><\/figure>\n\n\n\n<p>Ap\u00f3s exames m\u00e9dicos, foi confirmada a ruptura do ligamento cruzado anterior e do menisco do joelho direito do jogador. Com a gravidade da les\u00e3o, ele passar\u00e1 por cirurgia nas pr\u00f3ximas semanas e seu tempo de recupera\u00e7\u00e3o deve ser de v\u00e1rios meses, impactando diretamente o elenco do Galo. Enquanto aguarda a opera\u00e7\u00e3o, Caio Maia j\u00e1 iniciou sess\u00f5es de fisioterapia como parte do processo de recupera\u00e7\u00e3o, buscando acelerar seu retorno aos gramados.<\/p>\n\n\n\n<p>Diante dessa baixa importante, o t\u00e9cnico Cuca precisar\u00e1 reorganizar o ataque do Atl\u00e9tico-MG. Para o pr\u00f3ximo jogo contra o Am\u00e9rica, as op\u00e7\u00f5es incluem Hulk, Deyverson e Palacios, al\u00e9m da possibilidade de utilizar jovens do time sub-20. O rec\u00e9m-contratado J\u00fanior Santos aguarda regulariza\u00e7\u00e3o para estrear, enquanto o argentino Cuello ainda passar\u00e1 por exames m\u00e9dicos antes de ser oficializado como refor\u00e7o.<\/p>\n\n\n\n<h2 class=\"wp-block-heading\" id=\"h-indireta-para-rivais\">Indireta para rivais<\/h2>\n\n\n\n<p>A ado\u00e7\u00e3o do modelo de Sociedade An\u00f4nima de Futebol (SAF) tem impulsionado mudan\u00e7as significativas no Cruzeiro, Atl\u00e9tico-MG e outros clubes brasileiros. Nesse contexto, Pedrinho BH, atual controlador da SAF cruzeirense, alfinetou a gest\u00e3o do rival Atl\u00e9tico-MG, criticando a falta de transpar\u00eancia e a sustentabilidade dos investimentos alvinegros. Ele enfatizou que sua prioridade n\u00e3o \u00e9 o lucro pessoal, mas sim a reestrutura\u00e7\u00e3o do Cruzeiro, diferenciando sua abordagem da de outros investidores no futebol brasileiro <strong><a href=\"https:\/\/www.gaveanews.com\/index.php\/2025\/01\/29\/cruzeiro-pedrinho-bh-manda-indireta-para-donos-do-atletico-mg\/\">(leia a mat\u00e9ria completa).<\/a><\/strong><\/p>\n\n\n\n<figure class=\"wp-block-image size-full\"><img loading=\"lazy\" decoding=\"async\" width=\"984\" height=\"656\" src=\"http:\/\/www.gaveanews.com\/wp-content\/uploads\/Pedro-Lourenco-Pedrinho.webp\" alt=\"\" class=\"wp-image-175923\" srcset=\"https:\/\/www.gaveanews.com\/wp-content\/uploads\/Pedro-Lourenco-Pedrinho.webp 984w, https:\/\/www.gaveanews.com\/wp-content\/uploads\/Pedro-Lourenco-Pedrinho-300x200.webp 300w, https:\/\/www.gaveanews.com\/wp-content\/uploads\/Pedro-Lourenco-Pedrinho-768x512.webp 768w, https:\/\/www.gaveanews.com\/wp-content\/uploads\/Pedro-Lourenco-Pedrinho-630x420.webp 630w, https:\/\/www.gaveanews.com\/wp-content\/uploads\/Pedro-Lourenco-Pedrinho-640x427.webp 640w, https:\/\/www.gaveanews.com\/wp-content\/uploads\/Pedro-Lourenco-Pedrinho-681x454.webp 681w, https:\/\/www.gaveanews.com\/wp-content\/uploads\/Pedro-Lourenco-Pedrinho-100x67.webp 100w\" sizes=\"auto, (max-width: 984px) 100vw, 984px\" \/><figcaption class=\"wp-element-caption\">Pedro Louren\u00e7o (Pedrinho) (Foto: Gustavo Aleixo\/Cruzeiro)<\/figcaption><\/figure>\n\n\n\n<p>Al\u00e9m da rivalidade com o Atl\u00e9tico-MG, o Cruzeiro tamb\u00e9m enfrenta um impasse financeiro com o Internacional devido \u00e0 transfer\u00eancia do jogador Wesley. O clube ga\u00facho teria assumido pagamentos ao Palmeiras, mas n\u00e3o cumpriu as parcelas acordadas, levando a SAF cruzeirense a acionar a C\u00e2mara Nacional de Resolu\u00e7\u00e3o de Disputas (CNRD). Pedrinho BH confirmou a decis\u00e3o de buscar a Justi\u00e7a, refor\u00e7ando que o Cruzeiro cumpriu todas as suas obriga\u00e7\u00f5es enquanto o Internacional permaneceu inadimplente.<\/p>\n\n\n\n<p>O caso evidencia os desafios financeiros na gest\u00e3o dos clubes brasileiros e a crescente judicializa\u00e7\u00e3o das disputas contratuais. Enquanto Pedrinho BH adota uma postura firme na defesa dos interesses do Cruzeiro, o Internacional admite parte da d\u00edvida, mas contesta o valor total. A situa\u00e7\u00e3o segue sem resolu\u00e7\u00e3o definitiva, destacando as dificuldades enfrentadas pelas SAFs na busca por estabilidade financeira.<\/p>\n","protected":false},"excerpt":{"rendered":"<p>Nas \u00faltimas horas, o foco das not\u00edcias sobre o Atl\u00e9tico-MG se concentram nos bastidores doclube, com destaques do dia a dia do time. Por conta deste contexto, leia abaixo um resumo preparado pela equipe do portal G\u00e1vea News para lhe manter muito bem informado! Declara\u00e7\u00e3o de Cuca O Atl\u00e9tico Mineiro finalizou sua pr\u00e9-temporada nos Estados [&hellip;]<\/p>\n","protected":false},"author":27,"featured_media":150828,"comment_status":"open","ping_status":"closed","sticky":false,"template":"","format":"standard","meta":{"footnotes":""},"categories":[136],"tags":[],"class_list":["post-220714","post","type-post","status-publish","format-standard","has-post-thumbnail","hentry","category-atletico-mg"],"yoast_head":"<!-- This site is optimized with the Yoast SEO Premium plugin v24.2 (Yoast SEO v26.9) - https:\/\/yoast.com\/product\/yoast-seo-premium-wordpress\/ -->\n<title>Indireta para rivais, les\u00e3o de Caio Maia e declara\u00e7\u00e3o de Cuca: as \u00faltimas not\u00edcias do Atl\u00e9tico-MG<\/title>\n<meta name=\"robots\" content=\"index, follow, max-snippet:-1, max-image-preview:large, max-video-preview:-1\" \/>\n<link rel=\"canonical\" href=\"https:\/\/www.gaveanews.com\/index.php\/2025\/01\/30\/indireta-para-rivais-lesao-de-caio-maia-e-declaracao-de-cuca-as-ultimas-noticias-do-atletico-mg\/\" \/>\n<meta property=\"og:locale\" content=\"pt_BR\" \/>\n<meta property=\"og:type\" content=\"article\" \/>\n<meta property=\"og:title\" content=\"Indireta para rivais, les\u00e3o de Caio Maia e declara\u00e7\u00e3o de Cuca: as \u00faltimas not\u00edcias do Atl\u00e9tico-MG\" \/>\n<meta property=\"og:description\" content=\"Nas \u00faltimas horas, o foco das not\u00edcias sobre o Atl\u00e9tico-MG se concentram nos bastidores doclube, com destaques do dia a dia do time. Por conta deste contexto, leia abaixo um resumo preparado pela equipe do portal G\u00e1vea News para lhe manter muito bem informado! Declara\u00e7\u00e3o de Cuca O Atl\u00e9tico Mineiro finalizou sua pr\u00e9-temporada nos Estados [&hellip;]\" \/>\n<meta property=\"og:url\" content=\"https:\/\/www.gaveanews.com\/index.php\/2025\/01\/30\/indireta-para-rivais-lesao-de-caio-maia-e-declaracao-de-cuca-as-ultimas-noticias-do-atletico-mg\/\" \/>\n<meta property=\"og:site_name\" content=\"G\u00e1vea News\" \/>\n<meta property=\"article:publisher\" content=\"https:\/\/facebook.com\/gaveaNews\/\" \/>\n<meta property=\"article:published_time\" content=\"2025-01-30T21:05:00+00:00\" \/>\n<meta property=\"og:image\" content=\"https:\/\/www.gaveanews.com\/wp-content\/uploads\/Torcida-do-Atletico-MG.webp\" \/>\n\t<meta property=\"og:image:width\" content=\"1066\" \/>\n\t<meta property=\"og:image:height\" content=\"711\" \/>\n\t<meta property=\"og:image:type\" content=\"image\/webp\" \/>\n<meta name=\"author\" content=\"Matheus Felipe\" \/>\n<meta name=\"twitter:card\" content=\"summary_large_image\" \/>\n<meta name=\"twitter:label1\" content=\"Escrito por\" \/>\n\t<meta name=\"twitter:data1\" content=\"Matheus Felipe\" \/>\n\t<meta name=\"twitter:label2\" content=\"Est. tempo de leitura\" \/>\n\t<meta name=\"twitter:data2\" content=\"5 minutos\" \/>\n<script type=\"application\/ld+json\" class=\"yoast-schema-graph\">{\"@context\":\"https:\/\/schema.org\",\"@graph\":[{\"@type\":\"NewsArticle\",\"@id\":\"https:\/\/www.gaveanews.com\/index.php\/2025\/01\/30\/indireta-para-rivais-lesao-de-caio-maia-e-declaracao-de-cuca-as-ultimas-noticias-do-atletico-mg\/#article\",\"isPartOf\":{\"@id\":\"https:\/\/www.gaveanews.com\/index.php\/2025\/01\/30\/indireta-para-rivais-lesao-de-caio-maia-e-declaracao-de-cuca-as-ultimas-noticias-do-atletico-mg\/\"},\"author\":{\"name\":\"Matheus Felipe\",\"@id\":\"https:\/\/www.gaveanews.com\/#\/schema\/person\/8207cd4627f56151707418bfc835b2fb\"},\"headline\":\"Indireta para rivais, les\u00e3o de Caio Maia e declara\u00e7\u00e3o de Cuca: as \u00faltimas not\u00edcias do Atl\u00e9tico-MG\",\"datePublished\":\"2025-01-30T21:05:00+00:00\",\"mainEntityOfPage\":{\"@id\":\"https:\/\/www.gaveanews.com\/index.php\/2025\/01\/30\/indireta-para-rivais-lesao-de-caio-maia-e-declaracao-de-cuca-as-ultimas-noticias-do-atletico-mg\/\"},\"wordCount\":822,\"commentCount\":0,\"image\":{\"@id\":\"https:\/\/www.gaveanews.com\/index.php\/2025\/01\/30\/indireta-para-rivais-lesao-de-caio-maia-e-declaracao-de-cuca-as-ultimas-noticias-do-atletico-mg\/#primaryimage\"},\"thumbnailUrl\":\"https:\/\/www.gaveanews.com\/wp-content\/uploads\/Torcida-do-Atletico-MG.webp\",\"articleSection\":[\"Atl\u00e9tico-MG\"],\"inLanguage\":\"pt-BR\",\"potentialAction\":[{\"@type\":\"CommentAction\",\"name\":\"Comment\",\"target\":[\"https:\/\/www.gaveanews.com\/index.php\/2025\/01\/30\/indireta-para-rivais-lesao-de-caio-maia-e-declaracao-de-cuca-as-ultimas-noticias-do-atletico-mg\/#respond\"]}],\"copyrightYear\":\"2025\",\"copyrightHolder\":{\"@id\":\"https:\/\/www.gaveanews.com\/#organization\"}},{\"@type\":\"WebPage\",\"@id\":\"https:\/\/www.gaveanews.com\/index.php\/2025\/01\/30\/indireta-para-rivais-lesao-de-caio-maia-e-declaracao-de-cuca-as-ultimas-noticias-do-atletico-mg\/\",\"url\":\"https:\/\/www.gaveanews.com\/index.php\/2025\/01\/30\/indireta-para-rivais-lesao-de-caio-maia-e-declaracao-de-cuca-as-ultimas-noticias-do-atletico-mg\/\",\"name\":\"Indireta para rivais, les\u00e3o de Caio Maia e declara\u00e7\u00e3o de Cuca: as \u00faltimas not\u00edcias do Atl\u00e9tico-MG\",\"isPartOf\":{\"@id\":\"https:\/\/www.gaveanews.com\/#website\"},\"primaryImageOfPage\":{\"@id\":\"https:\/\/www.gaveanews.com\/index.php\/2025\/01\/30\/indireta-para-rivais-lesao-de-caio-maia-e-declaracao-de-cuca-as-ultimas-noticias-do-atletico-mg\/#primaryimage\"},\"image\":{\"@id\":\"https:\/\/www.gaveanews.com\/index.php\/2025\/01\/30\/indireta-para-rivais-lesao-de-caio-maia-e-declaracao-de-cuca-as-ultimas-noticias-do-atletico-mg\/#primaryimage\"},\"thumbnailUrl\":\"https:\/\/www.gaveanews.com\/wp-content\/uploads\/Torcida-do-Atletico-MG.webp\",\"datePublished\":\"2025-01-30T21:05:00+00:00\",\"author\":{\"@id\":\"https:\/\/www.gaveanews.com\/#\/schema\/person\/8207cd4627f56151707418bfc835b2fb\"},\"breadcrumb\":{\"@id\":\"https:\/\/www.gaveanews.com\/index.php\/2025\/01\/30\/indireta-para-rivais-lesao-de-caio-maia-e-declaracao-de-cuca-as-ultimas-noticias-do-atletico-mg\/#breadcrumb\"},\"inLanguage\":\"pt-BR\",\"potentialAction\":[{\"@type\":\"ReadAction\",\"target\":[\"https:\/\/www.gaveanews.com\/index.php\/2025\/01\/30\/indireta-para-rivais-lesao-de-caio-maia-e-declaracao-de-cuca-as-ultimas-noticias-do-atletico-mg\/\"]}]},{\"@type\":\"ImageObject\",\"inLanguage\":\"pt-BR\",\"@id\":\"https:\/\/www.gaveanews.com\/index.php\/2025\/01\/30\/indireta-para-rivais-lesao-de-caio-maia-e-declaracao-de-cuca-as-ultimas-noticias-do-atletico-mg\/#primaryimage\",\"url\":\"https:\/\/www.gaveanews.com\/wp-content\/uploads\/Torcida-do-Atletico-MG.webp\",\"contentUrl\":\"https:\/\/www.gaveanews.com\/wp-content\/uploads\/Torcida-do-Atletico-MG.webp\",\"width\":1066,\"height\":711,\"caption\":\"Torcida do Atl\u00e9tico-MG (Foto: Reprodu\u00e7\u00e3o\/Instagram)\"},{\"@type\":\"BreadcrumbList\",\"@id\":\"https:\/\/www.gaveanews.com\/index.php\/2025\/01\/30\/indireta-para-rivais-lesao-de-caio-maia-e-declaracao-de-cuca-as-ultimas-noticias-do-atletico-mg\/#breadcrumb\",\"itemListElement\":[{\"@type\":\"ListItem\",\"position\":1,\"name\":\"Home\",\"item\":\"https:\/\/www.gaveanews.com\/\"},{\"@type\":\"ListItem\",\"position\":2,\"name\":\"Indireta para rivais, les\u00e3o de Caio Maia e declara\u00e7\u00e3o de Cuca: as \u00faltimas not\u00edcias do Atl\u00e9tico-MG\"}]},{\"@type\":\"WebSite\",\"@id\":\"https:\/\/www.gaveanews.com\/#website\",\"url\":\"https:\/\/www.gaveanews.com\/\",\"name\":\"G\u00e1vea News\",\"description\":\"Veja todas as not\u00edcias sobre o Flamengo: Contrata\u00e7\u00f5es, categorias de base, resultados das partidas, tabela de classifica\u00e7\u00e3o, pr\u00f3ximos jogos!\",\"potentialAction\":[{\"@type\":\"SearchAction\",\"target\":{\"@type\":\"EntryPoint\",\"urlTemplate\":\"https:\/\/www.gaveanews.com\/?s={search_term_string}\"},\"query-input\":{\"@type\":\"PropertyValueSpecification\",\"valueRequired\":true,\"valueName\":\"search_term_string\"}}],\"inLanguage\":\"pt-BR\"},{\"@type\":\"Person\",\"@id\":\"https:\/\/www.gaveanews.com\/#\/schema\/person\/8207cd4627f56151707418bfc835b2fb\",\"name\":\"Matheus Felipe\",\"image\":{\"@type\":\"ImageObject\",\"inLanguage\":\"pt-BR\",\"@id\":\"https:\/\/www.gaveanews.com\/#\/schema\/person\/image\/\",\"url\":\"https:\/\/secure.gravatar.com\/avatar\/a452ffbed9130f726358b298bb3a99ce4bd3c5338411f8440e87e14d74c7c087?s=96&d=mm&r=g\",\"contentUrl\":\"https:\/\/secure.gravatar.com\/avatar\/a452ffbed9130f726358b298bb3a99ce4bd3c5338411f8440e87e14d74c7c087?s=96&d=mm&r=g\",\"caption\":\"Matheus Felipe\"}}]}<\/script>\n<!-- \/ Yoast SEO Premium plugin. -->","yoast_head_json":{"title":"Indireta para rivais, les\u00e3o de Caio Maia e declara\u00e7\u00e3o de Cuca: as \u00faltimas not\u00edcias do Atl\u00e9tico-MG","robots":{"index":"index","follow":"follow","max-snippet":"max-snippet:-1","max-image-preview":"max-image-preview:large","max-video-preview":"max-video-preview:-1"},"canonical":"https:\/\/www.gaveanews.com\/index.php\/2025\/01\/30\/indireta-para-rivais-lesao-de-caio-maia-e-declaracao-de-cuca-as-ultimas-noticias-do-atletico-mg\/","og_locale":"pt_BR","og_type":"article","og_title":"Indireta para rivais, les\u00e3o de Caio Maia e declara\u00e7\u00e3o de Cuca: as \u00faltimas not\u00edcias do Atl\u00e9tico-MG","og_description":"Nas \u00faltimas horas, o foco das not\u00edcias sobre o Atl\u00e9tico-MG se concentram nos bastidores doclube, com destaques do dia a dia do time. Por conta deste contexto, leia abaixo um resumo preparado pela equipe do portal G\u00e1vea News para lhe manter muito bem informado! Declara\u00e7\u00e3o de Cuca O Atl\u00e9tico Mineiro finalizou sua pr\u00e9-temporada nos Estados [&hellip;]","og_url":"https:\/\/www.gaveanews.com\/index.php\/2025\/01\/30\/indireta-para-rivais-lesao-de-caio-maia-e-declaracao-de-cuca-as-ultimas-noticias-do-atletico-mg\/","og_site_name":"G\u00e1vea News","article_publisher":"https:\/\/facebook.com\/gaveaNews\/","article_published_time":"2025-01-30T21:05:00+00:00","og_image":[{"width":1066,"height":711,"url":"https:\/\/www.gaveanews.com\/wp-content\/uploads\/Torcida-do-Atletico-MG.webp","type":"image\/webp"}],"author":"Matheus Felipe","twitter_card":"summary_large_image","twitter_misc":{"Escrito por":"Matheus Felipe","Est. tempo de leitura":"5 minutos"},"schema":{"@context":"https:\/\/schema.org","@graph":[{"@type":"NewsArticle","@id":"https:\/\/www.gaveanews.com\/index.php\/2025\/01\/30\/indireta-para-rivais-lesao-de-caio-maia-e-declaracao-de-cuca-as-ultimas-noticias-do-atletico-mg\/#article","isPartOf":{"@id":"https:\/\/www.gaveanews.com\/index.php\/2025\/01\/30\/indireta-para-rivais-lesao-de-caio-maia-e-declaracao-de-cuca-as-ultimas-noticias-do-atletico-mg\/"},"author":{"name":"Matheus Felipe","@id":"https:\/\/www.gaveanews.com\/#\/schema\/person\/8207cd4627f56151707418bfc835b2fb"},"headline":"Indireta para rivais, les\u00e3o de Caio Maia e declara\u00e7\u00e3o de Cuca: as \u00faltimas not\u00edcias do Atl\u00e9tico-MG","datePublished":"2025-01-30T21:05:00+00:00","mainEntityOfPage":{"@id":"https:\/\/www.gaveanews.com\/index.php\/2025\/01\/30\/indireta-para-rivais-lesao-de-caio-maia-e-declaracao-de-cuca-as-ultimas-noticias-do-atletico-mg\/"},"wordCount":822,"commentCount":0,"image":{"@id":"https:\/\/www.gaveanews.com\/index.php\/2025\/01\/30\/indireta-para-rivais-lesao-de-caio-maia-e-declaracao-de-cuca-as-ultimas-noticias-do-atletico-mg\/#primaryimage"},"thumbnailUrl":"https:\/\/www.gaveanews.com\/wp-content\/uploads\/Torcida-do-Atletico-MG.webp","articleSection":["Atl\u00e9tico-MG"],"inLanguage":"pt-BR","potentialAction":[{"@type":"CommentAction","name":"Comment","target":["https:\/\/www.gaveanews.com\/index.php\/2025\/01\/30\/indireta-para-rivais-lesao-de-caio-maia-e-declaracao-de-cuca-as-ultimas-noticias-do-atletico-mg\/#respond"]}],"copyrightYear":"2025","copyrightHolder":{"@id":"https:\/\/www.gaveanews.com\/#organization"}},{"@type":"WebPage","@id":"https:\/\/www.gaveanews.com\/index.php\/2025\/01\/30\/indireta-para-rivais-lesao-de-caio-maia-e-declaracao-de-cuca-as-ultimas-noticias-do-atletico-mg\/","url":"https:\/\/www.gaveanews.com\/index.php\/2025\/01\/30\/indireta-para-rivais-lesao-de-caio-maia-e-declaracao-de-cuca-as-ultimas-noticias-do-atletico-mg\/","name":"Indireta para rivais, les\u00e3o de Caio Maia e declara\u00e7\u00e3o de Cuca: as \u00faltimas not\u00edcias do Atl\u00e9tico-MG","isPartOf":{"@id":"https:\/\/www.gaveanews.com\/#website"},"primaryImageOfPage":{"@id":"https:\/\/www.gaveanews.com\/index.php\/2025\/01\/30\/indireta-para-rivais-lesao-de-caio-maia-e-declaracao-de-cuca-as-ultimas-noticias-do-atletico-mg\/#primaryimage"},"image":{"@id":"https:\/\/www.gaveanews.com\/index.php\/2025\/01\/30\/indireta-para-rivais-lesao-de-caio-maia-e-declaracao-de-cuca-as-ultimas-noticias-do-atletico-mg\/#primaryimage"},"thumbnailUrl":"https:\/\/www.gaveanews.com\/wp-content\/uploads\/Torcida-do-Atletico-MG.webp","datePublished":"2025-01-30T21:05:00+00:00","author":{"@id":"https:\/\/www.gaveanews.com\/#\/schema\/person\/8207cd4627f56151707418bfc835b2fb"},"breadcrumb":{"@id":"https:\/\/www.gaveanews.com\/index.php\/2025\/01\/30\/indireta-para-rivais-lesao-de-caio-maia-e-declaracao-de-cuca-as-ultimas-noticias-do-atletico-mg\/#breadcrumb"},"inLanguage":"pt-BR","potentialAction":[{"@type":"ReadAction","target":["https:\/\/www.gaveanews.com\/index.php\/2025\/01\/30\/indireta-para-rivais-lesao-de-caio-maia-e-declaracao-de-cuca-as-ultimas-noticias-do-atletico-mg\/"]}]},{"@type":"ImageObject","inLanguage":"pt-BR","@id":"https:\/\/www.gaveanews.com\/index.php\/2025\/01\/30\/indireta-para-rivais-lesao-de-caio-maia-e-declaracao-de-cuca-as-ultimas-noticias-do-atletico-mg\/#primaryimage","url":"https:\/\/www.gaveanews.com\/wp-content\/uploads\/Torcida-do-Atletico-MG.webp","contentUrl":"https:\/\/www.gaveanews.com\/wp-content\/uploads\/Torcida-do-Atletico-MG.webp","width":1066,"height":711,"caption":"Torcida do Atl\u00e9tico-MG (Foto: Reprodu\u00e7\u00e3o\/Instagram)"},{"@type":"BreadcrumbList","@id":"https:\/\/www.gaveanews.com\/index.php\/2025\/01\/30\/indireta-para-rivais-lesao-de-caio-maia-e-declaracao-de-cuca-as-ultimas-noticias-do-atletico-mg\/#breadcrumb","itemListElement":[{"@type":"ListItem","position":1,"name":"Home","item":"https:\/\/www.gaveanews.com\/"},{"@type":"ListItem","position":2,"name":"Indireta para rivais, les\u00e3o de Caio Maia e declara\u00e7\u00e3o de Cuca: as \u00faltimas not\u00edcias do Atl\u00e9tico-MG"}]},{"@type":"WebSite","@id":"https:\/\/www.gaveanews.com\/#website","url":"https:\/\/www.gaveanews.com\/","name":"G\u00e1vea News","description":"Veja todas as not\u00edcias sobre o Flamengo: Contrata\u00e7\u00f5es, categorias de base, resultados das partidas, tabela de classifica\u00e7\u00e3o, pr\u00f3ximos jogos!","potentialAction":[{"@type":"SearchAction","target":{"@type":"EntryPoint","urlTemplate":"https:\/\/www.gaveanews.com\/?s={search_term_string}"},"query-input":{"@type":"PropertyValueSpecification","valueRequired":true,"valueName":"search_term_string"}}],"inLanguage":"pt-BR"},{"@type":"Person","@id":"https:\/\/www.gaveanews.com\/#\/schema\/person\/8207cd4627f56151707418bfc835b2fb","name":"Matheus Felipe","image":{"@type":"ImageObject","inLanguage":"pt-BR","@id":"https:\/\/www.gaveanews.com\/#\/schema\/person\/image\/","url":"https:\/\/secure.gravatar.com\/avatar\/a452ffbed9130f726358b298bb3a99ce4bd3c5338411f8440e87e14d74c7c087?s=96&d=mm&r=g","contentUrl":"https:\/\/secure.gravatar.com\/avatar\/a452ffbed9130f726358b298bb3a99ce4bd3c5338411f8440e87e14d74c7c087?s=96&d=mm&r=g","caption":"Matheus Felipe"}}]}},"_links":{"self":[{"href":"https:\/\/www.gaveanews.com\/index.php\/wp-json\/wp\/v2\/posts\/220714","targetHints":{"allow":["GET"]}}],"collection":[{"href":"https:\/\/www.gaveanews.com\/index.php\/wp-json\/wp\/v2\/posts"}],"about":[{"href":"https:\/\/www.gaveanews.com\/index.php\/wp-json\/wp\/v2\/types\/post"}],"author":[{"embeddable":true,"href":"https:\/\/www.gaveanews.com\/index.php\/wp-json\/wp\/v2\/users\/27"}],"replies":[{"embeddable":true,"href":"https:\/\/www.gaveanews.com\/index.php\/wp-json\/wp\/v2\/comments?post=220714"}],"version-history":[{"count":1,"href":"https:\/\/www.gaveanews.com\/index.php\/wp-json\/wp\/v2\/posts\/220714\/revisions"}],"predecessor-version":[{"id":220717,"href":"https:\/\/www.gaveanews.com\/index.php\/wp-json\/wp\/v2\/posts\/220714\/revisions\/220717"}],"wp:featuredmedia":[{"embeddable":true,"href":"https:\/\/www.gaveanews.com\/index.php\/wp-json\/wp\/v2\/media\/150828"}],"wp:attachment":[{"href":"https:\/\/www.gaveanews.com\/index.php\/wp-json\/wp\/v2\/media?parent=220714"}],"wp:term":[{"taxonomy":"category","embeddable":true,"href":"https:\/\/www.gaveanews.com\/index.php\/wp-json\/wp\/v2\/categories?post=220714"},{"taxonomy":"post_tag","embeddable":true,"href":"https:\/\/www.gaveanews.com\/index.php\/wp-json\/wp\/v2\/tags?post=220714"}],"curies":[{"name":"wp","href":"https:\/\/api.w.org\/{rel}","templated":true}]}}