{"id":220818,"date":"2025-01-30T19:15:00","date_gmt":"2025-01-30T22:15:00","guid":{"rendered":"https:\/\/www.gaveanews.com\/?p=220818"},"modified":"2025-01-30T19:03:04","modified_gmt":"2025-01-30T22:03:04","slug":"jorge-jesus-sobre-gabigol-declaracao-de-flavio-prado-e-recado-de-cleber-machado-as-ultimas-noticias-do-cruzeiro","status":"publish","type":"post","link":"https:\/\/www.gaveanews.com\/index.php\/2025\/01\/30\/jorge-jesus-sobre-gabigol-declaracao-de-flavio-prado-e-recado-de-cleber-machado-as-ultimas-noticias-do-cruzeiro\/","title":{"rendered":"Jorge Jesus sobre Gabigol, declara\u00e7\u00e3o de Fl\u00e1vio Prado e recado de Cl\u00e9ber Machado: as \u00faltimas not\u00edcias do Cruzeiro"},"content":{"rendered":"\n<p>Nas \u00faltimas horas, o foco das not\u00edcias sobre o Cruzeiro se concentram nos bastidores do<br>clube, com destaques do dia a dia do time.<\/p>\n\n\n\n<p>Por conta deste contexto, leia abaixo um resumo preparado pela equipe do portal G\u00e1vea News para lhe manter muito bem informado!<\/p>\n\n\n\n<h2 class=\"wp-block-heading\" id=\"h-recado-de-cleber-machado\">Recado de Cl\u00e9ber Machado<\/h2>\n\n\n\n<p>Fernando Diniz n\u00e3o \u00e9 mais t\u00e9cnico do Cruzeiro. Com apenas 35% de aproveitamento em 20 jogos, o treinador foi demitido ap\u00f3s uma sequ\u00eancia de resultados negativos, incluindo empates em amistosos nos Estados Unidos, derrotas no Campeonato Mineiro e o vice-campeonato da Copa Sul-Americana. A diretoria do clube optou pela mudan\u00e7a na comiss\u00e3o t\u00e9cnica, e Wesley Carvalho assumiu interinamente enquanto o Cruzeiro busca um novo comandante, com Renato Ga\u00facho sendo um dos cotados para a vaga <strong><a href=\"https:\/\/www.gaveanews.com\/index.php\/2025\/01\/28\/a-declaracao-de-cleber-machado-direcionada-a-fernando-diniz-ex-cruzeiro\/\">(leia a mat\u00e9ria completa).<\/a><\/strong><\/p>\n\n\n\n<figure class=\"wp-block-image size-full\"><img loading=\"lazy\" decoding=\"async\" width=\"695\" height=\"463\" src=\"http:\/\/www.gaveanews.com\/wp-content\/uploads\/oficial_clebermachado_1708463851091.webp\" alt=\"\" class=\"wp-image-127874\" srcset=\"https:\/\/www.gaveanews.com\/wp-content\/uploads\/oficial_clebermachado_1708463851091.webp 695w, https:\/\/www.gaveanews.com\/wp-content\/uploads\/oficial_clebermachado_1708463851091-300x200.webp 300w, https:\/\/www.gaveanews.com\/wp-content\/uploads\/oficial_clebermachado_1708463851091-630x420.webp 630w, https:\/\/www.gaveanews.com\/wp-content\/uploads\/oficial_clebermachado_1708463851091-640x426.webp 640w, https:\/\/www.gaveanews.com\/wp-content\/uploads\/oficial_clebermachado_1708463851091-681x454.webp 681w, https:\/\/www.gaveanews.com\/wp-content\/uploads\/oficial_clebermachado_1708463851091-100x67.webp 100w\" sizes=\"auto, (max-width: 695px) 100vw, 695px\" \/><figcaption class=\"wp-element-caption\">Cl\u00e9ber Machado, narrador de futebol (Foto: Reprodu\u00e7\u00e3o\/Instagram)<\/figcaption><\/figure>\n\n\n\n<p>O narrador Cl\u00e9ber Machado comentou a demiss\u00e3o de Diniz durante o programa <em>Esporte Record<\/em>. Embora reconhe\u00e7a as dificuldades enfrentadas pelo t\u00e9cnico no Cruzeiro, Cl\u00e9ber afirmou que \u00e9 um admirador do trabalho do treinador, destacando sua capacidade de inovar no futebol brasileiro. <\/p>\n\n\n\n<p>&#8220;Eu vejo ele como um dos caras que podem fazer algo diferente em um time de futebol&#8221;, declarou o jornalista, ponderando que, em determinados momentos, ajustes s\u00e3o necess\u00e1rios.<\/p>\n\n\n\n<p>Agora, o Cruzeiro foca na reestrutura\u00e7\u00e3o para a sequ\u00eancia da temporada, buscando um nome que consiga trazer mais estabilidade e desempenho ao elenco. A sa\u00edda de Diniz reflete a insatisfa\u00e7\u00e3o da diretoria e dos torcedores com os resultados abaixo do esperado, aumentando a press\u00e3o por um novo treinador que possa recuperar a equipe rapidamente.<\/p>\n\n\n\n<h2 class=\"wp-block-heading\" id=\"h-declaracao-de-flavio-prado\">Declara\u00e7\u00e3o de Fl\u00e1vio Prado<\/h2>\n\n\n\n<p>O jornalista Fl\u00e1vio Prado fez duras cr\u00edticas \u00e0s contrata\u00e7\u00f5es de Gabigol e Dudu pelo Cruzeiro, afirmando que ambos j\u00e1 passaram do auge e n\u00e3o conseguir\u00e3o repetir o sucesso de anos anteriores. Durante o programa <em>Canelada<\/em>, ele declarou que a equipe mineira est\u00e1 \u201cfazendo festa com dois ex-jogadores\u201d, destacando que Gabigol n\u00e3o mant\u00e9m o mesmo n\u00edvel de desempenho h\u00e1 pelo menos dois anos e que Dudu enfrenta dificuldades f\u00edsicas para render como antes<strong><a href=\"https:\/\/www.gaveanews.com\/index.php\/2025\/01\/28\/a-declaracao-de-flavio-prado-direciona-ao-cruzeiro\/\"> (leia a mat\u00e9ria completa).<\/a><\/strong><\/p>\n\n\n\n<figure class=\"wp-block-image size-full\"><img loading=\"lazy\" decoding=\"async\" width=\"999\" height=\"548\" src=\"http:\/\/www.gaveanews.com\/wp-content\/uploads\/Flavio-Prado.webp\" alt=\"\" class=\"wp-image-102292\" srcset=\"https:\/\/www.gaveanews.com\/wp-content\/uploads\/Flavio-Prado.webp 999w, https:\/\/www.gaveanews.com\/wp-content\/uploads\/Flavio-Prado-300x165.webp 300w, https:\/\/www.gaveanews.com\/wp-content\/uploads\/Flavio-Prado-768x421.webp 768w, https:\/\/www.gaveanews.com\/wp-content\/uploads\/Flavio-Prado-766x420.webp 766w, https:\/\/www.gaveanews.com\/wp-content\/uploads\/Flavio-Prado-640x350.webp 640w, https:\/\/www.gaveanews.com\/wp-content\/uploads\/Flavio-Prado-681x374.webp 681w, https:\/\/www.gaveanews.com\/wp-content\/uploads\/Flavio-Prado-100x55.webp 100w\" sizes=\"auto, (max-width: 999px) 100vw, 999px\" \/><\/figure>\n\n\n\n<p>A opini\u00e3o de Prado foi compartilhada por outros comentaristas, como Cicinho, que tamb\u00e9m acredita que a chegada dos dois atacantes n\u00e3o ter\u00e1 impacto positivo no time celeste. A desconfian\u00e7a se refor\u00e7ou ap\u00f3s o jogo contra o Betim pelo Campeonato Mineiro, no qual Gabigol teve uma atua\u00e7\u00e3o apagada e foi um dos piores em campo, segundo avalia\u00e7\u00e3o da imprensa.<\/p>\n\n\n\n<p>Apesar das cr\u00edticas, a diretoria do Cruzeiro segue apostando nas novas contrata\u00e7\u00f5es e no trabalho de reformula\u00e7\u00e3o do elenco. Fl\u00e1vio Prado, no entanto, v\u00ea apenas a chegada do zagueiro Fabr\u00edcio Bruno como um investimento realmente promissor, classificando os demais refor\u00e7os como \u201capenas midi\u00e1ticos\u201d. A temporada ainda est\u00e1 no in\u00edcio, e os pr\u00f3ximos jogos ser\u00e3o cruciais para que Gabigol e Dudu provem seu valor \u00e0 torcida.<\/p>\n\n\n\n<h2 class=\"wp-block-heading\" id=\"h-jorge-jesus-sobre-gabigol\">Jorge Jesus sobre Gabigol<\/h2>\n\n\n\n<p>Jorge Jesus comentou sobre a transfer\u00eancia de Gabigol para o Cruzeiro e avaliou a mudan\u00e7a como positiva para o atacante. O treinador portugu\u00eas, que comandou o jogador na melhor fase de sua carreira no Flamengo, acredita que a sa\u00edda foi necess\u00e1ria para preservar a idolatria do atleta junto \u00e0 torcida rubro-negra. Ele tamb\u00e9m projetou um futuro promissor para Gabi no clube mineiro, destacando sua qualidade e capacidade de se reinventar <strong><a href=\"https:\/\/www.gaveanews.com\/index.php\/2025\/01\/26\/jorge-jesus-e-sincero-ao-falar-sobre-gabigol-no-cruzeiro\/\">(leia a mat\u00e9ria completa).<\/a><\/strong><\/p>\n\n\n\n<figure class=\"wp-block-image size-full\"><img loading=\"lazy\" decoding=\"async\" width=\"888\" height=\"592\" src=\"http:\/\/www.gaveanews.com\/wp-content\/uploads\/Jorge-Jesus-durante-um-jogo-do-Al-Hilal-edited.webp\" alt=\"\" class=\"wp-image-121610\" srcset=\"https:\/\/www.gaveanews.com\/wp-content\/uploads\/Jorge-Jesus-durante-um-jogo-do-Al-Hilal-edited.webp 888w, https:\/\/www.gaveanews.com\/wp-content\/uploads\/Jorge-Jesus-durante-um-jogo-do-Al-Hilal-edited-300x200.webp 300w, https:\/\/www.gaveanews.com\/wp-content\/uploads\/Jorge-Jesus-durante-um-jogo-do-Al-Hilal-edited-768x512.webp 768w, https:\/\/www.gaveanews.com\/wp-content\/uploads\/Jorge-Jesus-durante-um-jogo-do-Al-Hilal-edited-630x420.webp 630w, https:\/\/www.gaveanews.com\/wp-content\/uploads\/Jorge-Jesus-durante-um-jogo-do-Al-Hilal-edited-640x427.webp 640w, https:\/\/www.gaveanews.com\/wp-content\/uploads\/Jorge-Jesus-durante-um-jogo-do-Al-Hilal-edited-681x454.webp 681w, https:\/\/www.gaveanews.com\/wp-content\/uploads\/Jorge-Jesus-durante-um-jogo-do-Al-Hilal-edited-100x67.webp 100w\" sizes=\"auto, (max-width: 888px) 100vw, 888px\" \/><figcaption class=\"wp-element-caption\">Jorge Jesus durante um jogo do Al-Hilal (Foto: Reprodu\u00e7\u00e3o\/Al-Hilal)<\/figcaption><\/figure>\n\n\n\n<p>A \u00faltima temporada de Gabigol no Flamengo foi a pior desde seu retorno ao Brasil, com apenas oito gols e uma assist\u00eancia em 38 partidas. Al\u00e9m do desempenho abaixo do esperado, o atacante enfrentou problemas extracampo, incluindo atritos com a diretoria e o t\u00e9cnico Tite. Apesar de ter sido decisivo na conquista da Copa do Brasil, seus atos de indisciplina mancharam sua imagem dentro do clube e influenciaram sua sa\u00edda.<\/p>\n\n\n\n<p>Para Jorge Jesus, a mudan\u00e7a para o Cruzeiro pode ser um novo come\u00e7o para Gabigol. O treinador ressaltou que, caso tenha um bom desempenho, ele pode at\u00e9 retornar ao Flamengo no futuro. Agora, o atacante ter\u00e1 a miss\u00e3o de recuperar seu prest\u00edgio e mostrar seu valor com a camisa celeste, buscando retomar o protagonismo que o consagrou no futebol brasileiro.<\/p>\n","protected":false},"excerpt":{"rendered":"<p>Nas \u00faltimas horas, o foco das not\u00edcias sobre o Cruzeiro se concentram nos bastidores doclube, com destaques do dia a dia do time. Por conta deste contexto, leia abaixo um resumo preparado pela equipe do portal G\u00e1vea News para lhe manter muito bem informado! Recado de Cl\u00e9ber Machado Fernando Diniz n\u00e3o \u00e9 mais t\u00e9cnico do [&hellip;]<\/p>\n","protected":false},"author":27,"featured_media":143443,"comment_status":"open","ping_status":"closed","sticky":false,"template":"","format":"standard","meta":{"footnotes":""},"categories":[143],"tags":[],"class_list":["post-220818","post","type-post","status-publish","format-standard","has-post-thumbnail","hentry","category-cruzeiro"],"yoast_head":"<!-- This site is optimized with the Yoast SEO Premium plugin v24.2 (Yoast SEO v26.9) - https:\/\/yoast.com\/product\/yoast-seo-premium-wordpress\/ -->\n<title>Jorge Jesus sobre Gabigol, declara\u00e7\u00e3o de Fl\u00e1vio Prado e recado de Cl\u00e9ber Machado: as \u00faltimas not\u00edcias do Cruzeiro<\/title>\n<meta name=\"robots\" content=\"index, follow, max-snippet:-1, max-image-preview:large, max-video-preview:-1\" \/>\n<link rel=\"canonical\" href=\"https:\/\/www.gaveanews.com\/index.php\/2025\/01\/30\/jorge-jesus-sobre-gabigol-declaracao-de-flavio-prado-e-recado-de-cleber-machado-as-ultimas-noticias-do-cruzeiro\/\" \/>\n<meta property=\"og:locale\" content=\"pt_BR\" \/>\n<meta property=\"og:type\" content=\"article\" \/>\n<meta property=\"og:title\" content=\"Jorge Jesus sobre Gabigol, declara\u00e7\u00e3o de Fl\u00e1vio Prado e recado de Cl\u00e9ber Machado: as \u00faltimas not\u00edcias do Cruzeiro\" \/>\n<meta property=\"og:description\" content=\"Nas \u00faltimas horas, o foco das not\u00edcias sobre o Cruzeiro se concentram nos bastidores doclube, com destaques do dia a dia do time. Por conta deste contexto, leia abaixo um resumo preparado pela equipe do portal G\u00e1vea News para lhe manter muito bem informado! Recado de Cl\u00e9ber Machado Fernando Diniz n\u00e3o \u00e9 mais t\u00e9cnico do [&hellip;]\" \/>\n<meta property=\"og:url\" content=\"https:\/\/www.gaveanews.com\/index.php\/2025\/01\/30\/jorge-jesus-sobre-gabigol-declaracao-de-flavio-prado-e-recado-de-cleber-machado-as-ultimas-noticias-do-cruzeiro\/\" \/>\n<meta property=\"og:site_name\" content=\"G\u00e1vea News\" \/>\n<meta property=\"article:publisher\" content=\"https:\/\/facebook.com\/gaveaNews\/\" \/>\n<meta property=\"article:published_time\" content=\"2025-01-30T22:15:00+00:00\" \/>\n<meta property=\"og:image\" content=\"https:\/\/www.gaveanews.com\/wp-content\/uploads\/Elenco-do-Cruzeiro-comemorando-um-gol.webp\" \/>\n\t<meta property=\"og:image:width\" content=\"999\" \/>\n\t<meta property=\"og:image:height\" content=\"666\" \/>\n\t<meta property=\"og:image:type\" content=\"image\/webp\" \/>\n<meta name=\"author\" content=\"Matheus Felipe\" \/>\n<meta name=\"twitter:card\" content=\"summary_large_image\" \/>\n<meta name=\"twitter:label1\" content=\"Escrito por\" \/>\n\t<meta name=\"twitter:data1\" content=\"Matheus Felipe\" \/>\n\t<meta name=\"twitter:label2\" content=\"Est. tempo de leitura\" \/>\n\t<meta name=\"twitter:data2\" content=\"5 minutos\" \/>\n<script type=\"application\/ld+json\" class=\"yoast-schema-graph\">{\"@context\":\"https:\/\/schema.org\",\"@graph\":[{\"@type\":\"NewsArticle\",\"@id\":\"https:\/\/www.gaveanews.com\/index.php\/2025\/01\/30\/jorge-jesus-sobre-gabigol-declaracao-de-flavio-prado-e-recado-de-cleber-machado-as-ultimas-noticias-do-cruzeiro\/#article\",\"isPartOf\":{\"@id\":\"https:\/\/www.gaveanews.com\/index.php\/2025\/01\/30\/jorge-jesus-sobre-gabigol-declaracao-de-flavio-prado-e-recado-de-cleber-machado-as-ultimas-noticias-do-cruzeiro\/\"},\"author\":{\"name\":\"Matheus Felipe\",\"@id\":\"https:\/\/www.gaveanews.com\/#\/schema\/person\/8207cd4627f56151707418bfc835b2fb\"},\"headline\":\"Jorge Jesus sobre Gabigol, declara\u00e7\u00e3o de Fl\u00e1vio Prado e recado de Cl\u00e9ber Machado: as \u00faltimas not\u00edcias do Cruzeiro\",\"datePublished\":\"2025-01-30T22:15:00+00:00\",\"mainEntityOfPage\":{\"@id\":\"https:\/\/www.gaveanews.com\/index.php\/2025\/01\/30\/jorge-jesus-sobre-gabigol-declaracao-de-flavio-prado-e-recado-de-cleber-machado-as-ultimas-noticias-do-cruzeiro\/\"},\"wordCount\":766,\"commentCount\":0,\"image\":{\"@id\":\"https:\/\/www.gaveanews.com\/index.php\/2025\/01\/30\/jorge-jesus-sobre-gabigol-declaracao-de-flavio-prado-e-recado-de-cleber-machado-as-ultimas-noticias-do-cruzeiro\/#primaryimage\"},\"thumbnailUrl\":\"https:\/\/www.gaveanews.com\/wp-content\/uploads\/Elenco-do-Cruzeiro-comemorando-um-gol.webp\",\"articleSection\":[\"Cruzeiro\"],\"inLanguage\":\"pt-BR\",\"potentialAction\":[{\"@type\":\"CommentAction\",\"name\":\"Comment\",\"target\":[\"https:\/\/www.gaveanews.com\/index.php\/2025\/01\/30\/jorge-jesus-sobre-gabigol-declaracao-de-flavio-prado-e-recado-de-cleber-machado-as-ultimas-noticias-do-cruzeiro\/#respond\"]}],\"copyrightYear\":\"2025\",\"copyrightHolder\":{\"@id\":\"https:\/\/www.gaveanews.com\/#organization\"}},{\"@type\":\"WebPage\",\"@id\":\"https:\/\/www.gaveanews.com\/index.php\/2025\/01\/30\/jorge-jesus-sobre-gabigol-declaracao-de-flavio-prado-e-recado-de-cleber-machado-as-ultimas-noticias-do-cruzeiro\/\",\"url\":\"https:\/\/www.gaveanews.com\/index.php\/2025\/01\/30\/jorge-jesus-sobre-gabigol-declaracao-de-flavio-prado-e-recado-de-cleber-machado-as-ultimas-noticias-do-cruzeiro\/\",\"name\":\"Jorge Jesus sobre Gabigol, declara\u00e7\u00e3o de Fl\u00e1vio Prado e recado de Cl\u00e9ber Machado: as \u00faltimas not\u00edcias do Cruzeiro\",\"isPartOf\":{\"@id\":\"https:\/\/www.gaveanews.com\/#website\"},\"primaryImageOfPage\":{\"@id\":\"https:\/\/www.gaveanews.com\/index.php\/2025\/01\/30\/jorge-jesus-sobre-gabigol-declaracao-de-flavio-prado-e-recado-de-cleber-machado-as-ultimas-noticias-do-cruzeiro\/#primaryimage\"},\"image\":{\"@id\":\"https:\/\/www.gaveanews.com\/index.php\/2025\/01\/30\/jorge-jesus-sobre-gabigol-declaracao-de-flavio-prado-e-recado-de-cleber-machado-as-ultimas-noticias-do-cruzeiro\/#primaryimage\"},\"thumbnailUrl\":\"https:\/\/www.gaveanews.com\/wp-content\/uploads\/Elenco-do-Cruzeiro-comemorando-um-gol.webp\",\"datePublished\":\"2025-01-30T22:15:00+00:00\",\"author\":{\"@id\":\"https:\/\/www.gaveanews.com\/#\/schema\/person\/8207cd4627f56151707418bfc835b2fb\"},\"breadcrumb\":{\"@id\":\"https:\/\/www.gaveanews.com\/index.php\/2025\/01\/30\/jorge-jesus-sobre-gabigol-declaracao-de-flavio-prado-e-recado-de-cleber-machado-as-ultimas-noticias-do-cruzeiro\/#breadcrumb\"},\"inLanguage\":\"pt-BR\",\"potentialAction\":[{\"@type\":\"ReadAction\",\"target\":[\"https:\/\/www.gaveanews.com\/index.php\/2025\/01\/30\/jorge-jesus-sobre-gabigol-declaracao-de-flavio-prado-e-recado-de-cleber-machado-as-ultimas-noticias-do-cruzeiro\/\"]}]},{\"@type\":\"ImageObject\",\"inLanguage\":\"pt-BR\",\"@id\":\"https:\/\/www.gaveanews.com\/index.php\/2025\/01\/30\/jorge-jesus-sobre-gabigol-declaracao-de-flavio-prado-e-recado-de-cleber-machado-as-ultimas-noticias-do-cruzeiro\/#primaryimage\",\"url\":\"https:\/\/www.gaveanews.com\/wp-content\/uploads\/Elenco-do-Cruzeiro-comemorando-um-gol.webp\",\"contentUrl\":\"https:\/\/www.gaveanews.com\/wp-content\/uploads\/Elenco-do-Cruzeiro-comemorando-um-gol.webp\",\"width\":999,\"height\":666,\"caption\":\"Elenco do Cruzeiro comemorando um gol (Foto Reprodu\u00e7\u00e3o\/Instagram)\"},{\"@type\":\"BreadcrumbList\",\"@id\":\"https:\/\/www.gaveanews.com\/index.php\/2025\/01\/30\/jorge-jesus-sobre-gabigol-declaracao-de-flavio-prado-e-recado-de-cleber-machado-as-ultimas-noticias-do-cruzeiro\/#breadcrumb\",\"itemListElement\":[{\"@type\":\"ListItem\",\"position\":1,\"name\":\"Home\",\"item\":\"https:\/\/www.gaveanews.com\/\"},{\"@type\":\"ListItem\",\"position\":2,\"name\":\"Jorge Jesus sobre Gabigol, declara\u00e7\u00e3o de Fl\u00e1vio Prado e recado de Cl\u00e9ber Machado: as \u00faltimas not\u00edcias do Cruzeiro\"}]},{\"@type\":\"WebSite\",\"@id\":\"https:\/\/www.gaveanews.com\/#website\",\"url\":\"https:\/\/www.gaveanews.com\/\",\"name\":\"G\u00e1vea News\",\"description\":\"Veja todas as not\u00edcias sobre o Flamengo: Contrata\u00e7\u00f5es, categorias de base, resultados das partidas, tabela de classifica\u00e7\u00e3o, pr\u00f3ximos jogos!\",\"potentialAction\":[{\"@type\":\"SearchAction\",\"target\":{\"@type\":\"EntryPoint\",\"urlTemplate\":\"https:\/\/www.gaveanews.com\/?s={search_term_string}\"},\"query-input\":{\"@type\":\"PropertyValueSpecification\",\"valueRequired\":true,\"valueName\":\"search_term_string\"}}],\"inLanguage\":\"pt-BR\"},{\"@type\":\"Person\",\"@id\":\"https:\/\/www.gaveanews.com\/#\/schema\/person\/8207cd4627f56151707418bfc835b2fb\",\"name\":\"Matheus Felipe\",\"image\":{\"@type\":\"ImageObject\",\"inLanguage\":\"pt-BR\",\"@id\":\"https:\/\/www.gaveanews.com\/#\/schema\/person\/image\/\",\"url\":\"https:\/\/secure.gravatar.com\/avatar\/a452ffbed9130f726358b298bb3a99ce4bd3c5338411f8440e87e14d74c7c087?s=96&d=mm&r=g\",\"contentUrl\":\"https:\/\/secure.gravatar.com\/avatar\/a452ffbed9130f726358b298bb3a99ce4bd3c5338411f8440e87e14d74c7c087?s=96&d=mm&r=g\",\"caption\":\"Matheus Felipe\"}}]}<\/script>\n<!-- \/ Yoast SEO Premium plugin. -->","yoast_head_json":{"title":"Jorge Jesus sobre Gabigol, declara\u00e7\u00e3o de Fl\u00e1vio Prado e recado de Cl\u00e9ber Machado: as \u00faltimas not\u00edcias do Cruzeiro","robots":{"index":"index","follow":"follow","max-snippet":"max-snippet:-1","max-image-preview":"max-image-preview:large","max-video-preview":"max-video-preview:-1"},"canonical":"https:\/\/www.gaveanews.com\/index.php\/2025\/01\/30\/jorge-jesus-sobre-gabigol-declaracao-de-flavio-prado-e-recado-de-cleber-machado-as-ultimas-noticias-do-cruzeiro\/","og_locale":"pt_BR","og_type":"article","og_title":"Jorge Jesus sobre Gabigol, declara\u00e7\u00e3o de Fl\u00e1vio Prado e recado de Cl\u00e9ber Machado: as \u00faltimas not\u00edcias do Cruzeiro","og_description":"Nas \u00faltimas horas, o foco das not\u00edcias sobre o Cruzeiro se concentram nos bastidores doclube, com destaques do dia a dia do time. Por conta deste contexto, leia abaixo um resumo preparado pela equipe do portal G\u00e1vea News para lhe manter muito bem informado! Recado de Cl\u00e9ber Machado Fernando Diniz n\u00e3o \u00e9 mais t\u00e9cnico do [&hellip;]","og_url":"https:\/\/www.gaveanews.com\/index.php\/2025\/01\/30\/jorge-jesus-sobre-gabigol-declaracao-de-flavio-prado-e-recado-de-cleber-machado-as-ultimas-noticias-do-cruzeiro\/","og_site_name":"G\u00e1vea News","article_publisher":"https:\/\/facebook.com\/gaveaNews\/","article_published_time":"2025-01-30T22:15:00+00:00","og_image":[{"width":999,"height":666,"url":"https:\/\/www.gaveanews.com\/wp-content\/uploads\/Elenco-do-Cruzeiro-comemorando-um-gol.webp","type":"image\/webp"}],"author":"Matheus Felipe","twitter_card":"summary_large_image","twitter_misc":{"Escrito por":"Matheus Felipe","Est. tempo de leitura":"5 minutos"},"schema":{"@context":"https:\/\/schema.org","@graph":[{"@type":"NewsArticle","@id":"https:\/\/www.gaveanews.com\/index.php\/2025\/01\/30\/jorge-jesus-sobre-gabigol-declaracao-de-flavio-prado-e-recado-de-cleber-machado-as-ultimas-noticias-do-cruzeiro\/#article","isPartOf":{"@id":"https:\/\/www.gaveanews.com\/index.php\/2025\/01\/30\/jorge-jesus-sobre-gabigol-declaracao-de-flavio-prado-e-recado-de-cleber-machado-as-ultimas-noticias-do-cruzeiro\/"},"author":{"name":"Matheus Felipe","@id":"https:\/\/www.gaveanews.com\/#\/schema\/person\/8207cd4627f56151707418bfc835b2fb"},"headline":"Jorge Jesus sobre Gabigol, declara\u00e7\u00e3o de Fl\u00e1vio Prado e recado de Cl\u00e9ber Machado: as \u00faltimas not\u00edcias do Cruzeiro","datePublished":"2025-01-30T22:15:00+00:00","mainEntityOfPage":{"@id":"https:\/\/www.gaveanews.com\/index.php\/2025\/01\/30\/jorge-jesus-sobre-gabigol-declaracao-de-flavio-prado-e-recado-de-cleber-machado-as-ultimas-noticias-do-cruzeiro\/"},"wordCount":766,"commentCount":0,"image":{"@id":"https:\/\/www.gaveanews.com\/index.php\/2025\/01\/30\/jorge-jesus-sobre-gabigol-declaracao-de-flavio-prado-e-recado-de-cleber-machado-as-ultimas-noticias-do-cruzeiro\/#primaryimage"},"thumbnailUrl":"https:\/\/www.gaveanews.com\/wp-content\/uploads\/Elenco-do-Cruzeiro-comemorando-um-gol.webp","articleSection":["Cruzeiro"],"inLanguage":"pt-BR","potentialAction":[{"@type":"CommentAction","name":"Comment","target":["https:\/\/www.gaveanews.com\/index.php\/2025\/01\/30\/jorge-jesus-sobre-gabigol-declaracao-de-flavio-prado-e-recado-de-cleber-machado-as-ultimas-noticias-do-cruzeiro\/#respond"]}],"copyrightYear":"2025","copyrightHolder":{"@id":"https:\/\/www.gaveanews.com\/#organization"}},{"@type":"WebPage","@id":"https:\/\/www.gaveanews.com\/index.php\/2025\/01\/30\/jorge-jesus-sobre-gabigol-declaracao-de-flavio-prado-e-recado-de-cleber-machado-as-ultimas-noticias-do-cruzeiro\/","url":"https:\/\/www.gaveanews.com\/index.php\/2025\/01\/30\/jorge-jesus-sobre-gabigol-declaracao-de-flavio-prado-e-recado-de-cleber-machado-as-ultimas-noticias-do-cruzeiro\/","name":"Jorge Jesus sobre Gabigol, declara\u00e7\u00e3o de Fl\u00e1vio Prado e recado de Cl\u00e9ber Machado: as \u00faltimas not\u00edcias do Cruzeiro","isPartOf":{"@id":"https:\/\/www.gaveanews.com\/#website"},"primaryImageOfPage":{"@id":"https:\/\/www.gaveanews.com\/index.php\/2025\/01\/30\/jorge-jesus-sobre-gabigol-declaracao-de-flavio-prado-e-recado-de-cleber-machado-as-ultimas-noticias-do-cruzeiro\/#primaryimage"},"image":{"@id":"https:\/\/www.gaveanews.com\/index.php\/2025\/01\/30\/jorge-jesus-sobre-gabigol-declaracao-de-flavio-prado-e-recado-de-cleber-machado-as-ultimas-noticias-do-cruzeiro\/#primaryimage"},"thumbnailUrl":"https:\/\/www.gaveanews.com\/wp-content\/uploads\/Elenco-do-Cruzeiro-comemorando-um-gol.webp","datePublished":"2025-01-30T22:15:00+00:00","author":{"@id":"https:\/\/www.gaveanews.com\/#\/schema\/person\/8207cd4627f56151707418bfc835b2fb"},"breadcrumb":{"@id":"https:\/\/www.gaveanews.com\/index.php\/2025\/01\/30\/jorge-jesus-sobre-gabigol-declaracao-de-flavio-prado-e-recado-de-cleber-machado-as-ultimas-noticias-do-cruzeiro\/#breadcrumb"},"inLanguage":"pt-BR","potentialAction":[{"@type":"ReadAction","target":["https:\/\/www.gaveanews.com\/index.php\/2025\/01\/30\/jorge-jesus-sobre-gabigol-declaracao-de-flavio-prado-e-recado-de-cleber-machado-as-ultimas-noticias-do-cruzeiro\/"]}]},{"@type":"ImageObject","inLanguage":"pt-BR","@id":"https:\/\/www.gaveanews.com\/index.php\/2025\/01\/30\/jorge-jesus-sobre-gabigol-declaracao-de-flavio-prado-e-recado-de-cleber-machado-as-ultimas-noticias-do-cruzeiro\/#primaryimage","url":"https:\/\/www.gaveanews.com\/wp-content\/uploads\/Elenco-do-Cruzeiro-comemorando-um-gol.webp","contentUrl":"https:\/\/www.gaveanews.com\/wp-content\/uploads\/Elenco-do-Cruzeiro-comemorando-um-gol.webp","width":999,"height":666,"caption":"Elenco do Cruzeiro comemorando um gol (Foto Reprodu\u00e7\u00e3o\/Instagram)"},{"@type":"BreadcrumbList","@id":"https:\/\/www.gaveanews.com\/index.php\/2025\/01\/30\/jorge-jesus-sobre-gabigol-declaracao-de-flavio-prado-e-recado-de-cleber-machado-as-ultimas-noticias-do-cruzeiro\/#breadcrumb","itemListElement":[{"@type":"ListItem","position":1,"name":"Home","item":"https:\/\/www.gaveanews.com\/"},{"@type":"ListItem","position":2,"name":"Jorge Jesus sobre Gabigol, declara\u00e7\u00e3o de Fl\u00e1vio Prado e recado de Cl\u00e9ber Machado: as \u00faltimas not\u00edcias do Cruzeiro"}]},{"@type":"WebSite","@id":"https:\/\/www.gaveanews.com\/#website","url":"https:\/\/www.gaveanews.com\/","name":"G\u00e1vea News","description":"Veja todas as not\u00edcias sobre o Flamengo: Contrata\u00e7\u00f5es, categorias de base, resultados das partidas, tabela de classifica\u00e7\u00e3o, pr\u00f3ximos jogos!","potentialAction":[{"@type":"SearchAction","target":{"@type":"EntryPoint","urlTemplate":"https:\/\/www.gaveanews.com\/?s={search_term_string}"},"query-input":{"@type":"PropertyValueSpecification","valueRequired":true,"valueName":"search_term_string"}}],"inLanguage":"pt-BR"},{"@type":"Person","@id":"https:\/\/www.gaveanews.com\/#\/schema\/person\/8207cd4627f56151707418bfc835b2fb","name":"Matheus Felipe","image":{"@type":"ImageObject","inLanguage":"pt-BR","@id":"https:\/\/www.gaveanews.com\/#\/schema\/person\/image\/","url":"https:\/\/secure.gravatar.com\/avatar\/a452ffbed9130f726358b298bb3a99ce4bd3c5338411f8440e87e14d74c7c087?s=96&d=mm&r=g","contentUrl":"https:\/\/secure.gravatar.com\/avatar\/a452ffbed9130f726358b298bb3a99ce4bd3c5338411f8440e87e14d74c7c087?s=96&d=mm&r=g","caption":"Matheus Felipe"}}]}},"_links":{"self":[{"href":"https:\/\/www.gaveanews.com\/index.php\/wp-json\/wp\/v2\/posts\/220818","targetHints":{"allow":["GET"]}}],"collection":[{"href":"https:\/\/www.gaveanews.com\/index.php\/wp-json\/wp\/v2\/posts"}],"about":[{"href":"https:\/\/www.gaveanews.com\/index.php\/wp-json\/wp\/v2\/types\/post"}],"author":[{"embeddable":true,"href":"https:\/\/www.gaveanews.com\/index.php\/wp-json\/wp\/v2\/users\/27"}],"replies":[{"embeddable":true,"href":"https:\/\/www.gaveanews.com\/index.php\/wp-json\/wp\/v2\/comments?post=220818"}],"version-history":[{"count":1,"href":"https:\/\/www.gaveanews.com\/index.php\/wp-json\/wp\/v2\/posts\/220818\/revisions"}],"predecessor-version":[{"id":220821,"href":"https:\/\/www.gaveanews.com\/index.php\/wp-json\/wp\/v2\/posts\/220818\/revisions\/220821"}],"wp:featuredmedia":[{"embeddable":true,"href":"https:\/\/www.gaveanews.com\/index.php\/wp-json\/wp\/v2\/media\/143443"}],"wp:attachment":[{"href":"https:\/\/www.gaveanews.com\/index.php\/wp-json\/wp\/v2\/media?parent=220818"}],"wp:term":[{"taxonomy":"category","embeddable":true,"href":"https:\/\/www.gaveanews.com\/index.php\/wp-json\/wp\/v2\/categories?post=220818"},{"taxonomy":"post_tag","embeddable":true,"href":"https:\/\/www.gaveanews.com\/index.php\/wp-json\/wp\/v2\/tags?post=220818"}],"curies":[{"name":"wp","href":"https:\/\/api.w.org\/{rel}","templated":true}]}}