{"id":220978,"date":"2025-01-31T04:40:00","date_gmt":"2025-01-31T07:40:00","guid":{"rendered":"https:\/\/www.gaveanews.com\/?p=220978"},"modified":"2025-01-31T01:03:10","modified_gmt":"2025-01-31T04:03:10","slug":"ex-jogador-no-rival-declaracao-de-carille-e-recado-para-torcida-as-ultimas-noticias-do-vasco","status":"publish","type":"post","link":"https:\/\/www.gaveanews.com\/index.php\/2025\/01\/31\/ex-jogador-no-rival-declaracao-de-carille-e-recado-para-torcida-as-ultimas-noticias-do-vasco\/","title":{"rendered":"Ex-jogador no rival, declara\u00e7\u00e3o de Carille e recado para torcida: as \u00faltimas not\u00edcias do Vasco"},"content":{"rendered":"\n<p>Nas \u00faltimas horas, o foco das not\u00edcias sobre o Vasco se concentram nos bastidores do<br>clube, com destaques do dia a dia do time.<\/p>\n\n\n\n<p>Por conta deste contexto, leia abaixo um resumo preparado pela equipe do portal G\u00e1vea News para lhe manter muito bem informado!<\/p>\n\n\n\n<h2 class=\"wp-block-heading\" id=\"h-recado-para-torcida\">Recado para torcida<\/h2>\n\n\n\n<p>O meia su\u00ed\u00e7o Maxime Dom\u00ednguez, contratado pelo Vasco da Gama em 2024, expressou sua admira\u00e7\u00e3o pelo futebol brasileiro e pela torcida vasca\u00edna. Em entrevista, o jogador destacou a intensidade dos treinamentos no Brasil, que diferem do que vivenciou na Europa, onde os ritmos variam mais entre os dias. Para ele, essa caracter\u00edstica reflete a paix\u00e3o dos brasileiros pelo esporte e a dedica\u00e7\u00e3o dos atletas <strong><a href=\"https:\/\/www.gaveanews.com\/index.php\/2025\/01\/28\/maxime-e-sincero-ao-falar-sobre-torcida-do-vasco\/\">(leia a mat\u00e9ria completa).<\/a><\/strong><\/p>\n\n\n\n<figure class=\"wp-block-image size-full\"><img loading=\"lazy\" decoding=\"async\" width=\"984\" height=\"653\" src=\"http:\/\/www.gaveanews.com\/wp-content\/uploads\/Maxime-Dominguez-durante-apresentacao-ao-Vasco-no-CT-Moacyr-Barbosa.webp\" alt=\"\" class=\"wp-image-165451\" srcset=\"https:\/\/www.gaveanews.com\/wp-content\/uploads\/Maxime-Dominguez-durante-apresentacao-ao-Vasco-no-CT-Moacyr-Barbosa.webp 984w, https:\/\/www.gaveanews.com\/wp-content\/uploads\/Maxime-Dominguez-durante-apresentacao-ao-Vasco-no-CT-Moacyr-Barbosa-300x199.webp 300w, https:\/\/www.gaveanews.com\/wp-content\/uploads\/Maxime-Dominguez-durante-apresentacao-ao-Vasco-no-CT-Moacyr-Barbosa-768x510.webp 768w, https:\/\/www.gaveanews.com\/wp-content\/uploads\/Maxime-Dominguez-durante-apresentacao-ao-Vasco-no-CT-Moacyr-Barbosa-633x420.webp 633w, https:\/\/www.gaveanews.com\/wp-content\/uploads\/Maxime-Dominguez-durante-apresentacao-ao-Vasco-no-CT-Moacyr-Barbosa-640x425.webp 640w, https:\/\/www.gaveanews.com\/wp-content\/uploads\/Maxime-Dominguez-durante-apresentacao-ao-Vasco-no-CT-Moacyr-Barbosa-681x452.webp 681w, https:\/\/www.gaveanews.com\/wp-content\/uploads\/Maxime-Dominguez-durante-apresentacao-ao-Vasco-no-CT-Moacyr-Barbosa-100x66.webp 100w\" sizes=\"auto, (max-width: 984px) 100vw, 984px\" \/><figcaption class=\"wp-element-caption\">Maxime Dominguez durante apresenta\u00e7\u00e3o ao Vasco, no CT Moacyr Barbosa (Foto: Matheus Lima\/Vasco)<\/figcaption><\/figure>\n\n\n\n<p>Dom\u00ednguez, que j\u00e1 passou por clubes na Su\u00ed\u00e7a, Pol\u00f4nia e Portugal, afirmou que sua experi\u00eancia no Vasco tem sido \u00fanica, especialmente pela recep\u00e7\u00e3o calorosa da torcida. <\/p>\n\n\n\n<p>Ele relatou que constantemente \u00e9 abordado para fotos e aut\u00f3grafos, algo incomum em sua trajet\u00f3ria na Europa, onde os jogadores n\u00e3o s\u00e3o t\u00e3o assediados. O su\u00ed\u00e7o se disse impressionado com a grandeza do clube e o carinho dos torcedores.<\/p>\n\n\n\n<p>Desde sua chegada, Maxime j\u00e1 marcou um gol no Campeonato Brasileiro e deu uma assist\u00eancia na goleada sobre a Portuguesa-RJ pelo Carioca. Apesar do curto per\u00edodo no Brasil, ele afirmou que a experi\u00eancia tem superado suas expectativas, permitindo-lhe viver uma nova dimens\u00e3o no futebol e entender o que significa ser um jogador profissional em um clube de massa.<\/p>\n\n\n\n<h2 class=\"wp-block-heading\" id=\"h-declaracao-de-carille\">Declara\u00e7\u00e3o de Carille<\/h2>\n\n\n\n<p>O Vasco venceu o Maric\u00e1 por 1 a 0 em S\u00e3o Janu\u00e1rio, conquistando sua terceira vit\u00f3ria consecutiva no Campeonato Carioca. O t\u00e9cnico F\u00e1bio Carille destacou a competitividade do elenco e a disputa aberta por posi\u00e7\u00f5es, especialmente no meio-campo. Ele elogiou o desempenho de Hugo Moura e ressaltou que a concorr\u00eancia por vagas na equipe titular mant\u00e9m o n\u00edvel de rendimento elevado entre os jogadores<strong><a href=\"https:\/\/www.gaveanews.com\/index.php\/2025\/01\/30\/carille-e-sincero-sobre-briga-por-titularidade-no-vasco\/\"> (leia a mat\u00e9ria completa).<\/a><\/strong><\/p>\n\n\n\n<figure class=\"wp-block-image size-full\"><img loading=\"lazy\" decoding=\"async\" width=\"1501\" height=\"1000\" src=\"http:\/\/www.gaveanews.com\/wp-content\/uploads\/Carille-apresentado-pelo-Vasco.webp\" alt=\"Carille apresentado pelo Vasco\" class=\"wp-image-220356\"\/><figcaption class=\"wp-element-caption\">Carille apresentado pelo Vasco (Foto: Divulga\u00e7\u00e3o)<\/figcaption><\/figure>\n\n\n\n<p>Carille tamb\u00e9m enfatizou a solidez defensiva do Vasco e justificou a op\u00e7\u00e3o por uma escala\u00e7\u00e3o alternativa, com apenas dois titulares, Vegetti e L\u00e9o Jardim. A decis\u00e3o foi baseada em avalia\u00e7\u00f5es do departamento m\u00e9dico para evitar desgastes e prevenir les\u00f5es ao longo da temporada. Atletas como Jair, Paulinho e Philippe Coutinho est\u00e3o sendo monitorados para garantir que tenham condi\u00e7\u00f5es f\u00edsicas ideais nos momentos decisivos do torneio.<\/p>\n\n\n\n<p>O treinador ainda destacou a participa\u00e7\u00e3o de Payet, que atuou durante os 90 minutos e demonstrou intelig\u00eancia t\u00e1tica. No entanto, sua presen\u00e7a na pr\u00f3xima partida contra o Volta Redonda ser\u00e1 avaliada com cautela, considerando a sequ\u00eancia de jogos. Carille refor\u00e7ou que a prioridade \u00e9 manter o elenco equilibrado e pronto para as fases mais importantes do campeonato.<\/p>\n\n\n\n<h2 class=\"wp-block-heading\" id=\"h-ex-jogador-no-rival\">Ex-jogador no rival<\/h2>\n\n\n\n<p>O Botafogo est\u00e1 negociando a contrata\u00e7\u00e3o do atacante Rwan Cruz, do Ludogorets, para refor\u00e7ar seu elenco na temporada de 2025. O jogador, que j\u00e1 passou pelo Vasco antes de se transferir para o futebol europeu, \u00e9 visto como uma op\u00e7\u00e3o para suprir a sa\u00edda de Tiquinho Soares, que recentemente acertou com o Santos. As negocia\u00e7\u00f5es est\u00e3o avan\u00e7adas, e o contrato pode ter dura\u00e7\u00e3o de quatro anos (leia a mat\u00e9ria completa).<\/p>\n\n\n\n<blockquote class=\"instagram-media\" data-instgrm-permalink=\"https:\/\/www.instagram.com\/p\/CfQDTczOzn4\/?utm_source=ig_embed&amp;utm_campaign=loading\" data-instgrm-version=\"14\" style=\" background:#FFF; border:0; border-radius:3px; box-shadow:0 0 1px 0 rgba(0,0,0,0.5),0 1px 10px 0 rgba(0,0,0,0.15); margin: 1px; max-width:540px; min-width:326px; padding:0; width:99.375%; width:-webkit-calc(100% - 2px); width:calc(100% - 2px);\"><div style=\"padding:16px;\"> <a href=\"https:\/\/www.instagram.com\/p\/CfQDTczOzn4\/?utm_source=ig_embed&amp;utm_campaign=loading\" style=\" background:#FFFFFF; line-height:0; padding:0 0; text-align:center; text-decoration:none; width:100%;\" target=\"_blank\"> <div style=\" display: flex; flex-direction: row; align-items: center;\"> <div style=\"background-color: #F4F4F4; border-radius: 50%; flex-grow: 0; height: 40px; margin-right: 14px; width: 40px;\"><\/div> <div style=\"display: flex; flex-direction: column; flex-grow: 1; justify-content: center;\"> <div style=\" background-color: #F4F4F4; border-radius: 4px; flex-grow: 0; height: 14px; margin-bottom: 6px; width: 100px;\"><\/div> <div style=\" background-color: #F4F4F4; border-radius: 4px; flex-grow: 0; height: 14px; width: 60px;\"><\/div><\/div><\/div><div style=\"padding: 19% 0;\"><\/div> <div style=\"display:block; height:50px; margin:0 auto 12px; width:50px;\"><svg width=\"50px\" height=\"50px\" viewBox=\"0 0 60 60\" version=\"1.1\" xmlns=\"https:\/\/www.w3.org\/2000\/svg\" xmlns:xlink=\"https:\/\/www.w3.org\/1999\/xlink\"><g stroke=\"none\" stroke-width=\"1\" fill=\"none\" fill-rule=\"evenodd\"><g transform=\"translate(-511.000000, -20.000000)\" fill=\"#000000\"><g><path d=\"M556.869,30.41 C554.814,30.41 553.148,32.076 553.148,34.131 C553.148,36.186 554.814,37.852 556.869,37.852 C558.924,37.852 560.59,36.186 560.59,34.131 C560.59,32.076 558.924,30.41 556.869,30.41 M541,60.657 C535.114,60.657 530.342,55.887 530.342,50 C530.342,44.114 535.114,39.342 541,39.342 C546.887,39.342 551.658,44.114 551.658,50 C551.658,55.887 546.887,60.657 541,60.657 M541,33.886 C532.1,33.886 524.886,41.1 524.886,50 C524.886,58.899 532.1,66.113 541,66.113 C549.9,66.113 557.115,58.899 557.115,50 C557.115,41.1 549.9,33.886 541,33.886 M565.378,62.101 C565.244,65.022 564.756,66.606 564.346,67.663 C563.803,69.06 563.154,70.057 562.106,71.106 C561.058,72.155 560.06,72.803 558.662,73.347 C557.607,73.757 556.021,74.244 553.102,74.378 C549.944,74.521 548.997,74.552 541,74.552 C533.003,74.552 532.056,74.521 528.898,74.378 C525.979,74.244 524.393,73.757 523.338,73.347 C521.94,72.803 520.942,72.155 519.894,71.106 C518.846,70.057 518.197,69.06 517.654,67.663 C517.244,66.606 516.755,65.022 516.623,62.101 C516.479,58.943 516.448,57.996 516.448,50 C516.448,42.003 516.479,41.056 516.623,37.899 C516.755,34.978 517.244,33.391 517.654,32.338 C518.197,30.938 518.846,29.942 519.894,28.894 C520.942,27.846 521.94,27.196 523.338,26.654 C524.393,26.244 525.979,25.756 528.898,25.623 C532.057,25.479 533.004,25.448 541,25.448 C548.997,25.448 549.943,25.479 553.102,25.623 C556.021,25.756 557.607,26.244 558.662,26.654 C560.06,27.196 561.058,27.846 562.106,28.894 C563.154,29.942 563.803,30.938 564.346,32.338 C564.756,33.391 565.244,34.978 565.378,37.899 C565.522,41.056 565.552,42.003 565.552,50 C565.552,57.996 565.522,58.943 565.378,62.101 M570.82,37.631 C570.674,34.438 570.167,32.258 569.425,30.349 C568.659,28.377 567.633,26.702 565.965,25.035 C564.297,23.368 562.623,22.342 560.652,21.575 C558.743,20.834 556.562,20.326 553.369,20.18 C550.169,20.033 549.148,20 541,20 C532.853,20 531.831,20.033 528.631,20.18 C525.438,20.326 523.257,20.834 521.349,21.575 C519.376,22.342 517.703,23.368 516.035,25.035 C514.368,26.702 513.342,28.377 512.574,30.349 C511.834,32.258 511.326,34.438 511.181,37.631 C511.035,40.831 511,41.851 511,50 C511,58.147 511.035,59.17 511.181,62.369 C511.326,65.562 511.834,67.743 512.574,69.651 C513.342,71.625 514.368,73.296 516.035,74.965 C517.703,76.634 519.376,77.658 521.349,78.425 C523.257,79.167 525.438,79.673 528.631,79.82 C531.831,79.965 532.853,80.001 541,80.001 C549.148,80.001 550.169,79.965 553.369,79.82 C556.562,79.673 558.743,79.167 560.652,78.425 C562.623,77.658 564.297,76.634 565.965,74.965 C567.633,73.296 568.659,71.625 569.425,69.651 C570.167,67.743 570.674,65.562 570.82,62.369 C570.966,59.17 571,58.147 571,50 C571,41.851 570.966,40.831 570.82,37.631\"><\/path><\/g><\/g><\/g><\/svg><\/div><div style=\"padding-top: 8px;\"> <div style=\" color:#3897f0; font-family:Arial,sans-serif; font-size:14px; font-style:normal; font-weight:550; line-height:18px;\">Ver essa foto no Instagram<\/div><\/div><div style=\"padding: 12.5% 0;\"><\/div> <div style=\"display: flex; flex-direction: row; margin-bottom: 14px; align-items: center;\"><div> <div style=\"background-color: #F4F4F4; border-radius: 50%; height: 12.5px; width: 12.5px; transform: translateX(0px) translateY(7px);\"><\/div> <div style=\"background-color: #F4F4F4; height: 12.5px; transform: rotate(-45deg) translateX(3px) translateY(1px); width: 12.5px; flex-grow: 0; margin-right: 14px; margin-left: 2px;\"><\/div> <div style=\"background-color: #F4F4F4; border-radius: 50%; height: 12.5px; width: 12.5px; transform: translateX(9px) translateY(-18px);\"><\/div><\/div><div style=\"margin-left: 8px;\"> <div style=\" background-color: #F4F4F4; border-radius: 50%; flex-grow: 0; height: 20px; width: 20px;\"><\/div> <div style=\" width: 0; height: 0; border-top: 2px solid transparent; border-left: 6px solid #f4f4f4; border-bottom: 2px solid transparent; transform: translateX(16px) translateY(-4px) rotate(30deg)\"><\/div><\/div><div style=\"margin-left: auto;\"> <div style=\" width: 0px; border-top: 8px solid #F4F4F4; border-right: 8px solid transparent; transform: translateY(16px);\"><\/div> <div style=\" background-color: #F4F4F4; flex-grow: 0; height: 12px; width: 16px; transform: translateY(-4px);\"><\/div> <div style=\" width: 0; height: 0; border-top: 8px solid #F4F4F4; border-left: 8px solid transparent; transform: translateY(-4px) translateX(8px);\"><\/div><\/div><\/div> <div style=\"display: flex; flex-direction: column; flex-grow: 1; justify-content: center; margin-bottom: 24px;\"> <div style=\" background-color: #F4F4F4; border-radius: 4px; flex-grow: 0; height: 14px; margin-bottom: 6px; width: 224px;\"><\/div> <div style=\" background-color: #F4F4F4; border-radius: 4px; flex-grow: 0; height: 14px; width: 144px;\"><\/div><\/div><\/a><p style=\" color:#c9c8cd; font-family:Arial,sans-serif; font-size:14px; line-height:17px; margin-bottom:0; margin-top:8px; overflow:hidden; padding:8px 0 7px; text-align:center; text-overflow:ellipsis; white-space:nowrap;\"><a href=\"https:\/\/www.instagram.com\/p\/CfQDTczOzn4\/?utm_source=ig_embed&amp;utm_campaign=loading\" style=\" color:#c9c8cd; font-family:Arial,sans-serif; font-size:14px; font-style:normal; font-weight:normal; line-height:17px; text-decoration:none;\" target=\"_blank\">Uma publica\u00e7\u00e3o compartilhada por Rwan (@rwancruz)<\/a><\/p><\/div><\/blockquote>\n<script async src=\"\/\/www.instagram.com\/embed.js\"><\/script>\n\n\n\n<p>Rwan Cruz se destacou no Ludogorets, onde se tornou um dos dez maiores artilheiros da hist\u00f3ria do clube b\u00falgaro, ajudando na conquista da Liga Nacional e da Superta\u00e7a da Bulg\u00e1ria. Atualmente, ele treina na Fran\u00e7a para o confronto contra o Lyon pela Liga Europa, mas sua chegada ao Rio de Janeiro est\u00e1 prevista para esta semana.<\/p>\n\n\n\n<p>Al\u00e9m de Rwan, o Botafogo j\u00e1 fechou com cinco refor\u00e7os para 2025, incluindo Artur, L\u00e9o Linck, Jair, David Ricardo e Wendel. O clube ainda busca mais tr\u00eas contrata\u00e7\u00f5es, com prioridade para um centroavante e um jogador de lado de campo. Bitello, do D\u00ednamo Moscou, e Arthur Cabral, do Benfica, est\u00e3o entre os nomes cogitados, mas as negocia\u00e7\u00f5es seguem em andamento.<\/p>\n","protected":false},"excerpt":{"rendered":"<p>Nas \u00faltimas horas, o foco das not\u00edcias sobre o Vasco se concentram nos bastidores doclube, com destaques do dia a dia do time. Por conta deste contexto, leia abaixo um resumo preparado pela equipe do portal G\u00e1vea News para lhe manter muito bem informado! Recado para torcida O meia su\u00ed\u00e7o Maxime Dom\u00ednguez, contratado pelo Vasco [&hellip;]<\/p>\n","protected":false},"author":27,"featured_media":161261,"comment_status":"open","ping_status":"closed","sticky":false,"template":"","format":"standard","meta":{"footnotes":""},"categories":[152],"tags":[],"class_list":["post-220978","post","type-post","status-publish","format-standard","has-post-thumbnail","hentry","category-vasco"],"yoast_head":"<!-- This site is optimized with the Yoast SEO Premium plugin v24.2 (Yoast SEO v26.9) - https:\/\/yoast.com\/product\/yoast-seo-premium-wordpress\/ -->\n<title>Ex-jogador no rival, declara\u00e7\u00e3o de Carille e recado para torcida: as \u00faltimas not\u00edcias do Vasco<\/title>\n<meta name=\"robots\" content=\"index, follow, max-snippet:-1, max-image-preview:large, max-video-preview:-1\" \/>\n<link rel=\"canonical\" href=\"https:\/\/www.gaveanews.com\/index.php\/2025\/01\/31\/ex-jogador-no-rival-declaracao-de-carille-e-recado-para-torcida-as-ultimas-noticias-do-vasco\/\" \/>\n<meta property=\"og:locale\" content=\"pt_BR\" \/>\n<meta property=\"og:type\" content=\"article\" \/>\n<meta property=\"og:title\" content=\"Ex-jogador no rival, declara\u00e7\u00e3o de Carille e recado para torcida: as \u00faltimas not\u00edcias do Vasco\" \/>\n<meta property=\"og:description\" content=\"Nas \u00faltimas horas, o foco das not\u00edcias sobre o Vasco se concentram nos bastidores doclube, com destaques do dia a dia do time. Por conta deste contexto, leia abaixo um resumo preparado pela equipe do portal G\u00e1vea News para lhe manter muito bem informado! Recado para torcida O meia su\u00ed\u00e7o Maxime Dom\u00ednguez, contratado pelo Vasco [&hellip;]\" \/>\n<meta property=\"og:url\" content=\"https:\/\/www.gaveanews.com\/index.php\/2025\/01\/31\/ex-jogador-no-rival-declaracao-de-carille-e-recado-para-torcida-as-ultimas-noticias-do-vasco\/\" \/>\n<meta property=\"og:site_name\" content=\"G\u00e1vea News\" \/>\n<meta property=\"article:publisher\" content=\"https:\/\/facebook.com\/gaveaNews\/\" \/>\n<meta property=\"article:published_time\" content=\"2025-01-31T07:40:00+00:00\" \/>\n<meta property=\"og:image\" content=\"https:\/\/www.gaveanews.com\/wp-content\/uploads\/Camisa-do-Vasco-2024.webp\" \/>\n\t<meta property=\"og:image:width\" content=\"1059\" \/>\n\t<meta property=\"og:image:height\" content=\"794\" \/>\n\t<meta property=\"og:image:type\" content=\"image\/webp\" \/>\n<meta name=\"author\" content=\"Matheus Felipe\" \/>\n<meta name=\"twitter:card\" content=\"summary_large_image\" \/>\n<meta name=\"twitter:label1\" content=\"Escrito por\" \/>\n\t<meta name=\"twitter:data1\" content=\"Matheus Felipe\" \/>\n\t<meta name=\"twitter:label2\" content=\"Est. tempo de leitura\" \/>\n\t<meta name=\"twitter:data2\" content=\"5 minutos\" \/>\n<script type=\"application\/ld+json\" class=\"yoast-schema-graph\">{\"@context\":\"https:\/\/schema.org\",\"@graph\":[{\"@type\":\"NewsArticle\",\"@id\":\"https:\/\/www.gaveanews.com\/index.php\/2025\/01\/31\/ex-jogador-no-rival-declaracao-de-carille-e-recado-para-torcida-as-ultimas-noticias-do-vasco\/#article\",\"isPartOf\":{\"@id\":\"https:\/\/www.gaveanews.com\/index.php\/2025\/01\/31\/ex-jogador-no-rival-declaracao-de-carille-e-recado-para-torcida-as-ultimas-noticias-do-vasco\/\"},\"author\":{\"name\":\"Matheus Felipe\",\"@id\":\"https:\/\/www.gaveanews.com\/#\/schema\/person\/8207cd4627f56151707418bfc835b2fb\"},\"headline\":\"Ex-jogador no rival, declara\u00e7\u00e3o de Carille e recado para torcida: as \u00faltimas not\u00edcias do Vasco\",\"datePublished\":\"2025-01-31T07:40:00+00:00\",\"mainEntityOfPage\":{\"@id\":\"https:\/\/www.gaveanews.com\/index.php\/2025\/01\/31\/ex-jogador-no-rival-declaracao-de-carille-e-recado-para-torcida-as-ultimas-noticias-do-vasco\/\"},\"wordCount\":738,\"commentCount\":0,\"image\":{\"@id\":\"https:\/\/www.gaveanews.com\/index.php\/2025\/01\/31\/ex-jogador-no-rival-declaracao-de-carille-e-recado-para-torcida-as-ultimas-noticias-do-vasco\/#primaryimage\"},\"thumbnailUrl\":\"https:\/\/www.gaveanews.com\/wp-content\/uploads\/Camisa-do-Vasco-2024.webp\",\"articleSection\":[\"Vasco\"],\"inLanguage\":\"pt-BR\",\"potentialAction\":[{\"@type\":\"CommentAction\",\"name\":\"Comment\",\"target\":[\"https:\/\/www.gaveanews.com\/index.php\/2025\/01\/31\/ex-jogador-no-rival-declaracao-de-carille-e-recado-para-torcida-as-ultimas-noticias-do-vasco\/#respond\"]}],\"copyrightYear\":\"2025\",\"copyrightHolder\":{\"@id\":\"https:\/\/www.gaveanews.com\/#organization\"}},{\"@type\":\"WebPage\",\"@id\":\"https:\/\/www.gaveanews.com\/index.php\/2025\/01\/31\/ex-jogador-no-rival-declaracao-de-carille-e-recado-para-torcida-as-ultimas-noticias-do-vasco\/\",\"url\":\"https:\/\/www.gaveanews.com\/index.php\/2025\/01\/31\/ex-jogador-no-rival-declaracao-de-carille-e-recado-para-torcida-as-ultimas-noticias-do-vasco\/\",\"name\":\"Ex-jogador no rival, declara\u00e7\u00e3o de Carille e recado para torcida: as \u00faltimas not\u00edcias do Vasco\",\"isPartOf\":{\"@id\":\"https:\/\/www.gaveanews.com\/#website\"},\"primaryImageOfPage\":{\"@id\":\"https:\/\/www.gaveanews.com\/index.php\/2025\/01\/31\/ex-jogador-no-rival-declaracao-de-carille-e-recado-para-torcida-as-ultimas-noticias-do-vasco\/#primaryimage\"},\"image\":{\"@id\":\"https:\/\/www.gaveanews.com\/index.php\/2025\/01\/31\/ex-jogador-no-rival-declaracao-de-carille-e-recado-para-torcida-as-ultimas-noticias-do-vasco\/#primaryimage\"},\"thumbnailUrl\":\"https:\/\/www.gaveanews.com\/wp-content\/uploads\/Camisa-do-Vasco-2024.webp\",\"datePublished\":\"2025-01-31T07:40:00+00:00\",\"author\":{\"@id\":\"https:\/\/www.gaveanews.com\/#\/schema\/person\/8207cd4627f56151707418bfc835b2fb\"},\"breadcrumb\":{\"@id\":\"https:\/\/www.gaveanews.com\/index.php\/2025\/01\/31\/ex-jogador-no-rival-declaracao-de-carille-e-recado-para-torcida-as-ultimas-noticias-do-vasco\/#breadcrumb\"},\"inLanguage\":\"pt-BR\",\"potentialAction\":[{\"@type\":\"ReadAction\",\"target\":[\"https:\/\/www.gaveanews.com\/index.php\/2025\/01\/31\/ex-jogador-no-rival-declaracao-de-carille-e-recado-para-torcida-as-ultimas-noticias-do-vasco\/\"]}]},{\"@type\":\"ImageObject\",\"inLanguage\":\"pt-BR\",\"@id\":\"https:\/\/www.gaveanews.com\/index.php\/2025\/01\/31\/ex-jogador-no-rival-declaracao-de-carille-e-recado-para-torcida-as-ultimas-noticias-do-vasco\/#primaryimage\",\"url\":\"https:\/\/www.gaveanews.com\/wp-content\/uploads\/Camisa-do-Vasco-2024.webp\",\"contentUrl\":\"https:\/\/www.gaveanews.com\/wp-content\/uploads\/Camisa-do-Vasco-2024.webp\",\"width\":1059,\"height\":794,\"caption\":\"Camisa do Vasco 2024 (Foto: Reprodu\u00e7\u00e3o\/Instagram)\"},{\"@type\":\"BreadcrumbList\",\"@id\":\"https:\/\/www.gaveanews.com\/index.php\/2025\/01\/31\/ex-jogador-no-rival-declaracao-de-carille-e-recado-para-torcida-as-ultimas-noticias-do-vasco\/#breadcrumb\",\"itemListElement\":[{\"@type\":\"ListItem\",\"position\":1,\"name\":\"Home\",\"item\":\"https:\/\/www.gaveanews.com\/\"},{\"@type\":\"ListItem\",\"position\":2,\"name\":\"Ex-jogador no rival, declara\u00e7\u00e3o de Carille e recado para torcida: as \u00faltimas not\u00edcias do Vasco\"}]},{\"@type\":\"WebSite\",\"@id\":\"https:\/\/www.gaveanews.com\/#website\",\"url\":\"https:\/\/www.gaveanews.com\/\",\"name\":\"G\u00e1vea News\",\"description\":\"Veja todas as not\u00edcias sobre o Flamengo: Contrata\u00e7\u00f5es, categorias de base, resultados das partidas, tabela de classifica\u00e7\u00e3o, pr\u00f3ximos jogos!\",\"potentialAction\":[{\"@type\":\"SearchAction\",\"target\":{\"@type\":\"EntryPoint\",\"urlTemplate\":\"https:\/\/www.gaveanews.com\/?s={search_term_string}\"},\"query-input\":{\"@type\":\"PropertyValueSpecification\",\"valueRequired\":true,\"valueName\":\"search_term_string\"}}],\"inLanguage\":\"pt-BR\"},{\"@type\":\"Person\",\"@id\":\"https:\/\/www.gaveanews.com\/#\/schema\/person\/8207cd4627f56151707418bfc835b2fb\",\"name\":\"Matheus Felipe\",\"image\":{\"@type\":\"ImageObject\",\"inLanguage\":\"pt-BR\",\"@id\":\"https:\/\/www.gaveanews.com\/#\/schema\/person\/image\/\",\"url\":\"https:\/\/secure.gravatar.com\/avatar\/a452ffbed9130f726358b298bb3a99ce4bd3c5338411f8440e87e14d74c7c087?s=96&d=mm&r=g\",\"contentUrl\":\"https:\/\/secure.gravatar.com\/avatar\/a452ffbed9130f726358b298bb3a99ce4bd3c5338411f8440e87e14d74c7c087?s=96&d=mm&r=g\",\"caption\":\"Matheus Felipe\"}}]}<\/script>\n<!-- \/ Yoast SEO Premium plugin. -->","yoast_head_json":{"title":"Ex-jogador no rival, declara\u00e7\u00e3o de Carille e recado para torcida: as \u00faltimas not\u00edcias do Vasco","robots":{"index":"index","follow":"follow","max-snippet":"max-snippet:-1","max-image-preview":"max-image-preview:large","max-video-preview":"max-video-preview:-1"},"canonical":"https:\/\/www.gaveanews.com\/index.php\/2025\/01\/31\/ex-jogador-no-rival-declaracao-de-carille-e-recado-para-torcida-as-ultimas-noticias-do-vasco\/","og_locale":"pt_BR","og_type":"article","og_title":"Ex-jogador no rival, declara\u00e7\u00e3o de Carille e recado para torcida: as \u00faltimas not\u00edcias do Vasco","og_description":"Nas \u00faltimas horas, o foco das not\u00edcias sobre o Vasco se concentram nos bastidores doclube, com destaques do dia a dia do time. Por conta deste contexto, leia abaixo um resumo preparado pela equipe do portal G\u00e1vea News para lhe manter muito bem informado! Recado para torcida O meia su\u00ed\u00e7o Maxime Dom\u00ednguez, contratado pelo Vasco [&hellip;]","og_url":"https:\/\/www.gaveanews.com\/index.php\/2025\/01\/31\/ex-jogador-no-rival-declaracao-de-carille-e-recado-para-torcida-as-ultimas-noticias-do-vasco\/","og_site_name":"G\u00e1vea News","article_publisher":"https:\/\/facebook.com\/gaveaNews\/","article_published_time":"2025-01-31T07:40:00+00:00","og_image":[{"width":1059,"height":794,"url":"https:\/\/www.gaveanews.com\/wp-content\/uploads\/Camisa-do-Vasco-2024.webp","type":"image\/webp"}],"author":"Matheus Felipe","twitter_card":"summary_large_image","twitter_misc":{"Escrito por":"Matheus Felipe","Est. tempo de leitura":"5 minutos"},"schema":{"@context":"https:\/\/schema.org","@graph":[{"@type":"NewsArticle","@id":"https:\/\/www.gaveanews.com\/index.php\/2025\/01\/31\/ex-jogador-no-rival-declaracao-de-carille-e-recado-para-torcida-as-ultimas-noticias-do-vasco\/#article","isPartOf":{"@id":"https:\/\/www.gaveanews.com\/index.php\/2025\/01\/31\/ex-jogador-no-rival-declaracao-de-carille-e-recado-para-torcida-as-ultimas-noticias-do-vasco\/"},"author":{"name":"Matheus Felipe","@id":"https:\/\/www.gaveanews.com\/#\/schema\/person\/8207cd4627f56151707418bfc835b2fb"},"headline":"Ex-jogador no rival, declara\u00e7\u00e3o de Carille e recado para torcida: as \u00faltimas not\u00edcias do Vasco","datePublished":"2025-01-31T07:40:00+00:00","mainEntityOfPage":{"@id":"https:\/\/www.gaveanews.com\/index.php\/2025\/01\/31\/ex-jogador-no-rival-declaracao-de-carille-e-recado-para-torcida-as-ultimas-noticias-do-vasco\/"},"wordCount":738,"commentCount":0,"image":{"@id":"https:\/\/www.gaveanews.com\/index.php\/2025\/01\/31\/ex-jogador-no-rival-declaracao-de-carille-e-recado-para-torcida-as-ultimas-noticias-do-vasco\/#primaryimage"},"thumbnailUrl":"https:\/\/www.gaveanews.com\/wp-content\/uploads\/Camisa-do-Vasco-2024.webp","articleSection":["Vasco"],"inLanguage":"pt-BR","potentialAction":[{"@type":"CommentAction","name":"Comment","target":["https:\/\/www.gaveanews.com\/index.php\/2025\/01\/31\/ex-jogador-no-rival-declaracao-de-carille-e-recado-para-torcida-as-ultimas-noticias-do-vasco\/#respond"]}],"copyrightYear":"2025","copyrightHolder":{"@id":"https:\/\/www.gaveanews.com\/#organization"}},{"@type":"WebPage","@id":"https:\/\/www.gaveanews.com\/index.php\/2025\/01\/31\/ex-jogador-no-rival-declaracao-de-carille-e-recado-para-torcida-as-ultimas-noticias-do-vasco\/","url":"https:\/\/www.gaveanews.com\/index.php\/2025\/01\/31\/ex-jogador-no-rival-declaracao-de-carille-e-recado-para-torcida-as-ultimas-noticias-do-vasco\/","name":"Ex-jogador no rival, declara\u00e7\u00e3o de Carille e recado para torcida: as \u00faltimas not\u00edcias do Vasco","isPartOf":{"@id":"https:\/\/www.gaveanews.com\/#website"},"primaryImageOfPage":{"@id":"https:\/\/www.gaveanews.com\/index.php\/2025\/01\/31\/ex-jogador-no-rival-declaracao-de-carille-e-recado-para-torcida-as-ultimas-noticias-do-vasco\/#primaryimage"},"image":{"@id":"https:\/\/www.gaveanews.com\/index.php\/2025\/01\/31\/ex-jogador-no-rival-declaracao-de-carille-e-recado-para-torcida-as-ultimas-noticias-do-vasco\/#primaryimage"},"thumbnailUrl":"https:\/\/www.gaveanews.com\/wp-content\/uploads\/Camisa-do-Vasco-2024.webp","datePublished":"2025-01-31T07:40:00+00:00","author":{"@id":"https:\/\/www.gaveanews.com\/#\/schema\/person\/8207cd4627f56151707418bfc835b2fb"},"breadcrumb":{"@id":"https:\/\/www.gaveanews.com\/index.php\/2025\/01\/31\/ex-jogador-no-rival-declaracao-de-carille-e-recado-para-torcida-as-ultimas-noticias-do-vasco\/#breadcrumb"},"inLanguage":"pt-BR","potentialAction":[{"@type":"ReadAction","target":["https:\/\/www.gaveanews.com\/index.php\/2025\/01\/31\/ex-jogador-no-rival-declaracao-de-carille-e-recado-para-torcida-as-ultimas-noticias-do-vasco\/"]}]},{"@type":"ImageObject","inLanguage":"pt-BR","@id":"https:\/\/www.gaveanews.com\/index.php\/2025\/01\/31\/ex-jogador-no-rival-declaracao-de-carille-e-recado-para-torcida-as-ultimas-noticias-do-vasco\/#primaryimage","url":"https:\/\/www.gaveanews.com\/wp-content\/uploads\/Camisa-do-Vasco-2024.webp","contentUrl":"https:\/\/www.gaveanews.com\/wp-content\/uploads\/Camisa-do-Vasco-2024.webp","width":1059,"height":794,"caption":"Camisa do Vasco 2024 (Foto: Reprodu\u00e7\u00e3o\/Instagram)"},{"@type":"BreadcrumbList","@id":"https:\/\/www.gaveanews.com\/index.php\/2025\/01\/31\/ex-jogador-no-rival-declaracao-de-carille-e-recado-para-torcida-as-ultimas-noticias-do-vasco\/#breadcrumb","itemListElement":[{"@type":"ListItem","position":1,"name":"Home","item":"https:\/\/www.gaveanews.com\/"},{"@type":"ListItem","position":2,"name":"Ex-jogador no rival, declara\u00e7\u00e3o de Carille e recado para torcida: as \u00faltimas not\u00edcias do Vasco"}]},{"@type":"WebSite","@id":"https:\/\/www.gaveanews.com\/#website","url":"https:\/\/www.gaveanews.com\/","name":"G\u00e1vea News","description":"Veja todas as not\u00edcias sobre o Flamengo: Contrata\u00e7\u00f5es, categorias de base, resultados das partidas, tabela de classifica\u00e7\u00e3o, pr\u00f3ximos jogos!","potentialAction":[{"@type":"SearchAction","target":{"@type":"EntryPoint","urlTemplate":"https:\/\/www.gaveanews.com\/?s={search_term_string}"},"query-input":{"@type":"PropertyValueSpecification","valueRequired":true,"valueName":"search_term_string"}}],"inLanguage":"pt-BR"},{"@type":"Person","@id":"https:\/\/www.gaveanews.com\/#\/schema\/person\/8207cd4627f56151707418bfc835b2fb","name":"Matheus Felipe","image":{"@type":"ImageObject","inLanguage":"pt-BR","@id":"https:\/\/www.gaveanews.com\/#\/schema\/person\/image\/","url":"https:\/\/secure.gravatar.com\/avatar\/a452ffbed9130f726358b298bb3a99ce4bd3c5338411f8440e87e14d74c7c087?s=96&d=mm&r=g","contentUrl":"https:\/\/secure.gravatar.com\/avatar\/a452ffbed9130f726358b298bb3a99ce4bd3c5338411f8440e87e14d74c7c087?s=96&d=mm&r=g","caption":"Matheus Felipe"}}]}},"_links":{"self":[{"href":"https:\/\/www.gaveanews.com\/index.php\/wp-json\/wp\/v2\/posts\/220978","targetHints":{"allow":["GET"]}}],"collection":[{"href":"https:\/\/www.gaveanews.com\/index.php\/wp-json\/wp\/v2\/posts"}],"about":[{"href":"https:\/\/www.gaveanews.com\/index.php\/wp-json\/wp\/v2\/types\/post"}],"author":[{"embeddable":true,"href":"https:\/\/www.gaveanews.com\/index.php\/wp-json\/wp\/v2\/users\/27"}],"replies":[{"embeddable":true,"href":"https:\/\/www.gaveanews.com\/index.php\/wp-json\/wp\/v2\/comments?post=220978"}],"version-history":[{"count":1,"href":"https:\/\/www.gaveanews.com\/index.php\/wp-json\/wp\/v2\/posts\/220978\/revisions"}],"predecessor-version":[{"id":220986,"href":"https:\/\/www.gaveanews.com\/index.php\/wp-json\/wp\/v2\/posts\/220978\/revisions\/220986"}],"wp:featuredmedia":[{"embeddable":true,"href":"https:\/\/www.gaveanews.com\/index.php\/wp-json\/wp\/v2\/media\/161261"}],"wp:attachment":[{"href":"https:\/\/www.gaveanews.com\/index.php\/wp-json\/wp\/v2\/media?parent=220978"}],"wp:term":[{"taxonomy":"category","embeddable":true,"href":"https:\/\/www.gaveanews.com\/index.php\/wp-json\/wp\/v2\/categories?post=220978"},{"taxonomy":"post_tag","embeddable":true,"href":"https:\/\/www.gaveanews.com\/index.php\/wp-json\/wp\/v2\/tags?post=220978"}],"curies":[{"name":"wp","href":"https:\/\/api.w.org\/{rel}","templated":true}]}}