{"id":220991,"date":"2025-01-31T04:50:00","date_gmt":"2025-01-31T07:50:00","guid":{"rendered":"https:\/\/www.gaveanews.com\/?p=220991"},"modified":"2025-01-31T01:12:20","modified_gmt":"2025-01-31T04:12:20","slug":"rodrygo-no-al-hilal-declaracao-de-guardiola-e-salario-de-vini-jr-as-ultimas-noticias-do-real-madrid","status":"publish","type":"post","link":"https:\/\/www.gaveanews.com\/index.php\/2025\/01\/31\/rodrygo-no-al-hilal-declaracao-de-guardiola-e-salario-de-vini-jr-as-ultimas-noticias-do-real-madrid\/","title":{"rendered":"Rodrygo no Al-Hilal, declara\u00e7\u00e3o de Guardiola e sal\u00e1rio de Vini Jr: as \u00faltimas not\u00edcias do Real Madrid"},"content":{"rendered":"\n<p>Nas \u00faltimas horas, o foco das not\u00edcias sobre o Real Madrid se concentram nos bastidores do<br>clube, com destaques do dia a dia do time.<\/p>\n\n\n\n<p>Por conta deste contexto, leia abaixo um resumo preparado pela equipe do portal G\u00e1vea News para lhe manter muito bem informado!<\/p>\n\n\n\n<h2 class=\"wp-block-heading\" id=\"h-salario-de-vini-jr\">Sal\u00e1rio de Vini Jr<\/h2>\n\n\n\n<p>Vinicius Jr. deseja um aumento salarial no Real Madrid e pretende receber mais do que Kylian Mbapp\u00e9 para renovar seu contrato com o clube espanhol. Atualmente, Mbapp\u00e9 ganha 31 milh\u00f5es de euros por temporada, enquanto Vini recebe 20,8 milh\u00f5es de euros. O jogador brasileiro est\u00e1 aproveitando o forte interesse do futebol saudita, que estaria disposto a lhe pagar 200 milh\u00f5es de euros anuais, para refor\u00e7ar sua posi\u00e7\u00e3o nas negocia\u00e7\u00f5es<strong><a href=\"https:\/\/www.gaveanews.com\/index.php\/2025\/01\/30\/real-madrid-vinicius-jr-quer-ganhar-mais-do-que-mbappe\/\"> (leia a mat\u00e9ria completa).<\/a><\/strong><\/p>\n\n\n\n<figure class=\"wp-block-image size-large\"><img loading=\"lazy\" decoding=\"async\" width=\"1024\" height=\"576\" src=\"http:\/\/www.gaveanews.com\/wp-content\/uploads\/vini-jr-real-madrid-1024x576.webp\" alt=\"\" class=\"wp-image-109282\" srcset=\"https:\/\/www.gaveanews.com\/wp-content\/uploads\/vini-jr-real-madrid-1024x576.webp 1024w, https:\/\/www.gaveanews.com\/wp-content\/uploads\/vini-jr-real-madrid-300x169.webp 300w, https:\/\/www.gaveanews.com\/wp-content\/uploads\/vini-jr-real-madrid-768x432.webp 768w, https:\/\/www.gaveanews.com\/wp-content\/uploads\/vini-jr-real-madrid-747x420.webp 747w, https:\/\/www.gaveanews.com\/wp-content\/uploads\/vini-jr-real-madrid-640x360.webp 640w, https:\/\/www.gaveanews.com\/wp-content\/uploads\/vini-jr-real-madrid-681x383.webp 681w, https:\/\/www.gaveanews.com\/wp-content\/uploads\/vini-jr-real-madrid-100x56.webp 100w, https:\/\/www.gaveanews.com\/wp-content\/uploads\/vini-jr-real-madrid.webp 1080w\" sizes=\"auto, (max-width: 1024px) 100vw, 1024px\" \/><figcaption class=\"wp-element-caption\">Vini Jr em a\u00e7\u00e3o pelo Real Madrid (Foto: Divulga\u00e7\u00e3o\/Real Madrid)<\/figcaption><\/figure>\n\n\n\n<p>A informa\u00e7\u00e3o foi divulgada pelo jornalista espanhol Roberto Morales, que afirmou que o Real Madrid deve renegociar o contrato de Vinicius Jr. no meio do ano. <\/p>\n\n\n\n<p>O presidente Florentino P\u00e9rez est\u00e1 aberto ao di\u00e1logo e disposto a atender algumas das exig\u00eancias do atacante, mas, at\u00e9 o momento, n\u00e3o h\u00e1 nada oficial sobre a renova\u00e7\u00e3o. O t\u00e9cnico Carlo Ancelotti afirmou que v\u00ea Vini feliz no clube e acredita que ele permanecer\u00e1 para continuar conquistando t\u00edtulos.<\/p>\n\n\n\n<p>No atual elenco merengue, al\u00e9m de Mbapp\u00e9, David Alaba (22 milh\u00f5es de euros) e Jude Bellingham (20,8 milh\u00f5es de euros) tamb\u00e9m est\u00e3o entre os mais bem pagos. Vinicius Jr., eleito melhor jogador do mundo pela FIFA, mant\u00e9m sua prioridade de seguir no Real Madrid, mas n\u00e3o descarta totalmente uma eventual proposta do futebol \u00e1rabe.<\/p>\n\n\n\n<h2 class=\"wp-block-heading\" id=\"h-declaracao-de-guardiola\">Declara\u00e7\u00e3o de Guardiola<\/h2>\n\n\n\n<p>O Manchester City enfrentar\u00e1 um grande desafio nos playoffs da Champions League, onde ter\u00e1 como advers\u00e1rio o Real Madrid ou o Bayern de Munique. A equipe de Pep Guardiola teve um desempenho abaixo do esperado na fase de grupos, terminando na 22\u00aa coloca\u00e7\u00e3o com 11 pontos. J\u00e1 os rivais espanh\u00f3is e alem\u00e3es ficaram empatados com 15 pontos, mas o Real Madrid levou vantagem nos crit\u00e9rios de desempate <strong><a href=\"https:\/\/www.gaveanews.com\/index.php\/2025\/01\/30\/manchester-city-a-declaracao-de-pep-guardiola-direcionada-a-real-madrid-e-bayern-de-munique\/\">(leia a mat\u00e9ria completa).<\/a><\/strong><\/p>\n\n\n\n<figure class=\"wp-block-image size-large\"><img loading=\"lazy\" decoding=\"async\" width=\"1024\" height=\"682\" src=\"http:\/\/www.gaveanews.com\/wp-content\/uploads\/Pep-Guardiola-durante-o-jogo-entre-Manchester-City-x-West-Ham-pela-Premier-League-2023-24-1024x682.webp\" alt=\"\" class=\"wp-image-110322\" srcset=\"https:\/\/www.gaveanews.com\/wp-content\/uploads\/Pep-Guardiola-durante-o-jogo-entre-Manchester-City-x-West-Ham-pela-Premier-League-2023-24-1024x682.webp 1024w, https:\/\/www.gaveanews.com\/wp-content\/uploads\/Pep-Guardiola-durante-o-jogo-entre-Manchester-City-x-West-Ham-pela-Premier-League-2023-24-300x200.webp 300w, https:\/\/www.gaveanews.com\/wp-content\/uploads\/Pep-Guardiola-durante-o-jogo-entre-Manchester-City-x-West-Ham-pela-Premier-League-2023-24-768x511.webp 768w, https:\/\/www.gaveanews.com\/wp-content\/uploads\/Pep-Guardiola-durante-o-jogo-entre-Manchester-City-x-West-Ham-pela-Premier-League-2023-24-631x420.webp 631w, https:\/\/www.gaveanews.com\/wp-content\/uploads\/Pep-Guardiola-durante-o-jogo-entre-Manchester-City-x-West-Ham-pela-Premier-League-2023-24-640x426.webp 640w, https:\/\/www.gaveanews.com\/wp-content\/uploads\/Pep-Guardiola-durante-o-jogo-entre-Manchester-City-x-West-Ham-pela-Premier-League-2023-24-681x453.webp 681w, https:\/\/www.gaveanews.com\/wp-content\/uploads\/Pep-Guardiola-durante-o-jogo-entre-Manchester-City-x-West-Ham-pela-Premier-League-2023-24-100x67.webp 100w, https:\/\/www.gaveanews.com\/wp-content\/uploads\/Pep-Guardiola-durante-o-jogo-entre-Manchester-City-x-West-Ham-pela-Premier-League-2023-24.webp 1080w\" sizes=\"auto, (max-width: 1024px) 100vw, 1024px\" \/><figcaption class=\"wp-element-caption\">Pep Guardiola durante o jogo entre Manchester City x West Ham pela Premier League 2023-24 (Foto: Reprodu\u00e7\u00e3o\/Instagram)<\/figcaption><\/figure>\n\n\n\n<p>Guardiola reconheceu a dificuldade do confronto, mas tamb\u00e9m mandou um recado para os advers\u00e1rios: &#8220;As equipes que vamos enfrentar s\u00e3o muito dif\u00edceis, mas para eles tamb\u00e9m ser\u00e1&#8221;. O t\u00e9cnico destacou que, apesar dos trope\u00e7os na fase inicial, o City ainda tem um time forte e preparado para brigar por uma vaga nas oitavas de final.<\/p>\n\n\n\n<p>O novo formato da Champions League, adotado nesta temporada, aumentou a competitividade da competi\u00e7\u00e3o. Agora, as oito melhores equipes avan\u00e7am direto para as oitavas, enquanto os times que ficaram entre a 9\u00aa e a 24\u00aa posi\u00e7\u00e3o disputam os playoffs. O vencedor do duelo entre Manchester City e Real Madrid ou Bayern de Munique enfrentar\u00e1 Atl\u00e9tico de Madrid ou Bayer Leverkusen na pr\u00f3xima fase.<\/p>\n\n\n\n<h2 class=\"wp-block-heading\" id=\"h-rodrygo-no-al-hilal\">Rodrygo no Al-Hilal<\/h2>\n\n\n\n<p>Com a sa\u00edda de Neymar, o Al-Hilal busca um novo astro e colocou Rodrygo, do Real Madrid, como um dos principais alvos. O clube saudita iniciou contatos preliminares para avaliar a possibilidade da transfer\u00eancia, mas as chances de sucesso s\u00e3o consideradas remotas no momento. Al\u00e9m do brasileiro, Mohamed Salah, do Liverpool, tamb\u00e9m \u00e9 um nome forte na mira da equipe<strong><a href=\"https:\/\/www.gaveanews.com\/index.php\/2025\/01\/30\/al-hilal-define-nome-para-substituir-neymar\/\"> (leia a mat\u00e9ria completa).<\/a><\/strong><\/p>\n\n\n\n<figure class=\"wp-block-image size-full\"><img loading=\"lazy\" decoding=\"async\" width=\"846\" height=\"564\" src=\"http:\/\/www.gaveanews.com\/wp-content\/uploads\/rodrygo-real-madrid.webp\" alt=\"\" class=\"wp-image-94011\" srcset=\"https:\/\/www.gaveanews.com\/wp-content\/uploads\/rodrygo-real-madrid.webp 846w, https:\/\/www.gaveanews.com\/wp-content\/uploads\/rodrygo-real-madrid-300x200.webp 300w, https:\/\/www.gaveanews.com\/wp-content\/uploads\/rodrygo-real-madrid-768x512.webp 768w, https:\/\/www.gaveanews.com\/wp-content\/uploads\/rodrygo-real-madrid-630x420.webp 630w, https:\/\/www.gaveanews.com\/wp-content\/uploads\/rodrygo-real-madrid-640x427.webp 640w, https:\/\/www.gaveanews.com\/wp-content\/uploads\/rodrygo-real-madrid-681x454.webp 681w, https:\/\/www.gaveanews.com\/wp-content\/uploads\/rodrygo-real-madrid-100x67.webp 100w\" sizes=\"auto, (max-width: 846px) 100vw, 846px\" \/><figcaption class=\"wp-element-caption\">Rodrygo em a\u00e7\u00e3o pelo Real Madrid no Mundial de Clubes (Foto: KHALED DESOUKI\/AFP)<\/figcaption><\/figure>\n\n\n\n<p>O Al-Hilal deseja um jogador de peso para refor\u00e7ar seu elenco na disputa do Mundial de Clubes e v\u00ea em Rodrygo a possibilidade de oferecer um protagonismo que ele n\u00e3o tem no Real Madrid. Atualmente, o atacante tem se destacado com oito gols e quatro assist\u00eancias nos \u00faltimos dez jogos, mas raramente joga os 90 minutos, o que poderia abrir espa\u00e7o para negocia\u00e7\u00f5es.<\/p>\n\n\n\n<p>Apesar do interesse saudita, a cl\u00e1usula de rescis\u00e3o de Rodrygo com o Real Madrid \u00e9 de 1 bilh\u00e3o de euros, o que torna a transfer\u00eancia extremamente dif\u00edcil. Ainda assim, o Al-Hilal pretende seguir monitorando o jogador, apostando no crescimento da liga saudita e na possibilidade de convencer o brasileiro a assumir um papel de destaque no projeto esportivo do pa\u00eds.<\/p>\n","protected":false},"excerpt":{"rendered":"<p>Nas \u00faltimas horas, o foco das not\u00edcias sobre o Real Madrid se concentram nos bastidores doclube, com destaques do dia a dia do time. Por conta deste contexto, leia abaixo um resumo preparado pela equipe do portal G\u00e1vea News para lhe manter muito bem informado! Sal\u00e1rio de Vini Jr Vinicius Jr. deseja um aumento salarial [&hellip;]<\/p>\n","protected":false},"author":27,"featured_media":124645,"comment_status":"open","ping_status":"closed","sticky":false,"template":"","format":"standard","meta":{"footnotes":""},"categories":[88],"tags":[],"class_list":["post-220991","post","type-post","status-publish","format-standard","has-post-thumbnail","hentry","category-real-madrid"],"yoast_head":"<!-- This site is optimized with the Yoast SEO Premium plugin v24.2 (Yoast SEO v26.9) - https:\/\/yoast.com\/product\/yoast-seo-premium-wordpress\/ -->\n<title>Rodrygo no Al-Hilal, declara\u00e7\u00e3o de Guardiola e sal\u00e1rio de Vini Jr: as \u00faltimas not\u00edcias do Real Madrid<\/title>\n<meta name=\"robots\" content=\"index, follow, max-snippet:-1, max-image-preview:large, max-video-preview:-1\" \/>\n<link rel=\"canonical\" href=\"https:\/\/www.gaveanews.com\/index.php\/2025\/01\/31\/rodrygo-no-al-hilal-declaracao-de-guardiola-e-salario-de-vini-jr-as-ultimas-noticias-do-real-madrid\/\" \/>\n<meta property=\"og:locale\" content=\"pt_BR\" \/>\n<meta property=\"og:type\" content=\"article\" \/>\n<meta property=\"og:title\" content=\"Rodrygo no Al-Hilal, declara\u00e7\u00e3o de Guardiola e sal\u00e1rio de Vini Jr: as \u00faltimas not\u00edcias do Real Madrid\" \/>\n<meta property=\"og:description\" content=\"Nas \u00faltimas horas, o foco das not\u00edcias sobre o Real Madrid se concentram nos bastidores doclube, com destaques do dia a dia do time. Por conta deste contexto, leia abaixo um resumo preparado pela equipe do portal G\u00e1vea News para lhe manter muito bem informado! Sal\u00e1rio de Vini Jr Vinicius Jr. deseja um aumento salarial [&hellip;]\" \/>\n<meta property=\"og:url\" content=\"https:\/\/www.gaveanews.com\/index.php\/2025\/01\/31\/rodrygo-no-al-hilal-declaracao-de-guardiola-e-salario-de-vini-jr-as-ultimas-noticias-do-real-madrid\/\" \/>\n<meta property=\"og:site_name\" content=\"G\u00e1vea News\" \/>\n<meta property=\"article:publisher\" content=\"https:\/\/facebook.com\/gaveaNews\/\" \/>\n<meta property=\"article:published_time\" content=\"2025-01-31T07:50:00+00:00\" \/>\n<meta property=\"og:image\" content=\"https:\/\/www.gaveanews.com\/wp-content\/uploads\/realmadrid.webp\" \/>\n\t<meta property=\"og:image:width\" content=\"1200\" \/>\n\t<meta property=\"og:image:height\" content=\"900\" \/>\n\t<meta property=\"og:image:type\" content=\"image\/jpeg\" \/>\n<meta name=\"author\" content=\"Matheus Felipe\" \/>\n<meta name=\"twitter:card\" content=\"summary_large_image\" \/>\n<meta name=\"twitter:label1\" content=\"Escrito por\" \/>\n\t<meta name=\"twitter:data1\" content=\"Matheus Felipe\" \/>\n\t<meta name=\"twitter:label2\" content=\"Est. tempo de leitura\" \/>\n\t<meta name=\"twitter:data2\" content=\"5 minutos\" \/>\n<script type=\"application\/ld+json\" class=\"yoast-schema-graph\">{\"@context\":\"https:\/\/schema.org\",\"@graph\":[{\"@type\":\"NewsArticle\",\"@id\":\"https:\/\/www.gaveanews.com\/index.php\/2025\/01\/31\/rodrygo-no-al-hilal-declaracao-de-guardiola-e-salario-de-vini-jr-as-ultimas-noticias-do-real-madrid\/#article\",\"isPartOf\":{\"@id\":\"https:\/\/www.gaveanews.com\/index.php\/2025\/01\/31\/rodrygo-no-al-hilal-declaracao-de-guardiola-e-salario-de-vini-jr-as-ultimas-noticias-do-real-madrid\/\"},\"author\":{\"name\":\"Matheus Felipe\",\"@id\":\"https:\/\/www.gaveanews.com\/#\/schema\/person\/8207cd4627f56151707418bfc835b2fb\"},\"headline\":\"Rodrygo no Al-Hilal, declara\u00e7\u00e3o de Guardiola e sal\u00e1rio de Vini Jr: as \u00faltimas not\u00edcias do Real Madrid\",\"datePublished\":\"2025-01-31T07:50:00+00:00\",\"mainEntityOfPage\":{\"@id\":\"https:\/\/www.gaveanews.com\/index.php\/2025\/01\/31\/rodrygo-no-al-hilal-declaracao-de-guardiola-e-salario-de-vini-jr-as-ultimas-noticias-do-real-madrid\/\"},\"wordCount\":746,\"commentCount\":0,\"image\":{\"@id\":\"https:\/\/www.gaveanews.com\/index.php\/2025\/01\/31\/rodrygo-no-al-hilal-declaracao-de-guardiola-e-salario-de-vini-jr-as-ultimas-noticias-do-real-madrid\/#primaryimage\"},\"thumbnailUrl\":\"https:\/\/www.gaveanews.com\/wp-content\/uploads\/realmadrid.webp\",\"articleSection\":[\"Real Madrid\"],\"inLanguage\":\"pt-BR\",\"potentialAction\":[{\"@type\":\"CommentAction\",\"name\":\"Comment\",\"target\":[\"https:\/\/www.gaveanews.com\/index.php\/2025\/01\/31\/rodrygo-no-al-hilal-declaracao-de-guardiola-e-salario-de-vini-jr-as-ultimas-noticias-do-real-madrid\/#respond\"]}],\"copyrightYear\":\"2025\",\"copyrightHolder\":{\"@id\":\"https:\/\/www.gaveanews.com\/#organization\"}},{\"@type\":\"WebPage\",\"@id\":\"https:\/\/www.gaveanews.com\/index.php\/2025\/01\/31\/rodrygo-no-al-hilal-declaracao-de-guardiola-e-salario-de-vini-jr-as-ultimas-noticias-do-real-madrid\/\",\"url\":\"https:\/\/www.gaveanews.com\/index.php\/2025\/01\/31\/rodrygo-no-al-hilal-declaracao-de-guardiola-e-salario-de-vini-jr-as-ultimas-noticias-do-real-madrid\/\",\"name\":\"Rodrygo no Al-Hilal, declara\u00e7\u00e3o de Guardiola e sal\u00e1rio de Vini Jr: as \u00faltimas not\u00edcias do Real Madrid\",\"isPartOf\":{\"@id\":\"https:\/\/www.gaveanews.com\/#website\"},\"primaryImageOfPage\":{\"@id\":\"https:\/\/www.gaveanews.com\/index.php\/2025\/01\/31\/rodrygo-no-al-hilal-declaracao-de-guardiola-e-salario-de-vini-jr-as-ultimas-noticias-do-real-madrid\/#primaryimage\"},\"image\":{\"@id\":\"https:\/\/www.gaveanews.com\/index.php\/2025\/01\/31\/rodrygo-no-al-hilal-declaracao-de-guardiola-e-salario-de-vini-jr-as-ultimas-noticias-do-real-madrid\/#primaryimage\"},\"thumbnailUrl\":\"https:\/\/www.gaveanews.com\/wp-content\/uploads\/realmadrid.webp\",\"datePublished\":\"2025-01-31T07:50:00+00:00\",\"author\":{\"@id\":\"https:\/\/www.gaveanews.com\/#\/schema\/person\/8207cd4627f56151707418bfc835b2fb\"},\"breadcrumb\":{\"@id\":\"https:\/\/www.gaveanews.com\/index.php\/2025\/01\/31\/rodrygo-no-al-hilal-declaracao-de-guardiola-e-salario-de-vini-jr-as-ultimas-noticias-do-real-madrid\/#breadcrumb\"},\"inLanguage\":\"pt-BR\",\"potentialAction\":[{\"@type\":\"ReadAction\",\"target\":[\"https:\/\/www.gaveanews.com\/index.php\/2025\/01\/31\/rodrygo-no-al-hilal-declaracao-de-guardiola-e-salario-de-vini-jr-as-ultimas-noticias-do-real-madrid\/\"]}]},{\"@type\":\"ImageObject\",\"inLanguage\":\"pt-BR\",\"@id\":\"https:\/\/www.gaveanews.com\/index.php\/2025\/01\/31\/rodrygo-no-al-hilal-declaracao-de-guardiola-e-salario-de-vini-jr-as-ultimas-noticias-do-real-madrid\/#primaryimage\",\"url\":\"https:\/\/www.gaveanews.com\/wp-content\/uploads\/realmadrid.webp\",\"contentUrl\":\"https:\/\/www.gaveanews.com\/wp-content\/uploads\/realmadrid.webp\",\"width\":1200,\"height\":900,\"caption\":\"Escudo do Real Madrid (Foto: Reprodu\u00e7\u00e3o)\"},{\"@type\":\"BreadcrumbList\",\"@id\":\"https:\/\/www.gaveanews.com\/index.php\/2025\/01\/31\/rodrygo-no-al-hilal-declaracao-de-guardiola-e-salario-de-vini-jr-as-ultimas-noticias-do-real-madrid\/#breadcrumb\",\"itemListElement\":[{\"@type\":\"ListItem\",\"position\":1,\"name\":\"Home\",\"item\":\"https:\/\/www.gaveanews.com\/\"},{\"@type\":\"ListItem\",\"position\":2,\"name\":\"Rodrygo no Al-Hilal, declara\u00e7\u00e3o de Guardiola e sal\u00e1rio de Vini Jr: as \u00faltimas not\u00edcias do Real Madrid\"}]},{\"@type\":\"WebSite\",\"@id\":\"https:\/\/www.gaveanews.com\/#website\",\"url\":\"https:\/\/www.gaveanews.com\/\",\"name\":\"G\u00e1vea News\",\"description\":\"Veja todas as not\u00edcias sobre o Flamengo: Contrata\u00e7\u00f5es, categorias de base, resultados das partidas, tabela de classifica\u00e7\u00e3o, pr\u00f3ximos jogos!\",\"potentialAction\":[{\"@type\":\"SearchAction\",\"target\":{\"@type\":\"EntryPoint\",\"urlTemplate\":\"https:\/\/www.gaveanews.com\/?s={search_term_string}\"},\"query-input\":{\"@type\":\"PropertyValueSpecification\",\"valueRequired\":true,\"valueName\":\"search_term_string\"}}],\"inLanguage\":\"pt-BR\"},{\"@type\":\"Person\",\"@id\":\"https:\/\/www.gaveanews.com\/#\/schema\/person\/8207cd4627f56151707418bfc835b2fb\",\"name\":\"Matheus Felipe\",\"image\":{\"@type\":\"ImageObject\",\"inLanguage\":\"pt-BR\",\"@id\":\"https:\/\/www.gaveanews.com\/#\/schema\/person\/image\/\",\"url\":\"https:\/\/secure.gravatar.com\/avatar\/a452ffbed9130f726358b298bb3a99ce4bd3c5338411f8440e87e14d74c7c087?s=96&d=mm&r=g\",\"contentUrl\":\"https:\/\/secure.gravatar.com\/avatar\/a452ffbed9130f726358b298bb3a99ce4bd3c5338411f8440e87e14d74c7c087?s=96&d=mm&r=g\",\"caption\":\"Matheus Felipe\"}}]}<\/script>\n<!-- \/ Yoast SEO Premium plugin. -->","yoast_head_json":{"title":"Rodrygo no Al-Hilal, declara\u00e7\u00e3o de Guardiola e sal\u00e1rio de Vini Jr: as \u00faltimas not\u00edcias do Real Madrid","robots":{"index":"index","follow":"follow","max-snippet":"max-snippet:-1","max-image-preview":"max-image-preview:large","max-video-preview":"max-video-preview:-1"},"canonical":"https:\/\/www.gaveanews.com\/index.php\/2025\/01\/31\/rodrygo-no-al-hilal-declaracao-de-guardiola-e-salario-de-vini-jr-as-ultimas-noticias-do-real-madrid\/","og_locale":"pt_BR","og_type":"article","og_title":"Rodrygo no Al-Hilal, declara\u00e7\u00e3o de Guardiola e sal\u00e1rio de Vini Jr: as \u00faltimas not\u00edcias do Real Madrid","og_description":"Nas \u00faltimas horas, o foco das not\u00edcias sobre o Real Madrid se concentram nos bastidores doclube, com destaques do dia a dia do time. Por conta deste contexto, leia abaixo um resumo preparado pela equipe do portal G\u00e1vea News para lhe manter muito bem informado! Sal\u00e1rio de Vini Jr Vinicius Jr. deseja um aumento salarial [&hellip;]","og_url":"https:\/\/www.gaveanews.com\/index.php\/2025\/01\/31\/rodrygo-no-al-hilal-declaracao-de-guardiola-e-salario-de-vini-jr-as-ultimas-noticias-do-real-madrid\/","og_site_name":"G\u00e1vea News","article_publisher":"https:\/\/facebook.com\/gaveaNews\/","article_published_time":"2025-01-31T07:50:00+00:00","og_image":[{"width":1200,"height":900,"url":"https:\/\/www.gaveanews.com\/wp-content\/uploads\/realmadrid.webp","type":"image\/jpeg"}],"author":"Matheus Felipe","twitter_card":"summary_large_image","twitter_misc":{"Escrito por":"Matheus Felipe","Est. tempo de leitura":"5 minutos"},"schema":{"@context":"https:\/\/schema.org","@graph":[{"@type":"NewsArticle","@id":"https:\/\/www.gaveanews.com\/index.php\/2025\/01\/31\/rodrygo-no-al-hilal-declaracao-de-guardiola-e-salario-de-vini-jr-as-ultimas-noticias-do-real-madrid\/#article","isPartOf":{"@id":"https:\/\/www.gaveanews.com\/index.php\/2025\/01\/31\/rodrygo-no-al-hilal-declaracao-de-guardiola-e-salario-de-vini-jr-as-ultimas-noticias-do-real-madrid\/"},"author":{"name":"Matheus Felipe","@id":"https:\/\/www.gaveanews.com\/#\/schema\/person\/8207cd4627f56151707418bfc835b2fb"},"headline":"Rodrygo no Al-Hilal, declara\u00e7\u00e3o de Guardiola e sal\u00e1rio de Vini Jr: as \u00faltimas not\u00edcias do Real Madrid","datePublished":"2025-01-31T07:50:00+00:00","mainEntityOfPage":{"@id":"https:\/\/www.gaveanews.com\/index.php\/2025\/01\/31\/rodrygo-no-al-hilal-declaracao-de-guardiola-e-salario-de-vini-jr-as-ultimas-noticias-do-real-madrid\/"},"wordCount":746,"commentCount":0,"image":{"@id":"https:\/\/www.gaveanews.com\/index.php\/2025\/01\/31\/rodrygo-no-al-hilal-declaracao-de-guardiola-e-salario-de-vini-jr-as-ultimas-noticias-do-real-madrid\/#primaryimage"},"thumbnailUrl":"https:\/\/www.gaveanews.com\/wp-content\/uploads\/realmadrid.webp","articleSection":["Real Madrid"],"inLanguage":"pt-BR","potentialAction":[{"@type":"CommentAction","name":"Comment","target":["https:\/\/www.gaveanews.com\/index.php\/2025\/01\/31\/rodrygo-no-al-hilal-declaracao-de-guardiola-e-salario-de-vini-jr-as-ultimas-noticias-do-real-madrid\/#respond"]}],"copyrightYear":"2025","copyrightHolder":{"@id":"https:\/\/www.gaveanews.com\/#organization"}},{"@type":"WebPage","@id":"https:\/\/www.gaveanews.com\/index.php\/2025\/01\/31\/rodrygo-no-al-hilal-declaracao-de-guardiola-e-salario-de-vini-jr-as-ultimas-noticias-do-real-madrid\/","url":"https:\/\/www.gaveanews.com\/index.php\/2025\/01\/31\/rodrygo-no-al-hilal-declaracao-de-guardiola-e-salario-de-vini-jr-as-ultimas-noticias-do-real-madrid\/","name":"Rodrygo no Al-Hilal, declara\u00e7\u00e3o de Guardiola e sal\u00e1rio de Vini Jr: as \u00faltimas not\u00edcias do Real Madrid","isPartOf":{"@id":"https:\/\/www.gaveanews.com\/#website"},"primaryImageOfPage":{"@id":"https:\/\/www.gaveanews.com\/index.php\/2025\/01\/31\/rodrygo-no-al-hilal-declaracao-de-guardiola-e-salario-de-vini-jr-as-ultimas-noticias-do-real-madrid\/#primaryimage"},"image":{"@id":"https:\/\/www.gaveanews.com\/index.php\/2025\/01\/31\/rodrygo-no-al-hilal-declaracao-de-guardiola-e-salario-de-vini-jr-as-ultimas-noticias-do-real-madrid\/#primaryimage"},"thumbnailUrl":"https:\/\/www.gaveanews.com\/wp-content\/uploads\/realmadrid.webp","datePublished":"2025-01-31T07:50:00+00:00","author":{"@id":"https:\/\/www.gaveanews.com\/#\/schema\/person\/8207cd4627f56151707418bfc835b2fb"},"breadcrumb":{"@id":"https:\/\/www.gaveanews.com\/index.php\/2025\/01\/31\/rodrygo-no-al-hilal-declaracao-de-guardiola-e-salario-de-vini-jr-as-ultimas-noticias-do-real-madrid\/#breadcrumb"},"inLanguage":"pt-BR","potentialAction":[{"@type":"ReadAction","target":["https:\/\/www.gaveanews.com\/index.php\/2025\/01\/31\/rodrygo-no-al-hilal-declaracao-de-guardiola-e-salario-de-vini-jr-as-ultimas-noticias-do-real-madrid\/"]}]},{"@type":"ImageObject","inLanguage":"pt-BR","@id":"https:\/\/www.gaveanews.com\/index.php\/2025\/01\/31\/rodrygo-no-al-hilal-declaracao-de-guardiola-e-salario-de-vini-jr-as-ultimas-noticias-do-real-madrid\/#primaryimage","url":"https:\/\/www.gaveanews.com\/wp-content\/uploads\/realmadrid.webp","contentUrl":"https:\/\/www.gaveanews.com\/wp-content\/uploads\/realmadrid.webp","width":1200,"height":900,"caption":"Escudo do Real Madrid (Foto: Reprodu\u00e7\u00e3o)"},{"@type":"BreadcrumbList","@id":"https:\/\/www.gaveanews.com\/index.php\/2025\/01\/31\/rodrygo-no-al-hilal-declaracao-de-guardiola-e-salario-de-vini-jr-as-ultimas-noticias-do-real-madrid\/#breadcrumb","itemListElement":[{"@type":"ListItem","position":1,"name":"Home","item":"https:\/\/www.gaveanews.com\/"},{"@type":"ListItem","position":2,"name":"Rodrygo no Al-Hilal, declara\u00e7\u00e3o de Guardiola e sal\u00e1rio de Vini Jr: as \u00faltimas not\u00edcias do Real Madrid"}]},{"@type":"WebSite","@id":"https:\/\/www.gaveanews.com\/#website","url":"https:\/\/www.gaveanews.com\/","name":"G\u00e1vea News","description":"Veja todas as not\u00edcias sobre o Flamengo: Contrata\u00e7\u00f5es, categorias de base, resultados das partidas, tabela de classifica\u00e7\u00e3o, pr\u00f3ximos jogos!","potentialAction":[{"@type":"SearchAction","target":{"@type":"EntryPoint","urlTemplate":"https:\/\/www.gaveanews.com\/?s={search_term_string}"},"query-input":{"@type":"PropertyValueSpecification","valueRequired":true,"valueName":"search_term_string"}}],"inLanguage":"pt-BR"},{"@type":"Person","@id":"https:\/\/www.gaveanews.com\/#\/schema\/person\/8207cd4627f56151707418bfc835b2fb","name":"Matheus Felipe","image":{"@type":"ImageObject","inLanguage":"pt-BR","@id":"https:\/\/www.gaveanews.com\/#\/schema\/person\/image\/","url":"https:\/\/secure.gravatar.com\/avatar\/a452ffbed9130f726358b298bb3a99ce4bd3c5338411f8440e87e14d74c7c087?s=96&d=mm&r=g","contentUrl":"https:\/\/secure.gravatar.com\/avatar\/a452ffbed9130f726358b298bb3a99ce4bd3c5338411f8440e87e14d74c7c087?s=96&d=mm&r=g","caption":"Matheus Felipe"}}]}},"_links":{"self":[{"href":"https:\/\/www.gaveanews.com\/index.php\/wp-json\/wp\/v2\/posts\/220991","targetHints":{"allow":["GET"]}}],"collection":[{"href":"https:\/\/www.gaveanews.com\/index.php\/wp-json\/wp\/v2\/posts"}],"about":[{"href":"https:\/\/www.gaveanews.com\/index.php\/wp-json\/wp\/v2\/types\/post"}],"author":[{"embeddable":true,"href":"https:\/\/www.gaveanews.com\/index.php\/wp-json\/wp\/v2\/users\/27"}],"replies":[{"embeddable":true,"href":"https:\/\/www.gaveanews.com\/index.php\/wp-json\/wp\/v2\/comments?post=220991"}],"version-history":[{"count":1,"href":"https:\/\/www.gaveanews.com\/index.php\/wp-json\/wp\/v2\/posts\/220991\/revisions"}],"predecessor-version":[{"id":220993,"href":"https:\/\/www.gaveanews.com\/index.php\/wp-json\/wp\/v2\/posts\/220991\/revisions\/220993"}],"wp:featuredmedia":[{"embeddable":true,"href":"https:\/\/www.gaveanews.com\/index.php\/wp-json\/wp\/v2\/media\/124645"}],"wp:attachment":[{"href":"https:\/\/www.gaveanews.com\/index.php\/wp-json\/wp\/v2\/media?parent=220991"}],"wp:term":[{"taxonomy":"category","embeddable":true,"href":"https:\/\/www.gaveanews.com\/index.php\/wp-json\/wp\/v2\/categories?post=220991"},{"taxonomy":"post_tag","embeddable":true,"href":"https:\/\/www.gaveanews.com\/index.php\/wp-json\/wp\/v2\/tags?post=220991"}],"curies":[{"name":"wp","href":"https:\/\/api.w.org\/{rel}","templated":true}]}}