{"id":221021,"date":"2025-01-31T05:25:00","date_gmt":"2025-01-31T08:25:00","guid":{"rendered":"https:\/\/www.gaveanews.com\/?p=221021"},"modified":"2025-01-31T02:04:54","modified_gmt":"2025-01-31T05:04:54","slug":"revolta-da-torcida-presente-para-klopp-e-declaracao-de-abel-ferreira-as-ultimas-noticias-do-palmeiras","status":"publish","type":"post","link":"https:\/\/www.gaveanews.com\/index.php\/2025\/01\/31\/revolta-da-torcida-presente-para-klopp-e-declaracao-de-abel-ferreira-as-ultimas-noticias-do-palmeiras\/","title":{"rendered":"Revolta da torcida, presente para Klopp e declara\u00e7\u00e3o de Abel Ferreira: as \u00faltimas not\u00edcias do Palmeiras"},"content":{"rendered":"\n<p>Nas \u00faltimas horas, o foco das not\u00edcias sobre o Palmeiras se concentram nos bastidores do<br>clube, com destaques do dia a dia do time.<\/p>\n\n\n\n<p>Por conta deste contexto, leia abaixo um resumo preparado pela equipe do portal G\u00e1vea News para lhe manter muito bem informado!<\/p>\n\n\n\n<h2 class=\"wp-block-heading\" id=\"h-declaracao-de-abel-ferreira\">Declara\u00e7\u00e3o de Abel Ferreira<\/h2>\n\n\n\n<p>Ap\u00f3s a derrota do Palmeiras para o Novorizontino por 2 a 1, o t\u00e9cnico Abel Ferreira rebateu as vaias da torcida e defendeu o diretor de futebol Anderson Barros, que foi alvo de cr\u00edticas pela condu\u00e7\u00e3o do mercado de transfer\u00eancias. O treinador portugu\u00eas destacou os 11 t\u00edtulos conquistados pelo clube desde sua chegada e a valoriza\u00e7\u00e3o do elenco, que gerou cerca de 400 milh\u00f5es de euros em vendas. Al\u00e9m disso, Abel ressaltou que a visibilidade internacional do Palmeiras torna as negocia\u00e7\u00f5es mais dif\u00edceis, elevando o valor dos jogadores no mercado<strong><a href=\"https:\/\/www.gaveanews.com\/index.php\/2025\/01\/26\/palmeiras-abel-ferreira-rebate-vaias-da-torcida\/\"> (leia a mat\u00e9ria completa).<\/a><\/strong><\/p>\n\n\n\n<figure class=\"wp-block-image size-large\"><img loading=\"lazy\" decoding=\"async\" width=\"1024\" height=\"576\" src=\"http:\/\/www.gaveanews.com\/wp-content\/uploads\/Abel-Ferreira-e-fotografado-passando-instrucoes-durante-um-jogo-do-Palmeiras-1024x576.webp\" alt=\"\" class=\"wp-image-157845\" srcset=\"https:\/\/www.gaveanews.com\/wp-content\/uploads\/Abel-Ferreira-e-fotografado-passando-instrucoes-durante-um-jogo-do-Palmeiras-1024x576.webp 1024w, https:\/\/www.gaveanews.com\/wp-content\/uploads\/Abel-Ferreira-e-fotografado-passando-instrucoes-durante-um-jogo-do-Palmeiras-300x169.webp 300w, https:\/\/www.gaveanews.com\/wp-content\/uploads\/Abel-Ferreira-e-fotografado-passando-instrucoes-durante-um-jogo-do-Palmeiras-768x432.webp 768w, https:\/\/www.gaveanews.com\/wp-content\/uploads\/Abel-Ferreira-e-fotografado-passando-instrucoes-durante-um-jogo-do-Palmeiras-746x420.webp 746w, https:\/\/www.gaveanews.com\/wp-content\/uploads\/Abel-Ferreira-e-fotografado-passando-instrucoes-durante-um-jogo-do-Palmeiras-1493x840.webp 1493w, https:\/\/www.gaveanews.com\/wp-content\/uploads\/Abel-Ferreira-e-fotografado-passando-instrucoes-durante-um-jogo-do-Palmeiras-640x360.webp 640w, https:\/\/www.gaveanews.com\/wp-content\/uploads\/Abel-Ferreira-e-fotografado-passando-instrucoes-durante-um-jogo-do-Palmeiras-1280x720.webp 1280w, https:\/\/www.gaveanews.com\/wp-content\/uploads\/Abel-Ferreira-e-fotografado-passando-instrucoes-durante-um-jogo-do-Palmeiras-681x383.webp 681w, https:\/\/www.gaveanews.com\/wp-content\/uploads\/Abel-Ferreira-e-fotografado-passando-instrucoes-durante-um-jogo-do-Palmeiras-1362x766.webp 1362w, https:\/\/www.gaveanews.com\/wp-content\/uploads\/Abel-Ferreira-e-fotografado-passando-instrucoes-durante-um-jogo-do-Palmeiras-100x56.webp 100w, https:\/\/www.gaveanews.com\/wp-content\/uploads\/Abel-Ferreira-e-fotografado-passando-instrucoes-durante-um-jogo-do-Palmeiras.webp 1500w\" sizes=\"auto, (max-width: 1024px) 100vw, 1024px\" \/><figcaption class=\"wp-element-caption\">Abel Ferreira \u00e9 fotografado passando instru\u00e7\u00f5es durante um jogo do Palmeiras (Foto: Cesar Greco\/Palmeiras)<\/figcaption><\/figure>\n\n\n\n<p>Durante a coletiva, Abel deu uma declara\u00e7\u00e3o que pode indicar seu futuro, afirmando que este ser\u00e1 seu \u00faltimo ano no Brasil. Seu contrato se encerra em dezembro, e, apesar do interesse da presidente Leila Pereira em renov\u00e1-lo at\u00e9 2027, ele ainda n\u00e3o definiu sua perman\u00eancia. <\/p>\n\n\n\n<p>O t\u00e9cnico tamb\u00e9m relembrou as dificuldades financeiras do clube antes de sua chegada e afirmou que, atualmente, o Palmeiras \u00e9 uma das equipes mais prestigiadas nacional e internacionalmente.<\/p>\n\n\n\n<p>Apesar do rev\u00e9s contra o Novorizontino, Abel pediu paci\u00eancia e uni\u00e3o da torcida, ressaltando que o time est\u00e1 em evolu\u00e7\u00e3o e que o momento exige equil\u00edbrio. O Palmeiras volta a campo na quarta-feira para enfrentar a Inter de Limeira pelo Campeonato Paulista, competi\u00e7\u00e3o na qual lidera o Grupo D com sete pontos.<\/p>\n\n\n\n<h2 class=\"wp-block-heading\" id=\"h-presente-para-klopp\">Presente para Klopp<\/h2>\n\n\n\n<p>O t\u00e9cnico Abel Ferreira presenteou J\u00fcrgen Klopp com um vinho especial de sua cole\u00e7\u00e3o pessoal, cuja embalagem traz seu pr\u00f3prio rosto estampado. O gesto foi acompanhado de uma declara\u00e7\u00e3o ousada, na qual Abel comparou seu n\u00famero de t\u00edtulos com os do ex-treinador do Liverpool. Ele destacou que, em menos tempo, conseguiu conquistar mais trof\u00e9us pelo Palmeiras do que Klopp em sua passagem pelo clube ingl\u00eas <strong><a href=\"https:\/\/www.gaveanews.com\/index.php\/2025\/01\/29\/palmeiras-veja-o-presente-que-abel-ferreira-entregou-a-jurgen-klopp\/\">(leia a mat\u00e9ria completa).<\/a><\/strong><\/p>\n\n\n\n<figure class=\"wp-block-image size-large\"><img loading=\"lazy\" decoding=\"async\" width=\"1024\" height=\"682\" src=\"http:\/\/www.gaveanews.com\/wp-content\/uploads\/Jurgen-Klopp-vibra-durante-um-jogo-do-Liverpool-edited-1024x682.webp\" alt=\"\" class=\"wp-image-119255\" srcset=\"https:\/\/www.gaveanews.com\/wp-content\/uploads\/Jurgen-Klopp-vibra-durante-um-jogo-do-Liverpool-edited-1024x682.webp 1024w, https:\/\/www.gaveanews.com\/wp-content\/uploads\/Jurgen-Klopp-vibra-durante-um-jogo-do-Liverpool-edited-300x200.webp 300w, https:\/\/www.gaveanews.com\/wp-content\/uploads\/Jurgen-Klopp-vibra-durante-um-jogo-do-Liverpool-edited-768x512.webp 768w, https:\/\/www.gaveanews.com\/wp-content\/uploads\/Jurgen-Klopp-vibra-durante-um-jogo-do-Liverpool-edited-630x420.webp 630w, https:\/\/www.gaveanews.com\/wp-content\/uploads\/Jurgen-Klopp-vibra-durante-um-jogo-do-Liverpool-edited-1260x840.webp 1260w, https:\/\/www.gaveanews.com\/wp-content\/uploads\/Jurgen-Klopp-vibra-durante-um-jogo-do-Liverpool-edited-640x427.webp 640w, https:\/\/www.gaveanews.com\/wp-content\/uploads\/Jurgen-Klopp-vibra-durante-um-jogo-do-Liverpool-edited-681x454.webp 681w, https:\/\/www.gaveanews.com\/wp-content\/uploads\/Jurgen-Klopp-vibra-durante-um-jogo-do-Liverpool-edited-100x67.webp 100w, https:\/\/www.gaveanews.com\/wp-content\/uploads\/Jurgen-Klopp-vibra-durante-um-jogo-do-Liverpool-edited.webp 1280w\" sizes=\"auto, (max-width: 1024px) 100vw, 1024px\" \/><figcaption class=\"wp-element-caption\">Jurgen Klopp vibra durante um jogo do Liverpool (Foto: Reprodu\u00e7\u00e3o\/Instagram)<\/figcaption><\/figure>\n\n\n\n<p>Desde sua chegada ao Palmeiras, em 2020, Abel Ferreira j\u00e1 acumulou 10 t\u00edtulos, incluindo duas Libertadores, dois Campeonatos Brasileiros e uma Copa do Brasil. Klopp, por sua vez, permaneceu sete anos no Liverpool e conquistou sete trof\u00e9us, como a Liga dos Campe\u00f5es e a Premier League. No entanto, ao longo da carreira, o treinador alem\u00e3o tem um total de 12 t\u00edtulos, somando tamb\u00e9m suas conquistas pelo Borussia Dortmund.<\/p>\n\n\n\n<p>A compara\u00e7\u00e3o entre os dois t\u00e9cnicos gerou debates, j\u00e1 que, apesar do grande sucesso de Abel no futebol brasileiro, Klopp tem um hist\u00f3rico mais longo e consolidado no futebol europeu. Ainda assim, a trajet\u00f3ria do portugu\u00eas no Palmeiras tem sido impressionante, consolidando-o como um dos treinadores mais vitoriosos da hist\u00f3ria do clube.<\/p>\n\n\n\n<h2 class=\"wp-block-heading\" id=\"h-revolta-da-torcida\">Revolta da torcida<\/h2>\n\n\n\n<p>A derrota do Palmeiras para o Novorizontino por 2 a 1, de virada, gerou revolta entre os torcedores, que protestaram contra a diretoria na Arena Barueri. A principal cr\u00edtica foi direcionada ao diretor de futebol Anderson Barros, com gritos de \u201cvergonha, vergonha, diretoria sem vergonha\u201d. O descontentamento da torcida se deve, principalmente, \u00e0 falta de refor\u00e7os de alto n\u00edvel, prometidos pela gest\u00e3o mas ainda n\u00e3o concretizados<a href=\"https:\/\/www.gaveanews.com\/index.php\/2025\/01\/26\/palmeiras-torcedores-se-revoltam-contra-diretoria\/\"> <strong>(leia a mat\u00e9ria completa).<\/strong><\/a><\/p>\n\n\n\n<figure class=\"wp-block-image size-large\"><img loading=\"lazy\" decoding=\"async\" width=\"1024\" height=\"683\" src=\"http:\/\/www.gaveanews.com\/wp-content\/uploads\/Jogadores-do-Palmeiras-reunidos-durante-partida-da-Copa-do-Brasil-2024-1024x683.webp\" alt=\"\" class=\"wp-image-158317\" srcset=\"https:\/\/www.gaveanews.com\/wp-content\/uploads\/Jogadores-do-Palmeiras-reunidos-durante-partida-da-Copa-do-Brasil-2024-1024x683.webp 1024w, https:\/\/www.gaveanews.com\/wp-content\/uploads\/Jogadores-do-Palmeiras-reunidos-durante-partida-da-Copa-do-Brasil-2024-300x200.webp 300w, https:\/\/www.gaveanews.com\/wp-content\/uploads\/Jogadores-do-Palmeiras-reunidos-durante-partida-da-Copa-do-Brasil-2024-768x512.webp 768w, https:\/\/www.gaveanews.com\/wp-content\/uploads\/Jogadores-do-Palmeiras-reunidos-durante-partida-da-Copa-do-Brasil-2024-629x420.webp 629w, https:\/\/www.gaveanews.com\/wp-content\/uploads\/Jogadores-do-Palmeiras-reunidos-durante-partida-da-Copa-do-Brasil-2024-640x427.webp 640w, https:\/\/www.gaveanews.com\/wp-content\/uploads\/Jogadores-do-Palmeiras-reunidos-durante-partida-da-Copa-do-Brasil-2024-681x454.webp 681w, https:\/\/www.gaveanews.com\/wp-content\/uploads\/Jogadores-do-Palmeiras-reunidos-durante-partida-da-Copa-do-Brasil-2024-100x67.webp 100w, https:\/\/www.gaveanews.com\/wp-content\/uploads\/Jogadores-do-Palmeiras-reunidos-durante-partida-da-Copa-do-Brasil-2024.webp 1187w\" sizes=\"auto, (max-width: 1024px) 100vw, 1024px\" \/><figcaption class=\"wp-element-caption\">Jogadores do Palmeiras reunidos durante partida da Copa do Brasil 2024 (Foto: Reprodu\u00e7\u00e3o\/Palmeiras)<\/figcaption><\/figure>\n\n\n\n<p>At\u00e9 o momento, o Verd\u00e3o contratou apenas Emiliano Mart\u00ednez para 2025, al\u00e9m de Facundo Torres e Paulinho no fim de 2024. A frustra\u00e7\u00e3o aumentou com a perda de Claudinho, que preferiu assinar com o Al-Sadd, do Catar, mesmo com negocia\u00e7\u00f5es avan\u00e7adas com o Palmeiras. Dentro de campo, o time comandado por Abel Ferreira abriu o placar com Facundo Torres, mas sofreu a virada ap\u00f3s falhas defensivas e segue sem convencer no Campeonato Paulista.<\/p>\n\n\n\n<p>Apesar da derrota, o Palmeiras ainda lidera o Grupo D, com sete pontos, mas pode perder a posi\u00e7\u00e3o ao longo da rodada. O pr\u00f3ximo desafio ser\u00e1 contra a Inter de Limeira, fora de casa, enquanto o Novorizontino enfrenta o Ituano. A press\u00e3o sobre a diretoria deve continuar caso o time n\u00e3o apresente uma rea\u00e7\u00e3o r\u00e1pida nos pr\u00f3ximos jogos.<\/p>\n","protected":false},"excerpt":{"rendered":"<p>Nas \u00faltimas horas, o foco das not\u00edcias sobre o Palmeiras se concentram nos bastidores doclube, com destaques do dia a dia do time. Por conta deste contexto, leia abaixo um resumo preparado pela equipe do portal G\u00e1vea News para lhe manter muito bem informado! Declara\u00e7\u00e3o de Abel Ferreira Ap\u00f3s a derrota do Palmeiras para o [&hellip;]<\/p>\n","protected":false},"author":27,"featured_media":155979,"comment_status":"open","ping_status":"closed","sticky":false,"template":"","format":"standard","meta":{"footnotes":""},"categories":[150],"tags":[],"class_list":["post-221021","post","type-post","status-publish","format-standard","has-post-thumbnail","hentry","category-palmeiras"],"yoast_head":"<!-- This site is optimized with the Yoast SEO Premium plugin v24.2 (Yoast SEO v26.9) - https:\/\/yoast.com\/product\/yoast-seo-premium-wordpress\/ -->\n<title>Revolta da torcida, presente para Klopp e declara\u00e7\u00e3o de Abel Ferreira: as \u00faltimas not\u00edcias do Palmeiras<\/title>\n<meta name=\"robots\" content=\"index, follow, max-snippet:-1, max-image-preview:large, max-video-preview:-1\" \/>\n<link rel=\"canonical\" href=\"https:\/\/www.gaveanews.com\/index.php\/2025\/01\/31\/revolta-da-torcida-presente-para-klopp-e-declaracao-de-abel-ferreira-as-ultimas-noticias-do-palmeiras\/\" \/>\n<meta property=\"og:locale\" content=\"pt_BR\" \/>\n<meta property=\"og:type\" content=\"article\" \/>\n<meta property=\"og:title\" content=\"Revolta da torcida, presente para Klopp e declara\u00e7\u00e3o de Abel Ferreira: as \u00faltimas not\u00edcias do Palmeiras\" \/>\n<meta property=\"og:description\" content=\"Nas \u00faltimas horas, o foco das not\u00edcias sobre o Palmeiras se concentram nos bastidores doclube, com destaques do dia a dia do time. Por conta deste contexto, leia abaixo um resumo preparado pela equipe do portal G\u00e1vea News para lhe manter muito bem informado! Declara\u00e7\u00e3o de Abel Ferreira Ap\u00f3s a derrota do Palmeiras para o [&hellip;]\" \/>\n<meta property=\"og:url\" content=\"https:\/\/www.gaveanews.com\/index.php\/2025\/01\/31\/revolta-da-torcida-presente-para-klopp-e-declaracao-de-abel-ferreira-as-ultimas-noticias-do-palmeiras\/\" \/>\n<meta property=\"og:site_name\" content=\"G\u00e1vea News\" \/>\n<meta property=\"article:publisher\" content=\"https:\/\/facebook.com\/gaveaNews\/\" \/>\n<meta property=\"article:published_time\" content=\"2025-01-31T08:25:00+00:00\" \/>\n<meta property=\"og:image\" content=\"https:\/\/www.gaveanews.com\/wp-content\/uploads\/torcida-do-palmeiras.webp\" \/>\n\t<meta property=\"og:image:width\" content=\"640\" \/>\n\t<meta property=\"og:image:height\" content=\"360\" \/>\n\t<meta property=\"og:image:type\" content=\"image\/jpeg\" \/>\n<meta name=\"author\" content=\"Matheus Felipe\" \/>\n<meta name=\"twitter:card\" content=\"summary_large_image\" \/>\n<meta name=\"twitter:label1\" content=\"Escrito por\" \/>\n\t<meta name=\"twitter:data1\" content=\"Matheus Felipe\" \/>\n\t<meta name=\"twitter:label2\" content=\"Est. tempo de leitura\" \/>\n\t<meta name=\"twitter:data2\" content=\"5 minutos\" \/>\n<script type=\"application\/ld+json\" class=\"yoast-schema-graph\">{\"@context\":\"https:\/\/schema.org\",\"@graph\":[{\"@type\":\"NewsArticle\",\"@id\":\"https:\/\/www.gaveanews.com\/index.php\/2025\/01\/31\/revolta-da-torcida-presente-para-klopp-e-declaracao-de-abel-ferreira-as-ultimas-noticias-do-palmeiras\/#article\",\"isPartOf\":{\"@id\":\"https:\/\/www.gaveanews.com\/index.php\/2025\/01\/31\/revolta-da-torcida-presente-para-klopp-e-declaracao-de-abel-ferreira-as-ultimas-noticias-do-palmeiras\/\"},\"author\":{\"name\":\"Matheus Felipe\",\"@id\":\"https:\/\/www.gaveanews.com\/#\/schema\/person\/8207cd4627f56151707418bfc835b2fb\"},\"headline\":\"Revolta da torcida, presente para Klopp e declara\u00e7\u00e3o de Abel Ferreira: as \u00faltimas not\u00edcias do Palmeiras\",\"datePublished\":\"2025-01-31T08:25:00+00:00\",\"mainEntityOfPage\":{\"@id\":\"https:\/\/www.gaveanews.com\/index.php\/2025\/01\/31\/revolta-da-torcida-presente-para-klopp-e-declaracao-de-abel-ferreira-as-ultimas-noticias-do-palmeiras\/\"},\"wordCount\":778,\"commentCount\":0,\"image\":{\"@id\":\"https:\/\/www.gaveanews.com\/index.php\/2025\/01\/31\/revolta-da-torcida-presente-para-klopp-e-declaracao-de-abel-ferreira-as-ultimas-noticias-do-palmeiras\/#primaryimage\"},\"thumbnailUrl\":\"https:\/\/www.gaveanews.com\/wp-content\/uploads\/torcida-do-palmeiras.webp\",\"articleSection\":[\"Palmeiras\"],\"inLanguage\":\"pt-BR\",\"potentialAction\":[{\"@type\":\"CommentAction\",\"name\":\"Comment\",\"target\":[\"https:\/\/www.gaveanews.com\/index.php\/2025\/01\/31\/revolta-da-torcida-presente-para-klopp-e-declaracao-de-abel-ferreira-as-ultimas-noticias-do-palmeiras\/#respond\"]}],\"copyrightYear\":\"2025\",\"copyrightHolder\":{\"@id\":\"https:\/\/www.gaveanews.com\/#organization\"}},{\"@type\":\"WebPage\",\"@id\":\"https:\/\/www.gaveanews.com\/index.php\/2025\/01\/31\/revolta-da-torcida-presente-para-klopp-e-declaracao-de-abel-ferreira-as-ultimas-noticias-do-palmeiras\/\",\"url\":\"https:\/\/www.gaveanews.com\/index.php\/2025\/01\/31\/revolta-da-torcida-presente-para-klopp-e-declaracao-de-abel-ferreira-as-ultimas-noticias-do-palmeiras\/\",\"name\":\"Revolta da torcida, presente para Klopp e declara\u00e7\u00e3o de Abel Ferreira: as \u00faltimas not\u00edcias do Palmeiras\",\"isPartOf\":{\"@id\":\"https:\/\/www.gaveanews.com\/#website\"},\"primaryImageOfPage\":{\"@id\":\"https:\/\/www.gaveanews.com\/index.php\/2025\/01\/31\/revolta-da-torcida-presente-para-klopp-e-declaracao-de-abel-ferreira-as-ultimas-noticias-do-palmeiras\/#primaryimage\"},\"image\":{\"@id\":\"https:\/\/www.gaveanews.com\/index.php\/2025\/01\/31\/revolta-da-torcida-presente-para-klopp-e-declaracao-de-abel-ferreira-as-ultimas-noticias-do-palmeiras\/#primaryimage\"},\"thumbnailUrl\":\"https:\/\/www.gaveanews.com\/wp-content\/uploads\/torcida-do-palmeiras.webp\",\"datePublished\":\"2025-01-31T08:25:00+00:00\",\"author\":{\"@id\":\"https:\/\/www.gaveanews.com\/#\/schema\/person\/8207cd4627f56151707418bfc835b2fb\"},\"breadcrumb\":{\"@id\":\"https:\/\/www.gaveanews.com\/index.php\/2025\/01\/31\/revolta-da-torcida-presente-para-klopp-e-declaracao-de-abel-ferreira-as-ultimas-noticias-do-palmeiras\/#breadcrumb\"},\"inLanguage\":\"pt-BR\",\"potentialAction\":[{\"@type\":\"ReadAction\",\"target\":[\"https:\/\/www.gaveanews.com\/index.php\/2025\/01\/31\/revolta-da-torcida-presente-para-klopp-e-declaracao-de-abel-ferreira-as-ultimas-noticias-do-palmeiras\/\"]}]},{\"@type\":\"ImageObject\",\"inLanguage\":\"pt-BR\",\"@id\":\"https:\/\/www.gaveanews.com\/index.php\/2025\/01\/31\/revolta-da-torcida-presente-para-klopp-e-declaracao-de-abel-ferreira-as-ultimas-noticias-do-palmeiras\/#primaryimage\",\"url\":\"https:\/\/www.gaveanews.com\/wp-content\/uploads\/torcida-do-palmeiras.webp\",\"contentUrl\":\"https:\/\/www.gaveanews.com\/wp-content\/uploads\/torcida-do-palmeiras.webp\",\"width\":640,\"height\":360,\"caption\":\"torcida do palmeiras (Foto: Cesar Greco\/Palmeiras)\"},{\"@type\":\"BreadcrumbList\",\"@id\":\"https:\/\/www.gaveanews.com\/index.php\/2025\/01\/31\/revolta-da-torcida-presente-para-klopp-e-declaracao-de-abel-ferreira-as-ultimas-noticias-do-palmeiras\/#breadcrumb\",\"itemListElement\":[{\"@type\":\"ListItem\",\"position\":1,\"name\":\"Home\",\"item\":\"https:\/\/www.gaveanews.com\/\"},{\"@type\":\"ListItem\",\"position\":2,\"name\":\"Revolta da torcida, presente para Klopp e declara\u00e7\u00e3o de Abel Ferreira: as \u00faltimas not\u00edcias do Palmeiras\"}]},{\"@type\":\"WebSite\",\"@id\":\"https:\/\/www.gaveanews.com\/#website\",\"url\":\"https:\/\/www.gaveanews.com\/\",\"name\":\"G\u00e1vea News\",\"description\":\"Veja todas as not\u00edcias sobre o Flamengo: Contrata\u00e7\u00f5es, categorias de base, resultados das partidas, tabela de classifica\u00e7\u00e3o, pr\u00f3ximos jogos!\",\"potentialAction\":[{\"@type\":\"SearchAction\",\"target\":{\"@type\":\"EntryPoint\",\"urlTemplate\":\"https:\/\/www.gaveanews.com\/?s={search_term_string}\"},\"query-input\":{\"@type\":\"PropertyValueSpecification\",\"valueRequired\":true,\"valueName\":\"search_term_string\"}}],\"inLanguage\":\"pt-BR\"},{\"@type\":\"Person\",\"@id\":\"https:\/\/www.gaveanews.com\/#\/schema\/person\/8207cd4627f56151707418bfc835b2fb\",\"name\":\"Matheus Felipe\",\"image\":{\"@type\":\"ImageObject\",\"inLanguage\":\"pt-BR\",\"@id\":\"https:\/\/www.gaveanews.com\/#\/schema\/person\/image\/\",\"url\":\"https:\/\/secure.gravatar.com\/avatar\/a452ffbed9130f726358b298bb3a99ce4bd3c5338411f8440e87e14d74c7c087?s=96&d=mm&r=g\",\"contentUrl\":\"https:\/\/secure.gravatar.com\/avatar\/a452ffbed9130f726358b298bb3a99ce4bd3c5338411f8440e87e14d74c7c087?s=96&d=mm&r=g\",\"caption\":\"Matheus Felipe\"}}]}<\/script>\n<!-- \/ Yoast SEO Premium plugin. -->","yoast_head_json":{"title":"Revolta da torcida, presente para Klopp e declara\u00e7\u00e3o de Abel Ferreira: as \u00faltimas not\u00edcias do Palmeiras","robots":{"index":"index","follow":"follow","max-snippet":"max-snippet:-1","max-image-preview":"max-image-preview:large","max-video-preview":"max-video-preview:-1"},"canonical":"https:\/\/www.gaveanews.com\/index.php\/2025\/01\/31\/revolta-da-torcida-presente-para-klopp-e-declaracao-de-abel-ferreira-as-ultimas-noticias-do-palmeiras\/","og_locale":"pt_BR","og_type":"article","og_title":"Revolta da torcida, presente para Klopp e declara\u00e7\u00e3o de Abel Ferreira: as \u00faltimas not\u00edcias do Palmeiras","og_description":"Nas \u00faltimas horas, o foco das not\u00edcias sobre o Palmeiras se concentram nos bastidores doclube, com destaques do dia a dia do time. Por conta deste contexto, leia abaixo um resumo preparado pela equipe do portal G\u00e1vea News para lhe manter muito bem informado! Declara\u00e7\u00e3o de Abel Ferreira Ap\u00f3s a derrota do Palmeiras para o [&hellip;]","og_url":"https:\/\/www.gaveanews.com\/index.php\/2025\/01\/31\/revolta-da-torcida-presente-para-klopp-e-declaracao-de-abel-ferreira-as-ultimas-noticias-do-palmeiras\/","og_site_name":"G\u00e1vea News","article_publisher":"https:\/\/facebook.com\/gaveaNews\/","article_published_time":"2025-01-31T08:25:00+00:00","og_image":[{"width":640,"height":360,"url":"https:\/\/www.gaveanews.com\/wp-content\/uploads\/torcida-do-palmeiras.webp","type":"image\/jpeg"}],"author":"Matheus Felipe","twitter_card":"summary_large_image","twitter_misc":{"Escrito por":"Matheus Felipe","Est. tempo de leitura":"5 minutos"},"schema":{"@context":"https:\/\/schema.org","@graph":[{"@type":"NewsArticle","@id":"https:\/\/www.gaveanews.com\/index.php\/2025\/01\/31\/revolta-da-torcida-presente-para-klopp-e-declaracao-de-abel-ferreira-as-ultimas-noticias-do-palmeiras\/#article","isPartOf":{"@id":"https:\/\/www.gaveanews.com\/index.php\/2025\/01\/31\/revolta-da-torcida-presente-para-klopp-e-declaracao-de-abel-ferreira-as-ultimas-noticias-do-palmeiras\/"},"author":{"name":"Matheus Felipe","@id":"https:\/\/www.gaveanews.com\/#\/schema\/person\/8207cd4627f56151707418bfc835b2fb"},"headline":"Revolta da torcida, presente para Klopp e declara\u00e7\u00e3o de Abel Ferreira: as \u00faltimas not\u00edcias do Palmeiras","datePublished":"2025-01-31T08:25:00+00:00","mainEntityOfPage":{"@id":"https:\/\/www.gaveanews.com\/index.php\/2025\/01\/31\/revolta-da-torcida-presente-para-klopp-e-declaracao-de-abel-ferreira-as-ultimas-noticias-do-palmeiras\/"},"wordCount":778,"commentCount":0,"image":{"@id":"https:\/\/www.gaveanews.com\/index.php\/2025\/01\/31\/revolta-da-torcida-presente-para-klopp-e-declaracao-de-abel-ferreira-as-ultimas-noticias-do-palmeiras\/#primaryimage"},"thumbnailUrl":"https:\/\/www.gaveanews.com\/wp-content\/uploads\/torcida-do-palmeiras.webp","articleSection":["Palmeiras"],"inLanguage":"pt-BR","potentialAction":[{"@type":"CommentAction","name":"Comment","target":["https:\/\/www.gaveanews.com\/index.php\/2025\/01\/31\/revolta-da-torcida-presente-para-klopp-e-declaracao-de-abel-ferreira-as-ultimas-noticias-do-palmeiras\/#respond"]}],"copyrightYear":"2025","copyrightHolder":{"@id":"https:\/\/www.gaveanews.com\/#organization"}},{"@type":"WebPage","@id":"https:\/\/www.gaveanews.com\/index.php\/2025\/01\/31\/revolta-da-torcida-presente-para-klopp-e-declaracao-de-abel-ferreira-as-ultimas-noticias-do-palmeiras\/","url":"https:\/\/www.gaveanews.com\/index.php\/2025\/01\/31\/revolta-da-torcida-presente-para-klopp-e-declaracao-de-abel-ferreira-as-ultimas-noticias-do-palmeiras\/","name":"Revolta da torcida, presente para Klopp e declara\u00e7\u00e3o de Abel Ferreira: as \u00faltimas not\u00edcias do Palmeiras","isPartOf":{"@id":"https:\/\/www.gaveanews.com\/#website"},"primaryImageOfPage":{"@id":"https:\/\/www.gaveanews.com\/index.php\/2025\/01\/31\/revolta-da-torcida-presente-para-klopp-e-declaracao-de-abel-ferreira-as-ultimas-noticias-do-palmeiras\/#primaryimage"},"image":{"@id":"https:\/\/www.gaveanews.com\/index.php\/2025\/01\/31\/revolta-da-torcida-presente-para-klopp-e-declaracao-de-abel-ferreira-as-ultimas-noticias-do-palmeiras\/#primaryimage"},"thumbnailUrl":"https:\/\/www.gaveanews.com\/wp-content\/uploads\/torcida-do-palmeiras.webp","datePublished":"2025-01-31T08:25:00+00:00","author":{"@id":"https:\/\/www.gaveanews.com\/#\/schema\/person\/8207cd4627f56151707418bfc835b2fb"},"breadcrumb":{"@id":"https:\/\/www.gaveanews.com\/index.php\/2025\/01\/31\/revolta-da-torcida-presente-para-klopp-e-declaracao-de-abel-ferreira-as-ultimas-noticias-do-palmeiras\/#breadcrumb"},"inLanguage":"pt-BR","potentialAction":[{"@type":"ReadAction","target":["https:\/\/www.gaveanews.com\/index.php\/2025\/01\/31\/revolta-da-torcida-presente-para-klopp-e-declaracao-de-abel-ferreira-as-ultimas-noticias-do-palmeiras\/"]}]},{"@type":"ImageObject","inLanguage":"pt-BR","@id":"https:\/\/www.gaveanews.com\/index.php\/2025\/01\/31\/revolta-da-torcida-presente-para-klopp-e-declaracao-de-abel-ferreira-as-ultimas-noticias-do-palmeiras\/#primaryimage","url":"https:\/\/www.gaveanews.com\/wp-content\/uploads\/torcida-do-palmeiras.webp","contentUrl":"https:\/\/www.gaveanews.com\/wp-content\/uploads\/torcida-do-palmeiras.webp","width":640,"height":360,"caption":"torcida do palmeiras (Foto: Cesar Greco\/Palmeiras)"},{"@type":"BreadcrumbList","@id":"https:\/\/www.gaveanews.com\/index.php\/2025\/01\/31\/revolta-da-torcida-presente-para-klopp-e-declaracao-de-abel-ferreira-as-ultimas-noticias-do-palmeiras\/#breadcrumb","itemListElement":[{"@type":"ListItem","position":1,"name":"Home","item":"https:\/\/www.gaveanews.com\/"},{"@type":"ListItem","position":2,"name":"Revolta da torcida, presente para Klopp e declara\u00e7\u00e3o de Abel Ferreira: as \u00faltimas not\u00edcias do Palmeiras"}]},{"@type":"WebSite","@id":"https:\/\/www.gaveanews.com\/#website","url":"https:\/\/www.gaveanews.com\/","name":"G\u00e1vea News","description":"Veja todas as not\u00edcias sobre o Flamengo: Contrata\u00e7\u00f5es, categorias de base, resultados das partidas, tabela de classifica\u00e7\u00e3o, pr\u00f3ximos jogos!","potentialAction":[{"@type":"SearchAction","target":{"@type":"EntryPoint","urlTemplate":"https:\/\/www.gaveanews.com\/?s={search_term_string}"},"query-input":{"@type":"PropertyValueSpecification","valueRequired":true,"valueName":"search_term_string"}}],"inLanguage":"pt-BR"},{"@type":"Person","@id":"https:\/\/www.gaveanews.com\/#\/schema\/person\/8207cd4627f56151707418bfc835b2fb","name":"Matheus Felipe","image":{"@type":"ImageObject","inLanguage":"pt-BR","@id":"https:\/\/www.gaveanews.com\/#\/schema\/person\/image\/","url":"https:\/\/secure.gravatar.com\/avatar\/a452ffbed9130f726358b298bb3a99ce4bd3c5338411f8440e87e14d74c7c087?s=96&d=mm&r=g","contentUrl":"https:\/\/secure.gravatar.com\/avatar\/a452ffbed9130f726358b298bb3a99ce4bd3c5338411f8440e87e14d74c7c087?s=96&d=mm&r=g","caption":"Matheus Felipe"}}]}},"_links":{"self":[{"href":"https:\/\/www.gaveanews.com\/index.php\/wp-json\/wp\/v2\/posts\/221021","targetHints":{"allow":["GET"]}}],"collection":[{"href":"https:\/\/www.gaveanews.com\/index.php\/wp-json\/wp\/v2\/posts"}],"about":[{"href":"https:\/\/www.gaveanews.com\/index.php\/wp-json\/wp\/v2\/types\/post"}],"author":[{"embeddable":true,"href":"https:\/\/www.gaveanews.com\/index.php\/wp-json\/wp\/v2\/users\/27"}],"replies":[{"embeddable":true,"href":"https:\/\/www.gaveanews.com\/index.php\/wp-json\/wp\/v2\/comments?post=221021"}],"version-history":[{"count":1,"href":"https:\/\/www.gaveanews.com\/index.php\/wp-json\/wp\/v2\/posts\/221021\/revisions"}],"predecessor-version":[{"id":221022,"href":"https:\/\/www.gaveanews.com\/index.php\/wp-json\/wp\/v2\/posts\/221021\/revisions\/221022"}],"wp:featuredmedia":[{"embeddable":true,"href":"https:\/\/www.gaveanews.com\/index.php\/wp-json\/wp\/v2\/media\/155979"}],"wp:attachment":[{"href":"https:\/\/www.gaveanews.com\/index.php\/wp-json\/wp\/v2\/media?parent=221021"}],"wp:term":[{"taxonomy":"category","embeddable":true,"href":"https:\/\/www.gaveanews.com\/index.php\/wp-json\/wp\/v2\/categories?post=221021"},{"taxonomy":"post_tag","embeddable":true,"href":"https:\/\/www.gaveanews.com\/index.php\/wp-json\/wp\/v2\/tags?post=221021"}],"curies":[{"name":"wp","href":"https:\/\/api.w.org\/{rel}","templated":true}]}}