{"id":221024,"date":"2025-01-31T05:30:00","date_gmt":"2025-01-31T08:30:00","guid":{"rendered":"https:\/\/www.gaveanews.com\/?p=221024"},"modified":"2025-01-31T02:11:23","modified_gmt":"2025-01-31T05:11:23","slug":"marcelo-no-santos-situacao-de-freytes-e-chegada-de-novo-reforco-as-ultimas-noticias-do-fluminense","status":"publish","type":"post","link":"https:\/\/www.gaveanews.com\/index.php\/2025\/01\/31\/marcelo-no-santos-situacao-de-freytes-e-chegada-de-novo-reforco-as-ultimas-noticias-do-fluminense\/","title":{"rendered":"Marcelo no Santos, situa\u00e7\u00e3o de Freytes e chegada de novo refor\u00e7o: as \u00faltimas not\u00edcias do Fluminense"},"content":{"rendered":"\n<p>Nas \u00faltimas horas, o foco das not\u00edcias sobre o Fluminense se concentram nos bastidores do<br>clube, com destaques do dia a dia do time.<\/p>\n\n\n\n<p>Por conta deste contexto, leia abaixo um resumo preparado pela equipe do portal G\u00e1vea News para lhe manter muito bem informado!<\/p>\n\n\n\n<h2 class=\"wp-block-heading\" id=\"h-chegada-de-novo-reforco\">Chegada de novo refor\u00e7o<\/h2>\n\n\n\n<p>O Fluminense anunciou a contrata\u00e7\u00e3o do lateral-direito Davy, de 17 anos, que chega por empr\u00e9stimo do Nova Igua\u00e7u para refor\u00e7ar o time sub-20. O jovem se destacou atuando em categorias acima da sua idade e at\u00e9 participou de atividades com o elenco principal do clube da Baixada Fluminense. Empolgado com a oportunidade, Davy afirmou estar &#8220;ainda tentando acreditar&#8221; que agora faz parte do Tricolor das Laranjeiras<strong>.<\/strong><\/p>\n\n\n\n<figure class=\"wp-block-image size-full\"><img loading=\"lazy\" decoding=\"async\" width=\"850\" height=\"530\" src=\"http:\/\/www.gaveanews.com\/wp-content\/uploads\/53413588107_df8d1cb73b_k-aspect-ratio-512-320-2.webp\" alt=\"\" class=\"wp-image-141970\" srcset=\"https:\/\/www.gaveanews.com\/wp-content\/uploads\/53413588107_df8d1cb73b_k-aspect-ratio-512-320-2.webp 850w, https:\/\/www.gaveanews.com\/wp-content\/uploads\/53413588107_df8d1cb73b_k-aspect-ratio-512-320-2-300x187.webp 300w, https:\/\/www.gaveanews.com\/wp-content\/uploads\/53413588107_df8d1cb73b_k-aspect-ratio-512-320-2-768x479.webp 768w, https:\/\/www.gaveanews.com\/wp-content\/uploads\/53413588107_df8d1cb73b_k-aspect-ratio-512-320-2-674x420.webp 674w, https:\/\/www.gaveanews.com\/wp-content\/uploads\/53413588107_df8d1cb73b_k-aspect-ratio-512-320-2-640x399.webp 640w, https:\/\/www.gaveanews.com\/wp-content\/uploads\/53413588107_df8d1cb73b_k-aspect-ratio-512-320-2-681x425.webp 681w, https:\/\/www.gaveanews.com\/wp-content\/uploads\/53413588107_df8d1cb73b_k-aspect-ratio-512-320-2-100x62.webp 100w\" sizes=\"auto, (max-width: 850px) 100vw, 850px\" \/><figcaption class=\"wp-element-caption\">Foto: Lucas Mer\u00e7on\/Fluminense<\/figcaption><\/figure>\n\n\n\n<p>Davy j\u00e1 est\u00e1 integrado ao elenco sub-20 do Fluminense, composto por jogadores que n\u00e3o disputaram a Copa S\u00e3o Paulo de Futebol J\u00fanior. <\/p>\n\n\n\n<p>Na \u00faltima temporada, ele disputou 27 partidas pelo sub-17 do Nova Igua\u00e7u e marcou dois gols, al\u00e9m de ter atuado duas vezes pelo sub-20, onde chamou a aten\u00e7\u00e3o dos olheiros do Flu.<\/p>\n\n\n\n<p>No time profissional, o t\u00e9cnico Mano Menezes conta com Guga e Samuel Xavier para a lateral-direita, promovendo uma disputa pela titularidade. O Fluminense segue atento ao mercado e continua investindo em jovens promessas para fortalecer sua base e garantir um futuro competitivo para o clube.<\/p>\n\n\n\n<h2 class=\"wp-block-heading\" id=\"h-situacao-de-freytes\">Situa\u00e7\u00e3o de Freytes<\/h2>\n\n\n\n<p>O zagueiro argentino Juan Freytes, contratado pelo Fluminense por 3,3 milh\u00f5es de d\u00f3lares (cerca de R$ 20 milh\u00f5es), ainda n\u00e3o recebeu uma oportunidade como titular sob o comando de Mano Menezes. Apesar da expectativa de que refor\u00e7aria a defesa tricolor, o jogador tem sido preterido em favor de nomes como Ign\u00e1cio, Thiago Santos, Thiago Silva e Manoel<strong><a href=\"https:\/\/www.gaveanews.com\/index.php\/2025\/01\/29\/ele-custou-uma-fortuna-ao-fluminense-mas-ainda-nao-foi-utilizado-por-mano-menezes\/\"> (leia a mat\u00e9ria completa).<\/a><\/strong><\/p>\n\n\n\n<figure class=\"wp-block-image size-full\"><img loading=\"lazy\" decoding=\"async\" width=\"799\" height=\"533\" src=\"http:\/\/www.gaveanews.com\/wp-content\/uploads\/Mano-Menezes-durante-Fluminense-x-Palmeiras-em-2024.webp\" alt=\"\" class=\"wp-image-154433\" srcset=\"https:\/\/www.gaveanews.com\/wp-content\/uploads\/Mano-Menezes-durante-Fluminense-x-Palmeiras-em-2024.webp 799w, https:\/\/www.gaveanews.com\/wp-content\/uploads\/Mano-Menezes-durante-Fluminense-x-Palmeiras-em-2024-300x200.webp 300w, https:\/\/www.gaveanews.com\/wp-content\/uploads\/Mano-Menezes-durante-Fluminense-x-Palmeiras-em-2024-768x512.webp 768w, https:\/\/www.gaveanews.com\/wp-content\/uploads\/Mano-Menezes-durante-Fluminense-x-Palmeiras-em-2024-630x420.webp 630w, https:\/\/www.gaveanews.com\/wp-content\/uploads\/Mano-Menezes-durante-Fluminense-x-Palmeiras-em-2024-640x427.webp 640w, https:\/\/www.gaveanews.com\/wp-content\/uploads\/Mano-Menezes-durante-Fluminense-x-Palmeiras-em-2024-681x454.webp 681w, https:\/\/www.gaveanews.com\/wp-content\/uploads\/Mano-Menezes-durante-Fluminense-x-Palmeiras-em-2024-100x67.webp 100w\" sizes=\"auto, (max-width: 799px) 100vw, 799px\" \/><figcaption class=\"wp-element-caption\">Mano Menezes durante Fluminense x Palmeiras em 2024 (Foto: Lucas Mer\u00e7on \/ Fluminense F.C)<\/figcaption><\/figure>\n\n\n\n<p>Freytes fez suas primeiras apari\u00e7\u00f5es em jogos contra Maric\u00e1 e Volta Redonda, atuando como lateral-esquerdo e, posteriormente, como zagueiro ao lado de Ign\u00e1cio. No entanto, o defensor cometeu erros que resultaram em gols sofridos pelo Fluminense, o que pode ter levado Mano Menezes a adotar cautela em sua utiliza\u00e7\u00e3o. O treinador parece estar aguardando uma melhor adapta\u00e7\u00e3o do argentino ao elenco antes de integr\u00e1-lo \u00e0 equipe principal.<\/p>\n\n\n\n<p>Com passagem por clubes como Newell\u2019s Old Boys, Alianza Lima e Uni\u00f3n La Calera, Freytes se destacou na \u00faltima temporada ao disputar 40 partidas, marcar quatro gols e fornecer quatro assist\u00eancias. Agora, a torcida tricolor aguarda ansiosa para ver se o alto investimento no defensor se justificar\u00e1 em campo e se ele conseguir\u00e1 se firmar na defesa do Fluminense ao longo da temporada.<\/p>\n\n\n\n<h2 class=\"wp-block-heading\" id=\"h-marcelo-no-santos\">Marcelo no Santos<\/h2>\n\n\n\n<p>O Santos est\u00e1 interessado na contrata\u00e7\u00e3o de Marcelo, ex-Real Madrid e Fluminense, para refor\u00e7ar seu elenco na temporada de 2025. O lateral-esquerdo, que conquistou a Libertadores pelo Tricolor carioca em 2023, est\u00e1 sem clube desde sua sa\u00edda no fim daquele ano. Embora ainda n\u00e3o haja negocia\u00e7\u00f5es oficiais, a especula\u00e7\u00e3o aumentou depois que o jogador seguiu o perfil oficial do Santos nas redes sociais, gesto que chamou a aten\u00e7\u00e3o da torcida<strong><a href=\"https:\/\/www.gaveanews.com\/index.php\/2025\/01\/29\/campeao-da-libertadores-com-o-fluminense-pode-reforcar-o-santos\/\"> (leia a mat\u00e9ria completa).<\/a><\/strong><\/p>\n\n\n\n<figure class=\"wp-block-image size-full\"><img loading=\"lazy\" decoding=\"async\" width=\"774\" height=\"436\" src=\"http:\/\/www.gaveanews.com\/wp-content\/uploads\/Marcelo-pelo-Fluminense.webp\" alt=\"\" class=\"wp-image-167658\" srcset=\"https:\/\/www.gaveanews.com\/wp-content\/uploads\/Marcelo-pelo-Fluminense.webp 774w, https:\/\/www.gaveanews.com\/wp-content\/uploads\/Marcelo-pelo-Fluminense-300x169.webp 300w, https:\/\/www.gaveanews.com\/wp-content\/uploads\/Marcelo-pelo-Fluminense-768x433.webp 768w, https:\/\/www.gaveanews.com\/wp-content\/uploads\/Marcelo-pelo-Fluminense-746x420.webp 746w, https:\/\/www.gaveanews.com\/wp-content\/uploads\/Marcelo-pelo-Fluminense-640x361.webp 640w, https:\/\/www.gaveanews.com\/wp-content\/uploads\/Marcelo-pelo-Fluminense-681x384.webp 681w, https:\/\/www.gaveanews.com\/wp-content\/uploads\/Marcelo-pelo-Fluminense-100x56.webp 100w\" sizes=\"auto, (max-width: 774px) 100vw, 774px\" \/><figcaption class=\"wp-element-caption\">Marcelo pelo Fluminense (Foto: Mailson Santana\/Fluminense)<\/figcaption><\/figure>\n\n\n\n<p>Al\u00e9m de Marcelo, o clube paulista monitora outros nomes de peso, como Arthur, ex-Barcelona e atualmente na Juventus, e Sergio Ramos, \u00eddolo do Real Madrid. No entanto, o alto sal\u00e1rio do zagueiro espanhol, estimado em R$ 3,5 milh\u00f5es mensais, representa um desafio para as finan\u00e7as do Peixe. J\u00e1 as tratativas por Arthur parecem mais avan\u00e7adas, mas ainda sem uma defini\u00e7\u00e3o concreta.<\/p>\n\n\n\n<p>A diretoria santista trabalha para equilibrar ambi\u00e7\u00e3o e sustentabilidade financeira, refor\u00e7ando o time sem comprometer as contas do clube. A chegada de um nome como Marcelo poderia agregar experi\u00eancia e lideran\u00e7a ao elenco, al\u00e9m de aumentar a visibilidade internacional do Santos. Com a janela de transfer\u00eancias ainda aberta, o clube segue em busca de refor\u00e7os estrat\u00e9gicos para a temporada.<\/p>\n","protected":false},"excerpt":{"rendered":"<p>Nas \u00faltimas horas, o foco das not\u00edcias sobre o Fluminense se concentram nos bastidores doclube, com destaques do dia a dia do time. Por conta deste contexto, leia abaixo um resumo preparado pela equipe do portal G\u00e1vea News para lhe manter muito bem informado! Chegada de novo refor\u00e7o O Fluminense anunciou a contrata\u00e7\u00e3o do lateral-direito [&hellip;]<\/p>\n","protected":false},"author":27,"featured_media":139474,"comment_status":"open","ping_status":"closed","sticky":false,"template":"","format":"standard","meta":{"footnotes":""},"categories":[145],"tags":[],"class_list":["post-221024","post","type-post","status-publish","format-standard","has-post-thumbnail","hentry","category-fluminense"],"yoast_head":"<!-- This site is optimized with the Yoast SEO Premium plugin v24.2 (Yoast SEO v26.9) - https:\/\/yoast.com\/product\/yoast-seo-premium-wordpress\/ -->\n<title>Marcelo no Santos, situa\u00e7\u00e3o de Freytes e chegada de novo refor\u00e7o: as \u00faltimas not\u00edcias do Fluminense<\/title>\n<meta name=\"robots\" content=\"index, follow, max-snippet:-1, max-image-preview:large, max-video-preview:-1\" \/>\n<link rel=\"canonical\" href=\"https:\/\/www.gaveanews.com\/index.php\/2025\/01\/31\/marcelo-no-santos-situacao-de-freytes-e-chegada-de-novo-reforco-as-ultimas-noticias-do-fluminense\/\" \/>\n<meta property=\"og:locale\" content=\"pt_BR\" \/>\n<meta property=\"og:type\" content=\"article\" \/>\n<meta property=\"og:title\" content=\"Marcelo no Santos, situa\u00e7\u00e3o de Freytes e chegada de novo refor\u00e7o: as \u00faltimas not\u00edcias do Fluminense\" \/>\n<meta property=\"og:description\" content=\"Nas \u00faltimas horas, o foco das not\u00edcias sobre o Fluminense se concentram nos bastidores doclube, com destaques do dia a dia do time. Por conta deste contexto, leia abaixo um resumo preparado pela equipe do portal G\u00e1vea News para lhe manter muito bem informado! Chegada de novo refor\u00e7o O Fluminense anunciou a contrata\u00e7\u00e3o do lateral-direito [&hellip;]\" \/>\n<meta property=\"og:url\" content=\"https:\/\/www.gaveanews.com\/index.php\/2025\/01\/31\/marcelo-no-santos-situacao-de-freytes-e-chegada-de-novo-reforco-as-ultimas-noticias-do-fluminense\/\" \/>\n<meta property=\"og:site_name\" content=\"G\u00e1vea News\" \/>\n<meta property=\"article:publisher\" content=\"https:\/\/facebook.com\/gaveaNews\/\" \/>\n<meta property=\"article:published_time\" content=\"2025-01-31T08:30:00+00:00\" \/>\n<meta property=\"og:image\" content=\"https:\/\/www.gaveanews.com\/wp-content\/uploads\/Bandeira-Fluminense.webp\" \/>\n\t<meta property=\"og:image:width\" content=\"700\" \/>\n\t<meta property=\"og:image:height\" content=\"438\" \/>\n\t<meta property=\"og:image:type\" content=\"image\/jpeg\" \/>\n<meta name=\"author\" content=\"Matheus Felipe\" \/>\n<meta name=\"twitter:card\" content=\"summary_large_image\" \/>\n<meta name=\"twitter:label1\" content=\"Escrito por\" \/>\n\t<meta name=\"twitter:data1\" content=\"Matheus Felipe\" \/>\n\t<meta name=\"twitter:label2\" content=\"Est. tempo de leitura\" \/>\n\t<meta name=\"twitter:data2\" content=\"5 minutos\" \/>\n<script type=\"application\/ld+json\" class=\"yoast-schema-graph\">{\"@context\":\"https:\/\/schema.org\",\"@graph\":[{\"@type\":\"NewsArticle\",\"@id\":\"https:\/\/www.gaveanews.com\/index.php\/2025\/01\/31\/marcelo-no-santos-situacao-de-freytes-e-chegada-de-novo-reforco-as-ultimas-noticias-do-fluminense\/#article\",\"isPartOf\":{\"@id\":\"https:\/\/www.gaveanews.com\/index.php\/2025\/01\/31\/marcelo-no-santos-situacao-de-freytes-e-chegada-de-novo-reforco-as-ultimas-noticias-do-fluminense\/\"},\"author\":{\"name\":\"Matheus Felipe\",\"@id\":\"https:\/\/www.gaveanews.com\/#\/schema\/person\/8207cd4627f56151707418bfc835b2fb\"},\"headline\":\"Marcelo no Santos, situa\u00e7\u00e3o de Freytes e chegada de novo refor\u00e7o: as \u00faltimas not\u00edcias do Fluminense\",\"datePublished\":\"2025-01-31T08:30:00+00:00\",\"mainEntityOfPage\":{\"@id\":\"https:\/\/www.gaveanews.com\/index.php\/2025\/01\/31\/marcelo-no-santos-situacao-de-freytes-e-chegada-de-novo-reforco-as-ultimas-noticias-do-fluminense\/\"},\"wordCount\":692,\"commentCount\":0,\"image\":{\"@id\":\"https:\/\/www.gaveanews.com\/index.php\/2025\/01\/31\/marcelo-no-santos-situacao-de-freytes-e-chegada-de-novo-reforco-as-ultimas-noticias-do-fluminense\/#primaryimage\"},\"thumbnailUrl\":\"https:\/\/www.gaveanews.com\/wp-content\/uploads\/Bandeira-Fluminense.webp\",\"articleSection\":[\"Fluminense\"],\"inLanguage\":\"pt-BR\",\"potentialAction\":[{\"@type\":\"CommentAction\",\"name\":\"Comment\",\"target\":[\"https:\/\/www.gaveanews.com\/index.php\/2025\/01\/31\/marcelo-no-santos-situacao-de-freytes-e-chegada-de-novo-reforco-as-ultimas-noticias-do-fluminense\/#respond\"]}],\"copyrightYear\":\"2025\",\"copyrightHolder\":{\"@id\":\"https:\/\/www.gaveanews.com\/#organization\"}},{\"@type\":\"WebPage\",\"@id\":\"https:\/\/www.gaveanews.com\/index.php\/2025\/01\/31\/marcelo-no-santos-situacao-de-freytes-e-chegada-de-novo-reforco-as-ultimas-noticias-do-fluminense\/\",\"url\":\"https:\/\/www.gaveanews.com\/index.php\/2025\/01\/31\/marcelo-no-santos-situacao-de-freytes-e-chegada-de-novo-reforco-as-ultimas-noticias-do-fluminense\/\",\"name\":\"Marcelo no Santos, situa\u00e7\u00e3o de Freytes e chegada de novo refor\u00e7o: as \u00faltimas not\u00edcias do Fluminense\",\"isPartOf\":{\"@id\":\"https:\/\/www.gaveanews.com\/#website\"},\"primaryImageOfPage\":{\"@id\":\"https:\/\/www.gaveanews.com\/index.php\/2025\/01\/31\/marcelo-no-santos-situacao-de-freytes-e-chegada-de-novo-reforco-as-ultimas-noticias-do-fluminense\/#primaryimage\"},\"image\":{\"@id\":\"https:\/\/www.gaveanews.com\/index.php\/2025\/01\/31\/marcelo-no-santos-situacao-de-freytes-e-chegada-de-novo-reforco-as-ultimas-noticias-do-fluminense\/#primaryimage\"},\"thumbnailUrl\":\"https:\/\/www.gaveanews.com\/wp-content\/uploads\/Bandeira-Fluminense.webp\",\"datePublished\":\"2025-01-31T08:30:00+00:00\",\"author\":{\"@id\":\"https:\/\/www.gaveanews.com\/#\/schema\/person\/8207cd4627f56151707418bfc835b2fb\"},\"breadcrumb\":{\"@id\":\"https:\/\/www.gaveanews.com\/index.php\/2025\/01\/31\/marcelo-no-santos-situacao-de-freytes-e-chegada-de-novo-reforco-as-ultimas-noticias-do-fluminense\/#breadcrumb\"},\"inLanguage\":\"pt-BR\",\"potentialAction\":[{\"@type\":\"ReadAction\",\"target\":[\"https:\/\/www.gaveanews.com\/index.php\/2025\/01\/31\/marcelo-no-santos-situacao-de-freytes-e-chegada-de-novo-reforco-as-ultimas-noticias-do-fluminense\/\"]}]},{\"@type\":\"ImageObject\",\"inLanguage\":\"pt-BR\",\"@id\":\"https:\/\/www.gaveanews.com\/index.php\/2025\/01\/31\/marcelo-no-santos-situacao-de-freytes-e-chegada-de-novo-reforco-as-ultimas-noticias-do-fluminense\/#primaryimage\",\"url\":\"https:\/\/www.gaveanews.com\/wp-content\/uploads\/Bandeira-Fluminense.webp\",\"contentUrl\":\"https:\/\/www.gaveanews.com\/wp-content\/uploads\/Bandeira-Fluminense.webp\",\"width\":700,\"height\":438,\"caption\":\"Bandeira Fluminense\"},{\"@type\":\"BreadcrumbList\",\"@id\":\"https:\/\/www.gaveanews.com\/index.php\/2025\/01\/31\/marcelo-no-santos-situacao-de-freytes-e-chegada-de-novo-reforco-as-ultimas-noticias-do-fluminense\/#breadcrumb\",\"itemListElement\":[{\"@type\":\"ListItem\",\"position\":1,\"name\":\"Home\",\"item\":\"https:\/\/www.gaveanews.com\/\"},{\"@type\":\"ListItem\",\"position\":2,\"name\":\"Marcelo no Santos, situa\u00e7\u00e3o de Freytes e chegada de novo refor\u00e7o: as \u00faltimas not\u00edcias do Fluminense\"}]},{\"@type\":\"WebSite\",\"@id\":\"https:\/\/www.gaveanews.com\/#website\",\"url\":\"https:\/\/www.gaveanews.com\/\",\"name\":\"G\u00e1vea News\",\"description\":\"Veja todas as not\u00edcias sobre o Flamengo: Contrata\u00e7\u00f5es, categorias de base, resultados das partidas, tabela de classifica\u00e7\u00e3o, pr\u00f3ximos jogos!\",\"potentialAction\":[{\"@type\":\"SearchAction\",\"target\":{\"@type\":\"EntryPoint\",\"urlTemplate\":\"https:\/\/www.gaveanews.com\/?s={search_term_string}\"},\"query-input\":{\"@type\":\"PropertyValueSpecification\",\"valueRequired\":true,\"valueName\":\"search_term_string\"}}],\"inLanguage\":\"pt-BR\"},{\"@type\":\"Person\",\"@id\":\"https:\/\/www.gaveanews.com\/#\/schema\/person\/8207cd4627f56151707418bfc835b2fb\",\"name\":\"Matheus Felipe\",\"image\":{\"@type\":\"ImageObject\",\"inLanguage\":\"pt-BR\",\"@id\":\"https:\/\/www.gaveanews.com\/#\/schema\/person\/image\/\",\"url\":\"https:\/\/secure.gravatar.com\/avatar\/a452ffbed9130f726358b298bb3a99ce4bd3c5338411f8440e87e14d74c7c087?s=96&d=mm&r=g\",\"contentUrl\":\"https:\/\/secure.gravatar.com\/avatar\/a452ffbed9130f726358b298bb3a99ce4bd3c5338411f8440e87e14d74c7c087?s=96&d=mm&r=g\",\"caption\":\"Matheus Felipe\"}}]}<\/script>\n<!-- \/ Yoast SEO Premium plugin. -->","yoast_head_json":{"title":"Marcelo no Santos, situa\u00e7\u00e3o de Freytes e chegada de novo refor\u00e7o: as \u00faltimas not\u00edcias do Fluminense","robots":{"index":"index","follow":"follow","max-snippet":"max-snippet:-1","max-image-preview":"max-image-preview:large","max-video-preview":"max-video-preview:-1"},"canonical":"https:\/\/www.gaveanews.com\/index.php\/2025\/01\/31\/marcelo-no-santos-situacao-de-freytes-e-chegada-de-novo-reforco-as-ultimas-noticias-do-fluminense\/","og_locale":"pt_BR","og_type":"article","og_title":"Marcelo no Santos, situa\u00e7\u00e3o de Freytes e chegada de novo refor\u00e7o: as \u00faltimas not\u00edcias do Fluminense","og_description":"Nas \u00faltimas horas, o foco das not\u00edcias sobre o Fluminense se concentram nos bastidores doclube, com destaques do dia a dia do time. Por conta deste contexto, leia abaixo um resumo preparado pela equipe do portal G\u00e1vea News para lhe manter muito bem informado! Chegada de novo refor\u00e7o O Fluminense anunciou a contrata\u00e7\u00e3o do lateral-direito [&hellip;]","og_url":"https:\/\/www.gaveanews.com\/index.php\/2025\/01\/31\/marcelo-no-santos-situacao-de-freytes-e-chegada-de-novo-reforco-as-ultimas-noticias-do-fluminense\/","og_site_name":"G\u00e1vea News","article_publisher":"https:\/\/facebook.com\/gaveaNews\/","article_published_time":"2025-01-31T08:30:00+00:00","og_image":[{"width":700,"height":438,"url":"https:\/\/www.gaveanews.com\/wp-content\/uploads\/Bandeira-Fluminense.webp","type":"image\/jpeg"}],"author":"Matheus Felipe","twitter_card":"summary_large_image","twitter_misc":{"Escrito por":"Matheus Felipe","Est. tempo de leitura":"5 minutos"},"schema":{"@context":"https:\/\/schema.org","@graph":[{"@type":"NewsArticle","@id":"https:\/\/www.gaveanews.com\/index.php\/2025\/01\/31\/marcelo-no-santos-situacao-de-freytes-e-chegada-de-novo-reforco-as-ultimas-noticias-do-fluminense\/#article","isPartOf":{"@id":"https:\/\/www.gaveanews.com\/index.php\/2025\/01\/31\/marcelo-no-santos-situacao-de-freytes-e-chegada-de-novo-reforco-as-ultimas-noticias-do-fluminense\/"},"author":{"name":"Matheus Felipe","@id":"https:\/\/www.gaveanews.com\/#\/schema\/person\/8207cd4627f56151707418bfc835b2fb"},"headline":"Marcelo no Santos, situa\u00e7\u00e3o de Freytes e chegada de novo refor\u00e7o: as \u00faltimas not\u00edcias do Fluminense","datePublished":"2025-01-31T08:30:00+00:00","mainEntityOfPage":{"@id":"https:\/\/www.gaveanews.com\/index.php\/2025\/01\/31\/marcelo-no-santos-situacao-de-freytes-e-chegada-de-novo-reforco-as-ultimas-noticias-do-fluminense\/"},"wordCount":692,"commentCount":0,"image":{"@id":"https:\/\/www.gaveanews.com\/index.php\/2025\/01\/31\/marcelo-no-santos-situacao-de-freytes-e-chegada-de-novo-reforco-as-ultimas-noticias-do-fluminense\/#primaryimage"},"thumbnailUrl":"https:\/\/www.gaveanews.com\/wp-content\/uploads\/Bandeira-Fluminense.webp","articleSection":["Fluminense"],"inLanguage":"pt-BR","potentialAction":[{"@type":"CommentAction","name":"Comment","target":["https:\/\/www.gaveanews.com\/index.php\/2025\/01\/31\/marcelo-no-santos-situacao-de-freytes-e-chegada-de-novo-reforco-as-ultimas-noticias-do-fluminense\/#respond"]}],"copyrightYear":"2025","copyrightHolder":{"@id":"https:\/\/www.gaveanews.com\/#organization"}},{"@type":"WebPage","@id":"https:\/\/www.gaveanews.com\/index.php\/2025\/01\/31\/marcelo-no-santos-situacao-de-freytes-e-chegada-de-novo-reforco-as-ultimas-noticias-do-fluminense\/","url":"https:\/\/www.gaveanews.com\/index.php\/2025\/01\/31\/marcelo-no-santos-situacao-de-freytes-e-chegada-de-novo-reforco-as-ultimas-noticias-do-fluminense\/","name":"Marcelo no Santos, situa\u00e7\u00e3o de Freytes e chegada de novo refor\u00e7o: as \u00faltimas not\u00edcias do Fluminense","isPartOf":{"@id":"https:\/\/www.gaveanews.com\/#website"},"primaryImageOfPage":{"@id":"https:\/\/www.gaveanews.com\/index.php\/2025\/01\/31\/marcelo-no-santos-situacao-de-freytes-e-chegada-de-novo-reforco-as-ultimas-noticias-do-fluminense\/#primaryimage"},"image":{"@id":"https:\/\/www.gaveanews.com\/index.php\/2025\/01\/31\/marcelo-no-santos-situacao-de-freytes-e-chegada-de-novo-reforco-as-ultimas-noticias-do-fluminense\/#primaryimage"},"thumbnailUrl":"https:\/\/www.gaveanews.com\/wp-content\/uploads\/Bandeira-Fluminense.webp","datePublished":"2025-01-31T08:30:00+00:00","author":{"@id":"https:\/\/www.gaveanews.com\/#\/schema\/person\/8207cd4627f56151707418bfc835b2fb"},"breadcrumb":{"@id":"https:\/\/www.gaveanews.com\/index.php\/2025\/01\/31\/marcelo-no-santos-situacao-de-freytes-e-chegada-de-novo-reforco-as-ultimas-noticias-do-fluminense\/#breadcrumb"},"inLanguage":"pt-BR","potentialAction":[{"@type":"ReadAction","target":["https:\/\/www.gaveanews.com\/index.php\/2025\/01\/31\/marcelo-no-santos-situacao-de-freytes-e-chegada-de-novo-reforco-as-ultimas-noticias-do-fluminense\/"]}]},{"@type":"ImageObject","inLanguage":"pt-BR","@id":"https:\/\/www.gaveanews.com\/index.php\/2025\/01\/31\/marcelo-no-santos-situacao-de-freytes-e-chegada-de-novo-reforco-as-ultimas-noticias-do-fluminense\/#primaryimage","url":"https:\/\/www.gaveanews.com\/wp-content\/uploads\/Bandeira-Fluminense.webp","contentUrl":"https:\/\/www.gaveanews.com\/wp-content\/uploads\/Bandeira-Fluminense.webp","width":700,"height":438,"caption":"Bandeira Fluminense"},{"@type":"BreadcrumbList","@id":"https:\/\/www.gaveanews.com\/index.php\/2025\/01\/31\/marcelo-no-santos-situacao-de-freytes-e-chegada-de-novo-reforco-as-ultimas-noticias-do-fluminense\/#breadcrumb","itemListElement":[{"@type":"ListItem","position":1,"name":"Home","item":"https:\/\/www.gaveanews.com\/"},{"@type":"ListItem","position":2,"name":"Marcelo no Santos, situa\u00e7\u00e3o de Freytes e chegada de novo refor\u00e7o: as \u00faltimas not\u00edcias do Fluminense"}]},{"@type":"WebSite","@id":"https:\/\/www.gaveanews.com\/#website","url":"https:\/\/www.gaveanews.com\/","name":"G\u00e1vea News","description":"Veja todas as not\u00edcias sobre o Flamengo: Contrata\u00e7\u00f5es, categorias de base, resultados das partidas, tabela de classifica\u00e7\u00e3o, pr\u00f3ximos jogos!","potentialAction":[{"@type":"SearchAction","target":{"@type":"EntryPoint","urlTemplate":"https:\/\/www.gaveanews.com\/?s={search_term_string}"},"query-input":{"@type":"PropertyValueSpecification","valueRequired":true,"valueName":"search_term_string"}}],"inLanguage":"pt-BR"},{"@type":"Person","@id":"https:\/\/www.gaveanews.com\/#\/schema\/person\/8207cd4627f56151707418bfc835b2fb","name":"Matheus Felipe","image":{"@type":"ImageObject","inLanguage":"pt-BR","@id":"https:\/\/www.gaveanews.com\/#\/schema\/person\/image\/","url":"https:\/\/secure.gravatar.com\/avatar\/a452ffbed9130f726358b298bb3a99ce4bd3c5338411f8440e87e14d74c7c087?s=96&d=mm&r=g","contentUrl":"https:\/\/secure.gravatar.com\/avatar\/a452ffbed9130f726358b298bb3a99ce4bd3c5338411f8440e87e14d74c7c087?s=96&d=mm&r=g","caption":"Matheus Felipe"}}]}},"_links":{"self":[{"href":"https:\/\/www.gaveanews.com\/index.php\/wp-json\/wp\/v2\/posts\/221024","targetHints":{"allow":["GET"]}}],"collection":[{"href":"https:\/\/www.gaveanews.com\/index.php\/wp-json\/wp\/v2\/posts"}],"about":[{"href":"https:\/\/www.gaveanews.com\/index.php\/wp-json\/wp\/v2\/types\/post"}],"author":[{"embeddable":true,"href":"https:\/\/www.gaveanews.com\/index.php\/wp-json\/wp\/v2\/users\/27"}],"replies":[{"embeddable":true,"href":"https:\/\/www.gaveanews.com\/index.php\/wp-json\/wp\/v2\/comments?post=221024"}],"version-history":[{"count":1,"href":"https:\/\/www.gaveanews.com\/index.php\/wp-json\/wp\/v2\/posts\/221024\/revisions"}],"predecessor-version":[{"id":221025,"href":"https:\/\/www.gaveanews.com\/index.php\/wp-json\/wp\/v2\/posts\/221024\/revisions\/221025"}],"wp:featuredmedia":[{"embeddable":true,"href":"https:\/\/www.gaveanews.com\/index.php\/wp-json\/wp\/v2\/media\/139474"}],"wp:attachment":[{"href":"https:\/\/www.gaveanews.com\/index.php\/wp-json\/wp\/v2\/media?parent=221024"}],"wp:term":[{"taxonomy":"category","embeddable":true,"href":"https:\/\/www.gaveanews.com\/index.php\/wp-json\/wp\/v2\/categories?post=221024"},{"taxonomy":"post_tag","embeddable":true,"href":"https:\/\/www.gaveanews.com\/index.php\/wp-json\/wp\/v2\/tags?post=221024"}],"curies":[{"name":"wp","href":"https:\/\/api.w.org\/{rel}","templated":true}]}}