{"id":221026,"date":"2025-01-31T05:35:00","date_gmt":"2025-01-31T08:35:00","guid":{"rendered":"https:\/\/www.gaveanews.com\/?p=221026"},"modified":"2025-01-31T02:17:21","modified_gmt":"2025-01-31T05:17:21","slug":"recado-para-oscar-declaracao-de-cicinho-e-situacao-de-rafael-as-ultimas-noticias-do-sao-paulo","status":"publish","type":"post","link":"https:\/\/www.gaveanews.com\/index.php\/2025\/01\/31\/recado-para-oscar-declaracao-de-cicinho-e-situacao-de-rafael-as-ultimas-noticias-do-sao-paulo\/","title":{"rendered":"Recado para Oscar, declara\u00e7\u00e3o de Cicinho e situa\u00e7\u00e3o de Rafael: as \u00faltimas not\u00edcias do S\u00e3o Paulo"},"content":{"rendered":"\n<p>Nas \u00faltimas horas, o foco das not\u00edcias sobre o S\u00e3o Paulo se concentram nos bastidores do<br>clube, com destaques do dia a dia do time.<\/p>\n\n\n\n<p>Por conta deste contexto, leia abaixo um resumo preparado pela equipe do portal G\u00e1vea News para lhe manter muito bem informado!<\/p>\n\n\n\n<h2 class=\"wp-block-heading\" id=\"h-situacao-de-rafael\">Situa\u00e7\u00e3o de Rafael<\/h2>\n\n\n\n<p>Walter Casagrande elogiou a atua\u00e7\u00e3o do goleiro Rafael na vit\u00f3ria do S\u00e3o Paulo por 3 a 1 sobre o Corinthians, pelo Campeonato Paulista. O ex-jogador destacou a import\u00e2ncia do arqueiro tricolor para garantir o resultado positivo, especialmente por uma defesa espetacular em cabe\u00e7ada de Cac\u00e1 no primeiro tempo. Segundo Cas\u00e3o, o lance ficar\u00e1 marcado na hist\u00f3ria do cl\u00e1ssico, ainda mais considerando o campo molhado que dificultava as a\u00e7\u00f5es dos goleiros <strong><a href=\"https:\/\/www.gaveanews.com\/index.php\/2025\/01\/27\/sao-paulo-a-declaracao-de-walter-casagrande-direcionada-a-rafael\/\">(leia a mat\u00e9ria completa).<\/a><\/strong><\/p>\n\n\n\n<figure class=\"wp-block-image size-large\"><img loading=\"lazy\" decoding=\"async\" width=\"819\" height=\"1024\" src=\"http:\/\/www.gaveanews.com\/wp-content\/uploads\/Rafael-durante-treinamento-do-Sao-Paulo-819x1024.webp\" alt=\"\" class=\"wp-image-152876\" srcset=\"https:\/\/www.gaveanews.com\/wp-content\/uploads\/Rafael-durante-treinamento-do-Sao-Paulo-819x1024.webp 819w, https:\/\/www.gaveanews.com\/wp-content\/uploads\/Rafael-durante-treinamento-do-Sao-Paulo-240x300.webp 240w, https:\/\/www.gaveanews.com\/wp-content\/uploads\/Rafael-durante-treinamento-do-Sao-Paulo-768x961.webp 768w, https:\/\/www.gaveanews.com\/wp-content\/uploads\/Rafael-durante-treinamento-do-Sao-Paulo-336x420.webp 336w, https:\/\/www.gaveanews.com\/wp-content\/uploads\/Rafael-durante-treinamento-do-Sao-Paulo-672x840.webp 672w, https:\/\/www.gaveanews.com\/wp-content\/uploads\/Rafael-durante-treinamento-do-Sao-Paulo-640x800.webp 640w, https:\/\/www.gaveanews.com\/wp-content\/uploads\/Rafael-durante-treinamento-do-Sao-Paulo-681x852.webp 681w, https:\/\/www.gaveanews.com\/wp-content\/uploads\/Rafael-durante-treinamento-do-Sao-Paulo-100x125.webp 100w, https:\/\/www.gaveanews.com\/wp-content\/uploads\/Rafael-durante-treinamento-do-Sao-Paulo.webp 1065w\" sizes=\"auto, (max-width: 819px) 100vw, 819px\" \/><figcaption class=\"wp-element-caption\">Rafael durante treinamento do S\u00e3o Paulo (Foto: Reprodu\u00e7\u00e3o\/Instagram)<\/figcaption><\/figure>\n\n\n\n<p>Al\u00e9m de Rafael, Casagrande tamb\u00e9m exaltou as atua\u00e7\u00f5es de Lucas Moura e Oscar, que foram os principais destaques da partida. <\/p>\n\n\n\n<p>O comentarista afirmou que a dupla \u201cdeu uma verdadeira aula\u201d, com gols e assist\u00eancias que ajudaram a quebrar a sequ\u00eancia invicta do Corinthians no Paulist\u00e3o. Ele ressaltou a precis\u00e3o dos passes de Oscar e a qualidade t\u00e9cnica de Lucas, que desequilibraram o confronto a favor do Tricolor.<\/p>\n\n\n\n<p>Ap\u00f3s a vit\u00f3ria, Rafael comemorou bastante e agradeceu o apoio da torcida, que compareceu em peso ao Morumbis, mesmo sob forte chuva. O goleiro destacou a import\u00e2ncia do triunfo para iniciar bem a temporada e refor\u00e7ou o desejo do S\u00e3o Paulo de brigar pelos t\u00edtulos em 2025.<\/p>\n\n\n\n<h2 class=\"wp-block-heading\" id=\"h-declaracao-de-cicinho\">Declara\u00e7\u00e3o de Cicinho<\/h2>\n\n\n\n<p>A chegada de Oscar ao S\u00e3o Paulo gerou grande expectativa entre os torcedores, e o ex-jogador Cicinho demonstrou otimismo com o retorno do meia ao Morumbi. Durante o programa <em>Arena SBT<\/em>, ele afirmou que o refor\u00e7o tricolor tem tudo para dar certo e se tornar um dos destaques da equipe em 2025. Segundo Cicinho, Oscar preenche uma lacuna no setor criativo do time, que vinha enfrentando dificuldades nos \u00faltimos anos <strong><a href=\"https:\/\/www.gaveanews.com\/index.php\/2025\/01\/25\/sao-paulo-a-declaracao-de-cicinho-direcionada-a-oscar\/\">(leia a mat\u00e9ria completa).<\/a><\/strong><\/p>\n\n\n\n<figure class=\"wp-block-image size-full\"><img loading=\"lazy\" decoding=\"async\" width=\"941\" height=\"589\" src=\"http:\/\/www.gaveanews.com\/wp-content\/uploads\/20210810-cicinho-arena-sbt.webp\" alt=\"\" class=\"wp-image-215675\" srcset=\"https:\/\/www.gaveanews.com\/wp-content\/uploads\/20210810-cicinho-arena-sbt.webp 941w, https:\/\/www.gaveanews.com\/wp-content\/uploads\/20210810-cicinho-arena-sbt-300x188.webp 300w, https:\/\/www.gaveanews.com\/wp-content\/uploads\/20210810-cicinho-arena-sbt-768x481.webp 768w, https:\/\/www.gaveanews.com\/wp-content\/uploads\/20210810-cicinho-arena-sbt-671x420.webp 671w, https:\/\/www.gaveanews.com\/wp-content\/uploads\/20210810-cicinho-arena-sbt-640x401.webp 640w, https:\/\/www.gaveanews.com\/wp-content\/uploads\/20210810-cicinho-arena-sbt-681x426.webp 681w, https:\/\/www.gaveanews.com\/wp-content\/uploads\/20210810-cicinho-arena-sbt-100x63.webp 100w\" sizes=\"auto, (max-width: 941px) 100vw, 941px\" \/><figcaption class=\"wp-element-caption\">Cicinho, comentarista do SBT (Foto: Reprodu\u00e7\u00e3o)<\/figcaption><\/figure>\n\n\n\n<p>Oscar reestreou pelo S\u00e3o Paulo na vit\u00f3ria por 1 a 0 sobre o Guarani, pelo Campeonato Paulista. Emocionado, o meia celebrou a volta ao clube onde iniciou sua carreira e agora se prepara para seu primeiro cl\u00e1ssico, contra o Corinthians. A torcida deposita grandes expectativas no jogador, que passou os \u00faltimos anos no futebol chin\u00eas e precisar\u00e1 se readaptar ao ritmo do futebol brasileiro.<\/p>\n\n\n\n<p>Al\u00e9m de elogiar Oscar, Cicinho fez previs\u00f5es ousadas, afirmando que o S\u00e3o Paulo ser\u00e1 campe\u00e3o da Libertadores em 2025. Ele desconsiderou favoritos como Flamengo e Palmeiras e declarou que o Tricolor Paulista tem um elenco capaz de brigar pelo t\u00edtulo continental. Com esse otimismo, o comentarista refor\u00e7a a confian\u00e7a da torcida na equipe para a temporada.<\/p>\n\n\n\n<h2 class=\"wp-block-heading\" id=\"h-recado-para-oscar\">Recado para Oscar<\/h2>\n\n\n\n<p>O comentarista Walter Casagrande elogiou a atua\u00e7\u00e3o de Oscar e Lucas Moura na vit\u00f3ria do S\u00e3o Paulo sobre o Corinthians por 3 a 1 no cl\u00e1ssico Majestoso, pelo Campeonato Paulista. Cas\u00e3o destacou que a dupla foi fundamental para o triunfo tricolor, classificando sua performance como uma verdadeira &#8220;aula de futebol&#8221;. Lucas Moura marcou dois gols, enquanto Oscar anotou o terceiro, consolidando sua volta ao futebol brasileiro com um desempenho brilhante<strong><a href=\"https:\/\/www.gaveanews.com\/index.php\/2025\/01\/27\/sao-paulo-a-declaracao-de-casagrande-direcionada-a-oscar-e-lucas-moura\/\"> (leia a mat\u00e9ria completa).<\/a><\/strong><\/p>\n\n\n\n<figure class=\"wp-block-image size-full\"><img loading=\"lazy\" decoding=\"async\" width=\"829\" height=\"397\" src=\"http:\/\/www.gaveanews.com\/wp-content\/uploads\/Casagrande-comentarista-do-Grupo-Globo.webp\" alt=\"\" class=\"wp-image-66729\" srcset=\"https:\/\/www.gaveanews.com\/wp-content\/uploads\/Casagrande-comentarista-do-Grupo-Globo.webp 829w, https:\/\/www.gaveanews.com\/wp-content\/uploads\/Casagrande-comentarista-do-Grupo-Globo-300x144.webp 300w, https:\/\/www.gaveanews.com\/wp-content\/uploads\/Casagrande-comentarista-do-Grupo-Globo-768x368.webp 768w, https:\/\/www.gaveanews.com\/wp-content\/uploads\/Casagrande-comentarista-do-Grupo-Globo-640x306.webp 640w, https:\/\/www.gaveanews.com\/wp-content\/uploads\/Casagrande-comentarista-do-Grupo-Globo-681x326.webp 681w, https:\/\/www.gaveanews.com\/wp-content\/uploads\/Casagrande-comentarista-do-Grupo-Globo-100x48.webp 100w\" sizes=\"auto, (max-width: 829px) 100vw, 829px\" \/><figcaption class=\"wp-element-caption\">Casagrande (Foto: Reprodu\u00e7\u00e3o\/SporTV)<\/figcaption><\/figure>\n\n\n\n<p>Casagrande exaltou os gols de Lucas Moura, descrevendo-os como &#8220;duas obras-primas que poderiam muito bem ser uma tela surrealista de Salvador Dal\u00ed&#8221;. Ele tamb\u00e9m ressaltou a import\u00e2ncia de Oscar no meio-campo, sendo pe\u00e7a-chave para a cria\u00e7\u00e3o de jogadas e o controle do jogo. Na vis\u00e3o do comentarista, os dois jogadores comandaram a equipe de Luis Zubeld\u00eda em uma das melhores exibi\u00e7\u00f5es do S\u00e3o Paulo na temporada.<\/p>\n\n\n\n<p>Al\u00e9m dos elogios \u00e0 dupla, Casagrande destacou a grande atua\u00e7\u00e3o do goleiro Rafael, que fez uma defesa espetacular em uma cabe\u00e7ada de Cac\u00e1 no final do primeiro tempo. O comentarista classificou a defesa como &#8220;de cinema&#8221; e afirmou que ela ficar\u00e1 marcada na hist\u00f3ria do cl\u00e1ssico. Com a vit\u00f3ria, o S\u00e3o Paulo segue invicto no Paulist\u00e3o e se firma como um dos favoritos ao t\u00edtulo estadual.<\/p>\n","protected":false},"excerpt":{"rendered":"<p>Nas \u00faltimas horas, o foco das not\u00edcias sobre o S\u00e3o Paulo se concentram nos bastidores doclube, com destaques do dia a dia do time. Por conta deste contexto, leia abaixo um resumo preparado pela equipe do portal G\u00e1vea News para lhe manter muito bem informado! Situa\u00e7\u00e3o de Rafael Walter Casagrande elogiou a atua\u00e7\u00e3o do goleiro [&hellip;]<\/p>\n","protected":false},"author":27,"featured_media":154248,"comment_status":"open","ping_status":"closed","sticky":false,"template":"","format":"standard","meta":{"footnotes":""},"categories":[151],"tags":[],"class_list":["post-221026","post","type-post","status-publish","format-standard","has-post-thumbnail","hentry","category-sao-paulo"],"yoast_head":"<!-- This site is optimized with the Yoast SEO Premium plugin v24.2 (Yoast SEO v26.9) - https:\/\/yoast.com\/product\/yoast-seo-premium-wordpress\/ -->\n<title>Recado para Oscar, declara\u00e7\u00e3o de Cicinho e situa\u00e7\u00e3o de Rafael: as \u00faltimas not\u00edcias do S\u00e3o Paulo<\/title>\n<meta name=\"robots\" content=\"index, follow, max-snippet:-1, max-image-preview:large, max-video-preview:-1\" \/>\n<link rel=\"canonical\" href=\"https:\/\/www.gaveanews.com\/index.php\/2025\/01\/31\/recado-para-oscar-declaracao-de-cicinho-e-situacao-de-rafael-as-ultimas-noticias-do-sao-paulo\/\" \/>\n<meta property=\"og:locale\" content=\"pt_BR\" \/>\n<meta property=\"og:type\" content=\"article\" \/>\n<meta property=\"og:title\" content=\"Recado para Oscar, declara\u00e7\u00e3o de Cicinho e situa\u00e7\u00e3o de Rafael: as \u00faltimas not\u00edcias do S\u00e3o Paulo\" \/>\n<meta property=\"og:description\" content=\"Nas \u00faltimas horas, o foco das not\u00edcias sobre o S\u00e3o Paulo se concentram nos bastidores doclube, com destaques do dia a dia do time. Por conta deste contexto, leia abaixo um resumo preparado pela equipe do portal G\u00e1vea News para lhe manter muito bem informado! Situa\u00e7\u00e3o de Rafael Walter Casagrande elogiou a atua\u00e7\u00e3o do goleiro [&hellip;]\" \/>\n<meta property=\"og:url\" content=\"https:\/\/www.gaveanews.com\/index.php\/2025\/01\/31\/recado-para-oscar-declaracao-de-cicinho-e-situacao-de-rafael-as-ultimas-noticias-do-sao-paulo\/\" \/>\n<meta property=\"og:site_name\" content=\"G\u00e1vea News\" \/>\n<meta property=\"article:publisher\" content=\"https:\/\/facebook.com\/gaveaNews\/\" \/>\n<meta property=\"article:published_time\" content=\"2025-01-31T08:35:00+00:00\" \/>\n<meta property=\"og:image\" content=\"https:\/\/www.gaveanews.com\/wp-content\/uploads\/Elenco-do-Sao-Paulo-durante-partida-contra-o-Atletico-MG.webp\" \/>\n\t<meta property=\"og:image:width\" content=\"1200\" \/>\n\t<meta property=\"og:image:height\" content=\"800\" \/>\n\t<meta property=\"og:image:type\" content=\"image\/webp\" \/>\n<meta name=\"author\" content=\"Matheus Felipe\" \/>\n<meta name=\"twitter:card\" content=\"summary_large_image\" \/>\n<meta name=\"twitter:label1\" content=\"Escrito por\" \/>\n\t<meta name=\"twitter:data1\" content=\"Matheus Felipe\" \/>\n\t<meta name=\"twitter:label2\" content=\"Est. tempo de leitura\" \/>\n\t<meta name=\"twitter:data2\" content=\"5 minutos\" \/>\n<script type=\"application\/ld+json\" class=\"yoast-schema-graph\">{\"@context\":\"https:\/\/schema.org\",\"@graph\":[{\"@type\":\"NewsArticle\",\"@id\":\"https:\/\/www.gaveanews.com\/index.php\/2025\/01\/31\/recado-para-oscar-declaracao-de-cicinho-e-situacao-de-rafael-as-ultimas-noticias-do-sao-paulo\/#article\",\"isPartOf\":{\"@id\":\"https:\/\/www.gaveanews.com\/index.php\/2025\/01\/31\/recado-para-oscar-declaracao-de-cicinho-e-situacao-de-rafael-as-ultimas-noticias-do-sao-paulo\/\"},\"author\":{\"name\":\"Matheus Felipe\",\"@id\":\"https:\/\/www.gaveanews.com\/#\/schema\/person\/8207cd4627f56151707418bfc835b2fb\"},\"headline\":\"Recado para Oscar, declara\u00e7\u00e3o de Cicinho e situa\u00e7\u00e3o de Rafael: as \u00faltimas not\u00edcias do S\u00e3o Paulo\",\"datePublished\":\"2025-01-31T08:35:00+00:00\",\"mainEntityOfPage\":{\"@id\":\"https:\/\/www.gaveanews.com\/index.php\/2025\/01\/31\/recado-para-oscar-declaracao-de-cicinho-e-situacao-de-rafael-as-ultimas-noticias-do-sao-paulo\/\"},\"wordCount\":741,\"commentCount\":0,\"image\":{\"@id\":\"https:\/\/www.gaveanews.com\/index.php\/2025\/01\/31\/recado-para-oscar-declaracao-de-cicinho-e-situacao-de-rafael-as-ultimas-noticias-do-sao-paulo\/#primaryimage\"},\"thumbnailUrl\":\"https:\/\/www.gaveanews.com\/wp-content\/uploads\/Elenco-do-Sao-Paulo-durante-partida-contra-o-Atletico-MG.webp\",\"articleSection\":[\"S\u00e3o Paulo\"],\"inLanguage\":\"pt-BR\",\"potentialAction\":[{\"@type\":\"CommentAction\",\"name\":\"Comment\",\"target\":[\"https:\/\/www.gaveanews.com\/index.php\/2025\/01\/31\/recado-para-oscar-declaracao-de-cicinho-e-situacao-de-rafael-as-ultimas-noticias-do-sao-paulo\/#respond\"]}],\"copyrightYear\":\"2025\",\"copyrightHolder\":{\"@id\":\"https:\/\/www.gaveanews.com\/#organization\"}},{\"@type\":\"WebPage\",\"@id\":\"https:\/\/www.gaveanews.com\/index.php\/2025\/01\/31\/recado-para-oscar-declaracao-de-cicinho-e-situacao-de-rafael-as-ultimas-noticias-do-sao-paulo\/\",\"url\":\"https:\/\/www.gaveanews.com\/index.php\/2025\/01\/31\/recado-para-oscar-declaracao-de-cicinho-e-situacao-de-rafael-as-ultimas-noticias-do-sao-paulo\/\",\"name\":\"Recado para Oscar, declara\u00e7\u00e3o de Cicinho e situa\u00e7\u00e3o de Rafael: as \u00faltimas not\u00edcias do S\u00e3o Paulo\",\"isPartOf\":{\"@id\":\"https:\/\/www.gaveanews.com\/#website\"},\"primaryImageOfPage\":{\"@id\":\"https:\/\/www.gaveanews.com\/index.php\/2025\/01\/31\/recado-para-oscar-declaracao-de-cicinho-e-situacao-de-rafael-as-ultimas-noticias-do-sao-paulo\/#primaryimage\"},\"image\":{\"@id\":\"https:\/\/www.gaveanews.com\/index.php\/2025\/01\/31\/recado-para-oscar-declaracao-de-cicinho-e-situacao-de-rafael-as-ultimas-noticias-do-sao-paulo\/#primaryimage\"},\"thumbnailUrl\":\"https:\/\/www.gaveanews.com\/wp-content\/uploads\/Elenco-do-Sao-Paulo-durante-partida-contra-o-Atletico-MG.webp\",\"datePublished\":\"2025-01-31T08:35:00+00:00\",\"author\":{\"@id\":\"https:\/\/www.gaveanews.com\/#\/schema\/person\/8207cd4627f56151707418bfc835b2fb\"},\"breadcrumb\":{\"@id\":\"https:\/\/www.gaveanews.com\/index.php\/2025\/01\/31\/recado-para-oscar-declaracao-de-cicinho-e-situacao-de-rafael-as-ultimas-noticias-do-sao-paulo\/#breadcrumb\"},\"inLanguage\":\"pt-BR\",\"potentialAction\":[{\"@type\":\"ReadAction\",\"target\":[\"https:\/\/www.gaveanews.com\/index.php\/2025\/01\/31\/recado-para-oscar-declaracao-de-cicinho-e-situacao-de-rafael-as-ultimas-noticias-do-sao-paulo\/\"]}]},{\"@type\":\"ImageObject\",\"inLanguage\":\"pt-BR\",\"@id\":\"https:\/\/www.gaveanews.com\/index.php\/2025\/01\/31\/recado-para-oscar-declaracao-de-cicinho-e-situacao-de-rafael-as-ultimas-noticias-do-sao-paulo\/#primaryimage\",\"url\":\"https:\/\/www.gaveanews.com\/wp-content\/uploads\/Elenco-do-Sao-Paulo-durante-partida-contra-o-Atletico-MG.webp\",\"contentUrl\":\"https:\/\/www.gaveanews.com\/wp-content\/uploads\/Elenco-do-Sao-Paulo-durante-partida-contra-o-Atletico-MG.webp\",\"width\":1200,\"height\":800,\"caption\":\"Elenco do S\u00e3o Paulo durante partida contra o Atl\u00e9tico-MG (Foto: Reprodu\u00e7\u00e3o\/S\u00e3o Paulo)\"},{\"@type\":\"BreadcrumbList\",\"@id\":\"https:\/\/www.gaveanews.com\/index.php\/2025\/01\/31\/recado-para-oscar-declaracao-de-cicinho-e-situacao-de-rafael-as-ultimas-noticias-do-sao-paulo\/#breadcrumb\",\"itemListElement\":[{\"@type\":\"ListItem\",\"position\":1,\"name\":\"Home\",\"item\":\"https:\/\/www.gaveanews.com\/\"},{\"@type\":\"ListItem\",\"position\":2,\"name\":\"Recado para Oscar, declara\u00e7\u00e3o de Cicinho e situa\u00e7\u00e3o de Rafael: as \u00faltimas not\u00edcias do S\u00e3o Paulo\"}]},{\"@type\":\"WebSite\",\"@id\":\"https:\/\/www.gaveanews.com\/#website\",\"url\":\"https:\/\/www.gaveanews.com\/\",\"name\":\"G\u00e1vea News\",\"description\":\"Veja todas as not\u00edcias sobre o Flamengo: Contrata\u00e7\u00f5es, categorias de base, resultados das partidas, tabela de classifica\u00e7\u00e3o, pr\u00f3ximos jogos!\",\"potentialAction\":[{\"@type\":\"SearchAction\",\"target\":{\"@type\":\"EntryPoint\",\"urlTemplate\":\"https:\/\/www.gaveanews.com\/?s={search_term_string}\"},\"query-input\":{\"@type\":\"PropertyValueSpecification\",\"valueRequired\":true,\"valueName\":\"search_term_string\"}}],\"inLanguage\":\"pt-BR\"},{\"@type\":\"Person\",\"@id\":\"https:\/\/www.gaveanews.com\/#\/schema\/person\/8207cd4627f56151707418bfc835b2fb\",\"name\":\"Matheus Felipe\",\"image\":{\"@type\":\"ImageObject\",\"inLanguage\":\"pt-BR\",\"@id\":\"https:\/\/www.gaveanews.com\/#\/schema\/person\/image\/\",\"url\":\"https:\/\/secure.gravatar.com\/avatar\/a452ffbed9130f726358b298bb3a99ce4bd3c5338411f8440e87e14d74c7c087?s=96&d=mm&r=g\",\"contentUrl\":\"https:\/\/secure.gravatar.com\/avatar\/a452ffbed9130f726358b298bb3a99ce4bd3c5338411f8440e87e14d74c7c087?s=96&d=mm&r=g\",\"caption\":\"Matheus Felipe\"}}]}<\/script>\n<!-- \/ Yoast SEO Premium plugin. -->","yoast_head_json":{"title":"Recado para Oscar, declara\u00e7\u00e3o de Cicinho e situa\u00e7\u00e3o de Rafael: as \u00faltimas not\u00edcias do S\u00e3o Paulo","robots":{"index":"index","follow":"follow","max-snippet":"max-snippet:-1","max-image-preview":"max-image-preview:large","max-video-preview":"max-video-preview:-1"},"canonical":"https:\/\/www.gaveanews.com\/index.php\/2025\/01\/31\/recado-para-oscar-declaracao-de-cicinho-e-situacao-de-rafael-as-ultimas-noticias-do-sao-paulo\/","og_locale":"pt_BR","og_type":"article","og_title":"Recado para Oscar, declara\u00e7\u00e3o de Cicinho e situa\u00e7\u00e3o de Rafael: as \u00faltimas not\u00edcias do S\u00e3o Paulo","og_description":"Nas \u00faltimas horas, o foco das not\u00edcias sobre o S\u00e3o Paulo se concentram nos bastidores doclube, com destaques do dia a dia do time. Por conta deste contexto, leia abaixo um resumo preparado pela equipe do portal G\u00e1vea News para lhe manter muito bem informado! Situa\u00e7\u00e3o de Rafael Walter Casagrande elogiou a atua\u00e7\u00e3o do goleiro [&hellip;]","og_url":"https:\/\/www.gaveanews.com\/index.php\/2025\/01\/31\/recado-para-oscar-declaracao-de-cicinho-e-situacao-de-rafael-as-ultimas-noticias-do-sao-paulo\/","og_site_name":"G\u00e1vea News","article_publisher":"https:\/\/facebook.com\/gaveaNews\/","article_published_time":"2025-01-31T08:35:00+00:00","og_image":[{"width":1200,"height":800,"url":"https:\/\/www.gaveanews.com\/wp-content\/uploads\/Elenco-do-Sao-Paulo-durante-partida-contra-o-Atletico-MG.webp","type":"image\/webp"}],"author":"Matheus Felipe","twitter_card":"summary_large_image","twitter_misc":{"Escrito por":"Matheus Felipe","Est. tempo de leitura":"5 minutos"},"schema":{"@context":"https:\/\/schema.org","@graph":[{"@type":"NewsArticle","@id":"https:\/\/www.gaveanews.com\/index.php\/2025\/01\/31\/recado-para-oscar-declaracao-de-cicinho-e-situacao-de-rafael-as-ultimas-noticias-do-sao-paulo\/#article","isPartOf":{"@id":"https:\/\/www.gaveanews.com\/index.php\/2025\/01\/31\/recado-para-oscar-declaracao-de-cicinho-e-situacao-de-rafael-as-ultimas-noticias-do-sao-paulo\/"},"author":{"name":"Matheus Felipe","@id":"https:\/\/www.gaveanews.com\/#\/schema\/person\/8207cd4627f56151707418bfc835b2fb"},"headline":"Recado para Oscar, declara\u00e7\u00e3o de Cicinho e situa\u00e7\u00e3o de Rafael: as \u00faltimas not\u00edcias do S\u00e3o Paulo","datePublished":"2025-01-31T08:35:00+00:00","mainEntityOfPage":{"@id":"https:\/\/www.gaveanews.com\/index.php\/2025\/01\/31\/recado-para-oscar-declaracao-de-cicinho-e-situacao-de-rafael-as-ultimas-noticias-do-sao-paulo\/"},"wordCount":741,"commentCount":0,"image":{"@id":"https:\/\/www.gaveanews.com\/index.php\/2025\/01\/31\/recado-para-oscar-declaracao-de-cicinho-e-situacao-de-rafael-as-ultimas-noticias-do-sao-paulo\/#primaryimage"},"thumbnailUrl":"https:\/\/www.gaveanews.com\/wp-content\/uploads\/Elenco-do-Sao-Paulo-durante-partida-contra-o-Atletico-MG.webp","articleSection":["S\u00e3o Paulo"],"inLanguage":"pt-BR","potentialAction":[{"@type":"CommentAction","name":"Comment","target":["https:\/\/www.gaveanews.com\/index.php\/2025\/01\/31\/recado-para-oscar-declaracao-de-cicinho-e-situacao-de-rafael-as-ultimas-noticias-do-sao-paulo\/#respond"]}],"copyrightYear":"2025","copyrightHolder":{"@id":"https:\/\/www.gaveanews.com\/#organization"}},{"@type":"WebPage","@id":"https:\/\/www.gaveanews.com\/index.php\/2025\/01\/31\/recado-para-oscar-declaracao-de-cicinho-e-situacao-de-rafael-as-ultimas-noticias-do-sao-paulo\/","url":"https:\/\/www.gaveanews.com\/index.php\/2025\/01\/31\/recado-para-oscar-declaracao-de-cicinho-e-situacao-de-rafael-as-ultimas-noticias-do-sao-paulo\/","name":"Recado para Oscar, declara\u00e7\u00e3o de Cicinho e situa\u00e7\u00e3o de Rafael: as \u00faltimas not\u00edcias do S\u00e3o Paulo","isPartOf":{"@id":"https:\/\/www.gaveanews.com\/#website"},"primaryImageOfPage":{"@id":"https:\/\/www.gaveanews.com\/index.php\/2025\/01\/31\/recado-para-oscar-declaracao-de-cicinho-e-situacao-de-rafael-as-ultimas-noticias-do-sao-paulo\/#primaryimage"},"image":{"@id":"https:\/\/www.gaveanews.com\/index.php\/2025\/01\/31\/recado-para-oscar-declaracao-de-cicinho-e-situacao-de-rafael-as-ultimas-noticias-do-sao-paulo\/#primaryimage"},"thumbnailUrl":"https:\/\/www.gaveanews.com\/wp-content\/uploads\/Elenco-do-Sao-Paulo-durante-partida-contra-o-Atletico-MG.webp","datePublished":"2025-01-31T08:35:00+00:00","author":{"@id":"https:\/\/www.gaveanews.com\/#\/schema\/person\/8207cd4627f56151707418bfc835b2fb"},"breadcrumb":{"@id":"https:\/\/www.gaveanews.com\/index.php\/2025\/01\/31\/recado-para-oscar-declaracao-de-cicinho-e-situacao-de-rafael-as-ultimas-noticias-do-sao-paulo\/#breadcrumb"},"inLanguage":"pt-BR","potentialAction":[{"@type":"ReadAction","target":["https:\/\/www.gaveanews.com\/index.php\/2025\/01\/31\/recado-para-oscar-declaracao-de-cicinho-e-situacao-de-rafael-as-ultimas-noticias-do-sao-paulo\/"]}]},{"@type":"ImageObject","inLanguage":"pt-BR","@id":"https:\/\/www.gaveanews.com\/index.php\/2025\/01\/31\/recado-para-oscar-declaracao-de-cicinho-e-situacao-de-rafael-as-ultimas-noticias-do-sao-paulo\/#primaryimage","url":"https:\/\/www.gaveanews.com\/wp-content\/uploads\/Elenco-do-Sao-Paulo-durante-partida-contra-o-Atletico-MG.webp","contentUrl":"https:\/\/www.gaveanews.com\/wp-content\/uploads\/Elenco-do-Sao-Paulo-durante-partida-contra-o-Atletico-MG.webp","width":1200,"height":800,"caption":"Elenco do S\u00e3o Paulo durante partida contra o Atl\u00e9tico-MG (Foto: Reprodu\u00e7\u00e3o\/S\u00e3o Paulo)"},{"@type":"BreadcrumbList","@id":"https:\/\/www.gaveanews.com\/index.php\/2025\/01\/31\/recado-para-oscar-declaracao-de-cicinho-e-situacao-de-rafael-as-ultimas-noticias-do-sao-paulo\/#breadcrumb","itemListElement":[{"@type":"ListItem","position":1,"name":"Home","item":"https:\/\/www.gaveanews.com\/"},{"@type":"ListItem","position":2,"name":"Recado para Oscar, declara\u00e7\u00e3o de Cicinho e situa\u00e7\u00e3o de Rafael: as \u00faltimas not\u00edcias do S\u00e3o Paulo"}]},{"@type":"WebSite","@id":"https:\/\/www.gaveanews.com\/#website","url":"https:\/\/www.gaveanews.com\/","name":"G\u00e1vea News","description":"Veja todas as not\u00edcias sobre o Flamengo: Contrata\u00e7\u00f5es, categorias de base, resultados das partidas, tabela de classifica\u00e7\u00e3o, pr\u00f3ximos jogos!","potentialAction":[{"@type":"SearchAction","target":{"@type":"EntryPoint","urlTemplate":"https:\/\/www.gaveanews.com\/?s={search_term_string}"},"query-input":{"@type":"PropertyValueSpecification","valueRequired":true,"valueName":"search_term_string"}}],"inLanguage":"pt-BR"},{"@type":"Person","@id":"https:\/\/www.gaveanews.com\/#\/schema\/person\/8207cd4627f56151707418bfc835b2fb","name":"Matheus Felipe","image":{"@type":"ImageObject","inLanguage":"pt-BR","@id":"https:\/\/www.gaveanews.com\/#\/schema\/person\/image\/","url":"https:\/\/secure.gravatar.com\/avatar\/a452ffbed9130f726358b298bb3a99ce4bd3c5338411f8440e87e14d74c7c087?s=96&d=mm&r=g","contentUrl":"https:\/\/secure.gravatar.com\/avatar\/a452ffbed9130f726358b298bb3a99ce4bd3c5338411f8440e87e14d74c7c087?s=96&d=mm&r=g","caption":"Matheus Felipe"}}]}},"_links":{"self":[{"href":"https:\/\/www.gaveanews.com\/index.php\/wp-json\/wp\/v2\/posts\/221026","targetHints":{"allow":["GET"]}}],"collection":[{"href":"https:\/\/www.gaveanews.com\/index.php\/wp-json\/wp\/v2\/posts"}],"about":[{"href":"https:\/\/www.gaveanews.com\/index.php\/wp-json\/wp\/v2\/types\/post"}],"author":[{"embeddable":true,"href":"https:\/\/www.gaveanews.com\/index.php\/wp-json\/wp\/v2\/users\/27"}],"replies":[{"embeddable":true,"href":"https:\/\/www.gaveanews.com\/index.php\/wp-json\/wp\/v2\/comments?post=221026"}],"version-history":[{"count":1,"href":"https:\/\/www.gaveanews.com\/index.php\/wp-json\/wp\/v2\/posts\/221026\/revisions"}],"predecessor-version":[{"id":221027,"href":"https:\/\/www.gaveanews.com\/index.php\/wp-json\/wp\/v2\/posts\/221026\/revisions\/221027"}],"wp:featuredmedia":[{"embeddable":true,"href":"https:\/\/www.gaveanews.com\/index.php\/wp-json\/wp\/v2\/media\/154248"}],"wp:attachment":[{"href":"https:\/\/www.gaveanews.com\/index.php\/wp-json\/wp\/v2\/media?parent=221026"}],"wp:term":[{"taxonomy":"category","embeddable":true,"href":"https:\/\/www.gaveanews.com\/index.php\/wp-json\/wp\/v2\/categories?post=221026"},{"taxonomy":"post_tag","embeddable":true,"href":"https:\/\/www.gaveanews.com\/index.php\/wp-json\/wp\/v2\/tags?post=221026"}],"curies":[{"name":"wp","href":"https:\/\/api.w.org\/{rel}","templated":true}]}}