{"id":221028,"date":"2025-01-31T05:40:00","date_gmt":"2025-01-31T08:40:00","guid":{"rendered":"https:\/\/www.gaveanews.com\/?p=221028"},"modified":"2025-01-31T02:23:31","modified_gmt":"2025-01-31T05:23:31","slug":"caso-de-racismo-declaracao-de-carille-e-planos-por-reforco-as-ultimas-noticias-do-vasco","status":"publish","type":"post","link":"https:\/\/www.gaveanews.com\/index.php\/2025\/01\/31\/caso-de-racismo-declaracao-de-carille-e-planos-por-reforco-as-ultimas-noticias-do-vasco\/","title":{"rendered":"Caso de racismo, declara\u00e7\u00e3o de Carille e planos por refor\u00e7o: as \u00faltimas not\u00edcias do Vasco"},"content":{"rendered":"\n<p>Nas \u00faltimas horas, o foco das not\u00edcias sobre o Vasco se concentram nos bastidores do<br>clube, com destaques do dia a dia do time.<\/p>\n\n\n\n<p>Por conta deste contexto, leia abaixo um resumo preparado pela equipe do portal G\u00e1vea News para lhe manter muito bem informado!<\/p>\n\n\n\n<h2 class=\"wp-block-heading\" id=\"h-planos-por-reforco\">Planos por refor\u00e7o<\/h2>\n\n\n\n<p>O Vasco da Gama est\u00e1 interessado na contrata\u00e7\u00e3o do atacante uruguaio Brian Rodr\u00edguez, mas enfrenta resist\u00eancia do Am\u00e9rica-MEX, clube onde ele atua. O t\u00e9cnico Andr\u00e9 Jardine considera Rodr\u00edguez pe\u00e7a fundamental em seu esquema e n\u00e3o pretende facilitar a sa\u00edda do jogador. Al\u00e9m disso, o clube mexicano exige uma compensa\u00e7\u00e3o financeira elevada para liberar o atleta, dificultando ainda mais as negocia\u00e7\u00f5es <strong><a href=\"https:\/\/www.gaveanews.com\/index.php\/2025\/01\/21\/andre-jardine-pode-atrapalhar-os-planos-do-vasco-por-brian-rodriguez\/\">(leia a mat\u00e9ria completa).<\/a><\/strong><\/p>\n\n\n\n<figure class=\"wp-block-image size-full\"><img loading=\"lazy\" decoding=\"async\" width=\"500\" height=\"333\" src=\"http:\/\/www.gaveanews.com\/wp-content\/uploads\/Brian-Rodriguez-em-acao-pelo-Los-Angeles-FC.webp\" alt=\"\" class=\"wp-image-75040\" srcset=\"https:\/\/www.gaveanews.com\/wp-content\/uploads\/Brian-Rodriguez-em-acao-pelo-Los-Angeles-FC.webp 500w, https:\/\/www.gaveanews.com\/wp-content\/uploads\/Brian-Rodriguez-em-acao-pelo-Los-Angeles-FC-300x200.webp 300w, https:\/\/www.gaveanews.com\/wp-content\/uploads\/Brian-Rodriguez-em-acao-pelo-Los-Angeles-FC-100x67.webp 100w\" sizes=\"auto, (max-width: 500px) 100vw, 500px\" \/><figcaption class=\"wp-element-caption\">Brian Rodr\u00edguez em a\u00e7\u00e3o pelo Los Angeles FC (Foto: Divulga\u00e7\u00e3o\/LAFC)<\/figcaption><\/figure>\n\n\n\n<p>O Vasco apresentou uma proposta de 5 milh\u00f5es de d\u00f3lares (cerca de R$ 30 milh\u00f5es), mas o Am\u00e9rica-MEX quer, no m\u00ednimo, 10 milh\u00f5es de d\u00f3lares (aproximadamente R$ 60 milh\u00f5es) para negociar o jogador. <\/p>\n\n\n\n<p>Rodr\u00edguez foi adquirido pelo clube mexicano junto ao Los Angeles FC por 6 milh\u00f5es de d\u00f3lares (R$ 36 milh\u00f5es) e a diretoria quer lucrar com sua venda.<\/p>\n\n\n\n<p>Na \u00faltima temporada, Rodr\u00edguez disputou 44 partidas, marcou 11 gols e deu quatro assist\u00eancias, sendo um dos principais destaques do Am\u00e9rica-MEX. O Vasco agora precisa decidir se aumentar\u00e1 a proposta ou se buscar\u00e1 alternativas no mercado para refor\u00e7ar o setor ofensivo. As conversas entre os clubes continuam, e um desfecho deve ocorrer nos pr\u00f3ximos dias.<\/p>\n\n\n\n<h2 class=\"wp-block-heading\" id=\"h-declaracao-de-carille\">Declara\u00e7\u00e3o de Carille<\/h2>\n\n\n\n<p>Ap\u00f3s a vit\u00f3ria do Vasco por 4 a 1 sobre a Portuguesa pela Ta\u00e7a Guanabara, o t\u00e9cnico F\u00e1bio Carille refor\u00e7ou a necessidade de refor\u00e7os para a equipe. Segundo o treinador, desde dezembro ele j\u00e1 discutia com a diretoria as car\u00eancias do elenco e segue buscando solu\u00e7\u00f5es para fortalecer o time. Apesar das dificuldades no mercado, Carille enfatizou que n\u00e3o pretende reclamar publicamente e que seu papel \u00e9 encontrar alternativas dentro do plantel<strong><a href=\"https:\/\/www.gaveanews.com\/index.php\/2025\/01\/27\/vasco-a-declaracao-de-fabio-carille-sobre-a-necessidade-de-reforcos\/\"> (leia a mat\u00e9ria completa).<\/a><\/strong><\/p>\n\n\n\n<figure class=\"wp-block-image size-full\"><img loading=\"lazy\" decoding=\"async\" width=\"738\" height=\"469\" src=\"http:\/\/www.gaveanews.com\/wp-content\/uploads\/Carille-pelo-Vasco.webp\" alt=\"\" class=\"wp-image-220355\"\/><\/figure>\n\n\n\n<p>O treinador destacou a chegada de Adson no meio do ano e a presen\u00e7a de David como op\u00e7\u00f5es ofensivas, mas admitiu que o Vasco ainda precisa de mais pe\u00e7as para manter o equil\u00edbrio do elenco. Ele ressaltou que prefere qualidade em vez de quantidade e que s\u00f3 indicar\u00e1 refor\u00e7os se tiver certeza de que eles agregar\u00e3o ao grupo.<\/p>\n\n\n\n<p>O pr\u00f3ximo compromisso do Vasco ser\u00e1 contra o Maric\u00e1, na quarta-feira, em S\u00e3o Janu\u00e1rio. A equipe segue em busca de evolu\u00e7\u00e3o na temporada, enquanto a diretoria trabalha para atender \u00e0s necessidades apontadas por Carille e manter o time competitivo nas competi\u00e7\u00f5es de 2025.<\/p>\n\n\n\n<h2 class=\"wp-block-heading\" id=\"h-caso-de-racismo\">Caso de racismo<\/h2>\n\n\n\n<p>O atacante Rayan, do Vasco, foi v\u00edtima de racismo durante a vit\u00f3ria da Sele\u00e7\u00e3o Brasileira Sub-20 por 2 a 1 contra a Bol\u00edvia, no Sul-Americano da categoria. Segundo o jogador, o goleiro boliviano Fabian Pereira o chamou de \u201cmono\u201d (macaco, em espanhol) e fez gestos imitando o animal. Outros jogadores da Sele\u00e7\u00e3o testemunharam o ocorrido e denunciaram a situa\u00e7\u00e3o ao \u00e1rbitro da partida, refor\u00e7ando a necessidade de combate ao preconceito no futebol <strong><a href=\"https:\/\/www.gaveanews.com\/index.php\/2025\/01\/27\/atacante-do-vasco-e-vitima-de-racismo\/\">(leia a mat\u00e9ria completa).<\/a><\/strong><\/p>\n\n\n\n<figure class=\"wp-block-image size-large\"><img loading=\"lazy\" decoding=\"async\" width=\"1024\" height=\"576\" src=\"http:\/\/www.gaveanews.com\/wp-content\/uploads\/Rayan-em-treino-do-Vasco-1024x576.webp\" alt=\"\" class=\"wp-image-169867\" srcset=\"https:\/\/www.gaveanews.com\/wp-content\/uploads\/Rayan-em-treino-do-Vasco-1024x576.webp 1024w, https:\/\/www.gaveanews.com\/wp-content\/uploads\/Rayan-em-treino-do-Vasco-300x169.webp 300w, https:\/\/www.gaveanews.com\/wp-content\/uploads\/Rayan-em-treino-do-Vasco-768x432.webp 768w, https:\/\/www.gaveanews.com\/wp-content\/uploads\/Rayan-em-treino-do-Vasco-747x420.webp 747w, https:\/\/www.gaveanews.com\/wp-content\/uploads\/Rayan-em-treino-do-Vasco-640x360.webp 640w, https:\/\/www.gaveanews.com\/wp-content\/uploads\/Rayan-em-treino-do-Vasco-681x383.webp 681w, https:\/\/www.gaveanews.com\/wp-content\/uploads\/Rayan-em-treino-do-Vasco-100x56.webp 100w, https:\/\/www.gaveanews.com\/wp-content\/uploads\/Rayan-em-treino-do-Vasco.webp 1140w\" sizes=\"auto, (max-width: 1024px) 100vw, 1024px\" \/><figcaption class=\"wp-element-caption\">Rayan em treino do Vasco (Foto: Daniel Ramalho\/CRVG)<\/figcaption><\/figure>\n\n\n\n<p>A Confedera\u00e7\u00e3o Brasileira de Futebol (CBF) agiu rapidamente e enviou uma den\u00fancia formal \u00e0 Conmebol e \u00e0s autoridades venezuelanas. O presidente da entidade, Ednaldo Rodrigues, repudiou o ato e destacou que racismo \u00e9 crime e n\u00e3o pode ser normalizado. Ele refor\u00e7ou a import\u00e2ncia de medidas rigorosas para evitar que casos semelhantes se repitam.<\/p>\n\n\n\n<p>Apesar do epis\u00f3dio lament\u00e1vel, a Sele\u00e7\u00e3o Brasileira conquistou sua primeira vit\u00f3ria na competi\u00e7\u00e3o, com gols de Gabriel Moscardo e Breno Bidon. O time comandado por Ramon Menezes precisava do resultado para se recuperar ap\u00f3s a goleada de 6 a 0 sofrida contra a Argentina na estreia. O caso de Rayan refor\u00e7a a urg\u00eancia de um esfor\u00e7o cont\u00ednuo para erradicar o racismo no futebol, garantindo um ambiente de respeito e igualdade para todos.<\/p>\n","protected":false},"excerpt":{"rendered":"<p>Nas \u00faltimas horas, o foco das not\u00edcias sobre o Vasco se concentram nos bastidores doclube, com destaques do dia a dia do time. Por conta deste contexto, leia abaixo um resumo preparado pela equipe do portal G\u00e1vea News para lhe manter muito bem informado! Planos por refor\u00e7o O Vasco da Gama est\u00e1 interessado na contrata\u00e7\u00e3o [&hellip;]<\/p>\n","protected":false},"author":27,"featured_media":147443,"comment_status":"open","ping_status":"closed","sticky":false,"template":"","format":"standard","meta":{"footnotes":""},"categories":[152],"tags":[],"class_list":["post-221028","post","type-post","status-publish","format-standard","has-post-thumbnail","hentry","category-vasco"],"yoast_head":"<!-- This site is optimized with the Yoast SEO Premium plugin v24.2 (Yoast SEO v26.9) - https:\/\/yoast.com\/product\/yoast-seo-premium-wordpress\/ -->\n<title>Caso de racismo, declara\u00e7\u00e3o de Carille e planos por refor\u00e7o: as \u00faltimas not\u00edcias do Vasco<\/title>\n<meta name=\"robots\" content=\"index, follow, max-snippet:-1, max-image-preview:large, max-video-preview:-1\" \/>\n<link rel=\"canonical\" href=\"https:\/\/www.gaveanews.com\/index.php\/2025\/01\/31\/caso-de-racismo-declaracao-de-carille-e-planos-por-reforco-as-ultimas-noticias-do-vasco\/\" \/>\n<meta property=\"og:locale\" content=\"pt_BR\" \/>\n<meta property=\"og:type\" content=\"article\" \/>\n<meta property=\"og:title\" content=\"Caso de racismo, declara\u00e7\u00e3o de Carille e planos por refor\u00e7o: as \u00faltimas not\u00edcias do Vasco\" \/>\n<meta property=\"og:description\" content=\"Nas \u00faltimas horas, o foco das not\u00edcias sobre o Vasco se concentram nos bastidores doclube, com destaques do dia a dia do time. Por conta deste contexto, leia abaixo um resumo preparado pela equipe do portal G\u00e1vea News para lhe manter muito bem informado! Planos por refor\u00e7o O Vasco da Gama est\u00e1 interessado na contrata\u00e7\u00e3o [&hellip;]\" \/>\n<meta property=\"og:url\" content=\"https:\/\/www.gaveanews.com\/index.php\/2025\/01\/31\/caso-de-racismo-declaracao-de-carille-e-planos-por-reforco-as-ultimas-noticias-do-vasco\/\" \/>\n<meta property=\"og:site_name\" content=\"G\u00e1vea News\" \/>\n<meta property=\"article:publisher\" content=\"https:\/\/facebook.com\/gaveaNews\/\" \/>\n<meta property=\"article:published_time\" content=\"2025-01-31T08:40:00+00:00\" \/>\n<meta property=\"og:image\" content=\"https:\/\/www.gaveanews.com\/wp-content\/uploads\/Camisa-do-Vasco-da-Gama.webp\" \/>\n\t<meta property=\"og:image:width\" content=\"1440\" \/>\n\t<meta property=\"og:image:height\" content=\"960\" \/>\n\t<meta property=\"og:image:type\" content=\"image\/jpeg\" \/>\n<meta name=\"author\" content=\"Matheus Felipe\" \/>\n<meta name=\"twitter:card\" content=\"summary_large_image\" \/>\n<meta name=\"twitter:label1\" content=\"Escrito por\" \/>\n\t<meta name=\"twitter:data1\" content=\"Matheus Felipe\" \/>\n\t<meta name=\"twitter:label2\" content=\"Est. tempo de leitura\" \/>\n\t<meta name=\"twitter:data2\" content=\"5 minutos\" \/>\n<script type=\"application\/ld+json\" class=\"yoast-schema-graph\">{\"@context\":\"https:\/\/schema.org\",\"@graph\":[{\"@type\":\"NewsArticle\",\"@id\":\"https:\/\/www.gaveanews.com\/index.php\/2025\/01\/31\/caso-de-racismo-declaracao-de-carille-e-planos-por-reforco-as-ultimas-noticias-do-vasco\/#article\",\"isPartOf\":{\"@id\":\"https:\/\/www.gaveanews.com\/index.php\/2025\/01\/31\/caso-de-racismo-declaracao-de-carille-e-planos-por-reforco-as-ultimas-noticias-do-vasco\/\"},\"author\":{\"name\":\"Matheus Felipe\",\"@id\":\"https:\/\/www.gaveanews.com\/#\/schema\/person\/8207cd4627f56151707418bfc835b2fb\"},\"headline\":\"Caso de racismo, declara\u00e7\u00e3o de Carille e planos por refor\u00e7o: as \u00faltimas not\u00edcias do Vasco\",\"datePublished\":\"2025-01-31T08:40:00+00:00\",\"mainEntityOfPage\":{\"@id\":\"https:\/\/www.gaveanews.com\/index.php\/2025\/01\/31\/caso-de-racismo-declaracao-de-carille-e-planos-por-reforco-as-ultimas-noticias-do-vasco\/\"},\"wordCount\":712,\"commentCount\":0,\"image\":{\"@id\":\"https:\/\/www.gaveanews.com\/index.php\/2025\/01\/31\/caso-de-racismo-declaracao-de-carille-e-planos-por-reforco-as-ultimas-noticias-do-vasco\/#primaryimage\"},\"thumbnailUrl\":\"https:\/\/www.gaveanews.com\/wp-content\/uploads\/Camisa-do-Vasco-da-Gama.webp\",\"articleSection\":[\"Vasco\"],\"inLanguage\":\"pt-BR\",\"potentialAction\":[{\"@type\":\"CommentAction\",\"name\":\"Comment\",\"target\":[\"https:\/\/www.gaveanews.com\/index.php\/2025\/01\/31\/caso-de-racismo-declaracao-de-carille-e-planos-por-reforco-as-ultimas-noticias-do-vasco\/#respond\"]}],\"copyrightYear\":\"2025\",\"copyrightHolder\":{\"@id\":\"https:\/\/www.gaveanews.com\/#organization\"}},{\"@type\":\"WebPage\",\"@id\":\"https:\/\/www.gaveanews.com\/index.php\/2025\/01\/31\/caso-de-racismo-declaracao-de-carille-e-planos-por-reforco-as-ultimas-noticias-do-vasco\/\",\"url\":\"https:\/\/www.gaveanews.com\/index.php\/2025\/01\/31\/caso-de-racismo-declaracao-de-carille-e-planos-por-reforco-as-ultimas-noticias-do-vasco\/\",\"name\":\"Caso de racismo, declara\u00e7\u00e3o de Carille e planos por refor\u00e7o: as \u00faltimas not\u00edcias do Vasco\",\"isPartOf\":{\"@id\":\"https:\/\/www.gaveanews.com\/#website\"},\"primaryImageOfPage\":{\"@id\":\"https:\/\/www.gaveanews.com\/index.php\/2025\/01\/31\/caso-de-racismo-declaracao-de-carille-e-planos-por-reforco-as-ultimas-noticias-do-vasco\/#primaryimage\"},\"image\":{\"@id\":\"https:\/\/www.gaveanews.com\/index.php\/2025\/01\/31\/caso-de-racismo-declaracao-de-carille-e-planos-por-reforco-as-ultimas-noticias-do-vasco\/#primaryimage\"},\"thumbnailUrl\":\"https:\/\/www.gaveanews.com\/wp-content\/uploads\/Camisa-do-Vasco-da-Gama.webp\",\"datePublished\":\"2025-01-31T08:40:00+00:00\",\"author\":{\"@id\":\"https:\/\/www.gaveanews.com\/#\/schema\/person\/8207cd4627f56151707418bfc835b2fb\"},\"breadcrumb\":{\"@id\":\"https:\/\/www.gaveanews.com\/index.php\/2025\/01\/31\/caso-de-racismo-declaracao-de-carille-e-planos-por-reforco-as-ultimas-noticias-do-vasco\/#breadcrumb\"},\"inLanguage\":\"pt-BR\",\"potentialAction\":[{\"@type\":\"ReadAction\",\"target\":[\"https:\/\/www.gaveanews.com\/index.php\/2025\/01\/31\/caso-de-racismo-declaracao-de-carille-e-planos-por-reforco-as-ultimas-noticias-do-vasco\/\"]}]},{\"@type\":\"ImageObject\",\"inLanguage\":\"pt-BR\",\"@id\":\"https:\/\/www.gaveanews.com\/index.php\/2025\/01\/31\/caso-de-racismo-declaracao-de-carille-e-planos-por-reforco-as-ultimas-noticias-do-vasco\/#primaryimage\",\"url\":\"https:\/\/www.gaveanews.com\/wp-content\/uploads\/Camisa-do-Vasco-da-Gama.webp\",\"contentUrl\":\"https:\/\/www.gaveanews.com\/wp-content\/uploads\/Camisa-do-Vasco-da-Gama.webp\",\"width\":1440,\"height\":960,\"caption\":\"Camisa do Vasco da Gama (Foto: Reprodu\u00e7\u00e3o\/Instagram)\"},{\"@type\":\"BreadcrumbList\",\"@id\":\"https:\/\/www.gaveanews.com\/index.php\/2025\/01\/31\/caso-de-racismo-declaracao-de-carille-e-planos-por-reforco-as-ultimas-noticias-do-vasco\/#breadcrumb\",\"itemListElement\":[{\"@type\":\"ListItem\",\"position\":1,\"name\":\"Home\",\"item\":\"https:\/\/www.gaveanews.com\/\"},{\"@type\":\"ListItem\",\"position\":2,\"name\":\"Caso de racismo, declara\u00e7\u00e3o de Carille e planos por refor\u00e7o: as \u00faltimas not\u00edcias do Vasco\"}]},{\"@type\":\"WebSite\",\"@id\":\"https:\/\/www.gaveanews.com\/#website\",\"url\":\"https:\/\/www.gaveanews.com\/\",\"name\":\"G\u00e1vea News\",\"description\":\"Veja todas as not\u00edcias sobre o Flamengo: Contrata\u00e7\u00f5es, categorias de base, resultados das partidas, tabela de classifica\u00e7\u00e3o, pr\u00f3ximos jogos!\",\"potentialAction\":[{\"@type\":\"SearchAction\",\"target\":{\"@type\":\"EntryPoint\",\"urlTemplate\":\"https:\/\/www.gaveanews.com\/?s={search_term_string}\"},\"query-input\":{\"@type\":\"PropertyValueSpecification\",\"valueRequired\":true,\"valueName\":\"search_term_string\"}}],\"inLanguage\":\"pt-BR\"},{\"@type\":\"Person\",\"@id\":\"https:\/\/www.gaveanews.com\/#\/schema\/person\/8207cd4627f56151707418bfc835b2fb\",\"name\":\"Matheus Felipe\",\"image\":{\"@type\":\"ImageObject\",\"inLanguage\":\"pt-BR\",\"@id\":\"https:\/\/www.gaveanews.com\/#\/schema\/person\/image\/\",\"url\":\"https:\/\/secure.gravatar.com\/avatar\/a452ffbed9130f726358b298bb3a99ce4bd3c5338411f8440e87e14d74c7c087?s=96&d=mm&r=g\",\"contentUrl\":\"https:\/\/secure.gravatar.com\/avatar\/a452ffbed9130f726358b298bb3a99ce4bd3c5338411f8440e87e14d74c7c087?s=96&d=mm&r=g\",\"caption\":\"Matheus Felipe\"}}]}<\/script>\n<!-- \/ Yoast SEO Premium plugin. -->","yoast_head_json":{"title":"Caso de racismo, declara\u00e7\u00e3o de Carille e planos por refor\u00e7o: as \u00faltimas not\u00edcias do Vasco","robots":{"index":"index","follow":"follow","max-snippet":"max-snippet:-1","max-image-preview":"max-image-preview:large","max-video-preview":"max-video-preview:-1"},"canonical":"https:\/\/www.gaveanews.com\/index.php\/2025\/01\/31\/caso-de-racismo-declaracao-de-carille-e-planos-por-reforco-as-ultimas-noticias-do-vasco\/","og_locale":"pt_BR","og_type":"article","og_title":"Caso de racismo, declara\u00e7\u00e3o de Carille e planos por refor\u00e7o: as \u00faltimas not\u00edcias do Vasco","og_description":"Nas \u00faltimas horas, o foco das not\u00edcias sobre o Vasco se concentram nos bastidores doclube, com destaques do dia a dia do time. Por conta deste contexto, leia abaixo um resumo preparado pela equipe do portal G\u00e1vea News para lhe manter muito bem informado! Planos por refor\u00e7o O Vasco da Gama est\u00e1 interessado na contrata\u00e7\u00e3o [&hellip;]","og_url":"https:\/\/www.gaveanews.com\/index.php\/2025\/01\/31\/caso-de-racismo-declaracao-de-carille-e-planos-por-reforco-as-ultimas-noticias-do-vasco\/","og_site_name":"G\u00e1vea News","article_publisher":"https:\/\/facebook.com\/gaveaNews\/","article_published_time":"2025-01-31T08:40:00+00:00","og_image":[{"width":1440,"height":960,"url":"https:\/\/www.gaveanews.com\/wp-content\/uploads\/Camisa-do-Vasco-da-Gama.webp","type":"image\/jpeg"}],"author":"Matheus Felipe","twitter_card":"summary_large_image","twitter_misc":{"Escrito por":"Matheus Felipe","Est. tempo de leitura":"5 minutos"},"schema":{"@context":"https:\/\/schema.org","@graph":[{"@type":"NewsArticle","@id":"https:\/\/www.gaveanews.com\/index.php\/2025\/01\/31\/caso-de-racismo-declaracao-de-carille-e-planos-por-reforco-as-ultimas-noticias-do-vasco\/#article","isPartOf":{"@id":"https:\/\/www.gaveanews.com\/index.php\/2025\/01\/31\/caso-de-racismo-declaracao-de-carille-e-planos-por-reforco-as-ultimas-noticias-do-vasco\/"},"author":{"name":"Matheus Felipe","@id":"https:\/\/www.gaveanews.com\/#\/schema\/person\/8207cd4627f56151707418bfc835b2fb"},"headline":"Caso de racismo, declara\u00e7\u00e3o de Carille e planos por refor\u00e7o: as \u00faltimas not\u00edcias do Vasco","datePublished":"2025-01-31T08:40:00+00:00","mainEntityOfPage":{"@id":"https:\/\/www.gaveanews.com\/index.php\/2025\/01\/31\/caso-de-racismo-declaracao-de-carille-e-planos-por-reforco-as-ultimas-noticias-do-vasco\/"},"wordCount":712,"commentCount":0,"image":{"@id":"https:\/\/www.gaveanews.com\/index.php\/2025\/01\/31\/caso-de-racismo-declaracao-de-carille-e-planos-por-reforco-as-ultimas-noticias-do-vasco\/#primaryimage"},"thumbnailUrl":"https:\/\/www.gaveanews.com\/wp-content\/uploads\/Camisa-do-Vasco-da-Gama.webp","articleSection":["Vasco"],"inLanguage":"pt-BR","potentialAction":[{"@type":"CommentAction","name":"Comment","target":["https:\/\/www.gaveanews.com\/index.php\/2025\/01\/31\/caso-de-racismo-declaracao-de-carille-e-planos-por-reforco-as-ultimas-noticias-do-vasco\/#respond"]}],"copyrightYear":"2025","copyrightHolder":{"@id":"https:\/\/www.gaveanews.com\/#organization"}},{"@type":"WebPage","@id":"https:\/\/www.gaveanews.com\/index.php\/2025\/01\/31\/caso-de-racismo-declaracao-de-carille-e-planos-por-reforco-as-ultimas-noticias-do-vasco\/","url":"https:\/\/www.gaveanews.com\/index.php\/2025\/01\/31\/caso-de-racismo-declaracao-de-carille-e-planos-por-reforco-as-ultimas-noticias-do-vasco\/","name":"Caso de racismo, declara\u00e7\u00e3o de Carille e planos por refor\u00e7o: as \u00faltimas not\u00edcias do Vasco","isPartOf":{"@id":"https:\/\/www.gaveanews.com\/#website"},"primaryImageOfPage":{"@id":"https:\/\/www.gaveanews.com\/index.php\/2025\/01\/31\/caso-de-racismo-declaracao-de-carille-e-planos-por-reforco-as-ultimas-noticias-do-vasco\/#primaryimage"},"image":{"@id":"https:\/\/www.gaveanews.com\/index.php\/2025\/01\/31\/caso-de-racismo-declaracao-de-carille-e-planos-por-reforco-as-ultimas-noticias-do-vasco\/#primaryimage"},"thumbnailUrl":"https:\/\/www.gaveanews.com\/wp-content\/uploads\/Camisa-do-Vasco-da-Gama.webp","datePublished":"2025-01-31T08:40:00+00:00","author":{"@id":"https:\/\/www.gaveanews.com\/#\/schema\/person\/8207cd4627f56151707418bfc835b2fb"},"breadcrumb":{"@id":"https:\/\/www.gaveanews.com\/index.php\/2025\/01\/31\/caso-de-racismo-declaracao-de-carille-e-planos-por-reforco-as-ultimas-noticias-do-vasco\/#breadcrumb"},"inLanguage":"pt-BR","potentialAction":[{"@type":"ReadAction","target":["https:\/\/www.gaveanews.com\/index.php\/2025\/01\/31\/caso-de-racismo-declaracao-de-carille-e-planos-por-reforco-as-ultimas-noticias-do-vasco\/"]}]},{"@type":"ImageObject","inLanguage":"pt-BR","@id":"https:\/\/www.gaveanews.com\/index.php\/2025\/01\/31\/caso-de-racismo-declaracao-de-carille-e-planos-por-reforco-as-ultimas-noticias-do-vasco\/#primaryimage","url":"https:\/\/www.gaveanews.com\/wp-content\/uploads\/Camisa-do-Vasco-da-Gama.webp","contentUrl":"https:\/\/www.gaveanews.com\/wp-content\/uploads\/Camisa-do-Vasco-da-Gama.webp","width":1440,"height":960,"caption":"Camisa do Vasco da Gama (Foto: Reprodu\u00e7\u00e3o\/Instagram)"},{"@type":"BreadcrumbList","@id":"https:\/\/www.gaveanews.com\/index.php\/2025\/01\/31\/caso-de-racismo-declaracao-de-carille-e-planos-por-reforco-as-ultimas-noticias-do-vasco\/#breadcrumb","itemListElement":[{"@type":"ListItem","position":1,"name":"Home","item":"https:\/\/www.gaveanews.com\/"},{"@type":"ListItem","position":2,"name":"Caso de racismo, declara\u00e7\u00e3o de Carille e planos por refor\u00e7o: as \u00faltimas not\u00edcias do Vasco"}]},{"@type":"WebSite","@id":"https:\/\/www.gaveanews.com\/#website","url":"https:\/\/www.gaveanews.com\/","name":"G\u00e1vea News","description":"Veja todas as not\u00edcias sobre o Flamengo: Contrata\u00e7\u00f5es, categorias de base, resultados das partidas, tabela de classifica\u00e7\u00e3o, pr\u00f3ximos jogos!","potentialAction":[{"@type":"SearchAction","target":{"@type":"EntryPoint","urlTemplate":"https:\/\/www.gaveanews.com\/?s={search_term_string}"},"query-input":{"@type":"PropertyValueSpecification","valueRequired":true,"valueName":"search_term_string"}}],"inLanguage":"pt-BR"},{"@type":"Person","@id":"https:\/\/www.gaveanews.com\/#\/schema\/person\/8207cd4627f56151707418bfc835b2fb","name":"Matheus Felipe","image":{"@type":"ImageObject","inLanguage":"pt-BR","@id":"https:\/\/www.gaveanews.com\/#\/schema\/person\/image\/","url":"https:\/\/secure.gravatar.com\/avatar\/a452ffbed9130f726358b298bb3a99ce4bd3c5338411f8440e87e14d74c7c087?s=96&d=mm&r=g","contentUrl":"https:\/\/secure.gravatar.com\/avatar\/a452ffbed9130f726358b298bb3a99ce4bd3c5338411f8440e87e14d74c7c087?s=96&d=mm&r=g","caption":"Matheus Felipe"}}]}},"_links":{"self":[{"href":"https:\/\/www.gaveanews.com\/index.php\/wp-json\/wp\/v2\/posts\/221028","targetHints":{"allow":["GET"]}}],"collection":[{"href":"https:\/\/www.gaveanews.com\/index.php\/wp-json\/wp\/v2\/posts"}],"about":[{"href":"https:\/\/www.gaveanews.com\/index.php\/wp-json\/wp\/v2\/types\/post"}],"author":[{"embeddable":true,"href":"https:\/\/www.gaveanews.com\/index.php\/wp-json\/wp\/v2\/users\/27"}],"replies":[{"embeddable":true,"href":"https:\/\/www.gaveanews.com\/index.php\/wp-json\/wp\/v2\/comments?post=221028"}],"version-history":[{"count":1,"href":"https:\/\/www.gaveanews.com\/index.php\/wp-json\/wp\/v2\/posts\/221028\/revisions"}],"predecessor-version":[{"id":221029,"href":"https:\/\/www.gaveanews.com\/index.php\/wp-json\/wp\/v2\/posts\/221028\/revisions\/221029"}],"wp:featuredmedia":[{"embeddable":true,"href":"https:\/\/www.gaveanews.com\/index.php\/wp-json\/wp\/v2\/media\/147443"}],"wp:attachment":[{"href":"https:\/\/www.gaveanews.com\/index.php\/wp-json\/wp\/v2\/media?parent=221028"}],"wp:term":[{"taxonomy":"category","embeddable":true,"href":"https:\/\/www.gaveanews.com\/index.php\/wp-json\/wp\/v2\/categories?post=221028"},{"taxonomy":"post_tag","embeddable":true,"href":"https:\/\/www.gaveanews.com\/index.php\/wp-json\/wp\/v2\/tags?post=221028"}],"curies":[{"name":"wp","href":"https:\/\/api.w.org\/{rel}","templated":true}]}}