{"id":221299,"date":"2025-01-31T17:35:00","date_gmt":"2025-01-31T20:35:00","guid":{"rendered":"https:\/\/www.gaveanews.com\/?p=221299"},"modified":"2025-01-31T16:49:30","modified_gmt":"2025-01-31T19:49:30","slug":"declaracao-de-zubeldia-atitude-de-lucas-moura-e-futuro-de-ferraresi-as-ultimas-noticias-do-sao-paulo","status":"publish","type":"post","link":"https:\/\/www.gaveanews.com\/index.php\/2025\/01\/31\/declaracao-de-zubeldia-atitude-de-lucas-moura-e-futuro-de-ferraresi-as-ultimas-noticias-do-sao-paulo\/","title":{"rendered":"Declara\u00e7\u00e3o de Zubeld\u00eda, atitude de Lucas Moura e futuro de Ferraresi\u00a0: as \u00faltimas not\u00edcias do S\u00e3o Paulo"},"content":{"rendered":"\n<p>Nas \u00faltimas horas, o foco das not\u00edcias sobre o S\u00e3o Paulo se concentram nos bastidores do clube, com destaques do dia a dia do time.<\/p>\n\n\n\n<p>Por conta deste contexto, leia abaixo um resumo preparado pela equipe do portal G\u00e1vea News para lhe manter muito bem informado!<\/p>\n\n\n\n<h2 class=\"wp-block-heading\" id=\"h-futuro-de-ferraresi\">Futuro de Ferraresi\u00a0<\/h2>\n\n\n\n<p>O zagueiro Nahuel Ferraresi ser\u00e1 titular do S\u00e3o Paulo na lateral direita na partida contra a Portuguesa pelo Campeonato Paulista. Apesar de sua posi\u00e7\u00e3o de origem ser na defesa central, ele tem sido utilizado pelo t\u00e9cnico Luis Zubeld\u00eda como alternativa para a lateral, j\u00e1 que Igor Vin\u00edcius \u00e9 o titular e Moreira foi emprestado ao Porto. A decis\u00e3o tamb\u00e9m faz parte do planejamento do clube para poupar jogadores antes do cl\u00e1ssico contra o Santos, no pr\u00f3ximo s\u00e1bado <strong><a href=\"https:\/\/www.gaveanews.com\/index.php\/2025\/01\/29\/sao-paulo-atualizacao-sobre-o-futuro-de-ferraresi\/\">(leia a mat\u00e9ria completa).<\/a><\/strong><\/p>\n\n\n\n<figure class=\"wp-block-image size-full\"><img loading=\"lazy\" decoding=\"async\" width=\"984\" height=\"796\" src=\"http:\/\/www.gaveanews.com\/wp-content\/uploads\/Ferraresi-durante-treino-do-Sao-Paulo.webp\" alt=\"\" class=\"wp-image-219908\"\/><figcaption class=\"wp-element-caption\">Ferraresi durante treino do S\u00e3o Paulo (Foto: Rubens Chiri\/S\u00e3o Paulo)<\/figcaption><\/figure>\n\n\n\n<p>Ferraresi encerrou 2024 em alta, ap\u00f3s convoca\u00e7\u00f5es para a sele\u00e7\u00e3o venezuelana na Copa Am\u00e9rica e nas Eliminat\u00f3rias da Copa do Mundo, despertando interesse de clubes como Inter Miami, Talleres e Necaxa. <\/p>\n\n\n\n<p>No entanto, o S\u00e3o Paulo recusou todas as propostas, pois elas envolviam empr\u00e9stimos sem obriga\u00e7\u00e3o de compra. O Tricolor s\u00f3 aceita negociar o defensor de forma definitiva e por um valor considerado vantajoso, j\u00e1 que investiu 4,3 milh\u00f5es de euros na sua aquisi\u00e7\u00e3o junto ao Grupo City no in\u00edcio de 2024.<\/p>\n\n\n\n<p>Por enquanto, Ferraresi segue no elenco e tem sido testado em diferentes fun\u00e7\u00f5es dentro do esquema de Zubeld\u00eda. Com contrato at\u00e9 dezembro de 2027, o jogador continua sendo uma pe\u00e7a importante para o S\u00e3o Paulo, seja como op\u00e7\u00e3o na lateral direita ou na zaga, onde disputa espa\u00e7o com Arboleda, Alan Franco, Sabino e Ruan.<\/p>\n\n\n\n<h2 class=\"wp-block-heading\" id=\"h-atitude-de-lucas-moura\">Atitude de Lucas Moura<\/h2>\n\n\n\n<p>O S\u00e3o Paulo venceu o Corinthians por 3 a 1 no cl\u00e1ssico Majestoso, v\u00e1lido pela 4\u00aa rodada do Campeonato Paulista, garantindo a lideran\u00e7a do Grupo C com 7 pontos. Lucas Moura foi o grande destaque da partida, marcando dois gols, enquanto Oscar tamb\u00e9m balan\u00e7ou as redes para o Tricolor. O lance mais marcante do jogo foi o terceiro gol da equipe, no qual Lucas protagonizou uma jogada pl\u00e1stica, driblando advers\u00e1rios e finalizando com precis\u00e3o, lembrando uma tentativa semelhante contra o pr\u00f3prio Corinthians na Copa do Brasil de 2023<strong><a href=\"https:\/\/www.gaveanews.com\/index.php\/2025\/01\/29\/video-com-atitude-de-lucas-moura-pelo-sao-paulo-atinge-milhoes-de-visualizacoes-no-instagram\/\"> (leia a mat\u00e9ria completa).<\/a><\/strong><\/p>\n\n\n\n<figure class=\"wp-block-image size-large\"><img loading=\"lazy\" decoding=\"async\" width=\"820\" height=\"1024\" src=\"http:\/\/www.gaveanews.com\/wp-content\/uploads\/Lucas-Moura-corre-e-vibra-apos-marcar-um-gol-pelo-Sao-Paulo-no-estadio-do-Morumbi-820x1024.webp\" alt=\"\" class=\"wp-image-157849\" srcset=\"https:\/\/www.gaveanews.com\/wp-content\/uploads\/Lucas-Moura-corre-e-vibra-apos-marcar-um-gol-pelo-Sao-Paulo-no-estadio-do-Morumbi-820x1024.webp 820w, https:\/\/www.gaveanews.com\/wp-content\/uploads\/Lucas-Moura-corre-e-vibra-apos-marcar-um-gol-pelo-Sao-Paulo-no-estadio-do-Morumbi-240x300.webp 240w, https:\/\/www.gaveanews.com\/wp-content\/uploads\/Lucas-Moura-corre-e-vibra-apos-marcar-um-gol-pelo-Sao-Paulo-no-estadio-do-Morumbi-768x960.webp 768w, https:\/\/www.gaveanews.com\/wp-content\/uploads\/Lucas-Moura-corre-e-vibra-apos-marcar-um-gol-pelo-Sao-Paulo-no-estadio-do-Morumbi-336x420.webp 336w, https:\/\/www.gaveanews.com\/wp-content\/uploads\/Lucas-Moura-corre-e-vibra-apos-marcar-um-gol-pelo-Sao-Paulo-no-estadio-do-Morumbi-672x840.webp 672w, https:\/\/www.gaveanews.com\/wp-content\/uploads\/Lucas-Moura-corre-e-vibra-apos-marcar-um-gol-pelo-Sao-Paulo-no-estadio-do-Morumbi-640x800.webp 640w, https:\/\/www.gaveanews.com\/wp-content\/uploads\/Lucas-Moura-corre-e-vibra-apos-marcar-um-gol-pelo-Sao-Paulo-no-estadio-do-Morumbi-681x851.webp 681w, https:\/\/www.gaveanews.com\/wp-content\/uploads\/Lucas-Moura-corre-e-vibra-apos-marcar-um-gol-pelo-Sao-Paulo-no-estadio-do-Morumbi-100x125.webp 100w, https:\/\/www.gaveanews.com\/wp-content\/uploads\/Lucas-Moura-corre-e-vibra-apos-marcar-um-gol-pelo-Sao-Paulo-no-estadio-do-Morumbi.webp 1066w\" sizes=\"auto, (max-width: 820px) 100vw, 820px\" \/><figcaption class=\"wp-element-caption\">Lucas Moura corre e vibra ap\u00f3s marcar um gol pelo S\u00e3o Paulo no est\u00e1dio do Morumbi (Foto: Reprodu\u00e7\u00e3o\/Instagram)<\/figcaption><\/figure>\n\n\n\n<p>Naquele confronto de 2023, o atacante tentou uma jogada parecida, mas parou no goleiro C\u00e1ssio. Apesar do lance desperdi\u00e7ado, Lucas foi um dos protagonistas na campanha vitoriosa do S\u00e3o Paulo na Copa do Brasil, tendo marcado um dos gols na vit\u00f3ria por 2 a 0 sobre o rival na semifinal. Agora, em 2025, ele conseguiu transformar sua persist\u00eancia em um gol memor\u00e1vel, o que gerou grande repercuss\u00e3o entre os torcedores nas redes sociais, alcan\u00e7ando milh\u00f5es de visualiza\u00e7\u00f5es no Instagram.<\/p>\n\n\n\n<p>O pr\u00f3ximo desafio do Tricolor no Paulist\u00e3o ser\u00e1 nesta quarta-feira (29), quando enfrentar\u00e1 a Portuguesa no est\u00e1dio do Canind\u00e9, \u00e0s 21h30. A equipe comandada por Luis Zubeld\u00eda buscar\u00e1 manter a lideran\u00e7a do grupo, e Lucas Moura, em grande fase, deve ser titular mais uma vez.<\/p>\n\n\n\n<h2 class=\"wp-block-heading\" id=\"h-declaracao-de-zubeldia\">Declara\u00e7\u00e3o de Zubeld\u00eda<\/h2>\n\n\n\n<p>O t\u00e9cnico Luis Zubeld\u00eda elogiou o elenco do S\u00e3o Paulo ap\u00f3s a vit\u00f3ria por 3 a 1 sobre o Corinthians pelo Campeonato Paulista, destacando a for\u00e7a coletiva da equipe. Al\u00e9m do desempenho do quarteto ofensivo formado por Lucas Moura, Oscar, Luciano e Calleri, o treinador ressaltou a import\u00e2ncia da sinergia entre os jogadores. Ele tamb\u00e9m revelou uma conversa com Lucas no intervalo, que resultou no terceiro gol da partida, fruto de uma jogada ensaiada com Calleri<strong><a href=\"https:\/\/www.gaveanews.com\/index.php\/2025\/01\/29\/a-declaracao-de-zubeldia-direcionada-ao-elenco-do-sao-paulo\/\"> (leia a mat\u00e9ria completa).<\/a><\/strong><\/p>\n\n\n\n<figure class=\"wp-block-image size-large\"><img loading=\"lazy\" decoding=\"async\" width=\"1024\" height=\"683\" src=\"http:\/\/www.gaveanews.com\/wp-content\/uploads\/Luis-Francisco-Zubeldia-treinador-do-Sao-Paulo-durante-partida-da-Copa-do-Brasil-2024-1024x683.webp\" alt=\"\" class=\"wp-image-155699\" srcset=\"https:\/\/www.gaveanews.com\/wp-content\/uploads\/Luis-Francisco-Zubeldia-treinador-do-Sao-Paulo-durante-partida-da-Copa-do-Brasil-2024-1024x683.webp 1024w, https:\/\/www.gaveanews.com\/wp-content\/uploads\/Luis-Francisco-Zubeldia-treinador-do-Sao-Paulo-durante-partida-da-Copa-do-Brasil-2024-300x200.webp 300w, https:\/\/www.gaveanews.com\/wp-content\/uploads\/Luis-Francisco-Zubeldia-treinador-do-Sao-Paulo-durante-partida-da-Copa-do-Brasil-2024-768x512.webp 768w, https:\/\/www.gaveanews.com\/wp-content\/uploads\/Luis-Francisco-Zubeldia-treinador-do-Sao-Paulo-durante-partida-da-Copa-do-Brasil-2024-630x420.webp 630w, https:\/\/www.gaveanews.com\/wp-content\/uploads\/Luis-Francisco-Zubeldia-treinador-do-Sao-Paulo-durante-partida-da-Copa-do-Brasil-2024-1260x840.webp 1260w, https:\/\/www.gaveanews.com\/wp-content\/uploads\/Luis-Francisco-Zubeldia-treinador-do-Sao-Paulo-durante-partida-da-Copa-do-Brasil-2024-640x427.webp 640w, https:\/\/www.gaveanews.com\/wp-content\/uploads\/Luis-Francisco-Zubeldia-treinador-do-Sao-Paulo-durante-partida-da-Copa-do-Brasil-2024-1280x854.webp 1280w, https:\/\/www.gaveanews.com\/wp-content\/uploads\/Luis-Francisco-Zubeldia-treinador-do-Sao-Paulo-durante-partida-da-Copa-do-Brasil-2024-681x454.webp 681w, https:\/\/www.gaveanews.com\/wp-content\/uploads\/Luis-Francisco-Zubeldia-treinador-do-Sao-Paulo-durante-partida-da-Copa-do-Brasil-2024-100x67.webp 100w, https:\/\/www.gaveanews.com\/wp-content\/uploads\/Luis-Francisco-Zubeldia-treinador-do-Sao-Paulo-durante-partida-da-Copa-do-Brasil-2024.webp 1333w\" sizes=\"auto, (max-width: 1024px) 100vw, 1024px\" \/><figcaption class=\"wp-element-caption\">Luis Francisco Zubeld\u00eda, treinador do S\u00e3o Paulo durante partida da Copa do Brasil 2024 (Foto: Rubens Chiri e Paulo Pinto\/S\u00e3o Paulo)<\/figcaption><\/figure>\n\n\n\n<p>Zubeld\u00eda afirmou que pretende fazer um rod\u00edzio no elenco durante o Paulist\u00e3o, garantindo que todos os atletas tenham oportunidades ao longo das 12 rodadas da fase de grupos. Para ele, a altern\u00e2ncia entre os jogadores ser\u00e1 essencial para manter o alto n\u00edvel de rendimento e evitar desgastes ao longo da temporada. O treinador refor\u00e7ou que a qualidade do plantel permite ao S\u00e3o Paulo atuar com fluidez e varia\u00e7\u00f5es t\u00e1ticas, tornando a equipe menos dependente de jogadas individuais.<\/p>\n\n\n\n<p>Com a vit\u00f3ria no cl\u00e1ssico, o Tricolor assumiu a lideran\u00e7a do Grupo C, somando sete pontos em tr\u00eas partidas. Agora, a equipe se prepara para enfrentar a Portuguesa, nesta quarta-feira (29), no Canind\u00e9, buscando manter a boa sequ\u00eancia no torneio estadual. A expectativa \u00e9 de que Zubeld\u00eda utilize novas pe\u00e7as na escala\u00e7\u00e3o, testando diferentes forma\u00e7\u00f5es dentro de seu planejamento para a temporada.<\/p>\n","protected":false},"excerpt":{"rendered":"<p>Nas \u00faltimas horas, o foco das not\u00edcias sobre o S\u00e3o Paulo se concentram nos bastidores do clube, com destaques do dia a dia do time. Por conta deste contexto, leia abaixo um resumo preparado pela equipe do portal G\u00e1vea News para lhe manter muito bem informado! Futuro de Ferraresi\u00a0 O zagueiro Nahuel Ferraresi ser\u00e1 titular [&hellip;]<\/p>\n","protected":false},"author":27,"featured_media":157734,"comment_status":"open","ping_status":"closed","sticky":false,"template":"","format":"standard","meta":{"footnotes":""},"categories":[151],"tags":[],"class_list":["post-221299","post","type-post","status-publish","format-standard","has-post-thumbnail","hentry","category-sao-paulo"],"yoast_head":"<!-- This site is optimized with the Yoast SEO Premium plugin v24.2 (Yoast SEO v26.9) - https:\/\/yoast.com\/product\/yoast-seo-premium-wordpress\/ -->\n<title>Declara\u00e7\u00e3o de Zubeld\u00eda, atitude de Lucas Moura e futuro de Ferraresi\u00a0: as \u00faltimas not\u00edcias do S\u00e3o Paulo<\/title>\n<meta name=\"robots\" content=\"index, follow, max-snippet:-1, max-image-preview:large, max-video-preview:-1\" \/>\n<link rel=\"canonical\" href=\"https:\/\/www.gaveanews.com\/index.php\/2025\/01\/31\/declaracao-de-zubeldia-atitude-de-lucas-moura-e-futuro-de-ferraresi-as-ultimas-noticias-do-sao-paulo\/\" \/>\n<meta property=\"og:locale\" content=\"pt_BR\" \/>\n<meta property=\"og:type\" content=\"article\" \/>\n<meta property=\"og:title\" content=\"Declara\u00e7\u00e3o de Zubeld\u00eda, atitude de Lucas Moura e futuro de Ferraresi\u00a0: as \u00faltimas not\u00edcias do S\u00e3o Paulo\" \/>\n<meta property=\"og:description\" content=\"Nas \u00faltimas horas, o foco das not\u00edcias sobre o S\u00e3o Paulo se concentram nos bastidores do clube, com destaques do dia a dia do time. Por conta deste contexto, leia abaixo um resumo preparado pela equipe do portal G\u00e1vea News para lhe manter muito bem informado! Futuro de Ferraresi\u00a0 O zagueiro Nahuel Ferraresi ser\u00e1 titular [&hellip;]\" \/>\n<meta property=\"og:url\" content=\"https:\/\/www.gaveanews.com\/index.php\/2025\/01\/31\/declaracao-de-zubeldia-atitude-de-lucas-moura-e-futuro-de-ferraresi-as-ultimas-noticias-do-sao-paulo\/\" \/>\n<meta property=\"og:site_name\" content=\"G\u00e1vea News\" \/>\n<meta property=\"article:publisher\" content=\"https:\/\/facebook.com\/gaveaNews\/\" \/>\n<meta property=\"article:published_time\" content=\"2025-01-31T20:35:00+00:00\" \/>\n<meta property=\"og:image\" content=\"https:\/\/www.gaveanews.com\/wp-content\/uploads\/Elenco-do-Sao-Paulo.webp\" \/>\n\t<meta property=\"og:image:width\" content=\"1242\" \/>\n\t<meta property=\"og:image:height\" content=\"1235\" \/>\n\t<meta property=\"og:image:type\" content=\"image\/jpeg\" \/>\n<meta name=\"author\" content=\"Matheus Felipe\" \/>\n<meta name=\"twitter:card\" content=\"summary_large_image\" \/>\n<meta name=\"twitter:label1\" content=\"Escrito por\" \/>\n\t<meta name=\"twitter:data1\" content=\"Matheus Felipe\" \/>\n\t<meta name=\"twitter:label2\" content=\"Est. tempo de leitura\" \/>\n\t<meta name=\"twitter:data2\" content=\"5 minutos\" \/>\n<script type=\"application\/ld+json\" class=\"yoast-schema-graph\">{\"@context\":\"https:\/\/schema.org\",\"@graph\":[{\"@type\":\"NewsArticle\",\"@id\":\"https:\/\/www.gaveanews.com\/index.php\/2025\/01\/31\/declaracao-de-zubeldia-atitude-de-lucas-moura-e-futuro-de-ferraresi-as-ultimas-noticias-do-sao-paulo\/#article\",\"isPartOf\":{\"@id\":\"https:\/\/www.gaveanews.com\/index.php\/2025\/01\/31\/declaracao-de-zubeldia-atitude-de-lucas-moura-e-futuro-de-ferraresi-as-ultimas-noticias-do-sao-paulo\/\"},\"author\":{\"name\":\"Matheus Felipe\",\"@id\":\"https:\/\/www.gaveanews.com\/#\/schema\/person\/8207cd4627f56151707418bfc835b2fb\"},\"headline\":\"Declara\u00e7\u00e3o de Zubeld\u00eda, atitude de Lucas Moura e futuro de Ferraresi\u00a0: as \u00faltimas not\u00edcias do S\u00e3o Paulo\",\"datePublished\":\"2025-01-31T20:35:00+00:00\",\"mainEntityOfPage\":{\"@id\":\"https:\/\/www.gaveanews.com\/index.php\/2025\/01\/31\/declaracao-de-zubeldia-atitude-de-lucas-moura-e-futuro-de-ferraresi-as-ultimas-noticias-do-sao-paulo\/\"},\"wordCount\":856,\"commentCount\":0,\"image\":{\"@id\":\"https:\/\/www.gaveanews.com\/index.php\/2025\/01\/31\/declaracao-de-zubeldia-atitude-de-lucas-moura-e-futuro-de-ferraresi-as-ultimas-noticias-do-sao-paulo\/#primaryimage\"},\"thumbnailUrl\":\"https:\/\/www.gaveanews.com\/wp-content\/uploads\/Elenco-do-Sao-Paulo.webp\",\"articleSection\":[\"S\u00e3o Paulo\"],\"inLanguage\":\"pt-BR\",\"potentialAction\":[{\"@type\":\"CommentAction\",\"name\":\"Comment\",\"target\":[\"https:\/\/www.gaveanews.com\/index.php\/2025\/01\/31\/declaracao-de-zubeldia-atitude-de-lucas-moura-e-futuro-de-ferraresi-as-ultimas-noticias-do-sao-paulo\/#respond\"]}],\"copyrightYear\":\"2025\",\"copyrightHolder\":{\"@id\":\"https:\/\/www.gaveanews.com\/#organization\"}},{\"@type\":\"WebPage\",\"@id\":\"https:\/\/www.gaveanews.com\/index.php\/2025\/01\/31\/declaracao-de-zubeldia-atitude-de-lucas-moura-e-futuro-de-ferraresi-as-ultimas-noticias-do-sao-paulo\/\",\"url\":\"https:\/\/www.gaveanews.com\/index.php\/2025\/01\/31\/declaracao-de-zubeldia-atitude-de-lucas-moura-e-futuro-de-ferraresi-as-ultimas-noticias-do-sao-paulo\/\",\"name\":\"Declara\u00e7\u00e3o de Zubeld\u00eda, atitude de Lucas Moura e futuro de Ferraresi\u00a0: as \u00faltimas not\u00edcias do S\u00e3o Paulo\",\"isPartOf\":{\"@id\":\"https:\/\/www.gaveanews.com\/#website\"},\"primaryImageOfPage\":{\"@id\":\"https:\/\/www.gaveanews.com\/index.php\/2025\/01\/31\/declaracao-de-zubeldia-atitude-de-lucas-moura-e-futuro-de-ferraresi-as-ultimas-noticias-do-sao-paulo\/#primaryimage\"},\"image\":{\"@id\":\"https:\/\/www.gaveanews.com\/index.php\/2025\/01\/31\/declaracao-de-zubeldia-atitude-de-lucas-moura-e-futuro-de-ferraresi-as-ultimas-noticias-do-sao-paulo\/#primaryimage\"},\"thumbnailUrl\":\"https:\/\/www.gaveanews.com\/wp-content\/uploads\/Elenco-do-Sao-Paulo.webp\",\"datePublished\":\"2025-01-31T20:35:00+00:00\",\"author\":{\"@id\":\"https:\/\/www.gaveanews.com\/#\/schema\/person\/8207cd4627f56151707418bfc835b2fb\"},\"breadcrumb\":{\"@id\":\"https:\/\/www.gaveanews.com\/index.php\/2025\/01\/31\/declaracao-de-zubeldia-atitude-de-lucas-moura-e-futuro-de-ferraresi-as-ultimas-noticias-do-sao-paulo\/#breadcrumb\"},\"inLanguage\":\"pt-BR\",\"potentialAction\":[{\"@type\":\"ReadAction\",\"target\":[\"https:\/\/www.gaveanews.com\/index.php\/2025\/01\/31\/declaracao-de-zubeldia-atitude-de-lucas-moura-e-futuro-de-ferraresi-as-ultimas-noticias-do-sao-paulo\/\"]}]},{\"@type\":\"ImageObject\",\"inLanguage\":\"pt-BR\",\"@id\":\"https:\/\/www.gaveanews.com\/index.php\/2025\/01\/31\/declaracao-de-zubeldia-atitude-de-lucas-moura-e-futuro-de-ferraresi-as-ultimas-noticias-do-sao-paulo\/#primaryimage\",\"url\":\"https:\/\/www.gaveanews.com\/wp-content\/uploads\/Elenco-do-Sao-Paulo.webp\",\"contentUrl\":\"https:\/\/www.gaveanews.com\/wp-content\/uploads\/Elenco-do-Sao-Paulo.webp\",\"width\":1242,\"height\":1235,\"caption\":\"Elenco do S\u00e3o Paulo (Foto: Reprodu\u00e7\u00e3o\/Instagram)\"},{\"@type\":\"BreadcrumbList\",\"@id\":\"https:\/\/www.gaveanews.com\/index.php\/2025\/01\/31\/declaracao-de-zubeldia-atitude-de-lucas-moura-e-futuro-de-ferraresi-as-ultimas-noticias-do-sao-paulo\/#breadcrumb\",\"itemListElement\":[{\"@type\":\"ListItem\",\"position\":1,\"name\":\"Home\",\"item\":\"https:\/\/www.gaveanews.com\/\"},{\"@type\":\"ListItem\",\"position\":2,\"name\":\"Declara\u00e7\u00e3o de Zubeld\u00eda, atitude de Lucas Moura e futuro de Ferraresi\u00a0: as \u00faltimas not\u00edcias do S\u00e3o Paulo\"}]},{\"@type\":\"WebSite\",\"@id\":\"https:\/\/www.gaveanews.com\/#website\",\"url\":\"https:\/\/www.gaveanews.com\/\",\"name\":\"G\u00e1vea News\",\"description\":\"Veja todas as not\u00edcias sobre o Flamengo: Contrata\u00e7\u00f5es, categorias de base, resultados das partidas, tabela de classifica\u00e7\u00e3o, pr\u00f3ximos jogos!\",\"potentialAction\":[{\"@type\":\"SearchAction\",\"target\":{\"@type\":\"EntryPoint\",\"urlTemplate\":\"https:\/\/www.gaveanews.com\/?s={search_term_string}\"},\"query-input\":{\"@type\":\"PropertyValueSpecification\",\"valueRequired\":true,\"valueName\":\"search_term_string\"}}],\"inLanguage\":\"pt-BR\"},{\"@type\":\"Person\",\"@id\":\"https:\/\/www.gaveanews.com\/#\/schema\/person\/8207cd4627f56151707418bfc835b2fb\",\"name\":\"Matheus Felipe\",\"image\":{\"@type\":\"ImageObject\",\"inLanguage\":\"pt-BR\",\"@id\":\"https:\/\/www.gaveanews.com\/#\/schema\/person\/image\/\",\"url\":\"https:\/\/secure.gravatar.com\/avatar\/a452ffbed9130f726358b298bb3a99ce4bd3c5338411f8440e87e14d74c7c087?s=96&d=mm&r=g\",\"contentUrl\":\"https:\/\/secure.gravatar.com\/avatar\/a452ffbed9130f726358b298bb3a99ce4bd3c5338411f8440e87e14d74c7c087?s=96&d=mm&r=g\",\"caption\":\"Matheus Felipe\"}}]}<\/script>\n<!-- \/ Yoast SEO Premium plugin. -->","yoast_head_json":{"title":"Declara\u00e7\u00e3o de Zubeld\u00eda, atitude de Lucas Moura e futuro de Ferraresi\u00a0: as \u00faltimas not\u00edcias do S\u00e3o Paulo","robots":{"index":"index","follow":"follow","max-snippet":"max-snippet:-1","max-image-preview":"max-image-preview:large","max-video-preview":"max-video-preview:-1"},"canonical":"https:\/\/www.gaveanews.com\/index.php\/2025\/01\/31\/declaracao-de-zubeldia-atitude-de-lucas-moura-e-futuro-de-ferraresi-as-ultimas-noticias-do-sao-paulo\/","og_locale":"pt_BR","og_type":"article","og_title":"Declara\u00e7\u00e3o de Zubeld\u00eda, atitude de Lucas Moura e futuro de Ferraresi\u00a0: as \u00faltimas not\u00edcias do S\u00e3o Paulo","og_description":"Nas \u00faltimas horas, o foco das not\u00edcias sobre o S\u00e3o Paulo se concentram nos bastidores do clube, com destaques do dia a dia do time. Por conta deste contexto, leia abaixo um resumo preparado pela equipe do portal G\u00e1vea News para lhe manter muito bem informado! Futuro de Ferraresi\u00a0 O zagueiro Nahuel Ferraresi ser\u00e1 titular [&hellip;]","og_url":"https:\/\/www.gaveanews.com\/index.php\/2025\/01\/31\/declaracao-de-zubeldia-atitude-de-lucas-moura-e-futuro-de-ferraresi-as-ultimas-noticias-do-sao-paulo\/","og_site_name":"G\u00e1vea News","article_publisher":"https:\/\/facebook.com\/gaveaNews\/","article_published_time":"2025-01-31T20:35:00+00:00","og_image":[{"width":1242,"height":1235,"url":"https:\/\/www.gaveanews.com\/wp-content\/uploads\/Elenco-do-Sao-Paulo.webp","type":"image\/jpeg"}],"author":"Matheus Felipe","twitter_card":"summary_large_image","twitter_misc":{"Escrito por":"Matheus Felipe","Est. tempo de leitura":"5 minutos"},"schema":{"@context":"https:\/\/schema.org","@graph":[{"@type":"NewsArticle","@id":"https:\/\/www.gaveanews.com\/index.php\/2025\/01\/31\/declaracao-de-zubeldia-atitude-de-lucas-moura-e-futuro-de-ferraresi-as-ultimas-noticias-do-sao-paulo\/#article","isPartOf":{"@id":"https:\/\/www.gaveanews.com\/index.php\/2025\/01\/31\/declaracao-de-zubeldia-atitude-de-lucas-moura-e-futuro-de-ferraresi-as-ultimas-noticias-do-sao-paulo\/"},"author":{"name":"Matheus Felipe","@id":"https:\/\/www.gaveanews.com\/#\/schema\/person\/8207cd4627f56151707418bfc835b2fb"},"headline":"Declara\u00e7\u00e3o de Zubeld\u00eda, atitude de Lucas Moura e futuro de Ferraresi\u00a0: as \u00faltimas not\u00edcias do S\u00e3o Paulo","datePublished":"2025-01-31T20:35:00+00:00","mainEntityOfPage":{"@id":"https:\/\/www.gaveanews.com\/index.php\/2025\/01\/31\/declaracao-de-zubeldia-atitude-de-lucas-moura-e-futuro-de-ferraresi-as-ultimas-noticias-do-sao-paulo\/"},"wordCount":856,"commentCount":0,"image":{"@id":"https:\/\/www.gaveanews.com\/index.php\/2025\/01\/31\/declaracao-de-zubeldia-atitude-de-lucas-moura-e-futuro-de-ferraresi-as-ultimas-noticias-do-sao-paulo\/#primaryimage"},"thumbnailUrl":"https:\/\/www.gaveanews.com\/wp-content\/uploads\/Elenco-do-Sao-Paulo.webp","articleSection":["S\u00e3o Paulo"],"inLanguage":"pt-BR","potentialAction":[{"@type":"CommentAction","name":"Comment","target":["https:\/\/www.gaveanews.com\/index.php\/2025\/01\/31\/declaracao-de-zubeldia-atitude-de-lucas-moura-e-futuro-de-ferraresi-as-ultimas-noticias-do-sao-paulo\/#respond"]}],"copyrightYear":"2025","copyrightHolder":{"@id":"https:\/\/www.gaveanews.com\/#organization"}},{"@type":"WebPage","@id":"https:\/\/www.gaveanews.com\/index.php\/2025\/01\/31\/declaracao-de-zubeldia-atitude-de-lucas-moura-e-futuro-de-ferraresi-as-ultimas-noticias-do-sao-paulo\/","url":"https:\/\/www.gaveanews.com\/index.php\/2025\/01\/31\/declaracao-de-zubeldia-atitude-de-lucas-moura-e-futuro-de-ferraresi-as-ultimas-noticias-do-sao-paulo\/","name":"Declara\u00e7\u00e3o de Zubeld\u00eda, atitude de Lucas Moura e futuro de Ferraresi\u00a0: as \u00faltimas not\u00edcias do S\u00e3o Paulo","isPartOf":{"@id":"https:\/\/www.gaveanews.com\/#website"},"primaryImageOfPage":{"@id":"https:\/\/www.gaveanews.com\/index.php\/2025\/01\/31\/declaracao-de-zubeldia-atitude-de-lucas-moura-e-futuro-de-ferraresi-as-ultimas-noticias-do-sao-paulo\/#primaryimage"},"image":{"@id":"https:\/\/www.gaveanews.com\/index.php\/2025\/01\/31\/declaracao-de-zubeldia-atitude-de-lucas-moura-e-futuro-de-ferraresi-as-ultimas-noticias-do-sao-paulo\/#primaryimage"},"thumbnailUrl":"https:\/\/www.gaveanews.com\/wp-content\/uploads\/Elenco-do-Sao-Paulo.webp","datePublished":"2025-01-31T20:35:00+00:00","author":{"@id":"https:\/\/www.gaveanews.com\/#\/schema\/person\/8207cd4627f56151707418bfc835b2fb"},"breadcrumb":{"@id":"https:\/\/www.gaveanews.com\/index.php\/2025\/01\/31\/declaracao-de-zubeldia-atitude-de-lucas-moura-e-futuro-de-ferraresi-as-ultimas-noticias-do-sao-paulo\/#breadcrumb"},"inLanguage":"pt-BR","potentialAction":[{"@type":"ReadAction","target":["https:\/\/www.gaveanews.com\/index.php\/2025\/01\/31\/declaracao-de-zubeldia-atitude-de-lucas-moura-e-futuro-de-ferraresi-as-ultimas-noticias-do-sao-paulo\/"]}]},{"@type":"ImageObject","inLanguage":"pt-BR","@id":"https:\/\/www.gaveanews.com\/index.php\/2025\/01\/31\/declaracao-de-zubeldia-atitude-de-lucas-moura-e-futuro-de-ferraresi-as-ultimas-noticias-do-sao-paulo\/#primaryimage","url":"https:\/\/www.gaveanews.com\/wp-content\/uploads\/Elenco-do-Sao-Paulo.webp","contentUrl":"https:\/\/www.gaveanews.com\/wp-content\/uploads\/Elenco-do-Sao-Paulo.webp","width":1242,"height":1235,"caption":"Elenco do S\u00e3o Paulo (Foto: Reprodu\u00e7\u00e3o\/Instagram)"},{"@type":"BreadcrumbList","@id":"https:\/\/www.gaveanews.com\/index.php\/2025\/01\/31\/declaracao-de-zubeldia-atitude-de-lucas-moura-e-futuro-de-ferraresi-as-ultimas-noticias-do-sao-paulo\/#breadcrumb","itemListElement":[{"@type":"ListItem","position":1,"name":"Home","item":"https:\/\/www.gaveanews.com\/"},{"@type":"ListItem","position":2,"name":"Declara\u00e7\u00e3o de Zubeld\u00eda, atitude de Lucas Moura e futuro de Ferraresi\u00a0: as \u00faltimas not\u00edcias do S\u00e3o Paulo"}]},{"@type":"WebSite","@id":"https:\/\/www.gaveanews.com\/#website","url":"https:\/\/www.gaveanews.com\/","name":"G\u00e1vea News","description":"Veja todas as not\u00edcias sobre o Flamengo: Contrata\u00e7\u00f5es, categorias de base, resultados das partidas, tabela de classifica\u00e7\u00e3o, pr\u00f3ximos jogos!","potentialAction":[{"@type":"SearchAction","target":{"@type":"EntryPoint","urlTemplate":"https:\/\/www.gaveanews.com\/?s={search_term_string}"},"query-input":{"@type":"PropertyValueSpecification","valueRequired":true,"valueName":"search_term_string"}}],"inLanguage":"pt-BR"},{"@type":"Person","@id":"https:\/\/www.gaveanews.com\/#\/schema\/person\/8207cd4627f56151707418bfc835b2fb","name":"Matheus Felipe","image":{"@type":"ImageObject","inLanguage":"pt-BR","@id":"https:\/\/www.gaveanews.com\/#\/schema\/person\/image\/","url":"https:\/\/secure.gravatar.com\/avatar\/a452ffbed9130f726358b298bb3a99ce4bd3c5338411f8440e87e14d74c7c087?s=96&d=mm&r=g","contentUrl":"https:\/\/secure.gravatar.com\/avatar\/a452ffbed9130f726358b298bb3a99ce4bd3c5338411f8440e87e14d74c7c087?s=96&d=mm&r=g","caption":"Matheus Felipe"}}]}},"_links":{"self":[{"href":"https:\/\/www.gaveanews.com\/index.php\/wp-json\/wp\/v2\/posts\/221299","targetHints":{"allow":["GET"]}}],"collection":[{"href":"https:\/\/www.gaveanews.com\/index.php\/wp-json\/wp\/v2\/posts"}],"about":[{"href":"https:\/\/www.gaveanews.com\/index.php\/wp-json\/wp\/v2\/types\/post"}],"author":[{"embeddable":true,"href":"https:\/\/www.gaveanews.com\/index.php\/wp-json\/wp\/v2\/users\/27"}],"replies":[{"embeddable":true,"href":"https:\/\/www.gaveanews.com\/index.php\/wp-json\/wp\/v2\/comments?post=221299"}],"version-history":[{"count":1,"href":"https:\/\/www.gaveanews.com\/index.php\/wp-json\/wp\/v2\/posts\/221299\/revisions"}],"predecessor-version":[{"id":221344,"href":"https:\/\/www.gaveanews.com\/index.php\/wp-json\/wp\/v2\/posts\/221299\/revisions\/221344"}],"wp:featuredmedia":[{"embeddable":true,"href":"https:\/\/www.gaveanews.com\/index.php\/wp-json\/wp\/v2\/media\/157734"}],"wp:attachment":[{"href":"https:\/\/www.gaveanews.com\/index.php\/wp-json\/wp\/v2\/media?parent=221299"}],"wp:term":[{"taxonomy":"category","embeddable":true,"href":"https:\/\/www.gaveanews.com\/index.php\/wp-json\/wp\/v2\/categories?post=221299"},{"taxonomy":"post_tag","embeddable":true,"href":"https:\/\/www.gaveanews.com\/index.php\/wp-json\/wp\/v2\/tags?post=221299"}],"curies":[{"name":"wp","href":"https:\/\/api.w.org\/{rel}","templated":true}]}}