{"id":221300,"date":"2025-01-31T17:40:00","date_gmt":"2025-01-31T20:40:00","guid":{"rendered":"https:\/\/www.gaveanews.com\/?p=221300"},"modified":"2025-01-31T16:55:56","modified_gmt":"2025-01-31T19:55:56","slug":"futuro-de-capasso-multa-rescisoria-e-declaracao-de-lukas-zuccarello-declaracao-de-lukas-zuccarello-as-ultimas-noticias-do-vasco","status":"publish","type":"post","link":"https:\/\/www.gaveanews.com\/index.php\/2025\/01\/31\/futuro-de-capasso-multa-rescisoria-e-declaracao-de-lukas-zuccarello-declaracao-de-lukas-zuccarello-as-ultimas-noticias-do-vasco\/","title":{"rendered":"Futuro de Capasso, multa rescis\u00f3ria e declara\u00e7\u00e3o de Lukas Zuccarello declara\u00e7\u00e3o de Lukas Zuccarello: as \u00faltimas not\u00edcias do Vasco"},"content":{"rendered":"\n<p>Nas \u00faltimas horas, o foco das not\u00edcias sobre o Vasco se concentram nos bastidores do clube, com destaques do dia a dia do time.<\/p>\n\n\n\n<p>Por conta deste contexto, leia abaixo um resumo preparado pela equipe do portal G\u00e1vea News para lhe manter muito bem informado!<\/p>\n\n\n\n<h2 class=\"wp-block-heading\" id=\"h-declaracao-de-lukas-zuccarello\">Declara\u00e7\u00e3o de Lukas Zuccarello<\/h2>\n\n\n\n<p>O jovem meio-campista Lukas Zuccarello fez sua estreia pelo time principal do Vasco na vit\u00f3ria sobre o Maric\u00e1, entrando no segundo tempo da partida. Ap\u00f3s o jogo, o atleta de 18 anos expressou sua felicidade e agradeceu o apoio da torcida, que o acompanha desde sua participa\u00e7\u00e3o na Copa S\u00e3o Paulo de Futebol J\u00fanior. Prometendo sempre dar o seu melhor em campo, Zuccarello refor\u00e7ou seu compromisso com o clube e a import\u00e2ncia desse momento em sua carreira profissional<strong><a href=\"https:\/\/www.gaveanews.com\/index.php\/2025\/01\/30\/a-declaracao-de-lukas-zuccarello-direcionada-a-torcida-do-vasco\/\"> (leia a mat\u00e9ria completa).<\/a><\/strong><\/p>\n\n\n\n<blockquote class=\"instagram-media\" data-instgrm-permalink=\"https:\/\/www.instagram.com\/p\/DE3GMjGxrYa\/?utm_source=ig_embed&amp;utm_campaign=loading\" data-instgrm-version=\"14\" style=\" background:#FFF; border:0; border-radius:3px; box-shadow:0 0 1px 0 rgba(0,0,0,0.5),0 1px 10px 0 rgba(0,0,0,0.15); margin: 1px; max-width:540px; min-width:326px; padding:0; width:99.375%; width:-webkit-calc(100% - 2px); width:calc(100% - 2px);\"><div style=\"padding:16px;\"> <a href=\"https:\/\/www.instagram.com\/p\/DE3GMjGxrYa\/?utm_source=ig_embed&amp;utm_campaign=loading\" style=\" background:#FFFFFF; line-height:0; padding:0 0; text-align:center; text-decoration:none; width:100%;\" target=\"_blank\"> <div style=\" display: flex; flex-direction: row; align-items: center;\"> <div style=\"background-color: #F4F4F4; border-radius: 50%; flex-grow: 0; height: 40px; margin-right: 14px; width: 40px;\"><\/div> <div style=\"display: flex; flex-direction: column; flex-grow: 1; justify-content: center;\"> <div style=\" background-color: #F4F4F4; border-radius: 4px; flex-grow: 0; height: 14px; margin-bottom: 6px; width: 100px;\"><\/div> <div style=\" background-color: #F4F4F4; border-radius: 4px; flex-grow: 0; height: 14px; width: 60px;\"><\/div><\/div><\/div><div style=\"padding: 19% 0;\"><\/div> <div style=\"display:block; height:50px; margin:0 auto 12px; width:50px;\"><svg width=\"50px\" height=\"50px\" viewBox=\"0 0 60 60\" version=\"1.1\" xmlns=\"https:\/\/www.w3.org\/2000\/svg\" xmlns:xlink=\"https:\/\/www.w3.org\/1999\/xlink\"><g stroke=\"none\" stroke-width=\"1\" fill=\"none\" fill-rule=\"evenodd\"><g transform=\"translate(-511.000000, -20.000000)\" fill=\"#000000\"><g><path d=\"M556.869,30.41 C554.814,30.41 553.148,32.076 553.148,34.131 C553.148,36.186 554.814,37.852 556.869,37.852 C558.924,37.852 560.59,36.186 560.59,34.131 C560.59,32.076 558.924,30.41 556.869,30.41 M541,60.657 C535.114,60.657 530.342,55.887 530.342,50 C530.342,44.114 535.114,39.342 541,39.342 C546.887,39.342 551.658,44.114 551.658,50 C551.658,55.887 546.887,60.657 541,60.657 M541,33.886 C532.1,33.886 524.886,41.1 524.886,50 C524.886,58.899 532.1,66.113 541,66.113 C549.9,66.113 557.115,58.899 557.115,50 C557.115,41.1 549.9,33.886 541,33.886 M565.378,62.101 C565.244,65.022 564.756,66.606 564.346,67.663 C563.803,69.06 563.154,70.057 562.106,71.106 C561.058,72.155 560.06,72.803 558.662,73.347 C557.607,73.757 556.021,74.244 553.102,74.378 C549.944,74.521 548.997,74.552 541,74.552 C533.003,74.552 532.056,74.521 528.898,74.378 C525.979,74.244 524.393,73.757 523.338,73.347 C521.94,72.803 520.942,72.155 519.894,71.106 C518.846,70.057 518.197,69.06 517.654,67.663 C517.244,66.606 516.755,65.022 516.623,62.101 C516.479,58.943 516.448,57.996 516.448,50 C516.448,42.003 516.479,41.056 516.623,37.899 C516.755,34.978 517.244,33.391 517.654,32.338 C518.197,30.938 518.846,29.942 519.894,28.894 C520.942,27.846 521.94,27.196 523.338,26.654 C524.393,26.244 525.979,25.756 528.898,25.623 C532.057,25.479 533.004,25.448 541,25.448 C548.997,25.448 549.943,25.479 553.102,25.623 C556.021,25.756 557.607,26.244 558.662,26.654 C560.06,27.196 561.058,27.846 562.106,28.894 C563.154,29.942 563.803,30.938 564.346,32.338 C564.756,33.391 565.244,34.978 565.378,37.899 C565.522,41.056 565.552,42.003 565.552,50 C565.552,57.996 565.522,58.943 565.378,62.101 M570.82,37.631 C570.674,34.438 570.167,32.258 569.425,30.349 C568.659,28.377 567.633,26.702 565.965,25.035 C564.297,23.368 562.623,22.342 560.652,21.575 C558.743,20.834 556.562,20.326 553.369,20.18 C550.169,20.033 549.148,20 541,20 C532.853,20 531.831,20.033 528.631,20.18 C525.438,20.326 523.257,20.834 521.349,21.575 C519.376,22.342 517.703,23.368 516.035,25.035 C514.368,26.702 513.342,28.377 512.574,30.349 C511.834,32.258 511.326,34.438 511.181,37.631 C511.035,40.831 511,41.851 511,50 C511,58.147 511.035,59.17 511.181,62.369 C511.326,65.562 511.834,67.743 512.574,69.651 C513.342,71.625 514.368,73.296 516.035,74.965 C517.703,76.634 519.376,77.658 521.349,78.425 C523.257,79.167 525.438,79.673 528.631,79.82 C531.831,79.965 532.853,80.001 541,80.001 C549.148,80.001 550.169,79.965 553.369,79.82 C556.562,79.673 558.743,79.167 560.652,78.425 C562.623,77.658 564.297,76.634 565.965,74.965 C567.633,73.296 568.659,71.625 569.425,69.651 C570.167,67.743 570.674,65.562 570.82,62.369 C570.966,59.17 571,58.147 571,50 C571,41.851 570.966,40.831 570.82,37.631\"><\/path><\/g><\/g><\/g><\/svg><\/div><div style=\"padding-top: 8px;\"> <div style=\" color:#3897f0; font-family:Arial,sans-serif; font-size:14px; font-style:normal; font-weight:550; line-height:18px;\">Ver essa foto no Instagram<\/div><\/div><div style=\"padding: 12.5% 0;\"><\/div> <div style=\"display: flex; flex-direction: row; margin-bottom: 14px; align-items: center;\"><div> <div style=\"background-color: #F4F4F4; border-radius: 50%; height: 12.5px; width: 12.5px; transform: translateX(0px) translateY(7px);\"><\/div> <div style=\"background-color: #F4F4F4; height: 12.5px; transform: rotate(-45deg) translateX(3px) translateY(1px); width: 12.5px; flex-grow: 0; margin-right: 14px; margin-left: 2px;\"><\/div> <div style=\"background-color: #F4F4F4; border-radius: 50%; height: 12.5px; width: 12.5px; transform: translateX(9px) translateY(-18px);\"><\/div><\/div><div style=\"margin-left: 8px;\"> <div style=\" background-color: #F4F4F4; border-radius: 50%; flex-grow: 0; height: 20px; width: 20px;\"><\/div> <div style=\" width: 0; height: 0; border-top: 2px solid transparent; border-left: 6px solid #f4f4f4; border-bottom: 2px solid transparent; transform: translateX(16px) translateY(-4px) rotate(30deg)\"><\/div><\/div><div style=\"margin-left: auto;\"> <div style=\" width: 0px; border-top: 8px solid #F4F4F4; border-right: 8px solid transparent; transform: translateY(16px);\"><\/div> <div style=\" background-color: #F4F4F4; flex-grow: 0; height: 12px; width: 16px; transform: translateY(-4px);\"><\/div> <div style=\" width: 0; height: 0; border-top: 8px solid #F4F4F4; border-left: 8px solid transparent; transform: translateY(-4px) translateX(8px);\"><\/div><\/div><\/div> <div style=\"display: flex; flex-direction: column; flex-grow: 1; justify-content: center; margin-bottom: 24px;\"> <div style=\" background-color: #F4F4F4; border-radius: 4px; flex-grow: 0; height: 14px; margin-bottom: 6px; width: 224px;\"><\/div> <div style=\" background-color: #F4F4F4; border-radius: 4px; flex-grow: 0; height: 14px; width: 144px;\"><\/div><\/div><\/a><p style=\" color:#c9c8cd; font-family:Arial,sans-serif; font-size:14px; line-height:17px; margin-bottom:0; margin-top:8px; overflow:hidden; padding:8px 0 7px; text-align:center; text-overflow:ellipsis; white-space:nowrap;\"><a href=\"https:\/\/www.instagram.com\/p\/DE3GMjGxrYa\/?utm_source=ig_embed&amp;utm_campaign=loading\" style=\" color:#c9c8cd; font-family:Arial,sans-serif; font-size:14px; font-style:normal; font-weight:normal; line-height:17px; text-decoration:none;\" target=\"_blank\">Uma publica\u00e7\u00e3o compartilhada por L. Zuccarello \ud83c\udde7\ud83c\uddf7\/\ud83c\uddee\ud83c\uddf9 (@lukasrochazuccarello)<\/a><\/p><\/div><\/blockquote>\n<script async src=\"\/\/www.instagram.com\/embed.js\"><\/script>\n\n\n\n<p>Revelado pelo Sport, Zuccarello chegou ao Vasco em 2022 e se destacou nas categorias de base, marcando 13 gols em 29 jogos pelo time sub-17. <\/p>\n\n\n\n<p>Com seu crescimento, o clube adquiriu 70% de seus direitos econ\u00f4micos por um valor superior a R$ 1 milh\u00e3o e incluiu uma multa rescis\u00f3ria acima dos R$ 50 milh\u00f5es, garantindo prote\u00e7\u00e3o em uma poss\u00edvel transfer\u00eancia futura. Sua evolu\u00e7\u00e3o tem sido acompanhada de perto pela comiss\u00e3o t\u00e9cnica, e sua estreia na equipe principal representa um passo importante em sua trajet\u00f3ria.<\/p>\n\n\n\n<p>Fora de campo, o Vasco segue envolvido em disputas judiciais com a 777 Partners, gestora da SAF do clube. O julgamento de um recurso da empresa foi adiado ap\u00f3s pedido dos advogados rec\u00e9m-chegados ao caso, que buscam anular a nomea\u00e7\u00e3o de Ana Tereza Bas\u00edlio para a arbitragem na Funda\u00e7\u00e3o Get\u00falio Vargas (FGV). Enquanto o clube se prepara para os desafios dentro de campo, a quest\u00e3o jur\u00eddica segue indefinida, com a 777 tentando recuperar o controle da SAF vasca\u00edna.<\/p>\n\n\n\n<h2 class=\"wp-block-heading\" id=\"h-multa-rescisoria\">Multa rescis\u00f3ria<\/h2>\n\n\n\n<p>O jovem atacante Lukas Zuccarello, uma das principais promessas da base do Vasco, firmou contrato com a equipe profissional e teve sua multa rescis\u00f3ria estipulada em aproximadamente R$ 50 milh\u00f5es. O jogador de 18 anos se destacou na Copinha, marcando sete gols e dando uma assist\u00eancia em oito partidas. Para garantir uma fatia maior dos direitos econ\u00f4micos do atleta, o Vasco adquiriu mais 20% do passe, chegando a deter 70%, ap\u00f3s um investimento de R$ 500 mil<strong><a href=\"https:\/\/www.gaveanews.com\/index.php\/2025\/01\/30\/vasco-o-valor-da-multa-rescisoria-de-lukas-zuccarello\/\"> (leia a mat\u00e9ria completa).<\/a><\/strong><\/p>\n\n\n\n<figure class=\"wp-block-image size-large\"><img loading=\"lazy\" decoding=\"async\" width=\"1024\" height=\"576\" src=\"http:\/\/www.gaveanews.com\/wp-content\/uploads\/Futebol-e-dinheiro-1-1024x576.webp\" alt=\"\" class=\"wp-image-167418\" srcset=\"https:\/\/www.gaveanews.com\/wp-content\/uploads\/Futebol-e-dinheiro-1-1024x576.webp 1024w, https:\/\/www.gaveanews.com\/wp-content\/uploads\/Futebol-e-dinheiro-1-300x169.webp 300w, https:\/\/www.gaveanews.com\/wp-content\/uploads\/Futebol-e-dinheiro-1-768x432.webp 768w, https:\/\/www.gaveanews.com\/wp-content\/uploads\/Futebol-e-dinheiro-1-747x420.webp 747w, https:\/\/www.gaveanews.com\/wp-content\/uploads\/Futebol-e-dinheiro-1-640x360.webp 640w, https:\/\/www.gaveanews.com\/wp-content\/uploads\/Futebol-e-dinheiro-1-681x383.webp 681w, https:\/\/www.gaveanews.com\/wp-content\/uploads\/Futebol-e-dinheiro-1-100x56.webp 100w, https:\/\/www.gaveanews.com\/wp-content\/uploads\/Futebol-e-dinheiro-1.webp 1280w\" sizes=\"auto, (max-width: 1024px) 100vw, 1024px\" \/><figcaption class=\"wp-element-caption\">Futebol e dinheiro (Imagem: Editoria de arte\/G\u00e1vea News\/Henrique Machado)<\/figcaption><\/figure>\n\n\n\n<p>Desde sua chegada ao clube em 2022, vindo do Sport, Zuccarello acumulou bons n\u00fameros nas categorias de base, com 29 partidas e 13 gols no Sub-17. O atacante expressou sua satisfa\u00e7\u00e3o com a renova\u00e7\u00e3o contratual, afirmando que considera o Vasco sua casa e tem grandes expectativas para sua trajet\u00f3ria no clube. Seu novo v\u00ednculo vai at\u00e9 o final de 2028, e a tend\u00eancia \u00e9 que ele receba oportunidades no time principal sob o comando de F\u00e1bio Carille.<\/p>\n\n\n\n<p>O pr\u00f3ximo desafio do Vasco ser\u00e1 no s\u00e1bado (1), \u00e0s 16h30, contra o Volta Redonda, no Est\u00e1dio Kl\u00e9ber de Andrade. Com a vit\u00f3ria recente sobre o Maric\u00e1, o Cruzmaltino chegou \u00e0 segunda posi\u00e7\u00e3o do Campeonato Carioca, empatado em pontos justamente com seu pr\u00f3ximo advers\u00e1rio.<\/p>\n\n\n\n<h2 class=\"wp-block-heading\" id=\"h-futuro-de-capasso\">Futuro de Capasso<\/h2>\n\n\n\n<p>O t\u00e9cnico F\u00e1bio Carille comentou sobre a situa\u00e7\u00e3o do zagueiro Capasso ap\u00f3s a vit\u00f3ria do Vasco sobre o Maric\u00e1, destacando que o jogador ainda est\u00e1 sendo avaliado. O defensor, que retornou de empr\u00e9stimo ao Olimpia, recebeu propostas de clubes internacionais, incluindo um da Europa e outro da Am\u00e9rica do Sul. Inicialmente, o Vasco planejava negoci\u00e1-lo, mas sua perman\u00eancia ainda est\u00e1 em an\u00e1lise conforme o treinador observa seu desempenho nos treinamentos <strong><a href=\"https:\/\/www.gaveanews.com\/index.php\/2025\/01\/30\/vasco-atualizacao-sobre-o-futuro-de-capasso\/\">(leia a mat\u00e9ria completa).<\/a><\/strong><\/p>\n\n\n\n<figure class=\"wp-block-image size-full\"><img loading=\"lazy\" decoding=\"async\" width=\"1024\" height=\"562\" src=\"http:\/\/www.gaveanews.com\/wp-content\/uploads\/Pedrinho-presidente-do-Vasco.webp\" alt=\"\" class=\"wp-image-146559\" srcset=\"https:\/\/www.gaveanews.com\/wp-content\/uploads\/Pedrinho-presidente-do-Vasco.webp 1024w, https:\/\/www.gaveanews.com\/wp-content\/uploads\/Pedrinho-presidente-do-Vasco-300x165.webp 300w, https:\/\/www.gaveanews.com\/wp-content\/uploads\/Pedrinho-presidente-do-Vasco-768x422.webp 768w, https:\/\/www.gaveanews.com\/wp-content\/uploads\/Pedrinho-presidente-do-Vasco-765x420.webp 765w, https:\/\/www.gaveanews.com\/wp-content\/uploads\/Pedrinho-presidente-do-Vasco-640x350.webp 640w, https:\/\/www.gaveanews.com\/wp-content\/uploads\/Pedrinho-presidente-do-Vasco-681x374.webp 681w, https:\/\/www.gaveanews.com\/wp-content\/uploads\/Pedrinho-presidente-do-Vasco-1022x562.webp 1022w, https:\/\/www.gaveanews.com\/wp-content\/uploads\/Pedrinho-presidente-do-Vasco-100x55.webp 100w\" sizes=\"auto, (max-width: 1024px) 100vw, 1024px\" \/><figcaption class=\"wp-element-caption\">Pedrinho, presidente do Vasco (Foto: Reprodu\u00e7\u00e3o\/Vasco TV)<\/figcaption><\/figure>\n\n\n\n<p>Carille elogiou a dedica\u00e7\u00e3o dos atletas que n\u00e3o foram relacionados e ressaltou que o elenco segue em evolu\u00e7\u00e3o, apesar da sequ\u00eancia intensa de jogos. O treinador enfatizou que n\u00e3o h\u00e1 espa\u00e7o para testes, pois o foco \u00e9 fortalecer a equipe para o restante da temporada. Enquanto isso, a diretoria monitora o mercado e busca refor\u00e7os para diferentes posi\u00e7\u00f5es, incluindo um atacante.<\/p>\n\n\n\n<p>O Vasco tem interesse na contrata\u00e7\u00e3o de Lucas Braga, do Santos, para ampliar suas op\u00e7\u00f5es ofensivas. O jogador, que teve uma passagem pelo futebol japon\u00eas em 2024, tamb\u00e9m desperta o interesse do Vit\u00f3ria. Al\u00e9m disso, o clube j\u00e1 garantiu a renova\u00e7\u00e3o de contratos importantes, como o de Pablo Vegetti, e segue atento a novas oportunidades antes do fechamento da janela de transfer\u00eancias.<\/p>\n","protected":false},"excerpt":{"rendered":"<p>Nas \u00faltimas horas, o foco das not\u00edcias sobre o Vasco se concentram nos bastidores do clube, com destaques do dia a dia do time. Por conta deste contexto, leia abaixo um resumo preparado pela equipe do portal G\u00e1vea News para lhe manter muito bem informado! Declara\u00e7\u00e3o de Lukas Zuccarello O jovem meio-campista Lukas Zuccarello fez [&hellip;]<\/p>\n","protected":false},"author":27,"featured_media":157096,"comment_status":"open","ping_status":"closed","sticky":false,"template":"","format":"standard","meta":{"footnotes":""},"categories":[152],"tags":[],"class_list":["post-221300","post","type-post","status-publish","format-standard","has-post-thumbnail","hentry","category-vasco"],"yoast_head":"<!-- This site is optimized with the Yoast SEO Premium plugin v24.2 (Yoast SEO v26.9) - https:\/\/yoast.com\/product\/yoast-seo-premium-wordpress\/ -->\n<title>Futuro de Capasso, multa rescis\u00f3ria e declara\u00e7\u00e3o de Lukas Zuccarello declara\u00e7\u00e3o de Lukas Zuccarello: as \u00faltimas not\u00edcias do Vasco<\/title>\n<meta name=\"robots\" content=\"index, follow, max-snippet:-1, max-image-preview:large, max-video-preview:-1\" \/>\n<link rel=\"canonical\" href=\"https:\/\/www.gaveanews.com\/index.php\/2025\/01\/31\/futuro-de-capasso-multa-rescisoria-e-declaracao-de-lukas-zuccarello-declaracao-de-lukas-zuccarello-as-ultimas-noticias-do-vasco\/\" \/>\n<meta property=\"og:locale\" content=\"pt_BR\" \/>\n<meta property=\"og:type\" content=\"article\" \/>\n<meta property=\"og:title\" content=\"Futuro de Capasso, multa rescis\u00f3ria e declara\u00e7\u00e3o de Lukas Zuccarello declara\u00e7\u00e3o de Lukas Zuccarello: as \u00faltimas not\u00edcias do Vasco\" \/>\n<meta property=\"og:description\" content=\"Nas \u00faltimas horas, o foco das not\u00edcias sobre o Vasco se concentram nos bastidores do clube, com destaques do dia a dia do time. Por conta deste contexto, leia abaixo um resumo preparado pela equipe do portal G\u00e1vea News para lhe manter muito bem informado! Declara\u00e7\u00e3o de Lukas Zuccarello O jovem meio-campista Lukas Zuccarello fez [&hellip;]\" \/>\n<meta property=\"og:url\" content=\"https:\/\/www.gaveanews.com\/index.php\/2025\/01\/31\/futuro-de-capasso-multa-rescisoria-e-declaracao-de-lukas-zuccarello-declaracao-de-lukas-zuccarello-as-ultimas-noticias-do-vasco\/\" \/>\n<meta property=\"og:site_name\" content=\"G\u00e1vea News\" \/>\n<meta property=\"article:publisher\" content=\"https:\/\/facebook.com\/gaveaNews\/\" \/>\n<meta property=\"article:published_time\" content=\"2025-01-31T20:40:00+00:00\" \/>\n<meta property=\"og:image\" content=\"https:\/\/www.gaveanews.com\/wp-content\/uploads\/Jogadores-do-Vasco-durante-partida-contra-o-Atletico-GO-pela-Copa-do-Brasil-2024.webp\" \/>\n\t<meta property=\"og:image:width\" content=\"1440\" \/>\n\t<meta property=\"og:image:height\" content=\"960\" \/>\n\t<meta property=\"og:image:type\" content=\"image\/jpeg\" \/>\n<meta name=\"author\" content=\"Matheus Felipe\" \/>\n<meta name=\"twitter:card\" content=\"summary_large_image\" \/>\n<meta name=\"twitter:label1\" content=\"Escrito por\" \/>\n\t<meta name=\"twitter:data1\" content=\"Matheus Felipe\" \/>\n\t<meta name=\"twitter:label2\" content=\"Est. tempo de leitura\" \/>\n\t<meta name=\"twitter:data2\" content=\"5 minutos\" \/>\n<script type=\"application\/ld+json\" class=\"yoast-schema-graph\">{\"@context\":\"https:\/\/schema.org\",\"@graph\":[{\"@type\":\"NewsArticle\",\"@id\":\"https:\/\/www.gaveanews.com\/index.php\/2025\/01\/31\/futuro-de-capasso-multa-rescisoria-e-declaracao-de-lukas-zuccarello-declaracao-de-lukas-zuccarello-as-ultimas-noticias-do-vasco\/#article\",\"isPartOf\":{\"@id\":\"https:\/\/www.gaveanews.com\/index.php\/2025\/01\/31\/futuro-de-capasso-multa-rescisoria-e-declaracao-de-lukas-zuccarello-declaracao-de-lukas-zuccarello-as-ultimas-noticias-do-vasco\/\"},\"author\":{\"name\":\"Matheus Felipe\",\"@id\":\"https:\/\/www.gaveanews.com\/#\/schema\/person\/8207cd4627f56151707418bfc835b2fb\"},\"headline\":\"Futuro de Capasso, multa rescis\u00f3ria e declara\u00e7\u00e3o de Lukas Zuccarello declara\u00e7\u00e3o de Lukas Zuccarello: as \u00faltimas not\u00edcias do Vasco\",\"datePublished\":\"2025-01-31T20:40:00+00:00\",\"mainEntityOfPage\":{\"@id\":\"https:\/\/www.gaveanews.com\/index.php\/2025\/01\/31\/futuro-de-capasso-multa-rescisoria-e-declaracao-de-lukas-zuccarello-declaracao-de-lukas-zuccarello-as-ultimas-noticias-do-vasco\/\"},\"wordCount\":811,\"commentCount\":0,\"image\":{\"@id\":\"https:\/\/www.gaveanews.com\/index.php\/2025\/01\/31\/futuro-de-capasso-multa-rescisoria-e-declaracao-de-lukas-zuccarello-declaracao-de-lukas-zuccarello-as-ultimas-noticias-do-vasco\/#primaryimage\"},\"thumbnailUrl\":\"https:\/\/www.gaveanews.com\/wp-content\/uploads\/Jogadores-do-Vasco-durante-partida-contra-o-Atletico-GO-pela-Copa-do-Brasil-2024.webp\",\"articleSection\":[\"Vasco\"],\"inLanguage\":\"pt-BR\",\"potentialAction\":[{\"@type\":\"CommentAction\",\"name\":\"Comment\",\"target\":[\"https:\/\/www.gaveanews.com\/index.php\/2025\/01\/31\/futuro-de-capasso-multa-rescisoria-e-declaracao-de-lukas-zuccarello-declaracao-de-lukas-zuccarello-as-ultimas-noticias-do-vasco\/#respond\"]}],\"copyrightYear\":\"2025\",\"copyrightHolder\":{\"@id\":\"https:\/\/www.gaveanews.com\/#organization\"}},{\"@type\":\"WebPage\",\"@id\":\"https:\/\/www.gaveanews.com\/index.php\/2025\/01\/31\/futuro-de-capasso-multa-rescisoria-e-declaracao-de-lukas-zuccarello-declaracao-de-lukas-zuccarello-as-ultimas-noticias-do-vasco\/\",\"url\":\"https:\/\/www.gaveanews.com\/index.php\/2025\/01\/31\/futuro-de-capasso-multa-rescisoria-e-declaracao-de-lukas-zuccarello-declaracao-de-lukas-zuccarello-as-ultimas-noticias-do-vasco\/\",\"name\":\"Futuro de Capasso, multa rescis\u00f3ria e declara\u00e7\u00e3o de Lukas Zuccarello declara\u00e7\u00e3o de Lukas Zuccarello: as \u00faltimas not\u00edcias do Vasco\",\"isPartOf\":{\"@id\":\"https:\/\/www.gaveanews.com\/#website\"},\"primaryImageOfPage\":{\"@id\":\"https:\/\/www.gaveanews.com\/index.php\/2025\/01\/31\/futuro-de-capasso-multa-rescisoria-e-declaracao-de-lukas-zuccarello-declaracao-de-lukas-zuccarello-as-ultimas-noticias-do-vasco\/#primaryimage\"},\"image\":{\"@id\":\"https:\/\/www.gaveanews.com\/index.php\/2025\/01\/31\/futuro-de-capasso-multa-rescisoria-e-declaracao-de-lukas-zuccarello-declaracao-de-lukas-zuccarello-as-ultimas-noticias-do-vasco\/#primaryimage\"},\"thumbnailUrl\":\"https:\/\/www.gaveanews.com\/wp-content\/uploads\/Jogadores-do-Vasco-durante-partida-contra-o-Atletico-GO-pela-Copa-do-Brasil-2024.webp\",\"datePublished\":\"2025-01-31T20:40:00+00:00\",\"author\":{\"@id\":\"https:\/\/www.gaveanews.com\/#\/schema\/person\/8207cd4627f56151707418bfc835b2fb\"},\"breadcrumb\":{\"@id\":\"https:\/\/www.gaveanews.com\/index.php\/2025\/01\/31\/futuro-de-capasso-multa-rescisoria-e-declaracao-de-lukas-zuccarello-declaracao-de-lukas-zuccarello-as-ultimas-noticias-do-vasco\/#breadcrumb\"},\"inLanguage\":\"pt-BR\",\"potentialAction\":[{\"@type\":\"ReadAction\",\"target\":[\"https:\/\/www.gaveanews.com\/index.php\/2025\/01\/31\/futuro-de-capasso-multa-rescisoria-e-declaracao-de-lukas-zuccarello-declaracao-de-lukas-zuccarello-as-ultimas-noticias-do-vasco\/\"]}]},{\"@type\":\"ImageObject\",\"inLanguage\":\"pt-BR\",\"@id\":\"https:\/\/www.gaveanews.com\/index.php\/2025\/01\/31\/futuro-de-capasso-multa-rescisoria-e-declaracao-de-lukas-zuccarello-declaracao-de-lukas-zuccarello-as-ultimas-noticias-do-vasco\/#primaryimage\",\"url\":\"https:\/\/www.gaveanews.com\/wp-content\/uploads\/Jogadores-do-Vasco-durante-partida-contra-o-Atletico-GO-pela-Copa-do-Brasil-2024.webp\",\"contentUrl\":\"https:\/\/www.gaveanews.com\/wp-content\/uploads\/Jogadores-do-Vasco-durante-partida-contra-o-Atletico-GO-pela-Copa-do-Brasil-2024.webp\",\"width\":1440,\"height\":960,\"caption\":\"Jogadores do Vasco durante partida contra o Atletico-GO pela Copa do Brasil 2024 (Foto: Reprodu\u00e7\u00e3o\/Instagram)\"},{\"@type\":\"BreadcrumbList\",\"@id\":\"https:\/\/www.gaveanews.com\/index.php\/2025\/01\/31\/futuro-de-capasso-multa-rescisoria-e-declaracao-de-lukas-zuccarello-declaracao-de-lukas-zuccarello-as-ultimas-noticias-do-vasco\/#breadcrumb\",\"itemListElement\":[{\"@type\":\"ListItem\",\"position\":1,\"name\":\"Home\",\"item\":\"https:\/\/www.gaveanews.com\/\"},{\"@type\":\"ListItem\",\"position\":2,\"name\":\"Futuro de Capasso, multa rescis\u00f3ria e declara\u00e7\u00e3o de Lukas Zuccarello declara\u00e7\u00e3o de Lukas Zuccarello: as \u00faltimas not\u00edcias do Vasco\"}]},{\"@type\":\"WebSite\",\"@id\":\"https:\/\/www.gaveanews.com\/#website\",\"url\":\"https:\/\/www.gaveanews.com\/\",\"name\":\"G\u00e1vea News\",\"description\":\"Veja todas as not\u00edcias sobre o Flamengo: Contrata\u00e7\u00f5es, categorias de base, resultados das partidas, tabela de classifica\u00e7\u00e3o, pr\u00f3ximos jogos!\",\"potentialAction\":[{\"@type\":\"SearchAction\",\"target\":{\"@type\":\"EntryPoint\",\"urlTemplate\":\"https:\/\/www.gaveanews.com\/?s={search_term_string}\"},\"query-input\":{\"@type\":\"PropertyValueSpecification\",\"valueRequired\":true,\"valueName\":\"search_term_string\"}}],\"inLanguage\":\"pt-BR\"},{\"@type\":\"Person\",\"@id\":\"https:\/\/www.gaveanews.com\/#\/schema\/person\/8207cd4627f56151707418bfc835b2fb\",\"name\":\"Matheus Felipe\",\"image\":{\"@type\":\"ImageObject\",\"inLanguage\":\"pt-BR\",\"@id\":\"https:\/\/www.gaveanews.com\/#\/schema\/person\/image\/\",\"url\":\"https:\/\/secure.gravatar.com\/avatar\/a452ffbed9130f726358b298bb3a99ce4bd3c5338411f8440e87e14d74c7c087?s=96&d=mm&r=g\",\"contentUrl\":\"https:\/\/secure.gravatar.com\/avatar\/a452ffbed9130f726358b298bb3a99ce4bd3c5338411f8440e87e14d74c7c087?s=96&d=mm&r=g\",\"caption\":\"Matheus Felipe\"}}]}<\/script>\n<!-- \/ Yoast SEO Premium plugin. -->","yoast_head_json":{"title":"Futuro de Capasso, multa rescis\u00f3ria e declara\u00e7\u00e3o de Lukas Zuccarello declara\u00e7\u00e3o de Lukas Zuccarello: as \u00faltimas not\u00edcias do Vasco","robots":{"index":"index","follow":"follow","max-snippet":"max-snippet:-1","max-image-preview":"max-image-preview:large","max-video-preview":"max-video-preview:-1"},"canonical":"https:\/\/www.gaveanews.com\/index.php\/2025\/01\/31\/futuro-de-capasso-multa-rescisoria-e-declaracao-de-lukas-zuccarello-declaracao-de-lukas-zuccarello-as-ultimas-noticias-do-vasco\/","og_locale":"pt_BR","og_type":"article","og_title":"Futuro de Capasso, multa rescis\u00f3ria e declara\u00e7\u00e3o de Lukas Zuccarello declara\u00e7\u00e3o de Lukas Zuccarello: as \u00faltimas not\u00edcias do Vasco","og_description":"Nas \u00faltimas horas, o foco das not\u00edcias sobre o Vasco se concentram nos bastidores do clube, com destaques do dia a dia do time. Por conta deste contexto, leia abaixo um resumo preparado pela equipe do portal G\u00e1vea News para lhe manter muito bem informado! Declara\u00e7\u00e3o de Lukas Zuccarello O jovem meio-campista Lukas Zuccarello fez [&hellip;]","og_url":"https:\/\/www.gaveanews.com\/index.php\/2025\/01\/31\/futuro-de-capasso-multa-rescisoria-e-declaracao-de-lukas-zuccarello-declaracao-de-lukas-zuccarello-as-ultimas-noticias-do-vasco\/","og_site_name":"G\u00e1vea News","article_publisher":"https:\/\/facebook.com\/gaveaNews\/","article_published_time":"2025-01-31T20:40:00+00:00","og_image":[{"width":1440,"height":960,"url":"https:\/\/www.gaveanews.com\/wp-content\/uploads\/Jogadores-do-Vasco-durante-partida-contra-o-Atletico-GO-pela-Copa-do-Brasil-2024.webp","type":"image\/jpeg"}],"author":"Matheus Felipe","twitter_card":"summary_large_image","twitter_misc":{"Escrito por":"Matheus Felipe","Est. tempo de leitura":"5 minutos"},"schema":{"@context":"https:\/\/schema.org","@graph":[{"@type":"NewsArticle","@id":"https:\/\/www.gaveanews.com\/index.php\/2025\/01\/31\/futuro-de-capasso-multa-rescisoria-e-declaracao-de-lukas-zuccarello-declaracao-de-lukas-zuccarello-as-ultimas-noticias-do-vasco\/#article","isPartOf":{"@id":"https:\/\/www.gaveanews.com\/index.php\/2025\/01\/31\/futuro-de-capasso-multa-rescisoria-e-declaracao-de-lukas-zuccarello-declaracao-de-lukas-zuccarello-as-ultimas-noticias-do-vasco\/"},"author":{"name":"Matheus Felipe","@id":"https:\/\/www.gaveanews.com\/#\/schema\/person\/8207cd4627f56151707418bfc835b2fb"},"headline":"Futuro de Capasso, multa rescis\u00f3ria e declara\u00e7\u00e3o de Lukas Zuccarello declara\u00e7\u00e3o de Lukas Zuccarello: as \u00faltimas not\u00edcias do Vasco","datePublished":"2025-01-31T20:40:00+00:00","mainEntityOfPage":{"@id":"https:\/\/www.gaveanews.com\/index.php\/2025\/01\/31\/futuro-de-capasso-multa-rescisoria-e-declaracao-de-lukas-zuccarello-declaracao-de-lukas-zuccarello-as-ultimas-noticias-do-vasco\/"},"wordCount":811,"commentCount":0,"image":{"@id":"https:\/\/www.gaveanews.com\/index.php\/2025\/01\/31\/futuro-de-capasso-multa-rescisoria-e-declaracao-de-lukas-zuccarello-declaracao-de-lukas-zuccarello-as-ultimas-noticias-do-vasco\/#primaryimage"},"thumbnailUrl":"https:\/\/www.gaveanews.com\/wp-content\/uploads\/Jogadores-do-Vasco-durante-partida-contra-o-Atletico-GO-pela-Copa-do-Brasil-2024.webp","articleSection":["Vasco"],"inLanguage":"pt-BR","potentialAction":[{"@type":"CommentAction","name":"Comment","target":["https:\/\/www.gaveanews.com\/index.php\/2025\/01\/31\/futuro-de-capasso-multa-rescisoria-e-declaracao-de-lukas-zuccarello-declaracao-de-lukas-zuccarello-as-ultimas-noticias-do-vasco\/#respond"]}],"copyrightYear":"2025","copyrightHolder":{"@id":"https:\/\/www.gaveanews.com\/#organization"}},{"@type":"WebPage","@id":"https:\/\/www.gaveanews.com\/index.php\/2025\/01\/31\/futuro-de-capasso-multa-rescisoria-e-declaracao-de-lukas-zuccarello-declaracao-de-lukas-zuccarello-as-ultimas-noticias-do-vasco\/","url":"https:\/\/www.gaveanews.com\/index.php\/2025\/01\/31\/futuro-de-capasso-multa-rescisoria-e-declaracao-de-lukas-zuccarello-declaracao-de-lukas-zuccarello-as-ultimas-noticias-do-vasco\/","name":"Futuro de Capasso, multa rescis\u00f3ria e declara\u00e7\u00e3o de Lukas Zuccarello declara\u00e7\u00e3o de Lukas Zuccarello: as \u00faltimas not\u00edcias do Vasco","isPartOf":{"@id":"https:\/\/www.gaveanews.com\/#website"},"primaryImageOfPage":{"@id":"https:\/\/www.gaveanews.com\/index.php\/2025\/01\/31\/futuro-de-capasso-multa-rescisoria-e-declaracao-de-lukas-zuccarello-declaracao-de-lukas-zuccarello-as-ultimas-noticias-do-vasco\/#primaryimage"},"image":{"@id":"https:\/\/www.gaveanews.com\/index.php\/2025\/01\/31\/futuro-de-capasso-multa-rescisoria-e-declaracao-de-lukas-zuccarello-declaracao-de-lukas-zuccarello-as-ultimas-noticias-do-vasco\/#primaryimage"},"thumbnailUrl":"https:\/\/www.gaveanews.com\/wp-content\/uploads\/Jogadores-do-Vasco-durante-partida-contra-o-Atletico-GO-pela-Copa-do-Brasil-2024.webp","datePublished":"2025-01-31T20:40:00+00:00","author":{"@id":"https:\/\/www.gaveanews.com\/#\/schema\/person\/8207cd4627f56151707418bfc835b2fb"},"breadcrumb":{"@id":"https:\/\/www.gaveanews.com\/index.php\/2025\/01\/31\/futuro-de-capasso-multa-rescisoria-e-declaracao-de-lukas-zuccarello-declaracao-de-lukas-zuccarello-as-ultimas-noticias-do-vasco\/#breadcrumb"},"inLanguage":"pt-BR","potentialAction":[{"@type":"ReadAction","target":["https:\/\/www.gaveanews.com\/index.php\/2025\/01\/31\/futuro-de-capasso-multa-rescisoria-e-declaracao-de-lukas-zuccarello-declaracao-de-lukas-zuccarello-as-ultimas-noticias-do-vasco\/"]}]},{"@type":"ImageObject","inLanguage":"pt-BR","@id":"https:\/\/www.gaveanews.com\/index.php\/2025\/01\/31\/futuro-de-capasso-multa-rescisoria-e-declaracao-de-lukas-zuccarello-declaracao-de-lukas-zuccarello-as-ultimas-noticias-do-vasco\/#primaryimage","url":"https:\/\/www.gaveanews.com\/wp-content\/uploads\/Jogadores-do-Vasco-durante-partida-contra-o-Atletico-GO-pela-Copa-do-Brasil-2024.webp","contentUrl":"https:\/\/www.gaveanews.com\/wp-content\/uploads\/Jogadores-do-Vasco-durante-partida-contra-o-Atletico-GO-pela-Copa-do-Brasil-2024.webp","width":1440,"height":960,"caption":"Jogadores do Vasco durante partida contra o Atletico-GO pela Copa do Brasil 2024 (Foto: Reprodu\u00e7\u00e3o\/Instagram)"},{"@type":"BreadcrumbList","@id":"https:\/\/www.gaveanews.com\/index.php\/2025\/01\/31\/futuro-de-capasso-multa-rescisoria-e-declaracao-de-lukas-zuccarello-declaracao-de-lukas-zuccarello-as-ultimas-noticias-do-vasco\/#breadcrumb","itemListElement":[{"@type":"ListItem","position":1,"name":"Home","item":"https:\/\/www.gaveanews.com\/"},{"@type":"ListItem","position":2,"name":"Futuro de Capasso, multa rescis\u00f3ria e declara\u00e7\u00e3o de Lukas Zuccarello declara\u00e7\u00e3o de Lukas Zuccarello: as \u00faltimas not\u00edcias do Vasco"}]},{"@type":"WebSite","@id":"https:\/\/www.gaveanews.com\/#website","url":"https:\/\/www.gaveanews.com\/","name":"G\u00e1vea News","description":"Veja todas as not\u00edcias sobre o Flamengo: Contrata\u00e7\u00f5es, categorias de base, resultados das partidas, tabela de classifica\u00e7\u00e3o, pr\u00f3ximos jogos!","potentialAction":[{"@type":"SearchAction","target":{"@type":"EntryPoint","urlTemplate":"https:\/\/www.gaveanews.com\/?s={search_term_string}"},"query-input":{"@type":"PropertyValueSpecification","valueRequired":true,"valueName":"search_term_string"}}],"inLanguage":"pt-BR"},{"@type":"Person","@id":"https:\/\/www.gaveanews.com\/#\/schema\/person\/8207cd4627f56151707418bfc835b2fb","name":"Matheus Felipe","image":{"@type":"ImageObject","inLanguage":"pt-BR","@id":"https:\/\/www.gaveanews.com\/#\/schema\/person\/image\/","url":"https:\/\/secure.gravatar.com\/avatar\/a452ffbed9130f726358b298bb3a99ce4bd3c5338411f8440e87e14d74c7c087?s=96&d=mm&r=g","contentUrl":"https:\/\/secure.gravatar.com\/avatar\/a452ffbed9130f726358b298bb3a99ce4bd3c5338411f8440e87e14d74c7c087?s=96&d=mm&r=g","caption":"Matheus Felipe"}}]}},"_links":{"self":[{"href":"https:\/\/www.gaveanews.com\/index.php\/wp-json\/wp\/v2\/posts\/221300","targetHints":{"allow":["GET"]}}],"collection":[{"href":"https:\/\/www.gaveanews.com\/index.php\/wp-json\/wp\/v2\/posts"}],"about":[{"href":"https:\/\/www.gaveanews.com\/index.php\/wp-json\/wp\/v2\/types\/post"}],"author":[{"embeddable":true,"href":"https:\/\/www.gaveanews.com\/index.php\/wp-json\/wp\/v2\/users\/27"}],"replies":[{"embeddable":true,"href":"https:\/\/www.gaveanews.com\/index.php\/wp-json\/wp\/v2\/comments?post=221300"}],"version-history":[{"count":1,"href":"https:\/\/www.gaveanews.com\/index.php\/wp-json\/wp\/v2\/posts\/221300\/revisions"}],"predecessor-version":[{"id":221349,"href":"https:\/\/www.gaveanews.com\/index.php\/wp-json\/wp\/v2\/posts\/221300\/revisions\/221349"}],"wp:featuredmedia":[{"embeddable":true,"href":"https:\/\/www.gaveanews.com\/index.php\/wp-json\/wp\/v2\/media\/157096"}],"wp:attachment":[{"href":"https:\/\/www.gaveanews.com\/index.php\/wp-json\/wp\/v2\/media?parent=221300"}],"wp:term":[{"taxonomy":"category","embeddable":true,"href":"https:\/\/www.gaveanews.com\/index.php\/wp-json\/wp\/v2\/categories?post=221300"},{"taxonomy":"post_tag","embeddable":true,"href":"https:\/\/www.gaveanews.com\/index.php\/wp-json\/wp\/v2\/tags?post=221300"}],"curies":[{"name":"wp","href":"https:\/\/api.w.org\/{rel}","templated":true}]}}