{"id":221315,"date":"2025-01-31T17:45:00","date_gmt":"2025-01-31T20:45:00","guid":{"rendered":"https:\/\/www.gaveanews.com\/?p=221315"},"modified":"2025-01-31T17:04:44","modified_gmt":"2025-01-31T20:04:44","slug":"declaracao-de-tiago-volpi-atitude-do-dinamo-moscou-e-os-craques-que-vao-disputar-o-brasileirao-as-ultimas-noticias-do-gremio","status":"publish","type":"post","link":"https:\/\/www.gaveanews.com\/index.php\/2025\/01\/31\/declaracao-de-tiago-volpi-atitude-do-dinamo-moscou-e-os-craques-que-vao-disputar-o-brasileirao-as-ultimas-noticias-do-gremio\/","title":{"rendered":"declara\u00e7\u00e3o de Tiago Volpi, atitude do D\u00ednamo Moscou e os craques que v\u00e3o disputar o Brasileir\u00e3o: as \u00faltimas not\u00edcias do Gr\u00eamio"},"content":{"rendered":"\n<p>Nas \u00faltimas horas, o foco das not\u00edcias sobre o Gr\u00eamio se concentram nos bastidores do clube, com destaques do dia a dia do time.<\/p>\n\n\n\n<p>Por conta deste contexto, leia abaixo um resumo preparado pela equipe do portal G\u00e1vea News para lhe manter muito bem informado!<\/p>\n\n\n\n<h2 class=\"wp-block-heading\" id=\"h-os-craques-que-vao-disputar-o-brasileirao\">Os craques que v\u00e3o disputar o Brasileir\u00e3o<\/h2>\n\n\n\n<p>O Campeonato Brasileiro de 2025 promete ser um dos mais competitivos dos \u00faltimos anos, com diversas equipes investindo pesado para refor\u00e7ar seus elencos. Clubes como Palmeiras e Botafogo, que disputaram o t\u00edtulo ponto a ponto nas edi\u00e7\u00f5es anteriores, ter\u00e3o ainda mais concorr\u00eancia nesta temporada. Entre os destaques confirmados no torneio, nomes como Philippe Coutinho, Mart\u00edn Braithwaite, Lucas Evangelista, Borr\u00e9, Cristaldo e Lucho Rodr\u00edguez chamam aten\u00e7\u00e3o e elevam o n\u00edvel t\u00e9cnico da competi\u00e7\u00e3o <strong><a href=\"https:\/\/www.gaveanews.com\/index.php\/2025\/01\/29\/philippe-coutinho-martin-braithwaite-lucas-evangelista-borre-cristaldo-lucho-rodriguez-os-craques-que-vao-disputar-o-brasileirao-2025\/\">(leia a mat\u00e9ria completa).<\/a><\/strong><\/p>\n\n\n\n<figure class=\"wp-block-image size-full\"><img loading=\"lazy\" decoding=\"async\" width=\"984\" height=\"657\" src=\"http:\/\/www.gaveanews.com\/wp-content\/uploads\/Cristaldo-pelo-Gremio.webp\" alt=\"\" class=\"wp-image-169834\" srcset=\"https:\/\/www.gaveanews.com\/wp-content\/uploads\/Cristaldo-pelo-Gremio.webp 984w, https:\/\/www.gaveanews.com\/wp-content\/uploads\/Cristaldo-pelo-Gremio-300x200.webp 300w, https:\/\/www.gaveanews.com\/wp-content\/uploads\/Cristaldo-pelo-Gremio-768x513.webp 768w, https:\/\/www.gaveanews.com\/wp-content\/uploads\/Cristaldo-pelo-Gremio-629x420.webp 629w, https:\/\/www.gaveanews.com\/wp-content\/uploads\/Cristaldo-pelo-Gremio-537x360.webp 537w, https:\/\/www.gaveanews.com\/wp-content\/uploads\/Cristaldo-pelo-Gremio-640x427.webp 640w, https:\/\/www.gaveanews.com\/wp-content\/uploads\/Cristaldo-pelo-Gremio-681x455.webp 681w, https:\/\/www.gaveanews.com\/wp-content\/uploads\/Cristaldo-pelo-Gremio-100x67.webp 100w\" sizes=\"auto, (max-width: 984px) 100vw, 984px\" \/><figcaption class=\"wp-element-caption\">Cristaldo pelo Gr\u00eamio (Foto: Lucas Uebel\/Gr\u00eamio)<\/figcaption><\/figure>\n\n\n\n<p>O Vasco garantiu o retorno de Philippe Coutinho, que volta ao clube ap\u00f3s 14 anos atuando na Europa. J\u00e1 o Gr\u00eamio segue forte com Mart\u00edn Braithwaite, que brilhou na \u00faltima temporada, e Cristaldo, um dos principais meio-campistas do time. <\/p>\n\n\n\n<p>No Internacional, o colombiano Borr\u00e9 chegou em 2024 e j\u00e1 mostrou seu faro de gol, enquanto o Bahia aposta no jovem uruguaio Lucho Rodr\u00edguez, grande destaque do Mundial Sub-20. Al\u00e9m disso, o Red Bull Bragantino mant\u00e9m Lucas Evangelista, pe\u00e7a-chave do meio-campo.<\/p>\n\n\n\n<p>Com a chegada e perman\u00eancia desses craques, o Brasileir\u00e3o 2025 tem tudo para ser ainda mais disputado. O alto n\u00edvel dos refor\u00e7os promete embates equilibrados, aumentando a expectativa dos torcedores para a nova edi\u00e7\u00e3o do campeonato, que se desenha como uma das mais competitivas dos \u00faltimos tempos.<\/p>\n\n\n\n<h2 class=\"wp-block-heading\" id=\"h-atitude-do-dinamo-moscou\">Atitude do D\u00ednamo Moscou<\/h2>\n\n\n\n<p>A negocia\u00e7\u00e3o entre Botafogo e D\u00ednamo Moscou pelo meio-campista Bitello esfriou devido \u00e0 postura inflex\u00edvel do clube russo, que exige um pagamento inicial de 10 milh\u00f5es de euros (R$ 62 milh\u00f5es). O Botafogo, por sua vez, n\u00e3o pretende avan\u00e7ar na transa\u00e7\u00e3o sem uma flexibiliza\u00e7\u00e3o dos termos, o que pode impactar diretamente o Gr\u00eamio. O clube ga\u00facho tem direito a 20% do lucro de uma futura venda do jogador e, caso o neg\u00f3cio acontecesse pelos valores estipulados, embolsaria cerca de R$ 10 milh\u00f5es<strong><a href=\"https:\/\/www.gaveanews.com\/index.php\/2025\/01\/30\/atitude-do-dinamo-moscou-vai-prejudicar-o-gremio\/\"> (leia a mat\u00e9ria completa).<\/a><\/strong><\/p>\n\n\n\n<figure class=\"wp-block-image size-full\"><img loading=\"lazy\" decoding=\"async\" width=\"983\" height=\"903\" src=\"http:\/\/www.gaveanews.com\/wp-content\/uploads\/Bitello-pelo-Dinamo-de-Moscou.webp\" alt=\"\" class=\"wp-image-200986\" srcset=\"https:\/\/www.gaveanews.com\/wp-content\/uploads\/Bitello-pelo-Dinamo-de-Moscou.webp 983w, https:\/\/www.gaveanews.com\/wp-content\/uploads\/Bitello-pelo-Dinamo-de-Moscou-300x276.webp 300w, https:\/\/www.gaveanews.com\/wp-content\/uploads\/Bitello-pelo-Dinamo-de-Moscou-768x705.webp 768w, https:\/\/www.gaveanews.com\/wp-content\/uploads\/Bitello-pelo-Dinamo-de-Moscou-457x420.webp 457w, https:\/\/www.gaveanews.com\/wp-content\/uploads\/Bitello-pelo-Dinamo-de-Moscou-914x840.webp 914w, https:\/\/www.gaveanews.com\/wp-content\/uploads\/Bitello-pelo-Dinamo-de-Moscou-640x588.webp 640w, https:\/\/www.gaveanews.com\/wp-content\/uploads\/Bitello-pelo-Dinamo-de-Moscou-681x626.webp 681w, https:\/\/www.gaveanews.com\/wp-content\/uploads\/Bitello-pelo-Dinamo-de-Moscou-100x92.webp 100w\" sizes=\"auto, (max-width: 983px) 100vw, 983px\" \/><figcaption class=\"wp-element-caption\">Bitello pelo D\u00ednamo de Moscou (Foto: D\u00ednamo Moscou\/Divulga\u00e7\u00e3o)<\/figcaption><\/figure>\n\n\n\n<p>Al\u00e9m da situa\u00e7\u00e3o de Bitello, o Gr\u00eamio tamb\u00e9m acompanha a poss\u00edvel venda do lateral Cuiabano ao Fenerbah\u00e7e, da Turquia. O jogador, que foi negociado pelo Botafogo em 2024 por R$ 8 milh\u00f5es, despertou interesse no mercado europeu, e a equipe turca fez uma oferta de aproximadamente R$ 37 milh\u00f5es. Como o Tricolor tamb\u00e9m det\u00e9m 20% do lucro de uma eventual transfer\u00eancia, poderia receber cerca de R$ 5,8 milh\u00f5es, o que ajudaria a refor\u00e7ar os cofres do clube.<\/p>\n\n\n\n<p>Enquanto aguarda a resolu\u00e7\u00e3o dessas negocia\u00e7\u00f5es, o Gr\u00eamio segue atento ao mercado e tem interesse na contrata\u00e7\u00e3o do lateral Marlon, do Cruzeiro. O CEO da Raposa, Pedro Louren\u00e7o, confirmou o envio de uma proposta oficial pelo jogador, e a expectativa \u00e9 que a transa\u00e7\u00e3o seja conclu\u00edda nos pr\u00f3ximos dias. Diante desse cen\u00e1rio, o clube ga\u00facho torce para que as tratativas envolvendo Bitello e Cuiabano avancem, pois qualquer impasse pode resultar em perdas financeiras significativas para a temporada.<\/p>\n\n\n\n<h2 class=\"wp-block-heading\" id=\"h-declaracao-de-tiago-volpi\">Declara\u00e7\u00e3o de Tiago Volpi<\/h2>\n\n\n\n<p>O Gr\u00eamio oficializou a contrata\u00e7\u00e3o de Tiago Volpi como seu novo goleiro, refor\u00e7ando o elenco para a temporada. Aos 34 anos, o jogador revelou que defender o Tricolor sempre esteve entre seus objetivos desde a adolesc\u00eancia, quando passou a morar em Porto Alegre. Apesar de propostas anteriores, ele considerou essa uma oportunidade \u00fanica e priorizou sua transfer\u00eancia. Volpi assinou contrato por duas temporadas e chega para substituir Marches\u00edn, negociado com o Boca Juniors <strong><a href=\"https:\/\/www.gaveanews.com\/index.php\/2025\/01\/29\/gremio-a-declaracao-de-tiago-volpi-direcionada-a-keylor-navas-e-marcelo-grohe\/\">(leia a mat\u00e9ria completa).<\/a><\/strong><\/p>\n\n\n\n<figure class=\"wp-block-image size-full\"><img loading=\"lazy\" decoding=\"async\" width=\"1024\" height=\"682\" src=\"http:\/\/www.gaveanews.com\/wp-content\/uploads\/Tiago-Volpi-em-acao-pelo-Sao-Paulo.webp\" alt=\"\" class=\"wp-image-191344\" srcset=\"https:\/\/www.gaveanews.com\/wp-content\/uploads\/Tiago-Volpi-em-acao-pelo-Sao-Paulo.webp 1024w, https:\/\/www.gaveanews.com\/wp-content\/uploads\/Tiago-Volpi-em-acao-pelo-Sao-Paulo-300x200.webp 300w, https:\/\/www.gaveanews.com\/wp-content\/uploads\/Tiago-Volpi-em-acao-pelo-Sao-Paulo-768x512.webp 768w, https:\/\/www.gaveanews.com\/wp-content\/uploads\/Tiago-Volpi-em-acao-pelo-Sao-Paulo-631x420.webp 631w, https:\/\/www.gaveanews.com\/wp-content\/uploads\/Tiago-Volpi-em-acao-pelo-Sao-Paulo-640x426.webp 640w, https:\/\/www.gaveanews.com\/wp-content\/uploads\/Tiago-Volpi-em-acao-pelo-Sao-Paulo-681x454.webp 681w, https:\/\/www.gaveanews.com\/wp-content\/uploads\/Tiago-Volpi-em-acao-pelo-Sao-Paulo-1022x682.webp 1022w, https:\/\/www.gaveanews.com\/wp-content\/uploads\/Tiago-Volpi-em-acao-pelo-Sao-Paulo-100x67.webp 100w\" sizes=\"auto, (max-width: 1024px) 100vw, 1024px\" \/><figcaption class=\"wp-element-caption\">Tiago Volpi em a\u00e7\u00e3o pelo S\u00e3o Paulo (Foto: Djalma Vass\u00e3o\/Gazeta Press)<\/figcaption><\/figure>\n\n\n\n<p>A chegada do goleiro gerou rea\u00e7\u00f5es mistas entre os torcedores, j\u00e1 que nomes como Keylor Navas e Marcelo Grohe foram especulados para a posi\u00e7\u00e3o. Em resposta, Volpi afirmou que entende a press\u00e3o, mas confia no pr\u00f3prio potencial para reverter qualquer desconfian\u00e7a. Ele ressaltou que sua dedica\u00e7\u00e3o ser\u00e1 total e que, ao final do ano, espera mudar a opini\u00e3o de quem duvidou de sua contrata\u00e7\u00e3o.<\/p>\n\n\n\n<p>Com passagens por clubes como S\u00e3o Paulo, Figueirense e Toluca, al\u00e9m de experi\u00eancia internacional, Volpi se diz motivado para essa nova fase no Gr\u00eamio. A diretoria tricolor acredita que sua bagagem ser\u00e1 fundamental para fortalecer o setor defensivo e ajudar a equipe a competir em alto n\u00edvel nas competi\u00e7\u00f5es de 2025.<\/p>\n","protected":false},"excerpt":{"rendered":"<p>Nas \u00faltimas horas, o foco das not\u00edcias sobre o Gr\u00eamio se concentram nos bastidores do clube, com destaques do dia a dia do time. Por conta deste contexto, leia abaixo um resumo preparado pela equipe do portal G\u00e1vea News para lhe manter muito bem informado! Os craques que v\u00e3o disputar o Brasileir\u00e3o O Campeonato Brasileiro [&hellip;]<\/p>\n","protected":false},"author":27,"featured_media":154785,"comment_status":"open","ping_status":"closed","sticky":false,"template":"","format":"standard","meta":{"footnotes":""},"categories":[147],"tags":[],"class_list":["post-221315","post","type-post","status-publish","format-standard","has-post-thumbnail","hentry","category-gremio"],"yoast_head":"<!-- This site is optimized with the Yoast SEO Premium plugin v24.2 (Yoast SEO v26.9) - https:\/\/yoast.com\/product\/yoast-seo-premium-wordpress\/ -->\n<title>declara\u00e7\u00e3o de Tiago Volpi, atitude do D\u00ednamo Moscou e os craques que v\u00e3o disputar o Brasileir\u00e3o: as \u00faltimas not\u00edcias do Gr\u00eamio<\/title>\n<meta name=\"robots\" content=\"index, follow, max-snippet:-1, max-image-preview:large, max-video-preview:-1\" \/>\n<link rel=\"canonical\" href=\"https:\/\/www.gaveanews.com\/index.php\/2025\/01\/31\/declaracao-de-tiago-volpi-atitude-do-dinamo-moscou-e-os-craques-que-vao-disputar-o-brasileirao-as-ultimas-noticias-do-gremio\/\" \/>\n<meta property=\"og:locale\" content=\"pt_BR\" \/>\n<meta property=\"og:type\" content=\"article\" \/>\n<meta property=\"og:title\" content=\"declara\u00e7\u00e3o de Tiago Volpi, atitude do D\u00ednamo Moscou e os craques que v\u00e3o disputar o Brasileir\u00e3o: as \u00faltimas not\u00edcias do Gr\u00eamio\" \/>\n<meta property=\"og:description\" content=\"Nas \u00faltimas horas, o foco das not\u00edcias sobre o Gr\u00eamio se concentram nos bastidores do clube, com destaques do dia a dia do time. Por conta deste contexto, leia abaixo um resumo preparado pela equipe do portal G\u00e1vea News para lhe manter muito bem informado! Os craques que v\u00e3o disputar o Brasileir\u00e3o O Campeonato Brasileiro [&hellip;]\" \/>\n<meta property=\"og:url\" content=\"https:\/\/www.gaveanews.com\/index.php\/2025\/01\/31\/declaracao-de-tiago-volpi-atitude-do-dinamo-moscou-e-os-craques-que-vao-disputar-o-brasileirao-as-ultimas-noticias-do-gremio\/\" \/>\n<meta property=\"og:site_name\" content=\"G\u00e1vea News\" \/>\n<meta property=\"article:publisher\" content=\"https:\/\/facebook.com\/gaveaNews\/\" \/>\n<meta property=\"article:published_time\" content=\"2025-01-31T20:45:00+00:00\" \/>\n<meta property=\"og:image\" content=\"https:\/\/www.gaveanews.com\/wp-content\/uploads\/Escudo-do-Gremio.webp\" \/>\n\t<meta property=\"og:image:width\" content=\"1163\" \/>\n\t<meta property=\"og:image:height\" content=\"775\" \/>\n\t<meta property=\"og:image:type\" content=\"image\/webp\" \/>\n<meta name=\"author\" content=\"Matheus Felipe\" \/>\n<meta name=\"twitter:card\" content=\"summary_large_image\" \/>\n<meta name=\"twitter:label1\" content=\"Escrito por\" \/>\n\t<meta name=\"twitter:data1\" content=\"Matheus Felipe\" \/>\n\t<meta name=\"twitter:label2\" content=\"Est. tempo de leitura\" \/>\n\t<meta name=\"twitter:data2\" content=\"5 minutos\" \/>\n<script type=\"application\/ld+json\" class=\"yoast-schema-graph\">{\"@context\":\"https:\/\/schema.org\",\"@graph\":[{\"@type\":\"NewsArticle\",\"@id\":\"https:\/\/www.gaveanews.com\/index.php\/2025\/01\/31\/declaracao-de-tiago-volpi-atitude-do-dinamo-moscou-e-os-craques-que-vao-disputar-o-brasileirao-as-ultimas-noticias-do-gremio\/#article\",\"isPartOf\":{\"@id\":\"https:\/\/www.gaveanews.com\/index.php\/2025\/01\/31\/declaracao-de-tiago-volpi-atitude-do-dinamo-moscou-e-os-craques-que-vao-disputar-o-brasileirao-as-ultimas-noticias-do-gremio\/\"},\"author\":{\"name\":\"Matheus Felipe\",\"@id\":\"https:\/\/www.gaveanews.com\/#\/schema\/person\/8207cd4627f56151707418bfc835b2fb\"},\"headline\":\"declara\u00e7\u00e3o de Tiago Volpi, atitude do D\u00ednamo Moscou e os craques que v\u00e3o disputar o Brasileir\u00e3o: as \u00faltimas not\u00edcias do Gr\u00eamio\",\"datePublished\":\"2025-01-31T20:45:00+00:00\",\"mainEntityOfPage\":{\"@id\":\"https:\/\/www.gaveanews.com\/index.php\/2025\/01\/31\/declaracao-de-tiago-volpi-atitude-do-dinamo-moscou-e-os-craques-que-vao-disputar-o-brasileirao-as-ultimas-noticias-do-gremio\/\"},\"wordCount\":830,\"commentCount\":0,\"image\":{\"@id\":\"https:\/\/www.gaveanews.com\/index.php\/2025\/01\/31\/declaracao-de-tiago-volpi-atitude-do-dinamo-moscou-e-os-craques-que-vao-disputar-o-brasileirao-as-ultimas-noticias-do-gremio\/#primaryimage\"},\"thumbnailUrl\":\"https:\/\/www.gaveanews.com\/wp-content\/uploads\/Escudo-do-Gremio.webp\",\"articleSection\":[\"Gr\u00eamio\"],\"inLanguage\":\"pt-BR\",\"potentialAction\":[{\"@type\":\"CommentAction\",\"name\":\"Comment\",\"target\":[\"https:\/\/www.gaveanews.com\/index.php\/2025\/01\/31\/declaracao-de-tiago-volpi-atitude-do-dinamo-moscou-e-os-craques-que-vao-disputar-o-brasileirao-as-ultimas-noticias-do-gremio\/#respond\"]}],\"copyrightYear\":\"2025\",\"copyrightHolder\":{\"@id\":\"https:\/\/www.gaveanews.com\/#organization\"}},{\"@type\":\"WebPage\",\"@id\":\"https:\/\/www.gaveanews.com\/index.php\/2025\/01\/31\/declaracao-de-tiago-volpi-atitude-do-dinamo-moscou-e-os-craques-que-vao-disputar-o-brasileirao-as-ultimas-noticias-do-gremio\/\",\"url\":\"https:\/\/www.gaveanews.com\/index.php\/2025\/01\/31\/declaracao-de-tiago-volpi-atitude-do-dinamo-moscou-e-os-craques-que-vao-disputar-o-brasileirao-as-ultimas-noticias-do-gremio\/\",\"name\":\"declara\u00e7\u00e3o de Tiago Volpi, atitude do D\u00ednamo Moscou e os craques que v\u00e3o disputar o Brasileir\u00e3o: as \u00faltimas not\u00edcias do Gr\u00eamio\",\"isPartOf\":{\"@id\":\"https:\/\/www.gaveanews.com\/#website\"},\"primaryImageOfPage\":{\"@id\":\"https:\/\/www.gaveanews.com\/index.php\/2025\/01\/31\/declaracao-de-tiago-volpi-atitude-do-dinamo-moscou-e-os-craques-que-vao-disputar-o-brasileirao-as-ultimas-noticias-do-gremio\/#primaryimage\"},\"image\":{\"@id\":\"https:\/\/www.gaveanews.com\/index.php\/2025\/01\/31\/declaracao-de-tiago-volpi-atitude-do-dinamo-moscou-e-os-craques-que-vao-disputar-o-brasileirao-as-ultimas-noticias-do-gremio\/#primaryimage\"},\"thumbnailUrl\":\"https:\/\/www.gaveanews.com\/wp-content\/uploads\/Escudo-do-Gremio.webp\",\"datePublished\":\"2025-01-31T20:45:00+00:00\",\"author\":{\"@id\":\"https:\/\/www.gaveanews.com\/#\/schema\/person\/8207cd4627f56151707418bfc835b2fb\"},\"breadcrumb\":{\"@id\":\"https:\/\/www.gaveanews.com\/index.php\/2025\/01\/31\/declaracao-de-tiago-volpi-atitude-do-dinamo-moscou-e-os-craques-que-vao-disputar-o-brasileirao-as-ultimas-noticias-do-gremio\/#breadcrumb\"},\"inLanguage\":\"pt-BR\",\"potentialAction\":[{\"@type\":\"ReadAction\",\"target\":[\"https:\/\/www.gaveanews.com\/index.php\/2025\/01\/31\/declaracao-de-tiago-volpi-atitude-do-dinamo-moscou-e-os-craques-que-vao-disputar-o-brasileirao-as-ultimas-noticias-do-gremio\/\"]}]},{\"@type\":\"ImageObject\",\"inLanguage\":\"pt-BR\",\"@id\":\"https:\/\/www.gaveanews.com\/index.php\/2025\/01\/31\/declaracao-de-tiago-volpi-atitude-do-dinamo-moscou-e-os-craques-que-vao-disputar-o-brasileirao-as-ultimas-noticias-do-gremio\/#primaryimage\",\"url\":\"https:\/\/www.gaveanews.com\/wp-content\/uploads\/Escudo-do-Gremio.webp\",\"contentUrl\":\"https:\/\/www.gaveanews.com\/wp-content\/uploads\/Escudo-do-Gremio.webp\",\"width\":1163,\"height\":775,\"caption\":\"Escudo do Gr\u00eamio (Foto: Reprodu\u00e7\u00e3o\/Gr\u00eamio)\"},{\"@type\":\"BreadcrumbList\",\"@id\":\"https:\/\/www.gaveanews.com\/index.php\/2025\/01\/31\/declaracao-de-tiago-volpi-atitude-do-dinamo-moscou-e-os-craques-que-vao-disputar-o-brasileirao-as-ultimas-noticias-do-gremio\/#breadcrumb\",\"itemListElement\":[{\"@type\":\"ListItem\",\"position\":1,\"name\":\"Home\",\"item\":\"https:\/\/www.gaveanews.com\/\"},{\"@type\":\"ListItem\",\"position\":2,\"name\":\"declara\u00e7\u00e3o de Tiago Volpi, atitude do D\u00ednamo Moscou e os craques que v\u00e3o disputar o Brasileir\u00e3o: as \u00faltimas not\u00edcias do Gr\u00eamio\"}]},{\"@type\":\"WebSite\",\"@id\":\"https:\/\/www.gaveanews.com\/#website\",\"url\":\"https:\/\/www.gaveanews.com\/\",\"name\":\"G\u00e1vea News\",\"description\":\"Veja todas as not\u00edcias sobre o Flamengo: Contrata\u00e7\u00f5es, categorias de base, resultados das partidas, tabela de classifica\u00e7\u00e3o, pr\u00f3ximos jogos!\",\"potentialAction\":[{\"@type\":\"SearchAction\",\"target\":{\"@type\":\"EntryPoint\",\"urlTemplate\":\"https:\/\/www.gaveanews.com\/?s={search_term_string}\"},\"query-input\":{\"@type\":\"PropertyValueSpecification\",\"valueRequired\":true,\"valueName\":\"search_term_string\"}}],\"inLanguage\":\"pt-BR\"},{\"@type\":\"Person\",\"@id\":\"https:\/\/www.gaveanews.com\/#\/schema\/person\/8207cd4627f56151707418bfc835b2fb\",\"name\":\"Matheus Felipe\",\"image\":{\"@type\":\"ImageObject\",\"inLanguage\":\"pt-BR\",\"@id\":\"https:\/\/www.gaveanews.com\/#\/schema\/person\/image\/\",\"url\":\"https:\/\/secure.gravatar.com\/avatar\/a452ffbed9130f726358b298bb3a99ce4bd3c5338411f8440e87e14d74c7c087?s=96&d=mm&r=g\",\"contentUrl\":\"https:\/\/secure.gravatar.com\/avatar\/a452ffbed9130f726358b298bb3a99ce4bd3c5338411f8440e87e14d74c7c087?s=96&d=mm&r=g\",\"caption\":\"Matheus Felipe\"}}]}<\/script>\n<!-- \/ Yoast SEO Premium plugin. -->","yoast_head_json":{"title":"declara\u00e7\u00e3o de Tiago Volpi, atitude do D\u00ednamo Moscou e os craques que v\u00e3o disputar o Brasileir\u00e3o: as \u00faltimas not\u00edcias do Gr\u00eamio","robots":{"index":"index","follow":"follow","max-snippet":"max-snippet:-1","max-image-preview":"max-image-preview:large","max-video-preview":"max-video-preview:-1"},"canonical":"https:\/\/www.gaveanews.com\/index.php\/2025\/01\/31\/declaracao-de-tiago-volpi-atitude-do-dinamo-moscou-e-os-craques-que-vao-disputar-o-brasileirao-as-ultimas-noticias-do-gremio\/","og_locale":"pt_BR","og_type":"article","og_title":"declara\u00e7\u00e3o de Tiago Volpi, atitude do D\u00ednamo Moscou e os craques que v\u00e3o disputar o Brasileir\u00e3o: as \u00faltimas not\u00edcias do Gr\u00eamio","og_description":"Nas \u00faltimas horas, o foco das not\u00edcias sobre o Gr\u00eamio se concentram nos bastidores do clube, com destaques do dia a dia do time. Por conta deste contexto, leia abaixo um resumo preparado pela equipe do portal G\u00e1vea News para lhe manter muito bem informado! Os craques que v\u00e3o disputar o Brasileir\u00e3o O Campeonato Brasileiro [&hellip;]","og_url":"https:\/\/www.gaveanews.com\/index.php\/2025\/01\/31\/declaracao-de-tiago-volpi-atitude-do-dinamo-moscou-e-os-craques-que-vao-disputar-o-brasileirao-as-ultimas-noticias-do-gremio\/","og_site_name":"G\u00e1vea News","article_publisher":"https:\/\/facebook.com\/gaveaNews\/","article_published_time":"2025-01-31T20:45:00+00:00","og_image":[{"width":1163,"height":775,"url":"https:\/\/www.gaveanews.com\/wp-content\/uploads\/Escudo-do-Gremio.webp","type":"image\/webp"}],"author":"Matheus Felipe","twitter_card":"summary_large_image","twitter_misc":{"Escrito por":"Matheus Felipe","Est. tempo de leitura":"5 minutos"},"schema":{"@context":"https:\/\/schema.org","@graph":[{"@type":"NewsArticle","@id":"https:\/\/www.gaveanews.com\/index.php\/2025\/01\/31\/declaracao-de-tiago-volpi-atitude-do-dinamo-moscou-e-os-craques-que-vao-disputar-o-brasileirao-as-ultimas-noticias-do-gremio\/#article","isPartOf":{"@id":"https:\/\/www.gaveanews.com\/index.php\/2025\/01\/31\/declaracao-de-tiago-volpi-atitude-do-dinamo-moscou-e-os-craques-que-vao-disputar-o-brasileirao-as-ultimas-noticias-do-gremio\/"},"author":{"name":"Matheus Felipe","@id":"https:\/\/www.gaveanews.com\/#\/schema\/person\/8207cd4627f56151707418bfc835b2fb"},"headline":"declara\u00e7\u00e3o de Tiago Volpi, atitude do D\u00ednamo Moscou e os craques que v\u00e3o disputar o Brasileir\u00e3o: as \u00faltimas not\u00edcias do Gr\u00eamio","datePublished":"2025-01-31T20:45:00+00:00","mainEntityOfPage":{"@id":"https:\/\/www.gaveanews.com\/index.php\/2025\/01\/31\/declaracao-de-tiago-volpi-atitude-do-dinamo-moscou-e-os-craques-que-vao-disputar-o-brasileirao-as-ultimas-noticias-do-gremio\/"},"wordCount":830,"commentCount":0,"image":{"@id":"https:\/\/www.gaveanews.com\/index.php\/2025\/01\/31\/declaracao-de-tiago-volpi-atitude-do-dinamo-moscou-e-os-craques-que-vao-disputar-o-brasileirao-as-ultimas-noticias-do-gremio\/#primaryimage"},"thumbnailUrl":"https:\/\/www.gaveanews.com\/wp-content\/uploads\/Escudo-do-Gremio.webp","articleSection":["Gr\u00eamio"],"inLanguage":"pt-BR","potentialAction":[{"@type":"CommentAction","name":"Comment","target":["https:\/\/www.gaveanews.com\/index.php\/2025\/01\/31\/declaracao-de-tiago-volpi-atitude-do-dinamo-moscou-e-os-craques-que-vao-disputar-o-brasileirao-as-ultimas-noticias-do-gremio\/#respond"]}],"copyrightYear":"2025","copyrightHolder":{"@id":"https:\/\/www.gaveanews.com\/#organization"}},{"@type":"WebPage","@id":"https:\/\/www.gaveanews.com\/index.php\/2025\/01\/31\/declaracao-de-tiago-volpi-atitude-do-dinamo-moscou-e-os-craques-que-vao-disputar-o-brasileirao-as-ultimas-noticias-do-gremio\/","url":"https:\/\/www.gaveanews.com\/index.php\/2025\/01\/31\/declaracao-de-tiago-volpi-atitude-do-dinamo-moscou-e-os-craques-que-vao-disputar-o-brasileirao-as-ultimas-noticias-do-gremio\/","name":"declara\u00e7\u00e3o de Tiago Volpi, atitude do D\u00ednamo Moscou e os craques que v\u00e3o disputar o Brasileir\u00e3o: as \u00faltimas not\u00edcias do Gr\u00eamio","isPartOf":{"@id":"https:\/\/www.gaveanews.com\/#website"},"primaryImageOfPage":{"@id":"https:\/\/www.gaveanews.com\/index.php\/2025\/01\/31\/declaracao-de-tiago-volpi-atitude-do-dinamo-moscou-e-os-craques-que-vao-disputar-o-brasileirao-as-ultimas-noticias-do-gremio\/#primaryimage"},"image":{"@id":"https:\/\/www.gaveanews.com\/index.php\/2025\/01\/31\/declaracao-de-tiago-volpi-atitude-do-dinamo-moscou-e-os-craques-que-vao-disputar-o-brasileirao-as-ultimas-noticias-do-gremio\/#primaryimage"},"thumbnailUrl":"https:\/\/www.gaveanews.com\/wp-content\/uploads\/Escudo-do-Gremio.webp","datePublished":"2025-01-31T20:45:00+00:00","author":{"@id":"https:\/\/www.gaveanews.com\/#\/schema\/person\/8207cd4627f56151707418bfc835b2fb"},"breadcrumb":{"@id":"https:\/\/www.gaveanews.com\/index.php\/2025\/01\/31\/declaracao-de-tiago-volpi-atitude-do-dinamo-moscou-e-os-craques-que-vao-disputar-o-brasileirao-as-ultimas-noticias-do-gremio\/#breadcrumb"},"inLanguage":"pt-BR","potentialAction":[{"@type":"ReadAction","target":["https:\/\/www.gaveanews.com\/index.php\/2025\/01\/31\/declaracao-de-tiago-volpi-atitude-do-dinamo-moscou-e-os-craques-que-vao-disputar-o-brasileirao-as-ultimas-noticias-do-gremio\/"]}]},{"@type":"ImageObject","inLanguage":"pt-BR","@id":"https:\/\/www.gaveanews.com\/index.php\/2025\/01\/31\/declaracao-de-tiago-volpi-atitude-do-dinamo-moscou-e-os-craques-que-vao-disputar-o-brasileirao-as-ultimas-noticias-do-gremio\/#primaryimage","url":"https:\/\/www.gaveanews.com\/wp-content\/uploads\/Escudo-do-Gremio.webp","contentUrl":"https:\/\/www.gaveanews.com\/wp-content\/uploads\/Escudo-do-Gremio.webp","width":1163,"height":775,"caption":"Escudo do Gr\u00eamio (Foto: Reprodu\u00e7\u00e3o\/Gr\u00eamio)"},{"@type":"BreadcrumbList","@id":"https:\/\/www.gaveanews.com\/index.php\/2025\/01\/31\/declaracao-de-tiago-volpi-atitude-do-dinamo-moscou-e-os-craques-que-vao-disputar-o-brasileirao-as-ultimas-noticias-do-gremio\/#breadcrumb","itemListElement":[{"@type":"ListItem","position":1,"name":"Home","item":"https:\/\/www.gaveanews.com\/"},{"@type":"ListItem","position":2,"name":"declara\u00e7\u00e3o de Tiago Volpi, atitude do D\u00ednamo Moscou e os craques que v\u00e3o disputar o Brasileir\u00e3o: as \u00faltimas not\u00edcias do Gr\u00eamio"}]},{"@type":"WebSite","@id":"https:\/\/www.gaveanews.com\/#website","url":"https:\/\/www.gaveanews.com\/","name":"G\u00e1vea News","description":"Veja todas as not\u00edcias sobre o Flamengo: Contrata\u00e7\u00f5es, categorias de base, resultados das partidas, tabela de classifica\u00e7\u00e3o, pr\u00f3ximos jogos!","potentialAction":[{"@type":"SearchAction","target":{"@type":"EntryPoint","urlTemplate":"https:\/\/www.gaveanews.com\/?s={search_term_string}"},"query-input":{"@type":"PropertyValueSpecification","valueRequired":true,"valueName":"search_term_string"}}],"inLanguage":"pt-BR"},{"@type":"Person","@id":"https:\/\/www.gaveanews.com\/#\/schema\/person\/8207cd4627f56151707418bfc835b2fb","name":"Matheus Felipe","image":{"@type":"ImageObject","inLanguage":"pt-BR","@id":"https:\/\/www.gaveanews.com\/#\/schema\/person\/image\/","url":"https:\/\/secure.gravatar.com\/avatar\/a452ffbed9130f726358b298bb3a99ce4bd3c5338411f8440e87e14d74c7c087?s=96&d=mm&r=g","contentUrl":"https:\/\/secure.gravatar.com\/avatar\/a452ffbed9130f726358b298bb3a99ce4bd3c5338411f8440e87e14d74c7c087?s=96&d=mm&r=g","caption":"Matheus Felipe"}}]}},"_links":{"self":[{"href":"https:\/\/www.gaveanews.com\/index.php\/wp-json\/wp\/v2\/posts\/221315","targetHints":{"allow":["GET"]}}],"collection":[{"href":"https:\/\/www.gaveanews.com\/index.php\/wp-json\/wp\/v2\/posts"}],"about":[{"href":"https:\/\/www.gaveanews.com\/index.php\/wp-json\/wp\/v2\/types\/post"}],"author":[{"embeddable":true,"href":"https:\/\/www.gaveanews.com\/index.php\/wp-json\/wp\/v2\/users\/27"}],"replies":[{"embeddable":true,"href":"https:\/\/www.gaveanews.com\/index.php\/wp-json\/wp\/v2\/comments?post=221315"}],"version-history":[{"count":1,"href":"https:\/\/www.gaveanews.com\/index.php\/wp-json\/wp\/v2\/posts\/221315\/revisions"}],"predecessor-version":[{"id":221352,"href":"https:\/\/www.gaveanews.com\/index.php\/wp-json\/wp\/v2\/posts\/221315\/revisions\/221352"}],"wp:featuredmedia":[{"embeddable":true,"href":"https:\/\/www.gaveanews.com\/index.php\/wp-json\/wp\/v2\/media\/154785"}],"wp:attachment":[{"href":"https:\/\/www.gaveanews.com\/index.php\/wp-json\/wp\/v2\/media?parent=221315"}],"wp:term":[{"taxonomy":"category","embeddable":true,"href":"https:\/\/www.gaveanews.com\/index.php\/wp-json\/wp\/v2\/categories?post=221315"},{"taxonomy":"post_tag","embeddable":true,"href":"https:\/\/www.gaveanews.com\/index.php\/wp-json\/wp\/v2\/tags?post=221315"}],"curies":[{"name":"wp","href":"https:\/\/api.w.org\/{rel}","templated":true}]}}