{"id":221355,"date":"2025-01-31T18:20:00","date_gmt":"2025-01-31T21:20:00","guid":{"rendered":"https:\/\/www.gaveanews.com\/?p=221355"},"modified":"2025-01-31T17:15:28","modified_gmt":"2025-01-31T20:15:28","slug":"declaracao-de-neto-recado-de-ana-thais-e-maiores-artilheiros-da-historia-as-ultimas-noticias-do-corinthians","status":"publish","type":"post","link":"https:\/\/www.gaveanews.com\/index.php\/2025\/01\/31\/declaracao-de-neto-recado-de-ana-thais-e-maiores-artilheiros-da-historia-as-ultimas-noticias-do-corinthians\/","title":{"rendered":"Declara\u00e7\u00e3o de Neto, recado de Ana Tha\u00eds e maiores artilheiros da hist\u00f3ria: as \u00faltimas not\u00edcias do Corinthians"},"content":{"rendered":"\n<p>Nas \u00faltimas horas, o foco das not\u00edcias sobre o Corinthians se concentram nos bastidores do<br>clube, com destaques do dia a dia do time.<\/p>\n\n\n\n<p>Por conta deste contexto, leia abaixo um resumo preparado pela equipe do portal G\u00e1vea News para lhe manter muito bem informado!<\/p>\n\n\n\n<h2 class=\"wp-block-heading\" id=\"h-maiores-artilheiros-da-historia\">Maiores artilheiros da hist\u00f3ria<\/h2>\n\n\n\n<p>O Corinthians tem uma rica hist\u00f3ria de goleadores que marcaram \u00e9poca no clube. O maior artilheiro da hist\u00f3ria alvinegra \u00e9 Cl\u00e1udio, com 302 gols em 548 jogos, conquistando quatro Campeonatos Paulistas e tr\u00eas Torneios Rio-S\u00e3o Paulo. Logo atr\u00e1s vem Baltazar, com 270 gols, e Teleco, que marcou 254 vezes com a impressionante m\u00e9dia de 1,02 gols por partida <strong><a href=\"https:\/\/www.gaveanews.com\/index.php\/2025\/01\/31\/claudio-baltazar-teleco-neco-servilio-marcelinho-carioca-socrates-flavio-casagrande-e-viola-os-maiores-artilheiros-da-historia-do-corinthians\/\">(leia a mat\u00e9ria completa).<\/a><\/strong><\/p>\n\n\n\n<figure class=\"wp-block-image size-full\"><img loading=\"lazy\" decoding=\"async\" width=\"829\" height=\"397\" src=\"http:\/\/www.gaveanews.com\/wp-content\/uploads\/Casagrande-comentarista-do-Grupo-Globo.webp\" alt=\"\" class=\"wp-image-66729\" srcset=\"https:\/\/www.gaveanews.com\/wp-content\/uploads\/Casagrande-comentarista-do-Grupo-Globo.webp 829w, https:\/\/www.gaveanews.com\/wp-content\/uploads\/Casagrande-comentarista-do-Grupo-Globo-300x144.webp 300w, https:\/\/www.gaveanews.com\/wp-content\/uploads\/Casagrande-comentarista-do-Grupo-Globo-768x368.webp 768w, https:\/\/www.gaveanews.com\/wp-content\/uploads\/Casagrande-comentarista-do-Grupo-Globo-640x306.webp 640w, https:\/\/www.gaveanews.com\/wp-content\/uploads\/Casagrande-comentarista-do-Grupo-Globo-681x326.webp 681w, https:\/\/www.gaveanews.com\/wp-content\/uploads\/Casagrande-comentarista-do-Grupo-Globo-100x48.webp 100w\" sizes=\"auto, (max-width: 829px) 100vw, 829px\" \/><figcaption class=\"wp-element-caption\">Casagrande (Foto: Reprodu\u00e7\u00e3o\/SporTV)<\/figcaption><\/figure>\n\n\n\n<p>Outros nomes ic\u00f4nicos incluem Neco, primeiro grande \u00eddolo corintiano, com 235 gols, e Marcelinho Carioca, que balan\u00e7ou as redes 191 vezes e se destacou como um dos maiores cobradores de falta do futebol brasileiro. <\/p>\n\n\n\n<p>\u00cddolos como S\u00f3crates (151 gols), Fl\u00e1vio Minuano (127 gols) e Casagrande (93 gols) tamb\u00e9m deixaram suas marcas no clube.<\/p>\n\n\n\n<p>Mais recentemente, jogadores como Viola e Serv\u00edlio completam a lista, mostrando que a tradi\u00e7\u00e3o ofensiva do Corinthians atravessa diferentes gera\u00e7\u00f5es. Esses artilheiros n\u00e3o apenas contribu\u00edram para os t\u00edtulos do Tim\u00e3o, mas tamb\u00e9m ajudaram a construir a identidade do clube, sendo lembrados at\u00e9 hoje pela torcida.<\/p>\n\n\n\n<h2 class=\"wp-block-heading\" id=\"h-recado-de-ana-thais\">Recado de Ana Tha\u00eds<\/h2>\n\n\n\n<p>A comentarista Ana Tha\u00eds Matos criticou a comiss\u00e3o t\u00e9cnica do Corinthians, comandada por Ram\u00f3n D\u00edaz e seu filho Emiliano D\u00edaz, afirmando que considera a equipe de treinadores &#8220;fraqu\u00edssima&#8221; para um clube da grandeza do Tim\u00e3o. Em suas redes sociais, ela destacou que, apesar da recupera\u00e7\u00e3o do time no final do Brasileir\u00e3o de 2024, n\u00e3o acredita que a dupla seja a escolha ideal para liderar o projeto corinthiano a longo prazo <strong><a href=\"https:\/\/www.gaveanews.com\/index.php\/2025\/01\/31\/corinthians-a-declaracao-de-ana-thais-matos-direcionada-a-ramon-diaz-e-emiliano-diaz\/\">(leia a mat\u00e9ria completa).<\/a><\/strong><\/p>\n\n\n\n<figure class=\"wp-block-image size-large\"><img loading=\"lazy\" decoding=\"async\" width=\"1024\" height=\"576\" src=\"http:\/\/www.gaveanews.com\/wp-content\/uploads\/Ana-Thais-Matos-jornalista-do-Sportv-1024x576.webp\" alt=\"\" class=\"wp-image-55460\" srcset=\"https:\/\/www.gaveanews.com\/wp-content\/uploads\/Ana-Thais-Matos-jornalista-do-Sportv-1024x576.webp 1024w, https:\/\/www.gaveanews.com\/wp-content\/uploads\/Ana-Thais-Matos-jornalista-do-Sportv-300x169.webp 300w, https:\/\/www.gaveanews.com\/wp-content\/uploads\/Ana-Thais-Matos-jornalista-do-Sportv-768x432.webp 768w, https:\/\/www.gaveanews.com\/wp-content\/uploads\/Ana-Thais-Matos-jornalista-do-Sportv-746x420.webp 746w, https:\/\/www.gaveanews.com\/wp-content\/uploads\/Ana-Thais-Matos-jornalista-do-Sportv-640x360.webp 640w, https:\/\/www.gaveanews.com\/wp-content\/uploads\/Ana-Thais-Matos-jornalista-do-Sportv-1280x721.webp 1280w, https:\/\/www.gaveanews.com\/wp-content\/uploads\/Ana-Thais-Matos-jornalista-do-Sportv-681x383.webp 681w, https:\/\/www.gaveanews.com\/wp-content\/uploads\/Ana-Thais-Matos-jornalista-do-Sportv-1362x767.webp 1362w, https:\/\/www.gaveanews.com\/wp-content\/uploads\/Ana-Thais-Matos-jornalista-do-Sportv-100x56.webp 100w, https:\/\/www.gaveanews.com\/wp-content\/uploads\/Ana-Thais-Matos-jornalista-do-Sportv.webp 1366w\" sizes=\"auto, (max-width: 1024px) 100vw, 1024px\" \/><figcaption class=\"wp-element-caption\">Ana Thais Matos, jornalista do Sportv (Foto: Reprodu\u00e7\u00e3o)<\/figcaption><\/figure>\n\n\n\n<p>Ana Tha\u00eds ressaltou que a perman\u00eancia de Ram\u00f3n D\u00edaz n\u00e3o se deve apenas ao desempenho, mas tamb\u00e9m \u00e0 situa\u00e7\u00e3o financeira do clube, que n\u00e3o tem condi\u00e7\u00f5es de demitir t\u00e9cnicos com frequ\u00eancia. Ela ironizou que, se o Corinthians busca apenas evitar o rebaixamento, os argentinos podem ser uma boa op\u00e7\u00e3o, mas se a meta for conquistar t\u00edtulos, as expectativas s\u00e3o bem diferentes.<\/p>\n\n\n\n<p>Com contrato at\u00e9 o fim de 2025, Ram\u00f3n D\u00edaz ainda precisa provar seu valor \u00e0 frente da equipe. O desempenho do Corinthians nos pr\u00f3ximos meses ser\u00e1 fundamental para definir seu futuro, e a press\u00e3o da torcida e da imprensa pode aumentar caso os resultados n\u00e3o sejam satisfat\u00f3rios.<\/p>\n\n\n\n<h2 class=\"wp-block-heading\" id=\"h-declaracao-de-neto\">Declara\u00e7\u00e3o de Neto<\/h2>\n\n\n\n<p>O comentarista Craque Neto rasgou elogios a Talles Magno e afirmou que o Corinthians n\u00e3o pode perder a oportunidade de manter o atacante no elenco. Durante o <em>Os Donos da Bola<\/em>, da Band, Neto classificou o jogador como um dos grandes talentos do futebol brasileiro e disse que sua adapta\u00e7\u00e3o ao Tim\u00e3o tem sido r\u00e1pida e impressionante. \u201cO Corinthians n\u00e3o pode perder o Talles Magno. Ele hoje joga muito mais que Dudu, que est\u00e1 no Cruzeiro. O que ele fez no Corinthians at\u00e9 agora, o Gabigol n\u00e3o vem fazendo no Flamengo e no Cruzeiro\u201d, declarou o ex-jogador <strong><a href=\"https:\/\/www.gaveanews.com\/index.php\/2025\/01\/31\/a-declaracao-de-craque-neto-direcionada-a-talles-magno-do-corinthians\/\">(leia a mat\u00e9ria completa).<\/a><\/strong><\/p>\n\n\n\n<figure class=\"wp-block-image size-full\"><img loading=\"lazy\" decoding=\"async\" width=\"846\" height=\"476\" src=\"http:\/\/www.gaveanews.com\/wp-content\/uploads\/Comentarista-Neto-em-programa-da-Band.webp\" alt=\"\" class=\"wp-image-71983\" srcset=\"https:\/\/www.gaveanews.com\/wp-content\/uploads\/Comentarista-Neto-em-programa-da-Band.webp 846w, https:\/\/www.gaveanews.com\/wp-content\/uploads\/Comentarista-Neto-em-programa-da-Band-300x169.webp 300w, https:\/\/www.gaveanews.com\/wp-content\/uploads\/Comentarista-Neto-em-programa-da-Band-768x432.webp 768w, https:\/\/www.gaveanews.com\/wp-content\/uploads\/Comentarista-Neto-em-programa-da-Band-746x420.webp 746w, https:\/\/www.gaveanews.com\/wp-content\/uploads\/Comentarista-Neto-em-programa-da-Band-640x360.webp 640w, https:\/\/www.gaveanews.com\/wp-content\/uploads\/Comentarista-Neto-em-programa-da-Band-681x383.webp 681w, https:\/\/www.gaveanews.com\/wp-content\/uploads\/Comentarista-Neto-em-programa-da-Band-100x56.webp 100w\" sizes=\"auto, (max-width: 846px) 100vw, 846px\" \/><figcaption class=\"wp-element-caption\">Comentarista Neto em programa da Band (Foto: Reprodu\u00e7\u00e3o\/Band)<\/figcaption><\/figure>\n\n\n\n<p>Talles Magno pertence ao New York City, dos Estados Unidos, e seu contrato de empr\u00e9stimo com o Corinthians vai at\u00e9 o meio do ano. Para compr\u00e1-lo em definitivo, o clube paulista precisaria negociar uma compensa\u00e7\u00e3o financeira com a equipe da MLS. Neto destacou que a diretoria deveria agilizar a negocia\u00e7\u00e3o, pois o atacante j\u00e1 se tornou pe\u00e7a-chave na equipe. \u201cHoje, ele \u00e9 imprescind\u00edvel para que o time possa ganhar os t\u00edtulos deste ano. J\u00e1 deveria ter comprado\u201d, refor\u00e7ou.<\/p>\n\n\n\n<p>A press\u00e3o para manter Talles Magno s\u00f3 aumenta, j\u00e1 que ele tem sido um dos destaques do Corinthians na temporada. A diretoria do clube agora trabalha nos bastidores para encontrar uma solu\u00e7\u00e3o e garantir que o jogador continue vestindo a camisa alvinegra.<\/p>\n","protected":false},"excerpt":{"rendered":"<p>Nas \u00faltimas horas, o foco das not\u00edcias sobre o Corinthians se concentram nos bastidores doclube, com destaques do dia a dia do time. Por conta deste contexto, leia abaixo um resumo preparado pela equipe do portal G\u00e1vea News para lhe manter muito bem informado! Maiores artilheiros da hist\u00f3ria O Corinthians tem uma rica hist\u00f3ria de [&hellip;]<\/p>\n","protected":false},"author":27,"featured_media":155584,"comment_status":"open","ping_status":"closed","sticky":false,"template":"","format":"standard","meta":{"footnotes":""},"categories":[141],"tags":[],"class_list":["post-221355","post","type-post","status-publish","format-standard","has-post-thumbnail","hentry","category-corinthians"],"yoast_head":"<!-- This site is optimized with the Yoast SEO Premium plugin v24.2 (Yoast SEO v26.9) - https:\/\/yoast.com\/product\/yoast-seo-premium-wordpress\/ -->\n<title>Declara\u00e7\u00e3o de Neto, recado de Ana Tha\u00eds e maiores artilheiros da hist\u00f3ria: as \u00faltimas not\u00edcias do Corinthians<\/title>\n<meta name=\"robots\" content=\"index, follow, max-snippet:-1, max-image-preview:large, max-video-preview:-1\" \/>\n<link rel=\"canonical\" href=\"https:\/\/www.gaveanews.com\/index.php\/2025\/01\/31\/declaracao-de-neto-recado-de-ana-thais-e-maiores-artilheiros-da-historia-as-ultimas-noticias-do-corinthians\/\" \/>\n<meta property=\"og:locale\" content=\"pt_BR\" \/>\n<meta property=\"og:type\" content=\"article\" \/>\n<meta property=\"og:title\" content=\"Declara\u00e7\u00e3o de Neto, recado de Ana Tha\u00eds e maiores artilheiros da hist\u00f3ria: as \u00faltimas not\u00edcias do Corinthians\" \/>\n<meta property=\"og:description\" content=\"Nas \u00faltimas horas, o foco das not\u00edcias sobre o Corinthians se concentram nos bastidores doclube, com destaques do dia a dia do time. Por conta deste contexto, leia abaixo um resumo preparado pela equipe do portal G\u00e1vea News para lhe manter muito bem informado! Maiores artilheiros da hist\u00f3ria O Corinthians tem uma rica hist\u00f3ria de [&hellip;]\" \/>\n<meta property=\"og:url\" content=\"https:\/\/www.gaveanews.com\/index.php\/2025\/01\/31\/declaracao-de-neto-recado-de-ana-thais-e-maiores-artilheiros-da-historia-as-ultimas-noticias-do-corinthians\/\" \/>\n<meta property=\"og:site_name\" content=\"G\u00e1vea News\" \/>\n<meta property=\"article:publisher\" content=\"https:\/\/facebook.com\/gaveaNews\/\" \/>\n<meta property=\"article:published_time\" content=\"2025-01-31T21:20:00+00:00\" \/>\n<meta property=\"og:image\" content=\"https:\/\/www.gaveanews.com\/wp-content\/uploads\/Elenco-do-Corinthians-durante-partida-do-Brasileirao-2024.webp\" \/>\n\t<meta property=\"og:image:width\" content=\"1814\" \/>\n\t<meta property=\"og:image:height\" content=\"1440\" \/>\n\t<meta property=\"og:image:type\" content=\"image\/jpeg\" \/>\n<meta name=\"author\" content=\"Matheus Felipe\" \/>\n<meta name=\"twitter:card\" content=\"summary_large_image\" \/>\n<meta name=\"twitter:label1\" content=\"Escrito por\" \/>\n\t<meta name=\"twitter:data1\" content=\"Matheus Felipe\" \/>\n\t<meta name=\"twitter:label2\" content=\"Est. tempo de leitura\" \/>\n\t<meta name=\"twitter:data2\" content=\"5 minutos\" \/>\n<script type=\"application\/ld+json\" class=\"yoast-schema-graph\">{\"@context\":\"https:\/\/schema.org\",\"@graph\":[{\"@type\":\"NewsArticle\",\"@id\":\"https:\/\/www.gaveanews.com\/index.php\/2025\/01\/31\/declaracao-de-neto-recado-de-ana-thais-e-maiores-artilheiros-da-historia-as-ultimas-noticias-do-corinthians\/#article\",\"isPartOf\":{\"@id\":\"https:\/\/www.gaveanews.com\/index.php\/2025\/01\/31\/declaracao-de-neto-recado-de-ana-thais-e-maiores-artilheiros-da-historia-as-ultimas-noticias-do-corinthians\/\"},\"author\":{\"name\":\"Matheus Felipe\",\"@id\":\"https:\/\/www.gaveanews.com\/#\/schema\/person\/8207cd4627f56151707418bfc835b2fb\"},\"headline\":\"Declara\u00e7\u00e3o de Neto, recado de Ana Tha\u00eds e maiores artilheiros da hist\u00f3ria: as \u00faltimas not\u00edcias do Corinthians\",\"datePublished\":\"2025-01-31T21:20:00+00:00\",\"mainEntityOfPage\":{\"@id\":\"https:\/\/www.gaveanews.com\/index.php\/2025\/01\/31\/declaracao-de-neto-recado-de-ana-thais-e-maiores-artilheiros-da-historia-as-ultimas-noticias-do-corinthians\/\"},\"wordCount\":722,\"commentCount\":0,\"image\":{\"@id\":\"https:\/\/www.gaveanews.com\/index.php\/2025\/01\/31\/declaracao-de-neto-recado-de-ana-thais-e-maiores-artilheiros-da-historia-as-ultimas-noticias-do-corinthians\/#primaryimage\"},\"thumbnailUrl\":\"https:\/\/www.gaveanews.com\/wp-content\/uploads\/Elenco-do-Corinthians-durante-partida-do-Brasileirao-2024.webp\",\"articleSection\":[\"Corinthians\"],\"inLanguage\":\"pt-BR\",\"potentialAction\":[{\"@type\":\"CommentAction\",\"name\":\"Comment\",\"target\":[\"https:\/\/www.gaveanews.com\/index.php\/2025\/01\/31\/declaracao-de-neto-recado-de-ana-thais-e-maiores-artilheiros-da-historia-as-ultimas-noticias-do-corinthians\/#respond\"]}],\"copyrightYear\":\"2025\",\"copyrightHolder\":{\"@id\":\"https:\/\/www.gaveanews.com\/#organization\"}},{\"@type\":\"WebPage\",\"@id\":\"https:\/\/www.gaveanews.com\/index.php\/2025\/01\/31\/declaracao-de-neto-recado-de-ana-thais-e-maiores-artilheiros-da-historia-as-ultimas-noticias-do-corinthians\/\",\"url\":\"https:\/\/www.gaveanews.com\/index.php\/2025\/01\/31\/declaracao-de-neto-recado-de-ana-thais-e-maiores-artilheiros-da-historia-as-ultimas-noticias-do-corinthians\/\",\"name\":\"Declara\u00e7\u00e3o de Neto, recado de Ana Tha\u00eds e maiores artilheiros da hist\u00f3ria: as \u00faltimas not\u00edcias do Corinthians\",\"isPartOf\":{\"@id\":\"https:\/\/www.gaveanews.com\/#website\"},\"primaryImageOfPage\":{\"@id\":\"https:\/\/www.gaveanews.com\/index.php\/2025\/01\/31\/declaracao-de-neto-recado-de-ana-thais-e-maiores-artilheiros-da-historia-as-ultimas-noticias-do-corinthians\/#primaryimage\"},\"image\":{\"@id\":\"https:\/\/www.gaveanews.com\/index.php\/2025\/01\/31\/declaracao-de-neto-recado-de-ana-thais-e-maiores-artilheiros-da-historia-as-ultimas-noticias-do-corinthians\/#primaryimage\"},\"thumbnailUrl\":\"https:\/\/www.gaveanews.com\/wp-content\/uploads\/Elenco-do-Corinthians-durante-partida-do-Brasileirao-2024.webp\",\"datePublished\":\"2025-01-31T21:20:00+00:00\",\"author\":{\"@id\":\"https:\/\/www.gaveanews.com\/#\/schema\/person\/8207cd4627f56151707418bfc835b2fb\"},\"breadcrumb\":{\"@id\":\"https:\/\/www.gaveanews.com\/index.php\/2025\/01\/31\/declaracao-de-neto-recado-de-ana-thais-e-maiores-artilheiros-da-historia-as-ultimas-noticias-do-corinthians\/#breadcrumb\"},\"inLanguage\":\"pt-BR\",\"potentialAction\":[{\"@type\":\"ReadAction\",\"target\":[\"https:\/\/www.gaveanews.com\/index.php\/2025\/01\/31\/declaracao-de-neto-recado-de-ana-thais-e-maiores-artilheiros-da-historia-as-ultimas-noticias-do-corinthians\/\"]}]},{\"@type\":\"ImageObject\",\"inLanguage\":\"pt-BR\",\"@id\":\"https:\/\/www.gaveanews.com\/index.php\/2025\/01\/31\/declaracao-de-neto-recado-de-ana-thais-e-maiores-artilheiros-da-historia-as-ultimas-noticias-do-corinthians\/#primaryimage\",\"url\":\"https:\/\/www.gaveanews.com\/wp-content\/uploads\/Elenco-do-Corinthians-durante-partida-do-Brasileirao-2024.webp\",\"contentUrl\":\"https:\/\/www.gaveanews.com\/wp-content\/uploads\/Elenco-do-Corinthians-durante-partida-do-Brasileirao-2024.webp\",\"width\":1814,\"height\":1440,\"caption\":\"Elenco do Corinthians durante partida do Brasileir\u00e3o 2024 (Foto: Reprodu\u00e7\u00e3o\/Instagram)\"},{\"@type\":\"BreadcrumbList\",\"@id\":\"https:\/\/www.gaveanews.com\/index.php\/2025\/01\/31\/declaracao-de-neto-recado-de-ana-thais-e-maiores-artilheiros-da-historia-as-ultimas-noticias-do-corinthians\/#breadcrumb\",\"itemListElement\":[{\"@type\":\"ListItem\",\"position\":1,\"name\":\"Home\",\"item\":\"https:\/\/www.gaveanews.com\/\"},{\"@type\":\"ListItem\",\"position\":2,\"name\":\"Declara\u00e7\u00e3o de Neto, recado de Ana Tha\u00eds e maiores artilheiros da hist\u00f3ria: as \u00faltimas not\u00edcias do Corinthians\"}]},{\"@type\":\"WebSite\",\"@id\":\"https:\/\/www.gaveanews.com\/#website\",\"url\":\"https:\/\/www.gaveanews.com\/\",\"name\":\"G\u00e1vea News\",\"description\":\"Veja todas as not\u00edcias sobre o Flamengo: Contrata\u00e7\u00f5es, categorias de base, resultados das partidas, tabela de classifica\u00e7\u00e3o, pr\u00f3ximos jogos!\",\"potentialAction\":[{\"@type\":\"SearchAction\",\"target\":{\"@type\":\"EntryPoint\",\"urlTemplate\":\"https:\/\/www.gaveanews.com\/?s={search_term_string}\"},\"query-input\":{\"@type\":\"PropertyValueSpecification\",\"valueRequired\":true,\"valueName\":\"search_term_string\"}}],\"inLanguage\":\"pt-BR\"},{\"@type\":\"Person\",\"@id\":\"https:\/\/www.gaveanews.com\/#\/schema\/person\/8207cd4627f56151707418bfc835b2fb\",\"name\":\"Matheus Felipe\",\"image\":{\"@type\":\"ImageObject\",\"inLanguage\":\"pt-BR\",\"@id\":\"https:\/\/www.gaveanews.com\/#\/schema\/person\/image\/\",\"url\":\"https:\/\/secure.gravatar.com\/avatar\/a452ffbed9130f726358b298bb3a99ce4bd3c5338411f8440e87e14d74c7c087?s=96&d=mm&r=g\",\"contentUrl\":\"https:\/\/secure.gravatar.com\/avatar\/a452ffbed9130f726358b298bb3a99ce4bd3c5338411f8440e87e14d74c7c087?s=96&d=mm&r=g\",\"caption\":\"Matheus Felipe\"}}]}<\/script>\n<!-- \/ Yoast SEO Premium plugin. -->","yoast_head_json":{"title":"Declara\u00e7\u00e3o de Neto, recado de Ana Tha\u00eds e maiores artilheiros da hist\u00f3ria: as \u00faltimas not\u00edcias do Corinthians","robots":{"index":"index","follow":"follow","max-snippet":"max-snippet:-1","max-image-preview":"max-image-preview:large","max-video-preview":"max-video-preview:-1"},"canonical":"https:\/\/www.gaveanews.com\/index.php\/2025\/01\/31\/declaracao-de-neto-recado-de-ana-thais-e-maiores-artilheiros-da-historia-as-ultimas-noticias-do-corinthians\/","og_locale":"pt_BR","og_type":"article","og_title":"Declara\u00e7\u00e3o de Neto, recado de Ana Tha\u00eds e maiores artilheiros da hist\u00f3ria: as \u00faltimas not\u00edcias do Corinthians","og_description":"Nas \u00faltimas horas, o foco das not\u00edcias sobre o Corinthians se concentram nos bastidores doclube, com destaques do dia a dia do time. Por conta deste contexto, leia abaixo um resumo preparado pela equipe do portal G\u00e1vea News para lhe manter muito bem informado! Maiores artilheiros da hist\u00f3ria O Corinthians tem uma rica hist\u00f3ria de [&hellip;]","og_url":"https:\/\/www.gaveanews.com\/index.php\/2025\/01\/31\/declaracao-de-neto-recado-de-ana-thais-e-maiores-artilheiros-da-historia-as-ultimas-noticias-do-corinthians\/","og_site_name":"G\u00e1vea News","article_publisher":"https:\/\/facebook.com\/gaveaNews\/","article_published_time":"2025-01-31T21:20:00+00:00","og_image":[{"width":1814,"height":1440,"url":"https:\/\/www.gaveanews.com\/wp-content\/uploads\/Elenco-do-Corinthians-durante-partida-do-Brasileirao-2024.webp","type":"image\/jpeg"}],"author":"Matheus Felipe","twitter_card":"summary_large_image","twitter_misc":{"Escrito por":"Matheus Felipe","Est. tempo de leitura":"5 minutos"},"schema":{"@context":"https:\/\/schema.org","@graph":[{"@type":"NewsArticle","@id":"https:\/\/www.gaveanews.com\/index.php\/2025\/01\/31\/declaracao-de-neto-recado-de-ana-thais-e-maiores-artilheiros-da-historia-as-ultimas-noticias-do-corinthians\/#article","isPartOf":{"@id":"https:\/\/www.gaveanews.com\/index.php\/2025\/01\/31\/declaracao-de-neto-recado-de-ana-thais-e-maiores-artilheiros-da-historia-as-ultimas-noticias-do-corinthians\/"},"author":{"name":"Matheus Felipe","@id":"https:\/\/www.gaveanews.com\/#\/schema\/person\/8207cd4627f56151707418bfc835b2fb"},"headline":"Declara\u00e7\u00e3o de Neto, recado de Ana Tha\u00eds e maiores artilheiros da hist\u00f3ria: as \u00faltimas not\u00edcias do Corinthians","datePublished":"2025-01-31T21:20:00+00:00","mainEntityOfPage":{"@id":"https:\/\/www.gaveanews.com\/index.php\/2025\/01\/31\/declaracao-de-neto-recado-de-ana-thais-e-maiores-artilheiros-da-historia-as-ultimas-noticias-do-corinthians\/"},"wordCount":722,"commentCount":0,"image":{"@id":"https:\/\/www.gaveanews.com\/index.php\/2025\/01\/31\/declaracao-de-neto-recado-de-ana-thais-e-maiores-artilheiros-da-historia-as-ultimas-noticias-do-corinthians\/#primaryimage"},"thumbnailUrl":"https:\/\/www.gaveanews.com\/wp-content\/uploads\/Elenco-do-Corinthians-durante-partida-do-Brasileirao-2024.webp","articleSection":["Corinthians"],"inLanguage":"pt-BR","potentialAction":[{"@type":"CommentAction","name":"Comment","target":["https:\/\/www.gaveanews.com\/index.php\/2025\/01\/31\/declaracao-de-neto-recado-de-ana-thais-e-maiores-artilheiros-da-historia-as-ultimas-noticias-do-corinthians\/#respond"]}],"copyrightYear":"2025","copyrightHolder":{"@id":"https:\/\/www.gaveanews.com\/#organization"}},{"@type":"WebPage","@id":"https:\/\/www.gaveanews.com\/index.php\/2025\/01\/31\/declaracao-de-neto-recado-de-ana-thais-e-maiores-artilheiros-da-historia-as-ultimas-noticias-do-corinthians\/","url":"https:\/\/www.gaveanews.com\/index.php\/2025\/01\/31\/declaracao-de-neto-recado-de-ana-thais-e-maiores-artilheiros-da-historia-as-ultimas-noticias-do-corinthians\/","name":"Declara\u00e7\u00e3o de Neto, recado de Ana Tha\u00eds e maiores artilheiros da hist\u00f3ria: as \u00faltimas not\u00edcias do Corinthians","isPartOf":{"@id":"https:\/\/www.gaveanews.com\/#website"},"primaryImageOfPage":{"@id":"https:\/\/www.gaveanews.com\/index.php\/2025\/01\/31\/declaracao-de-neto-recado-de-ana-thais-e-maiores-artilheiros-da-historia-as-ultimas-noticias-do-corinthians\/#primaryimage"},"image":{"@id":"https:\/\/www.gaveanews.com\/index.php\/2025\/01\/31\/declaracao-de-neto-recado-de-ana-thais-e-maiores-artilheiros-da-historia-as-ultimas-noticias-do-corinthians\/#primaryimage"},"thumbnailUrl":"https:\/\/www.gaveanews.com\/wp-content\/uploads\/Elenco-do-Corinthians-durante-partida-do-Brasileirao-2024.webp","datePublished":"2025-01-31T21:20:00+00:00","author":{"@id":"https:\/\/www.gaveanews.com\/#\/schema\/person\/8207cd4627f56151707418bfc835b2fb"},"breadcrumb":{"@id":"https:\/\/www.gaveanews.com\/index.php\/2025\/01\/31\/declaracao-de-neto-recado-de-ana-thais-e-maiores-artilheiros-da-historia-as-ultimas-noticias-do-corinthians\/#breadcrumb"},"inLanguage":"pt-BR","potentialAction":[{"@type":"ReadAction","target":["https:\/\/www.gaveanews.com\/index.php\/2025\/01\/31\/declaracao-de-neto-recado-de-ana-thais-e-maiores-artilheiros-da-historia-as-ultimas-noticias-do-corinthians\/"]}]},{"@type":"ImageObject","inLanguage":"pt-BR","@id":"https:\/\/www.gaveanews.com\/index.php\/2025\/01\/31\/declaracao-de-neto-recado-de-ana-thais-e-maiores-artilheiros-da-historia-as-ultimas-noticias-do-corinthians\/#primaryimage","url":"https:\/\/www.gaveanews.com\/wp-content\/uploads\/Elenco-do-Corinthians-durante-partida-do-Brasileirao-2024.webp","contentUrl":"https:\/\/www.gaveanews.com\/wp-content\/uploads\/Elenco-do-Corinthians-durante-partida-do-Brasileirao-2024.webp","width":1814,"height":1440,"caption":"Elenco do Corinthians durante partida do Brasileir\u00e3o 2024 (Foto: Reprodu\u00e7\u00e3o\/Instagram)"},{"@type":"BreadcrumbList","@id":"https:\/\/www.gaveanews.com\/index.php\/2025\/01\/31\/declaracao-de-neto-recado-de-ana-thais-e-maiores-artilheiros-da-historia-as-ultimas-noticias-do-corinthians\/#breadcrumb","itemListElement":[{"@type":"ListItem","position":1,"name":"Home","item":"https:\/\/www.gaveanews.com\/"},{"@type":"ListItem","position":2,"name":"Declara\u00e7\u00e3o de Neto, recado de Ana Tha\u00eds e maiores artilheiros da hist\u00f3ria: as \u00faltimas not\u00edcias do Corinthians"}]},{"@type":"WebSite","@id":"https:\/\/www.gaveanews.com\/#website","url":"https:\/\/www.gaveanews.com\/","name":"G\u00e1vea News","description":"Veja todas as not\u00edcias sobre o Flamengo: Contrata\u00e7\u00f5es, categorias de base, resultados das partidas, tabela de classifica\u00e7\u00e3o, pr\u00f3ximos jogos!","potentialAction":[{"@type":"SearchAction","target":{"@type":"EntryPoint","urlTemplate":"https:\/\/www.gaveanews.com\/?s={search_term_string}"},"query-input":{"@type":"PropertyValueSpecification","valueRequired":true,"valueName":"search_term_string"}}],"inLanguage":"pt-BR"},{"@type":"Person","@id":"https:\/\/www.gaveanews.com\/#\/schema\/person\/8207cd4627f56151707418bfc835b2fb","name":"Matheus Felipe","image":{"@type":"ImageObject","inLanguage":"pt-BR","@id":"https:\/\/www.gaveanews.com\/#\/schema\/person\/image\/","url":"https:\/\/secure.gravatar.com\/avatar\/a452ffbed9130f726358b298bb3a99ce4bd3c5338411f8440e87e14d74c7c087?s=96&d=mm&r=g","contentUrl":"https:\/\/secure.gravatar.com\/avatar\/a452ffbed9130f726358b298bb3a99ce4bd3c5338411f8440e87e14d74c7c087?s=96&d=mm&r=g","caption":"Matheus Felipe"}}]}},"_links":{"self":[{"href":"https:\/\/www.gaveanews.com\/index.php\/wp-json\/wp\/v2\/posts\/221355","targetHints":{"allow":["GET"]}}],"collection":[{"href":"https:\/\/www.gaveanews.com\/index.php\/wp-json\/wp\/v2\/posts"}],"about":[{"href":"https:\/\/www.gaveanews.com\/index.php\/wp-json\/wp\/v2\/types\/post"}],"author":[{"embeddable":true,"href":"https:\/\/www.gaveanews.com\/index.php\/wp-json\/wp\/v2\/users\/27"}],"replies":[{"embeddable":true,"href":"https:\/\/www.gaveanews.com\/index.php\/wp-json\/wp\/v2\/comments?post=221355"}],"version-history":[{"count":1,"href":"https:\/\/www.gaveanews.com\/index.php\/wp-json\/wp\/v2\/posts\/221355\/revisions"}],"predecessor-version":[{"id":221364,"href":"https:\/\/www.gaveanews.com\/index.php\/wp-json\/wp\/v2\/posts\/221355\/revisions\/221364"}],"wp:featuredmedia":[{"embeddable":true,"href":"https:\/\/www.gaveanews.com\/index.php\/wp-json\/wp\/v2\/media\/155584"}],"wp:attachment":[{"href":"https:\/\/www.gaveanews.com\/index.php\/wp-json\/wp\/v2\/media?parent=221355"}],"wp:term":[{"taxonomy":"category","embeddable":true,"href":"https:\/\/www.gaveanews.com\/index.php\/wp-json\/wp\/v2\/categories?post=221355"},{"taxonomy":"post_tag","embeddable":true,"href":"https:\/\/www.gaveanews.com\/index.php\/wp-json\/wp\/v2\/tags?post=221355"}],"curies":[{"name":"wp","href":"https:\/\/api.w.org\/{rel}","templated":true}]}}