{"id":221367,"date":"2025-01-31T18:25:00","date_gmt":"2025-01-31T21:25:00","guid":{"rendered":"https:\/\/www.gaveanews.com\/?p=221367"},"modified":"2025-01-31T17:23:56","modified_gmt":"2025-01-31T20:23:56","slug":"previsao-de-velloso-declaracao-de-neto-e-recado-de-flavio-prado-as-ultimas-noticias-do-palmeiras","status":"publish","type":"post","link":"https:\/\/www.gaveanews.com\/index.php\/2025\/01\/31\/previsao-de-velloso-declaracao-de-neto-e-recado-de-flavio-prado-as-ultimas-noticias-do-palmeiras\/","title":{"rendered":"Previs\u00e3o de Velloso, declara\u00e7\u00e3o de Neto e recado de Fl\u00e1vio Prado: as \u00faltimas not\u00edcias do Palmeiras"},"content":{"rendered":"\n<p>Nas \u00faltimas horas, o foco das not\u00edcias sobre o Palmeiras se concentram nos bastidores do<br>clube, com destaques do dia a dia do time.<\/p>\n\n\n\n<p>Por conta deste contexto, leia abaixo um resumo preparado pela equipe do portal G\u00e1vea News para lhe manter muito bem informado!<\/p>\n\n\n\n<h2 class=\"wp-block-heading\" id=\"h-recado-de-flavio-prado\">Recado de Fl\u00e1vio Prado<\/h2>\n\n\n\n<p>O jornalista Fl\u00e1vio Prado criticou algumas decis\u00f5es do Palmeiras na atual janela de transfer\u00eancias, principalmente a libera\u00e7\u00e3o de jogadores sem resist\u00eancia. Durante o programa <em>Bate-Pronto<\/em>, da Jovem Pan, ele contestou a sa\u00edda de Z\u00e9 Rafael para o Santos e a tentativa frustrada de vender Rony para o Al-Rayyan, do Catar. &#8220;Z\u00e9 Rafael poderia continuar no elenco. Ele vai acrescentar ao Santos como poderia acrescentar a qualquer plantel do futebol brasileiro. N\u00e3o entendi a libera\u00e7\u00e3o&#8221;, declarou Prado <strong><a href=\"https:\/\/www.gaveanews.com\/index.php\/2025\/01\/30\/flavio-prado-nao-aprova-decisoes-do-palmeiras-entenda\/\">(leia a mat\u00e9ria completa).<\/a><\/strong><\/p>\n\n\n\n<figure class=\"wp-block-image size-full\"><img loading=\"lazy\" decoding=\"async\" width=\"999\" height=\"548\" src=\"http:\/\/www.gaveanews.com\/wp-content\/uploads\/Flavio-Prado.webp\" alt=\"\" class=\"wp-image-102292\" srcset=\"https:\/\/www.gaveanews.com\/wp-content\/uploads\/Flavio-Prado.webp 999w, https:\/\/www.gaveanews.com\/wp-content\/uploads\/Flavio-Prado-300x165.webp 300w, https:\/\/www.gaveanews.com\/wp-content\/uploads\/Flavio-Prado-768x421.webp 768w, https:\/\/www.gaveanews.com\/wp-content\/uploads\/Flavio-Prado-766x420.webp 766w, https:\/\/www.gaveanews.com\/wp-content\/uploads\/Flavio-Prado-640x350.webp 640w, https:\/\/www.gaveanews.com\/wp-content\/uploads\/Flavio-Prado-681x374.webp 681w, https:\/\/www.gaveanews.com\/wp-content\/uploads\/Flavio-Prado-100x55.webp 100w\" sizes=\"auto, (max-width: 999px) 100vw, 999px\" \/><\/figure>\n\n\n\n<p>O Palmeiras negociou Z\u00e9 Rafael por 2,5 milh\u00f5es de euros (cerca de R$ 15,3 milh\u00f5es), e o jogador j\u00e1 assinou contrato at\u00e9 2027 com o Santos. Em rela\u00e7\u00e3o a Rony, a transfer\u00eancia para o futebol catariano n\u00e3o foi conclu\u00edda a tempo, e o atacante permanece no clube. <\/p>\n\n\n\n<p>&#8220;Rony \u00e9 outro jogador que eu n\u00e3o abriria m\u00e3o, mas entendo que o Palmeiras tem o direito de fazer sua reformula\u00e7\u00e3o desde que o jogador n\u00e3o perca dinheiro&#8221;, comentou o jornalista.<\/p>\n\n\n\n<p>Essa foi a segunda negocia\u00e7\u00e3o frustrada envolvendo Rony nesta janela, j\u00e1 que o Fluminense tamb\u00e9m tentou contrat\u00e1-lo, mas n\u00e3o chegou a um acordo com o atacante. Para Fl\u00e1vio Prado, o Palmeiras precisa ter mais crit\u00e9rio na condu\u00e7\u00e3o de sa\u00eddas e refor\u00e7os para n\u00e3o perder pe\u00e7as importantes sem reposi\u00e7\u00e3o adequada.<\/p>\n\n\n\n<h2 class=\"wp-block-heading\" id=\"h-declaracao-de-neto\">Declara\u00e7\u00e3o de Neto<\/h2>\n\n\n\n<p>O comentarista Neto acredita que o Corinthians ser\u00e1 a grande surpresa da temporada de 2025. Ap\u00f3s a vit\u00f3ria sobre a Ponte Preta, ele destacou a evolu\u00e7\u00e3o da equipe e alertou os rivais de que o Tim\u00e3o pode surpreender no mata-mata do Campeonato Paulista. Segundo Neto, o time de Ram\u00f3n D\u00edaz est\u00e1 crescendo na competi\u00e7\u00e3o e tem potencial para disputar o t\u00edtulo <strong><a href=\"https:\/\/www.gaveanews.com\/index.php\/2025\/01\/30\/craque-neto-crava-time-que-vai-surpreender-em-2025\/\">(leia a mat\u00e9ria completa).<\/a><\/strong><\/p>\n\n\n\n<figure class=\"wp-block-image size-full\"><img loading=\"lazy\" decoding=\"async\" width=\"846\" height=\"476\" src=\"http:\/\/www.gaveanews.com\/wp-content\/uploads\/Comentarista-Neto-em-programa-da-Band.webp\" alt=\"\" class=\"wp-image-71983\" srcset=\"https:\/\/www.gaveanews.com\/wp-content\/uploads\/Comentarista-Neto-em-programa-da-Band.webp 846w, https:\/\/www.gaveanews.com\/wp-content\/uploads\/Comentarista-Neto-em-programa-da-Band-300x169.webp 300w, https:\/\/www.gaveanews.com\/wp-content\/uploads\/Comentarista-Neto-em-programa-da-Band-768x432.webp 768w, https:\/\/www.gaveanews.com\/wp-content\/uploads\/Comentarista-Neto-em-programa-da-Band-746x420.webp 746w, https:\/\/www.gaveanews.com\/wp-content\/uploads\/Comentarista-Neto-em-programa-da-Band-640x360.webp 640w, https:\/\/www.gaveanews.com\/wp-content\/uploads\/Comentarista-Neto-em-programa-da-Band-681x383.webp 681w, https:\/\/www.gaveanews.com\/wp-content\/uploads\/Comentarista-Neto-em-programa-da-Band-100x56.webp 100w\" sizes=\"auto, (max-width: 846px) 100vw, 846px\" \/><figcaption class=\"wp-element-caption\">Comentarista Neto em programa da Band (Foto: Reprodu\u00e7\u00e3o\/Band)<\/figcaption><\/figure>\n\n\n\n<p>Apesar de um in\u00edcio irregular, o Corinthians j\u00e1 soma quatro vit\u00f3rias no Paulist\u00e3o e tem mostrado solidez, mesmo em condi\u00e7\u00f5es adversas, como no jogo contra a Ponte, disputado em um gramado encharcado. Neto ressaltou que, no futebol, tudo pode mudar quando chegam as fases decisivas e ironizou as provoca\u00e7\u00f5es de torcedores advers\u00e1rios.<\/p>\n\n\n\n<p>Al\u00e9m do Corinthians, Neto tamb\u00e9m apontou o Palmeiras como um time que n\u00e3o pode ser descartado da briga pelo t\u00edtulo, apesar de algumas oscila\u00e7\u00f5es. Para ele, a fase inicial do estadual n\u00e3o define nada e os clubes grandes costumam crescer na reta final da competi\u00e7\u00e3o.<\/p>\n\n\n\n<h2 class=\"wp-block-heading\" id=\"h-previsao-de-velloso\">Previs\u00e3o de Velloso<\/h2>\n\n\n\n<p>O ex-goleiro e comentarista Velloso apontou Flamengo, Botafogo e Corinthians como os clubes que melhor contrataram no Brasil. Ele elogiou a movimenta\u00e7\u00e3o dessas equipes no mercado, destacando a capacidade de refor\u00e7ar seus elencos com nomes de peso, mesmo diante de desafios financeiros. Em contrapartida, criticou o Palmeiras, afirmando que o clube perdeu oportunidades importantes e n\u00e3o conseguiu fechar neg\u00f3cios estrat\u00e9gicos, como os de Andreas Pereira e Claudinho <strong><a href=\"https:\/\/www.gaveanews.com\/index.php\/2025\/01\/29\/velloso-crava-os-tres-clubes-que-melhor-contratam-no-brasil\/\">(leia a mat\u00e9ria completa).<\/a><\/strong><\/p>\n\n\n\n<figure class=\"wp-block-image size-full\"><img loading=\"lazy\" decoding=\"async\" width=\"661\" height=\"454\" src=\"http:\/\/www.gaveanews.com\/wp-content\/uploads\/Velloso-ex-goleiro.webp\" alt=\"\" class=\"wp-image-211044\" srcset=\"https:\/\/www.gaveanews.com\/wp-content\/uploads\/Velloso-ex-goleiro.webp 661w, https:\/\/www.gaveanews.com\/wp-content\/uploads\/Velloso-ex-goleiro-300x206.webp 300w, https:\/\/www.gaveanews.com\/wp-content\/uploads\/Velloso-ex-goleiro-611x420.webp 611w, https:\/\/www.gaveanews.com\/wp-content\/uploads\/Velloso-ex-goleiro-640x440.webp 640w, https:\/\/www.gaveanews.com\/wp-content\/uploads\/Velloso-ex-goleiro-100x69.webp 100w\" sizes=\"auto, (max-width: 661px) 100vw, 661px\" \/><figcaption class=\"wp-element-caption\">Velloso ex-goleiro (Foto: Reprodu\u00e7\u00e3o\/Band)<\/figcaption><\/figure>\n\n\n\n<p>Segundo Velloso, o Palmeiras iniciou bem sua movimenta\u00e7\u00e3o no mercado com as chegadas de Facundo Torres e Paulinho, mas n\u00e3o conseguiu manter o ritmo. Ele alertou que o clube precisa repensar sua estrat\u00e9gia para n\u00e3o ficar atr\u00e1s dos concorrentes, especialmente na busca por um centroavante de qualidade. Al\u00e9m disso, destacou que, dos 26 jogadores contratados nos \u00faltimos anos pelo Verd\u00e3o, poucos se tornaram protagonistas no time titular.<\/p>\n\n\n\n<p>O comentarista tamb\u00e9m citou o atacante J\u00fanior Santos, que foi comprado pelo Atl\u00e9tico-MG por 8 milh\u00f5es de euros, como um exemplo de refor\u00e7o que poderia ter feito a diferen\u00e7a no Palmeiras. Para ele, o clube precisa ser mais assertivo nas contrata\u00e7\u00f5es para continuar competitivo nas principais competi\u00e7\u00f5es nacionais e internacionais.<\/p>\n","protected":false},"excerpt":{"rendered":"<p>Nas \u00faltimas horas, o foco das not\u00edcias sobre o Palmeiras se concentram nos bastidores doclube, com destaques do dia a dia do time. Por conta deste contexto, leia abaixo um resumo preparado pela equipe do portal G\u00e1vea News para lhe manter muito bem informado! Recado de Fl\u00e1vio Prado O jornalista Fl\u00e1vio Prado criticou algumas decis\u00f5es [&hellip;]<\/p>\n","protected":false},"author":27,"featured_media":155979,"comment_status":"open","ping_status":"closed","sticky":false,"template":"","format":"standard","meta":{"footnotes":""},"categories":[150],"tags":[],"class_list":["post-221367","post","type-post","status-publish","format-standard","has-post-thumbnail","hentry","category-palmeiras"],"yoast_head":"<!-- This site is optimized with the Yoast SEO Premium plugin v24.2 (Yoast SEO v26.9) - https:\/\/yoast.com\/product\/yoast-seo-premium-wordpress\/ -->\n<title>Previs\u00e3o de Velloso, declara\u00e7\u00e3o de Neto e recado de Fl\u00e1vio Prado: as \u00faltimas not\u00edcias do Palmeiras<\/title>\n<meta name=\"robots\" content=\"index, follow, max-snippet:-1, max-image-preview:large, max-video-preview:-1\" \/>\n<link rel=\"canonical\" href=\"https:\/\/www.gaveanews.com\/index.php\/2025\/01\/31\/previsao-de-velloso-declaracao-de-neto-e-recado-de-flavio-prado-as-ultimas-noticias-do-palmeiras\/\" \/>\n<meta property=\"og:locale\" content=\"pt_BR\" \/>\n<meta property=\"og:type\" content=\"article\" \/>\n<meta property=\"og:title\" content=\"Previs\u00e3o de Velloso, declara\u00e7\u00e3o de Neto e recado de Fl\u00e1vio Prado: as \u00faltimas not\u00edcias do Palmeiras\" \/>\n<meta property=\"og:description\" content=\"Nas \u00faltimas horas, o foco das not\u00edcias sobre o Palmeiras se concentram nos bastidores doclube, com destaques do dia a dia do time. Por conta deste contexto, leia abaixo um resumo preparado pela equipe do portal G\u00e1vea News para lhe manter muito bem informado! Recado de Fl\u00e1vio Prado O jornalista Fl\u00e1vio Prado criticou algumas decis\u00f5es [&hellip;]\" \/>\n<meta property=\"og:url\" content=\"https:\/\/www.gaveanews.com\/index.php\/2025\/01\/31\/previsao-de-velloso-declaracao-de-neto-e-recado-de-flavio-prado-as-ultimas-noticias-do-palmeiras\/\" \/>\n<meta property=\"og:site_name\" content=\"G\u00e1vea News\" \/>\n<meta property=\"article:publisher\" content=\"https:\/\/facebook.com\/gaveaNews\/\" \/>\n<meta property=\"article:published_time\" content=\"2025-01-31T21:25:00+00:00\" \/>\n<meta property=\"og:image\" content=\"https:\/\/www.gaveanews.com\/wp-content\/uploads\/torcida-do-palmeiras.webp\" \/>\n\t<meta property=\"og:image:width\" content=\"640\" \/>\n\t<meta property=\"og:image:height\" content=\"360\" \/>\n\t<meta property=\"og:image:type\" content=\"image\/jpeg\" \/>\n<meta name=\"author\" content=\"Matheus Felipe\" \/>\n<meta name=\"twitter:card\" content=\"summary_large_image\" \/>\n<meta name=\"twitter:label1\" content=\"Escrito por\" \/>\n\t<meta name=\"twitter:data1\" content=\"Matheus Felipe\" \/>\n\t<meta name=\"twitter:label2\" content=\"Est. tempo de leitura\" \/>\n\t<meta name=\"twitter:data2\" content=\"5 minutos\" \/>\n<script type=\"application\/ld+json\" class=\"yoast-schema-graph\">{\"@context\":\"https:\/\/schema.org\",\"@graph\":[{\"@type\":\"NewsArticle\",\"@id\":\"https:\/\/www.gaveanews.com\/index.php\/2025\/01\/31\/previsao-de-velloso-declaracao-de-neto-e-recado-de-flavio-prado-as-ultimas-noticias-do-palmeiras\/#article\",\"isPartOf\":{\"@id\":\"https:\/\/www.gaveanews.com\/index.php\/2025\/01\/31\/previsao-de-velloso-declaracao-de-neto-e-recado-de-flavio-prado-as-ultimas-noticias-do-palmeiras\/\"},\"author\":{\"name\":\"Matheus Felipe\",\"@id\":\"https:\/\/www.gaveanews.com\/#\/schema\/person\/8207cd4627f56151707418bfc835b2fb\"},\"headline\":\"Previs\u00e3o de Velloso, declara\u00e7\u00e3o de Neto e recado de Fl\u00e1vio Prado: as \u00faltimas not\u00edcias do Palmeiras\",\"datePublished\":\"2025-01-31T21:25:00+00:00\",\"mainEntityOfPage\":{\"@id\":\"https:\/\/www.gaveanews.com\/index.php\/2025\/01\/31\/previsao-de-velloso-declaracao-de-neto-e-recado-de-flavio-prado-as-ultimas-noticias-do-palmeiras\/\"},\"wordCount\":719,\"commentCount\":0,\"image\":{\"@id\":\"https:\/\/www.gaveanews.com\/index.php\/2025\/01\/31\/previsao-de-velloso-declaracao-de-neto-e-recado-de-flavio-prado-as-ultimas-noticias-do-palmeiras\/#primaryimage\"},\"thumbnailUrl\":\"https:\/\/www.gaveanews.com\/wp-content\/uploads\/torcida-do-palmeiras.webp\",\"articleSection\":[\"Palmeiras\"],\"inLanguage\":\"pt-BR\",\"potentialAction\":[{\"@type\":\"CommentAction\",\"name\":\"Comment\",\"target\":[\"https:\/\/www.gaveanews.com\/index.php\/2025\/01\/31\/previsao-de-velloso-declaracao-de-neto-e-recado-de-flavio-prado-as-ultimas-noticias-do-palmeiras\/#respond\"]}],\"copyrightYear\":\"2025\",\"copyrightHolder\":{\"@id\":\"https:\/\/www.gaveanews.com\/#organization\"}},{\"@type\":\"WebPage\",\"@id\":\"https:\/\/www.gaveanews.com\/index.php\/2025\/01\/31\/previsao-de-velloso-declaracao-de-neto-e-recado-de-flavio-prado-as-ultimas-noticias-do-palmeiras\/\",\"url\":\"https:\/\/www.gaveanews.com\/index.php\/2025\/01\/31\/previsao-de-velloso-declaracao-de-neto-e-recado-de-flavio-prado-as-ultimas-noticias-do-palmeiras\/\",\"name\":\"Previs\u00e3o de Velloso, declara\u00e7\u00e3o de Neto e recado de Fl\u00e1vio Prado: as \u00faltimas not\u00edcias do Palmeiras\",\"isPartOf\":{\"@id\":\"https:\/\/www.gaveanews.com\/#website\"},\"primaryImageOfPage\":{\"@id\":\"https:\/\/www.gaveanews.com\/index.php\/2025\/01\/31\/previsao-de-velloso-declaracao-de-neto-e-recado-de-flavio-prado-as-ultimas-noticias-do-palmeiras\/#primaryimage\"},\"image\":{\"@id\":\"https:\/\/www.gaveanews.com\/index.php\/2025\/01\/31\/previsao-de-velloso-declaracao-de-neto-e-recado-de-flavio-prado-as-ultimas-noticias-do-palmeiras\/#primaryimage\"},\"thumbnailUrl\":\"https:\/\/www.gaveanews.com\/wp-content\/uploads\/torcida-do-palmeiras.webp\",\"datePublished\":\"2025-01-31T21:25:00+00:00\",\"author\":{\"@id\":\"https:\/\/www.gaveanews.com\/#\/schema\/person\/8207cd4627f56151707418bfc835b2fb\"},\"breadcrumb\":{\"@id\":\"https:\/\/www.gaveanews.com\/index.php\/2025\/01\/31\/previsao-de-velloso-declaracao-de-neto-e-recado-de-flavio-prado-as-ultimas-noticias-do-palmeiras\/#breadcrumb\"},\"inLanguage\":\"pt-BR\",\"potentialAction\":[{\"@type\":\"ReadAction\",\"target\":[\"https:\/\/www.gaveanews.com\/index.php\/2025\/01\/31\/previsao-de-velloso-declaracao-de-neto-e-recado-de-flavio-prado-as-ultimas-noticias-do-palmeiras\/\"]}]},{\"@type\":\"ImageObject\",\"inLanguage\":\"pt-BR\",\"@id\":\"https:\/\/www.gaveanews.com\/index.php\/2025\/01\/31\/previsao-de-velloso-declaracao-de-neto-e-recado-de-flavio-prado-as-ultimas-noticias-do-palmeiras\/#primaryimage\",\"url\":\"https:\/\/www.gaveanews.com\/wp-content\/uploads\/torcida-do-palmeiras.webp\",\"contentUrl\":\"https:\/\/www.gaveanews.com\/wp-content\/uploads\/torcida-do-palmeiras.webp\",\"width\":640,\"height\":360,\"caption\":\"torcida do palmeiras (Foto: Cesar Greco\/Palmeiras)\"},{\"@type\":\"BreadcrumbList\",\"@id\":\"https:\/\/www.gaveanews.com\/index.php\/2025\/01\/31\/previsao-de-velloso-declaracao-de-neto-e-recado-de-flavio-prado-as-ultimas-noticias-do-palmeiras\/#breadcrumb\",\"itemListElement\":[{\"@type\":\"ListItem\",\"position\":1,\"name\":\"Home\",\"item\":\"https:\/\/www.gaveanews.com\/\"},{\"@type\":\"ListItem\",\"position\":2,\"name\":\"Previs\u00e3o de Velloso, declara\u00e7\u00e3o de Neto e recado de Fl\u00e1vio Prado: as \u00faltimas not\u00edcias do Palmeiras\"}]},{\"@type\":\"WebSite\",\"@id\":\"https:\/\/www.gaveanews.com\/#website\",\"url\":\"https:\/\/www.gaveanews.com\/\",\"name\":\"G\u00e1vea News\",\"description\":\"Veja todas as not\u00edcias sobre o Flamengo: Contrata\u00e7\u00f5es, categorias de base, resultados das partidas, tabela de classifica\u00e7\u00e3o, pr\u00f3ximos jogos!\",\"potentialAction\":[{\"@type\":\"SearchAction\",\"target\":{\"@type\":\"EntryPoint\",\"urlTemplate\":\"https:\/\/www.gaveanews.com\/?s={search_term_string}\"},\"query-input\":{\"@type\":\"PropertyValueSpecification\",\"valueRequired\":true,\"valueName\":\"search_term_string\"}}],\"inLanguage\":\"pt-BR\"},{\"@type\":\"Person\",\"@id\":\"https:\/\/www.gaveanews.com\/#\/schema\/person\/8207cd4627f56151707418bfc835b2fb\",\"name\":\"Matheus Felipe\",\"image\":{\"@type\":\"ImageObject\",\"inLanguage\":\"pt-BR\",\"@id\":\"https:\/\/www.gaveanews.com\/#\/schema\/person\/image\/\",\"url\":\"https:\/\/secure.gravatar.com\/avatar\/a452ffbed9130f726358b298bb3a99ce4bd3c5338411f8440e87e14d74c7c087?s=96&d=mm&r=g\",\"contentUrl\":\"https:\/\/secure.gravatar.com\/avatar\/a452ffbed9130f726358b298bb3a99ce4bd3c5338411f8440e87e14d74c7c087?s=96&d=mm&r=g\",\"caption\":\"Matheus Felipe\"}}]}<\/script>\n<!-- \/ Yoast SEO Premium plugin. -->","yoast_head_json":{"title":"Previs\u00e3o de Velloso, declara\u00e7\u00e3o de Neto e recado de Fl\u00e1vio Prado: as \u00faltimas not\u00edcias do Palmeiras","robots":{"index":"index","follow":"follow","max-snippet":"max-snippet:-1","max-image-preview":"max-image-preview:large","max-video-preview":"max-video-preview:-1"},"canonical":"https:\/\/www.gaveanews.com\/index.php\/2025\/01\/31\/previsao-de-velloso-declaracao-de-neto-e-recado-de-flavio-prado-as-ultimas-noticias-do-palmeiras\/","og_locale":"pt_BR","og_type":"article","og_title":"Previs\u00e3o de Velloso, declara\u00e7\u00e3o de Neto e recado de Fl\u00e1vio Prado: as \u00faltimas not\u00edcias do Palmeiras","og_description":"Nas \u00faltimas horas, o foco das not\u00edcias sobre o Palmeiras se concentram nos bastidores doclube, com destaques do dia a dia do time. Por conta deste contexto, leia abaixo um resumo preparado pela equipe do portal G\u00e1vea News para lhe manter muito bem informado! Recado de Fl\u00e1vio Prado O jornalista Fl\u00e1vio Prado criticou algumas decis\u00f5es [&hellip;]","og_url":"https:\/\/www.gaveanews.com\/index.php\/2025\/01\/31\/previsao-de-velloso-declaracao-de-neto-e-recado-de-flavio-prado-as-ultimas-noticias-do-palmeiras\/","og_site_name":"G\u00e1vea News","article_publisher":"https:\/\/facebook.com\/gaveaNews\/","article_published_time":"2025-01-31T21:25:00+00:00","og_image":[{"width":640,"height":360,"url":"https:\/\/www.gaveanews.com\/wp-content\/uploads\/torcida-do-palmeiras.webp","type":"image\/jpeg"}],"author":"Matheus Felipe","twitter_card":"summary_large_image","twitter_misc":{"Escrito por":"Matheus Felipe","Est. tempo de leitura":"5 minutos"},"schema":{"@context":"https:\/\/schema.org","@graph":[{"@type":"NewsArticle","@id":"https:\/\/www.gaveanews.com\/index.php\/2025\/01\/31\/previsao-de-velloso-declaracao-de-neto-e-recado-de-flavio-prado-as-ultimas-noticias-do-palmeiras\/#article","isPartOf":{"@id":"https:\/\/www.gaveanews.com\/index.php\/2025\/01\/31\/previsao-de-velloso-declaracao-de-neto-e-recado-de-flavio-prado-as-ultimas-noticias-do-palmeiras\/"},"author":{"name":"Matheus Felipe","@id":"https:\/\/www.gaveanews.com\/#\/schema\/person\/8207cd4627f56151707418bfc835b2fb"},"headline":"Previs\u00e3o de Velloso, declara\u00e7\u00e3o de Neto e recado de Fl\u00e1vio Prado: as \u00faltimas not\u00edcias do Palmeiras","datePublished":"2025-01-31T21:25:00+00:00","mainEntityOfPage":{"@id":"https:\/\/www.gaveanews.com\/index.php\/2025\/01\/31\/previsao-de-velloso-declaracao-de-neto-e-recado-de-flavio-prado-as-ultimas-noticias-do-palmeiras\/"},"wordCount":719,"commentCount":0,"image":{"@id":"https:\/\/www.gaveanews.com\/index.php\/2025\/01\/31\/previsao-de-velloso-declaracao-de-neto-e-recado-de-flavio-prado-as-ultimas-noticias-do-palmeiras\/#primaryimage"},"thumbnailUrl":"https:\/\/www.gaveanews.com\/wp-content\/uploads\/torcida-do-palmeiras.webp","articleSection":["Palmeiras"],"inLanguage":"pt-BR","potentialAction":[{"@type":"CommentAction","name":"Comment","target":["https:\/\/www.gaveanews.com\/index.php\/2025\/01\/31\/previsao-de-velloso-declaracao-de-neto-e-recado-de-flavio-prado-as-ultimas-noticias-do-palmeiras\/#respond"]}],"copyrightYear":"2025","copyrightHolder":{"@id":"https:\/\/www.gaveanews.com\/#organization"}},{"@type":"WebPage","@id":"https:\/\/www.gaveanews.com\/index.php\/2025\/01\/31\/previsao-de-velloso-declaracao-de-neto-e-recado-de-flavio-prado-as-ultimas-noticias-do-palmeiras\/","url":"https:\/\/www.gaveanews.com\/index.php\/2025\/01\/31\/previsao-de-velloso-declaracao-de-neto-e-recado-de-flavio-prado-as-ultimas-noticias-do-palmeiras\/","name":"Previs\u00e3o de Velloso, declara\u00e7\u00e3o de Neto e recado de Fl\u00e1vio Prado: as \u00faltimas not\u00edcias do Palmeiras","isPartOf":{"@id":"https:\/\/www.gaveanews.com\/#website"},"primaryImageOfPage":{"@id":"https:\/\/www.gaveanews.com\/index.php\/2025\/01\/31\/previsao-de-velloso-declaracao-de-neto-e-recado-de-flavio-prado-as-ultimas-noticias-do-palmeiras\/#primaryimage"},"image":{"@id":"https:\/\/www.gaveanews.com\/index.php\/2025\/01\/31\/previsao-de-velloso-declaracao-de-neto-e-recado-de-flavio-prado-as-ultimas-noticias-do-palmeiras\/#primaryimage"},"thumbnailUrl":"https:\/\/www.gaveanews.com\/wp-content\/uploads\/torcida-do-palmeiras.webp","datePublished":"2025-01-31T21:25:00+00:00","author":{"@id":"https:\/\/www.gaveanews.com\/#\/schema\/person\/8207cd4627f56151707418bfc835b2fb"},"breadcrumb":{"@id":"https:\/\/www.gaveanews.com\/index.php\/2025\/01\/31\/previsao-de-velloso-declaracao-de-neto-e-recado-de-flavio-prado-as-ultimas-noticias-do-palmeiras\/#breadcrumb"},"inLanguage":"pt-BR","potentialAction":[{"@type":"ReadAction","target":["https:\/\/www.gaveanews.com\/index.php\/2025\/01\/31\/previsao-de-velloso-declaracao-de-neto-e-recado-de-flavio-prado-as-ultimas-noticias-do-palmeiras\/"]}]},{"@type":"ImageObject","inLanguage":"pt-BR","@id":"https:\/\/www.gaveanews.com\/index.php\/2025\/01\/31\/previsao-de-velloso-declaracao-de-neto-e-recado-de-flavio-prado-as-ultimas-noticias-do-palmeiras\/#primaryimage","url":"https:\/\/www.gaveanews.com\/wp-content\/uploads\/torcida-do-palmeiras.webp","contentUrl":"https:\/\/www.gaveanews.com\/wp-content\/uploads\/torcida-do-palmeiras.webp","width":640,"height":360,"caption":"torcida do palmeiras (Foto: Cesar Greco\/Palmeiras)"},{"@type":"BreadcrumbList","@id":"https:\/\/www.gaveanews.com\/index.php\/2025\/01\/31\/previsao-de-velloso-declaracao-de-neto-e-recado-de-flavio-prado-as-ultimas-noticias-do-palmeiras\/#breadcrumb","itemListElement":[{"@type":"ListItem","position":1,"name":"Home","item":"https:\/\/www.gaveanews.com\/"},{"@type":"ListItem","position":2,"name":"Previs\u00e3o de Velloso, declara\u00e7\u00e3o de Neto e recado de Fl\u00e1vio Prado: as \u00faltimas not\u00edcias do Palmeiras"}]},{"@type":"WebSite","@id":"https:\/\/www.gaveanews.com\/#website","url":"https:\/\/www.gaveanews.com\/","name":"G\u00e1vea News","description":"Veja todas as not\u00edcias sobre o Flamengo: Contrata\u00e7\u00f5es, categorias de base, resultados das partidas, tabela de classifica\u00e7\u00e3o, pr\u00f3ximos jogos!","potentialAction":[{"@type":"SearchAction","target":{"@type":"EntryPoint","urlTemplate":"https:\/\/www.gaveanews.com\/?s={search_term_string}"},"query-input":{"@type":"PropertyValueSpecification","valueRequired":true,"valueName":"search_term_string"}}],"inLanguage":"pt-BR"},{"@type":"Person","@id":"https:\/\/www.gaveanews.com\/#\/schema\/person\/8207cd4627f56151707418bfc835b2fb","name":"Matheus Felipe","image":{"@type":"ImageObject","inLanguage":"pt-BR","@id":"https:\/\/www.gaveanews.com\/#\/schema\/person\/image\/","url":"https:\/\/secure.gravatar.com\/avatar\/a452ffbed9130f726358b298bb3a99ce4bd3c5338411f8440e87e14d74c7c087?s=96&d=mm&r=g","contentUrl":"https:\/\/secure.gravatar.com\/avatar\/a452ffbed9130f726358b298bb3a99ce4bd3c5338411f8440e87e14d74c7c087?s=96&d=mm&r=g","caption":"Matheus Felipe"}}]}},"_links":{"self":[{"href":"https:\/\/www.gaveanews.com\/index.php\/wp-json\/wp\/v2\/posts\/221367","targetHints":{"allow":["GET"]}}],"collection":[{"href":"https:\/\/www.gaveanews.com\/index.php\/wp-json\/wp\/v2\/posts"}],"about":[{"href":"https:\/\/www.gaveanews.com\/index.php\/wp-json\/wp\/v2\/types\/post"}],"author":[{"embeddable":true,"href":"https:\/\/www.gaveanews.com\/index.php\/wp-json\/wp\/v2\/users\/27"}],"replies":[{"embeddable":true,"href":"https:\/\/www.gaveanews.com\/index.php\/wp-json\/wp\/v2\/comments?post=221367"}],"version-history":[{"count":1,"href":"https:\/\/www.gaveanews.com\/index.php\/wp-json\/wp\/v2\/posts\/221367\/revisions"}],"predecessor-version":[{"id":221369,"href":"https:\/\/www.gaveanews.com\/index.php\/wp-json\/wp\/v2\/posts\/221367\/revisions\/221369"}],"wp:featuredmedia":[{"embeddable":true,"href":"https:\/\/www.gaveanews.com\/index.php\/wp-json\/wp\/v2\/media\/155979"}],"wp:attachment":[{"href":"https:\/\/www.gaveanews.com\/index.php\/wp-json\/wp\/v2\/media?parent=221367"}],"wp:term":[{"taxonomy":"category","embeddable":true,"href":"https:\/\/www.gaveanews.com\/index.php\/wp-json\/wp\/v2\/categories?post=221367"},{"taxonomy":"post_tag","embeddable":true,"href":"https:\/\/www.gaveanews.com\/index.php\/wp-json\/wp\/v2\/tags?post=221367"}],"curies":[{"name":"wp","href":"https:\/\/api.w.org\/{rel}","templated":true}]}}