{"id":221371,"date":"2025-01-31T18:30:00","date_gmt":"2025-01-31T21:30:00","guid":{"rendered":"https:\/\/www.gaveanews.com\/?p=221371"},"modified":"2025-01-31T17:31:34","modified_gmt":"2025-01-31T20:31:34","slug":"irritacao-da-torcida-declaracao-de-mano-menezes-e-arias-ganha-destaque-as-ultimas-noticias-do-fluminense","status":"publish","type":"post","link":"https:\/\/www.gaveanews.com\/index.php\/2025\/01\/31\/irritacao-da-torcida-declaracao-de-mano-menezes-e-arias-ganha-destaque-as-ultimas-noticias-do-fluminense\/","title":{"rendered":"Irrita\u00e7\u00e3o da torcida, declara\u00e7\u00e3o de Mano Menezes e Arias ganha destaque: as \u00faltimas not\u00edcias do Fluminense"},"content":{"rendered":"\n<p>Nas \u00faltimas horas, o foco das not\u00edcias sobre o Fluminense se concentram nos bastidores do<br>clube, com destaques do dia a dia do time.<\/p>\n\n\n\n<p>Por conta deste contexto, leia abaixo um resumo preparado pela equipe do portal G\u00e1vea News para lhe manter muito bem informado!<\/p>\n\n\n\n<h2 class=\"wp-block-heading\" id=\"h-arias-ganha-destaque\">Arias ganha destaque<\/h2>\n\n\n\n<p>Jhon Arias, destaque do Fluminense, est\u00e1 chamando a aten\u00e7\u00e3o do mercado europeu, e o Feyenoord, da Holanda, demonstrou forte interesse na sua contrata\u00e7\u00e3o. A equipe holandesa j\u00e1 iniciou negocia\u00e7\u00f5es com o clube carioca e busca fechar o acordo antes do encerramento da janela de transfer\u00eancias, que se fecha no dia 4 de fevereiro <strong><a href=\"https:\/\/www.gaveanews.com\/index.php\/2025\/01\/30\/fluminense-jhon-arias-ganha-destaque-na-europa\/\">(leia a mat\u00e9ria completa).<\/a><\/strong><\/p>\n\n\n\n<figure class=\"wp-block-image size-full\"><img loading=\"lazy\" decoding=\"async\" width=\"700\" height=\"467\" src=\"http:\/\/www.gaveanews.com\/wp-content\/uploads\/arias-fluminense-by-marcelo-goncalves-flu-editada-700x467.jpg.webp\" alt=\"\" class=\"wp-image-144307\" srcset=\"https:\/\/www.gaveanews.com\/wp-content\/uploads\/arias-fluminense-by-marcelo-goncalves-flu-editada-700x467.jpg.webp 700w, https:\/\/www.gaveanews.com\/wp-content\/uploads\/arias-fluminense-by-marcelo-goncalves-flu-editada-700x467.jpg-300x200.webp 300w, https:\/\/www.gaveanews.com\/wp-content\/uploads\/arias-fluminense-by-marcelo-goncalves-flu-editada-700x467.jpg-630x420.webp 630w, https:\/\/www.gaveanews.com\/wp-content\/uploads\/arias-fluminense-by-marcelo-goncalves-flu-editada-700x467.jpg-640x427.webp 640w, https:\/\/www.gaveanews.com\/wp-content\/uploads\/arias-fluminense-by-marcelo-goncalves-flu-editada-700x467.jpg-681x454.webp 681w, https:\/\/www.gaveanews.com\/wp-content\/uploads\/arias-fluminense-by-marcelo-goncalves-flu-editada-700x467.jpg-100x67.webp 100w\" sizes=\"auto, (max-width: 700px) 100vw, 700px\" \/><figcaption class=\"wp-element-caption\">Foto: Marcelo Gon\u00e7alves\/Fluminense<\/figcaption><\/figure>\n\n\n\n<p>O Feyenoord, um dos gigantes do futebol holand\u00eas e rival hist\u00f3rico do Ajax, v\u00ea Arias como um refor\u00e7o essencial para sua temporada. <\/p>\n\n\n\n<p>O time sofreu uma goleada de 6 a 1 para o Lille na Champions League, evidenciando a necessidade urgente de refor\u00e7os ofensivos. O colombiano, com sua velocidade e habilidade, \u00e9 visto como uma pe\u00e7a importante para fortalecer a equipe.<\/p>\n\n\n\n<p>A poss\u00edvel transfer\u00eancia de Arias para o futebol europeu representa um passo significativo em sua carreira. O jogador tem sido pe\u00e7a-chave no Fluminense e pode seguir os passos de outros talentos sul-americanos que brilharam no futebol holand\u00eas antes de darem um salto para grandes clubes da Europa.<\/p>\n\n\n\n<h2 class=\"wp-block-heading\" id=\"h-declaracao-de-mano-menezes\">Declara\u00e7\u00e3o de Mano Menezes<\/h2>\n\n\n\n<p>Ap\u00f3s a derrota do Fluminense por 2 a 1 para o Botafogo no Engenh\u00e3o, o t\u00e9cnico Mano Menezes analisou o desempenho da equipe e destacou a for\u00e7a do advers\u00e1rio. Durante a coletiva p\u00f3s-jogo, ele justificou a dificuldade do Tricolor na partida, apontando que, apesar do equil\u00edbrio estat\u00edstico \u2013 com posse de bola dividida (51% a 49%) e finaliza\u00e7\u00f5es similares (13 a 12) \u2013, o Botafogo teve melhor aproveitamento e soube aproveitar as oportunidades criadas<strong><a href=\"https:\/\/www.gaveanews.com\/index.php\/2025\/01\/30\/a-declaracao-de-mano-menezes-direcionada-aos-jogadores-do-botafogo\/\"> (leia a mat\u00e9ria completa).<\/a><\/strong><\/p>\n\n\n\n<figure class=\"wp-block-image size-full\"><img loading=\"lazy\" decoding=\"async\" width=\"740\" height=\"416\" src=\"http:\/\/www.gaveanews.com\/wp-content\/uploads\/image-2024-07-03T203303.359.webp\" alt=\"\" class=\"wp-image-150636\" srcset=\"https:\/\/www.gaveanews.com\/wp-content\/uploads\/image-2024-07-03T203303.359.webp 740w, https:\/\/www.gaveanews.com\/wp-content\/uploads\/image-2024-07-03T203303.359-300x169.webp 300w, https:\/\/www.gaveanews.com\/wp-content\/uploads\/image-2024-07-03T203303.359-640x360.webp 640w, https:\/\/www.gaveanews.com\/wp-content\/uploads\/image-2024-07-03T203303.359-681x383.webp 681w, https:\/\/www.gaveanews.com\/wp-content\/uploads\/image-2024-07-03T203303.359-100x56.webp 100w\" sizes=\"auto, (max-width: 740px) 100vw, 740px\" \/><figcaption class=\"wp-element-caption\">Mano Menezes, t\u00e9cnico do Fluminense. Foto: Marcelo Gon\u00e7alves\/Fluminense\n<\/figcaption><\/figure>\n\n\n\n<p>Mano Menezes tamb\u00e9m mencionou o impacto do gramado sint\u00e9tico no jogo, explicando que o Fluminense cometeu erros incomuns, como escanteios mal cobrados e dificuldades no dom\u00ednio da bola. Al\u00e9m disso, o treinador elogiou a organiza\u00e7\u00e3o t\u00e1tica do Botafogo, que manteve a estrutura que o levou a conquistas na \u00faltima temporada. &#8220;Eles t\u00eam uma equipe que j\u00e1 est\u00e1 acostumada ao campo e mantiveram a base do time campe\u00e3o. Isso faz diferen\u00e7a&#8221;, afirmou.<\/p>\n\n\n\n<p>Agora, o Fluminense busca recupera\u00e7\u00e3o no Campeonato Carioca e j\u00e1 se prepara para o pr\u00f3ximo compromisso contra o Boavista, no Maracan\u00e3. Mano Menezes enfatizou que a equipe ainda precisa evoluir tecnicamente para alcan\u00e7ar um n\u00edvel mais consistente ao longo da temporada.<\/p>\n\n\n\n<h2 class=\"wp-block-heading\" id=\"h-irritacao-da-torcida\">Irrita\u00e7\u00e3o da torcida<\/h2>\n\n\n\n<p>A torcida do Fluminense n\u00e3o perdoou o zagueiro Thiago Santos ap\u00f3s a derrota por 2 a 1 para o Botafogo no Campeonato Carioca. O jogador foi duramente criticado por cometer o p\u00eanalti que resultou no gol da vit\u00f3ria do rival, marcado por Savarino. Nas redes sociais, torcedores questionaram sua perman\u00eancia no elenco e apontaram erros recorrentes em jogos importantes <strong><a href=\"https:\/\/www.gaveanews.com\/index.php\/2025\/01\/30\/torcida-nao-perdoa-e-detona-jogador-do-fluminense-apos-derrota-para-o-botafogo\/\">(leia a mat\u00e9ria completa).<\/a><\/strong><\/p>\n\n\n\n<figure class=\"wp-block-image size-large\"><img loading=\"lazy\" decoding=\"async\" width=\"1024\" height=\"883\" src=\"http:\/\/www.gaveanews.com\/wp-content\/uploads\/Torcida-do-Fluminense-durante-partida-no-Maracana-1024x883.webp\" alt=\"\" class=\"wp-image-155883\" srcset=\"https:\/\/www.gaveanews.com\/wp-content\/uploads\/Torcida-do-Fluminense-durante-partida-no-Maracana-1024x883.webp 1024w, https:\/\/www.gaveanews.com\/wp-content\/uploads\/Torcida-do-Fluminense-durante-partida-no-Maracana-300x259.webp 300w, https:\/\/www.gaveanews.com\/wp-content\/uploads\/Torcida-do-Fluminense-durante-partida-no-Maracana-768x662.webp 768w, https:\/\/www.gaveanews.com\/wp-content\/uploads\/Torcida-do-Fluminense-durante-partida-no-Maracana-487x420.webp 487w, https:\/\/www.gaveanews.com\/wp-content\/uploads\/Torcida-do-Fluminense-durante-partida-no-Maracana-974x840.webp 974w, https:\/\/www.gaveanews.com\/wp-content\/uploads\/Torcida-do-Fluminense-durante-partida-no-Maracana-640x552.webp 640w, https:\/\/www.gaveanews.com\/wp-content\/uploads\/Torcida-do-Fluminense-durante-partida-no-Maracana-681x587.webp 681w, https:\/\/www.gaveanews.com\/wp-content\/uploads\/Torcida-do-Fluminense-durante-partida-no-Maracana-100x86.webp 100w, https:\/\/www.gaveanews.com\/wp-content\/uploads\/Torcida-do-Fluminense-durante-partida-no-Maracana.webp 1236w\" sizes=\"auto, (max-width: 1024px) 100vw, 1024px\" \/><figcaption class=\"wp-element-caption\">Torcida do Fluminense durante partida no Maracan\u00e3 (Foto: Reprodu\u00e7\u00e3o\/Fluminense)<\/figcaption><\/figure>\n\n\n\n<p>Entre os coment\u00e1rios, houve pedidos para que Thiago Santos n\u00e3o seja mais escalado, com torcedores afirmando que ele \u201csempre entrega\u201d em partidas decisivas. Al\u00e9m disso, a atua\u00e7\u00e3o geral da equipe comandada por Mano Menezes tamb\u00e9m foi alvo de insatisfa\u00e7\u00e3o, j\u00e1 que o time teve dificuldades para reagir ap\u00f3s sair atr\u00e1s no placar. O \u00fanico gol do Fluminense foi marcado por Germ\u00e1n Cano, de p\u00eanalti.<\/p>\n\n\n\n<p>Agora, o Fluminense tentar\u00e1 se recuperar diante do Boavista, no pr\u00f3ximo domingo (2), no Maracan\u00e3. O Tricolor ocupa a oitava posi\u00e7\u00e3o na tabela do Carioca, com apenas seis pontos em seis jogos, e precisa vencer para se aproximar da zona de classifica\u00e7\u00e3o para a fase final da competi\u00e7\u00e3o.<\/p>\n","protected":false},"excerpt":{"rendered":"<p>Nas \u00faltimas horas, o foco das not\u00edcias sobre o Fluminense se concentram nos bastidores doclube, com destaques do dia a dia do time. Por conta deste contexto, leia abaixo um resumo preparado pela equipe do portal G\u00e1vea News para lhe manter muito bem informado! Arias ganha destaque Jhon Arias, destaque do Fluminense, est\u00e1 chamando a [&hellip;]<\/p>\n","protected":false},"author":27,"featured_media":139474,"comment_status":"open","ping_status":"closed","sticky":false,"template":"","format":"standard","meta":{"footnotes":""},"categories":[145],"tags":[],"class_list":["post-221371","post","type-post","status-publish","format-standard","has-post-thumbnail","hentry","category-fluminense"],"yoast_head":"<!-- This site is optimized with the Yoast SEO Premium plugin v24.2 (Yoast SEO v26.9) - https:\/\/yoast.com\/product\/yoast-seo-premium-wordpress\/ -->\n<title>Irrita\u00e7\u00e3o da torcida, declara\u00e7\u00e3o de Mano Menezes e Arias ganha destaque: as \u00faltimas not\u00edcias do Fluminense<\/title>\n<meta name=\"robots\" content=\"index, follow, max-snippet:-1, max-image-preview:large, max-video-preview:-1\" \/>\n<link rel=\"canonical\" href=\"https:\/\/www.gaveanews.com\/index.php\/2025\/01\/31\/irritacao-da-torcida-declaracao-de-mano-menezes-e-arias-ganha-destaque-as-ultimas-noticias-do-fluminense\/\" \/>\n<meta property=\"og:locale\" content=\"pt_BR\" \/>\n<meta property=\"og:type\" content=\"article\" \/>\n<meta property=\"og:title\" content=\"Irrita\u00e7\u00e3o da torcida, declara\u00e7\u00e3o de Mano Menezes e Arias ganha destaque: as \u00faltimas not\u00edcias do Fluminense\" \/>\n<meta property=\"og:description\" content=\"Nas \u00faltimas horas, o foco das not\u00edcias sobre o Fluminense se concentram nos bastidores doclube, com destaques do dia a dia do time. Por conta deste contexto, leia abaixo um resumo preparado pela equipe do portal G\u00e1vea News para lhe manter muito bem informado! Arias ganha destaque Jhon Arias, destaque do Fluminense, est\u00e1 chamando a [&hellip;]\" \/>\n<meta property=\"og:url\" content=\"https:\/\/www.gaveanews.com\/index.php\/2025\/01\/31\/irritacao-da-torcida-declaracao-de-mano-menezes-e-arias-ganha-destaque-as-ultimas-noticias-do-fluminense\/\" \/>\n<meta property=\"og:site_name\" content=\"G\u00e1vea News\" \/>\n<meta property=\"article:publisher\" content=\"https:\/\/facebook.com\/gaveaNews\/\" \/>\n<meta property=\"article:published_time\" content=\"2025-01-31T21:30:00+00:00\" \/>\n<meta property=\"og:image\" content=\"https:\/\/www.gaveanews.com\/wp-content\/uploads\/Bandeira-Fluminense.webp\" \/>\n\t<meta property=\"og:image:width\" content=\"700\" \/>\n\t<meta property=\"og:image:height\" content=\"438\" \/>\n\t<meta property=\"og:image:type\" content=\"image\/jpeg\" \/>\n<meta name=\"author\" content=\"Matheus Felipe\" \/>\n<meta name=\"twitter:card\" content=\"summary_large_image\" \/>\n<meta name=\"twitter:label1\" content=\"Escrito por\" \/>\n\t<meta name=\"twitter:data1\" content=\"Matheus Felipe\" \/>\n\t<meta name=\"twitter:label2\" content=\"Est. tempo de leitura\" \/>\n\t<meta name=\"twitter:data2\" content=\"5 minutos\" \/>\n<script type=\"application\/ld+json\" class=\"yoast-schema-graph\">{\"@context\":\"https:\/\/schema.org\",\"@graph\":[{\"@type\":\"NewsArticle\",\"@id\":\"https:\/\/www.gaveanews.com\/index.php\/2025\/01\/31\/irritacao-da-torcida-declaracao-de-mano-menezes-e-arias-ganha-destaque-as-ultimas-noticias-do-fluminense\/#article\",\"isPartOf\":{\"@id\":\"https:\/\/www.gaveanews.com\/index.php\/2025\/01\/31\/irritacao-da-torcida-declaracao-de-mano-menezes-e-arias-ganha-destaque-as-ultimas-noticias-do-fluminense\/\"},\"author\":{\"name\":\"Matheus Felipe\",\"@id\":\"https:\/\/www.gaveanews.com\/#\/schema\/person\/8207cd4627f56151707418bfc835b2fb\"},\"headline\":\"Irrita\u00e7\u00e3o da torcida, declara\u00e7\u00e3o de Mano Menezes e Arias ganha destaque: as \u00faltimas not\u00edcias do Fluminense\",\"datePublished\":\"2025-01-31T21:30:00+00:00\",\"mainEntityOfPage\":{\"@id\":\"https:\/\/www.gaveanews.com\/index.php\/2025\/01\/31\/irritacao-da-torcida-declaracao-de-mano-menezes-e-arias-ganha-destaque-as-ultimas-noticias-do-fluminense\/\"},\"wordCount\":676,\"commentCount\":0,\"image\":{\"@id\":\"https:\/\/www.gaveanews.com\/index.php\/2025\/01\/31\/irritacao-da-torcida-declaracao-de-mano-menezes-e-arias-ganha-destaque-as-ultimas-noticias-do-fluminense\/#primaryimage\"},\"thumbnailUrl\":\"https:\/\/www.gaveanews.com\/wp-content\/uploads\/Bandeira-Fluminense.webp\",\"articleSection\":[\"Fluminense\"],\"inLanguage\":\"pt-BR\",\"potentialAction\":[{\"@type\":\"CommentAction\",\"name\":\"Comment\",\"target\":[\"https:\/\/www.gaveanews.com\/index.php\/2025\/01\/31\/irritacao-da-torcida-declaracao-de-mano-menezes-e-arias-ganha-destaque-as-ultimas-noticias-do-fluminense\/#respond\"]}],\"copyrightYear\":\"2025\",\"copyrightHolder\":{\"@id\":\"https:\/\/www.gaveanews.com\/#organization\"}},{\"@type\":\"WebPage\",\"@id\":\"https:\/\/www.gaveanews.com\/index.php\/2025\/01\/31\/irritacao-da-torcida-declaracao-de-mano-menezes-e-arias-ganha-destaque-as-ultimas-noticias-do-fluminense\/\",\"url\":\"https:\/\/www.gaveanews.com\/index.php\/2025\/01\/31\/irritacao-da-torcida-declaracao-de-mano-menezes-e-arias-ganha-destaque-as-ultimas-noticias-do-fluminense\/\",\"name\":\"Irrita\u00e7\u00e3o da torcida, declara\u00e7\u00e3o de Mano Menezes e Arias ganha destaque: as \u00faltimas not\u00edcias do Fluminense\",\"isPartOf\":{\"@id\":\"https:\/\/www.gaveanews.com\/#website\"},\"primaryImageOfPage\":{\"@id\":\"https:\/\/www.gaveanews.com\/index.php\/2025\/01\/31\/irritacao-da-torcida-declaracao-de-mano-menezes-e-arias-ganha-destaque-as-ultimas-noticias-do-fluminense\/#primaryimage\"},\"image\":{\"@id\":\"https:\/\/www.gaveanews.com\/index.php\/2025\/01\/31\/irritacao-da-torcida-declaracao-de-mano-menezes-e-arias-ganha-destaque-as-ultimas-noticias-do-fluminense\/#primaryimage\"},\"thumbnailUrl\":\"https:\/\/www.gaveanews.com\/wp-content\/uploads\/Bandeira-Fluminense.webp\",\"datePublished\":\"2025-01-31T21:30:00+00:00\",\"author\":{\"@id\":\"https:\/\/www.gaveanews.com\/#\/schema\/person\/8207cd4627f56151707418bfc835b2fb\"},\"breadcrumb\":{\"@id\":\"https:\/\/www.gaveanews.com\/index.php\/2025\/01\/31\/irritacao-da-torcida-declaracao-de-mano-menezes-e-arias-ganha-destaque-as-ultimas-noticias-do-fluminense\/#breadcrumb\"},\"inLanguage\":\"pt-BR\",\"potentialAction\":[{\"@type\":\"ReadAction\",\"target\":[\"https:\/\/www.gaveanews.com\/index.php\/2025\/01\/31\/irritacao-da-torcida-declaracao-de-mano-menezes-e-arias-ganha-destaque-as-ultimas-noticias-do-fluminense\/\"]}]},{\"@type\":\"ImageObject\",\"inLanguage\":\"pt-BR\",\"@id\":\"https:\/\/www.gaveanews.com\/index.php\/2025\/01\/31\/irritacao-da-torcida-declaracao-de-mano-menezes-e-arias-ganha-destaque-as-ultimas-noticias-do-fluminense\/#primaryimage\",\"url\":\"https:\/\/www.gaveanews.com\/wp-content\/uploads\/Bandeira-Fluminense.webp\",\"contentUrl\":\"https:\/\/www.gaveanews.com\/wp-content\/uploads\/Bandeira-Fluminense.webp\",\"width\":700,\"height\":438,\"caption\":\"Bandeira Fluminense\"},{\"@type\":\"BreadcrumbList\",\"@id\":\"https:\/\/www.gaveanews.com\/index.php\/2025\/01\/31\/irritacao-da-torcida-declaracao-de-mano-menezes-e-arias-ganha-destaque-as-ultimas-noticias-do-fluminense\/#breadcrumb\",\"itemListElement\":[{\"@type\":\"ListItem\",\"position\":1,\"name\":\"Home\",\"item\":\"https:\/\/www.gaveanews.com\/\"},{\"@type\":\"ListItem\",\"position\":2,\"name\":\"Irrita\u00e7\u00e3o da torcida, declara\u00e7\u00e3o de Mano Menezes e Arias ganha destaque: as \u00faltimas not\u00edcias do Fluminense\"}]},{\"@type\":\"WebSite\",\"@id\":\"https:\/\/www.gaveanews.com\/#website\",\"url\":\"https:\/\/www.gaveanews.com\/\",\"name\":\"G\u00e1vea News\",\"description\":\"Veja todas as not\u00edcias sobre o Flamengo: Contrata\u00e7\u00f5es, categorias de base, resultados das partidas, tabela de classifica\u00e7\u00e3o, pr\u00f3ximos jogos!\",\"potentialAction\":[{\"@type\":\"SearchAction\",\"target\":{\"@type\":\"EntryPoint\",\"urlTemplate\":\"https:\/\/www.gaveanews.com\/?s={search_term_string}\"},\"query-input\":{\"@type\":\"PropertyValueSpecification\",\"valueRequired\":true,\"valueName\":\"search_term_string\"}}],\"inLanguage\":\"pt-BR\"},{\"@type\":\"Person\",\"@id\":\"https:\/\/www.gaveanews.com\/#\/schema\/person\/8207cd4627f56151707418bfc835b2fb\",\"name\":\"Matheus Felipe\",\"image\":{\"@type\":\"ImageObject\",\"inLanguage\":\"pt-BR\",\"@id\":\"https:\/\/www.gaveanews.com\/#\/schema\/person\/image\/\",\"url\":\"https:\/\/secure.gravatar.com\/avatar\/a452ffbed9130f726358b298bb3a99ce4bd3c5338411f8440e87e14d74c7c087?s=96&d=mm&r=g\",\"contentUrl\":\"https:\/\/secure.gravatar.com\/avatar\/a452ffbed9130f726358b298bb3a99ce4bd3c5338411f8440e87e14d74c7c087?s=96&d=mm&r=g\",\"caption\":\"Matheus Felipe\"}}]}<\/script>\n<!-- \/ Yoast SEO Premium plugin. -->","yoast_head_json":{"title":"Irrita\u00e7\u00e3o da torcida, declara\u00e7\u00e3o de Mano Menezes e Arias ganha destaque: as \u00faltimas not\u00edcias do Fluminense","robots":{"index":"index","follow":"follow","max-snippet":"max-snippet:-1","max-image-preview":"max-image-preview:large","max-video-preview":"max-video-preview:-1"},"canonical":"https:\/\/www.gaveanews.com\/index.php\/2025\/01\/31\/irritacao-da-torcida-declaracao-de-mano-menezes-e-arias-ganha-destaque-as-ultimas-noticias-do-fluminense\/","og_locale":"pt_BR","og_type":"article","og_title":"Irrita\u00e7\u00e3o da torcida, declara\u00e7\u00e3o de Mano Menezes e Arias ganha destaque: as \u00faltimas not\u00edcias do Fluminense","og_description":"Nas \u00faltimas horas, o foco das not\u00edcias sobre o Fluminense se concentram nos bastidores doclube, com destaques do dia a dia do time. Por conta deste contexto, leia abaixo um resumo preparado pela equipe do portal G\u00e1vea News para lhe manter muito bem informado! Arias ganha destaque Jhon Arias, destaque do Fluminense, est\u00e1 chamando a [&hellip;]","og_url":"https:\/\/www.gaveanews.com\/index.php\/2025\/01\/31\/irritacao-da-torcida-declaracao-de-mano-menezes-e-arias-ganha-destaque-as-ultimas-noticias-do-fluminense\/","og_site_name":"G\u00e1vea News","article_publisher":"https:\/\/facebook.com\/gaveaNews\/","article_published_time":"2025-01-31T21:30:00+00:00","og_image":[{"width":700,"height":438,"url":"https:\/\/www.gaveanews.com\/wp-content\/uploads\/Bandeira-Fluminense.webp","type":"image\/jpeg"}],"author":"Matheus Felipe","twitter_card":"summary_large_image","twitter_misc":{"Escrito por":"Matheus Felipe","Est. tempo de leitura":"5 minutos"},"schema":{"@context":"https:\/\/schema.org","@graph":[{"@type":"NewsArticle","@id":"https:\/\/www.gaveanews.com\/index.php\/2025\/01\/31\/irritacao-da-torcida-declaracao-de-mano-menezes-e-arias-ganha-destaque-as-ultimas-noticias-do-fluminense\/#article","isPartOf":{"@id":"https:\/\/www.gaveanews.com\/index.php\/2025\/01\/31\/irritacao-da-torcida-declaracao-de-mano-menezes-e-arias-ganha-destaque-as-ultimas-noticias-do-fluminense\/"},"author":{"name":"Matheus Felipe","@id":"https:\/\/www.gaveanews.com\/#\/schema\/person\/8207cd4627f56151707418bfc835b2fb"},"headline":"Irrita\u00e7\u00e3o da torcida, declara\u00e7\u00e3o de Mano Menezes e Arias ganha destaque: as \u00faltimas not\u00edcias do Fluminense","datePublished":"2025-01-31T21:30:00+00:00","mainEntityOfPage":{"@id":"https:\/\/www.gaveanews.com\/index.php\/2025\/01\/31\/irritacao-da-torcida-declaracao-de-mano-menezes-e-arias-ganha-destaque-as-ultimas-noticias-do-fluminense\/"},"wordCount":676,"commentCount":0,"image":{"@id":"https:\/\/www.gaveanews.com\/index.php\/2025\/01\/31\/irritacao-da-torcida-declaracao-de-mano-menezes-e-arias-ganha-destaque-as-ultimas-noticias-do-fluminense\/#primaryimage"},"thumbnailUrl":"https:\/\/www.gaveanews.com\/wp-content\/uploads\/Bandeira-Fluminense.webp","articleSection":["Fluminense"],"inLanguage":"pt-BR","potentialAction":[{"@type":"CommentAction","name":"Comment","target":["https:\/\/www.gaveanews.com\/index.php\/2025\/01\/31\/irritacao-da-torcida-declaracao-de-mano-menezes-e-arias-ganha-destaque-as-ultimas-noticias-do-fluminense\/#respond"]}],"copyrightYear":"2025","copyrightHolder":{"@id":"https:\/\/www.gaveanews.com\/#organization"}},{"@type":"WebPage","@id":"https:\/\/www.gaveanews.com\/index.php\/2025\/01\/31\/irritacao-da-torcida-declaracao-de-mano-menezes-e-arias-ganha-destaque-as-ultimas-noticias-do-fluminense\/","url":"https:\/\/www.gaveanews.com\/index.php\/2025\/01\/31\/irritacao-da-torcida-declaracao-de-mano-menezes-e-arias-ganha-destaque-as-ultimas-noticias-do-fluminense\/","name":"Irrita\u00e7\u00e3o da torcida, declara\u00e7\u00e3o de Mano Menezes e Arias ganha destaque: as \u00faltimas not\u00edcias do Fluminense","isPartOf":{"@id":"https:\/\/www.gaveanews.com\/#website"},"primaryImageOfPage":{"@id":"https:\/\/www.gaveanews.com\/index.php\/2025\/01\/31\/irritacao-da-torcida-declaracao-de-mano-menezes-e-arias-ganha-destaque-as-ultimas-noticias-do-fluminense\/#primaryimage"},"image":{"@id":"https:\/\/www.gaveanews.com\/index.php\/2025\/01\/31\/irritacao-da-torcida-declaracao-de-mano-menezes-e-arias-ganha-destaque-as-ultimas-noticias-do-fluminense\/#primaryimage"},"thumbnailUrl":"https:\/\/www.gaveanews.com\/wp-content\/uploads\/Bandeira-Fluminense.webp","datePublished":"2025-01-31T21:30:00+00:00","author":{"@id":"https:\/\/www.gaveanews.com\/#\/schema\/person\/8207cd4627f56151707418bfc835b2fb"},"breadcrumb":{"@id":"https:\/\/www.gaveanews.com\/index.php\/2025\/01\/31\/irritacao-da-torcida-declaracao-de-mano-menezes-e-arias-ganha-destaque-as-ultimas-noticias-do-fluminense\/#breadcrumb"},"inLanguage":"pt-BR","potentialAction":[{"@type":"ReadAction","target":["https:\/\/www.gaveanews.com\/index.php\/2025\/01\/31\/irritacao-da-torcida-declaracao-de-mano-menezes-e-arias-ganha-destaque-as-ultimas-noticias-do-fluminense\/"]}]},{"@type":"ImageObject","inLanguage":"pt-BR","@id":"https:\/\/www.gaveanews.com\/index.php\/2025\/01\/31\/irritacao-da-torcida-declaracao-de-mano-menezes-e-arias-ganha-destaque-as-ultimas-noticias-do-fluminense\/#primaryimage","url":"https:\/\/www.gaveanews.com\/wp-content\/uploads\/Bandeira-Fluminense.webp","contentUrl":"https:\/\/www.gaveanews.com\/wp-content\/uploads\/Bandeira-Fluminense.webp","width":700,"height":438,"caption":"Bandeira Fluminense"},{"@type":"BreadcrumbList","@id":"https:\/\/www.gaveanews.com\/index.php\/2025\/01\/31\/irritacao-da-torcida-declaracao-de-mano-menezes-e-arias-ganha-destaque-as-ultimas-noticias-do-fluminense\/#breadcrumb","itemListElement":[{"@type":"ListItem","position":1,"name":"Home","item":"https:\/\/www.gaveanews.com\/"},{"@type":"ListItem","position":2,"name":"Irrita\u00e7\u00e3o da torcida, declara\u00e7\u00e3o de Mano Menezes e Arias ganha destaque: as \u00faltimas not\u00edcias do Fluminense"}]},{"@type":"WebSite","@id":"https:\/\/www.gaveanews.com\/#website","url":"https:\/\/www.gaveanews.com\/","name":"G\u00e1vea News","description":"Veja todas as not\u00edcias sobre o Flamengo: Contrata\u00e7\u00f5es, categorias de base, resultados das partidas, tabela de classifica\u00e7\u00e3o, pr\u00f3ximos jogos!","potentialAction":[{"@type":"SearchAction","target":{"@type":"EntryPoint","urlTemplate":"https:\/\/www.gaveanews.com\/?s={search_term_string}"},"query-input":{"@type":"PropertyValueSpecification","valueRequired":true,"valueName":"search_term_string"}}],"inLanguage":"pt-BR"},{"@type":"Person","@id":"https:\/\/www.gaveanews.com\/#\/schema\/person\/8207cd4627f56151707418bfc835b2fb","name":"Matheus Felipe","image":{"@type":"ImageObject","inLanguage":"pt-BR","@id":"https:\/\/www.gaveanews.com\/#\/schema\/person\/image\/","url":"https:\/\/secure.gravatar.com\/avatar\/a452ffbed9130f726358b298bb3a99ce4bd3c5338411f8440e87e14d74c7c087?s=96&d=mm&r=g","contentUrl":"https:\/\/secure.gravatar.com\/avatar\/a452ffbed9130f726358b298bb3a99ce4bd3c5338411f8440e87e14d74c7c087?s=96&d=mm&r=g","caption":"Matheus Felipe"}}]}},"_links":{"self":[{"href":"https:\/\/www.gaveanews.com\/index.php\/wp-json\/wp\/v2\/posts\/221371","targetHints":{"allow":["GET"]}}],"collection":[{"href":"https:\/\/www.gaveanews.com\/index.php\/wp-json\/wp\/v2\/posts"}],"about":[{"href":"https:\/\/www.gaveanews.com\/index.php\/wp-json\/wp\/v2\/types\/post"}],"author":[{"embeddable":true,"href":"https:\/\/www.gaveanews.com\/index.php\/wp-json\/wp\/v2\/users\/27"}],"replies":[{"embeddable":true,"href":"https:\/\/www.gaveanews.com\/index.php\/wp-json\/wp\/v2\/comments?post=221371"}],"version-history":[{"count":1,"href":"https:\/\/www.gaveanews.com\/index.php\/wp-json\/wp\/v2\/posts\/221371\/revisions"}],"predecessor-version":[{"id":221374,"href":"https:\/\/www.gaveanews.com\/index.php\/wp-json\/wp\/v2\/posts\/221371\/revisions\/221374"}],"wp:featuredmedia":[{"embeddable":true,"href":"https:\/\/www.gaveanews.com\/index.php\/wp-json\/wp\/v2\/media\/139474"}],"wp:attachment":[{"href":"https:\/\/www.gaveanews.com\/index.php\/wp-json\/wp\/v2\/media?parent=221371"}],"wp:term":[{"taxonomy":"category","embeddable":true,"href":"https:\/\/www.gaveanews.com\/index.php\/wp-json\/wp\/v2\/categories?post=221371"},{"taxonomy":"post_tag","embeddable":true,"href":"https:\/\/www.gaveanews.com\/index.php\/wp-json\/wp\/v2\/tags?post=221371"}],"curies":[{"name":"wp","href":"https:\/\/api.w.org\/{rel}","templated":true}]}}