{"id":221375,"date":"2025-01-31T18:35:00","date_gmt":"2025-01-31T21:35:00","guid":{"rendered":"https:\/\/www.gaveanews.com\/?p=221375"},"modified":"2025-01-31T17:41:21","modified_gmt":"2025-01-31T20:41:21","slug":"declaracao-de-lucas-moura-recado-para-thiago-silva-e-arnaldo-ribeiro-sobre-calleri-as-ultimas-noticias-do-sao-paulo","status":"publish","type":"post","link":"https:\/\/www.gaveanews.com\/index.php\/2025\/01\/31\/declaracao-de-lucas-moura-recado-para-thiago-silva-e-arnaldo-ribeiro-sobre-calleri-as-ultimas-noticias-do-sao-paulo\/","title":{"rendered":"Declara\u00e7\u00e3o de Lucas Moura, recado para Thiago Silva e Arnaldo Ribeiro sobre Calleri: as \u00faltimas not\u00edcias do S\u00e3o Paulo"},"content":{"rendered":"\n<p>Nas \u00faltimas horas, o foco das not\u00edcias sobre o S\u00e3o Paulo se concentram nos bastidores do<br>clube, com destaques do dia a dia do time.<\/p>\n\n\n\n<p>Por conta deste contexto, leia abaixo um resumo preparado pela equipe do portal G\u00e1vea News para lhe manter muito bem informado!<\/p>\n\n\n\n<h2 class=\"wp-block-heading\" id=\"h-arnaldo-ribeiro-sobre-calleri\">Arnaldo Ribeiro sobre Calleri<\/h2>\n\n\n\n<p>O jornalista Arnaldo Ribeiro elogiou a ascens\u00e3o de Ryan Francisco no S\u00e3o Paulo, mas alertou que ainda \u00e9 cedo para compar\u00e1-lo a Calleri. O jovem atacante, destaque na conquista da Copinha de 2025, tem gerado grande empolga\u00e7\u00e3o entre os torcedores, mas Ribeiro defende que seu desenvolvimento precisa ser acompanhado com cautela antes de coloc\u00e1-lo no mesmo n\u00edvel do centroavante argentino <strong><a href=\"https:\/\/www.gaveanews.com\/index.php\/2025\/01\/29\/a-declaracao-de-arnaldo-ribeiro-direcionada-a-ryan-francisco-e-calleri-do-sao-paulo\/\">(leia a mat\u00e9ria completa).<\/a><\/strong><\/p>\n\n\n\n<figure class=\"wp-block-image size-large\"><img loading=\"lazy\" decoding=\"async\" width=\"822\" height=\"1024\" src=\"http:\/\/www.gaveanews.com\/wp-content\/uploads\/Jonathan-Calleri-em-acao-pelo-Sao-Paulo-822x1024.webp\" alt=\"\" class=\"wp-image-148324\" srcset=\"https:\/\/www.gaveanews.com\/wp-content\/uploads\/Jonathan-Calleri-em-acao-pelo-Sao-Paulo-822x1024.webp 822w, https:\/\/www.gaveanews.com\/wp-content\/uploads\/Jonathan-Calleri-em-acao-pelo-Sao-Paulo-241x300.webp 241w, https:\/\/www.gaveanews.com\/wp-content\/uploads\/Jonathan-Calleri-em-acao-pelo-Sao-Paulo-768x957.webp 768w, https:\/\/www.gaveanews.com\/wp-content\/uploads\/Jonathan-Calleri-em-acao-pelo-Sao-Paulo-337x420.webp 337w, https:\/\/www.gaveanews.com\/wp-content\/uploads\/Jonathan-Calleri-em-acao-pelo-Sao-Paulo-674x840.webp 674w, https:\/\/www.gaveanews.com\/wp-content\/uploads\/Jonathan-Calleri-em-acao-pelo-Sao-Paulo-640x798.webp 640w, https:\/\/www.gaveanews.com\/wp-content\/uploads\/Jonathan-Calleri-em-acao-pelo-Sao-Paulo-681x849.webp 681w, https:\/\/www.gaveanews.com\/wp-content\/uploads\/Jonathan-Calleri-em-acao-pelo-Sao-Paulo-100x125.webp 100w, https:\/\/www.gaveanews.com\/wp-content\/uploads\/Jonathan-Calleri-em-acao-pelo-Sao-Paulo.webp 1080w\" sizes=\"auto, (max-width: 822px) 100vw, 822px\" \/><figcaption class=\"wp-element-caption\">Jonathan Calleri em a\u00e7\u00e3o pelo S\u00e3o Paulo (Foto: Reprodu\u00e7\u00e3o\/Instagram)<\/figcaption><\/figure>\n\n\n\n<p>A boa fase de Ryan Francisco levou o t\u00e9cnico Luis Zubeld\u00eda a promov\u00ea-lo ao elenco profissional. Inicialmente, a diretoria do S\u00e3o Paulo planejava que o atacante passasse por um per\u00edodo maior de amadurecimento nas categorias de base, mas seu desempenho excepcional acelerou o processo. <\/p>\n\n\n\n<p>Com isso, o clube suspendeu a busca por um terceiro centroavante e decidiu dar ao jovem a chance de ganhar espa\u00e7o no time principal.<\/p>\n\n\n\n<p>Al\u00e9m de Ryan, outros destaques da base, como Maik e Allan Barcelos, tamb\u00e9m chamaram a aten\u00e7\u00e3o, mas apenas o artilheiro da Copinha foi integrado ao time profissional at\u00e9 o momento. A expectativa agora \u00e9 ver se ele conseguir\u00e1 aproveitar as oportunidades e se firmar como pe\u00e7a importante no S\u00e3o Paulo ao longo da temporada.<\/p>\n\n\n\n<h2 class=\"wp-block-heading\" id=\"h-recado-para-thiago-silva\">Recado para Thiago Silva<\/h2>\n\n\n\n<p>O atacante Lucas Moura, do S\u00e3o Paulo, revelou quais zagueiros considera mais dif\u00edceis de enfrentar no futebol brasileiro atualmente. Em entrevista ao influenciador Matheus Gonze, ele apontou Thiago Silva (Fluminense), Murilo (Palmeiras) e Fabr\u00edcio Bruno (Cruzeiro) como os defensores que mais lhe deram trabalho recentemente. &#8220;Thiago Silva, Murilo e Fabr\u00edcio Bruno, que \u00e9 muito r\u00e1pido&#8221;, destacou o jogador <strong><a href=\"https:\/\/www.gaveanews.com\/index.php\/2025\/01\/29\/a-declaracao-de-lucas-moura-do-sao-paulo-direcionada-a-thiago-silva-murilo-e-fabricio-bruno\/\">(leia a mat\u00e9ria completa).<\/a><\/strong><\/p>\n\n\n\n<figure class=\"wp-block-image size-large\"><img loading=\"lazy\" decoding=\"async\" width=\"819\" height=\"1024\" src=\"http:\/\/www.gaveanews.com\/wp-content\/uploads\/Thiago-Silva-durante-o-jogo-entre-Fluminense-x-Palmeiras-pelo-Brasileirao-2024-no-Maracana-819x1024.webp\" alt=\"\" class=\"wp-image-154491\" srcset=\"https:\/\/www.gaveanews.com\/wp-content\/uploads\/Thiago-Silva-durante-o-jogo-entre-Fluminense-x-Palmeiras-pelo-Brasileirao-2024-no-Maracana-819x1024.webp 819w, https:\/\/www.gaveanews.com\/wp-content\/uploads\/Thiago-Silva-durante-o-jogo-entre-Fluminense-x-Palmeiras-pelo-Brasileirao-2024-no-Maracana-240x300.webp 240w, https:\/\/www.gaveanews.com\/wp-content\/uploads\/Thiago-Silva-durante-o-jogo-entre-Fluminense-x-Palmeiras-pelo-Brasileirao-2024-no-Maracana-768x960.webp 768w, https:\/\/www.gaveanews.com\/wp-content\/uploads\/Thiago-Silva-durante-o-jogo-entre-Fluminense-x-Palmeiras-pelo-Brasileirao-2024-no-Maracana-1229x1536.webp 1229w, https:\/\/www.gaveanews.com\/wp-content\/uploads\/Thiago-Silva-durante-o-jogo-entre-Fluminense-x-Palmeiras-pelo-Brasileirao-2024-no-Maracana-336x420.webp 336w, https:\/\/www.gaveanews.com\/wp-content\/uploads\/Thiago-Silva-durante-o-jogo-entre-Fluminense-x-Palmeiras-pelo-Brasileirao-2024-no-Maracana-672x840.webp 672w, https:\/\/www.gaveanews.com\/wp-content\/uploads\/Thiago-Silva-durante-o-jogo-entre-Fluminense-x-Palmeiras-pelo-Brasileirao-2024-no-Maracana-640x800.webp 640w, https:\/\/www.gaveanews.com\/wp-content\/uploads\/Thiago-Silva-durante-o-jogo-entre-Fluminense-x-Palmeiras-pelo-Brasileirao-2024-no-Maracana-681x851.webp 681w, https:\/\/www.gaveanews.com\/wp-content\/uploads\/Thiago-Silva-durante-o-jogo-entre-Fluminense-x-Palmeiras-pelo-Brasileirao-2024-no-Maracana-100x125.webp 100w, https:\/\/www.gaveanews.com\/wp-content\/uploads\/Thiago-Silva-durante-o-jogo-entre-Fluminense-x-Palmeiras-pelo-Brasileirao-2024-no-Maracana.webp 1280w\" sizes=\"auto, (max-width: 819px) 100vw, 819px\" \/><figcaption class=\"wp-element-caption\">Thiago Silva durante o jogo entre Fluminense x Palmeiras pelo Brasileir\u00e3o 2024 no Maracan\u00e3 (Foto: Lucas Mer\u00e7on\/Fluminense)\n<\/figcaption><\/figure>\n\n\n\n<p>Apesar dos elogios de Lucas Moura, os tr\u00eas zagueiros vivem momentos distintos na temporada. Thiago Silva desabafou recentemente sobre a press\u00e3o da torcida do Fluminense e as dificuldades impostas pelo calend\u00e1rio apertado do futebol brasileiro. Fabr\u00edcio Bruno, por sua vez, trocou o Flamengo pelo Cruzeiro, mas teve um in\u00edcio inst\u00e1vel na nova equipe, falhando nos dois primeiros jogos. J\u00e1 Murilo mant\u00e9m prest\u00edgio com os torcedores palmeirenses, mas sente o impacto do momento irregular do time, que n\u00e3o vence h\u00e1 dois jogos e tem o t\u00e9cnico Abel Ferreira pressionado.<\/p>\n\n\n\n<p>Al\u00e9m de comentar sobre os zagueiros mais dif\u00edceis que enfrentou, Lucas Moura tamb\u00e9m falou sobre outros grandes nomes do futebol. Ele apontou Lionel Messi como o melhor jogador que j\u00e1 viu, elogiou Thiago Motta como o atleta mais talentoso com quem atuou e citou Alisson (Liverpool) e Vinicius J\u00fanior (Real Madrid) entre os grandes nomes da atualidade.<\/p>\n\n\n\n<h2 class=\"wp-block-heading\" id=\"h-declaracao-de-lucas-moura\">Declara\u00e7\u00e3o de Lucas Moura<\/h2>\n\n\n\n<p>Lucas Moura surpreendeu ao afirmar que Thiago Motta foi o melhor jogador com quem atuou, superando at\u00e9 Neymar. Em entrevista ao criador de conte\u00fado Matheus Gonze, o meia do S\u00e3o Paulo destacou a intelig\u00eancia t\u00e1tica e a qualidade do \u00edtalo-brasileiro, com quem jogou no Paris Saint-Germain entre 2012 e 2017. Segundo Lucas, Motta teve um impacto irrevers\u00edvel em sua carreira e foi um verdadeiro &#8220;fen\u00f4meno&#8221; dentro de campo <strong><a href=\"https:\/\/www.gaveanews.com\/index.php\/2025\/01\/29\/sao-paulo-a-declaracao-de-lucas-moura-envolvendo-neymar-e-thiago-motta\/\">(leia a mat\u00e9ria completa).<\/a><\/strong><\/p>\n\n\n\n<figure class=\"wp-block-image size-large\"><img loading=\"lazy\" decoding=\"async\" width=\"820\" height=\"1024\" src=\"http:\/\/www.gaveanews.com\/wp-content\/uploads\/Lucas-Moura-corre-e-vibra-apos-marcar-um-gol-pelo-Sao-Paulo-no-estadio-do-Morumbi-820x1024.webp\" alt=\"\" class=\"wp-image-157849\" srcset=\"https:\/\/www.gaveanews.com\/wp-content\/uploads\/Lucas-Moura-corre-e-vibra-apos-marcar-um-gol-pelo-Sao-Paulo-no-estadio-do-Morumbi-820x1024.webp 820w, https:\/\/www.gaveanews.com\/wp-content\/uploads\/Lucas-Moura-corre-e-vibra-apos-marcar-um-gol-pelo-Sao-Paulo-no-estadio-do-Morumbi-240x300.webp 240w, https:\/\/www.gaveanews.com\/wp-content\/uploads\/Lucas-Moura-corre-e-vibra-apos-marcar-um-gol-pelo-Sao-Paulo-no-estadio-do-Morumbi-768x960.webp 768w, https:\/\/www.gaveanews.com\/wp-content\/uploads\/Lucas-Moura-corre-e-vibra-apos-marcar-um-gol-pelo-Sao-Paulo-no-estadio-do-Morumbi-336x420.webp 336w, https:\/\/www.gaveanews.com\/wp-content\/uploads\/Lucas-Moura-corre-e-vibra-apos-marcar-um-gol-pelo-Sao-Paulo-no-estadio-do-Morumbi-672x840.webp 672w, https:\/\/www.gaveanews.com\/wp-content\/uploads\/Lucas-Moura-corre-e-vibra-apos-marcar-um-gol-pelo-Sao-Paulo-no-estadio-do-Morumbi-640x800.webp 640w, https:\/\/www.gaveanews.com\/wp-content\/uploads\/Lucas-Moura-corre-e-vibra-apos-marcar-um-gol-pelo-Sao-Paulo-no-estadio-do-Morumbi-681x851.webp 681w, https:\/\/www.gaveanews.com\/wp-content\/uploads\/Lucas-Moura-corre-e-vibra-apos-marcar-um-gol-pelo-Sao-Paulo-no-estadio-do-Morumbi-100x125.webp 100w, https:\/\/www.gaveanews.com\/wp-content\/uploads\/Lucas-Moura-corre-e-vibra-apos-marcar-um-gol-pelo-Sao-Paulo-no-estadio-do-Morumbi.webp 1066w\" sizes=\"auto, (max-width: 820px) 100vw, 820px\" \/><figcaption class=\"wp-element-caption\">Lucas Moura corre e vibra ap\u00f3s marcar um gol pelo S\u00e3o Paulo no est\u00e1dio do Morumbi (Foto: Reprodu\u00e7\u00e3o\/Instagram)<\/figcaption><\/figure>\n\n\n\n<p>O jogador do Tricolor tamb\u00e9m ressaltou que teve poucas oportunidades de atuar ao lado de Neymar no PSG, j\u00e1 que sua sa\u00edda do clube franc\u00eas coincidiu com a chegada do camisa 10. No entanto, os dois se encontraram diversas vezes na Sele\u00e7\u00e3o Brasileira, somando 31 jogos juntos entre 2011 e 2018.<\/p>\n\n\n\n<p>Thiago Motta, que se aposentou em 2018, iniciou sua trajet\u00f3ria como t\u00e9cnico no PSG Sub-19 e hoje comanda a Juventus, onde tem conquistado bons resultados. Seu trabalho na equipe italiana tem sido elogiado, e ele \u00e9 visto como um dos treinadores promissores da nova gera\u00e7\u00e3o do futebol europeu.<\/p>\n","protected":false},"excerpt":{"rendered":"<p>Nas \u00faltimas horas, o foco das not\u00edcias sobre o S\u00e3o Paulo se concentram nos bastidores doclube, com destaques do dia a dia do time. Por conta deste contexto, leia abaixo um resumo preparado pela equipe do portal G\u00e1vea News para lhe manter muito bem informado! Arnaldo Ribeiro sobre Calleri O jornalista Arnaldo Ribeiro elogiou a [&hellip;]<\/p>\n","protected":false},"author":27,"featured_media":155630,"comment_status":"open","ping_status":"closed","sticky":false,"template":"","format":"standard","meta":{"footnotes":""},"categories":[151],"tags":[],"class_list":["post-221375","post","type-post","status-publish","format-standard","has-post-thumbnail","hentry","category-sao-paulo"],"yoast_head":"<!-- This site is optimized with the Yoast SEO Premium plugin v24.2 (Yoast SEO v26.9) - https:\/\/yoast.com\/product\/yoast-seo-premium-wordpress\/ -->\n<title>Declara\u00e7\u00e3o de Lucas Moura, recado para Thiago Silva e Arnaldo Ribeiro sobre Calleri: as \u00faltimas not\u00edcias do S\u00e3o Paulo<\/title>\n<meta name=\"robots\" content=\"index, follow, max-snippet:-1, max-image-preview:large, max-video-preview:-1\" \/>\n<link rel=\"canonical\" href=\"https:\/\/www.gaveanews.com\/index.php\/2025\/01\/31\/declaracao-de-lucas-moura-recado-para-thiago-silva-e-arnaldo-ribeiro-sobre-calleri-as-ultimas-noticias-do-sao-paulo\/\" \/>\n<meta property=\"og:locale\" content=\"pt_BR\" \/>\n<meta property=\"og:type\" content=\"article\" \/>\n<meta property=\"og:title\" content=\"Declara\u00e7\u00e3o de Lucas Moura, recado para Thiago Silva e Arnaldo Ribeiro sobre Calleri: as \u00faltimas not\u00edcias do S\u00e3o Paulo\" \/>\n<meta property=\"og:description\" content=\"Nas \u00faltimas horas, o foco das not\u00edcias sobre o S\u00e3o Paulo se concentram nos bastidores doclube, com destaques do dia a dia do time. Por conta deste contexto, leia abaixo um resumo preparado pela equipe do portal G\u00e1vea News para lhe manter muito bem informado! Arnaldo Ribeiro sobre Calleri O jornalista Arnaldo Ribeiro elogiou a [&hellip;]\" \/>\n<meta property=\"og:url\" content=\"https:\/\/www.gaveanews.com\/index.php\/2025\/01\/31\/declaracao-de-lucas-moura-recado-para-thiago-silva-e-arnaldo-ribeiro-sobre-calleri-as-ultimas-noticias-do-sao-paulo\/\" \/>\n<meta property=\"og:site_name\" content=\"G\u00e1vea News\" \/>\n<meta property=\"article:publisher\" content=\"https:\/\/facebook.com\/gaveaNews\/\" \/>\n<meta property=\"article:published_time\" content=\"2025-01-31T21:35:00+00:00\" \/>\n<meta property=\"og:image\" content=\"https:\/\/www.gaveanews.com\/wp-content\/uploads\/Estadio-do-MorumBis-na-final-da-Copa-do-Brasil-de-2023.webp\" \/>\n\t<meta property=\"og:image:width\" content=\"1440\" \/>\n\t<meta property=\"og:image:height\" content=\"960\" \/>\n\t<meta property=\"og:image:type\" content=\"image\/jpeg\" \/>\n<meta name=\"author\" content=\"Matheus Felipe\" \/>\n<meta name=\"twitter:card\" content=\"summary_large_image\" \/>\n<meta name=\"twitter:label1\" content=\"Escrito por\" \/>\n\t<meta name=\"twitter:data1\" content=\"Matheus Felipe\" \/>\n\t<meta name=\"twitter:label2\" content=\"Est. tempo de leitura\" \/>\n\t<meta name=\"twitter:data2\" content=\"5 minutos\" \/>\n<script type=\"application\/ld+json\" class=\"yoast-schema-graph\">{\"@context\":\"https:\/\/schema.org\",\"@graph\":[{\"@type\":\"NewsArticle\",\"@id\":\"https:\/\/www.gaveanews.com\/index.php\/2025\/01\/31\/declaracao-de-lucas-moura-recado-para-thiago-silva-e-arnaldo-ribeiro-sobre-calleri-as-ultimas-noticias-do-sao-paulo\/#article\",\"isPartOf\":{\"@id\":\"https:\/\/www.gaveanews.com\/index.php\/2025\/01\/31\/declaracao-de-lucas-moura-recado-para-thiago-silva-e-arnaldo-ribeiro-sobre-calleri-as-ultimas-noticias-do-sao-paulo\/\"},\"author\":{\"name\":\"Matheus Felipe\",\"@id\":\"https:\/\/www.gaveanews.com\/#\/schema\/person\/8207cd4627f56151707418bfc835b2fb\"},\"headline\":\"Declara\u00e7\u00e3o de Lucas Moura, recado para Thiago Silva e Arnaldo Ribeiro sobre Calleri: as \u00faltimas not\u00edcias do S\u00e3o Paulo\",\"datePublished\":\"2025-01-31T21:35:00+00:00\",\"mainEntityOfPage\":{\"@id\":\"https:\/\/www.gaveanews.com\/index.php\/2025\/01\/31\/declaracao-de-lucas-moura-recado-para-thiago-silva-e-arnaldo-ribeiro-sobre-calleri-as-ultimas-noticias-do-sao-paulo\/\"},\"wordCount\":742,\"commentCount\":0,\"image\":{\"@id\":\"https:\/\/www.gaveanews.com\/index.php\/2025\/01\/31\/declaracao-de-lucas-moura-recado-para-thiago-silva-e-arnaldo-ribeiro-sobre-calleri-as-ultimas-noticias-do-sao-paulo\/#primaryimage\"},\"thumbnailUrl\":\"https:\/\/www.gaveanews.com\/wp-content\/uploads\/Estadio-do-MorumBis-na-final-da-Copa-do-Brasil-de-2023.webp\",\"articleSection\":[\"S\u00e3o Paulo\"],\"inLanguage\":\"pt-BR\",\"potentialAction\":[{\"@type\":\"CommentAction\",\"name\":\"Comment\",\"target\":[\"https:\/\/www.gaveanews.com\/index.php\/2025\/01\/31\/declaracao-de-lucas-moura-recado-para-thiago-silva-e-arnaldo-ribeiro-sobre-calleri-as-ultimas-noticias-do-sao-paulo\/#respond\"]}],\"copyrightYear\":\"2025\",\"copyrightHolder\":{\"@id\":\"https:\/\/www.gaveanews.com\/#organization\"}},{\"@type\":\"WebPage\",\"@id\":\"https:\/\/www.gaveanews.com\/index.php\/2025\/01\/31\/declaracao-de-lucas-moura-recado-para-thiago-silva-e-arnaldo-ribeiro-sobre-calleri-as-ultimas-noticias-do-sao-paulo\/\",\"url\":\"https:\/\/www.gaveanews.com\/index.php\/2025\/01\/31\/declaracao-de-lucas-moura-recado-para-thiago-silva-e-arnaldo-ribeiro-sobre-calleri-as-ultimas-noticias-do-sao-paulo\/\",\"name\":\"Declara\u00e7\u00e3o de Lucas Moura, recado para Thiago Silva e Arnaldo Ribeiro sobre Calleri: as \u00faltimas not\u00edcias do S\u00e3o Paulo\",\"isPartOf\":{\"@id\":\"https:\/\/www.gaveanews.com\/#website\"},\"primaryImageOfPage\":{\"@id\":\"https:\/\/www.gaveanews.com\/index.php\/2025\/01\/31\/declaracao-de-lucas-moura-recado-para-thiago-silva-e-arnaldo-ribeiro-sobre-calleri-as-ultimas-noticias-do-sao-paulo\/#primaryimage\"},\"image\":{\"@id\":\"https:\/\/www.gaveanews.com\/index.php\/2025\/01\/31\/declaracao-de-lucas-moura-recado-para-thiago-silva-e-arnaldo-ribeiro-sobre-calleri-as-ultimas-noticias-do-sao-paulo\/#primaryimage\"},\"thumbnailUrl\":\"https:\/\/www.gaveanews.com\/wp-content\/uploads\/Estadio-do-MorumBis-na-final-da-Copa-do-Brasil-de-2023.webp\",\"datePublished\":\"2025-01-31T21:35:00+00:00\",\"author\":{\"@id\":\"https:\/\/www.gaveanews.com\/#\/schema\/person\/8207cd4627f56151707418bfc835b2fb\"},\"breadcrumb\":{\"@id\":\"https:\/\/www.gaveanews.com\/index.php\/2025\/01\/31\/declaracao-de-lucas-moura-recado-para-thiago-silva-e-arnaldo-ribeiro-sobre-calleri-as-ultimas-noticias-do-sao-paulo\/#breadcrumb\"},\"inLanguage\":\"pt-BR\",\"potentialAction\":[{\"@type\":\"ReadAction\",\"target\":[\"https:\/\/www.gaveanews.com\/index.php\/2025\/01\/31\/declaracao-de-lucas-moura-recado-para-thiago-silva-e-arnaldo-ribeiro-sobre-calleri-as-ultimas-noticias-do-sao-paulo\/\"]}]},{\"@type\":\"ImageObject\",\"inLanguage\":\"pt-BR\",\"@id\":\"https:\/\/www.gaveanews.com\/index.php\/2025\/01\/31\/declaracao-de-lucas-moura-recado-para-thiago-silva-e-arnaldo-ribeiro-sobre-calleri-as-ultimas-noticias-do-sao-paulo\/#primaryimage\",\"url\":\"https:\/\/www.gaveanews.com\/wp-content\/uploads\/Estadio-do-MorumBis-na-final-da-Copa-do-Brasil-de-2023.webp\",\"contentUrl\":\"https:\/\/www.gaveanews.com\/wp-content\/uploads\/Estadio-do-MorumBis-na-final-da-Copa-do-Brasil-de-2023.webp\",\"width\":1440,\"height\":960,\"caption\":\"Est\u00e1dio do MorumBis na final da Copa do Brasil de 2023 (Foto: Reprodu\u00e7\u00e3o\/S\u00e3o Paulo)\"},{\"@type\":\"BreadcrumbList\",\"@id\":\"https:\/\/www.gaveanews.com\/index.php\/2025\/01\/31\/declaracao-de-lucas-moura-recado-para-thiago-silva-e-arnaldo-ribeiro-sobre-calleri-as-ultimas-noticias-do-sao-paulo\/#breadcrumb\",\"itemListElement\":[{\"@type\":\"ListItem\",\"position\":1,\"name\":\"Home\",\"item\":\"https:\/\/www.gaveanews.com\/\"},{\"@type\":\"ListItem\",\"position\":2,\"name\":\"Declara\u00e7\u00e3o de Lucas Moura, recado para Thiago Silva e Arnaldo Ribeiro sobre Calleri: as \u00faltimas not\u00edcias do S\u00e3o Paulo\"}]},{\"@type\":\"WebSite\",\"@id\":\"https:\/\/www.gaveanews.com\/#website\",\"url\":\"https:\/\/www.gaveanews.com\/\",\"name\":\"G\u00e1vea News\",\"description\":\"Veja todas as not\u00edcias sobre o Flamengo: Contrata\u00e7\u00f5es, categorias de base, resultados das partidas, tabela de classifica\u00e7\u00e3o, pr\u00f3ximos jogos!\",\"potentialAction\":[{\"@type\":\"SearchAction\",\"target\":{\"@type\":\"EntryPoint\",\"urlTemplate\":\"https:\/\/www.gaveanews.com\/?s={search_term_string}\"},\"query-input\":{\"@type\":\"PropertyValueSpecification\",\"valueRequired\":true,\"valueName\":\"search_term_string\"}}],\"inLanguage\":\"pt-BR\"},{\"@type\":\"Person\",\"@id\":\"https:\/\/www.gaveanews.com\/#\/schema\/person\/8207cd4627f56151707418bfc835b2fb\",\"name\":\"Matheus Felipe\",\"image\":{\"@type\":\"ImageObject\",\"inLanguage\":\"pt-BR\",\"@id\":\"https:\/\/www.gaveanews.com\/#\/schema\/person\/image\/\",\"url\":\"https:\/\/secure.gravatar.com\/avatar\/a452ffbed9130f726358b298bb3a99ce4bd3c5338411f8440e87e14d74c7c087?s=96&d=mm&r=g\",\"contentUrl\":\"https:\/\/secure.gravatar.com\/avatar\/a452ffbed9130f726358b298bb3a99ce4bd3c5338411f8440e87e14d74c7c087?s=96&d=mm&r=g\",\"caption\":\"Matheus Felipe\"}}]}<\/script>\n<!-- \/ Yoast SEO Premium plugin. -->","yoast_head_json":{"title":"Declara\u00e7\u00e3o de Lucas Moura, recado para Thiago Silva e Arnaldo Ribeiro sobre Calleri: as \u00faltimas not\u00edcias do S\u00e3o Paulo","robots":{"index":"index","follow":"follow","max-snippet":"max-snippet:-1","max-image-preview":"max-image-preview:large","max-video-preview":"max-video-preview:-1"},"canonical":"https:\/\/www.gaveanews.com\/index.php\/2025\/01\/31\/declaracao-de-lucas-moura-recado-para-thiago-silva-e-arnaldo-ribeiro-sobre-calleri-as-ultimas-noticias-do-sao-paulo\/","og_locale":"pt_BR","og_type":"article","og_title":"Declara\u00e7\u00e3o de Lucas Moura, recado para Thiago Silva e Arnaldo Ribeiro sobre Calleri: as \u00faltimas not\u00edcias do S\u00e3o Paulo","og_description":"Nas \u00faltimas horas, o foco das not\u00edcias sobre o S\u00e3o Paulo se concentram nos bastidores doclube, com destaques do dia a dia do time. Por conta deste contexto, leia abaixo um resumo preparado pela equipe do portal G\u00e1vea News para lhe manter muito bem informado! Arnaldo Ribeiro sobre Calleri O jornalista Arnaldo Ribeiro elogiou a [&hellip;]","og_url":"https:\/\/www.gaveanews.com\/index.php\/2025\/01\/31\/declaracao-de-lucas-moura-recado-para-thiago-silva-e-arnaldo-ribeiro-sobre-calleri-as-ultimas-noticias-do-sao-paulo\/","og_site_name":"G\u00e1vea News","article_publisher":"https:\/\/facebook.com\/gaveaNews\/","article_published_time":"2025-01-31T21:35:00+00:00","og_image":[{"width":1440,"height":960,"url":"https:\/\/www.gaveanews.com\/wp-content\/uploads\/Estadio-do-MorumBis-na-final-da-Copa-do-Brasil-de-2023.webp","type":"image\/jpeg"}],"author":"Matheus Felipe","twitter_card":"summary_large_image","twitter_misc":{"Escrito por":"Matheus Felipe","Est. tempo de leitura":"5 minutos"},"schema":{"@context":"https:\/\/schema.org","@graph":[{"@type":"NewsArticle","@id":"https:\/\/www.gaveanews.com\/index.php\/2025\/01\/31\/declaracao-de-lucas-moura-recado-para-thiago-silva-e-arnaldo-ribeiro-sobre-calleri-as-ultimas-noticias-do-sao-paulo\/#article","isPartOf":{"@id":"https:\/\/www.gaveanews.com\/index.php\/2025\/01\/31\/declaracao-de-lucas-moura-recado-para-thiago-silva-e-arnaldo-ribeiro-sobre-calleri-as-ultimas-noticias-do-sao-paulo\/"},"author":{"name":"Matheus Felipe","@id":"https:\/\/www.gaveanews.com\/#\/schema\/person\/8207cd4627f56151707418bfc835b2fb"},"headline":"Declara\u00e7\u00e3o de Lucas Moura, recado para Thiago Silva e Arnaldo Ribeiro sobre Calleri: as \u00faltimas not\u00edcias do S\u00e3o Paulo","datePublished":"2025-01-31T21:35:00+00:00","mainEntityOfPage":{"@id":"https:\/\/www.gaveanews.com\/index.php\/2025\/01\/31\/declaracao-de-lucas-moura-recado-para-thiago-silva-e-arnaldo-ribeiro-sobre-calleri-as-ultimas-noticias-do-sao-paulo\/"},"wordCount":742,"commentCount":0,"image":{"@id":"https:\/\/www.gaveanews.com\/index.php\/2025\/01\/31\/declaracao-de-lucas-moura-recado-para-thiago-silva-e-arnaldo-ribeiro-sobre-calleri-as-ultimas-noticias-do-sao-paulo\/#primaryimage"},"thumbnailUrl":"https:\/\/www.gaveanews.com\/wp-content\/uploads\/Estadio-do-MorumBis-na-final-da-Copa-do-Brasil-de-2023.webp","articleSection":["S\u00e3o Paulo"],"inLanguage":"pt-BR","potentialAction":[{"@type":"CommentAction","name":"Comment","target":["https:\/\/www.gaveanews.com\/index.php\/2025\/01\/31\/declaracao-de-lucas-moura-recado-para-thiago-silva-e-arnaldo-ribeiro-sobre-calleri-as-ultimas-noticias-do-sao-paulo\/#respond"]}],"copyrightYear":"2025","copyrightHolder":{"@id":"https:\/\/www.gaveanews.com\/#organization"}},{"@type":"WebPage","@id":"https:\/\/www.gaveanews.com\/index.php\/2025\/01\/31\/declaracao-de-lucas-moura-recado-para-thiago-silva-e-arnaldo-ribeiro-sobre-calleri-as-ultimas-noticias-do-sao-paulo\/","url":"https:\/\/www.gaveanews.com\/index.php\/2025\/01\/31\/declaracao-de-lucas-moura-recado-para-thiago-silva-e-arnaldo-ribeiro-sobre-calleri-as-ultimas-noticias-do-sao-paulo\/","name":"Declara\u00e7\u00e3o de Lucas Moura, recado para Thiago Silva e Arnaldo Ribeiro sobre Calleri: as \u00faltimas not\u00edcias do S\u00e3o Paulo","isPartOf":{"@id":"https:\/\/www.gaveanews.com\/#website"},"primaryImageOfPage":{"@id":"https:\/\/www.gaveanews.com\/index.php\/2025\/01\/31\/declaracao-de-lucas-moura-recado-para-thiago-silva-e-arnaldo-ribeiro-sobre-calleri-as-ultimas-noticias-do-sao-paulo\/#primaryimage"},"image":{"@id":"https:\/\/www.gaveanews.com\/index.php\/2025\/01\/31\/declaracao-de-lucas-moura-recado-para-thiago-silva-e-arnaldo-ribeiro-sobre-calleri-as-ultimas-noticias-do-sao-paulo\/#primaryimage"},"thumbnailUrl":"https:\/\/www.gaveanews.com\/wp-content\/uploads\/Estadio-do-MorumBis-na-final-da-Copa-do-Brasil-de-2023.webp","datePublished":"2025-01-31T21:35:00+00:00","author":{"@id":"https:\/\/www.gaveanews.com\/#\/schema\/person\/8207cd4627f56151707418bfc835b2fb"},"breadcrumb":{"@id":"https:\/\/www.gaveanews.com\/index.php\/2025\/01\/31\/declaracao-de-lucas-moura-recado-para-thiago-silva-e-arnaldo-ribeiro-sobre-calleri-as-ultimas-noticias-do-sao-paulo\/#breadcrumb"},"inLanguage":"pt-BR","potentialAction":[{"@type":"ReadAction","target":["https:\/\/www.gaveanews.com\/index.php\/2025\/01\/31\/declaracao-de-lucas-moura-recado-para-thiago-silva-e-arnaldo-ribeiro-sobre-calleri-as-ultimas-noticias-do-sao-paulo\/"]}]},{"@type":"ImageObject","inLanguage":"pt-BR","@id":"https:\/\/www.gaveanews.com\/index.php\/2025\/01\/31\/declaracao-de-lucas-moura-recado-para-thiago-silva-e-arnaldo-ribeiro-sobre-calleri-as-ultimas-noticias-do-sao-paulo\/#primaryimage","url":"https:\/\/www.gaveanews.com\/wp-content\/uploads\/Estadio-do-MorumBis-na-final-da-Copa-do-Brasil-de-2023.webp","contentUrl":"https:\/\/www.gaveanews.com\/wp-content\/uploads\/Estadio-do-MorumBis-na-final-da-Copa-do-Brasil-de-2023.webp","width":1440,"height":960,"caption":"Est\u00e1dio do MorumBis na final da Copa do Brasil de 2023 (Foto: Reprodu\u00e7\u00e3o\/S\u00e3o Paulo)"},{"@type":"BreadcrumbList","@id":"https:\/\/www.gaveanews.com\/index.php\/2025\/01\/31\/declaracao-de-lucas-moura-recado-para-thiago-silva-e-arnaldo-ribeiro-sobre-calleri-as-ultimas-noticias-do-sao-paulo\/#breadcrumb","itemListElement":[{"@type":"ListItem","position":1,"name":"Home","item":"https:\/\/www.gaveanews.com\/"},{"@type":"ListItem","position":2,"name":"Declara\u00e7\u00e3o de Lucas Moura, recado para Thiago Silva e Arnaldo Ribeiro sobre Calleri: as \u00faltimas not\u00edcias do S\u00e3o Paulo"}]},{"@type":"WebSite","@id":"https:\/\/www.gaveanews.com\/#website","url":"https:\/\/www.gaveanews.com\/","name":"G\u00e1vea News","description":"Veja todas as not\u00edcias sobre o Flamengo: Contrata\u00e7\u00f5es, categorias de base, resultados das partidas, tabela de classifica\u00e7\u00e3o, pr\u00f3ximos jogos!","potentialAction":[{"@type":"SearchAction","target":{"@type":"EntryPoint","urlTemplate":"https:\/\/www.gaveanews.com\/?s={search_term_string}"},"query-input":{"@type":"PropertyValueSpecification","valueRequired":true,"valueName":"search_term_string"}}],"inLanguage":"pt-BR"},{"@type":"Person","@id":"https:\/\/www.gaveanews.com\/#\/schema\/person\/8207cd4627f56151707418bfc835b2fb","name":"Matheus Felipe","image":{"@type":"ImageObject","inLanguage":"pt-BR","@id":"https:\/\/www.gaveanews.com\/#\/schema\/person\/image\/","url":"https:\/\/secure.gravatar.com\/avatar\/a452ffbed9130f726358b298bb3a99ce4bd3c5338411f8440e87e14d74c7c087?s=96&d=mm&r=g","contentUrl":"https:\/\/secure.gravatar.com\/avatar\/a452ffbed9130f726358b298bb3a99ce4bd3c5338411f8440e87e14d74c7c087?s=96&d=mm&r=g","caption":"Matheus Felipe"}}]}},"_links":{"self":[{"href":"https:\/\/www.gaveanews.com\/index.php\/wp-json\/wp\/v2\/posts\/221375","targetHints":{"allow":["GET"]}}],"collection":[{"href":"https:\/\/www.gaveanews.com\/index.php\/wp-json\/wp\/v2\/posts"}],"about":[{"href":"https:\/\/www.gaveanews.com\/index.php\/wp-json\/wp\/v2\/types\/post"}],"author":[{"embeddable":true,"href":"https:\/\/www.gaveanews.com\/index.php\/wp-json\/wp\/v2\/users\/27"}],"replies":[{"embeddable":true,"href":"https:\/\/www.gaveanews.com\/index.php\/wp-json\/wp\/v2\/comments?post=221375"}],"version-history":[{"count":1,"href":"https:\/\/www.gaveanews.com\/index.php\/wp-json\/wp\/v2\/posts\/221375\/revisions"}],"predecessor-version":[{"id":221378,"href":"https:\/\/www.gaveanews.com\/index.php\/wp-json\/wp\/v2\/posts\/221375\/revisions\/221378"}],"wp:featuredmedia":[{"embeddable":true,"href":"https:\/\/www.gaveanews.com\/index.php\/wp-json\/wp\/v2\/media\/155630"}],"wp:attachment":[{"href":"https:\/\/www.gaveanews.com\/index.php\/wp-json\/wp\/v2\/media?parent=221375"}],"wp:term":[{"taxonomy":"category","embeddable":true,"href":"https:\/\/www.gaveanews.com\/index.php\/wp-json\/wp\/v2\/categories?post=221375"},{"taxonomy":"post_tag","embeddable":true,"href":"https:\/\/www.gaveanews.com\/index.php\/wp-json\/wp\/v2\/tags?post=221375"}],"curies":[{"name":"wp","href":"https:\/\/api.w.org\/{rel}","templated":true}]}}