{"id":221383,"date":"2025-01-31T18:40:00","date_gmt":"2025-01-31T21:40:00","guid":{"rendered":"https:\/\/www.gaveanews.com\/?p=221383"},"modified":"2025-01-31T17:48:06","modified_gmt":"2025-01-31T20:48:06","slug":"venda-de-saf-pedido-de-carille-e-recado-para-jean-david-as-ultimas-noticias-do-vasco","status":"publish","type":"post","link":"https:\/\/www.gaveanews.com\/index.php\/2025\/01\/31\/venda-de-saf-pedido-de-carille-e-recado-para-jean-david-as-ultimas-noticias-do-vasco\/","title":{"rendered":"Venda de SAF, pedido de Carille e recado para Jean David: as \u00faltimas not\u00edcias do Vasco"},"content":{"rendered":"\n<p>Nas \u00faltimas horas, o foco das not\u00edcias sobre o Vasco se concentram nos bastidores do<br>clube, com destaques do dia a dia do time.<\/p>\n\n\n\n<p>Por conta deste contexto, leia abaixo um resumo preparado pela equipe do portal G\u00e1vea News para lhe manter muito bem informado!<\/p>\n\n\n\n<h2 class=\"wp-block-heading\" id=\"h-recado-para-jean-david\">Recado para Jean David<\/h2>\n\n\n\n<p>O t\u00e9cnico F\u00e1bio Carille saiu em defesa de Jean David ap\u00f3s a vit\u00f3ria do Vasco por 1 a 0 sobre o Maric\u00e1, pelo Campeonato Carioca. O jogador tem sido alvo de cr\u00edticas da torcida, mas o treinador destacou sua qualidade e experi\u00eancia internacional. Carille afirmou que v\u00ea Jean mais como um meio-campista do que um atacante e ressaltou que a falta de entrosamento da equipe prejudicou o desempenho do setor ofensivo na partida <strong><a href=\"https:\/\/www.gaveanews.com\/index.php\/2025\/01\/30\/vasco-a-declaracao-de-fabio-carille-direcionada-a-jean-david\/\">(leia a mat\u00e9ria completa).<\/a><\/strong><\/p>\n\n\n\n<figure class=\"wp-block-image size-full\"><img loading=\"lazy\" decoding=\"async\" width=\"738\" height=\"469\" src=\"http:\/\/www.gaveanews.com\/wp-content\/uploads\/Carille-pelo-Vasco.webp\" alt=\"\" class=\"wp-image-220355\"\/><\/figure>\n\n\n\n<p>Segundo o treinador, Jean David tem um excelente controle de bola, mas n\u00e3o \u00e9 um jogador de dribles e jogadas individuais, o que pode gerar expectativas erradas por parte dos torcedores. <\/p>\n\n\n\n<p>Ele enfatizou que o atleta tem hist\u00f3ria na sele\u00e7\u00e3o chilena e no futebol mexicano, merecendo respeito. Al\u00e9m disso, destacou que a partida contra o Maric\u00e1 foi equilibrada e que o advers\u00e1rio tem feito um bom trabalho nos \u00faltimos anos.<\/p>\n\n\n\n<p>O Vasco segue invicto sob o comando de Carille, que tem mantido um esquema t\u00e1tico s\u00f3lido e competitivo. O pr\u00f3ximo desafio da equipe ser\u00e1 fundamental para consolidar a boa fase no Campeonato Carioca e continuar brigando pela lideran\u00e7a da competi\u00e7\u00e3o.<\/p>\n\n\n\n<h2 class=\"wp-block-heading\" id=\"h-pedido-de-carille\">Pedido de Carille<\/h2>\n\n\n\n<p>O t\u00e9cnico F\u00e1bio Carille solicitou a contrata\u00e7\u00e3o do atacante Lucas Braga, mas a diretoria do Vasco vetou o pedido. O jogador, de 28 anos, foi avaliado pelo clube carioca, que optou por n\u00e3o seguir adiante com a negocia\u00e7\u00e3o. Apesar disso, o Vasco segue no mercado em busca de refor\u00e7os para o setor ofensivo, considerado uma prioridade para a temporada<strong><a href=\"https:\/\/www.gaveanews.com\/index.php\/2025\/01\/30\/atacante-pedido-por-fabio-carille-e-vetado-pela-diretoria-do-vasco\/\"> (leia a mat\u00e9ria completa).<\/a><\/strong><\/p>\n\n\n\n<figure class=\"wp-block-image size-full\"><img loading=\"lazy\" decoding=\"async\" width=\"1501\" height=\"1000\" src=\"http:\/\/www.gaveanews.com\/wp-content\/uploads\/Carille-apresentado-pelo-Vasco.webp\" alt=\"Carille apresentado pelo Vasco\" class=\"wp-image-220356\"\/><figcaption class=\"wp-element-caption\">Carille apresentado pelo Vasco (Foto: Divulga\u00e7\u00e3o)<\/figcaption><\/figure>\n\n\n\n<p>Lucas Braga pertence ao Santos e foi emprestado ao Shimizu S-Pulse, do Jap\u00e3o, onde teve um bom desempenho, ajudando a equipe a conquistar o acesso \u00e0 elite do futebol japon\u00eas. Na \u00faltima temporada, disputou 38 partidas, marcou oito gols e deu uma assist\u00eancia. No entanto, desde seu retorno ao Peixe, ainda n\u00e3o conseguiu se destacar sob o comando de Pedro Caixinha.<\/p>\n\n\n\n<p>Enquanto o Vasco trabalha na busca por novas pe\u00e7as para o ataque, a equipe conquistou um bom resultado no Campeonato Carioca, assumindo a vice-lideran\u00e7a ap\u00f3s a vit\u00f3ria sobre o Maric\u00e1. O clube agora foca em fortalecer o elenco para manter o bom desempenho na competi\u00e7\u00e3o e atender \u00e0s exig\u00eancias de Carille.<\/p>\n\n\n\n<h2 class=\"wp-block-heading\" id=\"h-venda-de-saf\">Venda de SAF<\/h2>\n\n\n\n<p>O Fenway Sports Group (FSG), conglomerado que controla o Liverpool, demonstrou interesse em adquirir a SAF do Vasco da Gama. O grupo busca expandir seus investimentos para a Am\u00e9rica do Sul, e o clube carioca surge como um dos principais alvos para essa nova empreitada. As negocia\u00e7\u00f5es est\u00e3o em andamento e podem ter um desfecho positivo em breve (<strong><a href=\"https:\/\/www.gaveanews.com\/index.php\/2025\/01\/30\/dono-do-liverpool-pode-comprar-saf-de-clube-da-serie-a\/\">leia a mat\u00e9ria completa).<\/a><\/strong><\/p>\n\n\n\n<figure class=\"wp-block-image size-full\"><img loading=\"lazy\" decoding=\"async\" width=\"800\" height=\"493\" src=\"http:\/\/www.gaveanews.com\/wp-content\/uploads\/imagem_2024-01-08_183105907.webp\" alt=\"\" class=\"wp-image-120206\" srcset=\"https:\/\/www.gaveanews.com\/wp-content\/uploads\/imagem_2024-01-08_183105907.webp 800w, https:\/\/www.gaveanews.com\/wp-content\/uploads\/imagem_2024-01-08_183105907-300x185.webp 300w, https:\/\/www.gaveanews.com\/wp-content\/uploads\/imagem_2024-01-08_183105907-768x473.webp 768w, https:\/\/www.gaveanews.com\/wp-content\/uploads\/imagem_2024-01-08_183105907-682x420.webp 682w, https:\/\/www.gaveanews.com\/wp-content\/uploads\/imagem_2024-01-08_183105907-640x394.webp 640w, https:\/\/www.gaveanews.com\/wp-content\/uploads\/imagem_2024-01-08_183105907-681x420.webp 681w, https:\/\/www.gaveanews.com\/wp-content\/uploads\/imagem_2024-01-08_183105907-100x62.webp 100w\" sizes=\"auto, (max-width: 800px) 100vw, 800px\" \/><figcaption class=\"wp-element-caption\">Escudo do Liverpool (Foto: Reprodu\u00e7\u00e3o)<\/figcaption><\/figure>\n\n\n\n<p>O Vasco, avaliado em aproximadamente R$ 1,2 bilh\u00e3o, enfrenta dificuldades financeiras dentro da SAF, o que torna a proposta do FSG ainda mais atrativa. Apesar disso, ainda n\u00e3o h\u00e1 um valor definido para uma poss\u00edvel negocia\u00e7\u00e3o. Al\u00e9m do clube carioca, outros times sul-americanos tamb\u00e9m est\u00e3o sendo monitorados pelos investidores, mas o Vasco \u00e9 visto como prioridade.<\/p>\n\n\n\n<p>Por outro lado, torcedores do Liverpool t\u00eam criticado a administra\u00e7\u00e3o do FSG, alegando que o grupo n\u00e3o tem investido o suficiente na equipe inglesa. Na atual temporada, o Liverpool gastou menos de 15 milh\u00f5es de euros em refor\u00e7os, o que gerou insatisfa\u00e7\u00e3o entre os f\u00e3s. Mesmo assim, o conglomerado segue determinado a expandir sua presen\u00e7a no futebol global.<\/p>\n","protected":false},"excerpt":{"rendered":"<p>Nas \u00faltimas horas, o foco das not\u00edcias sobre o Vasco se concentram nos bastidores doclube, com destaques do dia a dia do time. Por conta deste contexto, leia abaixo um resumo preparado pela equipe do portal G\u00e1vea News para lhe manter muito bem informado! Recado para Jean David O t\u00e9cnico F\u00e1bio Carille saiu em defesa [&hellip;]<\/p>\n","protected":false},"author":27,"featured_media":147443,"comment_status":"open","ping_status":"closed","sticky":false,"template":"","format":"standard","meta":{"footnotes":""},"categories":[152],"tags":[],"class_list":["post-221383","post","type-post","status-publish","format-standard","has-post-thumbnail","hentry","category-vasco"],"yoast_head":"<!-- This site is optimized with the Yoast SEO Premium plugin v24.2 (Yoast SEO v26.9) - https:\/\/yoast.com\/product\/yoast-seo-premium-wordpress\/ -->\n<title>Venda de SAF, pedido de Carille e recado para Jean David: as \u00faltimas not\u00edcias do Vasco<\/title>\n<meta name=\"robots\" content=\"index, follow, max-snippet:-1, max-image-preview:large, max-video-preview:-1\" \/>\n<link rel=\"canonical\" href=\"https:\/\/www.gaveanews.com\/index.php\/2025\/01\/31\/venda-de-saf-pedido-de-carille-e-recado-para-jean-david-as-ultimas-noticias-do-vasco\/\" \/>\n<meta property=\"og:locale\" content=\"pt_BR\" \/>\n<meta property=\"og:type\" content=\"article\" \/>\n<meta property=\"og:title\" content=\"Venda de SAF, pedido de Carille e recado para Jean David: as \u00faltimas not\u00edcias do Vasco\" \/>\n<meta property=\"og:description\" content=\"Nas \u00faltimas horas, o foco das not\u00edcias sobre o Vasco se concentram nos bastidores doclube, com destaques do dia a dia do time. Por conta deste contexto, leia abaixo um resumo preparado pela equipe do portal G\u00e1vea News para lhe manter muito bem informado! Recado para Jean David O t\u00e9cnico F\u00e1bio Carille saiu em defesa [&hellip;]\" \/>\n<meta property=\"og:url\" content=\"https:\/\/www.gaveanews.com\/index.php\/2025\/01\/31\/venda-de-saf-pedido-de-carille-e-recado-para-jean-david-as-ultimas-noticias-do-vasco\/\" \/>\n<meta property=\"og:site_name\" content=\"G\u00e1vea News\" \/>\n<meta property=\"article:publisher\" content=\"https:\/\/facebook.com\/gaveaNews\/\" \/>\n<meta property=\"article:published_time\" content=\"2025-01-31T21:40:00+00:00\" \/>\n<meta property=\"og:image\" content=\"https:\/\/www.gaveanews.com\/wp-content\/uploads\/Camisa-do-Vasco-da-Gama.webp\" \/>\n\t<meta property=\"og:image:width\" content=\"1440\" \/>\n\t<meta property=\"og:image:height\" content=\"960\" \/>\n\t<meta property=\"og:image:type\" content=\"image\/jpeg\" \/>\n<meta name=\"author\" content=\"Matheus Felipe\" \/>\n<meta name=\"twitter:card\" content=\"summary_large_image\" \/>\n<meta name=\"twitter:label1\" content=\"Escrito por\" \/>\n\t<meta name=\"twitter:data1\" content=\"Matheus Felipe\" \/>\n\t<meta name=\"twitter:label2\" content=\"Est. tempo de leitura\" \/>\n\t<meta name=\"twitter:data2\" content=\"5 minutos\" \/>\n<script type=\"application\/ld+json\" class=\"yoast-schema-graph\">{\"@context\":\"https:\/\/schema.org\",\"@graph\":[{\"@type\":\"NewsArticle\",\"@id\":\"https:\/\/www.gaveanews.com\/index.php\/2025\/01\/31\/venda-de-saf-pedido-de-carille-e-recado-para-jean-david-as-ultimas-noticias-do-vasco\/#article\",\"isPartOf\":{\"@id\":\"https:\/\/www.gaveanews.com\/index.php\/2025\/01\/31\/venda-de-saf-pedido-de-carille-e-recado-para-jean-david-as-ultimas-noticias-do-vasco\/\"},\"author\":{\"name\":\"Matheus Felipe\",\"@id\":\"https:\/\/www.gaveanews.com\/#\/schema\/person\/8207cd4627f56151707418bfc835b2fb\"},\"headline\":\"Venda de SAF, pedido de Carille e recado para Jean David: as \u00faltimas not\u00edcias do Vasco\",\"datePublished\":\"2025-01-31T21:40:00+00:00\",\"mainEntityOfPage\":{\"@id\":\"https:\/\/www.gaveanews.com\/index.php\/2025\/01\/31\/venda-de-saf-pedido-de-carille-e-recado-para-jean-david-as-ultimas-noticias-do-vasco\/\"},\"wordCount\":668,\"commentCount\":0,\"image\":{\"@id\":\"https:\/\/www.gaveanews.com\/index.php\/2025\/01\/31\/venda-de-saf-pedido-de-carille-e-recado-para-jean-david-as-ultimas-noticias-do-vasco\/#primaryimage\"},\"thumbnailUrl\":\"https:\/\/www.gaveanews.com\/wp-content\/uploads\/Camisa-do-Vasco-da-Gama.webp\",\"articleSection\":[\"Vasco\"],\"inLanguage\":\"pt-BR\",\"potentialAction\":[{\"@type\":\"CommentAction\",\"name\":\"Comment\",\"target\":[\"https:\/\/www.gaveanews.com\/index.php\/2025\/01\/31\/venda-de-saf-pedido-de-carille-e-recado-para-jean-david-as-ultimas-noticias-do-vasco\/#respond\"]}],\"copyrightYear\":\"2025\",\"copyrightHolder\":{\"@id\":\"https:\/\/www.gaveanews.com\/#organization\"}},{\"@type\":\"WebPage\",\"@id\":\"https:\/\/www.gaveanews.com\/index.php\/2025\/01\/31\/venda-de-saf-pedido-de-carille-e-recado-para-jean-david-as-ultimas-noticias-do-vasco\/\",\"url\":\"https:\/\/www.gaveanews.com\/index.php\/2025\/01\/31\/venda-de-saf-pedido-de-carille-e-recado-para-jean-david-as-ultimas-noticias-do-vasco\/\",\"name\":\"Venda de SAF, pedido de Carille e recado para Jean David: as \u00faltimas not\u00edcias do Vasco\",\"isPartOf\":{\"@id\":\"https:\/\/www.gaveanews.com\/#website\"},\"primaryImageOfPage\":{\"@id\":\"https:\/\/www.gaveanews.com\/index.php\/2025\/01\/31\/venda-de-saf-pedido-de-carille-e-recado-para-jean-david-as-ultimas-noticias-do-vasco\/#primaryimage\"},\"image\":{\"@id\":\"https:\/\/www.gaveanews.com\/index.php\/2025\/01\/31\/venda-de-saf-pedido-de-carille-e-recado-para-jean-david-as-ultimas-noticias-do-vasco\/#primaryimage\"},\"thumbnailUrl\":\"https:\/\/www.gaveanews.com\/wp-content\/uploads\/Camisa-do-Vasco-da-Gama.webp\",\"datePublished\":\"2025-01-31T21:40:00+00:00\",\"author\":{\"@id\":\"https:\/\/www.gaveanews.com\/#\/schema\/person\/8207cd4627f56151707418bfc835b2fb\"},\"breadcrumb\":{\"@id\":\"https:\/\/www.gaveanews.com\/index.php\/2025\/01\/31\/venda-de-saf-pedido-de-carille-e-recado-para-jean-david-as-ultimas-noticias-do-vasco\/#breadcrumb\"},\"inLanguage\":\"pt-BR\",\"potentialAction\":[{\"@type\":\"ReadAction\",\"target\":[\"https:\/\/www.gaveanews.com\/index.php\/2025\/01\/31\/venda-de-saf-pedido-de-carille-e-recado-para-jean-david-as-ultimas-noticias-do-vasco\/\"]}]},{\"@type\":\"ImageObject\",\"inLanguage\":\"pt-BR\",\"@id\":\"https:\/\/www.gaveanews.com\/index.php\/2025\/01\/31\/venda-de-saf-pedido-de-carille-e-recado-para-jean-david-as-ultimas-noticias-do-vasco\/#primaryimage\",\"url\":\"https:\/\/www.gaveanews.com\/wp-content\/uploads\/Camisa-do-Vasco-da-Gama.webp\",\"contentUrl\":\"https:\/\/www.gaveanews.com\/wp-content\/uploads\/Camisa-do-Vasco-da-Gama.webp\",\"width\":1440,\"height\":960,\"caption\":\"Camisa do Vasco da Gama (Foto: Reprodu\u00e7\u00e3o\/Instagram)\"},{\"@type\":\"BreadcrumbList\",\"@id\":\"https:\/\/www.gaveanews.com\/index.php\/2025\/01\/31\/venda-de-saf-pedido-de-carille-e-recado-para-jean-david-as-ultimas-noticias-do-vasco\/#breadcrumb\",\"itemListElement\":[{\"@type\":\"ListItem\",\"position\":1,\"name\":\"Home\",\"item\":\"https:\/\/www.gaveanews.com\/\"},{\"@type\":\"ListItem\",\"position\":2,\"name\":\"Venda de SAF, pedido de Carille e recado para Jean David: as \u00faltimas not\u00edcias do Vasco\"}]},{\"@type\":\"WebSite\",\"@id\":\"https:\/\/www.gaveanews.com\/#website\",\"url\":\"https:\/\/www.gaveanews.com\/\",\"name\":\"G\u00e1vea News\",\"description\":\"Veja todas as not\u00edcias sobre o Flamengo: Contrata\u00e7\u00f5es, categorias de base, resultados das partidas, tabela de classifica\u00e7\u00e3o, pr\u00f3ximos jogos!\",\"potentialAction\":[{\"@type\":\"SearchAction\",\"target\":{\"@type\":\"EntryPoint\",\"urlTemplate\":\"https:\/\/www.gaveanews.com\/?s={search_term_string}\"},\"query-input\":{\"@type\":\"PropertyValueSpecification\",\"valueRequired\":true,\"valueName\":\"search_term_string\"}}],\"inLanguage\":\"pt-BR\"},{\"@type\":\"Person\",\"@id\":\"https:\/\/www.gaveanews.com\/#\/schema\/person\/8207cd4627f56151707418bfc835b2fb\",\"name\":\"Matheus Felipe\",\"image\":{\"@type\":\"ImageObject\",\"inLanguage\":\"pt-BR\",\"@id\":\"https:\/\/www.gaveanews.com\/#\/schema\/person\/image\/\",\"url\":\"https:\/\/secure.gravatar.com\/avatar\/a452ffbed9130f726358b298bb3a99ce4bd3c5338411f8440e87e14d74c7c087?s=96&d=mm&r=g\",\"contentUrl\":\"https:\/\/secure.gravatar.com\/avatar\/a452ffbed9130f726358b298bb3a99ce4bd3c5338411f8440e87e14d74c7c087?s=96&d=mm&r=g\",\"caption\":\"Matheus Felipe\"}}]}<\/script>\n<!-- \/ Yoast SEO Premium plugin. -->","yoast_head_json":{"title":"Venda de SAF, pedido de Carille e recado para Jean David: as \u00faltimas not\u00edcias do Vasco","robots":{"index":"index","follow":"follow","max-snippet":"max-snippet:-1","max-image-preview":"max-image-preview:large","max-video-preview":"max-video-preview:-1"},"canonical":"https:\/\/www.gaveanews.com\/index.php\/2025\/01\/31\/venda-de-saf-pedido-de-carille-e-recado-para-jean-david-as-ultimas-noticias-do-vasco\/","og_locale":"pt_BR","og_type":"article","og_title":"Venda de SAF, pedido de Carille e recado para Jean David: as \u00faltimas not\u00edcias do Vasco","og_description":"Nas \u00faltimas horas, o foco das not\u00edcias sobre o Vasco se concentram nos bastidores doclube, com destaques do dia a dia do time. Por conta deste contexto, leia abaixo um resumo preparado pela equipe do portal G\u00e1vea News para lhe manter muito bem informado! Recado para Jean David O t\u00e9cnico F\u00e1bio Carille saiu em defesa [&hellip;]","og_url":"https:\/\/www.gaveanews.com\/index.php\/2025\/01\/31\/venda-de-saf-pedido-de-carille-e-recado-para-jean-david-as-ultimas-noticias-do-vasco\/","og_site_name":"G\u00e1vea News","article_publisher":"https:\/\/facebook.com\/gaveaNews\/","article_published_time":"2025-01-31T21:40:00+00:00","og_image":[{"width":1440,"height":960,"url":"https:\/\/www.gaveanews.com\/wp-content\/uploads\/Camisa-do-Vasco-da-Gama.webp","type":"image\/jpeg"}],"author":"Matheus Felipe","twitter_card":"summary_large_image","twitter_misc":{"Escrito por":"Matheus Felipe","Est. tempo de leitura":"5 minutos"},"schema":{"@context":"https:\/\/schema.org","@graph":[{"@type":"NewsArticle","@id":"https:\/\/www.gaveanews.com\/index.php\/2025\/01\/31\/venda-de-saf-pedido-de-carille-e-recado-para-jean-david-as-ultimas-noticias-do-vasco\/#article","isPartOf":{"@id":"https:\/\/www.gaveanews.com\/index.php\/2025\/01\/31\/venda-de-saf-pedido-de-carille-e-recado-para-jean-david-as-ultimas-noticias-do-vasco\/"},"author":{"name":"Matheus Felipe","@id":"https:\/\/www.gaveanews.com\/#\/schema\/person\/8207cd4627f56151707418bfc835b2fb"},"headline":"Venda de SAF, pedido de Carille e recado para Jean David: as \u00faltimas not\u00edcias do Vasco","datePublished":"2025-01-31T21:40:00+00:00","mainEntityOfPage":{"@id":"https:\/\/www.gaveanews.com\/index.php\/2025\/01\/31\/venda-de-saf-pedido-de-carille-e-recado-para-jean-david-as-ultimas-noticias-do-vasco\/"},"wordCount":668,"commentCount":0,"image":{"@id":"https:\/\/www.gaveanews.com\/index.php\/2025\/01\/31\/venda-de-saf-pedido-de-carille-e-recado-para-jean-david-as-ultimas-noticias-do-vasco\/#primaryimage"},"thumbnailUrl":"https:\/\/www.gaveanews.com\/wp-content\/uploads\/Camisa-do-Vasco-da-Gama.webp","articleSection":["Vasco"],"inLanguage":"pt-BR","potentialAction":[{"@type":"CommentAction","name":"Comment","target":["https:\/\/www.gaveanews.com\/index.php\/2025\/01\/31\/venda-de-saf-pedido-de-carille-e-recado-para-jean-david-as-ultimas-noticias-do-vasco\/#respond"]}],"copyrightYear":"2025","copyrightHolder":{"@id":"https:\/\/www.gaveanews.com\/#organization"}},{"@type":"WebPage","@id":"https:\/\/www.gaveanews.com\/index.php\/2025\/01\/31\/venda-de-saf-pedido-de-carille-e-recado-para-jean-david-as-ultimas-noticias-do-vasco\/","url":"https:\/\/www.gaveanews.com\/index.php\/2025\/01\/31\/venda-de-saf-pedido-de-carille-e-recado-para-jean-david-as-ultimas-noticias-do-vasco\/","name":"Venda de SAF, pedido de Carille e recado para Jean David: as \u00faltimas not\u00edcias do Vasco","isPartOf":{"@id":"https:\/\/www.gaveanews.com\/#website"},"primaryImageOfPage":{"@id":"https:\/\/www.gaveanews.com\/index.php\/2025\/01\/31\/venda-de-saf-pedido-de-carille-e-recado-para-jean-david-as-ultimas-noticias-do-vasco\/#primaryimage"},"image":{"@id":"https:\/\/www.gaveanews.com\/index.php\/2025\/01\/31\/venda-de-saf-pedido-de-carille-e-recado-para-jean-david-as-ultimas-noticias-do-vasco\/#primaryimage"},"thumbnailUrl":"https:\/\/www.gaveanews.com\/wp-content\/uploads\/Camisa-do-Vasco-da-Gama.webp","datePublished":"2025-01-31T21:40:00+00:00","author":{"@id":"https:\/\/www.gaveanews.com\/#\/schema\/person\/8207cd4627f56151707418bfc835b2fb"},"breadcrumb":{"@id":"https:\/\/www.gaveanews.com\/index.php\/2025\/01\/31\/venda-de-saf-pedido-de-carille-e-recado-para-jean-david-as-ultimas-noticias-do-vasco\/#breadcrumb"},"inLanguage":"pt-BR","potentialAction":[{"@type":"ReadAction","target":["https:\/\/www.gaveanews.com\/index.php\/2025\/01\/31\/venda-de-saf-pedido-de-carille-e-recado-para-jean-david-as-ultimas-noticias-do-vasco\/"]}]},{"@type":"ImageObject","inLanguage":"pt-BR","@id":"https:\/\/www.gaveanews.com\/index.php\/2025\/01\/31\/venda-de-saf-pedido-de-carille-e-recado-para-jean-david-as-ultimas-noticias-do-vasco\/#primaryimage","url":"https:\/\/www.gaveanews.com\/wp-content\/uploads\/Camisa-do-Vasco-da-Gama.webp","contentUrl":"https:\/\/www.gaveanews.com\/wp-content\/uploads\/Camisa-do-Vasco-da-Gama.webp","width":1440,"height":960,"caption":"Camisa do Vasco da Gama (Foto: Reprodu\u00e7\u00e3o\/Instagram)"},{"@type":"BreadcrumbList","@id":"https:\/\/www.gaveanews.com\/index.php\/2025\/01\/31\/venda-de-saf-pedido-de-carille-e-recado-para-jean-david-as-ultimas-noticias-do-vasco\/#breadcrumb","itemListElement":[{"@type":"ListItem","position":1,"name":"Home","item":"https:\/\/www.gaveanews.com\/"},{"@type":"ListItem","position":2,"name":"Venda de SAF, pedido de Carille e recado para Jean David: as \u00faltimas not\u00edcias do Vasco"}]},{"@type":"WebSite","@id":"https:\/\/www.gaveanews.com\/#website","url":"https:\/\/www.gaveanews.com\/","name":"G\u00e1vea News","description":"Veja todas as not\u00edcias sobre o Flamengo: Contrata\u00e7\u00f5es, categorias de base, resultados das partidas, tabela de classifica\u00e7\u00e3o, pr\u00f3ximos jogos!","potentialAction":[{"@type":"SearchAction","target":{"@type":"EntryPoint","urlTemplate":"https:\/\/www.gaveanews.com\/?s={search_term_string}"},"query-input":{"@type":"PropertyValueSpecification","valueRequired":true,"valueName":"search_term_string"}}],"inLanguage":"pt-BR"},{"@type":"Person","@id":"https:\/\/www.gaveanews.com\/#\/schema\/person\/8207cd4627f56151707418bfc835b2fb","name":"Matheus Felipe","image":{"@type":"ImageObject","inLanguage":"pt-BR","@id":"https:\/\/www.gaveanews.com\/#\/schema\/person\/image\/","url":"https:\/\/secure.gravatar.com\/avatar\/a452ffbed9130f726358b298bb3a99ce4bd3c5338411f8440e87e14d74c7c087?s=96&d=mm&r=g","contentUrl":"https:\/\/secure.gravatar.com\/avatar\/a452ffbed9130f726358b298bb3a99ce4bd3c5338411f8440e87e14d74c7c087?s=96&d=mm&r=g","caption":"Matheus Felipe"}}]}},"_links":{"self":[{"href":"https:\/\/www.gaveanews.com\/index.php\/wp-json\/wp\/v2\/posts\/221383","targetHints":{"allow":["GET"]}}],"collection":[{"href":"https:\/\/www.gaveanews.com\/index.php\/wp-json\/wp\/v2\/posts"}],"about":[{"href":"https:\/\/www.gaveanews.com\/index.php\/wp-json\/wp\/v2\/types\/post"}],"author":[{"embeddable":true,"href":"https:\/\/www.gaveanews.com\/index.php\/wp-json\/wp\/v2\/users\/27"}],"replies":[{"embeddable":true,"href":"https:\/\/www.gaveanews.com\/index.php\/wp-json\/wp\/v2\/comments?post=221383"}],"version-history":[{"count":1,"href":"https:\/\/www.gaveanews.com\/index.php\/wp-json\/wp\/v2\/posts\/221383\/revisions"}],"predecessor-version":[{"id":221391,"href":"https:\/\/www.gaveanews.com\/index.php\/wp-json\/wp\/v2\/posts\/221383\/revisions\/221391"}],"wp:featuredmedia":[{"embeddable":true,"href":"https:\/\/www.gaveanews.com\/index.php\/wp-json\/wp\/v2\/media\/147443"}],"wp:attachment":[{"href":"https:\/\/www.gaveanews.com\/index.php\/wp-json\/wp\/v2\/media?parent=221383"}],"wp:term":[{"taxonomy":"category","embeddable":true,"href":"https:\/\/www.gaveanews.com\/index.php\/wp-json\/wp\/v2\/categories?post=221383"},{"taxonomy":"post_tag","embeddable":true,"href":"https:\/\/www.gaveanews.com\/index.php\/wp-json\/wp\/v2\/tags?post=221383"}],"curies":[{"name":"wp","href":"https:\/\/api.w.org\/{rel}","templated":true}]}}