{"id":22215,"date":"2019-06-26T14:05:12","date_gmt":"2019-06-26T17:05:12","guid":{"rendered":"https:\/\/www.gaveanews.com\/?p=22215"},"modified":"2019-06-26T14:21:21","modified_gmt":"2019-06-26T17:21:21","slug":"nova-joia-do-flamengo-sera-incorporado-ao-profissional-do-flamengo-nesta-quinta","status":"publish","type":"post","link":"https:\/\/www.gaveanews.com\/index.php\/2019\/06\/26\/nova-joia-do-flamengo-sera-incorporado-ao-profissional-do-flamengo-nesta-quinta\/","title":{"rendered":"Nova joia do Flamengo ser\u00e1 incorporado ao profissional do Flamengo nesta quinta"},"content":{"rendered":"\n<p>O meia Reinier, de 17 anos, ser\u00e1 incorporado definitivamente ao time profissional do Flamengo a partir desta quinta-feira. Ele se recuperava de uma tendinite no joelho, que o tirou das \u00faltimas partidas da equipe sub-20 rubro-negra. O jogador est\u00e1 ansioso para iniciar sua trajet\u00f3ria profissional e j\u00e1 afirmou em algumas ocasi\u00f5es que seu sonho \u00e9 poder jogar pelo Fla.<\/p>\n\n\n\n<p>Reinier \u00e9 apontado como a atual grande revela\u00e7\u00e3o do Flamengo e est\u00e1 entre os inscritos pelo clube para a Libertadores. A comiss\u00e3o t\u00e9cnica de Jorge Jesus ir\u00e1 decidir se seu nome vai permanecer para o in\u00edcio da fase eliminat\u00f3ria da competi\u00e7\u00e3o.<\/p>\n\n\n\n<p>O jogador \u00e9 alvo de clubes gigantes da Europa, e a diretoria do Fla abriu negocia\u00e7\u00f5es para ampliar seu contrato at\u00e9 2024 e minimizar os riscos de um ass\u00e9dio que promete ser crescente com o Mundial Sub-17. A competi\u00e7\u00e3o acontecer\u00e1 em outubro deste ano no Brasil, e o camisa 10 do Fla e do Brasil \u00e9 apontado como o melhor jogador do mundo na categoria.<\/p>\n\n\n\n<p style=\"font-size:11px\"> (<a href=\"http:\/\/bit.ly\/Twitter-Gavea-News\">siga nosso perfil no Twitter: @Gavea_News<\/a>) <\/p>\n\n\n\n<figure class=\"wp-block-embed-twitter wp-block-embed is-type-rich is-provider-twitter\"><div class=\"wp-block-embed__wrapper\">\nhttps:\/\/twitter.com\/gavea_news\/status\/1143928019024826368\n<\/div><\/figure>\n\n\n\n<p>O jovem tem contrato at\u00e9 dezembro de 2020 e multa rescis\u00f3ria de R$ 308 milh\u00f5es.<\/p>\n\n\n\n<h3 class=\"wp-block-heading\"><strong>Informa\u00e7\u00f5es sobre Reinier:<\/strong><\/h3>\n\n\n\n<ul class=\"wp-block-list\"><li>Meia de 17 anos<\/li><li>Completa 18 em 19 de janeiro de 2020<\/li><li>Contrato atual com o Flamengo vai at\u00e9 31\/12\/2020<\/li><li>Multa de \u20ac70 milh\u00f5es (cerca de R$ 308 milh\u00f5es)<\/li><li>Livre para assinar pr\u00e9-contrato em 01\/07\/2020<\/li><li>Flamengo deseja renova\u00e7\u00e3o at\u00e9 o fim de 2024<\/li><li>Milan, Borussia, Real Madrid e Manchester City entre os que monitoram o jovem<\/li><li>Segundo o \u00faltimo balan\u00e7o, o Flamengo tem 100% dos direitos sobre o jogador<\/li><\/ul>\n\n\n\n\n\n<p>Retirado de: Globo Esporte<\/p>\n","protected":false},"excerpt":{"rendered":"<p>O meia Reinier, de 17 anos, ser\u00e1 incorporado definitivamente ao time profissional do Flamengo a partir desta quinta-feira. Ele se recuperava de uma tendinite no joelho, que o tirou das \u00faltimas partidas da equipe sub-20 rubro-negra. O jogador est\u00e1 ansioso para iniciar sua trajet\u00f3ria profissional e j\u00e1 afirmou em algumas ocasi\u00f5es que seu sonho \u00e9 [&hellip;]<\/p>\n","protected":false},"author":1,"featured_media":14691,"comment_status":"open","ping_status":"open","sticky":false,"template":"","format":"standard","meta":{"footnotes":""},"categories":[47],"tags":[],"class_list":["post-22215","post","type-post","status-publish","format-standard","has-post-thumbnail","hentry","category-destaques"],"yoast_head":"<!-- This site is optimized with the Yoast SEO Premium plugin v24.2 (Yoast SEO v26.9) - https:\/\/yoast.com\/product\/yoast-seo-premium-wordpress\/ -->\n<title>Nova joia do Flamengo ser\u00e1 incorporado ao profissional do Flamengo nesta quinta<\/title>\n<meta name=\"description\" content=\"Meia de 17 anos \u00e9 a maior promessa das categorias de base do clube, que v\u00ea crescer o ass\u00e9dio de gigantes da Europa.\" \/>\n<meta name=\"robots\" content=\"index, follow, max-snippet:-1, max-image-preview:large, max-video-preview:-1\" \/>\n<link rel=\"canonical\" href=\"https:\/\/www.gaveanews.com\/index.php\/2019\/06\/26\/nova-joia-do-flamengo-sera-incorporado-ao-profissional-do-flamengo-nesta-quinta\/\" \/>\n<meta property=\"og:locale\" content=\"pt_BR\" \/>\n<meta property=\"og:type\" content=\"article\" \/>\n<meta property=\"og:title\" content=\"Nova joia do Flamengo ser\u00e1 incorporado ao profissional do Flamengo nesta quinta\" \/>\n<meta property=\"og:description\" content=\"Meia de 17 anos \u00e9 a maior promessa das categorias de base do clube, que v\u00ea crescer o ass\u00e9dio de gigantes da Europa.\" \/>\n<meta property=\"og:url\" content=\"https:\/\/www.gaveanews.com\/index.php\/2019\/06\/26\/nova-joia-do-flamengo-sera-incorporado-ao-profissional-do-flamengo-nesta-quinta\/\" \/>\n<meta property=\"og:site_name\" content=\"G\u00e1vea News\" \/>\n<meta property=\"article:publisher\" content=\"https:\/\/facebook.com\/gaveaNews\/\" \/>\n<meta property=\"article:published_time\" content=\"2019-06-26T17:05:12+00:00\" \/>\n<meta property=\"article:modified_time\" content=\"2019-06-26T17:21:21+00:00\" \/>\n<meta property=\"og:image\" content=\"https:\/\/www.gaveanews.com\/wp-content\/uploads\/2019\/03\/Reinier-em-acao-com-a-camisa-do-Flamengo.webp\" \/>\n\t<meta property=\"og:image:width\" content=\"1\" \/>\n\t<meta property=\"og:image:height\" content=\"1\" \/>\n\t<meta property=\"og:image:type\" content=\"image\/jpeg\" \/>\n<meta name=\"author\" content=\"Equipe G\u00e1vea News\" \/>\n<meta name=\"twitter:card\" content=\"summary_large_image\" \/>\n<meta name=\"twitter:label1\" content=\"Escrito por\" \/>\n\t<meta name=\"twitter:data1\" content=\"Equipe G\u00e1vea News\" \/>\n\t<meta name=\"twitter:label2\" content=\"Est. tempo de leitura\" \/>\n\t<meta name=\"twitter:data2\" content=\"1 minuto\" \/>\n<script type=\"application\/ld+json\" class=\"yoast-schema-graph\">{\"@context\":\"https:\/\/schema.org\",\"@graph\":[{\"@type\":\"NewsArticle\",\"@id\":\"https:\/\/www.gaveanews.com\/index.php\/2019\/06\/26\/nova-joia-do-flamengo-sera-incorporado-ao-profissional-do-flamengo-nesta-quinta\/#article\",\"isPartOf\":{\"@id\":\"https:\/\/www.gaveanews.com\/index.php\/2019\/06\/26\/nova-joia-do-flamengo-sera-incorporado-ao-profissional-do-flamengo-nesta-quinta\/\"},\"author\":{\"name\":\"Equipe G\u00e1vea News\",\"@id\":\"https:\/\/www.gaveanews.com\/#\/schema\/person\/2ec14f73fb96be2caf28f91afb14749d\"},\"headline\":\"Nova joia do Flamengo ser\u00e1 incorporado ao profissional do Flamengo nesta quinta\",\"datePublished\":\"2019-06-26T17:05:12+00:00\",\"dateModified\":\"2019-06-26T17:21:21+00:00\",\"mainEntityOfPage\":{\"@id\":\"https:\/\/www.gaveanews.com\/index.php\/2019\/06\/26\/nova-joia-do-flamengo-sera-incorporado-ao-profissional-do-flamengo-nesta-quinta\/\"},\"wordCount\":274,\"commentCount\":0,\"image\":{\"@id\":\"https:\/\/www.gaveanews.com\/index.php\/2019\/06\/26\/nova-joia-do-flamengo-sera-incorporado-ao-profissional-do-flamengo-nesta-quinta\/#primaryimage\"},\"thumbnailUrl\":\"https:\/\/www.gaveanews.com\/wp-content\/uploads\/2019\/03\/Reinier-em-acao-com-a-camisa-do-Flamengo.webp\",\"articleSection\":[\"Destaques\"],\"inLanguage\":\"pt-BR\",\"potentialAction\":[{\"@type\":\"CommentAction\",\"name\":\"Comment\",\"target\":[\"https:\/\/www.gaveanews.com\/index.php\/2019\/06\/26\/nova-joia-do-flamengo-sera-incorporado-ao-profissional-do-flamengo-nesta-quinta\/#respond\"]}],\"copyrightYear\":\"2019\",\"copyrightHolder\":{\"@id\":\"https:\/\/www.gaveanews.com\/#organization\"}},{\"@type\":\"WebPage\",\"@id\":\"https:\/\/www.gaveanews.com\/index.php\/2019\/06\/26\/nova-joia-do-flamengo-sera-incorporado-ao-profissional-do-flamengo-nesta-quinta\/\",\"url\":\"https:\/\/www.gaveanews.com\/index.php\/2019\/06\/26\/nova-joia-do-flamengo-sera-incorporado-ao-profissional-do-flamengo-nesta-quinta\/\",\"name\":\"Nova joia do Flamengo ser\u00e1 incorporado ao profissional do Flamengo nesta quinta\",\"isPartOf\":{\"@id\":\"https:\/\/www.gaveanews.com\/#website\"},\"primaryImageOfPage\":{\"@id\":\"https:\/\/www.gaveanews.com\/index.php\/2019\/06\/26\/nova-joia-do-flamengo-sera-incorporado-ao-profissional-do-flamengo-nesta-quinta\/#primaryimage\"},\"image\":{\"@id\":\"https:\/\/www.gaveanews.com\/index.php\/2019\/06\/26\/nova-joia-do-flamengo-sera-incorporado-ao-profissional-do-flamengo-nesta-quinta\/#primaryimage\"},\"thumbnailUrl\":\"https:\/\/www.gaveanews.com\/wp-content\/uploads\/2019\/03\/Reinier-em-acao-com-a-camisa-do-Flamengo.webp\",\"datePublished\":\"2019-06-26T17:05:12+00:00\",\"dateModified\":\"2019-06-26T17:21:21+00:00\",\"author\":{\"@id\":\"https:\/\/www.gaveanews.com\/#\/schema\/person\/2ec14f73fb96be2caf28f91afb14749d\"},\"description\":\"Meia de 17 anos \u00e9 a maior promessa das categorias de base do clube, que v\u00ea crescer o ass\u00e9dio de gigantes da Europa.\",\"breadcrumb\":{\"@id\":\"https:\/\/www.gaveanews.com\/index.php\/2019\/06\/26\/nova-joia-do-flamengo-sera-incorporado-ao-profissional-do-flamengo-nesta-quinta\/#breadcrumb\"},\"inLanguage\":\"pt-BR\",\"potentialAction\":[{\"@type\":\"ReadAction\",\"target\":[\"https:\/\/www.gaveanews.com\/index.php\/2019\/06\/26\/nova-joia-do-flamengo-sera-incorporado-ao-profissional-do-flamengo-nesta-quinta\/\"]}]},{\"@type\":\"ImageObject\",\"inLanguage\":\"pt-BR\",\"@id\":\"https:\/\/www.gaveanews.com\/index.php\/2019\/06\/26\/nova-joia-do-flamengo-sera-incorporado-ao-profissional-do-flamengo-nesta-quinta\/#primaryimage\",\"url\":\"https:\/\/www.gaveanews.com\/wp-content\/uploads\/2019\/03\/Reinier-em-acao-com-a-camisa-do-Flamengo.webp\",\"contentUrl\":\"https:\/\/www.gaveanews.com\/wp-content\/uploads\/2019\/03\/Reinier-em-acao-com-a-camisa-do-Flamengo.webp\",\"caption\":\"Reinier em a\u00e7\u00e3o com a camisa do Flamengo (Foto: Reprodu\u00e7\u00e3o\/Instagram)\"},{\"@type\":\"BreadcrumbList\",\"@id\":\"https:\/\/www.gaveanews.com\/index.php\/2019\/06\/26\/nova-joia-do-flamengo-sera-incorporado-ao-profissional-do-flamengo-nesta-quinta\/#breadcrumb\",\"itemListElement\":[{\"@type\":\"ListItem\",\"position\":1,\"name\":\"Home\",\"item\":\"https:\/\/www.gaveanews.com\/\"},{\"@type\":\"ListItem\",\"position\":2,\"name\":\"Nova joia do Flamengo ser\u00e1 incorporado ao profissional do Flamengo nesta quinta\"}]},{\"@type\":\"WebSite\",\"@id\":\"https:\/\/www.gaveanews.com\/#website\",\"url\":\"https:\/\/www.gaveanews.com\/\",\"name\":\"G\u00e1vea News\",\"description\":\"Veja todas as not\u00edcias sobre o Flamengo: Contrata\u00e7\u00f5es, categorias de base, resultados das partidas, tabela de classifica\u00e7\u00e3o, pr\u00f3ximos jogos!\",\"potentialAction\":[{\"@type\":\"SearchAction\",\"target\":{\"@type\":\"EntryPoint\",\"urlTemplate\":\"https:\/\/www.gaveanews.com\/?s={search_term_string}\"},\"query-input\":{\"@type\":\"PropertyValueSpecification\",\"valueRequired\":true,\"valueName\":\"search_term_string\"}}],\"inLanguage\":\"pt-BR\"},{\"@type\":\"Person\",\"@id\":\"https:\/\/www.gaveanews.com\/#\/schema\/person\/2ec14f73fb96be2caf28f91afb14749d\",\"name\":\"Equipe G\u00e1vea News\",\"image\":{\"@type\":\"ImageObject\",\"inLanguage\":\"pt-BR\",\"@id\":\"https:\/\/www.gaveanews.com\/#\/schema\/person\/image\/\",\"url\":\"https:\/\/secure.gravatar.com\/avatar\/1e1956f1facbffd3f8fa53a326721950116b3b9dc9bd44939c01180fd4a745a9?s=96&d=mm&r=g\",\"contentUrl\":\"https:\/\/secure.gravatar.com\/avatar\/1e1956f1facbffd3f8fa53a326721950116b3b9dc9bd44939c01180fd4a745a9?s=96&d=mm&r=g\",\"caption\":\"Equipe G\u00e1vea News\"}}]}<\/script>\n<!-- \/ Yoast SEO Premium plugin. -->","yoast_head_json":{"title":"Nova joia do Flamengo ser\u00e1 incorporado ao profissional do Flamengo nesta quinta","description":"Meia de 17 anos \u00e9 a maior promessa das categorias de base do clube, que v\u00ea crescer o ass\u00e9dio de gigantes da Europa.","robots":{"index":"index","follow":"follow","max-snippet":"max-snippet:-1","max-image-preview":"max-image-preview:large","max-video-preview":"max-video-preview:-1"},"canonical":"https:\/\/www.gaveanews.com\/index.php\/2019\/06\/26\/nova-joia-do-flamengo-sera-incorporado-ao-profissional-do-flamengo-nesta-quinta\/","og_locale":"pt_BR","og_type":"article","og_title":"Nova joia do Flamengo ser\u00e1 incorporado ao profissional do Flamengo nesta quinta","og_description":"Meia de 17 anos \u00e9 a maior promessa das categorias de base do clube, que v\u00ea crescer o ass\u00e9dio de gigantes da Europa.","og_url":"https:\/\/www.gaveanews.com\/index.php\/2019\/06\/26\/nova-joia-do-flamengo-sera-incorporado-ao-profissional-do-flamengo-nesta-quinta\/","og_site_name":"G\u00e1vea News","article_publisher":"https:\/\/facebook.com\/gaveaNews\/","article_published_time":"2019-06-26T17:05:12+00:00","article_modified_time":"2019-06-26T17:21:21+00:00","og_image":[{"url":"https:\/\/www.gaveanews.com\/wp-content\/uploads\/2019\/03\/Reinier-em-acao-com-a-camisa-do-Flamengo.webp","width":1,"height":1,"type":"image\/jpeg"}],"author":"Equipe G\u00e1vea News","twitter_card":"summary_large_image","twitter_misc":{"Escrito por":"Equipe G\u00e1vea News","Est. tempo de leitura":"1 minuto"},"schema":{"@context":"https:\/\/schema.org","@graph":[{"@type":"NewsArticle","@id":"https:\/\/www.gaveanews.com\/index.php\/2019\/06\/26\/nova-joia-do-flamengo-sera-incorporado-ao-profissional-do-flamengo-nesta-quinta\/#article","isPartOf":{"@id":"https:\/\/www.gaveanews.com\/index.php\/2019\/06\/26\/nova-joia-do-flamengo-sera-incorporado-ao-profissional-do-flamengo-nesta-quinta\/"},"author":{"name":"Equipe G\u00e1vea News","@id":"https:\/\/www.gaveanews.com\/#\/schema\/person\/2ec14f73fb96be2caf28f91afb14749d"},"headline":"Nova joia do Flamengo ser\u00e1 incorporado ao profissional do Flamengo nesta quinta","datePublished":"2019-06-26T17:05:12+00:00","dateModified":"2019-06-26T17:21:21+00:00","mainEntityOfPage":{"@id":"https:\/\/www.gaveanews.com\/index.php\/2019\/06\/26\/nova-joia-do-flamengo-sera-incorporado-ao-profissional-do-flamengo-nesta-quinta\/"},"wordCount":274,"commentCount":0,"image":{"@id":"https:\/\/www.gaveanews.com\/index.php\/2019\/06\/26\/nova-joia-do-flamengo-sera-incorporado-ao-profissional-do-flamengo-nesta-quinta\/#primaryimage"},"thumbnailUrl":"https:\/\/www.gaveanews.com\/wp-content\/uploads\/2019\/03\/Reinier-em-acao-com-a-camisa-do-Flamengo.webp","articleSection":["Destaques"],"inLanguage":"pt-BR","potentialAction":[{"@type":"CommentAction","name":"Comment","target":["https:\/\/www.gaveanews.com\/index.php\/2019\/06\/26\/nova-joia-do-flamengo-sera-incorporado-ao-profissional-do-flamengo-nesta-quinta\/#respond"]}],"copyrightYear":"2019","copyrightHolder":{"@id":"https:\/\/www.gaveanews.com\/#organization"}},{"@type":"WebPage","@id":"https:\/\/www.gaveanews.com\/index.php\/2019\/06\/26\/nova-joia-do-flamengo-sera-incorporado-ao-profissional-do-flamengo-nesta-quinta\/","url":"https:\/\/www.gaveanews.com\/index.php\/2019\/06\/26\/nova-joia-do-flamengo-sera-incorporado-ao-profissional-do-flamengo-nesta-quinta\/","name":"Nova joia do Flamengo ser\u00e1 incorporado ao profissional do Flamengo nesta quinta","isPartOf":{"@id":"https:\/\/www.gaveanews.com\/#website"},"primaryImageOfPage":{"@id":"https:\/\/www.gaveanews.com\/index.php\/2019\/06\/26\/nova-joia-do-flamengo-sera-incorporado-ao-profissional-do-flamengo-nesta-quinta\/#primaryimage"},"image":{"@id":"https:\/\/www.gaveanews.com\/index.php\/2019\/06\/26\/nova-joia-do-flamengo-sera-incorporado-ao-profissional-do-flamengo-nesta-quinta\/#primaryimage"},"thumbnailUrl":"https:\/\/www.gaveanews.com\/wp-content\/uploads\/2019\/03\/Reinier-em-acao-com-a-camisa-do-Flamengo.webp","datePublished":"2019-06-26T17:05:12+00:00","dateModified":"2019-06-26T17:21:21+00:00","author":{"@id":"https:\/\/www.gaveanews.com\/#\/schema\/person\/2ec14f73fb96be2caf28f91afb14749d"},"description":"Meia de 17 anos \u00e9 a maior promessa das categorias de base do clube, que v\u00ea crescer o ass\u00e9dio de gigantes da Europa.","breadcrumb":{"@id":"https:\/\/www.gaveanews.com\/index.php\/2019\/06\/26\/nova-joia-do-flamengo-sera-incorporado-ao-profissional-do-flamengo-nesta-quinta\/#breadcrumb"},"inLanguage":"pt-BR","potentialAction":[{"@type":"ReadAction","target":["https:\/\/www.gaveanews.com\/index.php\/2019\/06\/26\/nova-joia-do-flamengo-sera-incorporado-ao-profissional-do-flamengo-nesta-quinta\/"]}]},{"@type":"ImageObject","inLanguage":"pt-BR","@id":"https:\/\/www.gaveanews.com\/index.php\/2019\/06\/26\/nova-joia-do-flamengo-sera-incorporado-ao-profissional-do-flamengo-nesta-quinta\/#primaryimage","url":"https:\/\/www.gaveanews.com\/wp-content\/uploads\/2019\/03\/Reinier-em-acao-com-a-camisa-do-Flamengo.webp","contentUrl":"https:\/\/www.gaveanews.com\/wp-content\/uploads\/2019\/03\/Reinier-em-acao-com-a-camisa-do-Flamengo.webp","caption":"Reinier em a\u00e7\u00e3o com a camisa do Flamengo (Foto: Reprodu\u00e7\u00e3o\/Instagram)"},{"@type":"BreadcrumbList","@id":"https:\/\/www.gaveanews.com\/index.php\/2019\/06\/26\/nova-joia-do-flamengo-sera-incorporado-ao-profissional-do-flamengo-nesta-quinta\/#breadcrumb","itemListElement":[{"@type":"ListItem","position":1,"name":"Home","item":"https:\/\/www.gaveanews.com\/"},{"@type":"ListItem","position":2,"name":"Nova joia do Flamengo ser\u00e1 incorporado ao profissional do Flamengo nesta quinta"}]},{"@type":"WebSite","@id":"https:\/\/www.gaveanews.com\/#website","url":"https:\/\/www.gaveanews.com\/","name":"G\u00e1vea News","description":"Veja todas as not\u00edcias sobre o Flamengo: Contrata\u00e7\u00f5es, categorias de base, resultados das partidas, tabela de classifica\u00e7\u00e3o, pr\u00f3ximos jogos!","potentialAction":[{"@type":"SearchAction","target":{"@type":"EntryPoint","urlTemplate":"https:\/\/www.gaveanews.com\/?s={search_term_string}"},"query-input":{"@type":"PropertyValueSpecification","valueRequired":true,"valueName":"search_term_string"}}],"inLanguage":"pt-BR"},{"@type":"Person","@id":"https:\/\/www.gaveanews.com\/#\/schema\/person\/2ec14f73fb96be2caf28f91afb14749d","name":"Equipe G\u00e1vea News","image":{"@type":"ImageObject","inLanguage":"pt-BR","@id":"https:\/\/www.gaveanews.com\/#\/schema\/person\/image\/","url":"https:\/\/secure.gravatar.com\/avatar\/1e1956f1facbffd3f8fa53a326721950116b3b9dc9bd44939c01180fd4a745a9?s=96&d=mm&r=g","contentUrl":"https:\/\/secure.gravatar.com\/avatar\/1e1956f1facbffd3f8fa53a326721950116b3b9dc9bd44939c01180fd4a745a9?s=96&d=mm&r=g","caption":"Equipe G\u00e1vea News"}}]}},"_links":{"self":[{"href":"https:\/\/www.gaveanews.com\/index.php\/wp-json\/wp\/v2\/posts\/22215","targetHints":{"allow":["GET"]}}],"collection":[{"href":"https:\/\/www.gaveanews.com\/index.php\/wp-json\/wp\/v2\/posts"}],"about":[{"href":"https:\/\/www.gaveanews.com\/index.php\/wp-json\/wp\/v2\/types\/post"}],"author":[{"embeddable":true,"href":"https:\/\/www.gaveanews.com\/index.php\/wp-json\/wp\/v2\/users\/1"}],"replies":[{"embeddable":true,"href":"https:\/\/www.gaveanews.com\/index.php\/wp-json\/wp\/v2\/comments?post=22215"}],"version-history":[{"count":0,"href":"https:\/\/www.gaveanews.com\/index.php\/wp-json\/wp\/v2\/posts\/22215\/revisions"}],"wp:featuredmedia":[{"embeddable":true,"href":"https:\/\/www.gaveanews.com\/index.php\/wp-json\/wp\/v2\/media\/14691"}],"wp:attachment":[{"href":"https:\/\/www.gaveanews.com\/index.php\/wp-json\/wp\/v2\/media?parent=22215"}],"wp:term":[{"taxonomy":"category","embeddable":true,"href":"https:\/\/www.gaveanews.com\/index.php\/wp-json\/wp\/v2\/categories?post=22215"},{"taxonomy":"post_tag","embeddable":true,"href":"https:\/\/www.gaveanews.com\/index.php\/wp-json\/wp\/v2\/tags?post=22215"}],"curies":[{"name":"wp","href":"https:\/\/api.w.org\/{rel}","templated":true}]}}