{"id":222185,"date":"2025-02-03T06:20:36","date_gmt":"2025-02-03T09:20:36","guid":{"rendered":"https:\/\/www.gaveanews.com\/?p=222185"},"modified":"2025-02-03T06:07:52","modified_gmt":"2025-02-03T09:07:52","slug":"edmundo-crava-time-que-nao-ganhar-o-brasileirao-2025","status":"publish","type":"post","link":"https:\/\/www.gaveanews.com\/index.php\/2025\/02\/03\/edmundo-crava-time-que-nao-ganhar-o-brasileirao-2025\/","title":{"rendered":"Edmundo crava time que n\u00e3o ganhar o Brasileir\u00e3o 2025"},"content":{"rendered":"\n<h2 class=\"wp-block-heading\" id=\"h-edmundo-ve-vasco-com-chances-no-carioca-mas-descarta-titulo-do-brasileirao\">Edmundo v\u00ea Vasco com chances no Carioca, mas descarta t\u00edtulo do Brasileir\u00e3o<\/h2>\n\n\n\n<p>Edmundo acredita que o Vasco pode brigar pelo t\u00edtulo do Campeonato Carioca, mas n\u00e3o v\u00ea o clube com possibilidades de conquistar o Campeonato Brasileiro. O ex-atacante destacou as dificuldades da equipe no cen\u00e1rio nacional e afirmou que um t\u00edtulo estadual seria um grande feito. \u201cComo eu acho que o Vasco n\u00e3o tem chances de ser campe\u00e3o brasileiro, acho que seria fant\u00e1stico se conseguisse o t\u00edtulo carioca\u201d, disse em seu canal no YouTube.<\/p>\n\n\n\n<p>O Vasco empatou em 2 a 2 com o Volta Redonda, na abertura da s\u00e9tima rodada do Carioca, no Kleber Andrade. O gol de Vegetti aos 48 minutos do segundo tempo evitou a derrota da equipe. O resultado manteve o Cruz-Maltino na vice-lideran\u00e7a da competi\u00e7\u00e3o, mas com possibilidade de ser ultrapassado pelo Maric\u00e1, que enfrenta o Madureira neste domingo.<\/p>\n\n\n\n<p>Mesmo com o Flamengo sendo apontado como favorito, Edmundo acredita que o Vasco pode competir pelo t\u00edtulo estadual. O ex-jogador ressaltou que o elenco cruz-maltino precisa de refor\u00e7os para melhorar seu n\u00edvel competitivo, especialmente na defesa e no ataque. Para ele, a chegada de Maur\u00edcio Lemos pode ser importante, mas o time ainda precisa de mais pe\u00e7as para ser competitivo ao longo da temporada.<\/p>\n\n\n\n<p>\u201cO Vasco precisa de contrata\u00e7\u00f5es pontuais. As posi\u00e7\u00f5es carentes s\u00e3o zaga e a ponta. Chegou o Maur\u00edcio Lemos, que se jogar o que pode, vai ser muito importante. Hoje o time titular tem Paulo Henrique, Piton, Jo\u00e3o Victor e Maur\u00edcio Lemos\u2026 come\u00e7a a ter uma cara\u201d, analisou Edmundo.<\/p>\n\n\n\n<p>O Vasco volta a campo na pr\u00f3xima quarta-feira (5), \u00e0s 21h30, no cl\u00e1ssico contra o Fluminense, no Man\u00e9 Garrincha. A equipe tenta se manter entre os primeiros colocados e consolidar sua posi\u00e7\u00e3o como um dos candidatos ao t\u00edtulo carioca.<\/p>\n\n\n\n<p>Com 13 pontos, o Vasco aguarda o resultado do jogo entre Maric\u00e1 e Madureira para saber se seguir\u00e1 na segunda posi\u00e7\u00e3o do Campeonato Carioca. O confronto deste domingo pode alterar a classifica\u00e7\u00e3o antes do cl\u00e1ssico contra o Fluminense.<\/p>\n","protected":false},"excerpt":{"rendered":"<p>Edmundo v\u00ea Vasco com chances no Carioca, mas descarta t\u00edtulo do Brasileir\u00e3o Edmundo acredita que o Vasco pode brigar pelo t\u00edtulo do Campeonato Carioca, mas n\u00e3o v\u00ea o clube com possibilidades de conquistar o Campeonato Brasileiro. O ex-atacante destacou as dificuldades da equipe no cen\u00e1rio nacional e afirmou que um t\u00edtulo estadual seria um grande [&hellip;]<\/p>\n","protected":false},"author":17,"featured_media":145853,"comment_status":"open","ping_status":"closed","sticky":false,"template":"","format":"standard","meta":{"footnotes":""},"categories":[152],"tags":[],"class_list":["post-222185","post","type-post","status-publish","format-standard","has-post-thumbnail","hentry","category-vasco"],"yoast_head":"<!-- This site is optimized with the Yoast SEO Premium plugin v24.2 (Yoast SEO v26.9) - https:\/\/yoast.com\/product\/yoast-seo-premium-wordpress\/ -->\n<title>Edmundo crava time que n\u00e3o ganhar o Brasileir\u00e3o 2025<\/title>\n<meta name=\"robots\" content=\"index, follow, max-snippet:-1, max-image-preview:large, max-video-preview:-1\" \/>\n<link rel=\"canonical\" href=\"https:\/\/www.gaveanews.com\/index.php\/2025\/02\/03\/edmundo-crava-time-que-nao-ganhar-o-brasileirao-2025\/\" \/>\n<meta property=\"og:locale\" content=\"pt_BR\" \/>\n<meta property=\"og:type\" content=\"article\" \/>\n<meta property=\"og:title\" content=\"Edmundo crava time que n\u00e3o ganhar o Brasileir\u00e3o 2025\" \/>\n<meta property=\"og:description\" content=\"Edmundo v\u00ea Vasco com chances no Carioca, mas descarta t\u00edtulo do Brasileir\u00e3o Edmundo acredita que o Vasco pode brigar pelo t\u00edtulo do Campeonato Carioca, mas n\u00e3o v\u00ea o clube com possibilidades de conquistar o Campeonato Brasileiro. O ex-atacante destacou as dificuldades da equipe no cen\u00e1rio nacional e afirmou que um t\u00edtulo estadual seria um grande [&hellip;]\" \/>\n<meta property=\"og:url\" content=\"https:\/\/www.gaveanews.com\/index.php\/2025\/02\/03\/edmundo-crava-time-que-nao-ganhar-o-brasileirao-2025\/\" \/>\n<meta property=\"og:site_name\" content=\"G\u00e1vea News\" \/>\n<meta property=\"article:publisher\" content=\"https:\/\/facebook.com\/gaveaNews\/\" \/>\n<meta property=\"article:published_time\" content=\"2025-02-03T09:20:36+00:00\" \/>\n<meta property=\"og:image\" content=\"https:\/\/www.gaveanews.com\/wp-content\/uploads\/edmundo-band-729x400-1.webp\" \/>\n\t<meta property=\"og:image:width\" content=\"729\" \/>\n\t<meta property=\"og:image:height\" content=\"400\" \/>\n\t<meta property=\"og:image:type\" content=\"image\/jpeg\" \/>\n<meta name=\"author\" content=\"Geovanna Thomaz\" \/>\n<meta name=\"twitter:card\" content=\"summary_large_image\" \/>\n<meta name=\"twitter:label1\" content=\"Escrito por\" \/>\n\t<meta name=\"twitter:data1\" content=\"Geovanna Thomaz\" \/>\n\t<meta name=\"twitter:label2\" content=\"Est. tempo de leitura\" \/>\n\t<meta name=\"twitter:data2\" content=\"3 minutos\" \/>\n<script type=\"application\/ld+json\" class=\"yoast-schema-graph\">{\"@context\":\"https:\/\/schema.org\",\"@graph\":[{\"@type\":\"NewsArticle\",\"@id\":\"https:\/\/www.gaveanews.com\/index.php\/2025\/02\/03\/edmundo-crava-time-que-nao-ganhar-o-brasileirao-2025\/#article\",\"isPartOf\":{\"@id\":\"https:\/\/www.gaveanews.com\/index.php\/2025\/02\/03\/edmundo-crava-time-que-nao-ganhar-o-brasileirao-2025\/\"},\"author\":{\"name\":\"Geovanna Thomaz\",\"@id\":\"https:\/\/www.gaveanews.com\/#\/schema\/person\/f42654babcd2b2014a1a65af82b081f1\"},\"headline\":\"Edmundo crava time que n\u00e3o ganhar o Brasileir\u00e3o 2025\",\"datePublished\":\"2025-02-03T09:20:36+00:00\",\"mainEntityOfPage\":{\"@id\":\"https:\/\/www.gaveanews.com\/index.php\/2025\/02\/03\/edmundo-crava-time-que-nao-ganhar-o-brasileirao-2025\/\"},\"wordCount\":369,\"commentCount\":0,\"image\":{\"@id\":\"https:\/\/www.gaveanews.com\/index.php\/2025\/02\/03\/edmundo-crava-time-que-nao-ganhar-o-brasileirao-2025\/#primaryimage\"},\"thumbnailUrl\":\"https:\/\/www.gaveanews.com\/wp-content\/uploads\/edmundo-band-729x400-1.webp\",\"articleSection\":[\"Vasco\"],\"inLanguage\":\"pt-BR\",\"potentialAction\":[{\"@type\":\"CommentAction\",\"name\":\"Comment\",\"target\":[\"https:\/\/www.gaveanews.com\/index.php\/2025\/02\/03\/edmundo-crava-time-que-nao-ganhar-o-brasileirao-2025\/#respond\"]}],\"copyrightYear\":\"2025\",\"copyrightHolder\":{\"@id\":\"https:\/\/www.gaveanews.com\/#organization\"}},{\"@type\":\"WebPage\",\"@id\":\"https:\/\/www.gaveanews.com\/index.php\/2025\/02\/03\/edmundo-crava-time-que-nao-ganhar-o-brasileirao-2025\/\",\"url\":\"https:\/\/www.gaveanews.com\/index.php\/2025\/02\/03\/edmundo-crava-time-que-nao-ganhar-o-brasileirao-2025\/\",\"name\":\"Edmundo crava time que n\u00e3o ganhar o Brasileir\u00e3o 2025\",\"isPartOf\":{\"@id\":\"https:\/\/www.gaveanews.com\/#website\"},\"primaryImageOfPage\":{\"@id\":\"https:\/\/www.gaveanews.com\/index.php\/2025\/02\/03\/edmundo-crava-time-que-nao-ganhar-o-brasileirao-2025\/#primaryimage\"},\"image\":{\"@id\":\"https:\/\/www.gaveanews.com\/index.php\/2025\/02\/03\/edmundo-crava-time-que-nao-ganhar-o-brasileirao-2025\/#primaryimage\"},\"thumbnailUrl\":\"https:\/\/www.gaveanews.com\/wp-content\/uploads\/edmundo-band-729x400-1.webp\",\"datePublished\":\"2025-02-03T09:20:36+00:00\",\"author\":{\"@id\":\"https:\/\/www.gaveanews.com\/#\/schema\/person\/f42654babcd2b2014a1a65af82b081f1\"},\"breadcrumb\":{\"@id\":\"https:\/\/www.gaveanews.com\/index.php\/2025\/02\/03\/edmundo-crava-time-que-nao-ganhar-o-brasileirao-2025\/#breadcrumb\"},\"inLanguage\":\"pt-BR\",\"potentialAction\":[{\"@type\":\"ReadAction\",\"target\":[\"https:\/\/www.gaveanews.com\/index.php\/2025\/02\/03\/edmundo-crava-time-que-nao-ganhar-o-brasileirao-2025\/\"]}]},{\"@type\":\"ImageObject\",\"inLanguage\":\"pt-BR\",\"@id\":\"https:\/\/www.gaveanews.com\/index.php\/2025\/02\/03\/edmundo-crava-time-que-nao-ganhar-o-brasileirao-2025\/#primaryimage\",\"url\":\"https:\/\/www.gaveanews.com\/wp-content\/uploads\/edmundo-band-729x400-1.webp\",\"contentUrl\":\"https:\/\/www.gaveanews.com\/wp-content\/uploads\/edmundo-band-729x400-1.webp\",\"width\":729,\"height\":400,\"caption\":\"Edmundo (Foto: Reprodu\u00e7\u00e3o)\"},{\"@type\":\"BreadcrumbList\",\"@id\":\"https:\/\/www.gaveanews.com\/index.php\/2025\/02\/03\/edmundo-crava-time-que-nao-ganhar-o-brasileirao-2025\/#breadcrumb\",\"itemListElement\":[{\"@type\":\"ListItem\",\"position\":1,\"name\":\"Home\",\"item\":\"https:\/\/www.gaveanews.com\/\"},{\"@type\":\"ListItem\",\"position\":2,\"name\":\"Edmundo crava time que n\u00e3o ganhar o Brasileir\u00e3o 2025\"}]},{\"@type\":\"WebSite\",\"@id\":\"https:\/\/www.gaveanews.com\/#website\",\"url\":\"https:\/\/www.gaveanews.com\/\",\"name\":\"G\u00e1vea News\",\"description\":\"Veja todas as not\u00edcias sobre o Flamengo: Contrata\u00e7\u00f5es, categorias de base, resultados das partidas, tabela de classifica\u00e7\u00e3o, pr\u00f3ximos jogos!\",\"potentialAction\":[{\"@type\":\"SearchAction\",\"target\":{\"@type\":\"EntryPoint\",\"urlTemplate\":\"https:\/\/www.gaveanews.com\/?s={search_term_string}\"},\"query-input\":{\"@type\":\"PropertyValueSpecification\",\"valueRequired\":true,\"valueName\":\"search_term_string\"}}],\"inLanguage\":\"pt-BR\"},{\"@type\":\"Person\",\"@id\":\"https:\/\/www.gaveanews.com\/#\/schema\/person\/f42654babcd2b2014a1a65af82b081f1\",\"name\":\"Geovanna Thomaz\",\"image\":{\"@type\":\"ImageObject\",\"inLanguage\":\"pt-BR\",\"@id\":\"https:\/\/www.gaveanews.com\/#\/schema\/person\/image\/\",\"url\":\"https:\/\/secure.gravatar.com\/avatar\/4092073255489533afb558984b49b64268c47198af8623cc82a925ae9fb7118a?s=96&d=mm&r=g\",\"contentUrl\":\"https:\/\/secure.gravatar.com\/avatar\/4092073255489533afb558984b49b64268c47198af8623cc82a925ae9fb7118a?s=96&d=mm&r=g\",\"caption\":\"Geovanna Thomaz\"}}]}<\/script>\n<!-- \/ Yoast SEO Premium plugin. -->","yoast_head_json":{"title":"Edmundo crava time que n\u00e3o ganhar o Brasileir\u00e3o 2025","robots":{"index":"index","follow":"follow","max-snippet":"max-snippet:-1","max-image-preview":"max-image-preview:large","max-video-preview":"max-video-preview:-1"},"canonical":"https:\/\/www.gaveanews.com\/index.php\/2025\/02\/03\/edmundo-crava-time-que-nao-ganhar-o-brasileirao-2025\/","og_locale":"pt_BR","og_type":"article","og_title":"Edmundo crava time que n\u00e3o ganhar o Brasileir\u00e3o 2025","og_description":"Edmundo v\u00ea Vasco com chances no Carioca, mas descarta t\u00edtulo do Brasileir\u00e3o Edmundo acredita que o Vasco pode brigar pelo t\u00edtulo do Campeonato Carioca, mas n\u00e3o v\u00ea o clube com possibilidades de conquistar o Campeonato Brasileiro. O ex-atacante destacou as dificuldades da equipe no cen\u00e1rio nacional e afirmou que um t\u00edtulo estadual seria um grande [&hellip;]","og_url":"https:\/\/www.gaveanews.com\/index.php\/2025\/02\/03\/edmundo-crava-time-que-nao-ganhar-o-brasileirao-2025\/","og_site_name":"G\u00e1vea News","article_publisher":"https:\/\/facebook.com\/gaveaNews\/","article_published_time":"2025-02-03T09:20:36+00:00","og_image":[{"width":729,"height":400,"url":"https:\/\/www.gaveanews.com\/wp-content\/uploads\/edmundo-band-729x400-1.webp","type":"image\/jpeg"}],"author":"Geovanna Thomaz","twitter_card":"summary_large_image","twitter_misc":{"Escrito por":"Geovanna Thomaz","Est. tempo de leitura":"3 minutos"},"schema":{"@context":"https:\/\/schema.org","@graph":[{"@type":"NewsArticle","@id":"https:\/\/www.gaveanews.com\/index.php\/2025\/02\/03\/edmundo-crava-time-que-nao-ganhar-o-brasileirao-2025\/#article","isPartOf":{"@id":"https:\/\/www.gaveanews.com\/index.php\/2025\/02\/03\/edmundo-crava-time-que-nao-ganhar-o-brasileirao-2025\/"},"author":{"name":"Geovanna Thomaz","@id":"https:\/\/www.gaveanews.com\/#\/schema\/person\/f42654babcd2b2014a1a65af82b081f1"},"headline":"Edmundo crava time que n\u00e3o ganhar o Brasileir\u00e3o 2025","datePublished":"2025-02-03T09:20:36+00:00","mainEntityOfPage":{"@id":"https:\/\/www.gaveanews.com\/index.php\/2025\/02\/03\/edmundo-crava-time-que-nao-ganhar-o-brasileirao-2025\/"},"wordCount":369,"commentCount":0,"image":{"@id":"https:\/\/www.gaveanews.com\/index.php\/2025\/02\/03\/edmundo-crava-time-que-nao-ganhar-o-brasileirao-2025\/#primaryimage"},"thumbnailUrl":"https:\/\/www.gaveanews.com\/wp-content\/uploads\/edmundo-band-729x400-1.webp","articleSection":["Vasco"],"inLanguage":"pt-BR","potentialAction":[{"@type":"CommentAction","name":"Comment","target":["https:\/\/www.gaveanews.com\/index.php\/2025\/02\/03\/edmundo-crava-time-que-nao-ganhar-o-brasileirao-2025\/#respond"]}],"copyrightYear":"2025","copyrightHolder":{"@id":"https:\/\/www.gaveanews.com\/#organization"}},{"@type":"WebPage","@id":"https:\/\/www.gaveanews.com\/index.php\/2025\/02\/03\/edmundo-crava-time-que-nao-ganhar-o-brasileirao-2025\/","url":"https:\/\/www.gaveanews.com\/index.php\/2025\/02\/03\/edmundo-crava-time-que-nao-ganhar-o-brasileirao-2025\/","name":"Edmundo crava time que n\u00e3o ganhar o Brasileir\u00e3o 2025","isPartOf":{"@id":"https:\/\/www.gaveanews.com\/#website"},"primaryImageOfPage":{"@id":"https:\/\/www.gaveanews.com\/index.php\/2025\/02\/03\/edmundo-crava-time-que-nao-ganhar-o-brasileirao-2025\/#primaryimage"},"image":{"@id":"https:\/\/www.gaveanews.com\/index.php\/2025\/02\/03\/edmundo-crava-time-que-nao-ganhar-o-brasileirao-2025\/#primaryimage"},"thumbnailUrl":"https:\/\/www.gaveanews.com\/wp-content\/uploads\/edmundo-band-729x400-1.webp","datePublished":"2025-02-03T09:20:36+00:00","author":{"@id":"https:\/\/www.gaveanews.com\/#\/schema\/person\/f42654babcd2b2014a1a65af82b081f1"},"breadcrumb":{"@id":"https:\/\/www.gaveanews.com\/index.php\/2025\/02\/03\/edmundo-crava-time-que-nao-ganhar-o-brasileirao-2025\/#breadcrumb"},"inLanguage":"pt-BR","potentialAction":[{"@type":"ReadAction","target":["https:\/\/www.gaveanews.com\/index.php\/2025\/02\/03\/edmundo-crava-time-que-nao-ganhar-o-brasileirao-2025\/"]}]},{"@type":"ImageObject","inLanguage":"pt-BR","@id":"https:\/\/www.gaveanews.com\/index.php\/2025\/02\/03\/edmundo-crava-time-que-nao-ganhar-o-brasileirao-2025\/#primaryimage","url":"https:\/\/www.gaveanews.com\/wp-content\/uploads\/edmundo-band-729x400-1.webp","contentUrl":"https:\/\/www.gaveanews.com\/wp-content\/uploads\/edmundo-band-729x400-1.webp","width":729,"height":400,"caption":"Edmundo (Foto: Reprodu\u00e7\u00e3o)"},{"@type":"BreadcrumbList","@id":"https:\/\/www.gaveanews.com\/index.php\/2025\/02\/03\/edmundo-crava-time-que-nao-ganhar-o-brasileirao-2025\/#breadcrumb","itemListElement":[{"@type":"ListItem","position":1,"name":"Home","item":"https:\/\/www.gaveanews.com\/"},{"@type":"ListItem","position":2,"name":"Edmundo crava time que n\u00e3o ganhar o Brasileir\u00e3o 2025"}]},{"@type":"WebSite","@id":"https:\/\/www.gaveanews.com\/#website","url":"https:\/\/www.gaveanews.com\/","name":"G\u00e1vea News","description":"Veja todas as not\u00edcias sobre o Flamengo: Contrata\u00e7\u00f5es, categorias de base, resultados das partidas, tabela de classifica\u00e7\u00e3o, pr\u00f3ximos jogos!","potentialAction":[{"@type":"SearchAction","target":{"@type":"EntryPoint","urlTemplate":"https:\/\/www.gaveanews.com\/?s={search_term_string}"},"query-input":{"@type":"PropertyValueSpecification","valueRequired":true,"valueName":"search_term_string"}}],"inLanguage":"pt-BR"},{"@type":"Person","@id":"https:\/\/www.gaveanews.com\/#\/schema\/person\/f42654babcd2b2014a1a65af82b081f1","name":"Geovanna Thomaz","image":{"@type":"ImageObject","inLanguage":"pt-BR","@id":"https:\/\/www.gaveanews.com\/#\/schema\/person\/image\/","url":"https:\/\/secure.gravatar.com\/avatar\/4092073255489533afb558984b49b64268c47198af8623cc82a925ae9fb7118a?s=96&d=mm&r=g","contentUrl":"https:\/\/secure.gravatar.com\/avatar\/4092073255489533afb558984b49b64268c47198af8623cc82a925ae9fb7118a?s=96&d=mm&r=g","caption":"Geovanna Thomaz"}}]}},"_links":{"self":[{"href":"https:\/\/www.gaveanews.com\/index.php\/wp-json\/wp\/v2\/posts\/222185","targetHints":{"allow":["GET"]}}],"collection":[{"href":"https:\/\/www.gaveanews.com\/index.php\/wp-json\/wp\/v2\/posts"}],"about":[{"href":"https:\/\/www.gaveanews.com\/index.php\/wp-json\/wp\/v2\/types\/post"}],"author":[{"embeddable":true,"href":"https:\/\/www.gaveanews.com\/index.php\/wp-json\/wp\/v2\/users\/17"}],"replies":[{"embeddable":true,"href":"https:\/\/www.gaveanews.com\/index.php\/wp-json\/wp\/v2\/comments?post=222185"}],"version-history":[{"count":1,"href":"https:\/\/www.gaveanews.com\/index.php\/wp-json\/wp\/v2\/posts\/222185\/revisions"}],"predecessor-version":[{"id":222186,"href":"https:\/\/www.gaveanews.com\/index.php\/wp-json\/wp\/v2\/posts\/222185\/revisions\/222186"}],"wp:featuredmedia":[{"embeddable":true,"href":"https:\/\/www.gaveanews.com\/index.php\/wp-json\/wp\/v2\/media\/145853"}],"wp:attachment":[{"href":"https:\/\/www.gaveanews.com\/index.php\/wp-json\/wp\/v2\/media?parent=222185"}],"wp:term":[{"taxonomy":"category","embeddable":true,"href":"https:\/\/www.gaveanews.com\/index.php\/wp-json\/wp\/v2\/categories?post=222185"},{"taxonomy":"post_tag","embeddable":true,"href":"https:\/\/www.gaveanews.com\/index.php\/wp-json\/wp\/v2\/tags?post=222185"}],"curies":[{"name":"wp","href":"https:\/\/api.w.org\/{rel}","templated":true}]}}