{"id":22224,"date":"2019-06-26T18:17:18","date_gmt":"2019-06-26T21:17:18","guid":{"rendered":"https:\/\/www.gaveanews.com\/?p=22224"},"modified":"2019-06-26T18:17:19","modified_gmt":"2019-06-26T21:17:19","slug":"torcedor-mirim-faz-campanha-por-uma-protese-para-o-seu-braco-esquerdo-e-recebe-ajuda-de-zagueiro-do-flamengo-assista","status":"publish","type":"post","link":"https:\/\/www.gaveanews.com\/index.php\/2019\/06\/26\/torcedor-mirim-faz-campanha-por-uma-protese-para-o-seu-braco-esquerdo-e-recebe-ajuda-de-zagueiro-do-flamengo-assista\/","title":{"rendered":"Torcedor mirim faz campanha por uma pr\u00f3tese para o seu bra\u00e7o esquerdo e recebe ajuda de zagueiro do Flamengo; assista"},"content":{"rendered":"\n<p>A vida do pequeno Eduardo est\u00e1 atrelada a dois momentos: os problemas vividos na inf\u00e2ncia e o amor ao Flamengo. <\/p>\n\n\n\n<p>Aos 10 anos, o menino ganhou popularidade nas redes sociais ap\u00f3s fazer campanha por uma pr\u00f3tese para o seu bra\u00e7o esquerdo, amputado em dezembro de 2018. A a\u00e7\u00e3o ganhou repercuss\u00e3o, chegou ao elenco rubro-negro e at\u00e9 Rodrigo Caio se solidarizou com a causa.<\/p>\n\n\n\n<p>Eduardo sofreu o acidente no dia 10 de dezembro do ano passado, quando viajou com a fam\u00edlia at\u00e9 Macei\u00f3, em Alagoas. J\u00e1 fazia cinco anos que o menino n\u00e3o via o seu av\u00f4, e a sua m\u00e3e, Rosana, de 31 anos, o levou ao encontro. Durante uma brincadeira, Dudu, como \u00e9 conhecido, pegou a bicicleta escondido e sofreu acidente caindo em cima de uma pedra, quebrando o bra\u00e7o na altura do cotovelo.<\/p>\n\n\n\n<p>Levado para o hospital, o raio-x detectou uma fratura grave e, durante a cirurgia, teve uma parada card\u00edaca. Foi quando os m\u00e9dicos perceberam que Eduardo havia rompido algumas art\u00e9rias. Na UTI, realizou procedimentos e outras duas cirurgias at\u00e9 a necrose no local obrigar pela amputa\u00e7\u00e3o. Ent\u00e3o, a busca pela pr\u00f3tese come\u00e7ou, e dona Rosana conta que tentou uma vaquinha on-line, mas sem sucesso.<\/p>\n\n\n\n<p>\u2013 Fiz uma vaquinha on-line, tinha aberto a conta para ele e para os familiares, mas n\u00e3o rolou. Minha fam\u00edlia n\u00e3o \u00e9 muito grande, ningu\u00e9m tem muitas condi\u00e7\u00f5es, fiquei pensando em como poderia arrecadar dinheiro. Muitas pessoas n\u00e3o acreditam porque tem gente de m\u00e1 f\u00e9, de gente que se aproveita para ganhar dinheiro. Criei um Instagram para estar divulgando esse pedido de pr\u00f3tese &#8211; conta a m\u00e3e.<\/p>\n\n\n\n<p>Ent\u00e3o, o Flamengo entrou na hist\u00f3ria. Rubro-Negro, vestiu o uniforme e gravou um v\u00eddeo pedindo pela pr\u00f3tese (assista abaixo). A torcida do Flamengo se mobilizou e marcou os atletas do elenco na publica\u00e7\u00e3o. <\/p>\n\n\n\n<figure class=\"wp-block-embed-twitter wp-block-embed is-type-rich is-provider-twitter\"><div class=\"wp-block-embed__wrapper\">\n<blockquote class=\"twitter-tweet\" data-width=\"550\" data-dnt=\"true\"><p lang=\"pt\" dir=\"ltr\">Esse menino de 10 anos se chama Dudu, torce pelo <a href=\"https:\/\/twitter.com\/hashtag\/Flamengo?src=hash&amp;ref_src=twsrc%5Etfw\">#Flamengo<\/a> e vive em Carapicu\u00edba, S\u00e3o Paulo. <br>Ele perdeu o bra\u00e7o numa queda de bicicleta, onde demorou a ver que havia fratura e teve que ser amputado. O sonho dele \u00e9 conseguir uma pr\u00f3tese e os familiares me passaram&#8230; <a href=\"https:\/\/t.co\/qtT2X44sEt\">pic.twitter.com\/qtT2X44sEt<\/a><\/p>&mdash; Paparazzo Rubro-Negro (@PaparazzoRN) <a href=\"https:\/\/twitter.com\/PaparazzoRN\/status\/1143678202247831552?ref_src=twsrc%5Etfw\">June 26, 2019<\/a><\/blockquote><script async src=\"https:\/\/platform.twitter.com\/widgets.js\" charset=\"utf-8\"><\/script>\n<\/div><\/figure>\n\n\n\n<p>Rodrigo Caio foi um dos que ficou ciente e entrou em contato com pessoas pr\u00f3ximas da fam\u00edlia. O zagueiro se colocou \u00e0 disposi\u00e7\u00e3o para ajudar e prometeu uma camisa autografada do elenco.<\/p>\n\n\n\n<p>\u2013 Vou pegar uma camisa minha, vou pedir para o pessoal todo autografar e te entrego para ajudarmos esse menino &#8211; disse Rodrigo Caio, em mensagem enviada.<\/p>\n\n\n\n<p>A fam\u00edlia buscou pr\u00f3teses convencionais, mas n\u00e3o obteve sucesso. Na AACD (Associa\u00e7\u00e3o de Assist\u00eancia \u00e0 Crian\u00e7a Deficiente), n\u00e3o encontrou modelos funcionais espec\u00edficos para a sua amputa\u00e7\u00e3o. Em outras cl\u00ednicas, o or\u00e7amento era alto devido a necessidade de importa\u00e7\u00e3o de pe\u00e7as. Estima-se que um gasto de R$ 100 mil, no m\u00ednimo, seria necess\u00e1rio. Desempregada, dona Rosana n\u00e3o tem condi\u00e7\u00f5es de arcar com os custos.<\/p>\n\n\n\n<p>Atualmente, a fam\u00edlia mora em Carapicu\u00edba (SP), h\u00e1 16 anos. Dudu torce pelo Flamengo assim como todo mundo na casa e a maioria da fam\u00edlia. Al\u00e9m da amputa\u00e7\u00e3o, o menino tamb\u00e9m tem autismo, o que dificulta ainda mais o seu aprendizado.<\/p>\n\n\n\n\n\n<p>Retirado de: O Globo<\/p>\n","protected":false},"excerpt":{"rendered":"<p>A vida do pequeno Eduardo est\u00e1 atrelada a dois momentos: os problemas vividos na inf\u00e2ncia e o amor ao Flamengo. Aos 10 anos, o menino ganhou popularidade nas redes sociais ap\u00f3s fazer campanha por uma pr\u00f3tese para o seu bra\u00e7o esquerdo, amputado em dezembro de 2018. A a\u00e7\u00e3o ganhou repercuss\u00e3o, chegou ao elenco rubro-negro e [&hellip;]<\/p>\n","protected":false},"author":1,"featured_media":15116,"comment_status":"open","ping_status":"open","sticky":false,"template":"","format":"standard","meta":{"footnotes":""},"categories":[1],"tags":[],"class_list":["post-22224","post","type-post","status-publish","format-standard","has-post-thumbnail","hentry","category-flamengo"],"yoast_head":"<!-- This site is optimized with the Yoast SEO Premium plugin v24.2 (Yoast SEO v26.9) - https:\/\/yoast.com\/product\/yoast-seo-premium-wordpress\/ -->\n<title>Torcedor mirim faz campanha por uma pr\u00f3tese para o seu bra\u00e7o esquerdo e recebe ajuda de zagueiro do Flamengo; assista<\/title>\n<meta name=\"robots\" content=\"index, follow, max-snippet:-1, max-image-preview:large, max-video-preview:-1\" \/>\n<link rel=\"canonical\" href=\"https:\/\/www.gaveanews.com\/index.php\/2019\/06\/26\/torcedor-mirim-faz-campanha-por-uma-protese-para-o-seu-braco-esquerdo-e-recebe-ajuda-de-zagueiro-do-flamengo-assista\/\" \/>\n<meta property=\"og:locale\" content=\"pt_BR\" \/>\n<meta property=\"og:type\" content=\"article\" \/>\n<meta property=\"og:title\" content=\"Torcedor mirim faz campanha por uma pr\u00f3tese para o seu bra\u00e7o esquerdo e recebe ajuda de zagueiro do Flamengo; assista\" \/>\n<meta property=\"og:description\" content=\"A vida do pequeno Eduardo est\u00e1 atrelada a dois momentos: os problemas vividos na inf\u00e2ncia e o amor ao Flamengo. Aos 10 anos, o menino ganhou popularidade nas redes sociais ap\u00f3s fazer campanha por uma pr\u00f3tese para o seu bra\u00e7o esquerdo, amputado em dezembro de 2018. A a\u00e7\u00e3o ganhou repercuss\u00e3o, chegou ao elenco rubro-negro e [&hellip;]\" \/>\n<meta property=\"og:url\" content=\"https:\/\/www.gaveanews.com\/index.php\/2019\/06\/26\/torcedor-mirim-faz-campanha-por-uma-protese-para-o-seu-braco-esquerdo-e-recebe-ajuda-de-zagueiro-do-flamengo-assista\/\" \/>\n<meta property=\"og:site_name\" content=\"G\u00e1vea News\" \/>\n<meta property=\"article:publisher\" content=\"https:\/\/facebook.com\/gaveaNews\/\" \/>\n<meta property=\"article:published_time\" content=\"2019-06-26T21:17:18+00:00\" \/>\n<meta property=\"article:modified_time\" content=\"2019-06-26T21:17:19+00:00\" \/>\n<meta property=\"og:image\" content=\"https:\/\/www.gaveanews.com\/wp-content\/uploads\/2019\/03\/Rodrigo-Caio-e-Gabigol-durante-treinamento-no-Ninho-do-Urubu.webp\" \/>\n\t<meta property=\"og:image:width\" content=\"900\" \/>\n\t<meta property=\"og:image:height\" content=\"599\" \/>\n\t<meta property=\"og:image:type\" content=\"image\/jpeg\" \/>\n<meta name=\"author\" content=\"Equipe G\u00e1vea News\" \/>\n<meta name=\"twitter:card\" content=\"summary_large_image\" \/>\n<meta name=\"twitter:label1\" content=\"Escrito por\" \/>\n\t<meta name=\"twitter:data1\" content=\"Equipe G\u00e1vea News\" \/>\n\t<meta name=\"twitter:label2\" content=\"Est. tempo de leitura\" \/>\n\t<meta name=\"twitter:data2\" content=\"3 minutos\" \/>\n<script type=\"application\/ld+json\" class=\"yoast-schema-graph\">{\"@context\":\"https:\/\/schema.org\",\"@graph\":[{\"@type\":\"NewsArticle\",\"@id\":\"https:\/\/www.gaveanews.com\/index.php\/2019\/06\/26\/torcedor-mirim-faz-campanha-por-uma-protese-para-o-seu-braco-esquerdo-e-recebe-ajuda-de-zagueiro-do-flamengo-assista\/#article\",\"isPartOf\":{\"@id\":\"https:\/\/www.gaveanews.com\/index.php\/2019\/06\/26\/torcedor-mirim-faz-campanha-por-uma-protese-para-o-seu-braco-esquerdo-e-recebe-ajuda-de-zagueiro-do-flamengo-assista\/\"},\"author\":{\"name\":\"Equipe G\u00e1vea News\",\"@id\":\"https:\/\/www.gaveanews.com\/#\/schema\/person\/2ec14f73fb96be2caf28f91afb14749d\"},\"headline\":\"Torcedor mirim faz campanha por uma pr\u00f3tese para o seu bra\u00e7o esquerdo e recebe ajuda de zagueiro do Flamengo; assista\",\"datePublished\":\"2019-06-26T21:17:18+00:00\",\"dateModified\":\"2019-06-26T21:17:19+00:00\",\"mainEntityOfPage\":{\"@id\":\"https:\/\/www.gaveanews.com\/index.php\/2019\/06\/26\/torcedor-mirim-faz-campanha-por-uma-protese-para-o-seu-braco-esquerdo-e-recebe-ajuda-de-zagueiro-do-flamengo-assista\/\"},\"wordCount\":536,\"commentCount\":0,\"image\":{\"@id\":\"https:\/\/www.gaveanews.com\/index.php\/2019\/06\/26\/torcedor-mirim-faz-campanha-por-uma-protese-para-o-seu-braco-esquerdo-e-recebe-ajuda-de-zagueiro-do-flamengo-assista\/#primaryimage\"},\"thumbnailUrl\":\"https:\/\/www.gaveanews.com\/wp-content\/uploads\/2019\/03\/Rodrigo-Caio-e-Gabigol-durante-treinamento-no-Ninho-do-Urubu.webp\",\"articleSection\":[\"Flamengo\"],\"inLanguage\":\"pt-BR\",\"potentialAction\":[{\"@type\":\"CommentAction\",\"name\":\"Comment\",\"target\":[\"https:\/\/www.gaveanews.com\/index.php\/2019\/06\/26\/torcedor-mirim-faz-campanha-por-uma-protese-para-o-seu-braco-esquerdo-e-recebe-ajuda-de-zagueiro-do-flamengo-assista\/#respond\"]}],\"copyrightYear\":\"2019\",\"copyrightHolder\":{\"@id\":\"https:\/\/www.gaveanews.com\/#organization\"}},{\"@type\":\"WebPage\",\"@id\":\"https:\/\/www.gaveanews.com\/index.php\/2019\/06\/26\/torcedor-mirim-faz-campanha-por-uma-protese-para-o-seu-braco-esquerdo-e-recebe-ajuda-de-zagueiro-do-flamengo-assista\/\",\"url\":\"https:\/\/www.gaveanews.com\/index.php\/2019\/06\/26\/torcedor-mirim-faz-campanha-por-uma-protese-para-o-seu-braco-esquerdo-e-recebe-ajuda-de-zagueiro-do-flamengo-assista\/\",\"name\":\"Torcedor mirim faz campanha por uma pr\u00f3tese para o seu bra\u00e7o esquerdo e recebe ajuda de zagueiro do Flamengo; assista\",\"isPartOf\":{\"@id\":\"https:\/\/www.gaveanews.com\/#website\"},\"primaryImageOfPage\":{\"@id\":\"https:\/\/www.gaveanews.com\/index.php\/2019\/06\/26\/torcedor-mirim-faz-campanha-por-uma-protese-para-o-seu-braco-esquerdo-e-recebe-ajuda-de-zagueiro-do-flamengo-assista\/#primaryimage\"},\"image\":{\"@id\":\"https:\/\/www.gaveanews.com\/index.php\/2019\/06\/26\/torcedor-mirim-faz-campanha-por-uma-protese-para-o-seu-braco-esquerdo-e-recebe-ajuda-de-zagueiro-do-flamengo-assista\/#primaryimage\"},\"thumbnailUrl\":\"https:\/\/www.gaveanews.com\/wp-content\/uploads\/2019\/03\/Rodrigo-Caio-e-Gabigol-durante-treinamento-no-Ninho-do-Urubu.webp\",\"datePublished\":\"2019-06-26T21:17:18+00:00\",\"dateModified\":\"2019-06-26T21:17:19+00:00\",\"author\":{\"@id\":\"https:\/\/www.gaveanews.com\/#\/schema\/person\/2ec14f73fb96be2caf28f91afb14749d\"},\"breadcrumb\":{\"@id\":\"https:\/\/www.gaveanews.com\/index.php\/2019\/06\/26\/torcedor-mirim-faz-campanha-por-uma-protese-para-o-seu-braco-esquerdo-e-recebe-ajuda-de-zagueiro-do-flamengo-assista\/#breadcrumb\"},\"inLanguage\":\"pt-BR\",\"potentialAction\":[{\"@type\":\"ReadAction\",\"target\":[\"https:\/\/www.gaveanews.com\/index.php\/2019\/06\/26\/torcedor-mirim-faz-campanha-por-uma-protese-para-o-seu-braco-esquerdo-e-recebe-ajuda-de-zagueiro-do-flamengo-assista\/\"]}]},{\"@type\":\"ImageObject\",\"inLanguage\":\"pt-BR\",\"@id\":\"https:\/\/www.gaveanews.com\/index.php\/2019\/06\/26\/torcedor-mirim-faz-campanha-por-uma-protese-para-o-seu-braco-esquerdo-e-recebe-ajuda-de-zagueiro-do-flamengo-assista\/#primaryimage\",\"url\":\"https:\/\/www.gaveanews.com\/wp-content\/uploads\/2019\/03\/Rodrigo-Caio-e-Gabigol-durante-treinamento-no-Ninho-do-Urubu.webp\",\"contentUrl\":\"https:\/\/www.gaveanews.com\/wp-content\/uploads\/2019\/03\/Rodrigo-Caio-e-Gabigol-durante-treinamento-no-Ninho-do-Urubu.webp\",\"width\":900,\"height\":599,\"caption\":\"Rodrigo Caio e Gabigol durante treinamento no Ninho do Urubu (Foto: Alexandre Vidal\/Flamengo)\"},{\"@type\":\"BreadcrumbList\",\"@id\":\"https:\/\/www.gaveanews.com\/index.php\/2019\/06\/26\/torcedor-mirim-faz-campanha-por-uma-protese-para-o-seu-braco-esquerdo-e-recebe-ajuda-de-zagueiro-do-flamengo-assista\/#breadcrumb\",\"itemListElement\":[{\"@type\":\"ListItem\",\"position\":1,\"name\":\"Home\",\"item\":\"https:\/\/www.gaveanews.com\/\"},{\"@type\":\"ListItem\",\"position\":2,\"name\":\"Torcedor mirim faz campanha por uma pr\u00f3tese para o seu bra\u00e7o esquerdo e recebe ajuda de zagueiro do Flamengo; assista\"}]},{\"@type\":\"WebSite\",\"@id\":\"https:\/\/www.gaveanews.com\/#website\",\"url\":\"https:\/\/www.gaveanews.com\/\",\"name\":\"G\u00e1vea News\",\"description\":\"Veja todas as not\u00edcias sobre o Flamengo: Contrata\u00e7\u00f5es, categorias de base, resultados das partidas, tabela de classifica\u00e7\u00e3o, pr\u00f3ximos jogos!\",\"potentialAction\":[{\"@type\":\"SearchAction\",\"target\":{\"@type\":\"EntryPoint\",\"urlTemplate\":\"https:\/\/www.gaveanews.com\/?s={search_term_string}\"},\"query-input\":{\"@type\":\"PropertyValueSpecification\",\"valueRequired\":true,\"valueName\":\"search_term_string\"}}],\"inLanguage\":\"pt-BR\"},{\"@type\":\"Person\",\"@id\":\"https:\/\/www.gaveanews.com\/#\/schema\/person\/2ec14f73fb96be2caf28f91afb14749d\",\"name\":\"Equipe G\u00e1vea News\",\"image\":{\"@type\":\"ImageObject\",\"inLanguage\":\"pt-BR\",\"@id\":\"https:\/\/www.gaveanews.com\/#\/schema\/person\/image\/\",\"url\":\"https:\/\/secure.gravatar.com\/avatar\/1e1956f1facbffd3f8fa53a326721950116b3b9dc9bd44939c01180fd4a745a9?s=96&d=mm&r=g\",\"contentUrl\":\"https:\/\/secure.gravatar.com\/avatar\/1e1956f1facbffd3f8fa53a326721950116b3b9dc9bd44939c01180fd4a745a9?s=96&d=mm&r=g\",\"caption\":\"Equipe G\u00e1vea News\"}}]}<\/script>\n<!-- \/ Yoast SEO Premium plugin. -->","yoast_head_json":{"title":"Torcedor mirim faz campanha por uma pr\u00f3tese para o seu bra\u00e7o esquerdo e recebe ajuda de zagueiro do Flamengo; assista","robots":{"index":"index","follow":"follow","max-snippet":"max-snippet:-1","max-image-preview":"max-image-preview:large","max-video-preview":"max-video-preview:-1"},"canonical":"https:\/\/www.gaveanews.com\/index.php\/2019\/06\/26\/torcedor-mirim-faz-campanha-por-uma-protese-para-o-seu-braco-esquerdo-e-recebe-ajuda-de-zagueiro-do-flamengo-assista\/","og_locale":"pt_BR","og_type":"article","og_title":"Torcedor mirim faz campanha por uma pr\u00f3tese para o seu bra\u00e7o esquerdo e recebe ajuda de zagueiro do Flamengo; assista","og_description":"A vida do pequeno Eduardo est\u00e1 atrelada a dois momentos: os problemas vividos na inf\u00e2ncia e o amor ao Flamengo. Aos 10 anos, o menino ganhou popularidade nas redes sociais ap\u00f3s fazer campanha por uma pr\u00f3tese para o seu bra\u00e7o esquerdo, amputado em dezembro de 2018. A a\u00e7\u00e3o ganhou repercuss\u00e3o, chegou ao elenco rubro-negro e [&hellip;]","og_url":"https:\/\/www.gaveanews.com\/index.php\/2019\/06\/26\/torcedor-mirim-faz-campanha-por-uma-protese-para-o-seu-braco-esquerdo-e-recebe-ajuda-de-zagueiro-do-flamengo-assista\/","og_site_name":"G\u00e1vea News","article_publisher":"https:\/\/facebook.com\/gaveaNews\/","article_published_time":"2019-06-26T21:17:18+00:00","article_modified_time":"2019-06-26T21:17:19+00:00","og_image":[{"width":900,"height":599,"url":"https:\/\/www.gaveanews.com\/wp-content\/uploads\/2019\/03\/Rodrigo-Caio-e-Gabigol-durante-treinamento-no-Ninho-do-Urubu.webp","type":"image\/jpeg"}],"author":"Equipe G\u00e1vea News","twitter_card":"summary_large_image","twitter_misc":{"Escrito por":"Equipe G\u00e1vea News","Est. tempo de leitura":"3 minutos"},"schema":{"@context":"https:\/\/schema.org","@graph":[{"@type":"NewsArticle","@id":"https:\/\/www.gaveanews.com\/index.php\/2019\/06\/26\/torcedor-mirim-faz-campanha-por-uma-protese-para-o-seu-braco-esquerdo-e-recebe-ajuda-de-zagueiro-do-flamengo-assista\/#article","isPartOf":{"@id":"https:\/\/www.gaveanews.com\/index.php\/2019\/06\/26\/torcedor-mirim-faz-campanha-por-uma-protese-para-o-seu-braco-esquerdo-e-recebe-ajuda-de-zagueiro-do-flamengo-assista\/"},"author":{"name":"Equipe G\u00e1vea News","@id":"https:\/\/www.gaveanews.com\/#\/schema\/person\/2ec14f73fb96be2caf28f91afb14749d"},"headline":"Torcedor mirim faz campanha por uma pr\u00f3tese para o seu bra\u00e7o esquerdo e recebe ajuda de zagueiro do Flamengo; assista","datePublished":"2019-06-26T21:17:18+00:00","dateModified":"2019-06-26T21:17:19+00:00","mainEntityOfPage":{"@id":"https:\/\/www.gaveanews.com\/index.php\/2019\/06\/26\/torcedor-mirim-faz-campanha-por-uma-protese-para-o-seu-braco-esquerdo-e-recebe-ajuda-de-zagueiro-do-flamengo-assista\/"},"wordCount":536,"commentCount":0,"image":{"@id":"https:\/\/www.gaveanews.com\/index.php\/2019\/06\/26\/torcedor-mirim-faz-campanha-por-uma-protese-para-o-seu-braco-esquerdo-e-recebe-ajuda-de-zagueiro-do-flamengo-assista\/#primaryimage"},"thumbnailUrl":"https:\/\/www.gaveanews.com\/wp-content\/uploads\/2019\/03\/Rodrigo-Caio-e-Gabigol-durante-treinamento-no-Ninho-do-Urubu.webp","articleSection":["Flamengo"],"inLanguage":"pt-BR","potentialAction":[{"@type":"CommentAction","name":"Comment","target":["https:\/\/www.gaveanews.com\/index.php\/2019\/06\/26\/torcedor-mirim-faz-campanha-por-uma-protese-para-o-seu-braco-esquerdo-e-recebe-ajuda-de-zagueiro-do-flamengo-assista\/#respond"]}],"copyrightYear":"2019","copyrightHolder":{"@id":"https:\/\/www.gaveanews.com\/#organization"}},{"@type":"WebPage","@id":"https:\/\/www.gaveanews.com\/index.php\/2019\/06\/26\/torcedor-mirim-faz-campanha-por-uma-protese-para-o-seu-braco-esquerdo-e-recebe-ajuda-de-zagueiro-do-flamengo-assista\/","url":"https:\/\/www.gaveanews.com\/index.php\/2019\/06\/26\/torcedor-mirim-faz-campanha-por-uma-protese-para-o-seu-braco-esquerdo-e-recebe-ajuda-de-zagueiro-do-flamengo-assista\/","name":"Torcedor mirim faz campanha por uma pr\u00f3tese para o seu bra\u00e7o esquerdo e recebe ajuda de zagueiro do Flamengo; assista","isPartOf":{"@id":"https:\/\/www.gaveanews.com\/#website"},"primaryImageOfPage":{"@id":"https:\/\/www.gaveanews.com\/index.php\/2019\/06\/26\/torcedor-mirim-faz-campanha-por-uma-protese-para-o-seu-braco-esquerdo-e-recebe-ajuda-de-zagueiro-do-flamengo-assista\/#primaryimage"},"image":{"@id":"https:\/\/www.gaveanews.com\/index.php\/2019\/06\/26\/torcedor-mirim-faz-campanha-por-uma-protese-para-o-seu-braco-esquerdo-e-recebe-ajuda-de-zagueiro-do-flamengo-assista\/#primaryimage"},"thumbnailUrl":"https:\/\/www.gaveanews.com\/wp-content\/uploads\/2019\/03\/Rodrigo-Caio-e-Gabigol-durante-treinamento-no-Ninho-do-Urubu.webp","datePublished":"2019-06-26T21:17:18+00:00","dateModified":"2019-06-26T21:17:19+00:00","author":{"@id":"https:\/\/www.gaveanews.com\/#\/schema\/person\/2ec14f73fb96be2caf28f91afb14749d"},"breadcrumb":{"@id":"https:\/\/www.gaveanews.com\/index.php\/2019\/06\/26\/torcedor-mirim-faz-campanha-por-uma-protese-para-o-seu-braco-esquerdo-e-recebe-ajuda-de-zagueiro-do-flamengo-assista\/#breadcrumb"},"inLanguage":"pt-BR","potentialAction":[{"@type":"ReadAction","target":["https:\/\/www.gaveanews.com\/index.php\/2019\/06\/26\/torcedor-mirim-faz-campanha-por-uma-protese-para-o-seu-braco-esquerdo-e-recebe-ajuda-de-zagueiro-do-flamengo-assista\/"]}]},{"@type":"ImageObject","inLanguage":"pt-BR","@id":"https:\/\/www.gaveanews.com\/index.php\/2019\/06\/26\/torcedor-mirim-faz-campanha-por-uma-protese-para-o-seu-braco-esquerdo-e-recebe-ajuda-de-zagueiro-do-flamengo-assista\/#primaryimage","url":"https:\/\/www.gaveanews.com\/wp-content\/uploads\/2019\/03\/Rodrigo-Caio-e-Gabigol-durante-treinamento-no-Ninho-do-Urubu.webp","contentUrl":"https:\/\/www.gaveanews.com\/wp-content\/uploads\/2019\/03\/Rodrigo-Caio-e-Gabigol-durante-treinamento-no-Ninho-do-Urubu.webp","width":900,"height":599,"caption":"Rodrigo Caio e Gabigol durante treinamento no Ninho do Urubu (Foto: Alexandre Vidal\/Flamengo)"},{"@type":"BreadcrumbList","@id":"https:\/\/www.gaveanews.com\/index.php\/2019\/06\/26\/torcedor-mirim-faz-campanha-por-uma-protese-para-o-seu-braco-esquerdo-e-recebe-ajuda-de-zagueiro-do-flamengo-assista\/#breadcrumb","itemListElement":[{"@type":"ListItem","position":1,"name":"Home","item":"https:\/\/www.gaveanews.com\/"},{"@type":"ListItem","position":2,"name":"Torcedor mirim faz campanha por uma pr\u00f3tese para o seu bra\u00e7o esquerdo e recebe ajuda de zagueiro do Flamengo; assista"}]},{"@type":"WebSite","@id":"https:\/\/www.gaveanews.com\/#website","url":"https:\/\/www.gaveanews.com\/","name":"G\u00e1vea News","description":"Veja todas as not\u00edcias sobre o Flamengo: Contrata\u00e7\u00f5es, categorias de base, resultados das partidas, tabela de classifica\u00e7\u00e3o, pr\u00f3ximos jogos!","potentialAction":[{"@type":"SearchAction","target":{"@type":"EntryPoint","urlTemplate":"https:\/\/www.gaveanews.com\/?s={search_term_string}"},"query-input":{"@type":"PropertyValueSpecification","valueRequired":true,"valueName":"search_term_string"}}],"inLanguage":"pt-BR"},{"@type":"Person","@id":"https:\/\/www.gaveanews.com\/#\/schema\/person\/2ec14f73fb96be2caf28f91afb14749d","name":"Equipe G\u00e1vea News","image":{"@type":"ImageObject","inLanguage":"pt-BR","@id":"https:\/\/www.gaveanews.com\/#\/schema\/person\/image\/","url":"https:\/\/secure.gravatar.com\/avatar\/1e1956f1facbffd3f8fa53a326721950116b3b9dc9bd44939c01180fd4a745a9?s=96&d=mm&r=g","contentUrl":"https:\/\/secure.gravatar.com\/avatar\/1e1956f1facbffd3f8fa53a326721950116b3b9dc9bd44939c01180fd4a745a9?s=96&d=mm&r=g","caption":"Equipe G\u00e1vea News"}}]}},"_links":{"self":[{"href":"https:\/\/www.gaveanews.com\/index.php\/wp-json\/wp\/v2\/posts\/22224","targetHints":{"allow":["GET"]}}],"collection":[{"href":"https:\/\/www.gaveanews.com\/index.php\/wp-json\/wp\/v2\/posts"}],"about":[{"href":"https:\/\/www.gaveanews.com\/index.php\/wp-json\/wp\/v2\/types\/post"}],"author":[{"embeddable":true,"href":"https:\/\/www.gaveanews.com\/index.php\/wp-json\/wp\/v2\/users\/1"}],"replies":[{"embeddable":true,"href":"https:\/\/www.gaveanews.com\/index.php\/wp-json\/wp\/v2\/comments?post=22224"}],"version-history":[{"count":0,"href":"https:\/\/www.gaveanews.com\/index.php\/wp-json\/wp\/v2\/posts\/22224\/revisions"}],"wp:featuredmedia":[{"embeddable":true,"href":"https:\/\/www.gaveanews.com\/index.php\/wp-json\/wp\/v2\/media\/15116"}],"wp:attachment":[{"href":"https:\/\/www.gaveanews.com\/index.php\/wp-json\/wp\/v2\/media?parent=22224"}],"wp:term":[{"taxonomy":"category","embeddable":true,"href":"https:\/\/www.gaveanews.com\/index.php\/wp-json\/wp\/v2\/categories?post=22224"},{"taxonomy":"post_tag","embeddable":true,"href":"https:\/\/www.gaveanews.com\/index.php\/wp-json\/wp\/v2\/tags?post=22224"}],"curies":[{"name":"wp","href":"https:\/\/api.w.org\/{rel}","templated":true}]}}