{"id":222349,"date":"2025-02-03T15:30:00","date_gmt":"2025-02-03T18:30:00","guid":{"rendered":"https:\/\/www.gaveanews.com\/?p=222349"},"modified":"2025-02-03T14:31:45","modified_gmt":"2025-02-03T17:31:45","slug":"ct-do-flamengo-sofre-modificacao-apos-titulo-da-supercopa-veja","status":"publish","type":"post","link":"https:\/\/www.gaveanews.com\/index.php\/2025\/02\/03\/ct-do-flamengo-sofre-modificacao-apos-titulo-da-supercopa-veja\/","title":{"rendered":"CT do Flamengo sofre modifica\u00e7\u00e3o ap\u00f3s t\u00edtulo da Supercopa; veja"},"content":{"rendered":"\n<p>O Flamengo segue consolidando sua hegemonia no futebol brasileiro e, com isso, j\u00e1 atualizou o muro do Ninho do Urubu com mais uma conquista.&nbsp;<\/p>\n\n\n\n<p>O terceiro t\u00edtulo da Supercopa do Brasil agora faz parte da hist\u00f3ria estampada no centro de treinamento rubro-negro. A ta\u00e7a foi garantida ap\u00f3s a vit\u00f3ria sobre o Botafogo por 3 a 1 no Mangueir\u00e3o, em Bel\u00e9m, em um jogo que teve de tudo, at\u00e9 paralisa\u00e7\u00e3o por conta da forte chuva.<\/p>\n\n\n\n<h2 class=\"wp-block-heading\" id=\"h-ct-do-flamengo-ja-exibe-nova-conquista\">CT do Flamengo j\u00e1 exibe nova conquista<\/h2>\n\n\n\n<p>Ap\u00f3s o triunfo, o Flamengo n\u00e3o perdeu tempo e atualizou o muro do Ninho do Urubu, seu centro de treinamento, para registrar mais um t\u00edtulo. Vale destacar que essa tradi\u00e7\u00e3o refor\u00e7a a grandeza do clube e mant\u00e9m viva a hist\u00f3ria de suas conquistas.<\/p>\n\n\n\n<p>Al\u00e9m disso, o t\u00edtulo refor\u00e7a o bom in\u00edcio de trabalho de Filipe Lu\u00eds no comando da equipe. Dessa maneira, o rubro-negro segue embalado e com a confian\u00e7a em alta para os desafios da temporada.<\/p>\n\n\n\n<blockquote class=\"twitter-tweet\"><p lang=\"pt\" dir=\"ltr\">Muro do Ninho do Urubu, CT do Flamengo, j\u00e1 foi atualizado com a conquista do 3\u00ba t\u00edtulo da Supercopa do Brasil.<br><br>\ud83d\udcf8 <a href=\"https:\/\/twitter.com\/_ramonwesley?ref_src=twsrc%5Etfw\">@_ramonwesley<\/a> <a href=\"https:\/\/t.co\/QEs2dIACIk\">pic.twitter.com\/QEs2dIACIk<\/a><\/p>&mdash; Planeta do Futebol \ud83c\udf0e (@futebol_info) <a href=\"https:\/\/twitter.com\/futebol_info\/status\/1886391641474249107?ref_src=twsrc%5Etfw\">February 3, 2025<\/a><\/blockquote> <script async src=\"https:\/\/platform.twitter.com\/widgets.js\" charset=\"utf-8\"><\/script>\n\n\n\n<h2 class=\"wp-block-heading\" id=\"h-jogo-movimentado-e-paralisacao-inesperada\">Jogo movimentado e paralisa\u00e7\u00e3o inesperada<\/h2>\n\n\n\n<p>O primeiro tempo foi dominado pelo Flamengo, que imp\u00f4s seu ritmo e abriu vantagem rapidamente. No entanto, um fator inusitado chamou a aten\u00e7\u00e3o: a chuva torrencial que caiu no Mangueir\u00e3o. A arbitragem precisou paralisar o duelo por uma hora e 12 minutos para esperar melhores condi\u00e7\u00f5es do gramado.<\/p>\n\n\n\n<p>Sendo assim, com a bola rolando novamente, o Flamengo manteve o controle da partida. O Botafogo tentou reagir no segundo tempo, mas teve dificuldades para criar chances claras. Dessa maneira, o t\u00edtulo rubro-negro foi confirmado sem grandes sustos.<\/p>\n\n\n\n<h2 class=\"wp-block-heading\" id=\"h-bruno-henrique-brilha-e-conduz-o-flamengo-ao-titulo\">Bruno Henrique brilha e conduz o Flamengo ao t\u00edtulo<\/h2>\n\n\n\n<p>O destaque da final foi, sem d\u00favidas, Bruno Henrique. O atacante fez os dois primeiros gols do Flamengo ainda no primeiro tempo, sendo pe\u00e7a fundamental para o triunfo. O primeiro saiu aos 12 minutos, em cobran\u00e7a de p\u00eanalti sofrido por Lucas Halter. Pouco depois, aos 19, o camisa 27 recebeu passe de Michael e ampliou com um belo gol.<\/p>\n\n\n\n<p>Al\u00e9m disso, vale destacar que Luiz Ara\u00fajo tamb\u00e9m deixou sua marca, fechando o placar para o rubro-negro. Pelo lado do Botafogo, Patrick de Paula descontou j\u00e1 na reta final da partida.<\/p>\n\n\n\n<h2 class=\"wp-block-heading\" id=\"h-flamengo-amplia-sua-hegemonia-na-supercopa\">Flamengo amplia sua hegemonia na Supercopa<\/h2>\n\n\n\n<p>Com esse triunfo, o Flamengo chegou ao seu terceiro t\u00edtulo da Supercopa do Brasil, reafirmando sua posi\u00e7\u00e3o de maior vencedor da hist\u00f3ria da competi\u00e7\u00e3o. O clube j\u00e1 havia levantado o trof\u00e9u em 2020 e 2021.<\/p>\n\n\n\n<p>Por isso, a expectativa \u00e9 alta para os pr\u00f3ximos desafios do Flamengo na temporada.<\/p>\n","protected":false},"excerpt":{"rendered":"<p>O Flamengo segue consolidando sua hegemonia no futebol brasileiro e, com isso, j\u00e1 atualizou o muro do Ninho do Urubu com mais uma conquista.&nbsp; O terceiro t\u00edtulo da Supercopa do Brasil agora faz parte da hist\u00f3ria estampada no centro de treinamento rubro-negro. A ta\u00e7a foi garantida ap\u00f3s a vit\u00f3ria sobre o Botafogo por 3 a [&hellip;]<\/p>\n","protected":false},"author":25,"featured_media":64001,"comment_status":"open","ping_status":"closed","sticky":false,"template":"","format":"standard","meta":{"footnotes":""},"categories":[1],"tags":[],"class_list":["post-222349","post","type-post","status-publish","format-standard","has-post-thumbnail","hentry","category-flamengo"],"yoast_head":"<!-- This site is optimized with the Yoast SEO Premium plugin v24.2 (Yoast SEO v26.9) - https:\/\/yoast.com\/product\/yoast-seo-premium-wordpress\/ -->\n<title>CT do Flamengo sofre modifica\u00e7\u00e3o ap\u00f3s t\u00edtulo da Supercopa; veja<\/title>\n<meta name=\"robots\" content=\"index, follow, max-snippet:-1, max-image-preview:large, max-video-preview:-1\" \/>\n<link rel=\"canonical\" href=\"https:\/\/www.gaveanews.com\/index.php\/2025\/02\/03\/ct-do-flamengo-sofre-modificacao-apos-titulo-da-supercopa-veja\/\" \/>\n<meta property=\"og:locale\" content=\"pt_BR\" \/>\n<meta property=\"og:type\" content=\"article\" \/>\n<meta property=\"og:title\" content=\"CT do Flamengo sofre modifica\u00e7\u00e3o ap\u00f3s t\u00edtulo da Supercopa; veja\" \/>\n<meta property=\"og:description\" content=\"O Flamengo segue consolidando sua hegemonia no futebol brasileiro e, com isso, j\u00e1 atualizou o muro do Ninho do Urubu com mais uma conquista.&nbsp; O terceiro t\u00edtulo da Supercopa do Brasil agora faz parte da hist\u00f3ria estampada no centro de treinamento rubro-negro. A ta\u00e7a foi garantida ap\u00f3s a vit\u00f3ria sobre o Botafogo por 3 a [&hellip;]\" \/>\n<meta property=\"og:url\" content=\"https:\/\/www.gaveanews.com\/index.php\/2025\/02\/03\/ct-do-flamengo-sofre-modificacao-apos-titulo-da-supercopa-veja\/\" \/>\n<meta property=\"og:site_name\" content=\"G\u00e1vea News\" \/>\n<meta property=\"article:publisher\" content=\"https:\/\/facebook.com\/gaveaNews\/\" \/>\n<meta property=\"article:published_time\" content=\"2025-02-03T18:30:00+00:00\" \/>\n<meta property=\"og:image\" content=\"https:\/\/www.gaveanews.com\/wp-content\/uploads\/Bandeira-do-Flamengo-no-estadio-do-Corinthians-antes-do-jogo-contra-o-Fluminense-pelo-Campeonato-Brasileiro-de-2021.webp\" \/>\n\t<meta property=\"og:image:width\" content=\"799\" \/>\n\t<meta property=\"og:image:height\" content=\"532\" \/>\n\t<meta property=\"og:image:type\" content=\"image\/jpeg\" \/>\n<meta name=\"author\" content=\"Rafaela Ladeira\" \/>\n<meta name=\"twitter:card\" content=\"summary_large_image\" \/>\n<meta name=\"twitter:label1\" content=\"Escrito por\" \/>\n\t<meta name=\"twitter:data1\" content=\"Rafaela Ladeira\" \/>\n\t<meta name=\"twitter:label2\" content=\"Est. tempo de leitura\" \/>\n\t<meta name=\"twitter:data2\" content=\"3 minutos\" \/>\n<script type=\"application\/ld+json\" class=\"yoast-schema-graph\">{\"@context\":\"https:\/\/schema.org\",\"@graph\":[{\"@type\":\"NewsArticle\",\"@id\":\"https:\/\/www.gaveanews.com\/index.php\/2025\/02\/03\/ct-do-flamengo-sofre-modificacao-apos-titulo-da-supercopa-veja\/#article\",\"isPartOf\":{\"@id\":\"https:\/\/www.gaveanews.com\/index.php\/2025\/02\/03\/ct-do-flamengo-sofre-modificacao-apos-titulo-da-supercopa-veja\/\"},\"author\":{\"name\":\"Rafaela Ladeira\",\"@id\":\"https:\/\/www.gaveanews.com\/#\/schema\/person\/0eb3e3fe1754f0205218538adbe8f5ed\"},\"headline\":\"CT do Flamengo sofre modifica\u00e7\u00e3o ap\u00f3s t\u00edtulo da Supercopa; veja\",\"datePublished\":\"2025-02-03T18:30:00+00:00\",\"mainEntityOfPage\":{\"@id\":\"https:\/\/www.gaveanews.com\/index.php\/2025\/02\/03\/ct-do-flamengo-sofre-modificacao-apos-titulo-da-supercopa-veja\/\"},\"wordCount\":483,\"commentCount\":0,\"image\":{\"@id\":\"https:\/\/www.gaveanews.com\/index.php\/2025\/02\/03\/ct-do-flamengo-sofre-modificacao-apos-titulo-da-supercopa-veja\/#primaryimage\"},\"thumbnailUrl\":\"https:\/\/www.gaveanews.com\/wp-content\/uploads\/Bandeira-do-Flamengo-no-estadio-do-Corinthians-antes-do-jogo-contra-o-Fluminense-pelo-Campeonato-Brasileiro-de-2021.webp\",\"articleSection\":[\"Flamengo\"],\"inLanguage\":\"pt-BR\",\"potentialAction\":[{\"@type\":\"CommentAction\",\"name\":\"Comment\",\"target\":[\"https:\/\/www.gaveanews.com\/index.php\/2025\/02\/03\/ct-do-flamengo-sofre-modificacao-apos-titulo-da-supercopa-veja\/#respond\"]}],\"copyrightYear\":\"2025\",\"copyrightHolder\":{\"@id\":\"https:\/\/www.gaveanews.com\/#organization\"}},{\"@type\":\"WebPage\",\"@id\":\"https:\/\/www.gaveanews.com\/index.php\/2025\/02\/03\/ct-do-flamengo-sofre-modificacao-apos-titulo-da-supercopa-veja\/\",\"url\":\"https:\/\/www.gaveanews.com\/index.php\/2025\/02\/03\/ct-do-flamengo-sofre-modificacao-apos-titulo-da-supercopa-veja\/\",\"name\":\"CT do Flamengo sofre modifica\u00e7\u00e3o ap\u00f3s t\u00edtulo da Supercopa; veja\",\"isPartOf\":{\"@id\":\"https:\/\/www.gaveanews.com\/#website\"},\"primaryImageOfPage\":{\"@id\":\"https:\/\/www.gaveanews.com\/index.php\/2025\/02\/03\/ct-do-flamengo-sofre-modificacao-apos-titulo-da-supercopa-veja\/#primaryimage\"},\"image\":{\"@id\":\"https:\/\/www.gaveanews.com\/index.php\/2025\/02\/03\/ct-do-flamengo-sofre-modificacao-apos-titulo-da-supercopa-veja\/#primaryimage\"},\"thumbnailUrl\":\"https:\/\/www.gaveanews.com\/wp-content\/uploads\/Bandeira-do-Flamengo-no-estadio-do-Corinthians-antes-do-jogo-contra-o-Fluminense-pelo-Campeonato-Brasileiro-de-2021.webp\",\"datePublished\":\"2025-02-03T18:30:00+00:00\",\"author\":{\"@id\":\"https:\/\/www.gaveanews.com\/#\/schema\/person\/0eb3e3fe1754f0205218538adbe8f5ed\"},\"breadcrumb\":{\"@id\":\"https:\/\/www.gaveanews.com\/index.php\/2025\/02\/03\/ct-do-flamengo-sofre-modificacao-apos-titulo-da-supercopa-veja\/#breadcrumb\"},\"inLanguage\":\"pt-BR\",\"potentialAction\":[{\"@type\":\"ReadAction\",\"target\":[\"https:\/\/www.gaveanews.com\/index.php\/2025\/02\/03\/ct-do-flamengo-sofre-modificacao-apos-titulo-da-supercopa-veja\/\"]}]},{\"@type\":\"ImageObject\",\"inLanguage\":\"pt-BR\",\"@id\":\"https:\/\/www.gaveanews.com\/index.php\/2025\/02\/03\/ct-do-flamengo-sofre-modificacao-apos-titulo-da-supercopa-veja\/#primaryimage\",\"url\":\"https:\/\/www.gaveanews.com\/wp-content\/uploads\/Bandeira-do-Flamengo-no-estadio-do-Corinthians-antes-do-jogo-contra-o-Fluminense-pelo-Campeonato-Brasileiro-de-2021.webp\",\"contentUrl\":\"https:\/\/www.gaveanews.com\/wp-content\/uploads\/Bandeira-do-Flamengo-no-estadio-do-Corinthians-antes-do-jogo-contra-o-Fluminense-pelo-Campeonato-Brasileiro-de-2021.webp\",\"width\":799,\"height\":532,\"caption\":\"Bandeira do Flamengo no est\u00e1dio do Corinthians antes do jogo contra o Fluminense pelo Campeonato Brasileiro de 2021 (Foto: Alexandre Vidal\/Flamengo)\"},{\"@type\":\"BreadcrumbList\",\"@id\":\"https:\/\/www.gaveanews.com\/index.php\/2025\/02\/03\/ct-do-flamengo-sofre-modificacao-apos-titulo-da-supercopa-veja\/#breadcrumb\",\"itemListElement\":[{\"@type\":\"ListItem\",\"position\":1,\"name\":\"Home\",\"item\":\"https:\/\/www.gaveanews.com\/\"},{\"@type\":\"ListItem\",\"position\":2,\"name\":\"CT do Flamengo sofre modifica\u00e7\u00e3o ap\u00f3s t\u00edtulo da Supercopa; veja\"}]},{\"@type\":\"WebSite\",\"@id\":\"https:\/\/www.gaveanews.com\/#website\",\"url\":\"https:\/\/www.gaveanews.com\/\",\"name\":\"G\u00e1vea News\",\"description\":\"Veja todas as not\u00edcias sobre o Flamengo: Contrata\u00e7\u00f5es, categorias de base, resultados das partidas, tabela de classifica\u00e7\u00e3o, pr\u00f3ximos jogos!\",\"potentialAction\":[{\"@type\":\"SearchAction\",\"target\":{\"@type\":\"EntryPoint\",\"urlTemplate\":\"https:\/\/www.gaveanews.com\/?s={search_term_string}\"},\"query-input\":{\"@type\":\"PropertyValueSpecification\",\"valueRequired\":true,\"valueName\":\"search_term_string\"}}],\"inLanguage\":\"pt-BR\"},{\"@type\":\"Person\",\"@id\":\"https:\/\/www.gaveanews.com\/#\/schema\/person\/0eb3e3fe1754f0205218538adbe8f5ed\",\"name\":\"Rafaela Ladeira\",\"image\":{\"@type\":\"ImageObject\",\"inLanguage\":\"pt-BR\",\"@id\":\"https:\/\/www.gaveanews.com\/#\/schema\/person\/image\/\",\"url\":\"https:\/\/secure.gravatar.com\/avatar\/c31f513acffd85eacab5730cbdfdbbf59f21ba5aeada8cd890acea879fbb2455?s=96&d=mm&r=g\",\"contentUrl\":\"https:\/\/secure.gravatar.com\/avatar\/c31f513acffd85eacab5730cbdfdbbf59f21ba5aeada8cd890acea879fbb2455?s=96&d=mm&r=g\",\"caption\":\"Rafaela Ladeira\"}}]}<\/script>\n<!-- \/ Yoast SEO Premium plugin. -->","yoast_head_json":{"title":"CT do Flamengo sofre modifica\u00e7\u00e3o ap\u00f3s t\u00edtulo da Supercopa; veja","robots":{"index":"index","follow":"follow","max-snippet":"max-snippet:-1","max-image-preview":"max-image-preview:large","max-video-preview":"max-video-preview:-1"},"canonical":"https:\/\/www.gaveanews.com\/index.php\/2025\/02\/03\/ct-do-flamengo-sofre-modificacao-apos-titulo-da-supercopa-veja\/","og_locale":"pt_BR","og_type":"article","og_title":"CT do Flamengo sofre modifica\u00e7\u00e3o ap\u00f3s t\u00edtulo da Supercopa; veja","og_description":"O Flamengo segue consolidando sua hegemonia no futebol brasileiro e, com isso, j\u00e1 atualizou o muro do Ninho do Urubu com mais uma conquista.&nbsp; O terceiro t\u00edtulo da Supercopa do Brasil agora faz parte da hist\u00f3ria estampada no centro de treinamento rubro-negro. A ta\u00e7a foi garantida ap\u00f3s a vit\u00f3ria sobre o Botafogo por 3 a [&hellip;]","og_url":"https:\/\/www.gaveanews.com\/index.php\/2025\/02\/03\/ct-do-flamengo-sofre-modificacao-apos-titulo-da-supercopa-veja\/","og_site_name":"G\u00e1vea News","article_publisher":"https:\/\/facebook.com\/gaveaNews\/","article_published_time":"2025-02-03T18:30:00+00:00","og_image":[{"width":799,"height":532,"url":"https:\/\/www.gaveanews.com\/wp-content\/uploads\/Bandeira-do-Flamengo-no-estadio-do-Corinthians-antes-do-jogo-contra-o-Fluminense-pelo-Campeonato-Brasileiro-de-2021.webp","type":"image\/jpeg"}],"author":"Rafaela Ladeira","twitter_card":"summary_large_image","twitter_misc":{"Escrito por":"Rafaela Ladeira","Est. tempo de leitura":"3 minutos"},"schema":{"@context":"https:\/\/schema.org","@graph":[{"@type":"NewsArticle","@id":"https:\/\/www.gaveanews.com\/index.php\/2025\/02\/03\/ct-do-flamengo-sofre-modificacao-apos-titulo-da-supercopa-veja\/#article","isPartOf":{"@id":"https:\/\/www.gaveanews.com\/index.php\/2025\/02\/03\/ct-do-flamengo-sofre-modificacao-apos-titulo-da-supercopa-veja\/"},"author":{"name":"Rafaela Ladeira","@id":"https:\/\/www.gaveanews.com\/#\/schema\/person\/0eb3e3fe1754f0205218538adbe8f5ed"},"headline":"CT do Flamengo sofre modifica\u00e7\u00e3o ap\u00f3s t\u00edtulo da Supercopa; veja","datePublished":"2025-02-03T18:30:00+00:00","mainEntityOfPage":{"@id":"https:\/\/www.gaveanews.com\/index.php\/2025\/02\/03\/ct-do-flamengo-sofre-modificacao-apos-titulo-da-supercopa-veja\/"},"wordCount":483,"commentCount":0,"image":{"@id":"https:\/\/www.gaveanews.com\/index.php\/2025\/02\/03\/ct-do-flamengo-sofre-modificacao-apos-titulo-da-supercopa-veja\/#primaryimage"},"thumbnailUrl":"https:\/\/www.gaveanews.com\/wp-content\/uploads\/Bandeira-do-Flamengo-no-estadio-do-Corinthians-antes-do-jogo-contra-o-Fluminense-pelo-Campeonato-Brasileiro-de-2021.webp","articleSection":["Flamengo"],"inLanguage":"pt-BR","potentialAction":[{"@type":"CommentAction","name":"Comment","target":["https:\/\/www.gaveanews.com\/index.php\/2025\/02\/03\/ct-do-flamengo-sofre-modificacao-apos-titulo-da-supercopa-veja\/#respond"]}],"copyrightYear":"2025","copyrightHolder":{"@id":"https:\/\/www.gaveanews.com\/#organization"}},{"@type":"WebPage","@id":"https:\/\/www.gaveanews.com\/index.php\/2025\/02\/03\/ct-do-flamengo-sofre-modificacao-apos-titulo-da-supercopa-veja\/","url":"https:\/\/www.gaveanews.com\/index.php\/2025\/02\/03\/ct-do-flamengo-sofre-modificacao-apos-titulo-da-supercopa-veja\/","name":"CT do Flamengo sofre modifica\u00e7\u00e3o ap\u00f3s t\u00edtulo da Supercopa; veja","isPartOf":{"@id":"https:\/\/www.gaveanews.com\/#website"},"primaryImageOfPage":{"@id":"https:\/\/www.gaveanews.com\/index.php\/2025\/02\/03\/ct-do-flamengo-sofre-modificacao-apos-titulo-da-supercopa-veja\/#primaryimage"},"image":{"@id":"https:\/\/www.gaveanews.com\/index.php\/2025\/02\/03\/ct-do-flamengo-sofre-modificacao-apos-titulo-da-supercopa-veja\/#primaryimage"},"thumbnailUrl":"https:\/\/www.gaveanews.com\/wp-content\/uploads\/Bandeira-do-Flamengo-no-estadio-do-Corinthians-antes-do-jogo-contra-o-Fluminense-pelo-Campeonato-Brasileiro-de-2021.webp","datePublished":"2025-02-03T18:30:00+00:00","author":{"@id":"https:\/\/www.gaveanews.com\/#\/schema\/person\/0eb3e3fe1754f0205218538adbe8f5ed"},"breadcrumb":{"@id":"https:\/\/www.gaveanews.com\/index.php\/2025\/02\/03\/ct-do-flamengo-sofre-modificacao-apos-titulo-da-supercopa-veja\/#breadcrumb"},"inLanguage":"pt-BR","potentialAction":[{"@type":"ReadAction","target":["https:\/\/www.gaveanews.com\/index.php\/2025\/02\/03\/ct-do-flamengo-sofre-modificacao-apos-titulo-da-supercopa-veja\/"]}]},{"@type":"ImageObject","inLanguage":"pt-BR","@id":"https:\/\/www.gaveanews.com\/index.php\/2025\/02\/03\/ct-do-flamengo-sofre-modificacao-apos-titulo-da-supercopa-veja\/#primaryimage","url":"https:\/\/www.gaveanews.com\/wp-content\/uploads\/Bandeira-do-Flamengo-no-estadio-do-Corinthians-antes-do-jogo-contra-o-Fluminense-pelo-Campeonato-Brasileiro-de-2021.webp","contentUrl":"https:\/\/www.gaveanews.com\/wp-content\/uploads\/Bandeira-do-Flamengo-no-estadio-do-Corinthians-antes-do-jogo-contra-o-Fluminense-pelo-Campeonato-Brasileiro-de-2021.webp","width":799,"height":532,"caption":"Bandeira do Flamengo no est\u00e1dio do Corinthians antes do jogo contra o Fluminense pelo Campeonato Brasileiro de 2021 (Foto: Alexandre Vidal\/Flamengo)"},{"@type":"BreadcrumbList","@id":"https:\/\/www.gaveanews.com\/index.php\/2025\/02\/03\/ct-do-flamengo-sofre-modificacao-apos-titulo-da-supercopa-veja\/#breadcrumb","itemListElement":[{"@type":"ListItem","position":1,"name":"Home","item":"https:\/\/www.gaveanews.com\/"},{"@type":"ListItem","position":2,"name":"CT do Flamengo sofre modifica\u00e7\u00e3o ap\u00f3s t\u00edtulo da Supercopa; veja"}]},{"@type":"WebSite","@id":"https:\/\/www.gaveanews.com\/#website","url":"https:\/\/www.gaveanews.com\/","name":"G\u00e1vea News","description":"Veja todas as not\u00edcias sobre o Flamengo: Contrata\u00e7\u00f5es, categorias de base, resultados das partidas, tabela de classifica\u00e7\u00e3o, pr\u00f3ximos jogos!","potentialAction":[{"@type":"SearchAction","target":{"@type":"EntryPoint","urlTemplate":"https:\/\/www.gaveanews.com\/?s={search_term_string}"},"query-input":{"@type":"PropertyValueSpecification","valueRequired":true,"valueName":"search_term_string"}}],"inLanguage":"pt-BR"},{"@type":"Person","@id":"https:\/\/www.gaveanews.com\/#\/schema\/person\/0eb3e3fe1754f0205218538adbe8f5ed","name":"Rafaela Ladeira","image":{"@type":"ImageObject","inLanguage":"pt-BR","@id":"https:\/\/www.gaveanews.com\/#\/schema\/person\/image\/","url":"https:\/\/secure.gravatar.com\/avatar\/c31f513acffd85eacab5730cbdfdbbf59f21ba5aeada8cd890acea879fbb2455?s=96&d=mm&r=g","contentUrl":"https:\/\/secure.gravatar.com\/avatar\/c31f513acffd85eacab5730cbdfdbbf59f21ba5aeada8cd890acea879fbb2455?s=96&d=mm&r=g","caption":"Rafaela Ladeira"}}]}},"_links":{"self":[{"href":"https:\/\/www.gaveanews.com\/index.php\/wp-json\/wp\/v2\/posts\/222349","targetHints":{"allow":["GET"]}}],"collection":[{"href":"https:\/\/www.gaveanews.com\/index.php\/wp-json\/wp\/v2\/posts"}],"about":[{"href":"https:\/\/www.gaveanews.com\/index.php\/wp-json\/wp\/v2\/types\/post"}],"author":[{"embeddable":true,"href":"https:\/\/www.gaveanews.com\/index.php\/wp-json\/wp\/v2\/users\/25"}],"replies":[{"embeddable":true,"href":"https:\/\/www.gaveanews.com\/index.php\/wp-json\/wp\/v2\/comments?post=222349"}],"version-history":[{"count":2,"href":"https:\/\/www.gaveanews.com\/index.php\/wp-json\/wp\/v2\/posts\/222349\/revisions"}],"predecessor-version":[{"id":222387,"href":"https:\/\/www.gaveanews.com\/index.php\/wp-json\/wp\/v2\/posts\/222349\/revisions\/222387"}],"wp:featuredmedia":[{"embeddable":true,"href":"https:\/\/www.gaveanews.com\/index.php\/wp-json\/wp\/v2\/media\/64001"}],"wp:attachment":[{"href":"https:\/\/www.gaveanews.com\/index.php\/wp-json\/wp\/v2\/media?parent=222349"}],"wp:term":[{"taxonomy":"category","embeddable":true,"href":"https:\/\/www.gaveanews.com\/index.php\/wp-json\/wp\/v2\/categories?post=222349"},{"taxonomy":"post_tag","embeddable":true,"href":"https:\/\/www.gaveanews.com\/index.php\/wp-json\/wp\/v2\/tags?post=222349"}],"curies":[{"name":"wp","href":"https:\/\/api.w.org\/{rel}","templated":true}]}}