{"id":222358,"date":"2025-02-03T15:20:00","date_gmt":"2025-02-03T18:20:00","guid":{"rendered":"https:\/\/www.gaveanews.com\/?p=222358"},"modified":"2025-02-03T14:29:30","modified_gmt":"2025-02-03T17:29:30","slug":"selecao-brasileira-a-declaracao-de-dorival-junior-direcionada-a-neymar-do-santos","status":"publish","type":"post","link":"https:\/\/www.gaveanews.com\/index.php\/2025\/02\/03\/selecao-brasileira-a-declaracao-de-dorival-junior-direcionada-a-neymar-do-santos\/","title":{"rendered":"Sele\u00e7\u00e3o Brasileira: a declara\u00e7\u00e3o de Dorival J\u00fanior direcionada a Neymar, do Santos"},"content":{"rendered":"\n<p>O retorno de Neymar ao Santos agitou o cen\u00e1rio do futebol nacional e internacional, colocando o atacante em destaque nas \u00faltimas semanas. Ap\u00f3s mais de uma d\u00e9cada afastado, o craque voltou ao clube que o formou com um objetivo claro: reconquistar seu protagonismo e, quem sabe, uma vaga na Sele\u00e7\u00e3o Brasileira para a sua \u00faltima Copa do Mundo.&nbsp;<\/p>\n\n\n\n<p>O cen\u00e1rio \u00e9 promissor, mas a opini\u00e3o de Dorival J\u00fanior sobre o momento de Neymar gerou pol\u00eamica entre os torcedores.<\/p>\n\n\n\n<h2 class=\"wp-block-heading\" id=\"h-neymar-e-o-sonho-da-ultima-copa\">Neymar e o sonho da \u00faltima Copa<\/h2>\n\n\n\n<figure class=\"wp-block-image size-full\"><img loading=\"lazy\" decoding=\"async\" width=\"573\" height=\"636\" src=\"http:\/\/www.gaveanews.com\/wp-content\/uploads\/Neymar-volta-ao-Santos.webp\" alt=\"\" class=\"wp-image-221593\"\/><figcaption class=\"wp-element-caption\">Neymar volta ao Santos (Foto: GuilhermeKastner \/ Santos FC)<\/figcaption><\/figure>\n\n\n\n<p>Em sua coletiva de apresenta\u00e7\u00e3o no Santos, Neymar n\u00e3o escondeu a sua ambi\u00e7\u00e3o de voltar a defender a Sele\u00e7\u00e3o Brasileira, dizendo que &#8220;ainda tem algo a conquistar&#8221;.&nbsp;<\/p>\n\n\n\n<p>O jogador destacou que busca uma \u00faltima chance no Mundial, ressaltando sua miss\u00e3o pessoal: &#8220;Tenho uma miss\u00e3o que eu acho que \u00e9 a minha \u00faltima [Copa do Mundo] e eu vou atr\u00e1s dela de qualquer jeito. Tenho metas e objetivos para seguir&#8221;.&nbsp;<\/p>\n\n\n\n<p>Desde sua estreia em 2014, no Brasil, o atacante j\u00e1 se consolidou como um dos maiores nomes do futebol mundial, mas agora tem a esperan\u00e7a de fechar sua trajet\u00f3ria na sele\u00e7\u00e3o com chave de ouro.<\/p>\n\n\n\n<h2 class=\"wp-block-heading\" id=\"h-dorival-jr-e-o-retorno-ao-santos\">Dorival Jr. e o retorno ao Santos<\/h2>\n\n\n\n<p>O t\u00e9cnico Dorival J\u00fanior, que atualmente comanda a Sele\u00e7\u00e3o Brasileira, foi convidado para comentar sobre o futebol nacional durante a transmiss\u00e3o da Supercopa Rei na Globo. Ele falou sobre o retorno de Neymar ao clube e a expectativa que isso gera, principalmente para o jogador, que reencontrou o ambiente onde tudo come\u00e7ou.&nbsp;<\/p>\n\n\n\n<p>Para Dorival, o momento de Neymar \u00e9 crucial: &#8220;Nesse momento o que ele precisa \u00e9 isso, atuar, no local que ele sinta o carinho do seu torcedor, lugar onde ele nasceu e se apresentou ao mundo. Retornando agora ainda em condi\u00e7\u00f5es de ser protagonista do futebol mundial.&#8221;<\/p>\n\n\n\n<p>Apesar de ser uma fala inofensiva e realista, a declara\u00e7\u00e3o gerou cr\u00edticas por parte de torcedores santistas. Muitos manifestaram insatisfa\u00e7\u00e3o com o t\u00e9cnico, com um internauta escrevendo: &#8220;Esse Dorival Jr n\u00e3o sabe nem o que fala, fala nada com nada, \u00e9 FRACO&#8221;, enquanto outro comentou: &#8220;O Dorival calado \u00e9 um poeta!&#8221;.&nbsp;<\/p>\n\n\n\n<h2 class=\"wp-block-heading\" id=\"h-o-futuro-da-selecao-brasileira-e-as-palavras-de-dorival\">O futuro da Sele\u00e7\u00e3o Brasileira e as palavras de Dorival<\/h2>\n\n\n\n<p>Al\u00e9m das declara\u00e7\u00f5es sobre Neymar, Dorival tamb\u00e9m se mostrou confiante no futuro da Sele\u00e7\u00e3o Brasileira. Ele pediu apoio ao torcedor, refor\u00e7ando que, apesar do momento delicado, a equipe tem potencial para se classificar para a Copa do Mundo de 2026:&nbsp;<\/p>\n\n\n\n<p>&#8220;Eu falo ao torcedor brasileiro: acreditem, confiem. Nosso momento n\u00e3o \u00e9 aquilo que quer\u00edamos, mas n\u00f3s vamos nos classificar e vamos em busca da vaga na final da Copa do Mundo. Eu acredito piamente que isso vai acontecer&#8221;.&nbsp;<\/p>\n\n\n\n<p>A pr\u00f3xima data FIFA, marcada para o dia 17 de mar\u00e7o, ser\u00e1 um momento crucial nas Eliminat\u00f3rias, onde a sele\u00e7\u00e3o buscar\u00e1 melhorar seu desempenho e garantir a classifica\u00e7\u00e3o para o pr\u00f3ximo Mundial.<\/p>\n","protected":false},"excerpt":{"rendered":"<p>O retorno de Neymar ao Santos agitou o cen\u00e1rio do futebol nacional e internacional, colocando o atacante em destaque nas \u00faltimas semanas. Ap\u00f3s mais de uma d\u00e9cada afastado, o craque voltou ao clube que o formou com um objetivo claro: reconquistar seu protagonismo e, quem sabe, uma vaga na Sele\u00e7\u00e3o Brasileira para a sua \u00faltima [&hellip;]<\/p>\n","protected":false},"author":25,"featured_media":84790,"comment_status":"open","ping_status":"closed","sticky":false,"template":"","format":"standard","meta":{"footnotes":""},"categories":[139],"tags":[],"class_list":["post-222358","post","type-post","status-publish","format-standard","has-post-thumbnail","hentry","category-santos"],"yoast_head":"<!-- This site is optimized with the Yoast SEO Premium plugin v24.2 (Yoast SEO v26.9) - https:\/\/yoast.com\/product\/yoast-seo-premium-wordpress\/ -->\n<title>Sele\u00e7\u00e3o Brasileira: a declara\u00e7\u00e3o de Dorival J\u00fanior direcionada a Neymar, do Santos<\/title>\n<meta name=\"robots\" content=\"index, follow, max-snippet:-1, max-image-preview:large, max-video-preview:-1\" \/>\n<link rel=\"canonical\" href=\"https:\/\/www.gaveanews.com\/index.php\/2025\/02\/03\/selecao-brasileira-a-declaracao-de-dorival-junior-direcionada-a-neymar-do-santos\/\" \/>\n<meta property=\"og:locale\" content=\"pt_BR\" \/>\n<meta property=\"og:type\" content=\"article\" \/>\n<meta property=\"og:title\" content=\"Sele\u00e7\u00e3o Brasileira: a declara\u00e7\u00e3o de Dorival J\u00fanior direcionada a Neymar, do Santos\" \/>\n<meta property=\"og:description\" content=\"O retorno de Neymar ao Santos agitou o cen\u00e1rio do futebol nacional e internacional, colocando o atacante em destaque nas \u00faltimas semanas. Ap\u00f3s mais de uma d\u00e9cada afastado, o craque voltou ao clube que o formou com um objetivo claro: reconquistar seu protagonismo e, quem sabe, uma vaga na Sele\u00e7\u00e3o Brasileira para a sua \u00faltima [&hellip;]\" \/>\n<meta property=\"og:url\" content=\"https:\/\/www.gaveanews.com\/index.php\/2025\/02\/03\/selecao-brasileira-a-declaracao-de-dorival-junior-direcionada-a-neymar-do-santos\/\" \/>\n<meta property=\"og:site_name\" content=\"G\u00e1vea News\" \/>\n<meta property=\"article:publisher\" content=\"https:\/\/facebook.com\/gaveaNews\/\" \/>\n<meta property=\"article:published_time\" content=\"2025-02-03T18:20:00+00:00\" \/>\n<meta property=\"og:image\" content=\"https:\/\/www.gaveanews.com\/wp-content\/uploads\/Dorival-Junior-comanda-o-Flamengo-no-Maracana.webp\" \/>\n\t<meta property=\"og:image:width\" content=\"799\" \/>\n\t<meta property=\"og:image:height\" content=\"532\" \/>\n\t<meta property=\"og:image:type\" content=\"image\/jpeg\" \/>\n<meta name=\"author\" content=\"Rafaela Ladeira\" \/>\n<meta name=\"twitter:card\" content=\"summary_large_image\" \/>\n<meta name=\"twitter:label1\" content=\"Escrito por\" \/>\n\t<meta name=\"twitter:data1\" content=\"Rafaela Ladeira\" \/>\n\t<meta name=\"twitter:label2\" content=\"Est. tempo de leitura\" \/>\n\t<meta name=\"twitter:data2\" content=\"4 minutos\" \/>\n<script type=\"application\/ld+json\" class=\"yoast-schema-graph\">{\"@context\":\"https:\/\/schema.org\",\"@graph\":[{\"@type\":\"NewsArticle\",\"@id\":\"https:\/\/www.gaveanews.com\/index.php\/2025\/02\/03\/selecao-brasileira-a-declaracao-de-dorival-junior-direcionada-a-neymar-do-santos\/#article\",\"isPartOf\":{\"@id\":\"https:\/\/www.gaveanews.com\/index.php\/2025\/02\/03\/selecao-brasileira-a-declaracao-de-dorival-junior-direcionada-a-neymar-do-santos\/\"},\"author\":{\"name\":\"Rafaela Ladeira\",\"@id\":\"https:\/\/www.gaveanews.com\/#\/schema\/person\/0eb3e3fe1754f0205218538adbe8f5ed\"},\"headline\":\"Sele\u00e7\u00e3o Brasileira: a declara\u00e7\u00e3o de Dorival J\u00fanior direcionada a Neymar, do Santos\",\"datePublished\":\"2025-02-03T18:20:00+00:00\",\"mainEntityOfPage\":{\"@id\":\"https:\/\/www.gaveanews.com\/index.php\/2025\/02\/03\/selecao-brasileira-a-declaracao-de-dorival-junior-direcionada-a-neymar-do-santos\/\"},\"wordCount\":530,\"commentCount\":0,\"image\":{\"@id\":\"https:\/\/www.gaveanews.com\/index.php\/2025\/02\/03\/selecao-brasileira-a-declaracao-de-dorival-junior-direcionada-a-neymar-do-santos\/#primaryimage\"},\"thumbnailUrl\":\"https:\/\/www.gaveanews.com\/wp-content\/uploads\/Dorival-Junior-comanda-o-Flamengo-no-Maracana.webp\",\"articleSection\":[\"Santos\"],\"inLanguage\":\"pt-BR\",\"potentialAction\":[{\"@type\":\"CommentAction\",\"name\":\"Comment\",\"target\":[\"https:\/\/www.gaveanews.com\/index.php\/2025\/02\/03\/selecao-brasileira-a-declaracao-de-dorival-junior-direcionada-a-neymar-do-santos\/#respond\"]}],\"copyrightYear\":\"2025\",\"copyrightHolder\":{\"@id\":\"https:\/\/www.gaveanews.com\/#organization\"}},{\"@type\":\"WebPage\",\"@id\":\"https:\/\/www.gaveanews.com\/index.php\/2025\/02\/03\/selecao-brasileira-a-declaracao-de-dorival-junior-direcionada-a-neymar-do-santos\/\",\"url\":\"https:\/\/www.gaveanews.com\/index.php\/2025\/02\/03\/selecao-brasileira-a-declaracao-de-dorival-junior-direcionada-a-neymar-do-santos\/\",\"name\":\"Sele\u00e7\u00e3o Brasileira: a declara\u00e7\u00e3o de Dorival J\u00fanior direcionada a Neymar, do Santos\",\"isPartOf\":{\"@id\":\"https:\/\/www.gaveanews.com\/#website\"},\"primaryImageOfPage\":{\"@id\":\"https:\/\/www.gaveanews.com\/index.php\/2025\/02\/03\/selecao-brasileira-a-declaracao-de-dorival-junior-direcionada-a-neymar-do-santos\/#primaryimage\"},\"image\":{\"@id\":\"https:\/\/www.gaveanews.com\/index.php\/2025\/02\/03\/selecao-brasileira-a-declaracao-de-dorival-junior-direcionada-a-neymar-do-santos\/#primaryimage\"},\"thumbnailUrl\":\"https:\/\/www.gaveanews.com\/wp-content\/uploads\/Dorival-Junior-comanda-o-Flamengo-no-Maracana.webp\",\"datePublished\":\"2025-02-03T18:20:00+00:00\",\"author\":{\"@id\":\"https:\/\/www.gaveanews.com\/#\/schema\/person\/0eb3e3fe1754f0205218538adbe8f5ed\"},\"breadcrumb\":{\"@id\":\"https:\/\/www.gaveanews.com\/index.php\/2025\/02\/03\/selecao-brasileira-a-declaracao-de-dorival-junior-direcionada-a-neymar-do-santos\/#breadcrumb\"},\"inLanguage\":\"pt-BR\",\"potentialAction\":[{\"@type\":\"ReadAction\",\"target\":[\"https:\/\/www.gaveanews.com\/index.php\/2025\/02\/03\/selecao-brasileira-a-declaracao-de-dorival-junior-direcionada-a-neymar-do-santos\/\"]}]},{\"@type\":\"ImageObject\",\"inLanguage\":\"pt-BR\",\"@id\":\"https:\/\/www.gaveanews.com\/index.php\/2025\/02\/03\/selecao-brasileira-a-declaracao-de-dorival-junior-direcionada-a-neymar-do-santos\/#primaryimage\",\"url\":\"https:\/\/www.gaveanews.com\/wp-content\/uploads\/Dorival-Junior-comanda-o-Flamengo-no-Maracana.webp\",\"contentUrl\":\"https:\/\/www.gaveanews.com\/wp-content\/uploads\/Dorival-Junior-comanda-o-Flamengo-no-Maracana.webp\",\"width\":799,\"height\":532,\"caption\":\"Dorival J\u00fanior comanda o Flamengo no Maracan\u00e3 (Foto: Paula Reis\/Flamengo)\"},{\"@type\":\"BreadcrumbList\",\"@id\":\"https:\/\/www.gaveanews.com\/index.php\/2025\/02\/03\/selecao-brasileira-a-declaracao-de-dorival-junior-direcionada-a-neymar-do-santos\/#breadcrumb\",\"itemListElement\":[{\"@type\":\"ListItem\",\"position\":1,\"name\":\"Home\",\"item\":\"https:\/\/www.gaveanews.com\/\"},{\"@type\":\"ListItem\",\"position\":2,\"name\":\"Sele\u00e7\u00e3o Brasileira: a declara\u00e7\u00e3o de Dorival J\u00fanior direcionada a Neymar, do Santos\"}]},{\"@type\":\"WebSite\",\"@id\":\"https:\/\/www.gaveanews.com\/#website\",\"url\":\"https:\/\/www.gaveanews.com\/\",\"name\":\"G\u00e1vea News\",\"description\":\"Veja todas as not\u00edcias sobre o Flamengo: Contrata\u00e7\u00f5es, categorias de base, resultados das partidas, tabela de classifica\u00e7\u00e3o, pr\u00f3ximos jogos!\",\"potentialAction\":[{\"@type\":\"SearchAction\",\"target\":{\"@type\":\"EntryPoint\",\"urlTemplate\":\"https:\/\/www.gaveanews.com\/?s={search_term_string}\"},\"query-input\":{\"@type\":\"PropertyValueSpecification\",\"valueRequired\":true,\"valueName\":\"search_term_string\"}}],\"inLanguage\":\"pt-BR\"},{\"@type\":\"Person\",\"@id\":\"https:\/\/www.gaveanews.com\/#\/schema\/person\/0eb3e3fe1754f0205218538adbe8f5ed\",\"name\":\"Rafaela Ladeira\",\"image\":{\"@type\":\"ImageObject\",\"inLanguage\":\"pt-BR\",\"@id\":\"https:\/\/www.gaveanews.com\/#\/schema\/person\/image\/\",\"url\":\"https:\/\/secure.gravatar.com\/avatar\/c31f513acffd85eacab5730cbdfdbbf59f21ba5aeada8cd890acea879fbb2455?s=96&d=mm&r=g\",\"contentUrl\":\"https:\/\/secure.gravatar.com\/avatar\/c31f513acffd85eacab5730cbdfdbbf59f21ba5aeada8cd890acea879fbb2455?s=96&d=mm&r=g\",\"caption\":\"Rafaela Ladeira\"}}]}<\/script>\n<!-- \/ Yoast SEO Premium plugin. -->","yoast_head_json":{"title":"Sele\u00e7\u00e3o Brasileira: a declara\u00e7\u00e3o de Dorival J\u00fanior direcionada a Neymar, do Santos","robots":{"index":"index","follow":"follow","max-snippet":"max-snippet:-1","max-image-preview":"max-image-preview:large","max-video-preview":"max-video-preview:-1"},"canonical":"https:\/\/www.gaveanews.com\/index.php\/2025\/02\/03\/selecao-brasileira-a-declaracao-de-dorival-junior-direcionada-a-neymar-do-santos\/","og_locale":"pt_BR","og_type":"article","og_title":"Sele\u00e7\u00e3o Brasileira: a declara\u00e7\u00e3o de Dorival J\u00fanior direcionada a Neymar, do Santos","og_description":"O retorno de Neymar ao Santos agitou o cen\u00e1rio do futebol nacional e internacional, colocando o atacante em destaque nas \u00faltimas semanas. Ap\u00f3s mais de uma d\u00e9cada afastado, o craque voltou ao clube que o formou com um objetivo claro: reconquistar seu protagonismo e, quem sabe, uma vaga na Sele\u00e7\u00e3o Brasileira para a sua \u00faltima [&hellip;]","og_url":"https:\/\/www.gaveanews.com\/index.php\/2025\/02\/03\/selecao-brasileira-a-declaracao-de-dorival-junior-direcionada-a-neymar-do-santos\/","og_site_name":"G\u00e1vea News","article_publisher":"https:\/\/facebook.com\/gaveaNews\/","article_published_time":"2025-02-03T18:20:00+00:00","og_image":[{"width":799,"height":532,"url":"https:\/\/www.gaveanews.com\/wp-content\/uploads\/Dorival-Junior-comanda-o-Flamengo-no-Maracana.webp","type":"image\/jpeg"}],"author":"Rafaela Ladeira","twitter_card":"summary_large_image","twitter_misc":{"Escrito por":"Rafaela Ladeira","Est. tempo de leitura":"4 minutos"},"schema":{"@context":"https:\/\/schema.org","@graph":[{"@type":"NewsArticle","@id":"https:\/\/www.gaveanews.com\/index.php\/2025\/02\/03\/selecao-brasileira-a-declaracao-de-dorival-junior-direcionada-a-neymar-do-santos\/#article","isPartOf":{"@id":"https:\/\/www.gaveanews.com\/index.php\/2025\/02\/03\/selecao-brasileira-a-declaracao-de-dorival-junior-direcionada-a-neymar-do-santos\/"},"author":{"name":"Rafaela Ladeira","@id":"https:\/\/www.gaveanews.com\/#\/schema\/person\/0eb3e3fe1754f0205218538adbe8f5ed"},"headline":"Sele\u00e7\u00e3o Brasileira: a declara\u00e7\u00e3o de Dorival J\u00fanior direcionada a Neymar, do Santos","datePublished":"2025-02-03T18:20:00+00:00","mainEntityOfPage":{"@id":"https:\/\/www.gaveanews.com\/index.php\/2025\/02\/03\/selecao-brasileira-a-declaracao-de-dorival-junior-direcionada-a-neymar-do-santos\/"},"wordCount":530,"commentCount":0,"image":{"@id":"https:\/\/www.gaveanews.com\/index.php\/2025\/02\/03\/selecao-brasileira-a-declaracao-de-dorival-junior-direcionada-a-neymar-do-santos\/#primaryimage"},"thumbnailUrl":"https:\/\/www.gaveanews.com\/wp-content\/uploads\/Dorival-Junior-comanda-o-Flamengo-no-Maracana.webp","articleSection":["Santos"],"inLanguage":"pt-BR","potentialAction":[{"@type":"CommentAction","name":"Comment","target":["https:\/\/www.gaveanews.com\/index.php\/2025\/02\/03\/selecao-brasileira-a-declaracao-de-dorival-junior-direcionada-a-neymar-do-santos\/#respond"]}],"copyrightYear":"2025","copyrightHolder":{"@id":"https:\/\/www.gaveanews.com\/#organization"}},{"@type":"WebPage","@id":"https:\/\/www.gaveanews.com\/index.php\/2025\/02\/03\/selecao-brasileira-a-declaracao-de-dorival-junior-direcionada-a-neymar-do-santos\/","url":"https:\/\/www.gaveanews.com\/index.php\/2025\/02\/03\/selecao-brasileira-a-declaracao-de-dorival-junior-direcionada-a-neymar-do-santos\/","name":"Sele\u00e7\u00e3o Brasileira: a declara\u00e7\u00e3o de Dorival J\u00fanior direcionada a Neymar, do Santos","isPartOf":{"@id":"https:\/\/www.gaveanews.com\/#website"},"primaryImageOfPage":{"@id":"https:\/\/www.gaveanews.com\/index.php\/2025\/02\/03\/selecao-brasileira-a-declaracao-de-dorival-junior-direcionada-a-neymar-do-santos\/#primaryimage"},"image":{"@id":"https:\/\/www.gaveanews.com\/index.php\/2025\/02\/03\/selecao-brasileira-a-declaracao-de-dorival-junior-direcionada-a-neymar-do-santos\/#primaryimage"},"thumbnailUrl":"https:\/\/www.gaveanews.com\/wp-content\/uploads\/Dorival-Junior-comanda-o-Flamengo-no-Maracana.webp","datePublished":"2025-02-03T18:20:00+00:00","author":{"@id":"https:\/\/www.gaveanews.com\/#\/schema\/person\/0eb3e3fe1754f0205218538adbe8f5ed"},"breadcrumb":{"@id":"https:\/\/www.gaveanews.com\/index.php\/2025\/02\/03\/selecao-brasileira-a-declaracao-de-dorival-junior-direcionada-a-neymar-do-santos\/#breadcrumb"},"inLanguage":"pt-BR","potentialAction":[{"@type":"ReadAction","target":["https:\/\/www.gaveanews.com\/index.php\/2025\/02\/03\/selecao-brasileira-a-declaracao-de-dorival-junior-direcionada-a-neymar-do-santos\/"]}]},{"@type":"ImageObject","inLanguage":"pt-BR","@id":"https:\/\/www.gaveanews.com\/index.php\/2025\/02\/03\/selecao-brasileira-a-declaracao-de-dorival-junior-direcionada-a-neymar-do-santos\/#primaryimage","url":"https:\/\/www.gaveanews.com\/wp-content\/uploads\/Dorival-Junior-comanda-o-Flamengo-no-Maracana.webp","contentUrl":"https:\/\/www.gaveanews.com\/wp-content\/uploads\/Dorival-Junior-comanda-o-Flamengo-no-Maracana.webp","width":799,"height":532,"caption":"Dorival J\u00fanior comanda o Flamengo no Maracan\u00e3 (Foto: Paula Reis\/Flamengo)"},{"@type":"BreadcrumbList","@id":"https:\/\/www.gaveanews.com\/index.php\/2025\/02\/03\/selecao-brasileira-a-declaracao-de-dorival-junior-direcionada-a-neymar-do-santos\/#breadcrumb","itemListElement":[{"@type":"ListItem","position":1,"name":"Home","item":"https:\/\/www.gaveanews.com\/"},{"@type":"ListItem","position":2,"name":"Sele\u00e7\u00e3o Brasileira: a declara\u00e7\u00e3o de Dorival J\u00fanior direcionada a Neymar, do Santos"}]},{"@type":"WebSite","@id":"https:\/\/www.gaveanews.com\/#website","url":"https:\/\/www.gaveanews.com\/","name":"G\u00e1vea News","description":"Veja todas as not\u00edcias sobre o Flamengo: Contrata\u00e7\u00f5es, categorias de base, resultados das partidas, tabela de classifica\u00e7\u00e3o, pr\u00f3ximos jogos!","potentialAction":[{"@type":"SearchAction","target":{"@type":"EntryPoint","urlTemplate":"https:\/\/www.gaveanews.com\/?s={search_term_string}"},"query-input":{"@type":"PropertyValueSpecification","valueRequired":true,"valueName":"search_term_string"}}],"inLanguage":"pt-BR"},{"@type":"Person","@id":"https:\/\/www.gaveanews.com\/#\/schema\/person\/0eb3e3fe1754f0205218538adbe8f5ed","name":"Rafaela Ladeira","image":{"@type":"ImageObject","inLanguage":"pt-BR","@id":"https:\/\/www.gaveanews.com\/#\/schema\/person\/image\/","url":"https:\/\/secure.gravatar.com\/avatar\/c31f513acffd85eacab5730cbdfdbbf59f21ba5aeada8cd890acea879fbb2455?s=96&d=mm&r=g","contentUrl":"https:\/\/secure.gravatar.com\/avatar\/c31f513acffd85eacab5730cbdfdbbf59f21ba5aeada8cd890acea879fbb2455?s=96&d=mm&r=g","caption":"Rafaela Ladeira"}}]}},"_links":{"self":[{"href":"https:\/\/www.gaveanews.com\/index.php\/wp-json\/wp\/v2\/posts\/222358","targetHints":{"allow":["GET"]}}],"collection":[{"href":"https:\/\/www.gaveanews.com\/index.php\/wp-json\/wp\/v2\/posts"}],"about":[{"href":"https:\/\/www.gaveanews.com\/index.php\/wp-json\/wp\/v2\/types\/post"}],"author":[{"embeddable":true,"href":"https:\/\/www.gaveanews.com\/index.php\/wp-json\/wp\/v2\/users\/25"}],"replies":[{"embeddable":true,"href":"https:\/\/www.gaveanews.com\/index.php\/wp-json\/wp\/v2\/comments?post=222358"}],"version-history":[{"count":1,"href":"https:\/\/www.gaveanews.com\/index.php\/wp-json\/wp\/v2\/posts\/222358\/revisions"}],"predecessor-version":[{"id":222359,"href":"https:\/\/www.gaveanews.com\/index.php\/wp-json\/wp\/v2\/posts\/222358\/revisions\/222359"}],"wp:featuredmedia":[{"embeddable":true,"href":"https:\/\/www.gaveanews.com\/index.php\/wp-json\/wp\/v2\/media\/84790"}],"wp:attachment":[{"href":"https:\/\/www.gaveanews.com\/index.php\/wp-json\/wp\/v2\/media?parent=222358"}],"wp:term":[{"taxonomy":"category","embeddable":true,"href":"https:\/\/www.gaveanews.com\/index.php\/wp-json\/wp\/v2\/categories?post=222358"},{"taxonomy":"post_tag","embeddable":true,"href":"https:\/\/www.gaveanews.com\/index.php\/wp-json\/wp\/v2\/tags?post=222358"}],"curies":[{"name":"wp","href":"https:\/\/api.w.org\/{rel}","templated":true}]}}