{"id":22237,"date":"2019-06-27T00:51:21","date_gmt":"2019-06-27T03:51:21","guid":{"rendered":"https:\/\/www.gaveanews.com\/?p=22237"},"modified":"2019-06-27T01:52:46","modified_gmt":"2019-06-27T04:52:46","slug":"apos-declaracao-polemica-sobre-equipe-fracassada-ex-atacante-do-flamengo-pede-desculpas-a-torcida-flamenguista","status":"publish","type":"post","link":"https:\/\/www.gaveanews.com\/index.php\/2019\/06\/27\/apos-declaracao-polemica-sobre-equipe-fracassada-ex-atacante-do-flamengo-pede-desculpas-a-torcida-flamenguista\/","title":{"rendered":"Ap\u00f3s declara\u00e7\u00e3o pol\u00eamica sobre &#8220;equipe fracassada&#8221;, ex-atacante do Flamengo pede desculpas a torcida flamenguista"},"content":{"rendered":"\n<p>Em fevereiro de 2013, Marcelo Moreno estava de sa\u00edda do Gr\u00eamio quando seu pai criou uma pol\u00eamica com o Palmeiras e Flamengo. Na \u00e9poca, o pai do jogador, Mauro Martins, criticou a qualidade dos times chamando de equipes fracassadas.<\/p>\n\n\n\n<p>\u201cEle tem de jogar numa equipe maior que o Gr\u00eamio, n\u00e3o menor. Fui jogador de futebol por 16 anos, e meu filho tem de subir na carreira. O Flamengo estava louco atr\u00e1s dele, e agora est\u00e1 o Palmeiras. Tudo equipe fracassada\u201d, afirmou \u00e0 R\u00e1dio Bradesco Esportes. <\/p>\n\n\n\n<p>Mais de seis anos ap\u00f3s o ocorrido, Marcelo Moreno foi questionado sobre o assunto em entrevista ao Bol\u00edvia Talk Show, do canal Desimpedidos, do YouTube, onde ele esclareceu o fato e pediu desculpas para as duas torcidas.<\/p>\n\n\n\n<p>\u201cMeu pai estava muito chateado com aquele momento que eu passava no Gr\u00eamio. Estavam querendo fazer uma troca entre 5 jogadores do Gr\u00eamio pelo Barcos (do Palmeiras), e eu era um dos 5, em um pacote, e meu pai n\u00e3o gostou. Ele ficou nervoso, estava com a cabe\u00e7a em outro lugar e exagerou. Ele me falou depois \u00b4meu filho, me perdoe, que isso vai te prejudicar bastante\u00b4. E me prejudicou. Eu j\u00e1 tive sondagens desses dois times para poder voltar e isso pesou para as torcidas levarem para o cora\u00e7\u00e3o uma coisa que foi ruim por conta do pai. Ele em momento nenhum quis mais falar com a imprensa. Foi uma coisa dele querendo defender o filho. Mas ele acabou falando coisas que n\u00e3o deveria ter falado e pe\u00e7o desculpas aos torcedores que se ofenderam\u201d, afirmou o atacante.<\/p>\n\n\n\n\n\n<p>Retirado de: Torcedores<\/p>\n","protected":false},"excerpt":{"rendered":"<p>Em fevereiro de 2013, Marcelo Moreno estava de sa\u00edda do Gr\u00eamio quando seu pai criou uma pol\u00eamica com o Palmeiras e Flamengo. Na \u00e9poca, o pai do jogador, Mauro Martins, criticou a qualidade dos times chamando de equipes fracassadas. \u201cEle tem de jogar numa equipe maior que o Gr\u00eamio, n\u00e3o menor. Fui jogador de futebol [&hellip;]<\/p>\n","protected":false},"author":1,"featured_media":21716,"comment_status":"open","ping_status":"open","sticky":false,"template":"","format":"standard","meta":{"footnotes":""},"categories":[47],"tags":[],"class_list":["post-22237","post","type-post","status-publish","format-standard","has-post-thumbnail","hentry","category-destaques"],"yoast_head":"<!-- This site is optimized with the Yoast SEO Premium plugin v24.2 (Yoast SEO v26.9) - https:\/\/yoast.com\/product\/yoast-seo-premium-wordpress\/ -->\n<title>Ap\u00f3s declara\u00e7\u00e3o pol\u00eamica sobre &quot;equipe fracassada&quot;, ex-atacante do Flamengo pede desculpas a torcida flamenguista<\/title>\n<meta name=\"robots\" content=\"index, follow, max-snippet:-1, max-image-preview:large, max-video-preview:-1\" \/>\n<link rel=\"canonical\" href=\"https:\/\/www.gaveanews.com\/index.php\/2019\/06\/27\/apos-declaracao-polemica-sobre-equipe-fracassada-ex-atacante-do-flamengo-pede-desculpas-a-torcida-flamenguista\/\" \/>\n<meta property=\"og:locale\" content=\"pt_BR\" \/>\n<meta property=\"og:type\" content=\"article\" \/>\n<meta property=\"og:title\" content=\"Ap\u00f3s declara\u00e7\u00e3o pol\u00eamica sobre &quot;equipe fracassada&quot;, ex-atacante do Flamengo pede desculpas a torcida flamenguista\" \/>\n<meta property=\"og:description\" content=\"Em fevereiro de 2013, Marcelo Moreno estava de sa\u00edda do Gr\u00eamio quando seu pai criou uma pol\u00eamica com o Palmeiras e Flamengo. Na \u00e9poca, o pai do jogador, Mauro Martins, criticou a qualidade dos times chamando de equipes fracassadas. \u201cEle tem de jogar numa equipe maior que o Gr\u00eamio, n\u00e3o menor. Fui jogador de futebol [&hellip;]\" \/>\n<meta property=\"og:url\" content=\"https:\/\/www.gaveanews.com\/index.php\/2019\/06\/27\/apos-declaracao-polemica-sobre-equipe-fracassada-ex-atacante-do-flamengo-pede-desculpas-a-torcida-flamenguista\/\" \/>\n<meta property=\"og:site_name\" content=\"G\u00e1vea News\" \/>\n<meta property=\"article:publisher\" content=\"https:\/\/facebook.com\/gaveaNews\/\" \/>\n<meta property=\"article:published_time\" content=\"2019-06-27T03:51:21+00:00\" \/>\n<meta property=\"article:modified_time\" content=\"2019-06-27T04:52:46+00:00\" \/>\n<meta property=\"og:image\" content=\"https:\/\/www.gaveanews.com\/wp-content\/uploads\/2019\/06\/Marcelo-Moreno-durante-treinamento-do-Flamengo.webp\" \/>\n\t<meta property=\"og:image:width\" content=\"620\" \/>\n\t<meta property=\"og:image:height\" content=\"390\" \/>\n\t<meta property=\"og:image:type\" content=\"image\/jpeg\" \/>\n<meta name=\"author\" content=\"Equipe G\u00e1vea News\" \/>\n<meta name=\"twitter:card\" content=\"summary_large_image\" \/>\n<meta name=\"twitter:label1\" content=\"Escrito por\" \/>\n\t<meta name=\"twitter:data1\" content=\"Equipe G\u00e1vea News\" \/>\n\t<meta name=\"twitter:label2\" content=\"Est. tempo de leitura\" \/>\n\t<meta name=\"twitter:data2\" content=\"1 minuto\" \/>\n<script type=\"application\/ld+json\" class=\"yoast-schema-graph\">{\"@context\":\"https:\/\/schema.org\",\"@graph\":[{\"@type\":\"NewsArticle\",\"@id\":\"https:\/\/www.gaveanews.com\/index.php\/2019\/06\/27\/apos-declaracao-polemica-sobre-equipe-fracassada-ex-atacante-do-flamengo-pede-desculpas-a-torcida-flamenguista\/#article\",\"isPartOf\":{\"@id\":\"https:\/\/www.gaveanews.com\/index.php\/2019\/06\/27\/apos-declaracao-polemica-sobre-equipe-fracassada-ex-atacante-do-flamengo-pede-desculpas-a-torcida-flamenguista\/\"},\"author\":{\"name\":\"Equipe G\u00e1vea News\",\"@id\":\"https:\/\/www.gaveanews.com\/#\/schema\/person\/2ec14f73fb96be2caf28f91afb14749d\"},\"headline\":\"Ap\u00f3s declara\u00e7\u00e3o pol\u00eamica sobre &#8220;equipe fracassada&#8221;, ex-atacante do Flamengo pede desculpas a torcida flamenguista\",\"datePublished\":\"2019-06-27T03:51:21+00:00\",\"dateModified\":\"2019-06-27T04:52:46+00:00\",\"mainEntityOfPage\":{\"@id\":\"https:\/\/www.gaveanews.com\/index.php\/2019\/06\/27\/apos-declaracao-polemica-sobre-equipe-fracassada-ex-atacante-do-flamengo-pede-desculpas-a-torcida-flamenguista\/\"},\"wordCount\":291,\"commentCount\":0,\"image\":{\"@id\":\"https:\/\/www.gaveanews.com\/index.php\/2019\/06\/27\/apos-declaracao-polemica-sobre-equipe-fracassada-ex-atacante-do-flamengo-pede-desculpas-a-torcida-flamenguista\/#primaryimage\"},\"thumbnailUrl\":\"https:\/\/www.gaveanews.com\/wp-content\/uploads\/2019\/06\/Marcelo-Moreno-durante-treinamento-do-Flamengo.webp\",\"articleSection\":[\"Destaques\"],\"inLanguage\":\"pt-BR\",\"potentialAction\":[{\"@type\":\"CommentAction\",\"name\":\"Comment\",\"target\":[\"https:\/\/www.gaveanews.com\/index.php\/2019\/06\/27\/apos-declaracao-polemica-sobre-equipe-fracassada-ex-atacante-do-flamengo-pede-desculpas-a-torcida-flamenguista\/#respond\"]}],\"copyrightYear\":\"2019\",\"copyrightHolder\":{\"@id\":\"https:\/\/www.gaveanews.com\/#organization\"}},{\"@type\":\"WebPage\",\"@id\":\"https:\/\/www.gaveanews.com\/index.php\/2019\/06\/27\/apos-declaracao-polemica-sobre-equipe-fracassada-ex-atacante-do-flamengo-pede-desculpas-a-torcida-flamenguista\/\",\"url\":\"https:\/\/www.gaveanews.com\/index.php\/2019\/06\/27\/apos-declaracao-polemica-sobre-equipe-fracassada-ex-atacante-do-flamengo-pede-desculpas-a-torcida-flamenguista\/\",\"name\":\"Ap\u00f3s declara\u00e7\u00e3o pol\u00eamica sobre \\\"equipe fracassada\\\", ex-atacante do Flamengo pede desculpas a torcida flamenguista\",\"isPartOf\":{\"@id\":\"https:\/\/www.gaveanews.com\/#website\"},\"primaryImageOfPage\":{\"@id\":\"https:\/\/www.gaveanews.com\/index.php\/2019\/06\/27\/apos-declaracao-polemica-sobre-equipe-fracassada-ex-atacante-do-flamengo-pede-desculpas-a-torcida-flamenguista\/#primaryimage\"},\"image\":{\"@id\":\"https:\/\/www.gaveanews.com\/index.php\/2019\/06\/27\/apos-declaracao-polemica-sobre-equipe-fracassada-ex-atacante-do-flamengo-pede-desculpas-a-torcida-flamenguista\/#primaryimage\"},\"thumbnailUrl\":\"https:\/\/www.gaveanews.com\/wp-content\/uploads\/2019\/06\/Marcelo-Moreno-durante-treinamento-do-Flamengo.webp\",\"datePublished\":\"2019-06-27T03:51:21+00:00\",\"dateModified\":\"2019-06-27T04:52:46+00:00\",\"author\":{\"@id\":\"https:\/\/www.gaveanews.com\/#\/schema\/person\/2ec14f73fb96be2caf28f91afb14749d\"},\"breadcrumb\":{\"@id\":\"https:\/\/www.gaveanews.com\/index.php\/2019\/06\/27\/apos-declaracao-polemica-sobre-equipe-fracassada-ex-atacante-do-flamengo-pede-desculpas-a-torcida-flamenguista\/#breadcrumb\"},\"inLanguage\":\"pt-BR\",\"potentialAction\":[{\"@type\":\"ReadAction\",\"target\":[\"https:\/\/www.gaveanews.com\/index.php\/2019\/06\/27\/apos-declaracao-polemica-sobre-equipe-fracassada-ex-atacante-do-flamengo-pede-desculpas-a-torcida-flamenguista\/\"]}]},{\"@type\":\"ImageObject\",\"inLanguage\":\"pt-BR\",\"@id\":\"https:\/\/www.gaveanews.com\/index.php\/2019\/06\/27\/apos-declaracao-polemica-sobre-equipe-fracassada-ex-atacante-do-flamengo-pede-desculpas-a-torcida-flamenguista\/#primaryimage\",\"url\":\"https:\/\/www.gaveanews.com\/wp-content\/uploads\/2019\/06\/Marcelo-Moreno-durante-treinamento-do-Flamengo.webp\",\"contentUrl\":\"https:\/\/www.gaveanews.com\/wp-content\/uploads\/2019\/06\/Marcelo-Moreno-durante-treinamento-do-Flamengo.webp\",\"width\":620,\"height\":390,\"caption\":\"Marcelo Moreno durante treinamento do Flamengo (Foto: Marcelo Theobald\/Ag\u00eancia O Globo)\"},{\"@type\":\"BreadcrumbList\",\"@id\":\"https:\/\/www.gaveanews.com\/index.php\/2019\/06\/27\/apos-declaracao-polemica-sobre-equipe-fracassada-ex-atacante-do-flamengo-pede-desculpas-a-torcida-flamenguista\/#breadcrumb\",\"itemListElement\":[{\"@type\":\"ListItem\",\"position\":1,\"name\":\"Home\",\"item\":\"https:\/\/www.gaveanews.com\/\"},{\"@type\":\"ListItem\",\"position\":2,\"name\":\"Ap\u00f3s declara\u00e7\u00e3o pol\u00eamica sobre &#8220;equipe fracassada&#8221;, ex-atacante do Flamengo pede desculpas a torcida flamenguista\"}]},{\"@type\":\"WebSite\",\"@id\":\"https:\/\/www.gaveanews.com\/#website\",\"url\":\"https:\/\/www.gaveanews.com\/\",\"name\":\"G\u00e1vea News\",\"description\":\"Veja todas as not\u00edcias sobre o Flamengo: Contrata\u00e7\u00f5es, categorias de base, resultados das partidas, tabela de classifica\u00e7\u00e3o, pr\u00f3ximos jogos!\",\"potentialAction\":[{\"@type\":\"SearchAction\",\"target\":{\"@type\":\"EntryPoint\",\"urlTemplate\":\"https:\/\/www.gaveanews.com\/?s={search_term_string}\"},\"query-input\":{\"@type\":\"PropertyValueSpecification\",\"valueRequired\":true,\"valueName\":\"search_term_string\"}}],\"inLanguage\":\"pt-BR\"},{\"@type\":\"Person\",\"@id\":\"https:\/\/www.gaveanews.com\/#\/schema\/person\/2ec14f73fb96be2caf28f91afb14749d\",\"name\":\"Equipe G\u00e1vea News\",\"image\":{\"@type\":\"ImageObject\",\"inLanguage\":\"pt-BR\",\"@id\":\"https:\/\/www.gaveanews.com\/#\/schema\/person\/image\/\",\"url\":\"https:\/\/secure.gravatar.com\/avatar\/1e1956f1facbffd3f8fa53a326721950116b3b9dc9bd44939c01180fd4a745a9?s=96&d=mm&r=g\",\"contentUrl\":\"https:\/\/secure.gravatar.com\/avatar\/1e1956f1facbffd3f8fa53a326721950116b3b9dc9bd44939c01180fd4a745a9?s=96&d=mm&r=g\",\"caption\":\"Equipe G\u00e1vea News\"}}]}<\/script>\n<!-- \/ Yoast SEO Premium plugin. -->","yoast_head_json":{"title":"Ap\u00f3s declara\u00e7\u00e3o pol\u00eamica sobre \"equipe fracassada\", ex-atacante do Flamengo pede desculpas a torcida flamenguista","robots":{"index":"index","follow":"follow","max-snippet":"max-snippet:-1","max-image-preview":"max-image-preview:large","max-video-preview":"max-video-preview:-1"},"canonical":"https:\/\/www.gaveanews.com\/index.php\/2019\/06\/27\/apos-declaracao-polemica-sobre-equipe-fracassada-ex-atacante-do-flamengo-pede-desculpas-a-torcida-flamenguista\/","og_locale":"pt_BR","og_type":"article","og_title":"Ap\u00f3s declara\u00e7\u00e3o pol\u00eamica sobre \"equipe fracassada\", ex-atacante do Flamengo pede desculpas a torcida flamenguista","og_description":"Em fevereiro de 2013, Marcelo Moreno estava de sa\u00edda do Gr\u00eamio quando seu pai criou uma pol\u00eamica com o Palmeiras e Flamengo. Na \u00e9poca, o pai do jogador, Mauro Martins, criticou a qualidade dos times chamando de equipes fracassadas. \u201cEle tem de jogar numa equipe maior que o Gr\u00eamio, n\u00e3o menor. Fui jogador de futebol [&hellip;]","og_url":"https:\/\/www.gaveanews.com\/index.php\/2019\/06\/27\/apos-declaracao-polemica-sobre-equipe-fracassada-ex-atacante-do-flamengo-pede-desculpas-a-torcida-flamenguista\/","og_site_name":"G\u00e1vea News","article_publisher":"https:\/\/facebook.com\/gaveaNews\/","article_published_time":"2019-06-27T03:51:21+00:00","article_modified_time":"2019-06-27T04:52:46+00:00","og_image":[{"width":620,"height":390,"url":"https:\/\/www.gaveanews.com\/wp-content\/uploads\/2019\/06\/Marcelo-Moreno-durante-treinamento-do-Flamengo.webp","type":"image\/jpeg"}],"author":"Equipe G\u00e1vea News","twitter_card":"summary_large_image","twitter_misc":{"Escrito por":"Equipe G\u00e1vea News","Est. tempo de leitura":"1 minuto"},"schema":{"@context":"https:\/\/schema.org","@graph":[{"@type":"NewsArticle","@id":"https:\/\/www.gaveanews.com\/index.php\/2019\/06\/27\/apos-declaracao-polemica-sobre-equipe-fracassada-ex-atacante-do-flamengo-pede-desculpas-a-torcida-flamenguista\/#article","isPartOf":{"@id":"https:\/\/www.gaveanews.com\/index.php\/2019\/06\/27\/apos-declaracao-polemica-sobre-equipe-fracassada-ex-atacante-do-flamengo-pede-desculpas-a-torcida-flamenguista\/"},"author":{"name":"Equipe G\u00e1vea News","@id":"https:\/\/www.gaveanews.com\/#\/schema\/person\/2ec14f73fb96be2caf28f91afb14749d"},"headline":"Ap\u00f3s declara\u00e7\u00e3o pol\u00eamica sobre &#8220;equipe fracassada&#8221;, ex-atacante do Flamengo pede desculpas a torcida flamenguista","datePublished":"2019-06-27T03:51:21+00:00","dateModified":"2019-06-27T04:52:46+00:00","mainEntityOfPage":{"@id":"https:\/\/www.gaveanews.com\/index.php\/2019\/06\/27\/apos-declaracao-polemica-sobre-equipe-fracassada-ex-atacante-do-flamengo-pede-desculpas-a-torcida-flamenguista\/"},"wordCount":291,"commentCount":0,"image":{"@id":"https:\/\/www.gaveanews.com\/index.php\/2019\/06\/27\/apos-declaracao-polemica-sobre-equipe-fracassada-ex-atacante-do-flamengo-pede-desculpas-a-torcida-flamenguista\/#primaryimage"},"thumbnailUrl":"https:\/\/www.gaveanews.com\/wp-content\/uploads\/2019\/06\/Marcelo-Moreno-durante-treinamento-do-Flamengo.webp","articleSection":["Destaques"],"inLanguage":"pt-BR","potentialAction":[{"@type":"CommentAction","name":"Comment","target":["https:\/\/www.gaveanews.com\/index.php\/2019\/06\/27\/apos-declaracao-polemica-sobre-equipe-fracassada-ex-atacante-do-flamengo-pede-desculpas-a-torcida-flamenguista\/#respond"]}],"copyrightYear":"2019","copyrightHolder":{"@id":"https:\/\/www.gaveanews.com\/#organization"}},{"@type":"WebPage","@id":"https:\/\/www.gaveanews.com\/index.php\/2019\/06\/27\/apos-declaracao-polemica-sobre-equipe-fracassada-ex-atacante-do-flamengo-pede-desculpas-a-torcida-flamenguista\/","url":"https:\/\/www.gaveanews.com\/index.php\/2019\/06\/27\/apos-declaracao-polemica-sobre-equipe-fracassada-ex-atacante-do-flamengo-pede-desculpas-a-torcida-flamenguista\/","name":"Ap\u00f3s declara\u00e7\u00e3o pol\u00eamica sobre \"equipe fracassada\", ex-atacante do Flamengo pede desculpas a torcida flamenguista","isPartOf":{"@id":"https:\/\/www.gaveanews.com\/#website"},"primaryImageOfPage":{"@id":"https:\/\/www.gaveanews.com\/index.php\/2019\/06\/27\/apos-declaracao-polemica-sobre-equipe-fracassada-ex-atacante-do-flamengo-pede-desculpas-a-torcida-flamenguista\/#primaryimage"},"image":{"@id":"https:\/\/www.gaveanews.com\/index.php\/2019\/06\/27\/apos-declaracao-polemica-sobre-equipe-fracassada-ex-atacante-do-flamengo-pede-desculpas-a-torcida-flamenguista\/#primaryimage"},"thumbnailUrl":"https:\/\/www.gaveanews.com\/wp-content\/uploads\/2019\/06\/Marcelo-Moreno-durante-treinamento-do-Flamengo.webp","datePublished":"2019-06-27T03:51:21+00:00","dateModified":"2019-06-27T04:52:46+00:00","author":{"@id":"https:\/\/www.gaveanews.com\/#\/schema\/person\/2ec14f73fb96be2caf28f91afb14749d"},"breadcrumb":{"@id":"https:\/\/www.gaveanews.com\/index.php\/2019\/06\/27\/apos-declaracao-polemica-sobre-equipe-fracassada-ex-atacante-do-flamengo-pede-desculpas-a-torcida-flamenguista\/#breadcrumb"},"inLanguage":"pt-BR","potentialAction":[{"@type":"ReadAction","target":["https:\/\/www.gaveanews.com\/index.php\/2019\/06\/27\/apos-declaracao-polemica-sobre-equipe-fracassada-ex-atacante-do-flamengo-pede-desculpas-a-torcida-flamenguista\/"]}]},{"@type":"ImageObject","inLanguage":"pt-BR","@id":"https:\/\/www.gaveanews.com\/index.php\/2019\/06\/27\/apos-declaracao-polemica-sobre-equipe-fracassada-ex-atacante-do-flamengo-pede-desculpas-a-torcida-flamenguista\/#primaryimage","url":"https:\/\/www.gaveanews.com\/wp-content\/uploads\/2019\/06\/Marcelo-Moreno-durante-treinamento-do-Flamengo.webp","contentUrl":"https:\/\/www.gaveanews.com\/wp-content\/uploads\/2019\/06\/Marcelo-Moreno-durante-treinamento-do-Flamengo.webp","width":620,"height":390,"caption":"Marcelo Moreno durante treinamento do Flamengo (Foto: Marcelo Theobald\/Ag\u00eancia O Globo)"},{"@type":"BreadcrumbList","@id":"https:\/\/www.gaveanews.com\/index.php\/2019\/06\/27\/apos-declaracao-polemica-sobre-equipe-fracassada-ex-atacante-do-flamengo-pede-desculpas-a-torcida-flamenguista\/#breadcrumb","itemListElement":[{"@type":"ListItem","position":1,"name":"Home","item":"https:\/\/www.gaveanews.com\/"},{"@type":"ListItem","position":2,"name":"Ap\u00f3s declara\u00e7\u00e3o pol\u00eamica sobre &#8220;equipe fracassada&#8221;, ex-atacante do Flamengo pede desculpas a torcida flamenguista"}]},{"@type":"WebSite","@id":"https:\/\/www.gaveanews.com\/#website","url":"https:\/\/www.gaveanews.com\/","name":"G\u00e1vea News","description":"Veja todas as not\u00edcias sobre o Flamengo: Contrata\u00e7\u00f5es, categorias de base, resultados das partidas, tabela de classifica\u00e7\u00e3o, pr\u00f3ximos jogos!","potentialAction":[{"@type":"SearchAction","target":{"@type":"EntryPoint","urlTemplate":"https:\/\/www.gaveanews.com\/?s={search_term_string}"},"query-input":{"@type":"PropertyValueSpecification","valueRequired":true,"valueName":"search_term_string"}}],"inLanguage":"pt-BR"},{"@type":"Person","@id":"https:\/\/www.gaveanews.com\/#\/schema\/person\/2ec14f73fb96be2caf28f91afb14749d","name":"Equipe G\u00e1vea News","image":{"@type":"ImageObject","inLanguage":"pt-BR","@id":"https:\/\/www.gaveanews.com\/#\/schema\/person\/image\/","url":"https:\/\/secure.gravatar.com\/avatar\/1e1956f1facbffd3f8fa53a326721950116b3b9dc9bd44939c01180fd4a745a9?s=96&d=mm&r=g","contentUrl":"https:\/\/secure.gravatar.com\/avatar\/1e1956f1facbffd3f8fa53a326721950116b3b9dc9bd44939c01180fd4a745a9?s=96&d=mm&r=g","caption":"Equipe G\u00e1vea News"}}]}},"_links":{"self":[{"href":"https:\/\/www.gaveanews.com\/index.php\/wp-json\/wp\/v2\/posts\/22237","targetHints":{"allow":["GET"]}}],"collection":[{"href":"https:\/\/www.gaveanews.com\/index.php\/wp-json\/wp\/v2\/posts"}],"about":[{"href":"https:\/\/www.gaveanews.com\/index.php\/wp-json\/wp\/v2\/types\/post"}],"author":[{"embeddable":true,"href":"https:\/\/www.gaveanews.com\/index.php\/wp-json\/wp\/v2\/users\/1"}],"replies":[{"embeddable":true,"href":"https:\/\/www.gaveanews.com\/index.php\/wp-json\/wp\/v2\/comments?post=22237"}],"version-history":[{"count":0,"href":"https:\/\/www.gaveanews.com\/index.php\/wp-json\/wp\/v2\/posts\/22237\/revisions"}],"wp:featuredmedia":[{"embeddable":true,"href":"https:\/\/www.gaveanews.com\/index.php\/wp-json\/wp\/v2\/media\/21716"}],"wp:attachment":[{"href":"https:\/\/www.gaveanews.com\/index.php\/wp-json\/wp\/v2\/media?parent=22237"}],"wp:term":[{"taxonomy":"category","embeddable":true,"href":"https:\/\/www.gaveanews.com\/index.php\/wp-json\/wp\/v2\/categories?post=22237"},{"taxonomy":"post_tag","embeddable":true,"href":"https:\/\/www.gaveanews.com\/index.php\/wp-json\/wp\/v2\/tags?post=22237"}],"curies":[{"name":"wp","href":"https:\/\/api.w.org\/{rel}","templated":true}]}}